{"id":204337,"date":"2023-03-28T08:12:00","date_gmt":"2023-03-28T08:12:00","guid":{"rendered":"https:\/\/www.webdo.tn\/fr\/blog\/la-compagnie-petroliere-omv-veut-developper-sa-presence-en-tunisie\/204337\/"},"modified":"2025-05-20T22:44:37","modified_gmt":"2025-05-20T22:44:37","slug":"la-compagnie-petroliere-omv-veut-developper-sa-presence-en-tunisie","status":"publish","type":"post","link":"https:\/\/www.webdo.tn\/fr\/actualite\/national\/la-compagnie-petroliere-omv-veut-developper-sa-presence-en-tunisie\/204337\/","title":{"rendered":"La compagnie p\u00e9troli\u00e8re OMV veut d\u00e9velopper sa pr\u00e9sence en Tunisie"},"content":{"rendered":"<p>La cheffe du gouvernement Nejla Bouden Romdhane a re\u00e7u lundi la vice- pr\u00e9sidente de la compagnie p\u00e9troli\u00e8re autrichienne \u00a0\u00bb OMV \u00a0\u00bb Maria Mittermair et ce en pr\u00e9sence du ministre de l&rsquo;industrie et des \u00e9nergies et de l&rsquo;ambassadrice autrichienne \u00e0 Tunis Ulla Krauss-Nussbaumer.<\/p>\n<p>Lors de cet entretien, la cheffe du gouvernement a mis l&rsquo;accent sur l&rsquo;importance des projets dans le domaine de l&rsquo;\u00e9nergie et leur r\u00f4le dans le d\u00e9veloppement de l&rsquo;\u00e9conomie nationale.<\/p>\n<p>De son c\u00f4t\u00e9, la vice- pr\u00e9sidente de la compagnie p\u00e9troli\u00e8re autrichienne \u00a0\u00bb OMV \u00a0\u00bb a fait part du d\u00e9sir de la compagnie de d\u00e9velopper ses activit\u00e9s en Tunisie \u00e0 travers l&rsquo;investissement dans les \u00e9nergies renouvelables et l&rsquo;hydrog\u00e8ne vert signalant que l&rsquo;entreprise autrichienne investit en Tunisie depuis plus de 50 ans.<\/p>\n","protected":false},"excerpt":{"rendered":"<p>La cheffe du gouvernement Nejla Bouden Romdhane a re\u00e7u lundi la vice- pr\u00e9sidente de la compagnie p\u00e9troli\u00e8re autrichienne   OMV   Maria Mittermair et ce en pr\u00e9se&#8230;<\/p>\n","protected":false},"author":3175,"featured_media":251599,"comment_status":"open","ping_status":"closed","sticky":false,"template":"","format":"standard","meta":{"footnotes":""},"categories":[44],"tags":[8238,4691,2608],"class_list":["post-204337","post","type-post","status-publish","format-standard","has-post-thumbnail","hentry","category-national","tag-compagnie","tag-petrole","tag-tunisie"],"yoast_head":"<!-- This site is optimized with the Yoast SEO Premium plugin v27.4 (Yoast SEO v27.4) - https:\/\/yoast.com\/product\/yoast-seo-premium-wordpress\/ -->\n<title>La compagnie p\u00e9troli\u00e8re OMV veut d\u00e9velopper sa pr\u00e9sence en Tunisie<\/title>\n<meta name=\"description\" content=\"La cheffe du gouvernement Nejla Bouden Romdhane a re\u00e7u lundi la vice- pr\u00e9sidente de la compagnie p\u00e9troli\u00e8re autrichienne OMV Maria Mittermair et ce en pr\u00e9se...\" \/>\n<link rel=\"canonical\" href=\"https:\/\/www.webdo.tn\/fr\/actualite\/national\/la-compagnie-petroliere-omv-veut-developper-sa-presence-en-tunisie\/204337\/\" \/>\n<meta property=\"og:locale\" content=\"fr_FR\" \/>\n<meta property=\"og:type\" content=\"article\" \/>\n<meta property=\"og:title\" content=\"La compagnie p\u00e9troli\u00e8re OMV veut d\u00e9velopper sa pr\u00e9sence en Tunisie\" \/>\n<meta property=\"og:description\" content=\"La cheffe du gouvernement Nejla Bouden Romdhane a re\u00e7u lundi la vice- pr\u00e9sidente de la compagnie p\u00e9troli\u00e8re autrichienne OMV Maria Mittermair et ce en pr\u00e9se...\" \/>\n<meta property=\"og:url\" content=\"https:\/\/www.webdo.tn\/fr\/actualite\/national\/la-compagnie-petroliere-omv-veut-developper-sa-presence-en-tunisie\/204337\/\" \/>\n<meta property=\"og:site_name\" content=\"webdo\" \/>\n<meta property=\"article:publisher\" content=\"https:\/\/www.facebook.com\/webdotn\" \/>\n<meta property=\"article:published_time\" content=\"2023-03-28T08:12:00+00:00\" \/>\n<meta property=\"article:modified_time\" content=\"2025-05-20T22:44:37+00:00\" \/>\n<meta property=\"og:image\" content=\"https:\/\/www.webdo.tn\/fr\/wp-content\/uploads\/2023\/03\/c06035ac178cb88073a662056b744852.jpg\" \/>\n\t<meta property=\"og:image:width\" content=\"750\" \/>\n\t<meta property=\"og:image:height\" content=\"400\" \/>\n\t<meta property=\"og:image:type\" content=\"image\/jpeg\" \/>\n<meta name=\"author\" content=\"CL\" \/>\n<meta name=\"twitter:card\" content=\"summary_large_image\" \/>\n<meta name=\"twitter:creator\" content=\"@webdo_tn\" \/>\n<meta name=\"twitter:site\" content=\"@webdo_tn\" \/>\n<meta name=\"twitter:label1\" content=\"\u00c9crit par\" \/>\n\t<meta name=\"twitter:data1\" content=\"CL\" \/>\n\t<meta name=\"twitter:label2\" content=\"Dur\u00e9e de lecture estim\u00e9e\" \/>\n\t<meta name=\"twitter:data2\" content=\"1 minute\" \/>\n<script type=\"application\/ld+json\" class=\"yoast-schema-graph\">{\"@context\":\"https:\\\/\\\/schema.org\",\"@graph\":[{\"@type\":\"NewsArticle\",\"@id\":\"https:\\\/\\\/www.webdo.tn\\\/fr\\\/actualite\\\/national\\\/la-compagnie-petroliere-omv-veut-developper-sa-presence-en-tunisie\\\/204337\\\/#article\",\"isPartOf\":{\"@id\":\"https:\\\/\\\/www.webdo.tn\\\/fr\\\/actualite\\\/national\\\/la-compagnie-petroliere-omv-veut-developper-sa-presence-en-tunisie\\\/204337\\\/\"},\"author\":{\"name\":\"CL\",\"@id\":\"https:\\\/\\\/www.webdo.tn\\\/fr\\\/#\\\/schema\\\/person\\\/f35b42a42c5e2511bbd282959d6385cc\"},\"headline\":\"La compagnie p\u00e9troli\u00e8re OMV veut d\u00e9velopper sa pr\u00e9sence en Tunisie\",\"datePublished\":\"2023-03-28T08:12:00+00:00\",\"dateModified\":\"2025-05-20T22:44:37+00:00\",\"mainEntityOfPage\":{\"@id\":\"https:\\\/\\\/www.webdo.tn\\\/fr\\\/actualite\\\/national\\\/la-compagnie-petroliere-omv-veut-developper-sa-presence-en-tunisie\\\/204337\\\/\"},\"wordCount\":152,\"commentCount\":0,\"publisher\":{\"@id\":\"https:\\\/\\\/www.webdo.tn\\\/fr\\\/#organization\"},\"image\":{\"@id\":\"https:\\\/\\\/www.webdo.tn\\\/fr\\\/actualite\\\/national\\\/la-compagnie-petroliere-omv-veut-developper-sa-presence-en-tunisie\\\/204337\\\/#primaryimage\"},\"thumbnailUrl\":\"https:\\\/\\\/www.webdo.tn\\\/fr\\\/wp-content\\\/uploads\\\/2023\\\/03\\\/c06035ac178cb88073a662056b744852.jpg\",\"keywords\":[\"Compagnie\",\"p\u00e9trole\",\"Tunisie\"],\"articleSection\":[\"National\"],\"inLanguage\":\"fr-FR\"},{\"@type\":\"WebPage\",\"@id\":\"https:\\\/\\\/www.webdo.tn\\\/fr\\\/actualite\\\/national\\\/la-compagnie-petroliere-omv-veut-developper-sa-presence-en-tunisie\\\/204337\\\/\",\"url\":\"https:\\\/\\\/www.webdo.tn\\\/fr\\\/actualite\\\/national\\\/la-compagnie-petroliere-omv-veut-developper-sa-presence-en-tunisie\\\/204337\\\/\",\"name\":\"La compagnie p\u00e9troli\u00e8re OMV veut d\u00e9velopper sa pr\u00e9sence en Tunisie\",\"isPartOf\":{\"@id\":\"https:\\\/\\\/www.webdo.tn\\\/fr\\\/#website\"},\"primaryImageOfPage\":{\"@id\":\"https:\\\/\\\/www.webdo.tn\\\/fr\\\/actualite\\\/national\\\/la-compagnie-petroliere-omv-veut-developper-sa-presence-en-tunisie\\\/204337\\\/#primaryimage\"},\"image\":{\"@id\":\"https:\\\/\\\/www.webdo.tn\\\/fr\\\/actualite\\\/national\\\/la-compagnie-petroliere-omv-veut-developper-sa-presence-en-tunisie\\\/204337\\\/#primaryimage\"},\"thumbnailUrl\":\"https:\\\/\\\/www.webdo.tn\\\/fr\\\/wp-content\\\/uploads\\\/2023\\\/03\\\/c06035ac178cb88073a662056b744852.jpg\",\"datePublished\":\"2023-03-28T08:12:00+00:00\",\"dateModified\":\"2025-05-20T22:44:37+00:00\",\"description\":\"La cheffe du gouvernement Nejla Bouden Romdhane a re\u00e7u lundi la vice- pr\u00e9sidente de la compagnie p\u00e9troli\u00e8re autrichienne OMV Maria Mittermair et ce en pr\u00e9se...\",\"breadcrumb\":{\"@id\":\"https:\\\/\\\/www.webdo.tn\\\/fr\\\/actualite\\\/national\\\/la-compagnie-petroliere-omv-veut-developper-sa-presence-en-tunisie\\\/204337\\\/#breadcrumb\"},\"inLanguage\":\"fr-FR\",\"potentialAction\":[{\"@type\":\"ReadAction\",\"target\":[\"https:\\\/\\\/www.webdo.tn\\\/fr\\\/actualite\\\/national\\\/la-compagnie-petroliere-omv-veut-developper-sa-presence-en-tunisie\\\/204337\\\/\"]}]},{\"@type\":\"ImageObject\",\"inLanguage\":\"fr-FR\",\"@id\":\"https:\\\/\\\/www.webdo.tn\\\/fr\\\/actualite\\\/national\\\/la-compagnie-petroliere-omv-veut-developper-sa-presence-en-tunisie\\\/204337\\\/#primaryimage\",\"url\":\"https:\\\/\\\/www.webdo.tn\\\/fr\\\/wp-content\\\/uploads\\\/2023\\\/03\\\/c06035ac178cb88073a662056b744852.jpg\",\"contentUrl\":\"https:\\\/\\\/www.webdo.tn\\\/fr\\\/wp-content\\\/uploads\\\/2023\\\/03\\\/c06035ac178cb88073a662056b744852.jpg\",\"width\":750,\"height\":400,\"caption\":\"Najla Bouden\"},{\"@type\":\"BreadcrumbList\",\"@id\":\"https:\\\/\\\/www.webdo.tn\\\/fr\\\/actualite\\\/national\\\/la-compagnie-petroliere-omv-veut-developper-sa-presence-en-tunisie\\\/204337\\\/#breadcrumb\",\"itemListElement\":[{\"@type\":\"ListItem\",\"position\":1,\"name\":\"Accueil\",\"item\":\"https:\\\/\\\/www.webdo.tn\\\/fr\\\/\"},{\"@type\":\"ListItem\",\"position\":2,\"name\":\"La compagnie p\u00e9troli\u00e8re OMV veut d\u00e9velopper sa pr\u00e9sence en Tunisie\"}]},{\"@type\":\"WebSite\",\"@id\":\"https:\\\/\\\/www.webdo.tn\\\/fr\\\/#website\",\"url\":\"https:\\\/\\\/www.webdo.tn\\\/fr\\\/\",\"name\":\"webdo\",\"description\":\"Tunisie - News en Tunisie et \u00e0 l&#039;international sur Webdo.tn\",\"publisher\":{\"@id\":\"https:\\\/\\\/www.webdo.tn\\\/fr\\\/#organization\"},\"potentialAction\":[{\"@type\":\"SearchAction\",\"target\":{\"@type\":\"EntryPoint\",\"urlTemplate\":\"https:\\\/\\\/www.webdo.tn\\\/fr\\\/?s={search_term_string}\"},\"query-input\":{\"@type\":\"PropertyValueSpecification\",\"valueRequired\":true,\"valueName\":\"search_term_string\"}}],\"inLanguage\":\"fr-FR\"},{\"@type\":\"Organization\",\"@id\":\"https:\\\/\\\/www.webdo.tn\\\/fr\\\/#organization\",\"name\":\"Webdo\",\"alternateName\":\"Webdo.tn\",\"url\":\"https:\\\/\\\/www.webdo.tn\\\/fr\\\/\",\"logo\":{\"@type\":\"ImageObject\",\"inLanguage\":\"fr-FR\",\"@id\":\"https:\\\/\\\/www.webdo.tn\\\/fr\\\/#\\\/schema\\\/logo\\\/image\\\/\",\"url\":\"https:\\\/\\\/www.webdo.tn\\\/fr\\\/wp-content\\\/uploads\\\/2025\\\/06\\\/Webdo-Tunisie_168377.jpg\",\"contentUrl\":\"https:\\\/\\\/www.webdo.tn\\\/fr\\\/wp-content\\\/uploads\\\/2025\\\/06\\\/Webdo-Tunisie_168377.jpg\",\"width\":301,\"height\":301,\"caption\":\"Webdo\"},\"image\":{\"@id\":\"https:\\\/\\\/www.webdo.tn\\\/fr\\\/#\\\/schema\\\/logo\\\/image\\\/\"},\"sameAs\":[\"https:\\\/\\\/www.facebook.com\\\/webdotn\",\"https:\\\/\\\/x.com\\\/webdo_tn\"],\"description\":\"Webdo est un m\u00e9dia num\u00e9rique tunisien fond\u00e9 en 2010, sp\u00e9cialis\u00e9 dans l\u2019actualit\u00e9 nationale et internationale, l\u2019\u00e9conomie, la soci\u00e9t\u00e9 et les analyses politiques. Le site s\u2019adresse \u00e0 un large public francophone et couvre l\u2019information tunisienne en temps r\u00e9el.\",\"email\":\"redac@webdo.tn\",\"legalName\":\"YNJ SARL\",\"foundingDate\":\"2010-09-06\",\"numberOfEmployees\":{\"@type\":\"QuantitativeValue\",\"minValue\":\"11\",\"maxValue\":\"50\"}},{\"@type\":\"Person\",\"@id\":\"https:\\\/\\\/www.webdo.tn\\\/fr\\\/#\\\/schema\\\/person\\\/f35b42a42c5e2511bbd282959d6385cc\",\"name\":\"CL\",\"image\":{\"@type\":\"ImageObject\",\"inLanguage\":\"fr-FR\",\"@id\":\"https:\\\/\\\/secure.gravatar.com\\\/avatar\\\/1447a49909b67aa657c488aec6512e1dd6143a480c1ecfee9b5b5cd74eb3b59e?s=96&d=mm&r=g\",\"url\":\"https:\\\/\\\/secure.gravatar.com\\\/avatar\\\/1447a49909b67aa657c488aec6512e1dd6143a480c1ecfee9b5b5cd74eb3b59e?s=96&d=mm&r=g\",\"contentUrl\":\"https:\\\/\\\/secure.gravatar.com\\\/avatar\\\/1447a49909b67aa657c488aec6512e1dd6143a480c1ecfee9b5b5cd74eb3b59e?s=96&d=mm&r=g\",\"caption\":\"CL\"},\"url\":\"https:\\\/\\\/www.webdo.tn\\\/fr\\\/actualite\\\/author\\\/cl\\\/\"}]}<\/script>\n<!-- \/ Yoast SEO Premium plugin. -->","yoast_head_json":{"title":"La compagnie p\u00e9troli\u00e8re OMV veut d\u00e9velopper sa pr\u00e9sence en Tunisie","description":"La cheffe du gouvernement Nejla Bouden Romdhane a re\u00e7u lundi la vice- pr\u00e9sidente de la compagnie p\u00e9troli\u00e8re autrichienne OMV Maria Mittermair et ce en pr\u00e9se...","canonical":"https:\/\/www.webdo.tn\/fr\/actualite\/national\/la-compagnie-petroliere-omv-veut-developper-sa-presence-en-tunisie\/204337\/","og_locale":"fr_FR","og_type":"article","og_title":"La compagnie p\u00e9troli\u00e8re OMV veut d\u00e9velopper sa pr\u00e9sence en Tunisie","og_description":"La cheffe du gouvernement Nejla Bouden Romdhane a re\u00e7u lundi la vice- pr\u00e9sidente de la compagnie p\u00e9troli\u00e8re autrichienne OMV Maria Mittermair et ce en pr\u00e9se...","og_url":"https:\/\/www.webdo.tn\/fr\/actualite\/national\/la-compagnie-petroliere-omv-veut-developper-sa-presence-en-tunisie\/204337\/","og_site_name":"webdo","article_publisher":"https:\/\/www.facebook.com\/webdotn","article_published_time":"2023-03-28T08:12:00+00:00","article_modified_time":"2025-05-20T22:44:37+00:00","og_image":[{"width":750,"height":400,"url":"https:\/\/www.webdo.tn\/fr\/wp-content\/uploads\/2023\/03\/c06035ac178cb88073a662056b744852.jpg","type":"image\/jpeg"}],"author":"CL","twitter_card":"summary_large_image","twitter_creator":"@webdo_tn","twitter_site":"@webdo_tn","twitter_misc":{"\u00c9crit par":"CL","Dur\u00e9e de lecture estim\u00e9e":"1 minute"},"schema":{"@context":"https:\/\/schema.org","@graph":[{"@type":"NewsArticle","@id":"https:\/\/www.webdo.tn\/fr\/actualite\/national\/la-compagnie-petroliere-omv-veut-developper-sa-presence-en-tunisie\/204337\/#article","isPartOf":{"@id":"https:\/\/www.webdo.tn\/fr\/actualite\/national\/la-compagnie-petroliere-omv-veut-developper-sa-presence-en-tunisie\/204337\/"},"author":{"name":"CL","@id":"https:\/\/www.webdo.tn\/fr\/#\/schema\/person\/f35b42a42c5e2511bbd282959d6385cc"},"headline":"La compagnie p\u00e9troli\u00e8re OMV veut d\u00e9velopper sa pr\u00e9sence en Tunisie","datePublished":"2023-03-28T08:12:00+00:00","dateModified":"2025-05-20T22:44:37+00:00","mainEntityOfPage":{"@id":"https:\/\/www.webdo.tn\/fr\/actualite\/national\/la-compagnie-petroliere-omv-veut-developper-sa-presence-en-tunisie\/204337\/"},"wordCount":152,"commentCount":0,"publisher":{"@id":"https:\/\/www.webdo.tn\/fr\/#organization"},"image":{"@id":"https:\/\/www.webdo.tn\/fr\/actualite\/national\/la-compagnie-petroliere-omv-veut-developper-sa-presence-en-tunisie\/204337\/#primaryimage"},"thumbnailUrl":"https:\/\/www.webdo.tn\/fr\/wp-content\/uploads\/2023\/03\/c06035ac178cb88073a662056b744852.jpg","keywords":["Compagnie","p\u00e9trole","Tunisie"],"articleSection":["National"],"inLanguage":"fr-FR"},{"@type":"WebPage","@id":"https:\/\/www.webdo.tn\/fr\/actualite\/national\/la-compagnie-petroliere-omv-veut-developper-sa-presence-en-tunisie\/204337\/","url":"https:\/\/www.webdo.tn\/fr\/actualite\/national\/la-compagnie-petroliere-omv-veut-developper-sa-presence-en-tunisie\/204337\/","name":"La compagnie p\u00e9troli\u00e8re OMV veut d\u00e9velopper sa pr\u00e9sence en Tunisie","isPartOf":{"@id":"https:\/\/www.webdo.tn\/fr\/#website"},"primaryImageOfPage":{"@id":"https:\/\/www.webdo.tn\/fr\/actualite\/national\/la-compagnie-petroliere-omv-veut-developper-sa-presence-en-tunisie\/204337\/#primaryimage"},"image":{"@id":"https:\/\/www.webdo.tn\/fr\/actualite\/national\/la-compagnie-petroliere-omv-veut-developper-sa-presence-en-tunisie\/204337\/#primaryimage"},"thumbnailUrl":"https:\/\/www.webdo.tn\/fr\/wp-content\/uploads\/2023\/03\/c06035ac178cb88073a662056b744852.jpg","datePublished":"2023-03-28T08:12:00+00:00","dateModified":"2025-05-20T22:44:37+00:00","description":"La cheffe du gouvernement Nejla Bouden Romdhane a re\u00e7u lundi la vice- pr\u00e9sidente de la compagnie p\u00e9troli\u00e8re autrichienne OMV Maria Mittermair et ce en pr\u00e9se...","breadcrumb":{"@id":"https:\/\/www.webdo.tn\/fr\/actualite\/national\/la-compagnie-petroliere-omv-veut-developper-sa-presence-en-tunisie\/204337\/#breadcrumb"},"inLanguage":"fr-FR","potentialAction":[{"@type":"ReadAction","target":["https:\/\/www.webdo.tn\/fr\/actualite\/national\/la-compagnie-petroliere-omv-veut-developper-sa-presence-en-tunisie\/204337\/"]}]},{"@type":"ImageObject","inLanguage":"fr-FR","@id":"https:\/\/www.webdo.tn\/fr\/actualite\/national\/la-compagnie-petroliere-omv-veut-developper-sa-presence-en-tunisie\/204337\/#primaryimage","url":"https:\/\/www.webdo.tn\/fr\/wp-content\/uploads\/2023\/03\/c06035ac178cb88073a662056b744852.jpg","contentUrl":"https:\/\/www.webdo.tn\/fr\/wp-content\/uploads\/2023\/03\/c06035ac178cb88073a662056b744852.jpg","width":750,"height":400,"caption":"Najla Bouden"},{"@type":"BreadcrumbList","@id":"https:\/\/www.webdo.tn\/fr\/actualite\/national\/la-compagnie-petroliere-omv-veut-developper-sa-presence-en-tunisie\/204337\/#breadcrumb","itemListElement":[{"@type":"ListItem","position":1,"name":"Accueil","item":"https:\/\/www.webdo.tn\/fr\/"},{"@type":"ListItem","position":2,"name":"La compagnie p\u00e9troli\u00e8re OMV veut d\u00e9velopper sa pr\u00e9sence en Tunisie"}]},{"@type":"WebSite","@id":"https:\/\/www.webdo.tn\/fr\/#website","url":"https:\/\/www.webdo.tn\/fr\/","name":"webdo","description":"Tunisie - News en Tunisie et \u00e0 l&#039;international sur Webdo.tn","publisher":{"@id":"https:\/\/www.webdo.tn\/fr\/#organization"},"potentialAction":[{"@type":"SearchAction","target":{"@type":"EntryPoint","urlTemplate":"https:\/\/www.webdo.tn\/fr\/?s={search_term_string}"},"query-input":{"@type":"PropertyValueSpecification","valueRequired":true,"valueName":"search_term_string"}}],"inLanguage":"fr-FR"},{"@type":"Organization","@id":"https:\/\/www.webdo.tn\/fr\/#organization","name":"Webdo","alternateName":"Webdo.tn","url":"https:\/\/www.webdo.tn\/fr\/","logo":{"@type":"ImageObject","inLanguage":"fr-FR","@id":"https:\/\/www.webdo.tn\/fr\/#\/schema\/logo\/image\/","url":"https:\/\/www.webdo.tn\/fr\/wp-content\/uploads\/2025\/06\/Webdo-Tunisie_168377.jpg","contentUrl":"https:\/\/www.webdo.tn\/fr\/wp-content\/uploads\/2025\/06\/Webdo-Tunisie_168377.jpg","width":301,"height":301,"caption":"Webdo"},"image":{"@id":"https:\/\/www.webdo.tn\/fr\/#\/schema\/logo\/image\/"},"sameAs":["https:\/\/www.facebook.com\/webdotn","https:\/\/x.com\/webdo_tn"],"description":"Webdo est un m\u00e9dia num\u00e9rique tunisien fond\u00e9 en 2010, sp\u00e9cialis\u00e9 dans l\u2019actualit\u00e9 nationale et internationale, l\u2019\u00e9conomie, la soci\u00e9t\u00e9 et les analyses politiques. Le site s\u2019adresse \u00e0 un large public francophone et couvre l\u2019information tunisienne en temps r\u00e9el.","email":"redac@webdo.tn","legalName":"YNJ SARL","foundingDate":"2010-09-06","numberOfEmployees":{"@type":"QuantitativeValue","minValue":"11","maxValue":"50"}},{"@type":"Person","@id":"https:\/\/www.webdo.tn\/fr\/#\/schema\/person\/f35b42a42c5e2511bbd282959d6385cc","name":"CL","image":{"@type":"ImageObject","inLanguage":"fr-FR","@id":"https:\/\/secure.gravatar.com\/avatar\/1447a49909b67aa657c488aec6512e1dd6143a480c1ecfee9b5b5cd74eb3b59e?s=96&d=mm&r=g","url":"https:\/\/secure.gravatar.com\/avatar\/1447a49909b67aa657c488aec6512e1dd6143a480c1ecfee9b5b5cd74eb3b59e?s=96&d=mm&r=g","contentUrl":"https:\/\/secure.gravatar.com\/avatar\/1447a49909b67aa657c488aec6512e1dd6143a480c1ecfee9b5b5cd74eb3b59e?s=96&d=mm&r=g","caption":"CL"},"url":"https:\/\/www.webdo.tn\/fr\/actualite\/author\/cl\/"}]}},"_links":{"self":[{"href":"https:\/\/www.webdo.tn\/fr\/wp-json\/wp\/v2\/posts\/204337","targetHints":{"allow":["GET"]}}],"collection":[{"href":"https:\/\/www.webdo.tn\/fr\/wp-json\/wp\/v2\/posts"}],"about":[{"href":"https:\/\/www.webdo.tn\/fr\/wp-json\/wp\/v2\/types\/post"}],"author":[{"embeddable":true,"href":"https:\/\/www.webdo.tn\/fr\/wp-json\/wp\/v2\/users\/3175"}],"replies":[{"embeddable":true,"href":"https:\/\/www.webdo.tn\/fr\/wp-json\/wp\/v2\/comments?post=204337"}],"version-history":[{"count":0,"href":"https:\/\/www.webdo.tn\/fr\/wp-json\/wp\/v2\/posts\/204337\/revisions"}],"wp:featuredmedia":[{"embeddable":true,"href":"https:\/\/www.webdo.tn\/fr\/wp-json\/wp\/v2\/media\/251599"}],"wp:attachment":[{"href":"https:\/\/www.webdo.tn\/fr\/wp-json\/wp\/v2\/media?parent=204337"}],"wp:term":[{"taxonomy":"category","embeddable":true,"href":"https:\/\/www.webdo.tn\/fr\/wp-json\/wp\/v2\/categories?post=204337"},{"taxonomy":"post_tag","embeddable":true,"href":"https:\/\/www.webdo.tn\/fr\/wp-json\/wp\/v2\/tags?post=204337"}],"curies":[{"name":"wp","href":"https:\/\/api.w.org\/{rel}","templated":true}]}}