{"id":204335,"date":"2023-03-28T07:20:00","date_gmt":"2023-03-28T07:20:00","guid":{"rendered":"https:\/\/www.webdo.tn\/fr\/blog\/la-tunisie-ne-sera-pas-laissee-seule-rassure-le-commissaire-europeen-a-l-economie\/204335\/"},"modified":"2025-05-20T22:44:36","modified_gmt":"2025-05-20T22:44:36","slug":"la-tunisie-ne-sera-pas-laissee-seule-rassure-le-commissaire-europeen-a-l-economie","status":"publish","type":"post","link":"https:\/\/www.webdo.tn\/fr\/actualite\/national\/la-tunisie-ne-sera-pas-laissee-seule-rassure-le-commissaire-europeen-a-l-economie\/204335\/","title":{"rendered":"\u00ab\u00a0La Tunisie ne sera pas laiss\u00e9e seule\u00a0\u00bb, rassure le Commissaire europ\u00e9en \u00e0 l\u2019\u00e9conomie"},"content":{"rendered":"<p>La Commission europ\u00e9enne reste d\u00e9termin\u00e9e \u00e0 soutenir le peuple tunisien dans l&rsquo;actuel contexte \u00e9conomique extr\u00eamement difficile a d\u00e9clar\u00e9 lundi le Commissaire europ\u00e9en \u00e0 l&rsquo;\u00e9conomie Paolo Gentiloni \u00e0 l&rsquo;issue de sa visite en Tunisie.<\/p>\n<p>\t\t\t\t\t\t\t\t\t\u00a0\u00bb Nous voulons continuer \u00e0 accompagner la Tunisie pour cr\u00e9er une v\u00e9ritable croissance \u00e9conomique, de nouveaux emplois et de meilleures perspectives pour les Tunisiens, en particulier les femmes et les jeunes. \u00a0\u00bb a soulign\u00e9 Gentiloni en assurant que \u00a0\u00bb la Commission est pr\u00eate \u00e0 envisager une aide macrofinanci\u00e8re suppl\u00e9mentaire si les conditions n\u00e9cessaires sont r\u00e9unies. La premi\u00e8re condition est l&rsquo;adoption par le FMI d&rsquo;un nouveau programme de d\u00e9caissement. Il est primordial que ceci puisse avoir lieu dans les meilleurs d\u00e9lais. \u00a0\u00bb<\/p>\n<p>Pour le responsable europ\u00e9en \u00a0\u00bb Il existe de nombreux int\u00e9r\u00eats communs entre l&rsquo;UE et la Tunisie, par exemple la gestion des flux migratoires vers l&rsquo;Europe. Dans ce contexte, je me f\u00e9licite des contacts qui ont \u00e9t\u00e9 renou\u00e9s entre la Commission et les autorit\u00e9s tunisiennes. Nous souhaitons continuer dans cette dynamique de coop\u00e9ration : la Tunisie ne sera pas laiss\u00e9e seule. \u00a0\u00bb<\/p>\n<p>\u00a0\u00bb Cette visite a \u00e9t\u00e9 l&rsquo;occasion pour confirmer l&rsquo;importance du partenariat strat\u00e9gique entre l&rsquo;Union Europ\u00e9enne et la Tunisie, pays avec lequel nous partageons des liens historiques et culturels profonds ainsi que des int\u00e9r\u00eats communs sur le plan g\u00e9opolitique. C&rsquo;est donc aussi l&rsquo;avenir que nous devons construire ensemble. \u00a0\u00bb a-t-il encore affirm\u00e9.<\/p>\n<p>Il a relev\u00e9 que sa visite a \u00e9t\u00e9 aussi l&rsquo;occasion de r\u00e9affirmer l&rsquo;attachement aux valeurs de la d\u00e9mocratie, de l&rsquo;inclusion et de l&rsquo;\u00e9tat de droit.<\/p>\n","protected":false},"excerpt":{"rendered":"<p>La Commission europ\u00e9enne reste d\u00e9termin\u00e9e \u00e0 soutenir le peuple tunisien dans l&rsquo;actuel contexte \u00e9conomique extr\u00eamement difficile a d\u00e9clar\u00e9 lundi le Commissaire e&#8230;<\/p>\n","protected":false},"author":3175,"featured_media":251595,"comment_status":"open","ping_status":"closed","sticky":false,"template":"","format":"standard","meta":{"footnotes":""},"categories":[44],"tags":[2608,2896],"class_list":["post-204335","post","type-post","status-publish","format-standard","has-post-thumbnail","hentry","category-national","tag-tunisie","tag-union-europeenne"],"yoast_head":"<!-- This site is optimized with the Yoast SEO Premium plugin v27.4 (Yoast SEO v27.4) - https:\/\/yoast.com\/product\/yoast-seo-premium-wordpress\/ -->\n<title>La Tunisie ne sera pas laiss\u00e9e seule , rassure le Commissaire europ\u00e9en \u00e0 l\u2019\u00e9conomie<\/title>\n<meta name=\"description\" content=\"La Commission europ\u00e9enne reste d\u00e9termin\u00e9e \u00e0 soutenir le peuple tunisien dans l&#039;actuel contexte \u00e9conomique extr\u00eamement difficile a d\u00e9clar\u00e9 lundi le Commissaire e...\" \/>\n<link rel=\"canonical\" href=\"https:\/\/www.webdo.tn\/fr\/actualite\/national\/la-tunisie-ne-sera-pas-laissee-seule-rassure-le-commissaire-europeen-a-l-economie\/204335\/\" \/>\n<meta property=\"og:locale\" content=\"fr_FR\" \/>\n<meta property=\"og:type\" content=\"article\" \/>\n<meta property=\"og:title\" content=\"&quot;La Tunisie ne sera pas laiss\u00e9e seule&quot;, rassure le Commissaire europ\u00e9en \u00e0 l\u2019\u00e9conomie\" \/>\n<meta property=\"og:description\" content=\"La Commission europ\u00e9enne reste d\u00e9termin\u00e9e \u00e0 soutenir le peuple tunisien dans l&#039;actuel contexte \u00e9conomique extr\u00eamement difficile a d\u00e9clar\u00e9 lundi le Commissaire e...\" \/>\n<meta property=\"og:url\" content=\"https:\/\/www.webdo.tn\/fr\/actualite\/national\/la-tunisie-ne-sera-pas-laissee-seule-rassure-le-commissaire-europeen-a-l-economie\/204335\/\" \/>\n<meta property=\"og:site_name\" content=\"webdo\" \/>\n<meta property=\"article:publisher\" content=\"https:\/\/www.facebook.com\/webdotn\" \/>\n<meta property=\"article:published_time\" content=\"2023-03-28T07:20:00+00:00\" \/>\n<meta property=\"article:modified_time\" content=\"2025-05-20T22:44:36+00:00\" \/>\n<meta property=\"og:image\" content=\"https:\/\/www.webdo.tn\/fr\/wp-content\/uploads\/2023\/03\/ff7c2a738be3c0f1e146284f58dceb20.jpg\" \/>\n\t<meta property=\"og:image:width\" content=\"750\" \/>\n\t<meta property=\"og:image:height\" content=\"400\" \/>\n\t<meta property=\"og:image:type\" content=\"image\/jpeg\" \/>\n<meta name=\"author\" content=\"CL\" \/>\n<meta name=\"twitter:card\" content=\"summary_large_image\" \/>\n<meta name=\"twitter:creator\" content=\"@webdo_tn\" \/>\n<meta name=\"twitter:site\" content=\"@webdo_tn\" \/>\n<meta name=\"twitter:label1\" content=\"\u00c9crit par\" \/>\n\t<meta name=\"twitter:data1\" content=\"CL\" \/>\n\t<meta name=\"twitter:label2\" content=\"Dur\u00e9e de lecture estim\u00e9e\" \/>\n\t<meta name=\"twitter:data2\" content=\"1 minute\" \/>\n<script type=\"application\/ld+json\" class=\"yoast-schema-graph\">{\"@context\":\"https:\\\/\\\/schema.org\",\"@graph\":[{\"@type\":\"NewsArticle\",\"@id\":\"https:\\\/\\\/www.webdo.tn\\\/fr\\\/actualite\\\/national\\\/la-tunisie-ne-sera-pas-laissee-seule-rassure-le-commissaire-europeen-a-l-economie\\\/204335\\\/#article\",\"isPartOf\":{\"@id\":\"https:\\\/\\\/www.webdo.tn\\\/fr\\\/actualite\\\/national\\\/la-tunisie-ne-sera-pas-laissee-seule-rassure-le-commissaire-europeen-a-l-economie\\\/204335\\\/\"},\"author\":{\"name\":\"CL\",\"@id\":\"https:\\\/\\\/www.webdo.tn\\\/fr\\\/#\\\/schema\\\/person\\\/f35b42a42c5e2511bbd282959d6385cc\"},\"headline\":\"\u00ab\u00a0La Tunisie ne sera pas laiss\u00e9e seule\u00a0\u00bb, rassure le Commissaire europ\u00e9en \u00e0 l\u2019\u00e9conomie\",\"datePublished\":\"2023-03-28T07:20:00+00:00\",\"dateModified\":\"2025-05-20T22:44:36+00:00\",\"mainEntityOfPage\":{\"@id\":\"https:\\\/\\\/www.webdo.tn\\\/fr\\\/actualite\\\/national\\\/la-tunisie-ne-sera-pas-laissee-seule-rassure-le-commissaire-europeen-a-l-economie\\\/204335\\\/\"},\"wordCount\":299,\"commentCount\":0,\"publisher\":{\"@id\":\"https:\\\/\\\/www.webdo.tn\\\/fr\\\/#organization\"},\"image\":{\"@id\":\"https:\\\/\\\/www.webdo.tn\\\/fr\\\/actualite\\\/national\\\/la-tunisie-ne-sera-pas-laissee-seule-rassure-le-commissaire-europeen-a-l-economie\\\/204335\\\/#primaryimage\"},\"thumbnailUrl\":\"https:\\\/\\\/www.webdo.tn\\\/fr\\\/wp-content\\\/uploads\\\/2023\\\/03\\\/ff7c2a738be3c0f1e146284f58dceb20.jpg\",\"keywords\":[\"Tunisie\",\"Union europ\u00e9enne\"],\"articleSection\":[\"National\"],\"inLanguage\":\"fr-FR\"},{\"@type\":\"WebPage\",\"@id\":\"https:\\\/\\\/www.webdo.tn\\\/fr\\\/actualite\\\/national\\\/la-tunisie-ne-sera-pas-laissee-seule-rassure-le-commissaire-europeen-a-l-economie\\\/204335\\\/\",\"url\":\"https:\\\/\\\/www.webdo.tn\\\/fr\\\/actualite\\\/national\\\/la-tunisie-ne-sera-pas-laissee-seule-rassure-le-commissaire-europeen-a-l-economie\\\/204335\\\/\",\"name\":\"La Tunisie ne sera pas laiss\u00e9e seule , rassure le Commissaire europ\u00e9en \u00e0 l\u2019\u00e9conomie\",\"isPartOf\":{\"@id\":\"https:\\\/\\\/www.webdo.tn\\\/fr\\\/#website\"},\"primaryImageOfPage\":{\"@id\":\"https:\\\/\\\/www.webdo.tn\\\/fr\\\/actualite\\\/national\\\/la-tunisie-ne-sera-pas-laissee-seule-rassure-le-commissaire-europeen-a-l-economie\\\/204335\\\/#primaryimage\"},\"image\":{\"@id\":\"https:\\\/\\\/www.webdo.tn\\\/fr\\\/actualite\\\/national\\\/la-tunisie-ne-sera-pas-laissee-seule-rassure-le-commissaire-europeen-a-l-economie\\\/204335\\\/#primaryimage\"},\"thumbnailUrl\":\"https:\\\/\\\/www.webdo.tn\\\/fr\\\/wp-content\\\/uploads\\\/2023\\\/03\\\/ff7c2a738be3c0f1e146284f58dceb20.jpg\",\"datePublished\":\"2023-03-28T07:20:00+00:00\",\"dateModified\":\"2025-05-20T22:44:36+00:00\",\"description\":\"La Commission europ\u00e9enne reste d\u00e9termin\u00e9e \u00e0 soutenir le peuple tunisien dans l'actuel contexte \u00e9conomique extr\u00eamement difficile a d\u00e9clar\u00e9 lundi le Commissaire e...\",\"breadcrumb\":{\"@id\":\"https:\\\/\\\/www.webdo.tn\\\/fr\\\/actualite\\\/national\\\/la-tunisie-ne-sera-pas-laissee-seule-rassure-le-commissaire-europeen-a-l-economie\\\/204335\\\/#breadcrumb\"},\"inLanguage\":\"fr-FR\",\"potentialAction\":[{\"@type\":\"ReadAction\",\"target\":[\"https:\\\/\\\/www.webdo.tn\\\/fr\\\/actualite\\\/national\\\/la-tunisie-ne-sera-pas-laissee-seule-rassure-le-commissaire-europeen-a-l-economie\\\/204335\\\/\"]}]},{\"@type\":\"ImageObject\",\"inLanguage\":\"fr-FR\",\"@id\":\"https:\\\/\\\/www.webdo.tn\\\/fr\\\/actualite\\\/national\\\/la-tunisie-ne-sera-pas-laissee-seule-rassure-le-commissaire-europeen-a-l-economie\\\/204335\\\/#primaryimage\",\"url\":\"https:\\\/\\\/www.webdo.tn\\\/fr\\\/wp-content\\\/uploads\\\/2023\\\/03\\\/ff7c2a738be3c0f1e146284f58dceb20.jpg\",\"contentUrl\":\"https:\\\/\\\/www.webdo.tn\\\/fr\\\/wp-content\\\/uploads\\\/2023\\\/03\\\/ff7c2a738be3c0f1e146284f58dceb20.jpg\",\"width\":750,\"height\":400,\"caption\":\"Bouden\"},{\"@type\":\"BreadcrumbList\",\"@id\":\"https:\\\/\\\/www.webdo.tn\\\/fr\\\/actualite\\\/national\\\/la-tunisie-ne-sera-pas-laissee-seule-rassure-le-commissaire-europeen-a-l-economie\\\/204335\\\/#breadcrumb\",\"itemListElement\":[{\"@type\":\"ListItem\",\"position\":1,\"name\":\"Accueil\",\"item\":\"https:\\\/\\\/www.webdo.tn\\\/fr\\\/\"},{\"@type\":\"ListItem\",\"position\":2,\"name\":\"&#8220;La Tunisie ne sera pas laiss\u00e9e seule&#8221;, rassure le Commissaire europ\u00e9en \u00e0 l\u2019\u00e9conomie\"}]},{\"@type\":\"WebSite\",\"@id\":\"https:\\\/\\\/www.webdo.tn\\\/fr\\\/#website\",\"url\":\"https:\\\/\\\/www.webdo.tn\\\/fr\\\/\",\"name\":\"webdo\",\"description\":\"Tunisie - News en Tunisie et \u00e0 l&#039;international sur Webdo.tn\",\"publisher\":{\"@id\":\"https:\\\/\\\/www.webdo.tn\\\/fr\\\/#organization\"},\"potentialAction\":[{\"@type\":\"SearchAction\",\"target\":{\"@type\":\"EntryPoint\",\"urlTemplate\":\"https:\\\/\\\/www.webdo.tn\\\/fr\\\/?s={search_term_string}\"},\"query-input\":{\"@type\":\"PropertyValueSpecification\",\"valueRequired\":true,\"valueName\":\"search_term_string\"}}],\"inLanguage\":\"fr-FR\"},{\"@type\":\"Organization\",\"@id\":\"https:\\\/\\\/www.webdo.tn\\\/fr\\\/#organization\",\"name\":\"Webdo\",\"alternateName\":\"Webdo.tn\",\"url\":\"https:\\\/\\\/www.webdo.tn\\\/fr\\\/\",\"logo\":{\"@type\":\"ImageObject\",\"inLanguage\":\"fr-FR\",\"@id\":\"https:\\\/\\\/www.webdo.tn\\\/fr\\\/#\\\/schema\\\/logo\\\/image\\\/\",\"url\":\"https:\\\/\\\/www.webdo.tn\\\/fr\\\/wp-content\\\/uploads\\\/2025\\\/06\\\/Webdo-Tunisie_168377.jpg\",\"contentUrl\":\"https:\\\/\\\/www.webdo.tn\\\/fr\\\/wp-content\\\/uploads\\\/2025\\\/06\\\/Webdo-Tunisie_168377.jpg\",\"width\":301,\"height\":301,\"caption\":\"Webdo\"},\"image\":{\"@id\":\"https:\\\/\\\/www.webdo.tn\\\/fr\\\/#\\\/schema\\\/logo\\\/image\\\/\"},\"sameAs\":[\"https:\\\/\\\/www.facebook.com\\\/webdotn\",\"https:\\\/\\\/x.com\\\/webdo_tn\"],\"description\":\"Webdo est un m\u00e9dia num\u00e9rique tunisien fond\u00e9 en 2010, sp\u00e9cialis\u00e9 dans l\u2019actualit\u00e9 nationale et internationale, l\u2019\u00e9conomie, la soci\u00e9t\u00e9 et les analyses politiques. Le site s\u2019adresse \u00e0 un large public francophone et couvre l\u2019information tunisienne en temps r\u00e9el.\",\"email\":\"redac@webdo.tn\",\"legalName\":\"YNJ SARL\",\"foundingDate\":\"2010-09-06\",\"numberOfEmployees\":{\"@type\":\"QuantitativeValue\",\"minValue\":\"11\",\"maxValue\":\"50\"}},{\"@type\":\"Person\",\"@id\":\"https:\\\/\\\/www.webdo.tn\\\/fr\\\/#\\\/schema\\\/person\\\/f35b42a42c5e2511bbd282959d6385cc\",\"name\":\"CL\",\"image\":{\"@type\":\"ImageObject\",\"inLanguage\":\"fr-FR\",\"@id\":\"https:\\\/\\\/secure.gravatar.com\\\/avatar\\\/1447a49909b67aa657c488aec6512e1dd6143a480c1ecfee9b5b5cd74eb3b59e?s=96&d=mm&r=g\",\"url\":\"https:\\\/\\\/secure.gravatar.com\\\/avatar\\\/1447a49909b67aa657c488aec6512e1dd6143a480c1ecfee9b5b5cd74eb3b59e?s=96&d=mm&r=g\",\"contentUrl\":\"https:\\\/\\\/secure.gravatar.com\\\/avatar\\\/1447a49909b67aa657c488aec6512e1dd6143a480c1ecfee9b5b5cd74eb3b59e?s=96&d=mm&r=g\",\"caption\":\"CL\"},\"url\":\"https:\\\/\\\/www.webdo.tn\\\/fr\\\/actualite\\\/author\\\/cl\\\/\"}]}<\/script>\n<!-- \/ Yoast SEO Premium plugin. -->","yoast_head_json":{"title":"La Tunisie ne sera pas laiss\u00e9e seule , rassure le Commissaire europ\u00e9en \u00e0 l\u2019\u00e9conomie","description":"La Commission europ\u00e9enne reste d\u00e9termin\u00e9e \u00e0 soutenir le peuple tunisien dans l'actuel contexte \u00e9conomique extr\u00eamement difficile a d\u00e9clar\u00e9 lundi le Commissaire e...","canonical":"https:\/\/www.webdo.tn\/fr\/actualite\/national\/la-tunisie-ne-sera-pas-laissee-seule-rassure-le-commissaire-europeen-a-l-economie\/204335\/","og_locale":"fr_FR","og_type":"article","og_title":"\"La Tunisie ne sera pas laiss\u00e9e seule\", rassure le Commissaire europ\u00e9en \u00e0 l\u2019\u00e9conomie","og_description":"La Commission europ\u00e9enne reste d\u00e9termin\u00e9e \u00e0 soutenir le peuple tunisien dans l'actuel contexte \u00e9conomique extr\u00eamement difficile a d\u00e9clar\u00e9 lundi le Commissaire e...","og_url":"https:\/\/www.webdo.tn\/fr\/actualite\/national\/la-tunisie-ne-sera-pas-laissee-seule-rassure-le-commissaire-europeen-a-l-economie\/204335\/","og_site_name":"webdo","article_publisher":"https:\/\/www.facebook.com\/webdotn","article_published_time":"2023-03-28T07:20:00+00:00","article_modified_time":"2025-05-20T22:44:36+00:00","og_image":[{"width":750,"height":400,"url":"https:\/\/www.webdo.tn\/fr\/wp-content\/uploads\/2023\/03\/ff7c2a738be3c0f1e146284f58dceb20.jpg","type":"image\/jpeg"}],"author":"CL","twitter_card":"summary_large_image","twitter_creator":"@webdo_tn","twitter_site":"@webdo_tn","twitter_misc":{"\u00c9crit par":"CL","Dur\u00e9e de lecture estim\u00e9e":"1 minute"},"schema":{"@context":"https:\/\/schema.org","@graph":[{"@type":"NewsArticle","@id":"https:\/\/www.webdo.tn\/fr\/actualite\/national\/la-tunisie-ne-sera-pas-laissee-seule-rassure-le-commissaire-europeen-a-l-economie\/204335\/#article","isPartOf":{"@id":"https:\/\/www.webdo.tn\/fr\/actualite\/national\/la-tunisie-ne-sera-pas-laissee-seule-rassure-le-commissaire-europeen-a-l-economie\/204335\/"},"author":{"name":"CL","@id":"https:\/\/www.webdo.tn\/fr\/#\/schema\/person\/f35b42a42c5e2511bbd282959d6385cc"},"headline":"\u00ab\u00a0La Tunisie ne sera pas laiss\u00e9e seule\u00a0\u00bb, rassure le Commissaire europ\u00e9en \u00e0 l\u2019\u00e9conomie","datePublished":"2023-03-28T07:20:00+00:00","dateModified":"2025-05-20T22:44:36+00:00","mainEntityOfPage":{"@id":"https:\/\/www.webdo.tn\/fr\/actualite\/national\/la-tunisie-ne-sera-pas-laissee-seule-rassure-le-commissaire-europeen-a-l-economie\/204335\/"},"wordCount":299,"commentCount":0,"publisher":{"@id":"https:\/\/www.webdo.tn\/fr\/#organization"},"image":{"@id":"https:\/\/www.webdo.tn\/fr\/actualite\/national\/la-tunisie-ne-sera-pas-laissee-seule-rassure-le-commissaire-europeen-a-l-economie\/204335\/#primaryimage"},"thumbnailUrl":"https:\/\/www.webdo.tn\/fr\/wp-content\/uploads\/2023\/03\/ff7c2a738be3c0f1e146284f58dceb20.jpg","keywords":["Tunisie","Union europ\u00e9enne"],"articleSection":["National"],"inLanguage":"fr-FR"},{"@type":"WebPage","@id":"https:\/\/www.webdo.tn\/fr\/actualite\/national\/la-tunisie-ne-sera-pas-laissee-seule-rassure-le-commissaire-europeen-a-l-economie\/204335\/","url":"https:\/\/www.webdo.tn\/fr\/actualite\/national\/la-tunisie-ne-sera-pas-laissee-seule-rassure-le-commissaire-europeen-a-l-economie\/204335\/","name":"La Tunisie ne sera pas laiss\u00e9e seule , rassure le Commissaire europ\u00e9en \u00e0 l\u2019\u00e9conomie","isPartOf":{"@id":"https:\/\/www.webdo.tn\/fr\/#website"},"primaryImageOfPage":{"@id":"https:\/\/www.webdo.tn\/fr\/actualite\/national\/la-tunisie-ne-sera-pas-laissee-seule-rassure-le-commissaire-europeen-a-l-economie\/204335\/#primaryimage"},"image":{"@id":"https:\/\/www.webdo.tn\/fr\/actualite\/national\/la-tunisie-ne-sera-pas-laissee-seule-rassure-le-commissaire-europeen-a-l-economie\/204335\/#primaryimage"},"thumbnailUrl":"https:\/\/www.webdo.tn\/fr\/wp-content\/uploads\/2023\/03\/ff7c2a738be3c0f1e146284f58dceb20.jpg","datePublished":"2023-03-28T07:20:00+00:00","dateModified":"2025-05-20T22:44:36+00:00","description":"La Commission europ\u00e9enne reste d\u00e9termin\u00e9e \u00e0 soutenir le peuple tunisien dans l'actuel contexte \u00e9conomique extr\u00eamement difficile a d\u00e9clar\u00e9 lundi le Commissaire e...","breadcrumb":{"@id":"https:\/\/www.webdo.tn\/fr\/actualite\/national\/la-tunisie-ne-sera-pas-laissee-seule-rassure-le-commissaire-europeen-a-l-economie\/204335\/#breadcrumb"},"inLanguage":"fr-FR","potentialAction":[{"@type":"ReadAction","target":["https:\/\/www.webdo.tn\/fr\/actualite\/national\/la-tunisie-ne-sera-pas-laissee-seule-rassure-le-commissaire-europeen-a-l-economie\/204335\/"]}]},{"@type":"ImageObject","inLanguage":"fr-FR","@id":"https:\/\/www.webdo.tn\/fr\/actualite\/national\/la-tunisie-ne-sera-pas-laissee-seule-rassure-le-commissaire-europeen-a-l-economie\/204335\/#primaryimage","url":"https:\/\/www.webdo.tn\/fr\/wp-content\/uploads\/2023\/03\/ff7c2a738be3c0f1e146284f58dceb20.jpg","contentUrl":"https:\/\/www.webdo.tn\/fr\/wp-content\/uploads\/2023\/03\/ff7c2a738be3c0f1e146284f58dceb20.jpg","width":750,"height":400,"caption":"Bouden"},{"@type":"BreadcrumbList","@id":"https:\/\/www.webdo.tn\/fr\/actualite\/national\/la-tunisie-ne-sera-pas-laissee-seule-rassure-le-commissaire-europeen-a-l-economie\/204335\/#breadcrumb","itemListElement":[{"@type":"ListItem","position":1,"name":"Accueil","item":"https:\/\/www.webdo.tn\/fr\/"},{"@type":"ListItem","position":2,"name":"&#8220;La Tunisie ne sera pas laiss\u00e9e seule&#8221;, rassure le Commissaire europ\u00e9en \u00e0 l\u2019\u00e9conomie"}]},{"@type":"WebSite","@id":"https:\/\/www.webdo.tn\/fr\/#website","url":"https:\/\/www.webdo.tn\/fr\/","name":"webdo","description":"Tunisie - News en Tunisie et \u00e0 l&#039;international sur Webdo.tn","publisher":{"@id":"https:\/\/www.webdo.tn\/fr\/#organization"},"potentialAction":[{"@type":"SearchAction","target":{"@type":"EntryPoint","urlTemplate":"https:\/\/www.webdo.tn\/fr\/?s={search_term_string}"},"query-input":{"@type":"PropertyValueSpecification","valueRequired":true,"valueName":"search_term_string"}}],"inLanguage":"fr-FR"},{"@type":"Organization","@id":"https:\/\/www.webdo.tn\/fr\/#organization","name":"Webdo","alternateName":"Webdo.tn","url":"https:\/\/www.webdo.tn\/fr\/","logo":{"@type":"ImageObject","inLanguage":"fr-FR","@id":"https:\/\/www.webdo.tn\/fr\/#\/schema\/logo\/image\/","url":"https:\/\/www.webdo.tn\/fr\/wp-content\/uploads\/2025\/06\/Webdo-Tunisie_168377.jpg","contentUrl":"https:\/\/www.webdo.tn\/fr\/wp-content\/uploads\/2025\/06\/Webdo-Tunisie_168377.jpg","width":301,"height":301,"caption":"Webdo"},"image":{"@id":"https:\/\/www.webdo.tn\/fr\/#\/schema\/logo\/image\/"},"sameAs":["https:\/\/www.facebook.com\/webdotn","https:\/\/x.com\/webdo_tn"],"description":"Webdo est un m\u00e9dia num\u00e9rique tunisien fond\u00e9 en 2010, sp\u00e9cialis\u00e9 dans l\u2019actualit\u00e9 nationale et internationale, l\u2019\u00e9conomie, la soci\u00e9t\u00e9 et les analyses politiques. Le site s\u2019adresse \u00e0 un large public francophone et couvre l\u2019information tunisienne en temps r\u00e9el.","email":"redac@webdo.tn","legalName":"YNJ SARL","foundingDate":"2010-09-06","numberOfEmployees":{"@type":"QuantitativeValue","minValue":"11","maxValue":"50"}},{"@type":"Person","@id":"https:\/\/www.webdo.tn\/fr\/#\/schema\/person\/f35b42a42c5e2511bbd282959d6385cc","name":"CL","image":{"@type":"ImageObject","inLanguage":"fr-FR","@id":"https:\/\/secure.gravatar.com\/avatar\/1447a49909b67aa657c488aec6512e1dd6143a480c1ecfee9b5b5cd74eb3b59e?s=96&d=mm&r=g","url":"https:\/\/secure.gravatar.com\/avatar\/1447a49909b67aa657c488aec6512e1dd6143a480c1ecfee9b5b5cd74eb3b59e?s=96&d=mm&r=g","contentUrl":"https:\/\/secure.gravatar.com\/avatar\/1447a49909b67aa657c488aec6512e1dd6143a480c1ecfee9b5b5cd74eb3b59e?s=96&d=mm&r=g","caption":"CL"},"url":"https:\/\/www.webdo.tn\/fr\/actualite\/author\/cl\/"}]}},"_links":{"self":[{"href":"https:\/\/www.webdo.tn\/fr\/wp-json\/wp\/v2\/posts\/204335","targetHints":{"allow":["GET"]}}],"collection":[{"href":"https:\/\/www.webdo.tn\/fr\/wp-json\/wp\/v2\/posts"}],"about":[{"href":"https:\/\/www.webdo.tn\/fr\/wp-json\/wp\/v2\/types\/post"}],"author":[{"embeddable":true,"href":"https:\/\/www.webdo.tn\/fr\/wp-json\/wp\/v2\/users\/3175"}],"replies":[{"embeddable":true,"href":"https:\/\/www.webdo.tn\/fr\/wp-json\/wp\/v2\/comments?post=204335"}],"version-history":[{"count":0,"href":"https:\/\/www.webdo.tn\/fr\/wp-json\/wp\/v2\/posts\/204335\/revisions"}],"wp:featuredmedia":[{"embeddable":true,"href":"https:\/\/www.webdo.tn\/fr\/wp-json\/wp\/v2\/media\/251595"}],"wp:attachment":[{"href":"https:\/\/www.webdo.tn\/fr\/wp-json\/wp\/v2\/media?parent=204335"}],"wp:term":[{"taxonomy":"category","embeddable":true,"href":"https:\/\/www.webdo.tn\/fr\/wp-json\/wp\/v2\/categories?post=204335"},{"taxonomy":"post_tag","embeddable":true,"href":"https:\/\/www.webdo.tn\/fr\/wp-json\/wp\/v2\/tags?post=204335"}],"curies":[{"name":"wp","href":"https:\/\/api.w.org\/{rel}","templated":true}]}}