{"id":204326,"date":"2023-03-27T19:17:00","date_gmt":"2023-03-27T19:17:00","guid":{"rendered":"https:\/\/www.webdo.tn\/fr\/blog\/la-tunisie-appelle-l-ue-a-une-plus-grande-comprehension-de-la-phase-particuliere\/204326\/"},"modified":"2025-05-20T22:44:35","modified_gmt":"2025-05-20T22:44:35","slug":"la-tunisie-appelle-l-ue-a-une-plus-grande-comprehension-de-la-phase-particuliere","status":"publish","type":"post","link":"https:\/\/www.webdo.tn\/fr\/actualite\/national\/la-tunisie-appelle-l-ue-a-une-plus-grande-comprehension-de-la-phase-particuliere\/204326\/","title":{"rendered":"La Tunisie appelle l\u2019UE \u00e0 \u00ab une plus grande compr\u00e9hension \u00bb de la phase particuli\u00e8re"},"content":{"rendered":"<p>Le Ministre des Affaires \u00e9trang\u00e8res, de la Migration et des Tunisiens \u00e0 l&rsquo;Etranger Nabil Ammar a re\u00e7u, lundi, le Commissaire europ\u00e9en \u00e0 l&rsquo;Economie Paolo Gentiloni, en visite de travail en Tunisie.<\/p>\n<p>\t\t\t\t\t\t\t\t\tLe ministre a, \u00e0 cette occasion, invit\u00e9 la partie europ\u00e9enne \u00e0 faire preuve d&rsquo;une plus grande compr\u00e9hension dans cette phase particuli\u00e8re que traverse la Tunisie et d&rsquo;adopter un discours responsable et constructif qui refl\u00e8te la r\u00e9alit\u00e9 de la situation et valorise les acquis r\u00e9alis\u00e9s dans le cadre de la mise en place d&rsquo;une d\u00e9mocratie r\u00e9elle et d&rsquo;un mod\u00e8le de d\u00e9veloppement plus juste et inclusif qui r\u00e9pond aux attentes des tunisiens, lit-on dans un communiqu\u00e9 du minist\u00e8re des Affaires \u00e9trang\u00e8res.<\/p>\n<p>Ammar a, par ailleurs, salu\u00e9 l&rsquo;excellent partenariat strat\u00e9gique qui lie la Tunisie \u00e0 l&rsquo;Union Europ\u00e9enne, soulignant que la Tunisie compte sur la mobilisation de ses propres ressources et sur le soutien \u00e9conomique et financier de ses partenaires, y compris l&rsquo;Union europ\u00e9enne, pour la r\u00e9ussite de son processus de r\u00e9formes politiques, \u00e9conomiques et sociales, ajoute la m\u00eame source.<\/p>\n<p>Pour sa part, Paolo Gentiloni s&rsquo;est f\u00e9licit\u00e9 de la qualit\u00e9 du partenariat existant entre les deux parties et exprim\u00e9 la disposition de la partie europ\u00e9enne \u00e0 continuer son appui \u00e0 la Tunisie, aussi bien sur le plan bilat\u00e9ral que dans le cadre de ses relations avec le FMI.<\/p>\n","protected":false},"excerpt":{"rendered":"<p>Le Ministre des Affaires \u00e9trang\u00e8res, de la Migration et des Tunisiens \u00e0 l&rsquo;Etranger Nabil Ammar a re\u00e7u, lundi, le Commissaire europ\u00e9en \u00e0 l&rsquo;Economie Paolo Gentilo&#8230;<\/p>\n","protected":false},"author":3175,"featured_media":251591,"comment_status":"open","ping_status":"closed","sticky":false,"template":"","format":"standard","meta":{"footnotes":""},"categories":[44],"tags":[2608,2897],"class_list":["post-204326","post","type-post","status-publish","format-standard","has-post-thumbnail","hentry","category-national","tag-tunisie","tag-ue"],"yoast_head":"<!-- This site is optimized with the Yoast SEO Premium plugin v27.4 (Yoast SEO v27.4) - https:\/\/yoast.com\/product\/yoast-seo-premium-wordpress\/ -->\n<title>La Tunisie appelle l\u2019UE \u00e0 \u00ab une plus grande compr\u00e9hension \u00bb de la phase particuli\u00e8re<\/title>\n<meta name=\"description\" content=\"Le Ministre des Affaires \u00e9trang\u00e8res, de la Migration et des Tunisiens \u00e0 l&#039;Etranger Nabil Ammar a re\u00e7u, lundi, le Commissaire europ\u00e9en \u00e0 l&#039;Economie Paolo Gentilo...\" \/>\n<link rel=\"canonical\" href=\"https:\/\/www.webdo.tn\/fr\/actualite\/national\/la-tunisie-appelle-l-ue-a-une-plus-grande-comprehension-de-la-phase-particuliere\/204326\/\" \/>\n<meta property=\"og:locale\" content=\"fr_FR\" \/>\n<meta property=\"og:type\" content=\"article\" \/>\n<meta property=\"og:title\" content=\"La Tunisie appelle l\u2019UE \u00e0 \u00ab une plus grande compr\u00e9hension \u00bb de la phase particuli\u00e8re\" \/>\n<meta property=\"og:description\" content=\"Le Ministre des Affaires \u00e9trang\u00e8res, de la Migration et des Tunisiens \u00e0 l&#039;Etranger Nabil Ammar a re\u00e7u, lundi, le Commissaire europ\u00e9en \u00e0 l&#039;Economie Paolo Gentilo...\" \/>\n<meta property=\"og:url\" content=\"https:\/\/www.webdo.tn\/fr\/actualite\/national\/la-tunisie-appelle-l-ue-a-une-plus-grande-comprehension-de-la-phase-particuliere\/204326\/\" \/>\n<meta property=\"og:site_name\" content=\"webdo\" \/>\n<meta property=\"article:publisher\" content=\"https:\/\/www.facebook.com\/webdotn\" \/>\n<meta property=\"article:published_time\" content=\"2023-03-27T19:17:00+00:00\" \/>\n<meta property=\"article:modified_time\" content=\"2025-05-20T22:44:35+00:00\" \/>\n<meta property=\"og:image\" content=\"https:\/\/www.webdo.tn\/fr\/wp-content\/uploads\/2023\/03\/f1edabb97684a8f4d8fba4fcb314cfdf.jpg\" \/>\n\t<meta property=\"og:image:width\" content=\"750\" \/>\n\t<meta property=\"og:image:height\" content=\"400\" \/>\n\t<meta property=\"og:image:type\" content=\"image\/jpeg\" \/>\n<meta name=\"author\" content=\"CL\" \/>\n<meta name=\"twitter:card\" content=\"summary_large_image\" \/>\n<meta name=\"twitter:creator\" content=\"@webdo_tn\" \/>\n<meta name=\"twitter:site\" content=\"@webdo_tn\" \/>\n<meta name=\"twitter:label1\" content=\"\u00c9crit par\" \/>\n\t<meta name=\"twitter:data1\" content=\"CL\" \/>\n\t<meta name=\"twitter:label2\" content=\"Dur\u00e9e de lecture estim\u00e9e\" \/>\n\t<meta name=\"twitter:data2\" content=\"1 minute\" \/>\n<script type=\"application\/ld+json\" class=\"yoast-schema-graph\">{\"@context\":\"https:\\\/\\\/schema.org\",\"@graph\":[{\"@type\":\"NewsArticle\",\"@id\":\"https:\\\/\\\/www.webdo.tn\\\/fr\\\/actualite\\\/national\\\/la-tunisie-appelle-l-ue-a-une-plus-grande-comprehension-de-la-phase-particuliere\\\/204326\\\/#article\",\"isPartOf\":{\"@id\":\"https:\\\/\\\/www.webdo.tn\\\/fr\\\/actualite\\\/national\\\/la-tunisie-appelle-l-ue-a-une-plus-grande-comprehension-de-la-phase-particuliere\\\/204326\\\/\"},\"author\":{\"name\":\"CL\",\"@id\":\"https:\\\/\\\/www.webdo.tn\\\/fr\\\/#\\\/schema\\\/person\\\/f35b42a42c5e2511bbd282959d6385cc\"},\"headline\":\"La Tunisie appelle l\u2019UE \u00e0 \u00ab une plus grande compr\u00e9hension \u00bb de la phase particuli\u00e8re\",\"datePublished\":\"2023-03-27T19:17:00+00:00\",\"dateModified\":\"2025-05-20T22:44:35+00:00\",\"mainEntityOfPage\":{\"@id\":\"https:\\\/\\\/www.webdo.tn\\\/fr\\\/actualite\\\/national\\\/la-tunisie-appelle-l-ue-a-une-plus-grande-comprehension-de-la-phase-particuliere\\\/204326\\\/\"},\"wordCount\":259,\"commentCount\":0,\"publisher\":{\"@id\":\"https:\\\/\\\/www.webdo.tn\\\/fr\\\/#organization\"},\"image\":{\"@id\":\"https:\\\/\\\/www.webdo.tn\\\/fr\\\/actualite\\\/national\\\/la-tunisie-appelle-l-ue-a-une-plus-grande-comprehension-de-la-phase-particuliere\\\/204326\\\/#primaryimage\"},\"thumbnailUrl\":\"https:\\\/\\\/www.webdo.tn\\\/fr\\\/wp-content\\\/uploads\\\/2023\\\/03\\\/f1edabb97684a8f4d8fba4fcb314cfdf.jpg\",\"keywords\":[\"Tunisie\",\"UE\"],\"articleSection\":[\"National\"],\"inLanguage\":\"fr-FR\"},{\"@type\":\"WebPage\",\"@id\":\"https:\\\/\\\/www.webdo.tn\\\/fr\\\/actualite\\\/national\\\/la-tunisie-appelle-l-ue-a-une-plus-grande-comprehension-de-la-phase-particuliere\\\/204326\\\/\",\"url\":\"https:\\\/\\\/www.webdo.tn\\\/fr\\\/actualite\\\/national\\\/la-tunisie-appelle-l-ue-a-une-plus-grande-comprehension-de-la-phase-particuliere\\\/204326\\\/\",\"name\":\"La Tunisie appelle l\u2019UE \u00e0 \u00ab une plus grande compr\u00e9hension \u00bb de la phase particuli\u00e8re\",\"isPartOf\":{\"@id\":\"https:\\\/\\\/www.webdo.tn\\\/fr\\\/#website\"},\"primaryImageOfPage\":{\"@id\":\"https:\\\/\\\/www.webdo.tn\\\/fr\\\/actualite\\\/national\\\/la-tunisie-appelle-l-ue-a-une-plus-grande-comprehension-de-la-phase-particuliere\\\/204326\\\/#primaryimage\"},\"image\":{\"@id\":\"https:\\\/\\\/www.webdo.tn\\\/fr\\\/actualite\\\/national\\\/la-tunisie-appelle-l-ue-a-une-plus-grande-comprehension-de-la-phase-particuliere\\\/204326\\\/#primaryimage\"},\"thumbnailUrl\":\"https:\\\/\\\/www.webdo.tn\\\/fr\\\/wp-content\\\/uploads\\\/2023\\\/03\\\/f1edabb97684a8f4d8fba4fcb314cfdf.jpg\",\"datePublished\":\"2023-03-27T19:17:00+00:00\",\"dateModified\":\"2025-05-20T22:44:35+00:00\",\"description\":\"Le Ministre des Affaires \u00e9trang\u00e8res, de la Migration et des Tunisiens \u00e0 l'Etranger Nabil Ammar a re\u00e7u, lundi, le Commissaire europ\u00e9en \u00e0 l'Economie Paolo Gentilo...\",\"breadcrumb\":{\"@id\":\"https:\\\/\\\/www.webdo.tn\\\/fr\\\/actualite\\\/national\\\/la-tunisie-appelle-l-ue-a-une-plus-grande-comprehension-de-la-phase-particuliere\\\/204326\\\/#breadcrumb\"},\"inLanguage\":\"fr-FR\",\"potentialAction\":[{\"@type\":\"ReadAction\",\"target\":[\"https:\\\/\\\/www.webdo.tn\\\/fr\\\/actualite\\\/national\\\/la-tunisie-appelle-l-ue-a-une-plus-grande-comprehension-de-la-phase-particuliere\\\/204326\\\/\"]}]},{\"@type\":\"ImageObject\",\"inLanguage\":\"fr-FR\",\"@id\":\"https:\\\/\\\/www.webdo.tn\\\/fr\\\/actualite\\\/national\\\/la-tunisie-appelle-l-ue-a-une-plus-grande-comprehension-de-la-phase-particuliere\\\/204326\\\/#primaryimage\",\"url\":\"https:\\\/\\\/www.webdo.tn\\\/fr\\\/wp-content\\\/uploads\\\/2023\\\/03\\\/f1edabb97684a8f4d8fba4fcb314cfdf.jpg\",\"contentUrl\":\"https:\\\/\\\/www.webdo.tn\\\/fr\\\/wp-content\\\/uploads\\\/2023\\\/03\\\/f1edabb97684a8f4d8fba4fcb314cfdf.jpg\",\"width\":750,\"height\":400,\"caption\":\"Tunisie UE\"},{\"@type\":\"BreadcrumbList\",\"@id\":\"https:\\\/\\\/www.webdo.tn\\\/fr\\\/actualite\\\/national\\\/la-tunisie-appelle-l-ue-a-une-plus-grande-comprehension-de-la-phase-particuliere\\\/204326\\\/#breadcrumb\",\"itemListElement\":[{\"@type\":\"ListItem\",\"position\":1,\"name\":\"Accueil\",\"item\":\"https:\\\/\\\/www.webdo.tn\\\/fr\\\/\"},{\"@type\":\"ListItem\",\"position\":2,\"name\":\"La Tunisie appelle l\u2019UE \u00e0 \u00ab une plus grande compr\u00e9hension \u00bb de la phase particuli\u00e8re\"}]},{\"@type\":\"WebSite\",\"@id\":\"https:\\\/\\\/www.webdo.tn\\\/fr\\\/#website\",\"url\":\"https:\\\/\\\/www.webdo.tn\\\/fr\\\/\",\"name\":\"webdo\",\"description\":\"Tunisie - News en Tunisie et \u00e0 l&#039;international sur Webdo.tn\",\"publisher\":{\"@id\":\"https:\\\/\\\/www.webdo.tn\\\/fr\\\/#organization\"},\"potentialAction\":[{\"@type\":\"SearchAction\",\"target\":{\"@type\":\"EntryPoint\",\"urlTemplate\":\"https:\\\/\\\/www.webdo.tn\\\/fr\\\/?s={search_term_string}\"},\"query-input\":{\"@type\":\"PropertyValueSpecification\",\"valueRequired\":true,\"valueName\":\"search_term_string\"}}],\"inLanguage\":\"fr-FR\"},{\"@type\":\"Organization\",\"@id\":\"https:\\\/\\\/www.webdo.tn\\\/fr\\\/#organization\",\"name\":\"Webdo\",\"alternateName\":\"Webdo.tn\",\"url\":\"https:\\\/\\\/www.webdo.tn\\\/fr\\\/\",\"logo\":{\"@type\":\"ImageObject\",\"inLanguage\":\"fr-FR\",\"@id\":\"https:\\\/\\\/www.webdo.tn\\\/fr\\\/#\\\/schema\\\/logo\\\/image\\\/\",\"url\":\"https:\\\/\\\/www.webdo.tn\\\/fr\\\/wp-content\\\/uploads\\\/2025\\\/06\\\/Webdo-Tunisie_168377.jpg\",\"contentUrl\":\"https:\\\/\\\/www.webdo.tn\\\/fr\\\/wp-content\\\/uploads\\\/2025\\\/06\\\/Webdo-Tunisie_168377.jpg\",\"width\":301,\"height\":301,\"caption\":\"Webdo\"},\"image\":{\"@id\":\"https:\\\/\\\/www.webdo.tn\\\/fr\\\/#\\\/schema\\\/logo\\\/image\\\/\"},\"sameAs\":[\"https:\\\/\\\/www.facebook.com\\\/webdotn\",\"https:\\\/\\\/x.com\\\/webdo_tn\"],\"description\":\"Webdo est un m\u00e9dia num\u00e9rique tunisien fond\u00e9 en 2010, sp\u00e9cialis\u00e9 dans l\u2019actualit\u00e9 nationale et internationale, l\u2019\u00e9conomie, la soci\u00e9t\u00e9 et les analyses politiques. Le site s\u2019adresse \u00e0 un large public francophone et couvre l\u2019information tunisienne en temps r\u00e9el.\",\"email\":\"redac@webdo.tn\",\"legalName\":\"YNJ SARL\",\"foundingDate\":\"2010-09-06\",\"numberOfEmployees\":{\"@type\":\"QuantitativeValue\",\"minValue\":\"11\",\"maxValue\":\"50\"}},{\"@type\":\"Person\",\"@id\":\"https:\\\/\\\/www.webdo.tn\\\/fr\\\/#\\\/schema\\\/person\\\/f35b42a42c5e2511bbd282959d6385cc\",\"name\":\"CL\",\"image\":{\"@type\":\"ImageObject\",\"inLanguage\":\"fr-FR\",\"@id\":\"https:\\\/\\\/secure.gravatar.com\\\/avatar\\\/1447a49909b67aa657c488aec6512e1dd6143a480c1ecfee9b5b5cd74eb3b59e?s=96&d=mm&r=g\",\"url\":\"https:\\\/\\\/secure.gravatar.com\\\/avatar\\\/1447a49909b67aa657c488aec6512e1dd6143a480c1ecfee9b5b5cd74eb3b59e?s=96&d=mm&r=g\",\"contentUrl\":\"https:\\\/\\\/secure.gravatar.com\\\/avatar\\\/1447a49909b67aa657c488aec6512e1dd6143a480c1ecfee9b5b5cd74eb3b59e?s=96&d=mm&r=g\",\"caption\":\"CL\"},\"url\":\"https:\\\/\\\/www.webdo.tn\\\/fr\\\/actualite\\\/author\\\/cl\\\/\"}]}<\/script>\n<!-- \/ Yoast SEO Premium plugin. -->","yoast_head_json":{"title":"La Tunisie appelle l\u2019UE \u00e0 \u00ab une plus grande compr\u00e9hension \u00bb de la phase particuli\u00e8re","description":"Le Ministre des Affaires \u00e9trang\u00e8res, de la Migration et des Tunisiens \u00e0 l'Etranger Nabil Ammar a re\u00e7u, lundi, le Commissaire europ\u00e9en \u00e0 l'Economie Paolo Gentilo...","canonical":"https:\/\/www.webdo.tn\/fr\/actualite\/national\/la-tunisie-appelle-l-ue-a-une-plus-grande-comprehension-de-la-phase-particuliere\/204326\/","og_locale":"fr_FR","og_type":"article","og_title":"La Tunisie appelle l\u2019UE \u00e0 \u00ab une plus grande compr\u00e9hension \u00bb de la phase particuli\u00e8re","og_description":"Le Ministre des Affaires \u00e9trang\u00e8res, de la Migration et des Tunisiens \u00e0 l'Etranger Nabil Ammar a re\u00e7u, lundi, le Commissaire europ\u00e9en \u00e0 l'Economie Paolo Gentilo...","og_url":"https:\/\/www.webdo.tn\/fr\/actualite\/national\/la-tunisie-appelle-l-ue-a-une-plus-grande-comprehension-de-la-phase-particuliere\/204326\/","og_site_name":"webdo","article_publisher":"https:\/\/www.facebook.com\/webdotn","article_published_time":"2023-03-27T19:17:00+00:00","article_modified_time":"2025-05-20T22:44:35+00:00","og_image":[{"width":750,"height":400,"url":"https:\/\/www.webdo.tn\/fr\/wp-content\/uploads\/2023\/03\/f1edabb97684a8f4d8fba4fcb314cfdf.jpg","type":"image\/jpeg"}],"author":"CL","twitter_card":"summary_large_image","twitter_creator":"@webdo_tn","twitter_site":"@webdo_tn","twitter_misc":{"\u00c9crit par":"CL","Dur\u00e9e de lecture estim\u00e9e":"1 minute"},"schema":{"@context":"https:\/\/schema.org","@graph":[{"@type":"NewsArticle","@id":"https:\/\/www.webdo.tn\/fr\/actualite\/national\/la-tunisie-appelle-l-ue-a-une-plus-grande-comprehension-de-la-phase-particuliere\/204326\/#article","isPartOf":{"@id":"https:\/\/www.webdo.tn\/fr\/actualite\/national\/la-tunisie-appelle-l-ue-a-une-plus-grande-comprehension-de-la-phase-particuliere\/204326\/"},"author":{"name":"CL","@id":"https:\/\/www.webdo.tn\/fr\/#\/schema\/person\/f35b42a42c5e2511bbd282959d6385cc"},"headline":"La Tunisie appelle l\u2019UE \u00e0 \u00ab une plus grande compr\u00e9hension \u00bb de la phase particuli\u00e8re","datePublished":"2023-03-27T19:17:00+00:00","dateModified":"2025-05-20T22:44:35+00:00","mainEntityOfPage":{"@id":"https:\/\/www.webdo.tn\/fr\/actualite\/national\/la-tunisie-appelle-l-ue-a-une-plus-grande-comprehension-de-la-phase-particuliere\/204326\/"},"wordCount":259,"commentCount":0,"publisher":{"@id":"https:\/\/www.webdo.tn\/fr\/#organization"},"image":{"@id":"https:\/\/www.webdo.tn\/fr\/actualite\/national\/la-tunisie-appelle-l-ue-a-une-plus-grande-comprehension-de-la-phase-particuliere\/204326\/#primaryimage"},"thumbnailUrl":"https:\/\/www.webdo.tn\/fr\/wp-content\/uploads\/2023\/03\/f1edabb97684a8f4d8fba4fcb314cfdf.jpg","keywords":["Tunisie","UE"],"articleSection":["National"],"inLanguage":"fr-FR"},{"@type":"WebPage","@id":"https:\/\/www.webdo.tn\/fr\/actualite\/national\/la-tunisie-appelle-l-ue-a-une-plus-grande-comprehension-de-la-phase-particuliere\/204326\/","url":"https:\/\/www.webdo.tn\/fr\/actualite\/national\/la-tunisie-appelle-l-ue-a-une-plus-grande-comprehension-de-la-phase-particuliere\/204326\/","name":"La Tunisie appelle l\u2019UE \u00e0 \u00ab une plus grande compr\u00e9hension \u00bb de la phase particuli\u00e8re","isPartOf":{"@id":"https:\/\/www.webdo.tn\/fr\/#website"},"primaryImageOfPage":{"@id":"https:\/\/www.webdo.tn\/fr\/actualite\/national\/la-tunisie-appelle-l-ue-a-une-plus-grande-comprehension-de-la-phase-particuliere\/204326\/#primaryimage"},"image":{"@id":"https:\/\/www.webdo.tn\/fr\/actualite\/national\/la-tunisie-appelle-l-ue-a-une-plus-grande-comprehension-de-la-phase-particuliere\/204326\/#primaryimage"},"thumbnailUrl":"https:\/\/www.webdo.tn\/fr\/wp-content\/uploads\/2023\/03\/f1edabb97684a8f4d8fba4fcb314cfdf.jpg","datePublished":"2023-03-27T19:17:00+00:00","dateModified":"2025-05-20T22:44:35+00:00","description":"Le Ministre des Affaires \u00e9trang\u00e8res, de la Migration et des Tunisiens \u00e0 l'Etranger Nabil Ammar a re\u00e7u, lundi, le Commissaire europ\u00e9en \u00e0 l'Economie Paolo Gentilo...","breadcrumb":{"@id":"https:\/\/www.webdo.tn\/fr\/actualite\/national\/la-tunisie-appelle-l-ue-a-une-plus-grande-comprehension-de-la-phase-particuliere\/204326\/#breadcrumb"},"inLanguage":"fr-FR","potentialAction":[{"@type":"ReadAction","target":["https:\/\/www.webdo.tn\/fr\/actualite\/national\/la-tunisie-appelle-l-ue-a-une-plus-grande-comprehension-de-la-phase-particuliere\/204326\/"]}]},{"@type":"ImageObject","inLanguage":"fr-FR","@id":"https:\/\/www.webdo.tn\/fr\/actualite\/national\/la-tunisie-appelle-l-ue-a-une-plus-grande-comprehension-de-la-phase-particuliere\/204326\/#primaryimage","url":"https:\/\/www.webdo.tn\/fr\/wp-content\/uploads\/2023\/03\/f1edabb97684a8f4d8fba4fcb314cfdf.jpg","contentUrl":"https:\/\/www.webdo.tn\/fr\/wp-content\/uploads\/2023\/03\/f1edabb97684a8f4d8fba4fcb314cfdf.jpg","width":750,"height":400,"caption":"Tunisie UE"},{"@type":"BreadcrumbList","@id":"https:\/\/www.webdo.tn\/fr\/actualite\/national\/la-tunisie-appelle-l-ue-a-une-plus-grande-comprehension-de-la-phase-particuliere\/204326\/#breadcrumb","itemListElement":[{"@type":"ListItem","position":1,"name":"Accueil","item":"https:\/\/www.webdo.tn\/fr\/"},{"@type":"ListItem","position":2,"name":"La Tunisie appelle l\u2019UE \u00e0 \u00ab une plus grande compr\u00e9hension \u00bb de la phase particuli\u00e8re"}]},{"@type":"WebSite","@id":"https:\/\/www.webdo.tn\/fr\/#website","url":"https:\/\/www.webdo.tn\/fr\/","name":"webdo","description":"Tunisie - News en Tunisie et \u00e0 l&#039;international sur Webdo.tn","publisher":{"@id":"https:\/\/www.webdo.tn\/fr\/#organization"},"potentialAction":[{"@type":"SearchAction","target":{"@type":"EntryPoint","urlTemplate":"https:\/\/www.webdo.tn\/fr\/?s={search_term_string}"},"query-input":{"@type":"PropertyValueSpecification","valueRequired":true,"valueName":"search_term_string"}}],"inLanguage":"fr-FR"},{"@type":"Organization","@id":"https:\/\/www.webdo.tn\/fr\/#organization","name":"Webdo","alternateName":"Webdo.tn","url":"https:\/\/www.webdo.tn\/fr\/","logo":{"@type":"ImageObject","inLanguage":"fr-FR","@id":"https:\/\/www.webdo.tn\/fr\/#\/schema\/logo\/image\/","url":"https:\/\/www.webdo.tn\/fr\/wp-content\/uploads\/2025\/06\/Webdo-Tunisie_168377.jpg","contentUrl":"https:\/\/www.webdo.tn\/fr\/wp-content\/uploads\/2025\/06\/Webdo-Tunisie_168377.jpg","width":301,"height":301,"caption":"Webdo"},"image":{"@id":"https:\/\/www.webdo.tn\/fr\/#\/schema\/logo\/image\/"},"sameAs":["https:\/\/www.facebook.com\/webdotn","https:\/\/x.com\/webdo_tn"],"description":"Webdo est un m\u00e9dia num\u00e9rique tunisien fond\u00e9 en 2010, sp\u00e9cialis\u00e9 dans l\u2019actualit\u00e9 nationale et internationale, l\u2019\u00e9conomie, la soci\u00e9t\u00e9 et les analyses politiques. Le site s\u2019adresse \u00e0 un large public francophone et couvre l\u2019information tunisienne en temps r\u00e9el.","email":"redac@webdo.tn","legalName":"YNJ SARL","foundingDate":"2010-09-06","numberOfEmployees":{"@type":"QuantitativeValue","minValue":"11","maxValue":"50"}},{"@type":"Person","@id":"https:\/\/www.webdo.tn\/fr\/#\/schema\/person\/f35b42a42c5e2511bbd282959d6385cc","name":"CL","image":{"@type":"ImageObject","inLanguage":"fr-FR","@id":"https:\/\/secure.gravatar.com\/avatar\/1447a49909b67aa657c488aec6512e1dd6143a480c1ecfee9b5b5cd74eb3b59e?s=96&d=mm&r=g","url":"https:\/\/secure.gravatar.com\/avatar\/1447a49909b67aa657c488aec6512e1dd6143a480c1ecfee9b5b5cd74eb3b59e?s=96&d=mm&r=g","contentUrl":"https:\/\/secure.gravatar.com\/avatar\/1447a49909b67aa657c488aec6512e1dd6143a480c1ecfee9b5b5cd74eb3b59e?s=96&d=mm&r=g","caption":"CL"},"url":"https:\/\/www.webdo.tn\/fr\/actualite\/author\/cl\/"}]}},"_links":{"self":[{"href":"https:\/\/www.webdo.tn\/fr\/wp-json\/wp\/v2\/posts\/204326","targetHints":{"allow":["GET"]}}],"collection":[{"href":"https:\/\/www.webdo.tn\/fr\/wp-json\/wp\/v2\/posts"}],"about":[{"href":"https:\/\/www.webdo.tn\/fr\/wp-json\/wp\/v2\/types\/post"}],"author":[{"embeddable":true,"href":"https:\/\/www.webdo.tn\/fr\/wp-json\/wp\/v2\/users\/3175"}],"replies":[{"embeddable":true,"href":"https:\/\/www.webdo.tn\/fr\/wp-json\/wp\/v2\/comments?post=204326"}],"version-history":[{"count":0,"href":"https:\/\/www.webdo.tn\/fr\/wp-json\/wp\/v2\/posts\/204326\/revisions"}],"wp:featuredmedia":[{"embeddable":true,"href":"https:\/\/www.webdo.tn\/fr\/wp-json\/wp\/v2\/media\/251591"}],"wp:attachment":[{"href":"https:\/\/www.webdo.tn\/fr\/wp-json\/wp\/v2\/media?parent=204326"}],"wp:term":[{"taxonomy":"category","embeddable":true,"href":"https:\/\/www.webdo.tn\/fr\/wp-json\/wp\/v2\/categories?post=204326"},{"taxonomy":"post_tag","embeddable":true,"href":"https:\/\/www.webdo.tn\/fr\/wp-json\/wp\/v2\/tags?post=204326"}],"curies":[{"name":"wp","href":"https:\/\/api.w.org\/{rel}","templated":true}]}}