{"id":204295,"date":"2023-03-27T09:20:00","date_gmt":"2023-03-27T09:20:00","guid":{"rendered":"https:\/\/www.webdo.tn\/fr\/blog\/libye-deploiement-de-patrouilles-securitaires-tout-au-long-des-frontieres-tunisiennes\/204295\/"},"modified":"2025-05-20T22:44:39","modified_gmt":"2025-05-20T22:44:39","slug":"libye-deploiement-de-patrouilles-securitaires-tout-au-long-des-frontieres-tunisiennes","status":"publish","type":"post","link":"https:\/\/www.webdo.tn\/fr\/actualite\/international\/libye-deploiement-de-patrouilles-securitaires-tout-au-long-des-frontieres-tunisiennes\/204295\/","title":{"rendered":"Libye : D\u00e9ploiement de patrouilles s\u00e9curitaires \u00e0 la fronti\u00e8re tunisienne"},"content":{"rendered":"<p>Dans un communiqu\u00e9 rendu public, le minist\u00e8re de l\u2019Int\u00e9rieur du gouvernement d\u2019union nationale libyen a annonc\u00e9, hier dimanche 26 mars, le d\u00e9ploiement de patrouilles s\u00e9curitaires tout au long des fronti\u00e8res entre la Libye et la Tunisie.<\/p>\n<p>En effet, les parties libyennes annoncent \u00ab la poursuite de l\u2019action de son unit\u00e9 s\u00e9curitaire sahraouie, relevant de la garde frontali\u00e8re, \u00e0 travers des patrouilles s\u00e9curitaires tout au long des fronti\u00e8res avec la Tunisie, de la r\u00e9gion el-Assa au point, el-Ahimer, pour s\u00e9curiser les fronti\u00e8res du pays \u00bb.\u00a0<\/p>\n<p>La s\u00e9curisation des fronti\u00e8res entre la Tunisie et la Libye est une question complexe et importante, qui n\u00e9cessite une approche multilat\u00e9rale et coordonn\u00e9e entre les deux pays voisins, ainsi qu&rsquo;avec les autres pays de la r\u00e9gion et la communaut\u00e9 internationale.<\/p>\n<p>Pour s\u00e9curiser efficacement les fronti\u00e8res, la Tunisie et la Libye doivent renforcer leur coop\u00e9ration en mati\u00e8re de renseignement, de surveillance et de contr\u00f4le des mouvements de personnes et de marchandises. Cela n\u00e9cessite une am\u00e9lioration de la coordination entre les forces de s\u00e9curit\u00e9 des deux pays, ainsi que la mise en place de m\u00e9canismes de partage d&rsquo;informations et de formation des agents de s\u00e9curit\u00e9.<\/p>\n","protected":false},"excerpt":{"rendered":"<p>Dans un communiqu\u00e9 rendu public, le minist\u00e8re de l\u2019Int\u00e9rieur du gouvernement d\u2019union nationale libyen a annonc\u00e9, hier dimanche 26 mars, le d\u00e9ploiement de patrou&#8230;<\/p>\n","protected":false},"author":3175,"featured_media":251642,"comment_status":"open","ping_status":"closed","sticky":false,"template":"","format":"standard","meta":{"footnotes":""},"categories":[2598],"tags":[3279,2608],"class_list":["post-204295","post","type-post","status-publish","format-standard","has-post-thumbnail","hentry","category-international","tag-libye","tag-tunisie"],"yoast_head":"<!-- This site is optimized with the Yoast SEO Premium plugin v27.4 (Yoast SEO v27.4) - https:\/\/yoast.com\/product\/yoast-seo-premium-wordpress\/ -->\n<title>Libye : D\u00e9ploiement de patrouilles s\u00e9curitaires \u00e0 la fronti\u00e8re tunisienne<\/title>\n<meta name=\"description\" content=\"Dans un communiqu\u00e9 rendu public, le minist\u00e8re de l\u2019Int\u00e9rieur du gouvernement d\u2019union nationale libyen a annonc\u00e9, hier dimanche 26 mars, le d\u00e9ploiement de patrou...\" \/>\n<link rel=\"canonical\" href=\"https:\/\/www.webdo.tn\/fr\/actualite\/international\/libye-deploiement-de-patrouilles-securitaires-tout-au-long-des-frontieres-tunisiennes\/204295\/\" \/>\n<meta property=\"og:locale\" content=\"fr_FR\" \/>\n<meta property=\"og:type\" content=\"article\" \/>\n<meta property=\"og:title\" content=\"Libye : D\u00e9ploiement de patrouilles s\u00e9curitaires \u00e0 la fronti\u00e8re tunisienne\" \/>\n<meta property=\"og:description\" content=\"Dans un communiqu\u00e9 rendu public, le minist\u00e8re de l\u2019Int\u00e9rieur du gouvernement d\u2019union nationale libyen a annonc\u00e9, hier dimanche 26 mars, le d\u00e9ploiement de patrou...\" \/>\n<meta property=\"og:url\" content=\"https:\/\/www.webdo.tn\/fr\/actualite\/international\/libye-deploiement-de-patrouilles-securitaires-tout-au-long-des-frontieres-tunisiennes\/204295\/\" \/>\n<meta property=\"og:site_name\" content=\"webdo\" \/>\n<meta property=\"article:publisher\" content=\"https:\/\/www.facebook.com\/webdotn\" \/>\n<meta property=\"article:published_time\" content=\"2023-03-27T09:20:00+00:00\" \/>\n<meta property=\"article:modified_time\" content=\"2025-05-20T22:44:39+00:00\" \/>\n<meta property=\"og:image\" content=\"https:\/\/www.webdo.tn\/fr\/wp-content\/uploads\/2023\/03\/768b12ed66496719905307bedb26962b.jpg\" \/>\n\t<meta property=\"og:image:width\" content=\"750\" \/>\n\t<meta property=\"og:image:height\" content=\"400\" \/>\n\t<meta property=\"og:image:type\" content=\"image\/jpeg\" \/>\n<meta name=\"author\" content=\"CL\" \/>\n<meta name=\"twitter:card\" content=\"summary_large_image\" \/>\n<meta name=\"twitter:creator\" content=\"@webdo_tn\" \/>\n<meta name=\"twitter:site\" content=\"@webdo_tn\" \/>\n<meta name=\"twitter:label1\" content=\"\u00c9crit par\" \/>\n\t<meta name=\"twitter:data1\" content=\"CL\" \/>\n\t<meta name=\"twitter:label2\" content=\"Dur\u00e9e de lecture estim\u00e9e\" \/>\n\t<meta name=\"twitter:data2\" content=\"1 minute\" \/>\n<script type=\"application\/ld+json\" class=\"yoast-schema-graph\">{\"@context\":\"https:\\\/\\\/schema.org\",\"@graph\":[{\"@type\":\"NewsArticle\",\"@id\":\"https:\\\/\\\/www.webdo.tn\\\/fr\\\/actualite\\\/international\\\/libye-deploiement-de-patrouilles-securitaires-tout-au-long-des-frontieres-tunisiennes\\\/204295\\\/#article\",\"isPartOf\":{\"@id\":\"https:\\\/\\\/www.webdo.tn\\\/fr\\\/actualite\\\/international\\\/libye-deploiement-de-patrouilles-securitaires-tout-au-long-des-frontieres-tunisiennes\\\/204295\\\/\"},\"author\":{\"name\":\"CL\",\"@id\":\"https:\\\/\\\/www.webdo.tn\\\/fr\\\/#\\\/schema\\\/person\\\/f35b42a42c5e2511bbd282959d6385cc\"},\"headline\":\"Libye : D\u00e9ploiement de patrouilles s\u00e9curitaires \u00e0 la fronti\u00e8re tunisienne\",\"datePublished\":\"2023-03-27T09:20:00+00:00\",\"dateModified\":\"2025-05-20T22:44:39+00:00\",\"mainEntityOfPage\":{\"@id\":\"https:\\\/\\\/www.webdo.tn\\\/fr\\\/actualite\\\/international\\\/libye-deploiement-de-patrouilles-securitaires-tout-au-long-des-frontieres-tunisiennes\\\/204295\\\/\"},\"wordCount\":227,\"commentCount\":0,\"publisher\":{\"@id\":\"https:\\\/\\\/www.webdo.tn\\\/fr\\\/#organization\"},\"image\":{\"@id\":\"https:\\\/\\\/www.webdo.tn\\\/fr\\\/actualite\\\/international\\\/libye-deploiement-de-patrouilles-securitaires-tout-au-long-des-frontieres-tunisiennes\\\/204295\\\/#primaryimage\"},\"thumbnailUrl\":\"https:\\\/\\\/www.webdo.tn\\\/fr\\\/wp-content\\\/uploads\\\/2023\\\/03\\\/768b12ed66496719905307bedb26962b.jpg\",\"keywords\":[\"Libye\",\"Tunisie\"],\"articleSection\":[\"International\"],\"inLanguage\":\"fr-FR\"},{\"@type\":\"WebPage\",\"@id\":\"https:\\\/\\\/www.webdo.tn\\\/fr\\\/actualite\\\/international\\\/libye-deploiement-de-patrouilles-securitaires-tout-au-long-des-frontieres-tunisiennes\\\/204295\\\/\",\"url\":\"https:\\\/\\\/www.webdo.tn\\\/fr\\\/actualite\\\/international\\\/libye-deploiement-de-patrouilles-securitaires-tout-au-long-des-frontieres-tunisiennes\\\/204295\\\/\",\"name\":\"Libye : D\u00e9ploiement de patrouilles s\u00e9curitaires \u00e0 la fronti\u00e8re tunisienne\",\"isPartOf\":{\"@id\":\"https:\\\/\\\/www.webdo.tn\\\/fr\\\/#website\"},\"primaryImageOfPage\":{\"@id\":\"https:\\\/\\\/www.webdo.tn\\\/fr\\\/actualite\\\/international\\\/libye-deploiement-de-patrouilles-securitaires-tout-au-long-des-frontieres-tunisiennes\\\/204295\\\/#primaryimage\"},\"image\":{\"@id\":\"https:\\\/\\\/www.webdo.tn\\\/fr\\\/actualite\\\/international\\\/libye-deploiement-de-patrouilles-securitaires-tout-au-long-des-frontieres-tunisiennes\\\/204295\\\/#primaryimage\"},\"thumbnailUrl\":\"https:\\\/\\\/www.webdo.tn\\\/fr\\\/wp-content\\\/uploads\\\/2023\\\/03\\\/768b12ed66496719905307bedb26962b.jpg\",\"datePublished\":\"2023-03-27T09:20:00+00:00\",\"dateModified\":\"2025-05-20T22:44:39+00:00\",\"description\":\"Dans un communiqu\u00e9 rendu public, le minist\u00e8re de l\u2019Int\u00e9rieur du gouvernement d\u2019union nationale libyen a annonc\u00e9, hier dimanche 26 mars, le d\u00e9ploiement de patrou...\",\"breadcrumb\":{\"@id\":\"https:\\\/\\\/www.webdo.tn\\\/fr\\\/actualite\\\/international\\\/libye-deploiement-de-patrouilles-securitaires-tout-au-long-des-frontieres-tunisiennes\\\/204295\\\/#breadcrumb\"},\"inLanguage\":\"fr-FR\",\"potentialAction\":[{\"@type\":\"ReadAction\",\"target\":[\"https:\\\/\\\/www.webdo.tn\\\/fr\\\/actualite\\\/international\\\/libye-deploiement-de-patrouilles-securitaires-tout-au-long-des-frontieres-tunisiennes\\\/204295\\\/\"]}]},{\"@type\":\"ImageObject\",\"inLanguage\":\"fr-FR\",\"@id\":\"https:\\\/\\\/www.webdo.tn\\\/fr\\\/actualite\\\/international\\\/libye-deploiement-de-patrouilles-securitaires-tout-au-long-des-frontieres-tunisiennes\\\/204295\\\/#primaryimage\",\"url\":\"https:\\\/\\\/www.webdo.tn\\\/fr\\\/wp-content\\\/uploads\\\/2023\\\/03\\\/768b12ed66496719905307bedb26962b.jpg\",\"contentUrl\":\"https:\\\/\\\/www.webdo.tn\\\/fr\\\/wp-content\\\/uploads\\\/2023\\\/03\\\/768b12ed66496719905307bedb26962b.jpg\",\"width\":750,\"height\":400,\"caption\":\"Fronti\u00e8res\"},{\"@type\":\"BreadcrumbList\",\"@id\":\"https:\\\/\\\/www.webdo.tn\\\/fr\\\/actualite\\\/international\\\/libye-deploiement-de-patrouilles-securitaires-tout-au-long-des-frontieres-tunisiennes\\\/204295\\\/#breadcrumb\",\"itemListElement\":[{\"@type\":\"ListItem\",\"position\":1,\"name\":\"Accueil\",\"item\":\"https:\\\/\\\/www.webdo.tn\\\/fr\\\/\"},{\"@type\":\"ListItem\",\"position\":2,\"name\":\"Libye : D\u00e9ploiement de patrouilles s\u00e9curitaires \u00e0 la fronti\u00e8re tunisienne\"}]},{\"@type\":\"WebSite\",\"@id\":\"https:\\\/\\\/www.webdo.tn\\\/fr\\\/#website\",\"url\":\"https:\\\/\\\/www.webdo.tn\\\/fr\\\/\",\"name\":\"webdo\",\"description\":\"Tunisie - News en Tunisie et \u00e0 l&#039;international sur Webdo.tn\",\"publisher\":{\"@id\":\"https:\\\/\\\/www.webdo.tn\\\/fr\\\/#organization\"},\"potentialAction\":[{\"@type\":\"SearchAction\",\"target\":{\"@type\":\"EntryPoint\",\"urlTemplate\":\"https:\\\/\\\/www.webdo.tn\\\/fr\\\/?s={search_term_string}\"},\"query-input\":{\"@type\":\"PropertyValueSpecification\",\"valueRequired\":true,\"valueName\":\"search_term_string\"}}],\"inLanguage\":\"fr-FR\"},{\"@type\":\"Organization\",\"@id\":\"https:\\\/\\\/www.webdo.tn\\\/fr\\\/#organization\",\"name\":\"Webdo\",\"alternateName\":\"Webdo.tn\",\"url\":\"https:\\\/\\\/www.webdo.tn\\\/fr\\\/\",\"logo\":{\"@type\":\"ImageObject\",\"inLanguage\":\"fr-FR\",\"@id\":\"https:\\\/\\\/www.webdo.tn\\\/fr\\\/#\\\/schema\\\/logo\\\/image\\\/\",\"url\":\"https:\\\/\\\/www.webdo.tn\\\/fr\\\/wp-content\\\/uploads\\\/2025\\\/06\\\/Webdo-Tunisie_168377.jpg\",\"contentUrl\":\"https:\\\/\\\/www.webdo.tn\\\/fr\\\/wp-content\\\/uploads\\\/2025\\\/06\\\/Webdo-Tunisie_168377.jpg\",\"width\":301,\"height\":301,\"caption\":\"Webdo\"},\"image\":{\"@id\":\"https:\\\/\\\/www.webdo.tn\\\/fr\\\/#\\\/schema\\\/logo\\\/image\\\/\"},\"sameAs\":[\"https:\\\/\\\/www.facebook.com\\\/webdotn\",\"https:\\\/\\\/x.com\\\/webdo_tn\"],\"description\":\"Webdo est un m\u00e9dia num\u00e9rique tunisien fond\u00e9 en 2010, sp\u00e9cialis\u00e9 dans l\u2019actualit\u00e9 nationale et internationale, l\u2019\u00e9conomie, la soci\u00e9t\u00e9 et les analyses politiques. Le site s\u2019adresse \u00e0 un large public francophone et couvre l\u2019information tunisienne en temps r\u00e9el.\",\"email\":\"redac@webdo.tn\",\"legalName\":\"YNJ SARL\",\"foundingDate\":\"2010-09-06\",\"numberOfEmployees\":{\"@type\":\"QuantitativeValue\",\"minValue\":\"11\",\"maxValue\":\"50\"}},{\"@type\":\"Person\",\"@id\":\"https:\\\/\\\/www.webdo.tn\\\/fr\\\/#\\\/schema\\\/person\\\/f35b42a42c5e2511bbd282959d6385cc\",\"name\":\"CL\",\"image\":{\"@type\":\"ImageObject\",\"inLanguage\":\"fr-FR\",\"@id\":\"https:\\\/\\\/secure.gravatar.com\\\/avatar\\\/1447a49909b67aa657c488aec6512e1dd6143a480c1ecfee9b5b5cd74eb3b59e?s=96&d=mm&r=g\",\"url\":\"https:\\\/\\\/secure.gravatar.com\\\/avatar\\\/1447a49909b67aa657c488aec6512e1dd6143a480c1ecfee9b5b5cd74eb3b59e?s=96&d=mm&r=g\",\"contentUrl\":\"https:\\\/\\\/secure.gravatar.com\\\/avatar\\\/1447a49909b67aa657c488aec6512e1dd6143a480c1ecfee9b5b5cd74eb3b59e?s=96&d=mm&r=g\",\"caption\":\"CL\"},\"url\":\"https:\\\/\\\/www.webdo.tn\\\/fr\\\/actualite\\\/author\\\/cl\\\/\"}]}<\/script>\n<!-- \/ Yoast SEO Premium plugin. -->","yoast_head_json":{"title":"Libye : D\u00e9ploiement de patrouilles s\u00e9curitaires \u00e0 la fronti\u00e8re tunisienne","description":"Dans un communiqu\u00e9 rendu public, le minist\u00e8re de l\u2019Int\u00e9rieur du gouvernement d\u2019union nationale libyen a annonc\u00e9, hier dimanche 26 mars, le d\u00e9ploiement de patrou...","canonical":"https:\/\/www.webdo.tn\/fr\/actualite\/international\/libye-deploiement-de-patrouilles-securitaires-tout-au-long-des-frontieres-tunisiennes\/204295\/","og_locale":"fr_FR","og_type":"article","og_title":"Libye : D\u00e9ploiement de patrouilles s\u00e9curitaires \u00e0 la fronti\u00e8re tunisienne","og_description":"Dans un communiqu\u00e9 rendu public, le minist\u00e8re de l\u2019Int\u00e9rieur du gouvernement d\u2019union nationale libyen a annonc\u00e9, hier dimanche 26 mars, le d\u00e9ploiement de patrou...","og_url":"https:\/\/www.webdo.tn\/fr\/actualite\/international\/libye-deploiement-de-patrouilles-securitaires-tout-au-long-des-frontieres-tunisiennes\/204295\/","og_site_name":"webdo","article_publisher":"https:\/\/www.facebook.com\/webdotn","article_published_time":"2023-03-27T09:20:00+00:00","article_modified_time":"2025-05-20T22:44:39+00:00","og_image":[{"width":750,"height":400,"url":"https:\/\/www.webdo.tn\/fr\/wp-content\/uploads\/2023\/03\/768b12ed66496719905307bedb26962b.jpg","type":"image\/jpeg"}],"author":"CL","twitter_card":"summary_large_image","twitter_creator":"@webdo_tn","twitter_site":"@webdo_tn","twitter_misc":{"\u00c9crit par":"CL","Dur\u00e9e de lecture estim\u00e9e":"1 minute"},"schema":{"@context":"https:\/\/schema.org","@graph":[{"@type":"NewsArticle","@id":"https:\/\/www.webdo.tn\/fr\/actualite\/international\/libye-deploiement-de-patrouilles-securitaires-tout-au-long-des-frontieres-tunisiennes\/204295\/#article","isPartOf":{"@id":"https:\/\/www.webdo.tn\/fr\/actualite\/international\/libye-deploiement-de-patrouilles-securitaires-tout-au-long-des-frontieres-tunisiennes\/204295\/"},"author":{"name":"CL","@id":"https:\/\/www.webdo.tn\/fr\/#\/schema\/person\/f35b42a42c5e2511bbd282959d6385cc"},"headline":"Libye : D\u00e9ploiement de patrouilles s\u00e9curitaires \u00e0 la fronti\u00e8re tunisienne","datePublished":"2023-03-27T09:20:00+00:00","dateModified":"2025-05-20T22:44:39+00:00","mainEntityOfPage":{"@id":"https:\/\/www.webdo.tn\/fr\/actualite\/international\/libye-deploiement-de-patrouilles-securitaires-tout-au-long-des-frontieres-tunisiennes\/204295\/"},"wordCount":227,"commentCount":0,"publisher":{"@id":"https:\/\/www.webdo.tn\/fr\/#organization"},"image":{"@id":"https:\/\/www.webdo.tn\/fr\/actualite\/international\/libye-deploiement-de-patrouilles-securitaires-tout-au-long-des-frontieres-tunisiennes\/204295\/#primaryimage"},"thumbnailUrl":"https:\/\/www.webdo.tn\/fr\/wp-content\/uploads\/2023\/03\/768b12ed66496719905307bedb26962b.jpg","keywords":["Libye","Tunisie"],"articleSection":["International"],"inLanguage":"fr-FR"},{"@type":"WebPage","@id":"https:\/\/www.webdo.tn\/fr\/actualite\/international\/libye-deploiement-de-patrouilles-securitaires-tout-au-long-des-frontieres-tunisiennes\/204295\/","url":"https:\/\/www.webdo.tn\/fr\/actualite\/international\/libye-deploiement-de-patrouilles-securitaires-tout-au-long-des-frontieres-tunisiennes\/204295\/","name":"Libye : D\u00e9ploiement de patrouilles s\u00e9curitaires \u00e0 la fronti\u00e8re tunisienne","isPartOf":{"@id":"https:\/\/www.webdo.tn\/fr\/#website"},"primaryImageOfPage":{"@id":"https:\/\/www.webdo.tn\/fr\/actualite\/international\/libye-deploiement-de-patrouilles-securitaires-tout-au-long-des-frontieres-tunisiennes\/204295\/#primaryimage"},"image":{"@id":"https:\/\/www.webdo.tn\/fr\/actualite\/international\/libye-deploiement-de-patrouilles-securitaires-tout-au-long-des-frontieres-tunisiennes\/204295\/#primaryimage"},"thumbnailUrl":"https:\/\/www.webdo.tn\/fr\/wp-content\/uploads\/2023\/03\/768b12ed66496719905307bedb26962b.jpg","datePublished":"2023-03-27T09:20:00+00:00","dateModified":"2025-05-20T22:44:39+00:00","description":"Dans un communiqu\u00e9 rendu public, le minist\u00e8re de l\u2019Int\u00e9rieur du gouvernement d\u2019union nationale libyen a annonc\u00e9, hier dimanche 26 mars, le d\u00e9ploiement de patrou...","breadcrumb":{"@id":"https:\/\/www.webdo.tn\/fr\/actualite\/international\/libye-deploiement-de-patrouilles-securitaires-tout-au-long-des-frontieres-tunisiennes\/204295\/#breadcrumb"},"inLanguage":"fr-FR","potentialAction":[{"@type":"ReadAction","target":["https:\/\/www.webdo.tn\/fr\/actualite\/international\/libye-deploiement-de-patrouilles-securitaires-tout-au-long-des-frontieres-tunisiennes\/204295\/"]}]},{"@type":"ImageObject","inLanguage":"fr-FR","@id":"https:\/\/www.webdo.tn\/fr\/actualite\/international\/libye-deploiement-de-patrouilles-securitaires-tout-au-long-des-frontieres-tunisiennes\/204295\/#primaryimage","url":"https:\/\/www.webdo.tn\/fr\/wp-content\/uploads\/2023\/03\/768b12ed66496719905307bedb26962b.jpg","contentUrl":"https:\/\/www.webdo.tn\/fr\/wp-content\/uploads\/2023\/03\/768b12ed66496719905307bedb26962b.jpg","width":750,"height":400,"caption":"Fronti\u00e8res"},{"@type":"BreadcrumbList","@id":"https:\/\/www.webdo.tn\/fr\/actualite\/international\/libye-deploiement-de-patrouilles-securitaires-tout-au-long-des-frontieres-tunisiennes\/204295\/#breadcrumb","itemListElement":[{"@type":"ListItem","position":1,"name":"Accueil","item":"https:\/\/www.webdo.tn\/fr\/"},{"@type":"ListItem","position":2,"name":"Libye : D\u00e9ploiement de patrouilles s\u00e9curitaires \u00e0 la fronti\u00e8re tunisienne"}]},{"@type":"WebSite","@id":"https:\/\/www.webdo.tn\/fr\/#website","url":"https:\/\/www.webdo.tn\/fr\/","name":"webdo","description":"Tunisie - News en Tunisie et \u00e0 l&#039;international sur Webdo.tn","publisher":{"@id":"https:\/\/www.webdo.tn\/fr\/#organization"},"potentialAction":[{"@type":"SearchAction","target":{"@type":"EntryPoint","urlTemplate":"https:\/\/www.webdo.tn\/fr\/?s={search_term_string}"},"query-input":{"@type":"PropertyValueSpecification","valueRequired":true,"valueName":"search_term_string"}}],"inLanguage":"fr-FR"},{"@type":"Organization","@id":"https:\/\/www.webdo.tn\/fr\/#organization","name":"Webdo","alternateName":"Webdo.tn","url":"https:\/\/www.webdo.tn\/fr\/","logo":{"@type":"ImageObject","inLanguage":"fr-FR","@id":"https:\/\/www.webdo.tn\/fr\/#\/schema\/logo\/image\/","url":"https:\/\/www.webdo.tn\/fr\/wp-content\/uploads\/2025\/06\/Webdo-Tunisie_168377.jpg","contentUrl":"https:\/\/www.webdo.tn\/fr\/wp-content\/uploads\/2025\/06\/Webdo-Tunisie_168377.jpg","width":301,"height":301,"caption":"Webdo"},"image":{"@id":"https:\/\/www.webdo.tn\/fr\/#\/schema\/logo\/image\/"},"sameAs":["https:\/\/www.facebook.com\/webdotn","https:\/\/x.com\/webdo_tn"],"description":"Webdo est un m\u00e9dia num\u00e9rique tunisien fond\u00e9 en 2010, sp\u00e9cialis\u00e9 dans l\u2019actualit\u00e9 nationale et internationale, l\u2019\u00e9conomie, la soci\u00e9t\u00e9 et les analyses politiques. Le site s\u2019adresse \u00e0 un large public francophone et couvre l\u2019information tunisienne en temps r\u00e9el.","email":"redac@webdo.tn","legalName":"YNJ SARL","foundingDate":"2010-09-06","numberOfEmployees":{"@type":"QuantitativeValue","minValue":"11","maxValue":"50"}},{"@type":"Person","@id":"https:\/\/www.webdo.tn\/fr\/#\/schema\/person\/f35b42a42c5e2511bbd282959d6385cc","name":"CL","image":{"@type":"ImageObject","inLanguage":"fr-FR","@id":"https:\/\/secure.gravatar.com\/avatar\/1447a49909b67aa657c488aec6512e1dd6143a480c1ecfee9b5b5cd74eb3b59e?s=96&d=mm&r=g","url":"https:\/\/secure.gravatar.com\/avatar\/1447a49909b67aa657c488aec6512e1dd6143a480c1ecfee9b5b5cd74eb3b59e?s=96&d=mm&r=g","contentUrl":"https:\/\/secure.gravatar.com\/avatar\/1447a49909b67aa657c488aec6512e1dd6143a480c1ecfee9b5b5cd74eb3b59e?s=96&d=mm&r=g","caption":"CL"},"url":"https:\/\/www.webdo.tn\/fr\/actualite\/author\/cl\/"}]}},"_links":{"self":[{"href":"https:\/\/www.webdo.tn\/fr\/wp-json\/wp\/v2\/posts\/204295","targetHints":{"allow":["GET"]}}],"collection":[{"href":"https:\/\/www.webdo.tn\/fr\/wp-json\/wp\/v2\/posts"}],"about":[{"href":"https:\/\/www.webdo.tn\/fr\/wp-json\/wp\/v2\/types\/post"}],"author":[{"embeddable":true,"href":"https:\/\/www.webdo.tn\/fr\/wp-json\/wp\/v2\/users\/3175"}],"replies":[{"embeddable":true,"href":"https:\/\/www.webdo.tn\/fr\/wp-json\/wp\/v2\/comments?post=204295"}],"version-history":[{"count":0,"href":"https:\/\/www.webdo.tn\/fr\/wp-json\/wp\/v2\/posts\/204295\/revisions"}],"wp:featuredmedia":[{"embeddable":true,"href":"https:\/\/www.webdo.tn\/fr\/wp-json\/wp\/v2\/media\/251642"}],"wp:attachment":[{"href":"https:\/\/www.webdo.tn\/fr\/wp-json\/wp\/v2\/media?parent=204295"}],"wp:term":[{"taxonomy":"category","embeddable":true,"href":"https:\/\/www.webdo.tn\/fr\/wp-json\/wp\/v2\/categories?post=204295"},{"taxonomy":"post_tag","embeddable":true,"href":"https:\/\/www.webdo.tn\/fr\/wp-json\/wp\/v2\/tags?post=204295"}],"curies":[{"name":"wp","href":"https:\/\/api.w.org\/{rel}","templated":true}]}}