{"id":204270,"date":"2023-03-25T10:34:00","date_gmt":"2023-03-25T10:34:00","guid":{"rendered":"https:\/\/www.webdo.tn\/fr\/blog\/une-bonne-nouvelle-pour-carthage-une-campagne-de-fouilles-archeologiques-en-avril\/204270\/"},"modified":"2025-05-17T21:05:43","modified_gmt":"2025-05-17T21:05:43","slug":"une-bonne-nouvelle-pour-carthage-une-campagne-de-fouilles-archeologiques-en-avril","status":"publish","type":"post","link":"https:\/\/www.webdo.tn\/fr\/actualite\/culture\/une-bonne-nouvelle-pour-carthage-une-campagne-de-fouilles-archeologiques-en-avril\/204270\/","title":{"rendered":"Une bonne nouvelle pour Carthage : Une campagne de fouilles arch\u00e9ologiques en avril"},"content":{"rendered":"<p>Une mission arch\u00e9ologique italienne devrait se poursuivre \u00e0 Carthage du 24 avril au 13 mai, avec pour site principal la fameuse Rotonde qui se trouve \u00e0 proximit\u00e9 de la mosqu\u00e9e Imam Malek.<\/p>\n<p>\t\t\t\t\t\t\t\t\tCe site antique est un ensemble cultuel chr\u00e9tien \u00e9galement nomm\u00e9 \u00ab\u00a0monument circulaire\u00a0\u00bb. Une premi\u00e8re campagne avait eu lieu en 2022 pour d\u00e9gager ce site et les travaux des prochaines phases devraient se poursuivre jusqu&rsquo;au mois d&rsquo;octobre.<\/p>\n<p>Cette mission arch\u00e9ologique italienne est plac\u00e9e sous la supervision de l&rsquo;Institut national du patrimoine.<\/p>\n","protected":false},"excerpt":{"rendered":"<p>Une mission arch\u00e9ologique italienne devrait se poursuivre \u00e0 Carthage du 24 avril au 13 mai, avec pour site principal la fameuse Rotonde qui se trouve \u00e0 proximit&#8230;<\/p>\n","protected":false},"author":3229,"featured_media":277964,"comment_status":"open","ping_status":"closed","sticky":false,"template":"","format":"standard","meta":{"footnotes":""},"categories":[2594],"tags":[2745,3223,9407],"class_list":["post-204270","post","type-post","status-publish","format-standard","has-post-thumbnail","hentry","category-culture","tag-archeologie","tag-carthage","tag-fouilles"],"yoast_head":"<!-- This site is optimized with the Yoast SEO Premium plugin v27.5 (Yoast SEO v27.5) - https:\/\/yoast.com\/product\/yoast-seo-premium-wordpress\/ -->\n<title>Une bonne nouvelle pour Carthage : Une campagne de fouilles arch\u00e9ologiques en avril<\/title>\n<meta name=\"description\" content=\"Une mission arch\u00e9ologique italienne devrait se poursuivre \u00e0 Carthage du 24 avril au 13 mai, avec pour site principal la fameuse Rotonde qui se trouve \u00e0 proximit...\" \/>\n<link rel=\"canonical\" href=\"https:\/\/www.webdo.tn\/fr\/actualite\/culture\/une-bonne-nouvelle-pour-carthage-une-campagne-de-fouilles-archeologiques-en-avril\/204270\/\" \/>\n<meta property=\"og:locale\" content=\"fr_FR\" \/>\n<meta property=\"og:type\" content=\"article\" \/>\n<meta property=\"og:title\" content=\"Une bonne nouvelle pour Carthage : Une campagne de fouilles arch\u00e9ologiques en avril\" \/>\n<meta property=\"og:description\" content=\"Une mission arch\u00e9ologique italienne devrait se poursuivre \u00e0 Carthage du 24 avril au 13 mai, avec pour site principal la fameuse Rotonde qui se trouve \u00e0 proximit...\" \/>\n<meta property=\"og:url\" content=\"https:\/\/www.webdo.tn\/fr\/actualite\/culture\/une-bonne-nouvelle-pour-carthage-une-campagne-de-fouilles-archeologiques-en-avril\/204270\/\" \/>\n<meta property=\"og:site_name\" content=\"webdo\" \/>\n<meta property=\"article:publisher\" content=\"https:\/\/www.facebook.com\/webdotn\" \/>\n<meta property=\"article:author\" content=\"https:\/\/www.facebook.com\/hatem.bourial.2025\" \/>\n<meta property=\"article:published_time\" content=\"2023-03-25T10:34:00+00:00\" \/>\n<meta property=\"article:modified_time\" content=\"2025-05-17T21:05:43+00:00\" \/>\n<meta property=\"og:image\" content=\"https:\/\/www.webdo.tn\/fr\/wp-content\/uploads\/2023\/03\/5939d7cdefb4c8d95e9cfa7872df8692.jpg\" \/>\n\t<meta property=\"og:image:width\" content=\"720\" \/>\n\t<meta property=\"og:image:height\" content=\"384\" \/>\n\t<meta property=\"og:image:type\" content=\"image\/jpeg\" \/>\n<meta name=\"author\" content=\"Hatem Bourial\" \/>\n<meta name=\"twitter:card\" content=\"summary_large_image\" \/>\n<meta name=\"twitter:creator\" content=\"@webdo_tn\" \/>\n<meta name=\"twitter:site\" content=\"@webdo_tn\" \/>\n<meta name=\"twitter:label1\" content=\"\u00c9crit par\" \/>\n\t<meta name=\"twitter:data1\" content=\"Hatem Bourial\" \/>\n<script type=\"application\/ld+json\" class=\"yoast-schema-graph\">{\"@context\":\"https:\\\/\\\/schema.org\",\"@graph\":[{\"@type\":\"NewsArticle\",\"@id\":\"https:\\\/\\\/www.webdo.tn\\\/fr\\\/actualite\\\/culture\\\/une-bonne-nouvelle-pour-carthage-une-campagne-de-fouilles-archeologiques-en-avril\\\/204270\\\/#article\",\"isPartOf\":{\"@id\":\"https:\\\/\\\/www.webdo.tn\\\/fr\\\/actualite\\\/culture\\\/une-bonne-nouvelle-pour-carthage-une-campagne-de-fouilles-archeologiques-en-avril\\\/204270\\\/\"},\"author\":{\"name\":\"Hatem Bourial\",\"@id\":\"https:\\\/\\\/www.webdo.tn\\\/fr\\\/#\\\/schema\\\/person\\\/6bc0beba2cd23aec27cb5df85ca2554f\"},\"headline\":\"Une bonne nouvelle pour Carthage : Une campagne de fouilles arch\u00e9ologiques en avril\",\"datePublished\":\"2023-03-25T10:34:00+00:00\",\"dateModified\":\"2025-05-17T21:05:43+00:00\",\"mainEntityOfPage\":{\"@id\":\"https:\\\/\\\/www.webdo.tn\\\/fr\\\/actualite\\\/culture\\\/une-bonne-nouvelle-pour-carthage-une-campagne-de-fouilles-archeologiques-en-avril\\\/204270\\\/\"},\"wordCount\":100,\"commentCount\":0,\"publisher\":{\"@id\":\"https:\\\/\\\/www.webdo.tn\\\/fr\\\/#organization\"},\"image\":{\"@id\":\"https:\\\/\\\/www.webdo.tn\\\/fr\\\/actualite\\\/culture\\\/une-bonne-nouvelle-pour-carthage-une-campagne-de-fouilles-archeologiques-en-avril\\\/204270\\\/#primaryimage\"},\"thumbnailUrl\":\"https:\\\/\\\/www.webdo.tn\\\/fr\\\/wp-content\\\/uploads\\\/2023\\\/03\\\/5939d7cdefb4c8d95e9cfa7872df8692.jpg\",\"keywords\":[\"arch\u00e9ologie\",\"Carthage\",\"fouilles\"],\"articleSection\":[\"Culture\"],\"inLanguage\":\"fr-FR\"},{\"@type\":\"WebPage\",\"@id\":\"https:\\\/\\\/www.webdo.tn\\\/fr\\\/actualite\\\/culture\\\/une-bonne-nouvelle-pour-carthage-une-campagne-de-fouilles-archeologiques-en-avril\\\/204270\\\/\",\"url\":\"https:\\\/\\\/www.webdo.tn\\\/fr\\\/actualite\\\/culture\\\/une-bonne-nouvelle-pour-carthage-une-campagne-de-fouilles-archeologiques-en-avril\\\/204270\\\/\",\"name\":\"Une bonne nouvelle pour Carthage : Une campagne de fouilles arch\u00e9ologiques en avril\",\"isPartOf\":{\"@id\":\"https:\\\/\\\/www.webdo.tn\\\/fr\\\/#website\"},\"primaryImageOfPage\":{\"@id\":\"https:\\\/\\\/www.webdo.tn\\\/fr\\\/actualite\\\/culture\\\/une-bonne-nouvelle-pour-carthage-une-campagne-de-fouilles-archeologiques-en-avril\\\/204270\\\/#primaryimage\"},\"image\":{\"@id\":\"https:\\\/\\\/www.webdo.tn\\\/fr\\\/actualite\\\/culture\\\/une-bonne-nouvelle-pour-carthage-une-campagne-de-fouilles-archeologiques-en-avril\\\/204270\\\/#primaryimage\"},\"thumbnailUrl\":\"https:\\\/\\\/www.webdo.tn\\\/fr\\\/wp-content\\\/uploads\\\/2023\\\/03\\\/5939d7cdefb4c8d95e9cfa7872df8692.jpg\",\"datePublished\":\"2023-03-25T10:34:00+00:00\",\"dateModified\":\"2025-05-17T21:05:43+00:00\",\"description\":\"Une mission arch\u00e9ologique italienne devrait se poursuivre \u00e0 Carthage du 24 avril au 13 mai, avec pour site principal la fameuse Rotonde qui se trouve \u00e0 proximit...\",\"breadcrumb\":{\"@id\":\"https:\\\/\\\/www.webdo.tn\\\/fr\\\/actualite\\\/culture\\\/une-bonne-nouvelle-pour-carthage-une-campagne-de-fouilles-archeologiques-en-avril\\\/204270\\\/#breadcrumb\"},\"inLanguage\":\"fr-FR\",\"potentialAction\":[{\"@type\":\"ReadAction\",\"target\":[\"https:\\\/\\\/www.webdo.tn\\\/fr\\\/actualite\\\/culture\\\/une-bonne-nouvelle-pour-carthage-une-campagne-de-fouilles-archeologiques-en-avril\\\/204270\\\/\"]}]},{\"@type\":\"ImageObject\",\"inLanguage\":\"fr-FR\",\"@id\":\"https:\\\/\\\/www.webdo.tn\\\/fr\\\/actualite\\\/culture\\\/une-bonne-nouvelle-pour-carthage-une-campagne-de-fouilles-archeologiques-en-avril\\\/204270\\\/#primaryimage\",\"url\":\"https:\\\/\\\/www.webdo.tn\\\/fr\\\/wp-content\\\/uploads\\\/2023\\\/03\\\/5939d7cdefb4c8d95e9cfa7872df8692.jpg\",\"contentUrl\":\"https:\\\/\\\/www.webdo.tn\\\/fr\\\/wp-content\\\/uploads\\\/2023\\\/03\\\/5939d7cdefb4c8d95e9cfa7872df8692.jpg\",\"width\":720,\"height\":384,\"caption\":\"Une bonne nouvelle pour Carthage : Une campagne de fouilles arch\u00e9ologiques en avril\"},{\"@type\":\"BreadcrumbList\",\"@id\":\"https:\\\/\\\/www.webdo.tn\\\/fr\\\/actualite\\\/culture\\\/une-bonne-nouvelle-pour-carthage-une-campagne-de-fouilles-archeologiques-en-avril\\\/204270\\\/#breadcrumb\",\"itemListElement\":[{\"@type\":\"ListItem\",\"position\":1,\"name\":\"Accueil\",\"item\":\"https:\\\/\\\/www.webdo.tn\\\/fr\\\/\"},{\"@type\":\"ListItem\",\"position\":2,\"name\":\"Une bonne nouvelle pour Carthage : Une campagne de fouilles arch\u00e9ologiques en avril\"}]},{\"@type\":\"WebSite\",\"@id\":\"https:\\\/\\\/www.webdo.tn\\\/fr\\\/#website\",\"url\":\"https:\\\/\\\/www.webdo.tn\\\/fr\\\/\",\"name\":\"webdo\",\"description\":\"Tunisie - News en Tunisie et \u00e0 l&#039;international sur Webdo.tn\",\"publisher\":{\"@id\":\"https:\\\/\\\/www.webdo.tn\\\/fr\\\/#organization\"},\"potentialAction\":[{\"@type\":\"SearchAction\",\"target\":{\"@type\":\"EntryPoint\",\"urlTemplate\":\"https:\\\/\\\/www.webdo.tn\\\/fr\\\/?s={search_term_string}\"},\"query-input\":{\"@type\":\"PropertyValueSpecification\",\"valueRequired\":true,\"valueName\":\"search_term_string\"}}],\"inLanguage\":\"fr-FR\"},{\"@type\":\"Organization\",\"@id\":\"https:\\\/\\\/www.webdo.tn\\\/fr\\\/#organization\",\"name\":\"Webdo\",\"alternateName\":\"Webdo.tn\",\"url\":\"https:\\\/\\\/www.webdo.tn\\\/fr\\\/\",\"logo\":{\"@type\":\"ImageObject\",\"inLanguage\":\"fr-FR\",\"@id\":\"https:\\\/\\\/www.webdo.tn\\\/fr\\\/#\\\/schema\\\/logo\\\/image\\\/\",\"url\":\"https:\\\/\\\/www.webdo.tn\\\/fr\\\/wp-content\\\/uploads\\\/2025\\\/06\\\/Webdo-Tunisie_168377.jpg\",\"contentUrl\":\"https:\\\/\\\/www.webdo.tn\\\/fr\\\/wp-content\\\/uploads\\\/2025\\\/06\\\/Webdo-Tunisie_168377.jpg\",\"width\":301,\"height\":301,\"caption\":\"Webdo\"},\"image\":{\"@id\":\"https:\\\/\\\/www.webdo.tn\\\/fr\\\/#\\\/schema\\\/logo\\\/image\\\/\"},\"sameAs\":[\"https:\\\/\\\/www.facebook.com\\\/webdotn\",\"https:\\\/\\\/x.com\\\/webdo_tn\"],\"description\":\"Webdo est un m\u00e9dia num\u00e9rique tunisien fond\u00e9 en 2010, sp\u00e9cialis\u00e9 dans l\u2019actualit\u00e9 nationale et internationale, l\u2019\u00e9conomie, la soci\u00e9t\u00e9 et les analyses politiques. Le site s\u2019adresse \u00e0 un large public francophone et couvre l\u2019information tunisienne en temps r\u00e9el.\",\"email\":\"redac@webdo.tn\",\"legalName\":\"YNJ SARL\",\"foundingDate\":\"2010-09-06\",\"numberOfEmployees\":{\"@type\":\"QuantitativeValue\",\"minValue\":\"11\",\"maxValue\":\"50\"}},{\"@type\":\"Person\",\"@id\":\"https:\\\/\\\/www.webdo.tn\\\/fr\\\/#\\\/schema\\\/person\\\/6bc0beba2cd23aec27cb5df85ca2554f\",\"name\":\"Hatem Bourial\",\"image\":{\"@type\":\"ImageObject\",\"inLanguage\":\"fr-FR\",\"@id\":\"https:\\\/\\\/www.webdo.tn\\\/fr\\\/wp-content\\\/uploads\\\/2026\\\/04\\\/hatem-bourial_avatar-96x96.jpg\",\"url\":\"https:\\\/\\\/www.webdo.tn\\\/fr\\\/wp-content\\\/uploads\\\/2026\\\/04\\\/hatem-bourial_avatar-96x96.jpg\",\"contentUrl\":\"https:\\\/\\\/www.webdo.tn\\\/fr\\\/wp-content\\\/uploads\\\/2026\\\/04\\\/hatem-bourial_avatar-96x96.jpg\",\"caption\":\"Hatem Bourial\"},\"description\":\"Hatem Bourial est journaliste, \u00e9crivain et chroniqueur tunisien. Actif depuis plusieurs d\u00e9cennies, il s\u2019est impos\u00e9 comme un observateur attentif de la soci\u00e9t\u00e9 tunisienne, m\u00ealant dans ses \u00e9crits m\u00e9moire, culture et analyse du quotidien. Auteur de nombreux ouvrages, il d\u00e9veloppe une \u0153uvre \u00e0 la crois\u00e9e du r\u00e9cit, de la po\u00e9sie et de l\u2019observation sociologique. Parall\u00e8lement \u00e0 ses contributions dans la presse, il intervient r\u00e9guli\u00e8rement \u00e0 la radio et dans des espaces culturels, o\u00f9 il explore les enjeux li\u00e9s au patrimoine, \u00e0 l\u2019identit\u00e9 et aux transformations du monde contemporain. \u00c0 travers ses chroniques, Hatem Bourial propose une lecture sensible et approfondie de l\u2019actualit\u00e9, nourrie par une exp\u00e9rience journalistique et litt\u00e9raire reconnue. \ud83d\udd17 Facebook : https:\\\/\\\/www.facebook.com\\\/hatem.bourial.2025\",\"sameAs\":[\"https:\\\/\\\/www.facebook.com\\\/hatem.bourial.2025\",\"https:\\\/\\\/fr.wikipedia.org\\\/wiki\\\/Fichier:Hatem_Bourial.jpg\"],\"knowsAbout\":[\"Culture & patrimoine tunisien\",\"Chronique soci\u00e9tale\",\"Litt\u00e9rature & m\u00e9moire\",\"Cin\u00e9ma & critique culturelle\",\"Identit\u00e9 & mutations sociales\"],\"knowsLanguage\":[\"Arabe\",\"Fran\u00e7ais\",\"Anglais\",\"Italien\",\"Polonais\"],\"jobTitle\":\"Journaliste, \u00e9crivain et chroniqueur culturel\",\"worksFor\":\"Webdo\",\"url\":\"https:\\\/\\\/www.webdo.tn\\\/fr\\\/actualite\\\/author\\\/hatem-bourial-2\\\/\"}]}<\/script>\n<!-- \/ Yoast SEO Premium plugin. -->","yoast_head_json":{"title":"Une bonne nouvelle pour Carthage : Une campagne de fouilles arch\u00e9ologiques en avril","description":"Une mission arch\u00e9ologique italienne devrait se poursuivre \u00e0 Carthage du 24 avril au 13 mai, avec pour site principal la fameuse Rotonde qui se trouve \u00e0 proximit...","canonical":"https:\/\/www.webdo.tn\/fr\/actualite\/culture\/une-bonne-nouvelle-pour-carthage-une-campagne-de-fouilles-archeologiques-en-avril\/204270\/","og_locale":"fr_FR","og_type":"article","og_title":"Une bonne nouvelle pour Carthage : Une campagne de fouilles arch\u00e9ologiques en avril","og_description":"Une mission arch\u00e9ologique italienne devrait se poursuivre \u00e0 Carthage du 24 avril au 13 mai, avec pour site principal la fameuse Rotonde qui se trouve \u00e0 proximit...","og_url":"https:\/\/www.webdo.tn\/fr\/actualite\/culture\/une-bonne-nouvelle-pour-carthage-une-campagne-de-fouilles-archeologiques-en-avril\/204270\/","og_site_name":"webdo","article_publisher":"https:\/\/www.facebook.com\/webdotn","article_author":"https:\/\/www.facebook.com\/hatem.bourial.2025","article_published_time":"2023-03-25T10:34:00+00:00","article_modified_time":"2025-05-17T21:05:43+00:00","og_image":[{"width":720,"height":384,"url":"https:\/\/www.webdo.tn\/fr\/wp-content\/uploads\/2023\/03\/5939d7cdefb4c8d95e9cfa7872df8692.jpg","type":"image\/jpeg"}],"author":"Hatem Bourial","twitter_card":"summary_large_image","twitter_creator":"@webdo_tn","twitter_site":"@webdo_tn","twitter_misc":{"\u00c9crit par":"Hatem Bourial"},"schema":{"@context":"https:\/\/schema.org","@graph":[{"@type":"NewsArticle","@id":"https:\/\/www.webdo.tn\/fr\/actualite\/culture\/une-bonne-nouvelle-pour-carthage-une-campagne-de-fouilles-archeologiques-en-avril\/204270\/#article","isPartOf":{"@id":"https:\/\/www.webdo.tn\/fr\/actualite\/culture\/une-bonne-nouvelle-pour-carthage-une-campagne-de-fouilles-archeologiques-en-avril\/204270\/"},"author":{"name":"Hatem Bourial","@id":"https:\/\/www.webdo.tn\/fr\/#\/schema\/person\/6bc0beba2cd23aec27cb5df85ca2554f"},"headline":"Une bonne nouvelle pour Carthage : Une campagne de fouilles arch\u00e9ologiques en avril","datePublished":"2023-03-25T10:34:00+00:00","dateModified":"2025-05-17T21:05:43+00:00","mainEntityOfPage":{"@id":"https:\/\/www.webdo.tn\/fr\/actualite\/culture\/une-bonne-nouvelle-pour-carthage-une-campagne-de-fouilles-archeologiques-en-avril\/204270\/"},"wordCount":100,"commentCount":0,"publisher":{"@id":"https:\/\/www.webdo.tn\/fr\/#organization"},"image":{"@id":"https:\/\/www.webdo.tn\/fr\/actualite\/culture\/une-bonne-nouvelle-pour-carthage-une-campagne-de-fouilles-archeologiques-en-avril\/204270\/#primaryimage"},"thumbnailUrl":"https:\/\/www.webdo.tn\/fr\/wp-content\/uploads\/2023\/03\/5939d7cdefb4c8d95e9cfa7872df8692.jpg","keywords":["arch\u00e9ologie","Carthage","fouilles"],"articleSection":["Culture"],"inLanguage":"fr-FR"},{"@type":"WebPage","@id":"https:\/\/www.webdo.tn\/fr\/actualite\/culture\/une-bonne-nouvelle-pour-carthage-une-campagne-de-fouilles-archeologiques-en-avril\/204270\/","url":"https:\/\/www.webdo.tn\/fr\/actualite\/culture\/une-bonne-nouvelle-pour-carthage-une-campagne-de-fouilles-archeologiques-en-avril\/204270\/","name":"Une bonne nouvelle pour Carthage : Une campagne de fouilles arch\u00e9ologiques en avril","isPartOf":{"@id":"https:\/\/www.webdo.tn\/fr\/#website"},"primaryImageOfPage":{"@id":"https:\/\/www.webdo.tn\/fr\/actualite\/culture\/une-bonne-nouvelle-pour-carthage-une-campagne-de-fouilles-archeologiques-en-avril\/204270\/#primaryimage"},"image":{"@id":"https:\/\/www.webdo.tn\/fr\/actualite\/culture\/une-bonne-nouvelle-pour-carthage-une-campagne-de-fouilles-archeologiques-en-avril\/204270\/#primaryimage"},"thumbnailUrl":"https:\/\/www.webdo.tn\/fr\/wp-content\/uploads\/2023\/03\/5939d7cdefb4c8d95e9cfa7872df8692.jpg","datePublished":"2023-03-25T10:34:00+00:00","dateModified":"2025-05-17T21:05:43+00:00","description":"Une mission arch\u00e9ologique italienne devrait se poursuivre \u00e0 Carthage du 24 avril au 13 mai, avec pour site principal la fameuse Rotonde qui se trouve \u00e0 proximit...","breadcrumb":{"@id":"https:\/\/www.webdo.tn\/fr\/actualite\/culture\/une-bonne-nouvelle-pour-carthage-une-campagne-de-fouilles-archeologiques-en-avril\/204270\/#breadcrumb"},"inLanguage":"fr-FR","potentialAction":[{"@type":"ReadAction","target":["https:\/\/www.webdo.tn\/fr\/actualite\/culture\/une-bonne-nouvelle-pour-carthage-une-campagne-de-fouilles-archeologiques-en-avril\/204270\/"]}]},{"@type":"ImageObject","inLanguage":"fr-FR","@id":"https:\/\/www.webdo.tn\/fr\/actualite\/culture\/une-bonne-nouvelle-pour-carthage-une-campagne-de-fouilles-archeologiques-en-avril\/204270\/#primaryimage","url":"https:\/\/www.webdo.tn\/fr\/wp-content\/uploads\/2023\/03\/5939d7cdefb4c8d95e9cfa7872df8692.jpg","contentUrl":"https:\/\/www.webdo.tn\/fr\/wp-content\/uploads\/2023\/03\/5939d7cdefb4c8d95e9cfa7872df8692.jpg","width":720,"height":384,"caption":"Une bonne nouvelle pour Carthage : Une campagne de fouilles arch\u00e9ologiques en avril"},{"@type":"BreadcrumbList","@id":"https:\/\/www.webdo.tn\/fr\/actualite\/culture\/une-bonne-nouvelle-pour-carthage-une-campagne-de-fouilles-archeologiques-en-avril\/204270\/#breadcrumb","itemListElement":[{"@type":"ListItem","position":1,"name":"Accueil","item":"https:\/\/www.webdo.tn\/fr\/"},{"@type":"ListItem","position":2,"name":"Une bonne nouvelle pour Carthage : Une campagne de fouilles arch\u00e9ologiques en avril"}]},{"@type":"WebSite","@id":"https:\/\/www.webdo.tn\/fr\/#website","url":"https:\/\/www.webdo.tn\/fr\/","name":"webdo","description":"Tunisie - News en Tunisie et \u00e0 l&#039;international sur Webdo.tn","publisher":{"@id":"https:\/\/www.webdo.tn\/fr\/#organization"},"potentialAction":[{"@type":"SearchAction","target":{"@type":"EntryPoint","urlTemplate":"https:\/\/www.webdo.tn\/fr\/?s={search_term_string}"},"query-input":{"@type":"PropertyValueSpecification","valueRequired":true,"valueName":"search_term_string"}}],"inLanguage":"fr-FR"},{"@type":"Organization","@id":"https:\/\/www.webdo.tn\/fr\/#organization","name":"Webdo","alternateName":"Webdo.tn","url":"https:\/\/www.webdo.tn\/fr\/","logo":{"@type":"ImageObject","inLanguage":"fr-FR","@id":"https:\/\/www.webdo.tn\/fr\/#\/schema\/logo\/image\/","url":"https:\/\/www.webdo.tn\/fr\/wp-content\/uploads\/2025\/06\/Webdo-Tunisie_168377.jpg","contentUrl":"https:\/\/www.webdo.tn\/fr\/wp-content\/uploads\/2025\/06\/Webdo-Tunisie_168377.jpg","width":301,"height":301,"caption":"Webdo"},"image":{"@id":"https:\/\/www.webdo.tn\/fr\/#\/schema\/logo\/image\/"},"sameAs":["https:\/\/www.facebook.com\/webdotn","https:\/\/x.com\/webdo_tn"],"description":"Webdo est un m\u00e9dia num\u00e9rique tunisien fond\u00e9 en 2010, sp\u00e9cialis\u00e9 dans l\u2019actualit\u00e9 nationale et internationale, l\u2019\u00e9conomie, la soci\u00e9t\u00e9 et les analyses politiques. Le site s\u2019adresse \u00e0 un large public francophone et couvre l\u2019information tunisienne en temps r\u00e9el.","email":"redac@webdo.tn","legalName":"YNJ SARL","foundingDate":"2010-09-06","numberOfEmployees":{"@type":"QuantitativeValue","minValue":"11","maxValue":"50"}},{"@type":"Person","@id":"https:\/\/www.webdo.tn\/fr\/#\/schema\/person\/6bc0beba2cd23aec27cb5df85ca2554f","name":"Hatem Bourial","image":{"@type":"ImageObject","inLanguage":"fr-FR","@id":"https:\/\/www.webdo.tn\/fr\/wp-content\/uploads\/2026\/04\/hatem-bourial_avatar-96x96.jpg","url":"https:\/\/www.webdo.tn\/fr\/wp-content\/uploads\/2026\/04\/hatem-bourial_avatar-96x96.jpg","contentUrl":"https:\/\/www.webdo.tn\/fr\/wp-content\/uploads\/2026\/04\/hatem-bourial_avatar-96x96.jpg","caption":"Hatem Bourial"},"description":"Hatem Bourial est journaliste, \u00e9crivain et chroniqueur tunisien. Actif depuis plusieurs d\u00e9cennies, il s\u2019est impos\u00e9 comme un observateur attentif de la soci\u00e9t\u00e9 tunisienne, m\u00ealant dans ses \u00e9crits m\u00e9moire, culture et analyse du quotidien. Auteur de nombreux ouvrages, il d\u00e9veloppe une \u0153uvre \u00e0 la crois\u00e9e du r\u00e9cit, de la po\u00e9sie et de l\u2019observation sociologique. Parall\u00e8lement \u00e0 ses contributions dans la presse, il intervient r\u00e9guli\u00e8rement \u00e0 la radio et dans des espaces culturels, o\u00f9 il explore les enjeux li\u00e9s au patrimoine, \u00e0 l\u2019identit\u00e9 et aux transformations du monde contemporain. \u00c0 travers ses chroniques, Hatem Bourial propose une lecture sensible et approfondie de l\u2019actualit\u00e9, nourrie par une exp\u00e9rience journalistique et litt\u00e9raire reconnue. \ud83d\udd17 Facebook : https:\/\/www.facebook.com\/hatem.bourial.2025","sameAs":["https:\/\/www.facebook.com\/hatem.bourial.2025","https:\/\/fr.wikipedia.org\/wiki\/Fichier:Hatem_Bourial.jpg"],"knowsAbout":["Culture & patrimoine tunisien","Chronique soci\u00e9tale","Litt\u00e9rature & m\u00e9moire","Cin\u00e9ma & critique culturelle","Identit\u00e9 & mutations sociales"],"knowsLanguage":["Arabe","Fran\u00e7ais","Anglais","Italien","Polonais"],"jobTitle":"Journaliste, \u00e9crivain et chroniqueur culturel","worksFor":"Webdo","url":"https:\/\/www.webdo.tn\/fr\/actualite\/author\/hatem-bourial-2\/"}]}},"_links":{"self":[{"href":"https:\/\/www.webdo.tn\/fr\/wp-json\/wp\/v2\/posts\/204270","targetHints":{"allow":["GET"]}}],"collection":[{"href":"https:\/\/www.webdo.tn\/fr\/wp-json\/wp\/v2\/posts"}],"about":[{"href":"https:\/\/www.webdo.tn\/fr\/wp-json\/wp\/v2\/types\/post"}],"author":[{"embeddable":true,"href":"https:\/\/www.webdo.tn\/fr\/wp-json\/wp\/v2\/users\/3229"}],"replies":[{"embeddable":true,"href":"https:\/\/www.webdo.tn\/fr\/wp-json\/wp\/v2\/comments?post=204270"}],"version-history":[{"count":0,"href":"https:\/\/www.webdo.tn\/fr\/wp-json\/wp\/v2\/posts\/204270\/revisions"}],"wp:featuredmedia":[{"embeddable":true,"href":"https:\/\/www.webdo.tn\/fr\/wp-json\/wp\/v2\/media\/277964"}],"wp:attachment":[{"href":"https:\/\/www.webdo.tn\/fr\/wp-json\/wp\/v2\/media?parent=204270"}],"wp:term":[{"taxonomy":"category","embeddable":true,"href":"https:\/\/www.webdo.tn\/fr\/wp-json\/wp\/v2\/categories?post=204270"},{"taxonomy":"post_tag","embeddable":true,"href":"https:\/\/www.webdo.tn\/fr\/wp-json\/wp\/v2\/tags?post=204270"}],"curies":[{"name":"wp","href":"https:\/\/api.w.org\/{rel}","templated":true}]}}