{"id":204265,"date":"2023-03-25T08:54:00","date_gmt":"2023-03-25T08:54:00","guid":{"rendered":"https:\/\/www.webdo.tn\/fr\/blog\/fallujah-la-haica-se-prononce-contre-toute-action-de-censure\/204265\/"},"modified":"2025-05-20T22:08:12","modified_gmt":"2025-05-20T22:08:12","slug":"fallujah-la-haica-se-prononce-contre-toute-action-de-censure","status":"publish","type":"post","link":"https:\/\/www.webdo.tn\/fr\/actualite\/national\/fallujah-la-haica-se-prononce-contre-toute-action-de-censure\/204265\/","title":{"rendered":"\u00ab\u00a0Fallujah\u00a0\u00bb : La HAICA se prononce \u00ab\u00a0contre toute action de censure\u00a0\u00bb"},"content":{"rendered":"<p>Depuis la diffusion du premier \u00e9pisode, le feuilleton ramadanesque \u00ab\u00a0Fallujah\u00a0\u00bb est dans le collimateur de plusieurs parties. La pol\u00e9mique est telle qu\u2019on parle m\u00eame d\u2019un arr\u00eat de sa diffusion.<\/p>\n<p>\t\t\t\t\t\t\t\t\tLe feuilleton \u00ab\u00a0Fallujah\u00a0\u00bb de Saoussen Jemni, est diffus\u00e9 sur El-Hiwar Ettounsi. Le premier \u00e9pisode a provoqu\u00e9 une v\u00e9ritable vague de col\u00e8re en premier lieu au sein des \u00e9ducateurs et enseignants.<\/p>\n<p>Le ministre de l&rsquo;Education, Mohamed Ali Boughdiri, a d\u00e9nonc\u00e9 les sc\u00e8nes contenues dans le feuilleton. Selon lui, cette s\u00e9rie porte atteinte \u00e0 l&rsquo;image de tout le corps \u00e9ducatif dont les \u00e9l\u00e8ves, professeurs, surveillants et directeurs des lyc\u00e9es.<\/p>\n<p>Il a assur\u00e9 qu&rsquo;une plainte urgente sera d\u00e9pos\u00e9e pour arr\u00eater la diffusion de cette s\u00e9rie qui a \u00e9t\u00e9 au menu d&rsquo;un Conseil minist\u00e9riel de ce vendredi 24 mars, sous la pr\u00e9sidence de la cheffe du gouvernement, Najla Bouden.<\/p>\n<p>\u00ab\u00a0Les ministres r\u00e9unis ont \u00e0 l&rsquo;unanimit\u00e9 jug\u00e9 des sc\u00e8nes violentes dans la s\u00e9rie et qui ne refl\u00e8tent pas la r\u00e9alit\u00e9 dans les institutions \u00e9ducatives nationales\u00a0\u00bb, a fait savoir le ministre, rapporte l\u2019agence TAP.<\/p>\n<p>Pour sa part, Hichem Snoussi, repr\u00e9sentant de la Haute Autorit\u00e9 Ind\u00e9pendante de la Communication Audiovisuelle (HAICA), a estim\u00e9 qu&rsquo;il est \u00ab\u00a0encore t\u00f4t pour se prononcer sur la qualit\u00e9 des productions t\u00e9l\u00e9visuelles\u00a0\u00bb.<\/p>\n<p>Il s\u2019est surtout exprim\u00e9 contre toute action de censure qui ne doit pas \u00eatre \u00ab\u00a0banalis\u00e9e\u00a0\u00bb et rappel\u00e9 que dans ce genre de pol\u00e9mique, la HAICA en sa qualit\u00e9 d&rsquo;institution publique sp\u00e9cialis\u00e9e se garde de tout jugement h\u00e2tif.<\/p>\n<p>\u00ab\u00a0Toute d\u00e9cision \u00e0 ce sujet ne doit \u00eatre faite qu&rsquo;apr\u00e8s audition de l&rsquo;\u00e9quipe du feuilleton, en vue de savoir son point de vue, pour enfin prendre la d\u00e9cision ad\u00e9quate\u00a0\u00bb, a expliqu\u00e9 Hichem Snoussi dans une d\u00e9claration accord\u00e9e \u00e0 l\u2019agence TAP.<\/p>\n","protected":false},"excerpt":{"rendered":"<p>Depuis la diffusion du premier \u00e9pisode, le feuilleton ramadanesque  Fallujah  est dans le collimateur de plusieurs parties. La pol\u00e9mique est telle qu\u2019on parle m&#8230;<\/p>\n","protected":false},"author":3162,"featured_media":277966,"comment_status":"open","ping_status":"closed","sticky":false,"template":"","format":"standard","meta":{"footnotes":""},"categories":[44],"tags":[8614,3833,3775,6042,3512],"class_list":["post-204265","post","type-post","status-publish","format-standard","has-post-thumbnail","hentry","category-national","tag-fallujah","tag-feuilleton","tag-haica","tag-polemique","tag-ramadan"],"yoast_head":"<!-- This site is optimized with the Yoast SEO Premium plugin v27.5 (Yoast SEO v27.5) - https:\/\/yoast.com\/product\/yoast-seo-premium-wordpress\/ -->\n<title>Fallujah : La HAICA se prononce contre toute action de censure<\/title>\n<meta name=\"description\" content=\"Depuis la diffusion du premier \u00e9pisode, le feuilleton ramadanesque Fallujah est dans le collimateur de plusieurs parties. La pol\u00e9mique est telle qu\u2019on parle m...\" \/>\n<link rel=\"canonical\" href=\"https:\/\/www.webdo.tn\/fr\/actualite\/national\/fallujah-la-haica-se-prononce-contre-toute-action-de-censure\/204265\/\" \/>\n<meta property=\"og:locale\" content=\"fr_FR\" \/>\n<meta property=\"og:type\" content=\"article\" \/>\n<meta property=\"og:title\" content=\"&quot;Fallujah&quot; : La HAICA se prononce &quot;contre toute action de censure&quot;\" \/>\n<meta property=\"og:description\" content=\"Depuis la diffusion du premier \u00e9pisode, le feuilleton ramadanesque Fallujah est dans le collimateur de plusieurs parties. La pol\u00e9mique est telle qu\u2019on parle m...\" \/>\n<meta property=\"og:url\" content=\"https:\/\/www.webdo.tn\/fr\/actualite\/national\/fallujah-la-haica-se-prononce-contre-toute-action-de-censure\/204265\/\" \/>\n<meta property=\"og:site_name\" content=\"webdo\" \/>\n<meta property=\"article:publisher\" content=\"https:\/\/www.facebook.com\/webdotn\" \/>\n<meta property=\"article:published_time\" content=\"2023-03-25T08:54:00+00:00\" \/>\n<meta property=\"article:modified_time\" content=\"2025-05-20T22:08:12+00:00\" \/>\n<meta property=\"og:image\" content=\"https:\/\/www.webdo.tn\/fr\/wp-content\/uploads\/2023\/03\/9aa4a4b7cf3c98ab294cd5d3b459aa85.jpg\" \/>\n\t<meta property=\"og:image:width\" content=\"650\" \/>\n\t<meta property=\"og:image:height\" content=\"347\" \/>\n\t<meta property=\"og:image:type\" content=\"image\/jpeg\" \/>\n<meta name=\"author\" content=\"MC\" \/>\n<meta name=\"twitter:card\" content=\"summary_large_image\" \/>\n<meta name=\"twitter:creator\" content=\"@webdo_tn\" \/>\n<meta name=\"twitter:site\" content=\"@webdo_tn\" \/>\n<meta name=\"twitter:label1\" content=\"\u00c9crit par\" \/>\n\t<meta name=\"twitter:data1\" content=\"MC\" \/>\n\t<meta name=\"twitter:label2\" content=\"Dur\u00e9e de lecture estim\u00e9e\" \/>\n\t<meta name=\"twitter:data2\" content=\"2 minutes\" \/>\n<script type=\"application\/ld+json\" class=\"yoast-schema-graph\">{\"@context\":\"https:\\\/\\\/schema.org\",\"@graph\":[{\"@type\":\"NewsArticle\",\"@id\":\"https:\\\/\\\/www.webdo.tn\\\/fr\\\/actualite\\\/national\\\/fallujah-la-haica-se-prononce-contre-toute-action-de-censure\\\/204265\\\/#article\",\"isPartOf\":{\"@id\":\"https:\\\/\\\/www.webdo.tn\\\/fr\\\/actualite\\\/national\\\/fallujah-la-haica-se-prononce-contre-toute-action-de-censure\\\/204265\\\/\"},\"author\":{\"name\":\"MC\",\"@id\":\"https:\\\/\\\/www.webdo.tn\\\/fr\\\/#\\\/schema\\\/person\\\/2c4929cbf5a809e3bd38617c6ce150f6\"},\"headline\":\"\u00ab\u00a0Fallujah\u00a0\u00bb : La HAICA se prononce \u00ab\u00a0contre toute action de censure\u00a0\u00bb\",\"datePublished\":\"2023-03-25T08:54:00+00:00\",\"dateModified\":\"2025-05-20T22:08:12+00:00\",\"mainEntityOfPage\":{\"@id\":\"https:\\\/\\\/www.webdo.tn\\\/fr\\\/actualite\\\/national\\\/fallujah-la-haica-se-prononce-contre-toute-action-de-censure\\\/204265\\\/\"},\"wordCount\":331,\"commentCount\":0,\"publisher\":{\"@id\":\"https:\\\/\\\/www.webdo.tn\\\/fr\\\/#organization\"},\"image\":{\"@id\":\"https:\\\/\\\/www.webdo.tn\\\/fr\\\/actualite\\\/national\\\/fallujah-la-haica-se-prononce-contre-toute-action-de-censure\\\/204265\\\/#primaryimage\"},\"thumbnailUrl\":\"https:\\\/\\\/www.webdo.tn\\\/fr\\\/wp-content\\\/uploads\\\/2023\\\/03\\\/9aa4a4b7cf3c98ab294cd5d3b459aa85.jpg\",\"keywords\":[\"Fallujah\",\"feuilleton\",\"HAICA\",\"pol\u00e9mique\",\"ramadan\"],\"articleSection\":[\"National\"],\"inLanguage\":\"fr-FR\"},{\"@type\":\"WebPage\",\"@id\":\"https:\\\/\\\/www.webdo.tn\\\/fr\\\/actualite\\\/national\\\/fallujah-la-haica-se-prononce-contre-toute-action-de-censure\\\/204265\\\/\",\"url\":\"https:\\\/\\\/www.webdo.tn\\\/fr\\\/actualite\\\/national\\\/fallujah-la-haica-se-prononce-contre-toute-action-de-censure\\\/204265\\\/\",\"name\":\"Fallujah : La HAICA se prononce contre toute action de censure\",\"isPartOf\":{\"@id\":\"https:\\\/\\\/www.webdo.tn\\\/fr\\\/#website\"},\"primaryImageOfPage\":{\"@id\":\"https:\\\/\\\/www.webdo.tn\\\/fr\\\/actualite\\\/national\\\/fallujah-la-haica-se-prononce-contre-toute-action-de-censure\\\/204265\\\/#primaryimage\"},\"image\":{\"@id\":\"https:\\\/\\\/www.webdo.tn\\\/fr\\\/actualite\\\/national\\\/fallujah-la-haica-se-prononce-contre-toute-action-de-censure\\\/204265\\\/#primaryimage\"},\"thumbnailUrl\":\"https:\\\/\\\/www.webdo.tn\\\/fr\\\/wp-content\\\/uploads\\\/2023\\\/03\\\/9aa4a4b7cf3c98ab294cd5d3b459aa85.jpg\",\"datePublished\":\"2023-03-25T08:54:00+00:00\",\"dateModified\":\"2025-05-20T22:08:12+00:00\",\"description\":\"Depuis la diffusion du premier \u00e9pisode, le feuilleton ramadanesque Fallujah est dans le collimateur de plusieurs parties. La pol\u00e9mique est telle qu\u2019on parle m...\",\"breadcrumb\":{\"@id\":\"https:\\\/\\\/www.webdo.tn\\\/fr\\\/actualite\\\/national\\\/fallujah-la-haica-se-prononce-contre-toute-action-de-censure\\\/204265\\\/#breadcrumb\"},\"inLanguage\":\"fr-FR\",\"potentialAction\":[{\"@type\":\"ReadAction\",\"target\":[\"https:\\\/\\\/www.webdo.tn\\\/fr\\\/actualite\\\/national\\\/fallujah-la-haica-se-prononce-contre-toute-action-de-censure\\\/204265\\\/\"]}]},{\"@type\":\"ImageObject\",\"inLanguage\":\"fr-FR\",\"@id\":\"https:\\\/\\\/www.webdo.tn\\\/fr\\\/actualite\\\/national\\\/fallujah-la-haica-se-prononce-contre-toute-action-de-censure\\\/204265\\\/#primaryimage\",\"url\":\"https:\\\/\\\/www.webdo.tn\\\/fr\\\/wp-content\\\/uploads\\\/2023\\\/03\\\/9aa4a4b7cf3c98ab294cd5d3b459aa85.jpg\",\"contentUrl\":\"https:\\\/\\\/www.webdo.tn\\\/fr\\\/wp-content\\\/uploads\\\/2023\\\/03\\\/9aa4a4b7cf3c98ab294cd5d3b459aa85.jpg\",\"width\":650,\"height\":347,\"caption\":\"\\\"Fallujah\\\" : La HAICA se prononce \\\"contre toute action de censure\\\"\"},{\"@type\":\"BreadcrumbList\",\"@id\":\"https:\\\/\\\/www.webdo.tn\\\/fr\\\/actualite\\\/national\\\/fallujah-la-haica-se-prononce-contre-toute-action-de-censure\\\/204265\\\/#breadcrumb\",\"itemListElement\":[{\"@type\":\"ListItem\",\"position\":1,\"name\":\"Accueil\",\"item\":\"https:\\\/\\\/www.webdo.tn\\\/fr\\\/\"},{\"@type\":\"ListItem\",\"position\":2,\"name\":\"\u00ab\u00a0Fallujah\u00a0\u00bb : La HAICA se prononce \u00ab\u00a0contre toute action de censure\u00a0\u00bb\"}]},{\"@type\":\"WebSite\",\"@id\":\"https:\\\/\\\/www.webdo.tn\\\/fr\\\/#website\",\"url\":\"https:\\\/\\\/www.webdo.tn\\\/fr\\\/\",\"name\":\"webdo\",\"description\":\"Tunisie - News en Tunisie et \u00e0 l&#039;international sur Webdo.tn\",\"publisher\":{\"@id\":\"https:\\\/\\\/www.webdo.tn\\\/fr\\\/#organization\"},\"potentialAction\":[{\"@type\":\"SearchAction\",\"target\":{\"@type\":\"EntryPoint\",\"urlTemplate\":\"https:\\\/\\\/www.webdo.tn\\\/fr\\\/?s={search_term_string}\"},\"query-input\":{\"@type\":\"PropertyValueSpecification\",\"valueRequired\":true,\"valueName\":\"search_term_string\"}}],\"inLanguage\":\"fr-FR\"},{\"@type\":\"Organization\",\"@id\":\"https:\\\/\\\/www.webdo.tn\\\/fr\\\/#organization\",\"name\":\"Webdo\",\"alternateName\":\"Webdo.tn\",\"url\":\"https:\\\/\\\/www.webdo.tn\\\/fr\\\/\",\"logo\":{\"@type\":\"ImageObject\",\"inLanguage\":\"fr-FR\",\"@id\":\"https:\\\/\\\/www.webdo.tn\\\/fr\\\/#\\\/schema\\\/logo\\\/image\\\/\",\"url\":\"https:\\\/\\\/www.webdo.tn\\\/fr\\\/wp-content\\\/uploads\\\/2025\\\/06\\\/Webdo-Tunisie_168377.jpg\",\"contentUrl\":\"https:\\\/\\\/www.webdo.tn\\\/fr\\\/wp-content\\\/uploads\\\/2025\\\/06\\\/Webdo-Tunisie_168377.jpg\",\"width\":301,\"height\":301,\"caption\":\"Webdo\"},\"image\":{\"@id\":\"https:\\\/\\\/www.webdo.tn\\\/fr\\\/#\\\/schema\\\/logo\\\/image\\\/\"},\"sameAs\":[\"https:\\\/\\\/www.facebook.com\\\/webdotn\",\"https:\\\/\\\/x.com\\\/webdo_tn\"],\"description\":\"Webdo est un m\u00e9dia num\u00e9rique tunisien fond\u00e9 en 2010, sp\u00e9cialis\u00e9 dans l\u2019actualit\u00e9 nationale et internationale, l\u2019\u00e9conomie, la soci\u00e9t\u00e9 et les analyses politiques. Le site s\u2019adresse \u00e0 un large public francophone et couvre l\u2019information tunisienne en temps r\u00e9el.\",\"email\":\"redac@webdo.tn\",\"legalName\":\"YNJ SARL\",\"foundingDate\":\"2010-09-06\",\"numberOfEmployees\":{\"@type\":\"QuantitativeValue\",\"minValue\":\"11\",\"maxValue\":\"50\"}},{\"@type\":\"Person\",\"@id\":\"https:\\\/\\\/www.webdo.tn\\\/fr\\\/#\\\/schema\\\/person\\\/2c4929cbf5a809e3bd38617c6ce150f6\",\"name\":\"MC\",\"image\":{\"@type\":\"ImageObject\",\"inLanguage\":\"fr-FR\",\"@id\":\"https:\\\/\\\/secure.gravatar.com\\\/avatar\\\/a545bbb6f84efdd5553dbbc2895e3ca8f1d12c5215e00a041c9670b54aa9b18a?s=96&d=mm&r=g\",\"url\":\"https:\\\/\\\/secure.gravatar.com\\\/avatar\\\/a545bbb6f84efdd5553dbbc2895e3ca8f1d12c5215e00a041c9670b54aa9b18a?s=96&d=mm&r=g\",\"contentUrl\":\"https:\\\/\\\/secure.gravatar.com\\\/avatar\\\/a545bbb6f84efdd5553dbbc2895e3ca8f1d12c5215e00a041c9670b54aa9b18a?s=96&d=mm&r=g\",\"caption\":\"MC\"},\"url\":\"https:\\\/\\\/www.webdo.tn\\\/fr\\\/actualite\\\/author\\\/mc\\\/\"}]}<\/script>\n<!-- \/ Yoast SEO Premium plugin. -->","yoast_head_json":{"title":"Fallujah : La HAICA se prononce contre toute action de censure","description":"Depuis la diffusion du premier \u00e9pisode, le feuilleton ramadanesque Fallujah est dans le collimateur de plusieurs parties. La pol\u00e9mique est telle qu\u2019on parle m...","canonical":"https:\/\/www.webdo.tn\/fr\/actualite\/national\/fallujah-la-haica-se-prononce-contre-toute-action-de-censure\/204265\/","og_locale":"fr_FR","og_type":"article","og_title":"\"Fallujah\" : La HAICA se prononce \"contre toute action de censure\"","og_description":"Depuis la diffusion du premier \u00e9pisode, le feuilleton ramadanesque Fallujah est dans le collimateur de plusieurs parties. La pol\u00e9mique est telle qu\u2019on parle m...","og_url":"https:\/\/www.webdo.tn\/fr\/actualite\/national\/fallujah-la-haica-se-prononce-contre-toute-action-de-censure\/204265\/","og_site_name":"webdo","article_publisher":"https:\/\/www.facebook.com\/webdotn","article_published_time":"2023-03-25T08:54:00+00:00","article_modified_time":"2025-05-20T22:08:12+00:00","og_image":[{"width":650,"height":347,"url":"https:\/\/www.webdo.tn\/fr\/wp-content\/uploads\/2023\/03\/9aa4a4b7cf3c98ab294cd5d3b459aa85.jpg","type":"image\/jpeg"}],"author":"MC","twitter_card":"summary_large_image","twitter_creator":"@webdo_tn","twitter_site":"@webdo_tn","twitter_misc":{"\u00c9crit par":"MC","Dur\u00e9e de lecture estim\u00e9e":"2 minutes"},"schema":{"@context":"https:\/\/schema.org","@graph":[{"@type":"NewsArticle","@id":"https:\/\/www.webdo.tn\/fr\/actualite\/national\/fallujah-la-haica-se-prononce-contre-toute-action-de-censure\/204265\/#article","isPartOf":{"@id":"https:\/\/www.webdo.tn\/fr\/actualite\/national\/fallujah-la-haica-se-prononce-contre-toute-action-de-censure\/204265\/"},"author":{"name":"MC","@id":"https:\/\/www.webdo.tn\/fr\/#\/schema\/person\/2c4929cbf5a809e3bd38617c6ce150f6"},"headline":"\u00ab\u00a0Fallujah\u00a0\u00bb : La HAICA se prononce \u00ab\u00a0contre toute action de censure\u00a0\u00bb","datePublished":"2023-03-25T08:54:00+00:00","dateModified":"2025-05-20T22:08:12+00:00","mainEntityOfPage":{"@id":"https:\/\/www.webdo.tn\/fr\/actualite\/national\/fallujah-la-haica-se-prononce-contre-toute-action-de-censure\/204265\/"},"wordCount":331,"commentCount":0,"publisher":{"@id":"https:\/\/www.webdo.tn\/fr\/#organization"},"image":{"@id":"https:\/\/www.webdo.tn\/fr\/actualite\/national\/fallujah-la-haica-se-prononce-contre-toute-action-de-censure\/204265\/#primaryimage"},"thumbnailUrl":"https:\/\/www.webdo.tn\/fr\/wp-content\/uploads\/2023\/03\/9aa4a4b7cf3c98ab294cd5d3b459aa85.jpg","keywords":["Fallujah","feuilleton","HAICA","pol\u00e9mique","ramadan"],"articleSection":["National"],"inLanguage":"fr-FR"},{"@type":"WebPage","@id":"https:\/\/www.webdo.tn\/fr\/actualite\/national\/fallujah-la-haica-se-prononce-contre-toute-action-de-censure\/204265\/","url":"https:\/\/www.webdo.tn\/fr\/actualite\/national\/fallujah-la-haica-se-prononce-contre-toute-action-de-censure\/204265\/","name":"Fallujah : La HAICA se prononce contre toute action de censure","isPartOf":{"@id":"https:\/\/www.webdo.tn\/fr\/#website"},"primaryImageOfPage":{"@id":"https:\/\/www.webdo.tn\/fr\/actualite\/national\/fallujah-la-haica-se-prononce-contre-toute-action-de-censure\/204265\/#primaryimage"},"image":{"@id":"https:\/\/www.webdo.tn\/fr\/actualite\/national\/fallujah-la-haica-se-prononce-contre-toute-action-de-censure\/204265\/#primaryimage"},"thumbnailUrl":"https:\/\/www.webdo.tn\/fr\/wp-content\/uploads\/2023\/03\/9aa4a4b7cf3c98ab294cd5d3b459aa85.jpg","datePublished":"2023-03-25T08:54:00+00:00","dateModified":"2025-05-20T22:08:12+00:00","description":"Depuis la diffusion du premier \u00e9pisode, le feuilleton ramadanesque Fallujah est dans le collimateur de plusieurs parties. La pol\u00e9mique est telle qu\u2019on parle m...","breadcrumb":{"@id":"https:\/\/www.webdo.tn\/fr\/actualite\/national\/fallujah-la-haica-se-prononce-contre-toute-action-de-censure\/204265\/#breadcrumb"},"inLanguage":"fr-FR","potentialAction":[{"@type":"ReadAction","target":["https:\/\/www.webdo.tn\/fr\/actualite\/national\/fallujah-la-haica-se-prononce-contre-toute-action-de-censure\/204265\/"]}]},{"@type":"ImageObject","inLanguage":"fr-FR","@id":"https:\/\/www.webdo.tn\/fr\/actualite\/national\/fallujah-la-haica-se-prononce-contre-toute-action-de-censure\/204265\/#primaryimage","url":"https:\/\/www.webdo.tn\/fr\/wp-content\/uploads\/2023\/03\/9aa4a4b7cf3c98ab294cd5d3b459aa85.jpg","contentUrl":"https:\/\/www.webdo.tn\/fr\/wp-content\/uploads\/2023\/03\/9aa4a4b7cf3c98ab294cd5d3b459aa85.jpg","width":650,"height":347,"caption":"\"Fallujah\" : La HAICA se prononce \"contre toute action de censure\""},{"@type":"BreadcrumbList","@id":"https:\/\/www.webdo.tn\/fr\/actualite\/national\/fallujah-la-haica-se-prononce-contre-toute-action-de-censure\/204265\/#breadcrumb","itemListElement":[{"@type":"ListItem","position":1,"name":"Accueil","item":"https:\/\/www.webdo.tn\/fr\/"},{"@type":"ListItem","position":2,"name":"\u00ab\u00a0Fallujah\u00a0\u00bb : La HAICA se prononce \u00ab\u00a0contre toute action de censure\u00a0\u00bb"}]},{"@type":"WebSite","@id":"https:\/\/www.webdo.tn\/fr\/#website","url":"https:\/\/www.webdo.tn\/fr\/","name":"webdo","description":"Tunisie - News en Tunisie et \u00e0 l&#039;international sur Webdo.tn","publisher":{"@id":"https:\/\/www.webdo.tn\/fr\/#organization"},"potentialAction":[{"@type":"SearchAction","target":{"@type":"EntryPoint","urlTemplate":"https:\/\/www.webdo.tn\/fr\/?s={search_term_string}"},"query-input":{"@type":"PropertyValueSpecification","valueRequired":true,"valueName":"search_term_string"}}],"inLanguage":"fr-FR"},{"@type":"Organization","@id":"https:\/\/www.webdo.tn\/fr\/#organization","name":"Webdo","alternateName":"Webdo.tn","url":"https:\/\/www.webdo.tn\/fr\/","logo":{"@type":"ImageObject","inLanguage":"fr-FR","@id":"https:\/\/www.webdo.tn\/fr\/#\/schema\/logo\/image\/","url":"https:\/\/www.webdo.tn\/fr\/wp-content\/uploads\/2025\/06\/Webdo-Tunisie_168377.jpg","contentUrl":"https:\/\/www.webdo.tn\/fr\/wp-content\/uploads\/2025\/06\/Webdo-Tunisie_168377.jpg","width":301,"height":301,"caption":"Webdo"},"image":{"@id":"https:\/\/www.webdo.tn\/fr\/#\/schema\/logo\/image\/"},"sameAs":["https:\/\/www.facebook.com\/webdotn","https:\/\/x.com\/webdo_tn"],"description":"Webdo est un m\u00e9dia num\u00e9rique tunisien fond\u00e9 en 2010, sp\u00e9cialis\u00e9 dans l\u2019actualit\u00e9 nationale et internationale, l\u2019\u00e9conomie, la soci\u00e9t\u00e9 et les analyses politiques. Le site s\u2019adresse \u00e0 un large public francophone et couvre l\u2019information tunisienne en temps r\u00e9el.","email":"redac@webdo.tn","legalName":"YNJ SARL","foundingDate":"2010-09-06","numberOfEmployees":{"@type":"QuantitativeValue","minValue":"11","maxValue":"50"}},{"@type":"Person","@id":"https:\/\/www.webdo.tn\/fr\/#\/schema\/person\/2c4929cbf5a809e3bd38617c6ce150f6","name":"MC","image":{"@type":"ImageObject","inLanguage":"fr-FR","@id":"https:\/\/secure.gravatar.com\/avatar\/a545bbb6f84efdd5553dbbc2895e3ca8f1d12c5215e00a041c9670b54aa9b18a?s=96&d=mm&r=g","url":"https:\/\/secure.gravatar.com\/avatar\/a545bbb6f84efdd5553dbbc2895e3ca8f1d12c5215e00a041c9670b54aa9b18a?s=96&d=mm&r=g","contentUrl":"https:\/\/secure.gravatar.com\/avatar\/a545bbb6f84efdd5553dbbc2895e3ca8f1d12c5215e00a041c9670b54aa9b18a?s=96&d=mm&r=g","caption":"MC"},"url":"https:\/\/www.webdo.tn\/fr\/actualite\/author\/mc\/"}]}},"_links":{"self":[{"href":"https:\/\/www.webdo.tn\/fr\/wp-json\/wp\/v2\/posts\/204265","targetHints":{"allow":["GET"]}}],"collection":[{"href":"https:\/\/www.webdo.tn\/fr\/wp-json\/wp\/v2\/posts"}],"about":[{"href":"https:\/\/www.webdo.tn\/fr\/wp-json\/wp\/v2\/types\/post"}],"author":[{"embeddable":true,"href":"https:\/\/www.webdo.tn\/fr\/wp-json\/wp\/v2\/users\/3162"}],"replies":[{"embeddable":true,"href":"https:\/\/www.webdo.tn\/fr\/wp-json\/wp\/v2\/comments?post=204265"}],"version-history":[{"count":0,"href":"https:\/\/www.webdo.tn\/fr\/wp-json\/wp\/v2\/posts\/204265\/revisions"}],"wp:featuredmedia":[{"embeddable":true,"href":"https:\/\/www.webdo.tn\/fr\/wp-json\/wp\/v2\/media\/277966"}],"wp:attachment":[{"href":"https:\/\/www.webdo.tn\/fr\/wp-json\/wp\/v2\/media?parent=204265"}],"wp:term":[{"taxonomy":"category","embeddable":true,"href":"https:\/\/www.webdo.tn\/fr\/wp-json\/wp\/v2\/categories?post=204265"},{"taxonomy":"post_tag","embeddable":true,"href":"https:\/\/www.webdo.tn\/fr\/wp-json\/wp\/v2\/tags?post=204265"}],"curies":[{"name":"wp","href":"https:\/\/api.w.org\/{rel}","templated":true}]}}