{"id":204260,"date":"2023-03-24T20:53:00","date_gmt":"2023-03-24T20:53:00","guid":{"rendered":"https:\/\/www.webdo.tn\/fr\/blog\/macron-juge-la-situation-en-tunisie-comme-tres-preoccupante\/204260\/"},"modified":"2025-05-17T21:05:41","modified_gmt":"2025-05-17T21:05:41","slug":"macron-juge-la-situation-en-tunisie-comme-tres-preoccupante","status":"publish","type":"post","link":"https:\/\/www.webdo.tn\/fr\/actualite\/national\/macron-juge-la-situation-en-tunisie-comme-tres-preoccupante\/204260\/","title":{"rendered":"Macron juge la situation en Tunisie comme tr\u00e8s pr\u00e9occupante"},"content":{"rendered":"<p>Pr\u00e9sent \u00e0 Bruxelles, o\u00f9 il prend part au sommet europ\u00e9en, le pr\u00e9sident fran\u00e7ais, Emmanuel Macron, a \u00e9voqu\u00e9 la siuation en Tunisie, qu&rsquo;il juge comme \u00ab\u00a0tr\u00e8s pr\u00e9occupante\u00a0\u00bb, en raison de la tr\u00e8s grande tension politique, et de la crise \u00e9conomique et sociale qui s\u00e9vit en absence d&rsquo;accord avec le Fonds mon\u00e9taire international.<\/p>\n<p>\t\t\t\t\t\t\t\t\tLe Pr\u00e9sident fran\u00e7ais a \u00e9galement fait part, lors de son sommet, de la volont\u00e9 est d\u2019agir ensemble pour pouvoir aider la Tunisie \u00e0 retrouver la stabilit\u00e9 politique, \u00e0 trouver un accord avec le Fonds mon\u00e9taire international et aussi \u00e0 engager des voies de coop\u00e9ration dont l\u2019une des composantes est la maitrise de l\u2019\u00e9migration \u00e0 travers la Tunisie.<\/p>\n<p>Emmanuel Macron a confi\u00e9 qu&rsquo;il a\u00a0abord\u00e9 le dossier de la Tunisie avec la\u00a0pr\u00e9sidente du Conseil des ministres d&rsquo;Italie,\u00a0Giorgia Meloni, au cours d&rsquo;une r\u00e9union bilat\u00e9rale.\u00a0Giorgia Meloni avait insist\u00e9, la semaine derni\u00e8re, sur la\u00a0n\u00e9cessit\u00e9 de soutenir la stabilit\u00e9 en Tunisie devant la crise financi\u00e8re que\u00a0traverse le pays et qui pourrait mener vers une \u00e9norme\u00a0vague migratoire<\/p>\n","protected":false},"excerpt":{"rendered":"<p>Pr\u00e9sent \u00e0 Bruxelles, o\u00f9 il prend part au sommet europ\u00e9en, le pr\u00e9sident fran\u00e7ais, Emmanuel Macron, a \u00e9voqu\u00e9 la siuation en Tunisie, qu&rsquo;il juge comme  tr\u00e8s pr\u00e9occ&#8230;<\/p>\n","protected":false},"author":3169,"featured_media":277960,"comment_status":"open","ping_status":"closed","sticky":false,"template":"","format":"standard","meta":{"footnotes":""},"categories":[44],"tags":[4233,3535,9405,2608],"class_list":["post-204260","post","type-post","status-publish","format-standard","has-post-thumbnail","hentry","category-national","tag-fmi","tag-macron","tag-sommet-europeen","tag-tunisie"],"yoast_head":"<!-- This site is optimized with the Yoast SEO Premium plugin v27.5 (Yoast SEO v27.5) - https:\/\/yoast.com\/product\/yoast-seo-premium-wordpress\/ -->\n<title>Macron juge la situation en Tunisie comme tr\u00e8s pr\u00e9occupante<\/title>\n<meta name=\"description\" content=\"Pr\u00e9sent \u00e0 Bruxelles, o\u00f9 il prend part au sommet europ\u00e9en, le pr\u00e9sident fran\u00e7ais, Emmanuel Macron, a \u00e9voqu\u00e9 la siuation en Tunisie, qu&#039;il juge comme tr\u00e8s pr\u00e9occ...\" \/>\n<link rel=\"canonical\" href=\"https:\/\/www.webdo.tn\/fr\/actualite\/national\/macron-juge-la-situation-en-tunisie-comme-tres-preoccupante\/204260\/\" \/>\n<meta property=\"og:locale\" content=\"fr_FR\" \/>\n<meta property=\"og:type\" content=\"article\" \/>\n<meta property=\"og:title\" content=\"Macron juge la situation en Tunisie comme tr\u00e8s pr\u00e9occupante\" \/>\n<meta property=\"og:description\" content=\"Pr\u00e9sent \u00e0 Bruxelles, o\u00f9 il prend part au sommet europ\u00e9en, le pr\u00e9sident fran\u00e7ais, Emmanuel Macron, a \u00e9voqu\u00e9 la siuation en Tunisie, qu&#039;il juge comme tr\u00e8s pr\u00e9occ...\" \/>\n<meta property=\"og:url\" content=\"https:\/\/www.webdo.tn\/fr\/actualite\/national\/macron-juge-la-situation-en-tunisie-comme-tres-preoccupante\/204260\/\" \/>\n<meta property=\"og:site_name\" content=\"webdo\" \/>\n<meta property=\"article:publisher\" content=\"https:\/\/www.facebook.com\/webdotn\" \/>\n<meta property=\"article:published_time\" content=\"2023-03-24T20:53:00+00:00\" \/>\n<meta property=\"article:modified_time\" content=\"2025-05-17T21:05:41+00:00\" \/>\n<meta property=\"og:image\" content=\"https:\/\/www.webdo.tn\/fr\/wp-content\/uploads\/2023\/03\/be8f80ae4484cc4e651fe10dd48ccdea.jpg\" \/>\n\t<meta property=\"og:image:width\" content=\"750\" \/>\n\t<meta property=\"og:image:height\" content=\"400\" \/>\n\t<meta property=\"og:image:type\" content=\"image\/jpeg\" \/>\n<meta name=\"author\" content=\"Webdo\" \/>\n<meta name=\"twitter:card\" content=\"summary_large_image\" \/>\n<meta name=\"twitter:creator\" content=\"@webdo_tn\" \/>\n<meta name=\"twitter:site\" content=\"@webdo_tn\" \/>\n<meta name=\"twitter:label1\" content=\"\u00c9crit par\" \/>\n\t<meta name=\"twitter:data1\" content=\"Webdo\" \/>\n\t<meta name=\"twitter:label2\" content=\"Dur\u00e9e de lecture estim\u00e9e\" \/>\n\t<meta name=\"twitter:data2\" content=\"1 minute\" \/>\n<script type=\"application\/ld+json\" class=\"yoast-schema-graph\">{\"@context\":\"https:\\\/\\\/schema.org\",\"@graph\":[{\"@type\":\"NewsArticle\",\"@id\":\"https:\\\/\\\/www.webdo.tn\\\/fr\\\/actualite\\\/national\\\/macron-juge-la-situation-en-tunisie-comme-tres-preoccupante\\\/204260\\\/#article\",\"isPartOf\":{\"@id\":\"https:\\\/\\\/www.webdo.tn\\\/fr\\\/actualite\\\/national\\\/macron-juge-la-situation-en-tunisie-comme-tres-preoccupante\\\/204260\\\/\"},\"author\":{\"name\":\"Webdo\",\"@id\":\"https:\\\/\\\/www.webdo.tn\\\/fr\\\/#\\\/schema\\\/person\\\/1f4e491e0907b413d61089e8eb573acc\"},\"headline\":\"Macron juge la situation en Tunisie comme tr\u00e8s pr\u00e9occupante\",\"datePublished\":\"2023-03-24T20:53:00+00:00\",\"dateModified\":\"2025-05-17T21:05:41+00:00\",\"mainEntityOfPage\":{\"@id\":\"https:\\\/\\\/www.webdo.tn\\\/fr\\\/actualite\\\/national\\\/macron-juge-la-situation-en-tunisie-comme-tres-preoccupante\\\/204260\\\/\"},\"wordCount\":201,\"commentCount\":0,\"publisher\":{\"@id\":\"https:\\\/\\\/www.webdo.tn\\\/fr\\\/#organization\"},\"image\":{\"@id\":\"https:\\\/\\\/www.webdo.tn\\\/fr\\\/actualite\\\/national\\\/macron-juge-la-situation-en-tunisie-comme-tres-preoccupante\\\/204260\\\/#primaryimage\"},\"thumbnailUrl\":\"https:\\\/\\\/www.webdo.tn\\\/fr\\\/wp-content\\\/uploads\\\/2023\\\/03\\\/be8f80ae4484cc4e651fe10dd48ccdea.jpg\",\"keywords\":[\"FMI\",\"macron\",\"sommet europ\u00e9en\",\"Tunisie\"],\"articleSection\":[\"National\"],\"inLanguage\":\"fr-FR\"},{\"@type\":\"WebPage\",\"@id\":\"https:\\\/\\\/www.webdo.tn\\\/fr\\\/actualite\\\/national\\\/macron-juge-la-situation-en-tunisie-comme-tres-preoccupante\\\/204260\\\/\",\"url\":\"https:\\\/\\\/www.webdo.tn\\\/fr\\\/actualite\\\/national\\\/macron-juge-la-situation-en-tunisie-comme-tres-preoccupante\\\/204260\\\/\",\"name\":\"Macron juge la situation en Tunisie comme tr\u00e8s pr\u00e9occupante\",\"isPartOf\":{\"@id\":\"https:\\\/\\\/www.webdo.tn\\\/fr\\\/#website\"},\"primaryImageOfPage\":{\"@id\":\"https:\\\/\\\/www.webdo.tn\\\/fr\\\/actualite\\\/national\\\/macron-juge-la-situation-en-tunisie-comme-tres-preoccupante\\\/204260\\\/#primaryimage\"},\"image\":{\"@id\":\"https:\\\/\\\/www.webdo.tn\\\/fr\\\/actualite\\\/national\\\/macron-juge-la-situation-en-tunisie-comme-tres-preoccupante\\\/204260\\\/#primaryimage\"},\"thumbnailUrl\":\"https:\\\/\\\/www.webdo.tn\\\/fr\\\/wp-content\\\/uploads\\\/2023\\\/03\\\/be8f80ae4484cc4e651fe10dd48ccdea.jpg\",\"datePublished\":\"2023-03-24T20:53:00+00:00\",\"dateModified\":\"2025-05-17T21:05:41+00:00\",\"description\":\"Pr\u00e9sent \u00e0 Bruxelles, o\u00f9 il prend part au sommet europ\u00e9en, le pr\u00e9sident fran\u00e7ais, Emmanuel Macron, a \u00e9voqu\u00e9 la siuation en Tunisie, qu'il juge comme tr\u00e8s pr\u00e9occ...\",\"breadcrumb\":{\"@id\":\"https:\\\/\\\/www.webdo.tn\\\/fr\\\/actualite\\\/national\\\/macron-juge-la-situation-en-tunisie-comme-tres-preoccupante\\\/204260\\\/#breadcrumb\"},\"inLanguage\":\"fr-FR\",\"potentialAction\":[{\"@type\":\"ReadAction\",\"target\":[\"https:\\\/\\\/www.webdo.tn\\\/fr\\\/actualite\\\/national\\\/macron-juge-la-situation-en-tunisie-comme-tres-preoccupante\\\/204260\\\/\"]}]},{\"@type\":\"ImageObject\",\"inLanguage\":\"fr-FR\",\"@id\":\"https:\\\/\\\/www.webdo.tn\\\/fr\\\/actualite\\\/national\\\/macron-juge-la-situation-en-tunisie-comme-tres-preoccupante\\\/204260\\\/#primaryimage\",\"url\":\"https:\\\/\\\/www.webdo.tn\\\/fr\\\/wp-content\\\/uploads\\\/2023\\\/03\\\/be8f80ae4484cc4e651fe10dd48ccdea.jpg\",\"contentUrl\":\"https:\\\/\\\/www.webdo.tn\\\/fr\\\/wp-content\\\/uploads\\\/2023\\\/03\\\/be8f80ae4484cc4e651fe10dd48ccdea.jpg\",\"width\":750,\"height\":400,\"caption\":\"Macron juge la situation en Tunisie comme tr\u00e8s pr\u00e9occupante\"},{\"@type\":\"BreadcrumbList\",\"@id\":\"https:\\\/\\\/www.webdo.tn\\\/fr\\\/actualite\\\/national\\\/macron-juge-la-situation-en-tunisie-comme-tres-preoccupante\\\/204260\\\/#breadcrumb\",\"itemListElement\":[{\"@type\":\"ListItem\",\"position\":1,\"name\":\"Accueil\",\"item\":\"https:\\\/\\\/www.webdo.tn\\\/fr\\\/\"},{\"@type\":\"ListItem\",\"position\":2,\"name\":\"Macron juge la situation en Tunisie comme tr\u00e8s pr\u00e9occupante\"}]},{\"@type\":\"WebSite\",\"@id\":\"https:\\\/\\\/www.webdo.tn\\\/fr\\\/#website\",\"url\":\"https:\\\/\\\/www.webdo.tn\\\/fr\\\/\",\"name\":\"webdo\",\"description\":\"Tunisie - News en Tunisie et \u00e0 l&#039;international sur Webdo.tn\",\"publisher\":{\"@id\":\"https:\\\/\\\/www.webdo.tn\\\/fr\\\/#organization\"},\"potentialAction\":[{\"@type\":\"SearchAction\",\"target\":{\"@type\":\"EntryPoint\",\"urlTemplate\":\"https:\\\/\\\/www.webdo.tn\\\/fr\\\/?s={search_term_string}\"},\"query-input\":{\"@type\":\"PropertyValueSpecification\",\"valueRequired\":true,\"valueName\":\"search_term_string\"}}],\"inLanguage\":\"fr-FR\"},{\"@type\":\"Organization\",\"@id\":\"https:\\\/\\\/www.webdo.tn\\\/fr\\\/#organization\",\"name\":\"Webdo\",\"alternateName\":\"Webdo.tn\",\"url\":\"https:\\\/\\\/www.webdo.tn\\\/fr\\\/\",\"logo\":{\"@type\":\"ImageObject\",\"inLanguage\":\"fr-FR\",\"@id\":\"https:\\\/\\\/www.webdo.tn\\\/fr\\\/#\\\/schema\\\/logo\\\/image\\\/\",\"url\":\"https:\\\/\\\/www.webdo.tn\\\/fr\\\/wp-content\\\/uploads\\\/2025\\\/06\\\/Webdo-Tunisie_168377.jpg\",\"contentUrl\":\"https:\\\/\\\/www.webdo.tn\\\/fr\\\/wp-content\\\/uploads\\\/2025\\\/06\\\/Webdo-Tunisie_168377.jpg\",\"width\":301,\"height\":301,\"caption\":\"Webdo\"},\"image\":{\"@id\":\"https:\\\/\\\/www.webdo.tn\\\/fr\\\/#\\\/schema\\\/logo\\\/image\\\/\"},\"sameAs\":[\"https:\\\/\\\/www.facebook.com\\\/webdotn\",\"https:\\\/\\\/x.com\\\/webdo_tn\"],\"description\":\"Webdo est un m\u00e9dia num\u00e9rique tunisien fond\u00e9 en 2010, sp\u00e9cialis\u00e9 dans l\u2019actualit\u00e9 nationale et internationale, l\u2019\u00e9conomie, la soci\u00e9t\u00e9 et les analyses politiques. Le site s\u2019adresse \u00e0 un large public francophone et couvre l\u2019information tunisienne en temps r\u00e9el.\",\"email\":\"redac@webdo.tn\",\"legalName\":\"YNJ SARL\",\"foundingDate\":\"2010-09-06\",\"numberOfEmployees\":{\"@type\":\"QuantitativeValue\",\"minValue\":\"11\",\"maxValue\":\"50\"}},{\"@type\":\"Person\",\"@id\":\"https:\\\/\\\/www.webdo.tn\\\/fr\\\/#\\\/schema\\\/person\\\/1f4e491e0907b413d61089e8eb573acc\",\"name\":\"Webdo\",\"image\":{\"@type\":\"ImageObject\",\"inLanguage\":\"fr-FR\",\"@id\":\"https:\\\/\\\/secure.gravatar.com\\\/avatar\\\/de97aeec1bb80978a9dbb127e47dfc88aaacb2f3c29aac907d8d3222e3495d49?s=96&d=mm&r=g\",\"url\":\"https:\\\/\\\/secure.gravatar.com\\\/avatar\\\/de97aeec1bb80978a9dbb127e47dfc88aaacb2f3c29aac907d8d3222e3495d49?s=96&d=mm&r=g\",\"contentUrl\":\"https:\\\/\\\/secure.gravatar.com\\\/avatar\\\/de97aeec1bb80978a9dbb127e47dfc88aaacb2f3c29aac907d8d3222e3495d49?s=96&d=mm&r=g\",\"caption\":\"Webdo\"},\"url\":\"https:\\\/\\\/www.webdo.tn\\\/fr\\\/actualite\\\/author\\\/webdo\\\/\"}]}<\/script>\n<!-- \/ Yoast SEO Premium plugin. -->","yoast_head_json":{"title":"Macron juge la situation en Tunisie comme tr\u00e8s pr\u00e9occupante","description":"Pr\u00e9sent \u00e0 Bruxelles, o\u00f9 il prend part au sommet europ\u00e9en, le pr\u00e9sident fran\u00e7ais, Emmanuel Macron, a \u00e9voqu\u00e9 la siuation en Tunisie, qu'il juge comme tr\u00e8s pr\u00e9occ...","canonical":"https:\/\/www.webdo.tn\/fr\/actualite\/national\/macron-juge-la-situation-en-tunisie-comme-tres-preoccupante\/204260\/","og_locale":"fr_FR","og_type":"article","og_title":"Macron juge la situation en Tunisie comme tr\u00e8s pr\u00e9occupante","og_description":"Pr\u00e9sent \u00e0 Bruxelles, o\u00f9 il prend part au sommet europ\u00e9en, le pr\u00e9sident fran\u00e7ais, Emmanuel Macron, a \u00e9voqu\u00e9 la siuation en Tunisie, qu'il juge comme tr\u00e8s pr\u00e9occ...","og_url":"https:\/\/www.webdo.tn\/fr\/actualite\/national\/macron-juge-la-situation-en-tunisie-comme-tres-preoccupante\/204260\/","og_site_name":"webdo","article_publisher":"https:\/\/www.facebook.com\/webdotn","article_published_time":"2023-03-24T20:53:00+00:00","article_modified_time":"2025-05-17T21:05:41+00:00","og_image":[{"width":750,"height":400,"url":"https:\/\/www.webdo.tn\/fr\/wp-content\/uploads\/2023\/03\/be8f80ae4484cc4e651fe10dd48ccdea.jpg","type":"image\/jpeg"}],"author":"Webdo","twitter_card":"summary_large_image","twitter_creator":"@webdo_tn","twitter_site":"@webdo_tn","twitter_misc":{"\u00c9crit par":"Webdo","Dur\u00e9e de lecture estim\u00e9e":"1 minute"},"schema":{"@context":"https:\/\/schema.org","@graph":[{"@type":"NewsArticle","@id":"https:\/\/www.webdo.tn\/fr\/actualite\/national\/macron-juge-la-situation-en-tunisie-comme-tres-preoccupante\/204260\/#article","isPartOf":{"@id":"https:\/\/www.webdo.tn\/fr\/actualite\/national\/macron-juge-la-situation-en-tunisie-comme-tres-preoccupante\/204260\/"},"author":{"name":"Webdo","@id":"https:\/\/www.webdo.tn\/fr\/#\/schema\/person\/1f4e491e0907b413d61089e8eb573acc"},"headline":"Macron juge la situation en Tunisie comme tr\u00e8s pr\u00e9occupante","datePublished":"2023-03-24T20:53:00+00:00","dateModified":"2025-05-17T21:05:41+00:00","mainEntityOfPage":{"@id":"https:\/\/www.webdo.tn\/fr\/actualite\/national\/macron-juge-la-situation-en-tunisie-comme-tres-preoccupante\/204260\/"},"wordCount":201,"commentCount":0,"publisher":{"@id":"https:\/\/www.webdo.tn\/fr\/#organization"},"image":{"@id":"https:\/\/www.webdo.tn\/fr\/actualite\/national\/macron-juge-la-situation-en-tunisie-comme-tres-preoccupante\/204260\/#primaryimage"},"thumbnailUrl":"https:\/\/www.webdo.tn\/fr\/wp-content\/uploads\/2023\/03\/be8f80ae4484cc4e651fe10dd48ccdea.jpg","keywords":["FMI","macron","sommet europ\u00e9en","Tunisie"],"articleSection":["National"],"inLanguage":"fr-FR"},{"@type":"WebPage","@id":"https:\/\/www.webdo.tn\/fr\/actualite\/national\/macron-juge-la-situation-en-tunisie-comme-tres-preoccupante\/204260\/","url":"https:\/\/www.webdo.tn\/fr\/actualite\/national\/macron-juge-la-situation-en-tunisie-comme-tres-preoccupante\/204260\/","name":"Macron juge la situation en Tunisie comme tr\u00e8s pr\u00e9occupante","isPartOf":{"@id":"https:\/\/www.webdo.tn\/fr\/#website"},"primaryImageOfPage":{"@id":"https:\/\/www.webdo.tn\/fr\/actualite\/national\/macron-juge-la-situation-en-tunisie-comme-tres-preoccupante\/204260\/#primaryimage"},"image":{"@id":"https:\/\/www.webdo.tn\/fr\/actualite\/national\/macron-juge-la-situation-en-tunisie-comme-tres-preoccupante\/204260\/#primaryimage"},"thumbnailUrl":"https:\/\/www.webdo.tn\/fr\/wp-content\/uploads\/2023\/03\/be8f80ae4484cc4e651fe10dd48ccdea.jpg","datePublished":"2023-03-24T20:53:00+00:00","dateModified":"2025-05-17T21:05:41+00:00","description":"Pr\u00e9sent \u00e0 Bruxelles, o\u00f9 il prend part au sommet europ\u00e9en, le pr\u00e9sident fran\u00e7ais, Emmanuel Macron, a \u00e9voqu\u00e9 la siuation en Tunisie, qu'il juge comme tr\u00e8s pr\u00e9occ...","breadcrumb":{"@id":"https:\/\/www.webdo.tn\/fr\/actualite\/national\/macron-juge-la-situation-en-tunisie-comme-tres-preoccupante\/204260\/#breadcrumb"},"inLanguage":"fr-FR","potentialAction":[{"@type":"ReadAction","target":["https:\/\/www.webdo.tn\/fr\/actualite\/national\/macron-juge-la-situation-en-tunisie-comme-tres-preoccupante\/204260\/"]}]},{"@type":"ImageObject","inLanguage":"fr-FR","@id":"https:\/\/www.webdo.tn\/fr\/actualite\/national\/macron-juge-la-situation-en-tunisie-comme-tres-preoccupante\/204260\/#primaryimage","url":"https:\/\/www.webdo.tn\/fr\/wp-content\/uploads\/2023\/03\/be8f80ae4484cc4e651fe10dd48ccdea.jpg","contentUrl":"https:\/\/www.webdo.tn\/fr\/wp-content\/uploads\/2023\/03\/be8f80ae4484cc4e651fe10dd48ccdea.jpg","width":750,"height":400,"caption":"Macron juge la situation en Tunisie comme tr\u00e8s pr\u00e9occupante"},{"@type":"BreadcrumbList","@id":"https:\/\/www.webdo.tn\/fr\/actualite\/national\/macron-juge-la-situation-en-tunisie-comme-tres-preoccupante\/204260\/#breadcrumb","itemListElement":[{"@type":"ListItem","position":1,"name":"Accueil","item":"https:\/\/www.webdo.tn\/fr\/"},{"@type":"ListItem","position":2,"name":"Macron juge la situation en Tunisie comme tr\u00e8s pr\u00e9occupante"}]},{"@type":"WebSite","@id":"https:\/\/www.webdo.tn\/fr\/#website","url":"https:\/\/www.webdo.tn\/fr\/","name":"webdo","description":"Tunisie - News en Tunisie et \u00e0 l&#039;international sur Webdo.tn","publisher":{"@id":"https:\/\/www.webdo.tn\/fr\/#organization"},"potentialAction":[{"@type":"SearchAction","target":{"@type":"EntryPoint","urlTemplate":"https:\/\/www.webdo.tn\/fr\/?s={search_term_string}"},"query-input":{"@type":"PropertyValueSpecification","valueRequired":true,"valueName":"search_term_string"}}],"inLanguage":"fr-FR"},{"@type":"Organization","@id":"https:\/\/www.webdo.tn\/fr\/#organization","name":"Webdo","alternateName":"Webdo.tn","url":"https:\/\/www.webdo.tn\/fr\/","logo":{"@type":"ImageObject","inLanguage":"fr-FR","@id":"https:\/\/www.webdo.tn\/fr\/#\/schema\/logo\/image\/","url":"https:\/\/www.webdo.tn\/fr\/wp-content\/uploads\/2025\/06\/Webdo-Tunisie_168377.jpg","contentUrl":"https:\/\/www.webdo.tn\/fr\/wp-content\/uploads\/2025\/06\/Webdo-Tunisie_168377.jpg","width":301,"height":301,"caption":"Webdo"},"image":{"@id":"https:\/\/www.webdo.tn\/fr\/#\/schema\/logo\/image\/"},"sameAs":["https:\/\/www.facebook.com\/webdotn","https:\/\/x.com\/webdo_tn"],"description":"Webdo est un m\u00e9dia num\u00e9rique tunisien fond\u00e9 en 2010, sp\u00e9cialis\u00e9 dans l\u2019actualit\u00e9 nationale et internationale, l\u2019\u00e9conomie, la soci\u00e9t\u00e9 et les analyses politiques. Le site s\u2019adresse \u00e0 un large public francophone et couvre l\u2019information tunisienne en temps r\u00e9el.","email":"redac@webdo.tn","legalName":"YNJ SARL","foundingDate":"2010-09-06","numberOfEmployees":{"@type":"QuantitativeValue","minValue":"11","maxValue":"50"}},{"@type":"Person","@id":"https:\/\/www.webdo.tn\/fr\/#\/schema\/person\/1f4e491e0907b413d61089e8eb573acc","name":"Webdo","image":{"@type":"ImageObject","inLanguage":"fr-FR","@id":"https:\/\/secure.gravatar.com\/avatar\/de97aeec1bb80978a9dbb127e47dfc88aaacb2f3c29aac907d8d3222e3495d49?s=96&d=mm&r=g","url":"https:\/\/secure.gravatar.com\/avatar\/de97aeec1bb80978a9dbb127e47dfc88aaacb2f3c29aac907d8d3222e3495d49?s=96&d=mm&r=g","contentUrl":"https:\/\/secure.gravatar.com\/avatar\/de97aeec1bb80978a9dbb127e47dfc88aaacb2f3c29aac907d8d3222e3495d49?s=96&d=mm&r=g","caption":"Webdo"},"url":"https:\/\/www.webdo.tn\/fr\/actualite\/author\/webdo\/"}]}},"_links":{"self":[{"href":"https:\/\/www.webdo.tn\/fr\/wp-json\/wp\/v2\/posts\/204260","targetHints":{"allow":["GET"]}}],"collection":[{"href":"https:\/\/www.webdo.tn\/fr\/wp-json\/wp\/v2\/posts"}],"about":[{"href":"https:\/\/www.webdo.tn\/fr\/wp-json\/wp\/v2\/types\/post"}],"author":[{"embeddable":true,"href":"https:\/\/www.webdo.tn\/fr\/wp-json\/wp\/v2\/users\/3169"}],"replies":[{"embeddable":true,"href":"https:\/\/www.webdo.tn\/fr\/wp-json\/wp\/v2\/comments?post=204260"}],"version-history":[{"count":0,"href":"https:\/\/www.webdo.tn\/fr\/wp-json\/wp\/v2\/posts\/204260\/revisions"}],"wp:featuredmedia":[{"embeddable":true,"href":"https:\/\/www.webdo.tn\/fr\/wp-json\/wp\/v2\/media\/277960"}],"wp:attachment":[{"href":"https:\/\/www.webdo.tn\/fr\/wp-json\/wp\/v2\/media?parent=204260"}],"wp:term":[{"taxonomy":"category","embeddable":true,"href":"https:\/\/www.webdo.tn\/fr\/wp-json\/wp\/v2\/categories?post=204260"},{"taxonomy":"post_tag","embeddable":true,"href":"https:\/\/www.webdo.tn\/fr\/wp-json\/wp\/v2\/tags?post=204260"}],"curies":[{"name":"wp","href":"https:\/\/api.w.org\/{rel}","templated":true}]}}