{"id":204247,"date":"2023-03-24T14:16:00","date_gmt":"2023-03-24T14:16:00","guid":{"rendered":"https:\/\/www.webdo.tn\/fr\/blog\/fallujah-une-insulte-envers-les-enseignantes-estime-la-federation-de-l-enseignement-secondaire\/204247\/"},"modified":"2025-05-20T22:08:10","modified_gmt":"2025-05-20T22:08:10","slug":"fallujah-une-insulte-envers-les-enseignantes-estime-la-federation-de-l-enseignement-secondaire","status":"publish","type":"post","link":"https:\/\/www.webdo.tn\/fr\/actualite\/national\/fallujah-une-insulte-envers-les-enseignantes-estime-la-federation-de-l-enseignement-secondaire\/204247\/","title":{"rendered":"\u00ab\u00a0Fallujah\u00a0\u00bb, une insulte envers les enseignantes, estime la f\u00e9d\u00e9ration de l&rsquo;enseignement secondaire"},"content":{"rendered":"<p>La f\u00e9d\u00e9ration g\u00e9n\u00e9rale de l&rsquo;enseignement secondaire a condamn\u00e9 le contenu du feuilleton ramadanesque \u00ab\u00a0Fallujah\u00a0\u00bb.<\/p>\n<p>\t\t\t\t\t\t\t\t\tDepuis hier soir et la diffusion du premier \u00e9pisode a sur la cha\u00eene de t\u00e9l\u00e9vision priv\u00e9e \u00ab\u00a0El Hiwar Ettounsi\u00a0\u00bb, la pol\u00e9mique enfle \u00e0 propos de ce feuilleton ramadanesque.<\/p>\n<p>La f\u00e9d\u00e9ration estime que cet \u00e9pisode constitue \u00ab\u00a0une grave insulte envers les enseignantes et toute la famille \u00e9ducative\u00a0\u00bb, appelant les autorit\u00e9s comp\u00e9tentes \u00e0 prendre les mesures n\u00e9cessaires \u00e0 cet \u00e9gard.<\/p>\n<p>La f\u00e9d\u00e9ration a \u00e9galement appel\u00e9 \u00ab\u00a0la Haute Autorit\u00e9 Ind\u00e9pendante de la Communication Audiovisuelle (HAICA) \u00e0 prendre les mesures n\u00e9cessaires contre les manquements manifestes commis par cette cha\u00eene qui n&rsquo;a pas respect\u00e9 les dispositions et lois en vigueur concernant le moment de diffusion et la d\u00e9termination du groupe d&rsquo;\u00e2ge auquel il s&rsquo;adresse, en plus du contenu publicitaire implicite de produits interdits de publicit\u00e9\u00a0\u00bb.<\/p>\n<p>Elle a appel\u00e9 le d\u00e9l\u00e9gu\u00e9 g\u00e9n\u00e9ral \u00e0 l&rsquo;enfance \u00e0 intervenir imm\u00e9diatement en raison de \u00ab\u00a0l&rsquo;atteinte du contenu du feuilleton \u00e0 la sant\u00e9 physique et mentale de l&rsquo;enfant, et ses r\u00e9percussions possibles sur son comportement, son parcours scolaire et son d\u00e9veloppement psychologique\u00a0\u00bb.<\/p>\n<p>La f\u00e9d\u00e9ration a estim\u00e9 que \u00ab\u00a0le contenu de cet \u00e9pisode a port\u00e9 atteinte \u00e0 l&rsquo;image des \u00e9l\u00e8ves et constitue un blanchiment d&rsquo;actions bl\u00e2mables que l&rsquo;art a le devoir de critiquer\u00a0\u00bb, indique un communiqu\u00e9 publi\u00e9 ce vendredi 24 mars 2023.<\/p>\n","protected":false},"excerpt":{"rendered":"<p>La f\u00e9d\u00e9ration g\u00e9n\u00e9rale de l&rsquo;enseignement secondaire a condamn\u00e9 le contenu du feuilleton ramadanesque  Fallujah .<\/p>\n","protected":false},"author":3162,"featured_media":277954,"comment_status":"open","ping_status":"closed","sticky":false,"template":"","format":"standard","meta":{"footnotes":""},"categories":[44],"tags":[2828,8614,3833,6042],"class_list":["post-204247","post","type-post","status-publish","format-standard","has-post-thumbnail","hentry","category-national","tag-enseignement","tag-fallujah","tag-feuilleton","tag-polemique"],"yoast_head":"<!-- This site is optimized with the Yoast SEO Premium plugin v27.5 (Yoast SEO v27.5) - https:\/\/yoast.com\/product\/yoast-seo-premium-wordpress\/ -->\n<title>Fallujah , une insulte envers les enseignantes, estime la f\u00e9d\u00e9ration de l&#039;enseignement secondaire<\/title>\n<meta name=\"description\" content=\"La f\u00e9d\u00e9ration g\u00e9n\u00e9rale de l&#039;enseignement secondaire a condamn\u00e9 le contenu du feuilleton ramadanesque Fallujah .\" \/>\n<link rel=\"canonical\" href=\"https:\/\/www.webdo.tn\/fr\/actualite\/national\/fallujah-une-insulte-envers-les-enseignantes-estime-la-federation-de-l-enseignement-secondaire\/204247\/\" \/>\n<meta property=\"og:locale\" content=\"fr_FR\" \/>\n<meta property=\"og:type\" content=\"article\" \/>\n<meta property=\"og:title\" content=\"&quot;Fallujah&quot;, une insulte envers les enseignantes, estime la f\u00e9d\u00e9ration de l&#039;enseignement secondaire\" \/>\n<meta property=\"og:description\" content=\"La f\u00e9d\u00e9ration g\u00e9n\u00e9rale de l&#039;enseignement secondaire a condamn\u00e9 le contenu du feuilleton ramadanesque Fallujah .\" \/>\n<meta property=\"og:url\" content=\"https:\/\/www.webdo.tn\/fr\/actualite\/national\/fallujah-une-insulte-envers-les-enseignantes-estime-la-federation-de-l-enseignement-secondaire\/204247\/\" \/>\n<meta property=\"og:site_name\" content=\"webdo\" \/>\n<meta property=\"article:publisher\" content=\"https:\/\/www.facebook.com\/webdotn\" \/>\n<meta property=\"article:published_time\" content=\"2023-03-24T14:16:00+00:00\" \/>\n<meta property=\"article:modified_time\" content=\"2025-05-20T22:08:10+00:00\" \/>\n<meta property=\"og:image\" content=\"https:\/\/www.webdo.tn\/fr\/wp-content\/uploads\/2023\/03\/e7c8318c7a8054250c02213be43988ab.jpg\" \/>\n\t<meta property=\"og:image:width\" content=\"650\" \/>\n\t<meta property=\"og:image:height\" content=\"347\" \/>\n\t<meta property=\"og:image:type\" content=\"image\/jpeg\" \/>\n<meta name=\"author\" content=\"MC\" \/>\n<meta name=\"twitter:card\" content=\"summary_large_image\" \/>\n<meta name=\"twitter:creator\" content=\"@webdo_tn\" \/>\n<meta name=\"twitter:site\" content=\"@webdo_tn\" \/>\n<meta name=\"twitter:label1\" content=\"\u00c9crit par\" \/>\n\t<meta name=\"twitter:data1\" content=\"MC\" \/>\n\t<meta name=\"twitter:label2\" content=\"Dur\u00e9e de lecture estim\u00e9e\" \/>\n\t<meta name=\"twitter:data2\" content=\"1 minute\" \/>\n<script type=\"application\/ld+json\" class=\"yoast-schema-graph\">{\"@context\":\"https:\\\/\\\/schema.org\",\"@graph\":[{\"@type\":\"NewsArticle\",\"@id\":\"https:\\\/\\\/www.webdo.tn\\\/fr\\\/actualite\\\/national\\\/fallujah-une-insulte-envers-les-enseignantes-estime-la-federation-de-l-enseignement-secondaire\\\/204247\\\/#article\",\"isPartOf\":{\"@id\":\"https:\\\/\\\/www.webdo.tn\\\/fr\\\/actualite\\\/national\\\/fallujah-une-insulte-envers-les-enseignantes-estime-la-federation-de-l-enseignement-secondaire\\\/204247\\\/\"},\"author\":{\"name\":\"MC\",\"@id\":\"https:\\\/\\\/www.webdo.tn\\\/fr\\\/#\\\/schema\\\/person\\\/2c4929cbf5a809e3bd38617c6ce150f6\"},\"headline\":\"\u00ab\u00a0Fallujah\u00a0\u00bb, une insulte envers les enseignantes, estime la f\u00e9d\u00e9ration de l&rsquo;enseignement secondaire\",\"datePublished\":\"2023-03-24T14:16:00+00:00\",\"dateModified\":\"2025-05-20T22:08:10+00:00\",\"mainEntityOfPage\":{\"@id\":\"https:\\\/\\\/www.webdo.tn\\\/fr\\\/actualite\\\/national\\\/fallujah-une-insulte-envers-les-enseignantes-estime-la-federation-de-l-enseignement-secondaire\\\/204247\\\/\"},\"wordCount\":260,\"commentCount\":0,\"publisher\":{\"@id\":\"https:\\\/\\\/www.webdo.tn\\\/fr\\\/#organization\"},\"image\":{\"@id\":\"https:\\\/\\\/www.webdo.tn\\\/fr\\\/actualite\\\/national\\\/fallujah-une-insulte-envers-les-enseignantes-estime-la-federation-de-l-enseignement-secondaire\\\/204247\\\/#primaryimage\"},\"thumbnailUrl\":\"https:\\\/\\\/www.webdo.tn\\\/fr\\\/wp-content\\\/uploads\\\/2023\\\/03\\\/e7c8318c7a8054250c02213be43988ab.jpg\",\"keywords\":[\"enseignement\",\"Fallujah\",\"feuilleton\",\"pol\u00e9mique\"],\"articleSection\":[\"National\"],\"inLanguage\":\"fr-FR\"},{\"@type\":\"WebPage\",\"@id\":\"https:\\\/\\\/www.webdo.tn\\\/fr\\\/actualite\\\/national\\\/fallujah-une-insulte-envers-les-enseignantes-estime-la-federation-de-l-enseignement-secondaire\\\/204247\\\/\",\"url\":\"https:\\\/\\\/www.webdo.tn\\\/fr\\\/actualite\\\/national\\\/fallujah-une-insulte-envers-les-enseignantes-estime-la-federation-de-l-enseignement-secondaire\\\/204247\\\/\",\"name\":\"Fallujah , une insulte envers les enseignantes, estime la f\u00e9d\u00e9ration de l'enseignement secondaire\",\"isPartOf\":{\"@id\":\"https:\\\/\\\/www.webdo.tn\\\/fr\\\/#website\"},\"primaryImageOfPage\":{\"@id\":\"https:\\\/\\\/www.webdo.tn\\\/fr\\\/actualite\\\/national\\\/fallujah-une-insulte-envers-les-enseignantes-estime-la-federation-de-l-enseignement-secondaire\\\/204247\\\/#primaryimage\"},\"image\":{\"@id\":\"https:\\\/\\\/www.webdo.tn\\\/fr\\\/actualite\\\/national\\\/fallujah-une-insulte-envers-les-enseignantes-estime-la-federation-de-l-enseignement-secondaire\\\/204247\\\/#primaryimage\"},\"thumbnailUrl\":\"https:\\\/\\\/www.webdo.tn\\\/fr\\\/wp-content\\\/uploads\\\/2023\\\/03\\\/e7c8318c7a8054250c02213be43988ab.jpg\",\"datePublished\":\"2023-03-24T14:16:00+00:00\",\"dateModified\":\"2025-05-20T22:08:10+00:00\",\"description\":\"La f\u00e9d\u00e9ration g\u00e9n\u00e9rale de l'enseignement secondaire a condamn\u00e9 le contenu du feuilleton ramadanesque Fallujah .\",\"breadcrumb\":{\"@id\":\"https:\\\/\\\/www.webdo.tn\\\/fr\\\/actualite\\\/national\\\/fallujah-une-insulte-envers-les-enseignantes-estime-la-federation-de-l-enseignement-secondaire\\\/204247\\\/#breadcrumb\"},\"inLanguage\":\"fr-FR\",\"potentialAction\":[{\"@type\":\"ReadAction\",\"target\":[\"https:\\\/\\\/www.webdo.tn\\\/fr\\\/actualite\\\/national\\\/fallujah-une-insulte-envers-les-enseignantes-estime-la-federation-de-l-enseignement-secondaire\\\/204247\\\/\"]}]},{\"@type\":\"ImageObject\",\"inLanguage\":\"fr-FR\",\"@id\":\"https:\\\/\\\/www.webdo.tn\\\/fr\\\/actualite\\\/national\\\/fallujah-une-insulte-envers-les-enseignantes-estime-la-federation-de-l-enseignement-secondaire\\\/204247\\\/#primaryimage\",\"url\":\"https:\\\/\\\/www.webdo.tn\\\/fr\\\/wp-content\\\/uploads\\\/2023\\\/03\\\/e7c8318c7a8054250c02213be43988ab.jpg\",\"contentUrl\":\"https:\\\/\\\/www.webdo.tn\\\/fr\\\/wp-content\\\/uploads\\\/2023\\\/03\\\/e7c8318c7a8054250c02213be43988ab.jpg\",\"width\":650,\"height\":347,\"caption\":\"\\\"Fallujah\\\", une insulte envers les enseignantes, estime la f\u00e9d\u00e9ration de l'enseignement secondaire\"},{\"@type\":\"BreadcrumbList\",\"@id\":\"https:\\\/\\\/www.webdo.tn\\\/fr\\\/actualite\\\/national\\\/fallujah-une-insulte-envers-les-enseignantes-estime-la-federation-de-l-enseignement-secondaire\\\/204247\\\/#breadcrumb\",\"itemListElement\":[{\"@type\":\"ListItem\",\"position\":1,\"name\":\"Accueil\",\"item\":\"https:\\\/\\\/www.webdo.tn\\\/fr\\\/\"},{\"@type\":\"ListItem\",\"position\":2,\"name\":\"\u00ab\u00a0Fallujah\u00a0\u00bb, une insulte envers les enseignantes, estime la f\u00e9d\u00e9ration de l&rsquo;enseignement secondaire\"}]},{\"@type\":\"WebSite\",\"@id\":\"https:\\\/\\\/www.webdo.tn\\\/fr\\\/#website\",\"url\":\"https:\\\/\\\/www.webdo.tn\\\/fr\\\/\",\"name\":\"webdo\",\"description\":\"Tunisie - News en Tunisie et \u00e0 l&#039;international sur Webdo.tn\",\"publisher\":{\"@id\":\"https:\\\/\\\/www.webdo.tn\\\/fr\\\/#organization\"},\"potentialAction\":[{\"@type\":\"SearchAction\",\"target\":{\"@type\":\"EntryPoint\",\"urlTemplate\":\"https:\\\/\\\/www.webdo.tn\\\/fr\\\/?s={search_term_string}\"},\"query-input\":{\"@type\":\"PropertyValueSpecification\",\"valueRequired\":true,\"valueName\":\"search_term_string\"}}],\"inLanguage\":\"fr-FR\"},{\"@type\":\"Organization\",\"@id\":\"https:\\\/\\\/www.webdo.tn\\\/fr\\\/#organization\",\"name\":\"Webdo\",\"alternateName\":\"Webdo.tn\",\"url\":\"https:\\\/\\\/www.webdo.tn\\\/fr\\\/\",\"logo\":{\"@type\":\"ImageObject\",\"inLanguage\":\"fr-FR\",\"@id\":\"https:\\\/\\\/www.webdo.tn\\\/fr\\\/#\\\/schema\\\/logo\\\/image\\\/\",\"url\":\"https:\\\/\\\/www.webdo.tn\\\/fr\\\/wp-content\\\/uploads\\\/2025\\\/06\\\/Webdo-Tunisie_168377.jpg\",\"contentUrl\":\"https:\\\/\\\/www.webdo.tn\\\/fr\\\/wp-content\\\/uploads\\\/2025\\\/06\\\/Webdo-Tunisie_168377.jpg\",\"width\":301,\"height\":301,\"caption\":\"Webdo\"},\"image\":{\"@id\":\"https:\\\/\\\/www.webdo.tn\\\/fr\\\/#\\\/schema\\\/logo\\\/image\\\/\"},\"sameAs\":[\"https:\\\/\\\/www.facebook.com\\\/webdotn\",\"https:\\\/\\\/x.com\\\/webdo_tn\"],\"description\":\"Webdo est un m\u00e9dia num\u00e9rique tunisien fond\u00e9 en 2010, sp\u00e9cialis\u00e9 dans l\u2019actualit\u00e9 nationale et internationale, l\u2019\u00e9conomie, la soci\u00e9t\u00e9 et les analyses politiques. Le site s\u2019adresse \u00e0 un large public francophone et couvre l\u2019information tunisienne en temps r\u00e9el.\",\"email\":\"redac@webdo.tn\",\"legalName\":\"YNJ SARL\",\"foundingDate\":\"2010-09-06\",\"numberOfEmployees\":{\"@type\":\"QuantitativeValue\",\"minValue\":\"11\",\"maxValue\":\"50\"}},{\"@type\":\"Person\",\"@id\":\"https:\\\/\\\/www.webdo.tn\\\/fr\\\/#\\\/schema\\\/person\\\/2c4929cbf5a809e3bd38617c6ce150f6\",\"name\":\"MC\",\"image\":{\"@type\":\"ImageObject\",\"inLanguage\":\"fr-FR\",\"@id\":\"https:\\\/\\\/secure.gravatar.com\\\/avatar\\\/a545bbb6f84efdd5553dbbc2895e3ca8f1d12c5215e00a041c9670b54aa9b18a?s=96&d=mm&r=g\",\"url\":\"https:\\\/\\\/secure.gravatar.com\\\/avatar\\\/a545bbb6f84efdd5553dbbc2895e3ca8f1d12c5215e00a041c9670b54aa9b18a?s=96&d=mm&r=g\",\"contentUrl\":\"https:\\\/\\\/secure.gravatar.com\\\/avatar\\\/a545bbb6f84efdd5553dbbc2895e3ca8f1d12c5215e00a041c9670b54aa9b18a?s=96&d=mm&r=g\",\"caption\":\"MC\"},\"url\":\"https:\\\/\\\/www.webdo.tn\\\/fr\\\/actualite\\\/author\\\/mc\\\/\"}]}<\/script>\n<!-- \/ Yoast SEO Premium plugin. -->","yoast_head_json":{"title":"Fallujah , une insulte envers les enseignantes, estime la f\u00e9d\u00e9ration de l'enseignement secondaire","description":"La f\u00e9d\u00e9ration g\u00e9n\u00e9rale de l'enseignement secondaire a condamn\u00e9 le contenu du feuilleton ramadanesque Fallujah .","canonical":"https:\/\/www.webdo.tn\/fr\/actualite\/national\/fallujah-une-insulte-envers-les-enseignantes-estime-la-federation-de-l-enseignement-secondaire\/204247\/","og_locale":"fr_FR","og_type":"article","og_title":"\"Fallujah\", une insulte envers les enseignantes, estime la f\u00e9d\u00e9ration de l'enseignement secondaire","og_description":"La f\u00e9d\u00e9ration g\u00e9n\u00e9rale de l'enseignement secondaire a condamn\u00e9 le contenu du feuilleton ramadanesque Fallujah .","og_url":"https:\/\/www.webdo.tn\/fr\/actualite\/national\/fallujah-une-insulte-envers-les-enseignantes-estime-la-federation-de-l-enseignement-secondaire\/204247\/","og_site_name":"webdo","article_publisher":"https:\/\/www.facebook.com\/webdotn","article_published_time":"2023-03-24T14:16:00+00:00","article_modified_time":"2025-05-20T22:08:10+00:00","og_image":[{"width":650,"height":347,"url":"https:\/\/www.webdo.tn\/fr\/wp-content\/uploads\/2023\/03\/e7c8318c7a8054250c02213be43988ab.jpg","type":"image\/jpeg"}],"author":"MC","twitter_card":"summary_large_image","twitter_creator":"@webdo_tn","twitter_site":"@webdo_tn","twitter_misc":{"\u00c9crit par":"MC","Dur\u00e9e de lecture estim\u00e9e":"1 minute"},"schema":{"@context":"https:\/\/schema.org","@graph":[{"@type":"NewsArticle","@id":"https:\/\/www.webdo.tn\/fr\/actualite\/national\/fallujah-une-insulte-envers-les-enseignantes-estime-la-federation-de-l-enseignement-secondaire\/204247\/#article","isPartOf":{"@id":"https:\/\/www.webdo.tn\/fr\/actualite\/national\/fallujah-une-insulte-envers-les-enseignantes-estime-la-federation-de-l-enseignement-secondaire\/204247\/"},"author":{"name":"MC","@id":"https:\/\/www.webdo.tn\/fr\/#\/schema\/person\/2c4929cbf5a809e3bd38617c6ce150f6"},"headline":"\u00ab\u00a0Fallujah\u00a0\u00bb, une insulte envers les enseignantes, estime la f\u00e9d\u00e9ration de l&rsquo;enseignement secondaire","datePublished":"2023-03-24T14:16:00+00:00","dateModified":"2025-05-20T22:08:10+00:00","mainEntityOfPage":{"@id":"https:\/\/www.webdo.tn\/fr\/actualite\/national\/fallujah-une-insulte-envers-les-enseignantes-estime-la-federation-de-l-enseignement-secondaire\/204247\/"},"wordCount":260,"commentCount":0,"publisher":{"@id":"https:\/\/www.webdo.tn\/fr\/#organization"},"image":{"@id":"https:\/\/www.webdo.tn\/fr\/actualite\/national\/fallujah-une-insulte-envers-les-enseignantes-estime-la-federation-de-l-enseignement-secondaire\/204247\/#primaryimage"},"thumbnailUrl":"https:\/\/www.webdo.tn\/fr\/wp-content\/uploads\/2023\/03\/e7c8318c7a8054250c02213be43988ab.jpg","keywords":["enseignement","Fallujah","feuilleton","pol\u00e9mique"],"articleSection":["National"],"inLanguage":"fr-FR"},{"@type":"WebPage","@id":"https:\/\/www.webdo.tn\/fr\/actualite\/national\/fallujah-une-insulte-envers-les-enseignantes-estime-la-federation-de-l-enseignement-secondaire\/204247\/","url":"https:\/\/www.webdo.tn\/fr\/actualite\/national\/fallujah-une-insulte-envers-les-enseignantes-estime-la-federation-de-l-enseignement-secondaire\/204247\/","name":"Fallujah , une insulte envers les enseignantes, estime la f\u00e9d\u00e9ration de l'enseignement secondaire","isPartOf":{"@id":"https:\/\/www.webdo.tn\/fr\/#website"},"primaryImageOfPage":{"@id":"https:\/\/www.webdo.tn\/fr\/actualite\/national\/fallujah-une-insulte-envers-les-enseignantes-estime-la-federation-de-l-enseignement-secondaire\/204247\/#primaryimage"},"image":{"@id":"https:\/\/www.webdo.tn\/fr\/actualite\/national\/fallujah-une-insulte-envers-les-enseignantes-estime-la-federation-de-l-enseignement-secondaire\/204247\/#primaryimage"},"thumbnailUrl":"https:\/\/www.webdo.tn\/fr\/wp-content\/uploads\/2023\/03\/e7c8318c7a8054250c02213be43988ab.jpg","datePublished":"2023-03-24T14:16:00+00:00","dateModified":"2025-05-20T22:08:10+00:00","description":"La f\u00e9d\u00e9ration g\u00e9n\u00e9rale de l'enseignement secondaire a condamn\u00e9 le contenu du feuilleton ramadanesque Fallujah .","breadcrumb":{"@id":"https:\/\/www.webdo.tn\/fr\/actualite\/national\/fallujah-une-insulte-envers-les-enseignantes-estime-la-federation-de-l-enseignement-secondaire\/204247\/#breadcrumb"},"inLanguage":"fr-FR","potentialAction":[{"@type":"ReadAction","target":["https:\/\/www.webdo.tn\/fr\/actualite\/national\/fallujah-une-insulte-envers-les-enseignantes-estime-la-federation-de-l-enseignement-secondaire\/204247\/"]}]},{"@type":"ImageObject","inLanguage":"fr-FR","@id":"https:\/\/www.webdo.tn\/fr\/actualite\/national\/fallujah-une-insulte-envers-les-enseignantes-estime-la-federation-de-l-enseignement-secondaire\/204247\/#primaryimage","url":"https:\/\/www.webdo.tn\/fr\/wp-content\/uploads\/2023\/03\/e7c8318c7a8054250c02213be43988ab.jpg","contentUrl":"https:\/\/www.webdo.tn\/fr\/wp-content\/uploads\/2023\/03\/e7c8318c7a8054250c02213be43988ab.jpg","width":650,"height":347,"caption":"\"Fallujah\", une insulte envers les enseignantes, estime la f\u00e9d\u00e9ration de l'enseignement secondaire"},{"@type":"BreadcrumbList","@id":"https:\/\/www.webdo.tn\/fr\/actualite\/national\/fallujah-une-insulte-envers-les-enseignantes-estime-la-federation-de-l-enseignement-secondaire\/204247\/#breadcrumb","itemListElement":[{"@type":"ListItem","position":1,"name":"Accueil","item":"https:\/\/www.webdo.tn\/fr\/"},{"@type":"ListItem","position":2,"name":"\u00ab\u00a0Fallujah\u00a0\u00bb, une insulte envers les enseignantes, estime la f\u00e9d\u00e9ration de l&rsquo;enseignement secondaire"}]},{"@type":"WebSite","@id":"https:\/\/www.webdo.tn\/fr\/#website","url":"https:\/\/www.webdo.tn\/fr\/","name":"webdo","description":"Tunisie - News en Tunisie et \u00e0 l&#039;international sur Webdo.tn","publisher":{"@id":"https:\/\/www.webdo.tn\/fr\/#organization"},"potentialAction":[{"@type":"SearchAction","target":{"@type":"EntryPoint","urlTemplate":"https:\/\/www.webdo.tn\/fr\/?s={search_term_string}"},"query-input":{"@type":"PropertyValueSpecification","valueRequired":true,"valueName":"search_term_string"}}],"inLanguage":"fr-FR"},{"@type":"Organization","@id":"https:\/\/www.webdo.tn\/fr\/#organization","name":"Webdo","alternateName":"Webdo.tn","url":"https:\/\/www.webdo.tn\/fr\/","logo":{"@type":"ImageObject","inLanguage":"fr-FR","@id":"https:\/\/www.webdo.tn\/fr\/#\/schema\/logo\/image\/","url":"https:\/\/www.webdo.tn\/fr\/wp-content\/uploads\/2025\/06\/Webdo-Tunisie_168377.jpg","contentUrl":"https:\/\/www.webdo.tn\/fr\/wp-content\/uploads\/2025\/06\/Webdo-Tunisie_168377.jpg","width":301,"height":301,"caption":"Webdo"},"image":{"@id":"https:\/\/www.webdo.tn\/fr\/#\/schema\/logo\/image\/"},"sameAs":["https:\/\/www.facebook.com\/webdotn","https:\/\/x.com\/webdo_tn"],"description":"Webdo est un m\u00e9dia num\u00e9rique tunisien fond\u00e9 en 2010, sp\u00e9cialis\u00e9 dans l\u2019actualit\u00e9 nationale et internationale, l\u2019\u00e9conomie, la soci\u00e9t\u00e9 et les analyses politiques. Le site s\u2019adresse \u00e0 un large public francophone et couvre l\u2019information tunisienne en temps r\u00e9el.","email":"redac@webdo.tn","legalName":"YNJ SARL","foundingDate":"2010-09-06","numberOfEmployees":{"@type":"QuantitativeValue","minValue":"11","maxValue":"50"}},{"@type":"Person","@id":"https:\/\/www.webdo.tn\/fr\/#\/schema\/person\/2c4929cbf5a809e3bd38617c6ce150f6","name":"MC","image":{"@type":"ImageObject","inLanguage":"fr-FR","@id":"https:\/\/secure.gravatar.com\/avatar\/a545bbb6f84efdd5553dbbc2895e3ca8f1d12c5215e00a041c9670b54aa9b18a?s=96&d=mm&r=g","url":"https:\/\/secure.gravatar.com\/avatar\/a545bbb6f84efdd5553dbbc2895e3ca8f1d12c5215e00a041c9670b54aa9b18a?s=96&d=mm&r=g","contentUrl":"https:\/\/secure.gravatar.com\/avatar\/a545bbb6f84efdd5553dbbc2895e3ca8f1d12c5215e00a041c9670b54aa9b18a?s=96&d=mm&r=g","caption":"MC"},"url":"https:\/\/www.webdo.tn\/fr\/actualite\/author\/mc\/"}]}},"_links":{"self":[{"href":"https:\/\/www.webdo.tn\/fr\/wp-json\/wp\/v2\/posts\/204247","targetHints":{"allow":["GET"]}}],"collection":[{"href":"https:\/\/www.webdo.tn\/fr\/wp-json\/wp\/v2\/posts"}],"about":[{"href":"https:\/\/www.webdo.tn\/fr\/wp-json\/wp\/v2\/types\/post"}],"author":[{"embeddable":true,"href":"https:\/\/www.webdo.tn\/fr\/wp-json\/wp\/v2\/users\/3162"}],"replies":[{"embeddable":true,"href":"https:\/\/www.webdo.tn\/fr\/wp-json\/wp\/v2\/comments?post=204247"}],"version-history":[{"count":0,"href":"https:\/\/www.webdo.tn\/fr\/wp-json\/wp\/v2\/posts\/204247\/revisions"}],"wp:featuredmedia":[{"embeddable":true,"href":"https:\/\/www.webdo.tn\/fr\/wp-json\/wp\/v2\/media\/277954"}],"wp:attachment":[{"href":"https:\/\/www.webdo.tn\/fr\/wp-json\/wp\/v2\/media?parent=204247"}],"wp:term":[{"taxonomy":"category","embeddable":true,"href":"https:\/\/www.webdo.tn\/fr\/wp-json\/wp\/v2\/categories?post=204247"},{"taxonomy":"post_tag","embeddable":true,"href":"https:\/\/www.webdo.tn\/fr\/wp-json\/wp\/v2\/tags?post=204247"}],"curies":[{"name":"wp","href":"https:\/\/api.w.org\/{rel}","templated":true}]}}