{"id":204241,"date":"2023-03-24T12:21:00","date_gmt":"2023-03-24T12:21:00","guid":{"rendered":"https:\/\/www.webdo.tn\/fr\/blog\/negociations-avec-le-fmi-l-algerie-pleinement-solidaire-avec-la-tunisie\/204241\/"},"modified":"2025-05-20T22:44:41","modified_gmt":"2025-05-20T22:44:41","slug":"negociations-avec-le-fmi-l-algerie-pleinement-solidaire-avec-la-tunisie","status":"publish","type":"post","link":"https:\/\/www.webdo.tn\/fr\/actualite\/national\/negociations-avec-le-fmi-l-algerie-pleinement-solidaire-avec-la-tunisie\/204241\/","title":{"rendered":"N\u00e9gociations avec le FMI : L\u2019Alg\u00e9rie pleinement solidaire avec la Tunisie"},"content":{"rendered":"<p>La cheffe du gouvernement, Najla Bouden, s\u2019est entretenue avec le Premier ministre alg\u00e9rien, Ayman Ben Abderrahmane au sujet de \u00ab\u00a0des relations bilat\u00e9rales et des perspectives de d\u00e9veloppement dans tous les domaines\u00a0\u00bb, selon un communiqu\u00e9 du bureau du Premier ministre alg\u00e9rien publi\u00e9 vendredi 24 mars 2023.<\/p>\n<p>\t\t\t\t\t\t\t\t\tLe communiqu\u00e9 pr\u00e9cise que \u00ab\u00a0dans le cadre de la tradition du dialogue continu et des consultations bilat\u00e9rales entre l&rsquo;Alg\u00e9rie et la Tunisie, les deux dirigeants ont abord\u00e9 la r\u00e9alit\u00e9 des relations bilat\u00e9rales et les perspectives de d\u00e9veloppement dans divers domaines\u00a0\u00bb.<\/p>\n<p>Les discussions ont \u00e9galement \u00e9t\u00e9 l&rsquo;occasion d&rsquo;aborder \u00ab\u00a0les moyens de renforcer le soutien \u00e0 la Tunisie afin de lui permettre de retrouver sa stabilit\u00e9 \u00e9conomique, que les autorit\u00e9s tunisiennes s&rsquo;efforcent de r\u00e9aliser\u00a0\u00bb, ajoute la m\u00eame source.\u00a0<\/p>\n<p>Et d\u2019ajouter : \u00a0\u00ab\u00a0Mme la cheffe du gouvernement a inform\u00e9 M. le Premier ministre des derniers d\u00e9veloppements relatifs aux n\u00e9gociations en cours entre la Tunisie et le Fonds mon\u00e9taire international concernant l&rsquo;accord financier dans le cadre de l&rsquo;extension de la facilit\u00e9 de cr\u00e9dit \u00e9largie du FMI, visant \u00e0 soutenir les politiques \u00e9conomiques en Tunisie\u00a0\u00bb.<\/p>\n<p>Le m\u00eame communiqu\u00e9 souligne \u00e9galement que \u00ab\u00a0sur la base des relations fraternelles et de solidarit\u00e9 historiques et solides qui lient l&rsquo;Alg\u00e9rie et la Tunisie ainsi que leurs peuples fr\u00e8res, et sur les instructions \u00e9minentes du pr\u00e9sident de la R\u00e9publique, le Premier ministre a exprim\u00e9 la pleine solidarit\u00e9 de l&rsquo;Alg\u00e9rie avec la Tunisie dans le cadre de ses n\u00e9gociations avec le Fonds mon\u00e9taire international\u00a0\u00bb.<\/p>\n","protected":false},"excerpt":{"rendered":"<p>La cheffe du gouvernement, Najla Bouden, s\u2019est entretenue avec le Premier ministre alg\u00e9rien, Ayman Ben Abderrahmane au sujet de  des relations bilat\u00e9rales et de&#8230;<\/p>\n","protected":false},"author":3175,"featured_media":251655,"comment_status":"open","ping_status":"closed","sticky":false,"template":"","format":"standard","meta":{"footnotes":""},"categories":[44],"tags":[2907,4233,2608],"class_list":["post-204241","post","type-post","status-publish","format-standard","has-post-thumbnail","hentry","category-national","tag-algerie","tag-fmi","tag-tunisie"],"yoast_head":"<!-- This site is optimized with the Yoast SEO Premium plugin v27.4 (Yoast SEO v27.4) - https:\/\/yoast.com\/product\/yoast-seo-premium-wordpress\/ -->\n<title>N\u00e9gociations avec le FMI : L\u2019Alg\u00e9rie pleinement solidaire avec la Tunisie<\/title>\n<meta name=\"description\" content=\"La cheffe du gouvernement, Najla Bouden, s\u2019est entretenue avec le Premier ministre alg\u00e9rien, Ayman Ben Abderrahmane au sujet de des relations bilat\u00e9rales et de...\" \/>\n<link rel=\"canonical\" href=\"https:\/\/www.webdo.tn\/fr\/actualite\/national\/negociations-avec-le-fmi-l-algerie-pleinement-solidaire-avec-la-tunisie\/204241\/\" \/>\n<meta property=\"og:locale\" content=\"fr_FR\" \/>\n<meta property=\"og:type\" content=\"article\" \/>\n<meta property=\"og:title\" content=\"N\u00e9gociations avec le FMI : L\u2019Alg\u00e9rie pleinement solidaire avec la Tunisie\" \/>\n<meta property=\"og:description\" content=\"La cheffe du gouvernement, Najla Bouden, s\u2019est entretenue avec le Premier ministre alg\u00e9rien, Ayman Ben Abderrahmane au sujet de des relations bilat\u00e9rales et de...\" \/>\n<meta property=\"og:url\" content=\"https:\/\/www.webdo.tn\/fr\/actualite\/national\/negociations-avec-le-fmi-l-algerie-pleinement-solidaire-avec-la-tunisie\/204241\/\" \/>\n<meta property=\"og:site_name\" content=\"webdo\" \/>\n<meta property=\"article:publisher\" content=\"https:\/\/www.facebook.com\/webdotn\" \/>\n<meta property=\"article:published_time\" content=\"2023-03-24T12:21:00+00:00\" \/>\n<meta property=\"article:modified_time\" content=\"2025-05-20T22:44:41+00:00\" \/>\n<meta property=\"og:image\" content=\"https:\/\/www.webdo.tn\/fr\/wp-content\/uploads\/2023\/03\/8d121f8dc40a4f49fb0379242af36348.jpg\" \/>\n\t<meta property=\"og:image:width\" content=\"750\" \/>\n\t<meta property=\"og:image:height\" content=\"400\" \/>\n\t<meta property=\"og:image:type\" content=\"image\/jpeg\" \/>\n<meta name=\"author\" content=\"CL\" \/>\n<meta name=\"twitter:card\" content=\"summary_large_image\" \/>\n<meta name=\"twitter:creator\" content=\"@webdo_tn\" \/>\n<meta name=\"twitter:site\" content=\"@webdo_tn\" \/>\n<meta name=\"twitter:label1\" content=\"\u00c9crit par\" \/>\n\t<meta name=\"twitter:data1\" content=\"CL\" \/>\n\t<meta name=\"twitter:label2\" content=\"Dur\u00e9e de lecture estim\u00e9e\" \/>\n\t<meta name=\"twitter:data2\" content=\"1 minute\" \/>\n<script type=\"application\/ld+json\" class=\"yoast-schema-graph\">{\"@context\":\"https:\\\/\\\/schema.org\",\"@graph\":[{\"@type\":\"NewsArticle\",\"@id\":\"https:\\\/\\\/www.webdo.tn\\\/fr\\\/actualite\\\/national\\\/negociations-avec-le-fmi-l-algerie-pleinement-solidaire-avec-la-tunisie\\\/204241\\\/#article\",\"isPartOf\":{\"@id\":\"https:\\\/\\\/www.webdo.tn\\\/fr\\\/actualite\\\/national\\\/negociations-avec-le-fmi-l-algerie-pleinement-solidaire-avec-la-tunisie\\\/204241\\\/\"},\"author\":{\"name\":\"CL\",\"@id\":\"https:\\\/\\\/www.webdo.tn\\\/fr\\\/#\\\/schema\\\/person\\\/f35b42a42c5e2511bbd282959d6385cc\"},\"headline\":\"N\u00e9gociations avec le FMI : L\u2019Alg\u00e9rie pleinement solidaire avec la Tunisie\",\"datePublished\":\"2023-03-24T12:21:00+00:00\",\"dateModified\":\"2025-05-20T22:44:41+00:00\",\"mainEntityOfPage\":{\"@id\":\"https:\\\/\\\/www.webdo.tn\\\/fr\\\/actualite\\\/national\\\/negociations-avec-le-fmi-l-algerie-pleinement-solidaire-avec-la-tunisie\\\/204241\\\/\"},\"wordCount\":281,\"commentCount\":0,\"publisher\":{\"@id\":\"https:\\\/\\\/www.webdo.tn\\\/fr\\\/#organization\"},\"image\":{\"@id\":\"https:\\\/\\\/www.webdo.tn\\\/fr\\\/actualite\\\/national\\\/negociations-avec-le-fmi-l-algerie-pleinement-solidaire-avec-la-tunisie\\\/204241\\\/#primaryimage\"},\"thumbnailUrl\":\"https:\\\/\\\/www.webdo.tn\\\/fr\\\/wp-content\\\/uploads\\\/2023\\\/03\\\/8d121f8dc40a4f49fb0379242af36348.jpg\",\"keywords\":[\"Alg\u00e9rie\",\"FMI\",\"Tunisie\"],\"articleSection\":[\"National\"],\"inLanguage\":\"fr-FR\"},{\"@type\":\"WebPage\",\"@id\":\"https:\\\/\\\/www.webdo.tn\\\/fr\\\/actualite\\\/national\\\/negociations-avec-le-fmi-l-algerie-pleinement-solidaire-avec-la-tunisie\\\/204241\\\/\",\"url\":\"https:\\\/\\\/www.webdo.tn\\\/fr\\\/actualite\\\/national\\\/negociations-avec-le-fmi-l-algerie-pleinement-solidaire-avec-la-tunisie\\\/204241\\\/\",\"name\":\"N\u00e9gociations avec le FMI : L\u2019Alg\u00e9rie pleinement solidaire avec la Tunisie\",\"isPartOf\":{\"@id\":\"https:\\\/\\\/www.webdo.tn\\\/fr\\\/#website\"},\"primaryImageOfPage\":{\"@id\":\"https:\\\/\\\/www.webdo.tn\\\/fr\\\/actualite\\\/national\\\/negociations-avec-le-fmi-l-algerie-pleinement-solidaire-avec-la-tunisie\\\/204241\\\/#primaryimage\"},\"image\":{\"@id\":\"https:\\\/\\\/www.webdo.tn\\\/fr\\\/actualite\\\/national\\\/negociations-avec-le-fmi-l-algerie-pleinement-solidaire-avec-la-tunisie\\\/204241\\\/#primaryimage\"},\"thumbnailUrl\":\"https:\\\/\\\/www.webdo.tn\\\/fr\\\/wp-content\\\/uploads\\\/2023\\\/03\\\/8d121f8dc40a4f49fb0379242af36348.jpg\",\"datePublished\":\"2023-03-24T12:21:00+00:00\",\"dateModified\":\"2025-05-20T22:44:41+00:00\",\"description\":\"La cheffe du gouvernement, Najla Bouden, s\u2019est entretenue avec le Premier ministre alg\u00e9rien, Ayman Ben Abderrahmane au sujet de des relations bilat\u00e9rales et de...\",\"breadcrumb\":{\"@id\":\"https:\\\/\\\/www.webdo.tn\\\/fr\\\/actualite\\\/national\\\/negociations-avec-le-fmi-l-algerie-pleinement-solidaire-avec-la-tunisie\\\/204241\\\/#breadcrumb\"},\"inLanguage\":\"fr-FR\",\"potentialAction\":[{\"@type\":\"ReadAction\",\"target\":[\"https:\\\/\\\/www.webdo.tn\\\/fr\\\/actualite\\\/national\\\/negociations-avec-le-fmi-l-algerie-pleinement-solidaire-avec-la-tunisie\\\/204241\\\/\"]}]},{\"@type\":\"ImageObject\",\"inLanguage\":\"fr-FR\",\"@id\":\"https:\\\/\\\/www.webdo.tn\\\/fr\\\/actualite\\\/national\\\/negociations-avec-le-fmi-l-algerie-pleinement-solidaire-avec-la-tunisie\\\/204241\\\/#primaryimage\",\"url\":\"https:\\\/\\\/www.webdo.tn\\\/fr\\\/wp-content\\\/uploads\\\/2023\\\/03\\\/8d121f8dc40a4f49fb0379242af36348.jpg\",\"contentUrl\":\"https:\\\/\\\/www.webdo.tn\\\/fr\\\/wp-content\\\/uploads\\\/2023\\\/03\\\/8d121f8dc40a4f49fb0379242af36348.jpg\",\"width\":750,\"height\":400,\"caption\":\"Alg\u00e9rie Tunisie\"},{\"@type\":\"BreadcrumbList\",\"@id\":\"https:\\\/\\\/www.webdo.tn\\\/fr\\\/actualite\\\/national\\\/negociations-avec-le-fmi-l-algerie-pleinement-solidaire-avec-la-tunisie\\\/204241\\\/#breadcrumb\",\"itemListElement\":[{\"@type\":\"ListItem\",\"position\":1,\"name\":\"Accueil\",\"item\":\"https:\\\/\\\/www.webdo.tn\\\/fr\\\/\"},{\"@type\":\"ListItem\",\"position\":2,\"name\":\"N\u00e9gociations avec le FMI : L\u2019Alg\u00e9rie pleinement solidaire avec la Tunisie\"}]},{\"@type\":\"WebSite\",\"@id\":\"https:\\\/\\\/www.webdo.tn\\\/fr\\\/#website\",\"url\":\"https:\\\/\\\/www.webdo.tn\\\/fr\\\/\",\"name\":\"webdo\",\"description\":\"Tunisie - News en Tunisie et \u00e0 l&#039;international sur Webdo.tn\",\"publisher\":{\"@id\":\"https:\\\/\\\/www.webdo.tn\\\/fr\\\/#organization\"},\"potentialAction\":[{\"@type\":\"SearchAction\",\"target\":{\"@type\":\"EntryPoint\",\"urlTemplate\":\"https:\\\/\\\/www.webdo.tn\\\/fr\\\/?s={search_term_string}\"},\"query-input\":{\"@type\":\"PropertyValueSpecification\",\"valueRequired\":true,\"valueName\":\"search_term_string\"}}],\"inLanguage\":\"fr-FR\"},{\"@type\":\"Organization\",\"@id\":\"https:\\\/\\\/www.webdo.tn\\\/fr\\\/#organization\",\"name\":\"Webdo\",\"alternateName\":\"Webdo.tn\",\"url\":\"https:\\\/\\\/www.webdo.tn\\\/fr\\\/\",\"logo\":{\"@type\":\"ImageObject\",\"inLanguage\":\"fr-FR\",\"@id\":\"https:\\\/\\\/www.webdo.tn\\\/fr\\\/#\\\/schema\\\/logo\\\/image\\\/\",\"url\":\"https:\\\/\\\/www.webdo.tn\\\/fr\\\/wp-content\\\/uploads\\\/2025\\\/06\\\/Webdo-Tunisie_168377.jpg\",\"contentUrl\":\"https:\\\/\\\/www.webdo.tn\\\/fr\\\/wp-content\\\/uploads\\\/2025\\\/06\\\/Webdo-Tunisie_168377.jpg\",\"width\":301,\"height\":301,\"caption\":\"Webdo\"},\"image\":{\"@id\":\"https:\\\/\\\/www.webdo.tn\\\/fr\\\/#\\\/schema\\\/logo\\\/image\\\/\"},\"sameAs\":[\"https:\\\/\\\/www.facebook.com\\\/webdotn\",\"https:\\\/\\\/x.com\\\/webdo_tn\"],\"description\":\"Webdo est un m\u00e9dia num\u00e9rique tunisien fond\u00e9 en 2010, sp\u00e9cialis\u00e9 dans l\u2019actualit\u00e9 nationale et internationale, l\u2019\u00e9conomie, la soci\u00e9t\u00e9 et les analyses politiques. Le site s\u2019adresse \u00e0 un large public francophone et couvre l\u2019information tunisienne en temps r\u00e9el.\",\"email\":\"redac@webdo.tn\",\"legalName\":\"YNJ SARL\",\"foundingDate\":\"2010-09-06\",\"numberOfEmployees\":{\"@type\":\"QuantitativeValue\",\"minValue\":\"11\",\"maxValue\":\"50\"}},{\"@type\":\"Person\",\"@id\":\"https:\\\/\\\/www.webdo.tn\\\/fr\\\/#\\\/schema\\\/person\\\/f35b42a42c5e2511bbd282959d6385cc\",\"name\":\"CL\",\"image\":{\"@type\":\"ImageObject\",\"inLanguage\":\"fr-FR\",\"@id\":\"https:\\\/\\\/secure.gravatar.com\\\/avatar\\\/1447a49909b67aa657c488aec6512e1dd6143a480c1ecfee9b5b5cd74eb3b59e?s=96&d=mm&r=g\",\"url\":\"https:\\\/\\\/secure.gravatar.com\\\/avatar\\\/1447a49909b67aa657c488aec6512e1dd6143a480c1ecfee9b5b5cd74eb3b59e?s=96&d=mm&r=g\",\"contentUrl\":\"https:\\\/\\\/secure.gravatar.com\\\/avatar\\\/1447a49909b67aa657c488aec6512e1dd6143a480c1ecfee9b5b5cd74eb3b59e?s=96&d=mm&r=g\",\"caption\":\"CL\"},\"url\":\"https:\\\/\\\/www.webdo.tn\\\/fr\\\/actualite\\\/author\\\/cl\\\/\"}]}<\/script>\n<!-- \/ Yoast SEO Premium plugin. -->","yoast_head_json":{"title":"N\u00e9gociations avec le FMI : L\u2019Alg\u00e9rie pleinement solidaire avec la Tunisie","description":"La cheffe du gouvernement, Najla Bouden, s\u2019est entretenue avec le Premier ministre alg\u00e9rien, Ayman Ben Abderrahmane au sujet de des relations bilat\u00e9rales et de...","canonical":"https:\/\/www.webdo.tn\/fr\/actualite\/national\/negociations-avec-le-fmi-l-algerie-pleinement-solidaire-avec-la-tunisie\/204241\/","og_locale":"fr_FR","og_type":"article","og_title":"N\u00e9gociations avec le FMI : L\u2019Alg\u00e9rie pleinement solidaire avec la Tunisie","og_description":"La cheffe du gouvernement, Najla Bouden, s\u2019est entretenue avec le Premier ministre alg\u00e9rien, Ayman Ben Abderrahmane au sujet de des relations bilat\u00e9rales et de...","og_url":"https:\/\/www.webdo.tn\/fr\/actualite\/national\/negociations-avec-le-fmi-l-algerie-pleinement-solidaire-avec-la-tunisie\/204241\/","og_site_name":"webdo","article_publisher":"https:\/\/www.facebook.com\/webdotn","article_published_time":"2023-03-24T12:21:00+00:00","article_modified_time":"2025-05-20T22:44:41+00:00","og_image":[{"width":750,"height":400,"url":"https:\/\/www.webdo.tn\/fr\/wp-content\/uploads\/2023\/03\/8d121f8dc40a4f49fb0379242af36348.jpg","type":"image\/jpeg"}],"author":"CL","twitter_card":"summary_large_image","twitter_creator":"@webdo_tn","twitter_site":"@webdo_tn","twitter_misc":{"\u00c9crit par":"CL","Dur\u00e9e de lecture estim\u00e9e":"1 minute"},"schema":{"@context":"https:\/\/schema.org","@graph":[{"@type":"NewsArticle","@id":"https:\/\/www.webdo.tn\/fr\/actualite\/national\/negociations-avec-le-fmi-l-algerie-pleinement-solidaire-avec-la-tunisie\/204241\/#article","isPartOf":{"@id":"https:\/\/www.webdo.tn\/fr\/actualite\/national\/negociations-avec-le-fmi-l-algerie-pleinement-solidaire-avec-la-tunisie\/204241\/"},"author":{"name":"CL","@id":"https:\/\/www.webdo.tn\/fr\/#\/schema\/person\/f35b42a42c5e2511bbd282959d6385cc"},"headline":"N\u00e9gociations avec le FMI : L\u2019Alg\u00e9rie pleinement solidaire avec la Tunisie","datePublished":"2023-03-24T12:21:00+00:00","dateModified":"2025-05-20T22:44:41+00:00","mainEntityOfPage":{"@id":"https:\/\/www.webdo.tn\/fr\/actualite\/national\/negociations-avec-le-fmi-l-algerie-pleinement-solidaire-avec-la-tunisie\/204241\/"},"wordCount":281,"commentCount":0,"publisher":{"@id":"https:\/\/www.webdo.tn\/fr\/#organization"},"image":{"@id":"https:\/\/www.webdo.tn\/fr\/actualite\/national\/negociations-avec-le-fmi-l-algerie-pleinement-solidaire-avec-la-tunisie\/204241\/#primaryimage"},"thumbnailUrl":"https:\/\/www.webdo.tn\/fr\/wp-content\/uploads\/2023\/03\/8d121f8dc40a4f49fb0379242af36348.jpg","keywords":["Alg\u00e9rie","FMI","Tunisie"],"articleSection":["National"],"inLanguage":"fr-FR"},{"@type":"WebPage","@id":"https:\/\/www.webdo.tn\/fr\/actualite\/national\/negociations-avec-le-fmi-l-algerie-pleinement-solidaire-avec-la-tunisie\/204241\/","url":"https:\/\/www.webdo.tn\/fr\/actualite\/national\/negociations-avec-le-fmi-l-algerie-pleinement-solidaire-avec-la-tunisie\/204241\/","name":"N\u00e9gociations avec le FMI : L\u2019Alg\u00e9rie pleinement solidaire avec la Tunisie","isPartOf":{"@id":"https:\/\/www.webdo.tn\/fr\/#website"},"primaryImageOfPage":{"@id":"https:\/\/www.webdo.tn\/fr\/actualite\/national\/negociations-avec-le-fmi-l-algerie-pleinement-solidaire-avec-la-tunisie\/204241\/#primaryimage"},"image":{"@id":"https:\/\/www.webdo.tn\/fr\/actualite\/national\/negociations-avec-le-fmi-l-algerie-pleinement-solidaire-avec-la-tunisie\/204241\/#primaryimage"},"thumbnailUrl":"https:\/\/www.webdo.tn\/fr\/wp-content\/uploads\/2023\/03\/8d121f8dc40a4f49fb0379242af36348.jpg","datePublished":"2023-03-24T12:21:00+00:00","dateModified":"2025-05-20T22:44:41+00:00","description":"La cheffe du gouvernement, Najla Bouden, s\u2019est entretenue avec le Premier ministre alg\u00e9rien, Ayman Ben Abderrahmane au sujet de des relations bilat\u00e9rales et de...","breadcrumb":{"@id":"https:\/\/www.webdo.tn\/fr\/actualite\/national\/negociations-avec-le-fmi-l-algerie-pleinement-solidaire-avec-la-tunisie\/204241\/#breadcrumb"},"inLanguage":"fr-FR","potentialAction":[{"@type":"ReadAction","target":["https:\/\/www.webdo.tn\/fr\/actualite\/national\/negociations-avec-le-fmi-l-algerie-pleinement-solidaire-avec-la-tunisie\/204241\/"]}]},{"@type":"ImageObject","inLanguage":"fr-FR","@id":"https:\/\/www.webdo.tn\/fr\/actualite\/national\/negociations-avec-le-fmi-l-algerie-pleinement-solidaire-avec-la-tunisie\/204241\/#primaryimage","url":"https:\/\/www.webdo.tn\/fr\/wp-content\/uploads\/2023\/03\/8d121f8dc40a4f49fb0379242af36348.jpg","contentUrl":"https:\/\/www.webdo.tn\/fr\/wp-content\/uploads\/2023\/03\/8d121f8dc40a4f49fb0379242af36348.jpg","width":750,"height":400,"caption":"Alg\u00e9rie Tunisie"},{"@type":"BreadcrumbList","@id":"https:\/\/www.webdo.tn\/fr\/actualite\/national\/negociations-avec-le-fmi-l-algerie-pleinement-solidaire-avec-la-tunisie\/204241\/#breadcrumb","itemListElement":[{"@type":"ListItem","position":1,"name":"Accueil","item":"https:\/\/www.webdo.tn\/fr\/"},{"@type":"ListItem","position":2,"name":"N\u00e9gociations avec le FMI : L\u2019Alg\u00e9rie pleinement solidaire avec la Tunisie"}]},{"@type":"WebSite","@id":"https:\/\/www.webdo.tn\/fr\/#website","url":"https:\/\/www.webdo.tn\/fr\/","name":"webdo","description":"Tunisie - News en Tunisie et \u00e0 l&#039;international sur Webdo.tn","publisher":{"@id":"https:\/\/www.webdo.tn\/fr\/#organization"},"potentialAction":[{"@type":"SearchAction","target":{"@type":"EntryPoint","urlTemplate":"https:\/\/www.webdo.tn\/fr\/?s={search_term_string}"},"query-input":{"@type":"PropertyValueSpecification","valueRequired":true,"valueName":"search_term_string"}}],"inLanguage":"fr-FR"},{"@type":"Organization","@id":"https:\/\/www.webdo.tn\/fr\/#organization","name":"Webdo","alternateName":"Webdo.tn","url":"https:\/\/www.webdo.tn\/fr\/","logo":{"@type":"ImageObject","inLanguage":"fr-FR","@id":"https:\/\/www.webdo.tn\/fr\/#\/schema\/logo\/image\/","url":"https:\/\/www.webdo.tn\/fr\/wp-content\/uploads\/2025\/06\/Webdo-Tunisie_168377.jpg","contentUrl":"https:\/\/www.webdo.tn\/fr\/wp-content\/uploads\/2025\/06\/Webdo-Tunisie_168377.jpg","width":301,"height":301,"caption":"Webdo"},"image":{"@id":"https:\/\/www.webdo.tn\/fr\/#\/schema\/logo\/image\/"},"sameAs":["https:\/\/www.facebook.com\/webdotn","https:\/\/x.com\/webdo_tn"],"description":"Webdo est un m\u00e9dia num\u00e9rique tunisien fond\u00e9 en 2010, sp\u00e9cialis\u00e9 dans l\u2019actualit\u00e9 nationale et internationale, l\u2019\u00e9conomie, la soci\u00e9t\u00e9 et les analyses politiques. Le site s\u2019adresse \u00e0 un large public francophone et couvre l\u2019information tunisienne en temps r\u00e9el.","email":"redac@webdo.tn","legalName":"YNJ SARL","foundingDate":"2010-09-06","numberOfEmployees":{"@type":"QuantitativeValue","minValue":"11","maxValue":"50"}},{"@type":"Person","@id":"https:\/\/www.webdo.tn\/fr\/#\/schema\/person\/f35b42a42c5e2511bbd282959d6385cc","name":"CL","image":{"@type":"ImageObject","inLanguage":"fr-FR","@id":"https:\/\/secure.gravatar.com\/avatar\/1447a49909b67aa657c488aec6512e1dd6143a480c1ecfee9b5b5cd74eb3b59e?s=96&d=mm&r=g","url":"https:\/\/secure.gravatar.com\/avatar\/1447a49909b67aa657c488aec6512e1dd6143a480c1ecfee9b5b5cd74eb3b59e?s=96&d=mm&r=g","contentUrl":"https:\/\/secure.gravatar.com\/avatar\/1447a49909b67aa657c488aec6512e1dd6143a480c1ecfee9b5b5cd74eb3b59e?s=96&d=mm&r=g","caption":"CL"},"url":"https:\/\/www.webdo.tn\/fr\/actualite\/author\/cl\/"}]}},"_links":{"self":[{"href":"https:\/\/www.webdo.tn\/fr\/wp-json\/wp\/v2\/posts\/204241","targetHints":{"allow":["GET"]}}],"collection":[{"href":"https:\/\/www.webdo.tn\/fr\/wp-json\/wp\/v2\/posts"}],"about":[{"href":"https:\/\/www.webdo.tn\/fr\/wp-json\/wp\/v2\/types\/post"}],"author":[{"embeddable":true,"href":"https:\/\/www.webdo.tn\/fr\/wp-json\/wp\/v2\/users\/3175"}],"replies":[{"embeddable":true,"href":"https:\/\/www.webdo.tn\/fr\/wp-json\/wp\/v2\/comments?post=204241"}],"version-history":[{"count":0,"href":"https:\/\/www.webdo.tn\/fr\/wp-json\/wp\/v2\/posts\/204241\/revisions"}],"wp:featuredmedia":[{"embeddable":true,"href":"https:\/\/www.webdo.tn\/fr\/wp-json\/wp\/v2\/media\/251655"}],"wp:attachment":[{"href":"https:\/\/www.webdo.tn\/fr\/wp-json\/wp\/v2\/media?parent=204241"}],"wp:term":[{"taxonomy":"category","embeddable":true,"href":"https:\/\/www.webdo.tn\/fr\/wp-json\/wp\/v2\/categories?post=204241"},{"taxonomy":"post_tag","embeddable":true,"href":"https:\/\/www.webdo.tn\/fr\/wp-json\/wp\/v2\/tags?post=204241"}],"curies":[{"name":"wp","href":"https:\/\/api.w.org\/{rel}","templated":true}]}}