{"id":204239,"date":"2023-03-24T11:41:00","date_gmt":"2023-03-24T11:41:00","guid":{"rendered":"https:\/\/www.webdo.tn\/fr\/blog\/pour-le-monde-la-tunisie-criminalise-les-contacts-avec-les-diplomates\/204239\/"},"modified":"2025-05-20T22:44:40","modified_gmt":"2025-05-20T22:44:40","slug":"pour-le-monde-la-tunisie-criminalise-les-contacts-avec-les-diplomates","status":"publish","type":"post","link":"https:\/\/www.webdo.tn\/fr\/actualite\/national\/pour-le-monde-la-tunisie-criminalise-les-contacts-avec-les-diplomates\/204239\/","title":{"rendered":"Pour Le Monde, la Tunisie criminalise les contacts avec les diplomates"},"content":{"rendered":"<p>L\u2019affaire du complot contre l\u2019Etat, ouverte par les autorit\u00e9s fait \u00e9chos \u00e0 l\u2019\u00e9tranger. Pour Le Monde, la Tunisie est en train de \u00ab criminaliser \u00bb tout contact avec les diplomates \u00e9trangers.<\/p>\n<p>\t\t\t\t\t\t\t\t\tLe c\u00e9l\u00e8bre journal fran\u00e7ais revient sur les r\u00e9centes arrestations qui ont eu lieu en Tunisie. En effet, plusieurs personnalit\u00e9s politiques et publiques, dont notamment des opposants ont \u00e9t\u00e9 arr\u00eat\u00e9s pour complot contre la s\u00fbret\u00e9 de l\u2019Etat.\u00a0<\/p>\n<p>Selon leurs avocats, ils sont accus\u00e9s d\u2019avoir \u00e9tabli des liens avec des diplomates \u00e9trangers. \u00ab Est-il d\u00e9sormais devenu dangereux pour un acteur de la vie politique ou sociale en Tunisie d\u2019\u00e9changer avec les chancelleries occidentales ? \u00bb, se demande le quotidien pour dire que la Tunisie connait une vague d\u2019arrestations.\u00a0<\/p>\n<p>\u00ab Nombre de ces personnalit\u00e9s n\u2019avaient aucun rapport entre elles, mais leurs arrestations simultan\u00e9es avaient apparemment pour but de projeter aupr\u00e8s de l\u2019opinion l\u2019impression d\u2019une coh\u00e9rence dans la conspiration \u00bb, explique le journal.\u00a0<\/p>\n<p>Le 27 f\u00e9vrier dernier, l&rsquo;avocate Dalila Msaddek a r\u00e9v\u00e9l\u00e9, en marge d&rsquo;une conf\u00e9rence de presse tenue par le Front de salut national, que les informateurs \u00e0 l\u2019origine des r\u00e9centes arrestations sont deux personnes, qui sont \u00e9galement impliqu\u00e9es dans des affaires de complot contre la s\u00fbret\u00e9 de l&rsquo;\u00c9tat, notant que l&rsquo;un d&rsquo;entre eux purge actuellement une peine de prison et l&rsquo;autre est en libert\u00e9 mais est interdit de voyage.<\/p>\n<p>Samedi 25 f\u00e9vrier 2023, des mandats de d\u00e9p\u00f4t en prison ont \u00e9t\u00e9 \u00e9mis contre neuf accus\u00e9s dans l&rsquo;affaire du complot contre la s\u00fbret\u00e9 de l&rsquo;\u00c9tat. Il s&rsquo;agit de Kamel Letaief, Khayem Turki, Abdelhamid Jelassi, Issam\u00a0 Chebbi, Jawher Ben Mbarek, Chaima Issa, Ghazi Chaouachi, Ridha Belhadj et un neuvi\u00e8me accus\u00e9 originaire de la r\u00e9gion de Sousse.<\/p>\n<p>A ces neuf personnes, il faut ajouter le leader du mouvement Ennahda, Noureddine Bhiri, et le directeur de la radio Mosa\u00efque FM, Noureddine Boutar, eux aussi, concern\u00e9s par un mandat de d\u00e9p\u00f4t.<\/p>\n","protected":false},"excerpt":{"rendered":"<p>L\u2019affaire du complot contre l\u2019Etat, ouverte par les autorit\u00e9s fait \u00e9chos \u00e0 l\u2019\u00e9tranger. Pour Le Monde, la Tunisie est en train de \u00ab criminaliser \u00bb tout contact a&#8230;<\/p>\n","protected":false},"author":3175,"featured_media":251654,"comment_status":"open","ping_status":"closed","sticky":false,"template":"","format":"standard","meta":{"footnotes":""},"categories":[44],"tags":[3784,3218,8636,2608],"class_list":["post-204239","post","type-post","status-publish","format-standard","has-post-thumbnail","hentry","category-national","tag-complot","tag-diplomates","tag-le-monde","tag-tunisie"],"yoast_head":"<!-- This site is optimized with the Yoast SEO Premium plugin v27.4 (Yoast SEO v27.4) - https:\/\/yoast.com\/product\/yoast-seo-premium-wordpress\/ -->\n<title>Pour Le Monde, la Tunisie criminalise les contacts avec les diplomates<\/title>\n<meta name=\"description\" content=\"L\u2019affaire du complot contre l\u2019Etat, ouverte par les autorit\u00e9s fait \u00e9chos \u00e0 l\u2019\u00e9tranger. Pour Le Monde, la Tunisie est en train de \u00ab criminaliser \u00bb tout contact a...\" \/>\n<link rel=\"canonical\" href=\"https:\/\/www.webdo.tn\/fr\/actualite\/national\/pour-le-monde-la-tunisie-criminalise-les-contacts-avec-les-diplomates\/204239\/\" \/>\n<meta property=\"og:locale\" content=\"fr_FR\" \/>\n<meta property=\"og:type\" content=\"article\" \/>\n<meta property=\"og:title\" content=\"Pour Le Monde, la Tunisie criminalise les contacts avec les diplomates\" \/>\n<meta property=\"og:description\" content=\"L\u2019affaire du complot contre l\u2019Etat, ouverte par les autorit\u00e9s fait \u00e9chos \u00e0 l\u2019\u00e9tranger. Pour Le Monde, la Tunisie est en train de \u00ab criminaliser \u00bb tout contact a...\" \/>\n<meta property=\"og:url\" content=\"https:\/\/www.webdo.tn\/fr\/actualite\/national\/pour-le-monde-la-tunisie-criminalise-les-contacts-avec-les-diplomates\/204239\/\" \/>\n<meta property=\"og:site_name\" content=\"webdo\" \/>\n<meta property=\"article:publisher\" content=\"https:\/\/www.facebook.com\/webdotn\" \/>\n<meta property=\"article:published_time\" content=\"2023-03-24T11:41:00+00:00\" \/>\n<meta property=\"article:modified_time\" content=\"2025-05-20T22:44:40+00:00\" \/>\n<meta property=\"og:image\" content=\"https:\/\/www.webdo.tn\/fr\/wp-content\/uploads\/2023\/03\/315366c290de3c66c95a1cf22b99f92f.jpg\" \/>\n\t<meta property=\"og:image:width\" content=\"750\" \/>\n\t<meta property=\"og:image:height\" content=\"400\" \/>\n\t<meta property=\"og:image:type\" content=\"image\/jpeg\" \/>\n<meta name=\"author\" content=\"CL\" \/>\n<meta name=\"twitter:card\" content=\"summary_large_image\" \/>\n<meta name=\"twitter:creator\" content=\"@webdo_tn\" \/>\n<meta name=\"twitter:site\" content=\"@webdo_tn\" \/>\n<meta name=\"twitter:label1\" content=\"\u00c9crit par\" \/>\n\t<meta name=\"twitter:data1\" content=\"CL\" \/>\n\t<meta name=\"twitter:label2\" content=\"Dur\u00e9e de lecture estim\u00e9e\" \/>\n\t<meta name=\"twitter:data2\" content=\"2 minutes\" \/>\n<script type=\"application\/ld+json\" class=\"yoast-schema-graph\">{\"@context\":\"https:\\\/\\\/schema.org\",\"@graph\":[{\"@type\":\"NewsArticle\",\"@id\":\"https:\\\/\\\/www.webdo.tn\\\/fr\\\/actualite\\\/national\\\/pour-le-monde-la-tunisie-criminalise-les-contacts-avec-les-diplomates\\\/204239\\\/#article\",\"isPartOf\":{\"@id\":\"https:\\\/\\\/www.webdo.tn\\\/fr\\\/actualite\\\/national\\\/pour-le-monde-la-tunisie-criminalise-les-contacts-avec-les-diplomates\\\/204239\\\/\"},\"author\":{\"name\":\"CL\",\"@id\":\"https:\\\/\\\/www.webdo.tn\\\/fr\\\/#\\\/schema\\\/person\\\/f35b42a42c5e2511bbd282959d6385cc\"},\"headline\":\"Pour Le Monde, la Tunisie criminalise les contacts avec les diplomates\",\"datePublished\":\"2023-03-24T11:41:00+00:00\",\"dateModified\":\"2025-05-20T22:44:40+00:00\",\"mainEntityOfPage\":{\"@id\":\"https:\\\/\\\/www.webdo.tn\\\/fr\\\/actualite\\\/national\\\/pour-le-monde-la-tunisie-criminalise-les-contacts-avec-les-diplomates\\\/204239\\\/\"},\"wordCount\":358,\"commentCount\":0,\"publisher\":{\"@id\":\"https:\\\/\\\/www.webdo.tn\\\/fr\\\/#organization\"},\"image\":{\"@id\":\"https:\\\/\\\/www.webdo.tn\\\/fr\\\/actualite\\\/national\\\/pour-le-monde-la-tunisie-criminalise-les-contacts-avec-les-diplomates\\\/204239\\\/#primaryimage\"},\"thumbnailUrl\":\"https:\\\/\\\/www.webdo.tn\\\/fr\\\/wp-content\\\/uploads\\\/2023\\\/03\\\/315366c290de3c66c95a1cf22b99f92f.jpg\",\"keywords\":[\"complot\",\"Diplomates\",\"Le Monde\",\"Tunisie\"],\"articleSection\":[\"National\"],\"inLanguage\":\"fr-FR\"},{\"@type\":\"WebPage\",\"@id\":\"https:\\\/\\\/www.webdo.tn\\\/fr\\\/actualite\\\/national\\\/pour-le-monde-la-tunisie-criminalise-les-contacts-avec-les-diplomates\\\/204239\\\/\",\"url\":\"https:\\\/\\\/www.webdo.tn\\\/fr\\\/actualite\\\/national\\\/pour-le-monde-la-tunisie-criminalise-les-contacts-avec-les-diplomates\\\/204239\\\/\",\"name\":\"Pour Le Monde, la Tunisie criminalise les contacts avec les diplomates\",\"isPartOf\":{\"@id\":\"https:\\\/\\\/www.webdo.tn\\\/fr\\\/#website\"},\"primaryImageOfPage\":{\"@id\":\"https:\\\/\\\/www.webdo.tn\\\/fr\\\/actualite\\\/national\\\/pour-le-monde-la-tunisie-criminalise-les-contacts-avec-les-diplomates\\\/204239\\\/#primaryimage\"},\"image\":{\"@id\":\"https:\\\/\\\/www.webdo.tn\\\/fr\\\/actualite\\\/national\\\/pour-le-monde-la-tunisie-criminalise-les-contacts-avec-les-diplomates\\\/204239\\\/#primaryimage\"},\"thumbnailUrl\":\"https:\\\/\\\/www.webdo.tn\\\/fr\\\/wp-content\\\/uploads\\\/2023\\\/03\\\/315366c290de3c66c95a1cf22b99f92f.jpg\",\"datePublished\":\"2023-03-24T11:41:00+00:00\",\"dateModified\":\"2025-05-20T22:44:40+00:00\",\"description\":\"L\u2019affaire du complot contre l\u2019Etat, ouverte par les autorit\u00e9s fait \u00e9chos \u00e0 l\u2019\u00e9tranger. Pour Le Monde, la Tunisie est en train de \u00ab criminaliser \u00bb tout contact a...\",\"breadcrumb\":{\"@id\":\"https:\\\/\\\/www.webdo.tn\\\/fr\\\/actualite\\\/national\\\/pour-le-monde-la-tunisie-criminalise-les-contacts-avec-les-diplomates\\\/204239\\\/#breadcrumb\"},\"inLanguage\":\"fr-FR\",\"potentialAction\":[{\"@type\":\"ReadAction\",\"target\":[\"https:\\\/\\\/www.webdo.tn\\\/fr\\\/actualite\\\/national\\\/pour-le-monde-la-tunisie-criminalise-les-contacts-avec-les-diplomates\\\/204239\\\/\"]}]},{\"@type\":\"ImageObject\",\"inLanguage\":\"fr-FR\",\"@id\":\"https:\\\/\\\/www.webdo.tn\\\/fr\\\/actualite\\\/national\\\/pour-le-monde-la-tunisie-criminalise-les-contacts-avec-les-diplomates\\\/204239\\\/#primaryimage\",\"url\":\"https:\\\/\\\/www.webdo.tn\\\/fr\\\/wp-content\\\/uploads\\\/2023\\\/03\\\/315366c290de3c66c95a1cf22b99f92f.jpg\",\"contentUrl\":\"https:\\\/\\\/www.webdo.tn\\\/fr\\\/wp-content\\\/uploads\\\/2023\\\/03\\\/315366c290de3c66c95a1cf22b99f92f.jpg\",\"width\":750,\"height\":400,\"caption\":\"Kais Saied\"},{\"@type\":\"BreadcrumbList\",\"@id\":\"https:\\\/\\\/www.webdo.tn\\\/fr\\\/actualite\\\/national\\\/pour-le-monde-la-tunisie-criminalise-les-contacts-avec-les-diplomates\\\/204239\\\/#breadcrumb\",\"itemListElement\":[{\"@type\":\"ListItem\",\"position\":1,\"name\":\"Accueil\",\"item\":\"https:\\\/\\\/www.webdo.tn\\\/fr\\\/\"},{\"@type\":\"ListItem\",\"position\":2,\"name\":\"Pour Le Monde, la Tunisie criminalise les contacts avec les diplomates\"}]},{\"@type\":\"WebSite\",\"@id\":\"https:\\\/\\\/www.webdo.tn\\\/fr\\\/#website\",\"url\":\"https:\\\/\\\/www.webdo.tn\\\/fr\\\/\",\"name\":\"webdo\",\"description\":\"Tunisie - News en Tunisie et \u00e0 l&#039;international sur Webdo.tn\",\"publisher\":{\"@id\":\"https:\\\/\\\/www.webdo.tn\\\/fr\\\/#organization\"},\"potentialAction\":[{\"@type\":\"SearchAction\",\"target\":{\"@type\":\"EntryPoint\",\"urlTemplate\":\"https:\\\/\\\/www.webdo.tn\\\/fr\\\/?s={search_term_string}\"},\"query-input\":{\"@type\":\"PropertyValueSpecification\",\"valueRequired\":true,\"valueName\":\"search_term_string\"}}],\"inLanguage\":\"fr-FR\"},{\"@type\":\"Organization\",\"@id\":\"https:\\\/\\\/www.webdo.tn\\\/fr\\\/#organization\",\"name\":\"Webdo\",\"alternateName\":\"Webdo.tn\",\"url\":\"https:\\\/\\\/www.webdo.tn\\\/fr\\\/\",\"logo\":{\"@type\":\"ImageObject\",\"inLanguage\":\"fr-FR\",\"@id\":\"https:\\\/\\\/www.webdo.tn\\\/fr\\\/#\\\/schema\\\/logo\\\/image\\\/\",\"url\":\"https:\\\/\\\/www.webdo.tn\\\/fr\\\/wp-content\\\/uploads\\\/2025\\\/06\\\/Webdo-Tunisie_168377.jpg\",\"contentUrl\":\"https:\\\/\\\/www.webdo.tn\\\/fr\\\/wp-content\\\/uploads\\\/2025\\\/06\\\/Webdo-Tunisie_168377.jpg\",\"width\":301,\"height\":301,\"caption\":\"Webdo\"},\"image\":{\"@id\":\"https:\\\/\\\/www.webdo.tn\\\/fr\\\/#\\\/schema\\\/logo\\\/image\\\/\"},\"sameAs\":[\"https:\\\/\\\/www.facebook.com\\\/webdotn\",\"https:\\\/\\\/x.com\\\/webdo_tn\"],\"description\":\"Webdo est un m\u00e9dia num\u00e9rique tunisien fond\u00e9 en 2010, sp\u00e9cialis\u00e9 dans l\u2019actualit\u00e9 nationale et internationale, l\u2019\u00e9conomie, la soci\u00e9t\u00e9 et les analyses politiques. Le site s\u2019adresse \u00e0 un large public francophone et couvre l\u2019information tunisienne en temps r\u00e9el.\",\"email\":\"redac@webdo.tn\",\"legalName\":\"YNJ SARL\",\"foundingDate\":\"2010-09-06\",\"numberOfEmployees\":{\"@type\":\"QuantitativeValue\",\"minValue\":\"11\",\"maxValue\":\"50\"}},{\"@type\":\"Person\",\"@id\":\"https:\\\/\\\/www.webdo.tn\\\/fr\\\/#\\\/schema\\\/person\\\/f35b42a42c5e2511bbd282959d6385cc\",\"name\":\"CL\",\"image\":{\"@type\":\"ImageObject\",\"inLanguage\":\"fr-FR\",\"@id\":\"https:\\\/\\\/secure.gravatar.com\\\/avatar\\\/1447a49909b67aa657c488aec6512e1dd6143a480c1ecfee9b5b5cd74eb3b59e?s=96&d=mm&r=g\",\"url\":\"https:\\\/\\\/secure.gravatar.com\\\/avatar\\\/1447a49909b67aa657c488aec6512e1dd6143a480c1ecfee9b5b5cd74eb3b59e?s=96&d=mm&r=g\",\"contentUrl\":\"https:\\\/\\\/secure.gravatar.com\\\/avatar\\\/1447a49909b67aa657c488aec6512e1dd6143a480c1ecfee9b5b5cd74eb3b59e?s=96&d=mm&r=g\",\"caption\":\"CL\"},\"url\":\"https:\\\/\\\/www.webdo.tn\\\/fr\\\/actualite\\\/author\\\/cl\\\/\"}]}<\/script>\n<!-- \/ Yoast SEO Premium plugin. -->","yoast_head_json":{"title":"Pour Le Monde, la Tunisie criminalise les contacts avec les diplomates","description":"L\u2019affaire du complot contre l\u2019Etat, ouverte par les autorit\u00e9s fait \u00e9chos \u00e0 l\u2019\u00e9tranger. Pour Le Monde, la Tunisie est en train de \u00ab criminaliser \u00bb tout contact a...","canonical":"https:\/\/www.webdo.tn\/fr\/actualite\/national\/pour-le-monde-la-tunisie-criminalise-les-contacts-avec-les-diplomates\/204239\/","og_locale":"fr_FR","og_type":"article","og_title":"Pour Le Monde, la Tunisie criminalise les contacts avec les diplomates","og_description":"L\u2019affaire du complot contre l\u2019Etat, ouverte par les autorit\u00e9s fait \u00e9chos \u00e0 l\u2019\u00e9tranger. Pour Le Monde, la Tunisie est en train de \u00ab criminaliser \u00bb tout contact a...","og_url":"https:\/\/www.webdo.tn\/fr\/actualite\/national\/pour-le-monde-la-tunisie-criminalise-les-contacts-avec-les-diplomates\/204239\/","og_site_name":"webdo","article_publisher":"https:\/\/www.facebook.com\/webdotn","article_published_time":"2023-03-24T11:41:00+00:00","article_modified_time":"2025-05-20T22:44:40+00:00","og_image":[{"width":750,"height":400,"url":"https:\/\/www.webdo.tn\/fr\/wp-content\/uploads\/2023\/03\/315366c290de3c66c95a1cf22b99f92f.jpg","type":"image\/jpeg"}],"author":"CL","twitter_card":"summary_large_image","twitter_creator":"@webdo_tn","twitter_site":"@webdo_tn","twitter_misc":{"\u00c9crit par":"CL","Dur\u00e9e de lecture estim\u00e9e":"2 minutes"},"schema":{"@context":"https:\/\/schema.org","@graph":[{"@type":"NewsArticle","@id":"https:\/\/www.webdo.tn\/fr\/actualite\/national\/pour-le-monde-la-tunisie-criminalise-les-contacts-avec-les-diplomates\/204239\/#article","isPartOf":{"@id":"https:\/\/www.webdo.tn\/fr\/actualite\/national\/pour-le-monde-la-tunisie-criminalise-les-contacts-avec-les-diplomates\/204239\/"},"author":{"name":"CL","@id":"https:\/\/www.webdo.tn\/fr\/#\/schema\/person\/f35b42a42c5e2511bbd282959d6385cc"},"headline":"Pour Le Monde, la Tunisie criminalise les contacts avec les diplomates","datePublished":"2023-03-24T11:41:00+00:00","dateModified":"2025-05-20T22:44:40+00:00","mainEntityOfPage":{"@id":"https:\/\/www.webdo.tn\/fr\/actualite\/national\/pour-le-monde-la-tunisie-criminalise-les-contacts-avec-les-diplomates\/204239\/"},"wordCount":358,"commentCount":0,"publisher":{"@id":"https:\/\/www.webdo.tn\/fr\/#organization"},"image":{"@id":"https:\/\/www.webdo.tn\/fr\/actualite\/national\/pour-le-monde-la-tunisie-criminalise-les-contacts-avec-les-diplomates\/204239\/#primaryimage"},"thumbnailUrl":"https:\/\/www.webdo.tn\/fr\/wp-content\/uploads\/2023\/03\/315366c290de3c66c95a1cf22b99f92f.jpg","keywords":["complot","Diplomates","Le Monde","Tunisie"],"articleSection":["National"],"inLanguage":"fr-FR"},{"@type":"WebPage","@id":"https:\/\/www.webdo.tn\/fr\/actualite\/national\/pour-le-monde-la-tunisie-criminalise-les-contacts-avec-les-diplomates\/204239\/","url":"https:\/\/www.webdo.tn\/fr\/actualite\/national\/pour-le-monde-la-tunisie-criminalise-les-contacts-avec-les-diplomates\/204239\/","name":"Pour Le Monde, la Tunisie criminalise les contacts avec les diplomates","isPartOf":{"@id":"https:\/\/www.webdo.tn\/fr\/#website"},"primaryImageOfPage":{"@id":"https:\/\/www.webdo.tn\/fr\/actualite\/national\/pour-le-monde-la-tunisie-criminalise-les-contacts-avec-les-diplomates\/204239\/#primaryimage"},"image":{"@id":"https:\/\/www.webdo.tn\/fr\/actualite\/national\/pour-le-monde-la-tunisie-criminalise-les-contacts-avec-les-diplomates\/204239\/#primaryimage"},"thumbnailUrl":"https:\/\/www.webdo.tn\/fr\/wp-content\/uploads\/2023\/03\/315366c290de3c66c95a1cf22b99f92f.jpg","datePublished":"2023-03-24T11:41:00+00:00","dateModified":"2025-05-20T22:44:40+00:00","description":"L\u2019affaire du complot contre l\u2019Etat, ouverte par les autorit\u00e9s fait \u00e9chos \u00e0 l\u2019\u00e9tranger. Pour Le Monde, la Tunisie est en train de \u00ab criminaliser \u00bb tout contact a...","breadcrumb":{"@id":"https:\/\/www.webdo.tn\/fr\/actualite\/national\/pour-le-monde-la-tunisie-criminalise-les-contacts-avec-les-diplomates\/204239\/#breadcrumb"},"inLanguage":"fr-FR","potentialAction":[{"@type":"ReadAction","target":["https:\/\/www.webdo.tn\/fr\/actualite\/national\/pour-le-monde-la-tunisie-criminalise-les-contacts-avec-les-diplomates\/204239\/"]}]},{"@type":"ImageObject","inLanguage":"fr-FR","@id":"https:\/\/www.webdo.tn\/fr\/actualite\/national\/pour-le-monde-la-tunisie-criminalise-les-contacts-avec-les-diplomates\/204239\/#primaryimage","url":"https:\/\/www.webdo.tn\/fr\/wp-content\/uploads\/2023\/03\/315366c290de3c66c95a1cf22b99f92f.jpg","contentUrl":"https:\/\/www.webdo.tn\/fr\/wp-content\/uploads\/2023\/03\/315366c290de3c66c95a1cf22b99f92f.jpg","width":750,"height":400,"caption":"Kais Saied"},{"@type":"BreadcrumbList","@id":"https:\/\/www.webdo.tn\/fr\/actualite\/national\/pour-le-monde-la-tunisie-criminalise-les-contacts-avec-les-diplomates\/204239\/#breadcrumb","itemListElement":[{"@type":"ListItem","position":1,"name":"Accueil","item":"https:\/\/www.webdo.tn\/fr\/"},{"@type":"ListItem","position":2,"name":"Pour Le Monde, la Tunisie criminalise les contacts avec les diplomates"}]},{"@type":"WebSite","@id":"https:\/\/www.webdo.tn\/fr\/#website","url":"https:\/\/www.webdo.tn\/fr\/","name":"webdo","description":"Tunisie - News en Tunisie et \u00e0 l&#039;international sur Webdo.tn","publisher":{"@id":"https:\/\/www.webdo.tn\/fr\/#organization"},"potentialAction":[{"@type":"SearchAction","target":{"@type":"EntryPoint","urlTemplate":"https:\/\/www.webdo.tn\/fr\/?s={search_term_string}"},"query-input":{"@type":"PropertyValueSpecification","valueRequired":true,"valueName":"search_term_string"}}],"inLanguage":"fr-FR"},{"@type":"Organization","@id":"https:\/\/www.webdo.tn\/fr\/#organization","name":"Webdo","alternateName":"Webdo.tn","url":"https:\/\/www.webdo.tn\/fr\/","logo":{"@type":"ImageObject","inLanguage":"fr-FR","@id":"https:\/\/www.webdo.tn\/fr\/#\/schema\/logo\/image\/","url":"https:\/\/www.webdo.tn\/fr\/wp-content\/uploads\/2025\/06\/Webdo-Tunisie_168377.jpg","contentUrl":"https:\/\/www.webdo.tn\/fr\/wp-content\/uploads\/2025\/06\/Webdo-Tunisie_168377.jpg","width":301,"height":301,"caption":"Webdo"},"image":{"@id":"https:\/\/www.webdo.tn\/fr\/#\/schema\/logo\/image\/"},"sameAs":["https:\/\/www.facebook.com\/webdotn","https:\/\/x.com\/webdo_tn"],"description":"Webdo est un m\u00e9dia num\u00e9rique tunisien fond\u00e9 en 2010, sp\u00e9cialis\u00e9 dans l\u2019actualit\u00e9 nationale et internationale, l\u2019\u00e9conomie, la soci\u00e9t\u00e9 et les analyses politiques. Le site s\u2019adresse \u00e0 un large public francophone et couvre l\u2019information tunisienne en temps r\u00e9el.","email":"redac@webdo.tn","legalName":"YNJ SARL","foundingDate":"2010-09-06","numberOfEmployees":{"@type":"QuantitativeValue","minValue":"11","maxValue":"50"}},{"@type":"Person","@id":"https:\/\/www.webdo.tn\/fr\/#\/schema\/person\/f35b42a42c5e2511bbd282959d6385cc","name":"CL","image":{"@type":"ImageObject","inLanguage":"fr-FR","@id":"https:\/\/secure.gravatar.com\/avatar\/1447a49909b67aa657c488aec6512e1dd6143a480c1ecfee9b5b5cd74eb3b59e?s=96&d=mm&r=g","url":"https:\/\/secure.gravatar.com\/avatar\/1447a49909b67aa657c488aec6512e1dd6143a480c1ecfee9b5b5cd74eb3b59e?s=96&d=mm&r=g","contentUrl":"https:\/\/secure.gravatar.com\/avatar\/1447a49909b67aa657c488aec6512e1dd6143a480c1ecfee9b5b5cd74eb3b59e?s=96&d=mm&r=g","caption":"CL"},"url":"https:\/\/www.webdo.tn\/fr\/actualite\/author\/cl\/"}]}},"_links":{"self":[{"href":"https:\/\/www.webdo.tn\/fr\/wp-json\/wp\/v2\/posts\/204239","targetHints":{"allow":["GET"]}}],"collection":[{"href":"https:\/\/www.webdo.tn\/fr\/wp-json\/wp\/v2\/posts"}],"about":[{"href":"https:\/\/www.webdo.tn\/fr\/wp-json\/wp\/v2\/types\/post"}],"author":[{"embeddable":true,"href":"https:\/\/www.webdo.tn\/fr\/wp-json\/wp\/v2\/users\/3175"}],"replies":[{"embeddable":true,"href":"https:\/\/www.webdo.tn\/fr\/wp-json\/wp\/v2\/comments?post=204239"}],"version-history":[{"count":0,"href":"https:\/\/www.webdo.tn\/fr\/wp-json\/wp\/v2\/posts\/204239\/revisions"}],"wp:featuredmedia":[{"embeddable":true,"href":"https:\/\/www.webdo.tn\/fr\/wp-json\/wp\/v2\/media\/251654"}],"wp:attachment":[{"href":"https:\/\/www.webdo.tn\/fr\/wp-json\/wp\/v2\/media?parent=204239"}],"wp:term":[{"taxonomy":"category","embeddable":true,"href":"https:\/\/www.webdo.tn\/fr\/wp-json\/wp\/v2\/categories?post=204239"},{"taxonomy":"post_tag","embeddable":true,"href":"https:\/\/www.webdo.tn\/fr\/wp-json\/wp\/v2\/tags?post=204239"}],"curies":[{"name":"wp","href":"https:\/\/api.w.org\/{rel}","templated":true}]}}