{"id":204236,"date":"2023-03-24T11:12:00","date_gmt":"2023-03-24T11:12:00","guid":{"rendered":"https:\/\/www.webdo.tn\/fr\/blog\/des-mesures-vont-elles-etre-prises-contre-le-feuilleton-fallujah\/204236\/"},"modified":"2025-05-20T22:01:24","modified_gmt":"2025-05-20T22:01:24","slug":"des-mesures-vont-elles-etre-prises-contre-le-feuilleton-fallujah","status":"publish","type":"post","link":"https:\/\/www.webdo.tn\/fr\/actualite\/national\/des-mesures-vont-elles-etre-prises-contre-le-feuilleton-fallujah\/204236\/","title":{"rendered":"Des mesures vont-elles \u00eatre prises contre le feuilleton \u00ab\u00a0Fallujah\u00a0\u00bb ?"},"content":{"rendered":"<p>Le feuilleton \u00ab\u00a0Fallujah\u00a0\u00bb est au centre de tous les d\u00e9bats et de toutes les pol\u00e9miques.<\/p>\n<p>\t\t\t\t\t\t\t\t\tLe ministre de l&rsquo;\u00c9ducation, Mohamed Ali Boughdiri a indiqu\u00e9, ce vendredi 24 mars que le milieu \u00e9ducatif ainsi que tous les Tunisiens ont \u00e9t\u00e9 choqu\u00e9s par le contenu de ce feuilleton dont le premier \u00e9pisode a \u00e9t\u00e9 diffus\u00e9 hier sur la cha\u00eene Al-Hiwar Ettounsi.<\/p>\n<p>Le ministre de l&rsquo;\u00c9ducation a qualifi\u00e9 ce feuilleton ramadanesque de farce qui nuit \u00e0 l&rsquo;ensemble des \u00e9ducateurs, ainsi qu\u2019\u00e0 tous ceux qui travaillent dans le secteur de l\u2019\u00e9ducation, et soulign\u00e9 que cette production ne refl\u00e8te pas la v\u00e9ritable image de l&rsquo;\u00e9l\u00e8ve tunisien.<\/p>\n<p>Boughdiri a estim\u00e9 que ce qui a \u00e9t\u00e9 pr\u00e9sent\u00e9 hier soir est contraire \u00e0 l\u2019\u00e9thique familiale et n&rsquo;a rien \u00e0 voir avec le mois saint du Ramadan, soulignant que ce feuilletont ne refl\u00e8te pas le travail s\u00e9rieux et acharn\u00e9 des \u00e9ducateurs\u00a0 pour am\u00e9liorer leur niveau intellectuel et cognitif.<\/p>\n<p>Le ministre de l&rsquo;\u00c9ducation a indiqu\u00e9 avoir contact\u00e9 la Cheffe du gouvernement Najla Bouden qui a pr\u00e9sent\u00e9 le sujet au pr\u00e9sident de la R\u00e9publique, ajoutant qu&rsquo;une r\u00e9union minist\u00e9rielle aura lieu aujourd&rsquo;hui pour prendre toutes les mesures n\u00e9cessaires afin de mettre fin \u00e0 cette farce qui a nui \u00e0 l&rsquo;\u00e9ducation tunisienne.<\/p>\n","protected":false},"excerpt":{"rendered":"<p>Le feuilleton  Fallujah  est au centre de tous les d\u00e9bats et de toutes les pol\u00e9miques.<\/p>\n","protected":false},"author":3162,"featured_media":251651,"comment_status":"open","ping_status":"closed","sticky":false,"template":"","format":"standard","meta":{"footnotes":""},"categories":[44],"tags":[8614,3833,6042,3512],"class_list":["post-204236","post","type-post","status-publish","format-standard","has-post-thumbnail","hentry","category-national","tag-fallujah","tag-feuilleton","tag-polemique","tag-ramadan"],"yoast_head":"<!-- This site is optimized with the Yoast SEO Premium plugin v27.5 (Yoast SEO v27.5) - https:\/\/yoast.com\/product\/yoast-seo-premium-wordpress\/ -->\n<title>Des mesures vont-elles \u00eatre prises contre le feuilleton Fallujah ?<\/title>\n<meta name=\"description\" content=\"Le feuilleton Fallujah est au centre de tous les d\u00e9bats et de toutes les pol\u00e9miques.\" \/>\n<link rel=\"canonical\" href=\"https:\/\/www.webdo.tn\/fr\/actualite\/national\/des-mesures-vont-elles-etre-prises-contre-le-feuilleton-fallujah\/204236\/\" \/>\n<meta property=\"og:locale\" content=\"fr_FR\" \/>\n<meta property=\"og:type\" content=\"article\" \/>\n<meta property=\"og:title\" content=\"Des mesures vont-elles \u00eatre prises contre le feuilleton &quot;Fallujah&quot; ?\" \/>\n<meta property=\"og:description\" content=\"Le feuilleton Fallujah est au centre de tous les d\u00e9bats et de toutes les pol\u00e9miques.\" \/>\n<meta property=\"og:url\" content=\"https:\/\/www.webdo.tn\/fr\/actualite\/national\/des-mesures-vont-elles-etre-prises-contre-le-feuilleton-fallujah\/204236\/\" \/>\n<meta property=\"og:site_name\" content=\"webdo\" \/>\n<meta property=\"article:publisher\" content=\"https:\/\/www.facebook.com\/webdotn\" \/>\n<meta property=\"article:published_time\" content=\"2023-03-24T11:12:00+00:00\" \/>\n<meta property=\"article:modified_time\" content=\"2025-05-20T22:01:24+00:00\" \/>\n<meta property=\"og:image\" content=\"https:\/\/www.webdo.tn\/fr\/wp-content\/uploads\/2023\/03\/a8c39f842b94c726303353046ec8b6c4.jpg\" \/>\n\t<meta property=\"og:image:width\" content=\"650\" \/>\n\t<meta property=\"og:image:height\" content=\"347\" \/>\n\t<meta property=\"og:image:type\" content=\"image\/jpeg\" \/>\n<meta name=\"author\" content=\"MC\" \/>\n<meta name=\"twitter:card\" content=\"summary_large_image\" \/>\n<meta name=\"twitter:creator\" content=\"@webdo_tn\" \/>\n<meta name=\"twitter:site\" content=\"@webdo_tn\" \/>\n<meta name=\"twitter:label1\" content=\"\u00c9crit par\" \/>\n\t<meta name=\"twitter:data1\" content=\"MC\" \/>\n\t<meta name=\"twitter:label2\" content=\"Dur\u00e9e de lecture estim\u00e9e\" \/>\n\t<meta name=\"twitter:data2\" content=\"1 minute\" \/>\n<script type=\"application\/ld+json\" class=\"yoast-schema-graph\">{\"@context\":\"https:\\\/\\\/schema.org\",\"@graph\":[{\"@type\":\"NewsArticle\",\"@id\":\"https:\\\/\\\/www.webdo.tn\\\/fr\\\/actualite\\\/national\\\/des-mesures-vont-elles-etre-prises-contre-le-feuilleton-fallujah\\\/204236\\\/#article\",\"isPartOf\":{\"@id\":\"https:\\\/\\\/www.webdo.tn\\\/fr\\\/actualite\\\/national\\\/des-mesures-vont-elles-etre-prises-contre-le-feuilleton-fallujah\\\/204236\\\/\"},\"author\":{\"name\":\"MC\",\"@id\":\"https:\\\/\\\/www.webdo.tn\\\/fr\\\/#\\\/schema\\\/person\\\/2c4929cbf5a809e3bd38617c6ce150f6\"},\"headline\":\"Des mesures vont-elles \u00eatre prises contre le feuilleton \u00ab\u00a0Fallujah\u00a0\u00bb ?\",\"datePublished\":\"2023-03-24T11:12:00+00:00\",\"dateModified\":\"2025-05-20T22:01:24+00:00\",\"mainEntityOfPage\":{\"@id\":\"https:\\\/\\\/www.webdo.tn\\\/fr\\\/actualite\\\/national\\\/des-mesures-vont-elles-etre-prises-contre-le-feuilleton-fallujah\\\/204236\\\/\"},\"wordCount\":230,\"commentCount\":0,\"publisher\":{\"@id\":\"https:\\\/\\\/www.webdo.tn\\\/fr\\\/#organization\"},\"image\":{\"@id\":\"https:\\\/\\\/www.webdo.tn\\\/fr\\\/actualite\\\/national\\\/des-mesures-vont-elles-etre-prises-contre-le-feuilleton-fallujah\\\/204236\\\/#primaryimage\"},\"thumbnailUrl\":\"https:\\\/\\\/www.webdo.tn\\\/fr\\\/wp-content\\\/uploads\\\/2023\\\/03\\\/a8c39f842b94c726303353046ec8b6c4.jpg\",\"keywords\":[\"Fallujah\",\"feuilleton\",\"pol\u00e9mique\",\"ramadan\"],\"articleSection\":[\"National\"],\"inLanguage\":\"fr-FR\"},{\"@type\":\"WebPage\",\"@id\":\"https:\\\/\\\/www.webdo.tn\\\/fr\\\/actualite\\\/national\\\/des-mesures-vont-elles-etre-prises-contre-le-feuilleton-fallujah\\\/204236\\\/\",\"url\":\"https:\\\/\\\/www.webdo.tn\\\/fr\\\/actualite\\\/national\\\/des-mesures-vont-elles-etre-prises-contre-le-feuilleton-fallujah\\\/204236\\\/\",\"name\":\"Des mesures vont-elles \u00eatre prises contre le feuilleton Fallujah ?\",\"isPartOf\":{\"@id\":\"https:\\\/\\\/www.webdo.tn\\\/fr\\\/#website\"},\"primaryImageOfPage\":{\"@id\":\"https:\\\/\\\/www.webdo.tn\\\/fr\\\/actualite\\\/national\\\/des-mesures-vont-elles-etre-prises-contre-le-feuilleton-fallujah\\\/204236\\\/#primaryimage\"},\"image\":{\"@id\":\"https:\\\/\\\/www.webdo.tn\\\/fr\\\/actualite\\\/national\\\/des-mesures-vont-elles-etre-prises-contre-le-feuilleton-fallujah\\\/204236\\\/#primaryimage\"},\"thumbnailUrl\":\"https:\\\/\\\/www.webdo.tn\\\/fr\\\/wp-content\\\/uploads\\\/2023\\\/03\\\/a8c39f842b94c726303353046ec8b6c4.jpg\",\"datePublished\":\"2023-03-24T11:12:00+00:00\",\"dateModified\":\"2025-05-20T22:01:24+00:00\",\"description\":\"Le feuilleton Fallujah est au centre de tous les d\u00e9bats et de toutes les pol\u00e9miques.\",\"breadcrumb\":{\"@id\":\"https:\\\/\\\/www.webdo.tn\\\/fr\\\/actualite\\\/national\\\/des-mesures-vont-elles-etre-prises-contre-le-feuilleton-fallujah\\\/204236\\\/#breadcrumb\"},\"inLanguage\":\"fr-FR\",\"potentialAction\":[{\"@type\":\"ReadAction\",\"target\":[\"https:\\\/\\\/www.webdo.tn\\\/fr\\\/actualite\\\/national\\\/des-mesures-vont-elles-etre-prises-contre-le-feuilleton-fallujah\\\/204236\\\/\"]}]},{\"@type\":\"ImageObject\",\"inLanguage\":\"fr-FR\",\"@id\":\"https:\\\/\\\/www.webdo.tn\\\/fr\\\/actualite\\\/national\\\/des-mesures-vont-elles-etre-prises-contre-le-feuilleton-fallujah\\\/204236\\\/#primaryimage\",\"url\":\"https:\\\/\\\/www.webdo.tn\\\/fr\\\/wp-content\\\/uploads\\\/2023\\\/03\\\/a8c39f842b94c726303353046ec8b6c4.jpg\",\"contentUrl\":\"https:\\\/\\\/www.webdo.tn\\\/fr\\\/wp-content\\\/uploads\\\/2023\\\/03\\\/a8c39f842b94c726303353046ec8b6c4.jpg\",\"width\":650,\"height\":347,\"caption\":\"Des mesures vont-elles \u00eatre prises contre le feuilleton \\\"Fallujah\\\" ?\"},{\"@type\":\"BreadcrumbList\",\"@id\":\"https:\\\/\\\/www.webdo.tn\\\/fr\\\/actualite\\\/national\\\/des-mesures-vont-elles-etre-prises-contre-le-feuilleton-fallujah\\\/204236\\\/#breadcrumb\",\"itemListElement\":[{\"@type\":\"ListItem\",\"position\":1,\"name\":\"Accueil\",\"item\":\"https:\\\/\\\/www.webdo.tn\\\/fr\\\/\"},{\"@type\":\"ListItem\",\"position\":2,\"name\":\"Des mesures vont-elles \u00eatre prises contre le feuilleton &#8220;Fallujah&#8221; ?\"}]},{\"@type\":\"WebSite\",\"@id\":\"https:\\\/\\\/www.webdo.tn\\\/fr\\\/#website\",\"url\":\"https:\\\/\\\/www.webdo.tn\\\/fr\\\/\",\"name\":\"webdo\",\"description\":\"Tunisie - News en Tunisie et \u00e0 l&#039;international sur Webdo.tn\",\"publisher\":{\"@id\":\"https:\\\/\\\/www.webdo.tn\\\/fr\\\/#organization\"},\"potentialAction\":[{\"@type\":\"SearchAction\",\"target\":{\"@type\":\"EntryPoint\",\"urlTemplate\":\"https:\\\/\\\/www.webdo.tn\\\/fr\\\/?s={search_term_string}\"},\"query-input\":{\"@type\":\"PropertyValueSpecification\",\"valueRequired\":true,\"valueName\":\"search_term_string\"}}],\"inLanguage\":\"fr-FR\"},{\"@type\":\"Organization\",\"@id\":\"https:\\\/\\\/www.webdo.tn\\\/fr\\\/#organization\",\"name\":\"Webdo\",\"alternateName\":\"Webdo.tn\",\"url\":\"https:\\\/\\\/www.webdo.tn\\\/fr\\\/\",\"logo\":{\"@type\":\"ImageObject\",\"inLanguage\":\"fr-FR\",\"@id\":\"https:\\\/\\\/www.webdo.tn\\\/fr\\\/#\\\/schema\\\/logo\\\/image\\\/\",\"url\":\"https:\\\/\\\/www.webdo.tn\\\/fr\\\/wp-content\\\/uploads\\\/2025\\\/06\\\/Webdo-Tunisie_168377.jpg\",\"contentUrl\":\"https:\\\/\\\/www.webdo.tn\\\/fr\\\/wp-content\\\/uploads\\\/2025\\\/06\\\/Webdo-Tunisie_168377.jpg\",\"width\":301,\"height\":301,\"caption\":\"Webdo\"},\"image\":{\"@id\":\"https:\\\/\\\/www.webdo.tn\\\/fr\\\/#\\\/schema\\\/logo\\\/image\\\/\"},\"sameAs\":[\"https:\\\/\\\/www.facebook.com\\\/webdotn\",\"https:\\\/\\\/x.com\\\/webdo_tn\"],\"description\":\"Webdo est un m\u00e9dia num\u00e9rique tunisien fond\u00e9 en 2010, sp\u00e9cialis\u00e9 dans l\u2019actualit\u00e9 nationale et internationale, l\u2019\u00e9conomie, la soci\u00e9t\u00e9 et les analyses politiques. Le site s\u2019adresse \u00e0 un large public francophone et couvre l\u2019information tunisienne en temps r\u00e9el.\",\"email\":\"redac@webdo.tn\",\"legalName\":\"YNJ SARL\",\"foundingDate\":\"2010-09-06\",\"numberOfEmployees\":{\"@type\":\"QuantitativeValue\",\"minValue\":\"11\",\"maxValue\":\"50\"}},{\"@type\":\"Person\",\"@id\":\"https:\\\/\\\/www.webdo.tn\\\/fr\\\/#\\\/schema\\\/person\\\/2c4929cbf5a809e3bd38617c6ce150f6\",\"name\":\"MC\",\"image\":{\"@type\":\"ImageObject\",\"inLanguage\":\"fr-FR\",\"@id\":\"https:\\\/\\\/secure.gravatar.com\\\/avatar\\\/a545bbb6f84efdd5553dbbc2895e3ca8f1d12c5215e00a041c9670b54aa9b18a?s=96&d=mm&r=g\",\"url\":\"https:\\\/\\\/secure.gravatar.com\\\/avatar\\\/a545bbb6f84efdd5553dbbc2895e3ca8f1d12c5215e00a041c9670b54aa9b18a?s=96&d=mm&r=g\",\"contentUrl\":\"https:\\\/\\\/secure.gravatar.com\\\/avatar\\\/a545bbb6f84efdd5553dbbc2895e3ca8f1d12c5215e00a041c9670b54aa9b18a?s=96&d=mm&r=g\",\"caption\":\"MC\"},\"url\":\"https:\\\/\\\/www.webdo.tn\\\/fr\\\/actualite\\\/author\\\/mc\\\/\"}]}<\/script>\n<!-- \/ Yoast SEO Premium plugin. -->","yoast_head_json":{"title":"Des mesures vont-elles \u00eatre prises contre le feuilleton Fallujah ?","description":"Le feuilleton Fallujah est au centre de tous les d\u00e9bats et de toutes les pol\u00e9miques.","canonical":"https:\/\/www.webdo.tn\/fr\/actualite\/national\/des-mesures-vont-elles-etre-prises-contre-le-feuilleton-fallujah\/204236\/","og_locale":"fr_FR","og_type":"article","og_title":"Des mesures vont-elles \u00eatre prises contre le feuilleton \"Fallujah\" ?","og_description":"Le feuilleton Fallujah est au centre de tous les d\u00e9bats et de toutes les pol\u00e9miques.","og_url":"https:\/\/www.webdo.tn\/fr\/actualite\/national\/des-mesures-vont-elles-etre-prises-contre-le-feuilleton-fallujah\/204236\/","og_site_name":"webdo","article_publisher":"https:\/\/www.facebook.com\/webdotn","article_published_time":"2023-03-24T11:12:00+00:00","article_modified_time":"2025-05-20T22:01:24+00:00","og_image":[{"width":650,"height":347,"url":"https:\/\/www.webdo.tn\/fr\/wp-content\/uploads\/2023\/03\/a8c39f842b94c726303353046ec8b6c4.jpg","type":"image\/jpeg"}],"author":"MC","twitter_card":"summary_large_image","twitter_creator":"@webdo_tn","twitter_site":"@webdo_tn","twitter_misc":{"\u00c9crit par":"MC","Dur\u00e9e de lecture estim\u00e9e":"1 minute"},"schema":{"@context":"https:\/\/schema.org","@graph":[{"@type":"NewsArticle","@id":"https:\/\/www.webdo.tn\/fr\/actualite\/national\/des-mesures-vont-elles-etre-prises-contre-le-feuilleton-fallujah\/204236\/#article","isPartOf":{"@id":"https:\/\/www.webdo.tn\/fr\/actualite\/national\/des-mesures-vont-elles-etre-prises-contre-le-feuilleton-fallujah\/204236\/"},"author":{"name":"MC","@id":"https:\/\/www.webdo.tn\/fr\/#\/schema\/person\/2c4929cbf5a809e3bd38617c6ce150f6"},"headline":"Des mesures vont-elles \u00eatre prises contre le feuilleton \u00ab\u00a0Fallujah\u00a0\u00bb ?","datePublished":"2023-03-24T11:12:00+00:00","dateModified":"2025-05-20T22:01:24+00:00","mainEntityOfPage":{"@id":"https:\/\/www.webdo.tn\/fr\/actualite\/national\/des-mesures-vont-elles-etre-prises-contre-le-feuilleton-fallujah\/204236\/"},"wordCount":230,"commentCount":0,"publisher":{"@id":"https:\/\/www.webdo.tn\/fr\/#organization"},"image":{"@id":"https:\/\/www.webdo.tn\/fr\/actualite\/national\/des-mesures-vont-elles-etre-prises-contre-le-feuilleton-fallujah\/204236\/#primaryimage"},"thumbnailUrl":"https:\/\/www.webdo.tn\/fr\/wp-content\/uploads\/2023\/03\/a8c39f842b94c726303353046ec8b6c4.jpg","keywords":["Fallujah","feuilleton","pol\u00e9mique","ramadan"],"articleSection":["National"],"inLanguage":"fr-FR"},{"@type":"WebPage","@id":"https:\/\/www.webdo.tn\/fr\/actualite\/national\/des-mesures-vont-elles-etre-prises-contre-le-feuilleton-fallujah\/204236\/","url":"https:\/\/www.webdo.tn\/fr\/actualite\/national\/des-mesures-vont-elles-etre-prises-contre-le-feuilleton-fallujah\/204236\/","name":"Des mesures vont-elles \u00eatre prises contre le feuilleton Fallujah ?","isPartOf":{"@id":"https:\/\/www.webdo.tn\/fr\/#website"},"primaryImageOfPage":{"@id":"https:\/\/www.webdo.tn\/fr\/actualite\/national\/des-mesures-vont-elles-etre-prises-contre-le-feuilleton-fallujah\/204236\/#primaryimage"},"image":{"@id":"https:\/\/www.webdo.tn\/fr\/actualite\/national\/des-mesures-vont-elles-etre-prises-contre-le-feuilleton-fallujah\/204236\/#primaryimage"},"thumbnailUrl":"https:\/\/www.webdo.tn\/fr\/wp-content\/uploads\/2023\/03\/a8c39f842b94c726303353046ec8b6c4.jpg","datePublished":"2023-03-24T11:12:00+00:00","dateModified":"2025-05-20T22:01:24+00:00","description":"Le feuilleton Fallujah est au centre de tous les d\u00e9bats et de toutes les pol\u00e9miques.","breadcrumb":{"@id":"https:\/\/www.webdo.tn\/fr\/actualite\/national\/des-mesures-vont-elles-etre-prises-contre-le-feuilleton-fallujah\/204236\/#breadcrumb"},"inLanguage":"fr-FR","potentialAction":[{"@type":"ReadAction","target":["https:\/\/www.webdo.tn\/fr\/actualite\/national\/des-mesures-vont-elles-etre-prises-contre-le-feuilleton-fallujah\/204236\/"]}]},{"@type":"ImageObject","inLanguage":"fr-FR","@id":"https:\/\/www.webdo.tn\/fr\/actualite\/national\/des-mesures-vont-elles-etre-prises-contre-le-feuilleton-fallujah\/204236\/#primaryimage","url":"https:\/\/www.webdo.tn\/fr\/wp-content\/uploads\/2023\/03\/a8c39f842b94c726303353046ec8b6c4.jpg","contentUrl":"https:\/\/www.webdo.tn\/fr\/wp-content\/uploads\/2023\/03\/a8c39f842b94c726303353046ec8b6c4.jpg","width":650,"height":347,"caption":"Des mesures vont-elles \u00eatre prises contre le feuilleton \"Fallujah\" ?"},{"@type":"BreadcrumbList","@id":"https:\/\/www.webdo.tn\/fr\/actualite\/national\/des-mesures-vont-elles-etre-prises-contre-le-feuilleton-fallujah\/204236\/#breadcrumb","itemListElement":[{"@type":"ListItem","position":1,"name":"Accueil","item":"https:\/\/www.webdo.tn\/fr\/"},{"@type":"ListItem","position":2,"name":"Des mesures vont-elles \u00eatre prises contre le feuilleton &#8220;Fallujah&#8221; ?"}]},{"@type":"WebSite","@id":"https:\/\/www.webdo.tn\/fr\/#website","url":"https:\/\/www.webdo.tn\/fr\/","name":"webdo","description":"Tunisie - News en Tunisie et \u00e0 l&#039;international sur Webdo.tn","publisher":{"@id":"https:\/\/www.webdo.tn\/fr\/#organization"},"potentialAction":[{"@type":"SearchAction","target":{"@type":"EntryPoint","urlTemplate":"https:\/\/www.webdo.tn\/fr\/?s={search_term_string}"},"query-input":{"@type":"PropertyValueSpecification","valueRequired":true,"valueName":"search_term_string"}}],"inLanguage":"fr-FR"},{"@type":"Organization","@id":"https:\/\/www.webdo.tn\/fr\/#organization","name":"Webdo","alternateName":"Webdo.tn","url":"https:\/\/www.webdo.tn\/fr\/","logo":{"@type":"ImageObject","inLanguage":"fr-FR","@id":"https:\/\/www.webdo.tn\/fr\/#\/schema\/logo\/image\/","url":"https:\/\/www.webdo.tn\/fr\/wp-content\/uploads\/2025\/06\/Webdo-Tunisie_168377.jpg","contentUrl":"https:\/\/www.webdo.tn\/fr\/wp-content\/uploads\/2025\/06\/Webdo-Tunisie_168377.jpg","width":301,"height":301,"caption":"Webdo"},"image":{"@id":"https:\/\/www.webdo.tn\/fr\/#\/schema\/logo\/image\/"},"sameAs":["https:\/\/www.facebook.com\/webdotn","https:\/\/x.com\/webdo_tn"],"description":"Webdo est un m\u00e9dia num\u00e9rique tunisien fond\u00e9 en 2010, sp\u00e9cialis\u00e9 dans l\u2019actualit\u00e9 nationale et internationale, l\u2019\u00e9conomie, la soci\u00e9t\u00e9 et les analyses politiques. Le site s\u2019adresse \u00e0 un large public francophone et couvre l\u2019information tunisienne en temps r\u00e9el.","email":"redac@webdo.tn","legalName":"YNJ SARL","foundingDate":"2010-09-06","numberOfEmployees":{"@type":"QuantitativeValue","minValue":"11","maxValue":"50"}},{"@type":"Person","@id":"https:\/\/www.webdo.tn\/fr\/#\/schema\/person\/2c4929cbf5a809e3bd38617c6ce150f6","name":"MC","image":{"@type":"ImageObject","inLanguage":"fr-FR","@id":"https:\/\/secure.gravatar.com\/avatar\/a545bbb6f84efdd5553dbbc2895e3ca8f1d12c5215e00a041c9670b54aa9b18a?s=96&d=mm&r=g","url":"https:\/\/secure.gravatar.com\/avatar\/a545bbb6f84efdd5553dbbc2895e3ca8f1d12c5215e00a041c9670b54aa9b18a?s=96&d=mm&r=g","contentUrl":"https:\/\/secure.gravatar.com\/avatar\/a545bbb6f84efdd5553dbbc2895e3ca8f1d12c5215e00a041c9670b54aa9b18a?s=96&d=mm&r=g","caption":"MC"},"url":"https:\/\/www.webdo.tn\/fr\/actualite\/author\/mc\/"}]}},"_links":{"self":[{"href":"https:\/\/www.webdo.tn\/fr\/wp-json\/wp\/v2\/posts\/204236","targetHints":{"allow":["GET"]}}],"collection":[{"href":"https:\/\/www.webdo.tn\/fr\/wp-json\/wp\/v2\/posts"}],"about":[{"href":"https:\/\/www.webdo.tn\/fr\/wp-json\/wp\/v2\/types\/post"}],"author":[{"embeddable":true,"href":"https:\/\/www.webdo.tn\/fr\/wp-json\/wp\/v2\/users\/3162"}],"replies":[{"embeddable":true,"href":"https:\/\/www.webdo.tn\/fr\/wp-json\/wp\/v2\/comments?post=204236"}],"version-history":[{"count":0,"href":"https:\/\/www.webdo.tn\/fr\/wp-json\/wp\/v2\/posts\/204236\/revisions"}],"wp:featuredmedia":[{"embeddable":true,"href":"https:\/\/www.webdo.tn\/fr\/wp-json\/wp\/v2\/media\/251651"}],"wp:attachment":[{"href":"https:\/\/www.webdo.tn\/fr\/wp-json\/wp\/v2\/media?parent=204236"}],"wp:term":[{"taxonomy":"category","embeddable":true,"href":"https:\/\/www.webdo.tn\/fr\/wp-json\/wp\/v2\/categories?post=204236"},{"taxonomy":"post_tag","embeddable":true,"href":"https:\/\/www.webdo.tn\/fr\/wp-json\/wp\/v2\/tags?post=204236"}],"curies":[{"name":"wp","href":"https:\/\/api.w.org\/{rel}","templated":true}]}}