{"id":204233,"date":"2023-03-24T10:33:00","date_gmt":"2023-03-24T10:33:00","guid":{"rendered":"https:\/\/www.webdo.tn\/fr\/blog\/ligue-1-calendrier-du-reste-de-la-saison\/204233\/"},"modified":"2025-05-20T22:01:23","modified_gmt":"2025-05-20T22:01:23","slug":"ligue-1-calendrier-du-reste-de-la-saison","status":"publish","type":"post","link":"https:\/\/www.webdo.tn\/fr\/actualite\/sport\/ligue-1-calendrier-du-reste-de-la-saison\/204233\/","title":{"rendered":"Ligue 1 : Calendrier du reste de la saison"},"content":{"rendered":"<p>La F\u00e9d\u00e9ration Tunisienne de Football a proc\u00e9d\u00e9 \u00e0 la mise \u00e0 jour du calendrier du reste de la saison sportive, suite aux nouvelles dates \u00e9tablies par l&rsquo;Union arabe de football concernant les matches de la coupe du Roi Salmane des clubs.<\/p>\n<p>\t\t\t\t\t\t\t\t\tAinsi, le dernier quart de finale devant opposer l&rsquo;Esp\u00e9rance ST au CA Bizertin sera disput\u00e9 le 5 avril, tandis que les demi-finales auront lieu les 12 et 13 avril et la finale le 27 ou le 28 mai.<\/p>\n<p>Par ailleurs, le calendrier de la phase play-off et de la phase play-out du championnat de Ligue 1 s&rsquo;\u00e9tablit comme suit :<\/p>\n<p>Play-off<\/p>\n<p>\t9 avril : Mise \u00e0 jour de la 2e journ\u00e9e (EST-USMo)<br \/>\n\t15-16 avril : 3\u00e8me journ\u00e9e<br \/>\n\t22-23 avril : 4\u00e8me journ\u00e9e<br \/>\n\t26-27 avril : Rattrapage 4\u00e8me journ\u00e9e<br \/>\n\t29-30 avril : 5\u00e8me journ\u00e9e<br \/>\n\t02-03 mai : Rattrapage 5\u00e8me journ\u00e9e<br \/>\n\t06-07 mai : 6\u00e8me journ\u00e9e<br \/>\n\t10-11 mai : 7\u00e8me journ\u00e9e<br \/>\n\t20-21 mai : 8\u00e8me journ\u00e9e<br \/>\n\t24-25 mai : Rattrapage 8\u00e8me journ\u00e9e<br \/>\n\t30-31 mai : 9\u00e8me journ\u00e9e<br \/>\n\t03-04 juin : 10\u00e8me journ\u00e9e<br \/>\n\t06-07 juin : 11\u00e8me journ\u00e9e<br \/>\n\t10-11 juin : 12\u00e8me journ\u00e9e<br \/>\n\t24-25 juin : 13\u00e8me journ\u00e9e<br \/>\n\t29-30 juin : 14\u00e8me journ\u00e9e<\/p>\n<p>Play-out<\/p>\n<p>\t01-02 avril : 4\u00e8me journ\u00e9e<br \/>\n\t26-27 avril : 5\u00e8me journ\u00e9e<br \/>\n\t29-30 mai : 6\u00e8me journ\u00e9e<br \/>\n\t06-07 mai : 7\u00e8me journ\u00e9e<br \/>\n\t13-14 mai : 8\u00e8me journ\u00e9e<br \/>\n\t20-21 mai : 9\u00e8me journ\u00e9e<br \/>\n\t03-04 juin : 10\u00e8me journ\u00e9e<\/p>\n<p>Coupe de Tunisie<\/p>\n<p>\t5 avril : Quart de finale EST-CAB<br \/>\n\t12-13 avril : Demi-finales<br \/>\n\t27-28 mai : Finale<\/p>\n","protected":false},"excerpt":{"rendered":"<p>La F\u00e9d\u00e9ration Tunisienne de Football a proc\u00e9d\u00e9 \u00e0 la mise \u00e0 jour du calendrier du reste de la saison sportive.<\/p>\n","protected":false},"author":3162,"featured_media":251650,"comment_status":"open","ping_status":"closed","sticky":false,"template":"","format":"standard","meta":{"footnotes":""},"categories":[2593],"tags":[4507,3168,2777],"class_list":["post-204233","post","type-post","status-publish","format-standard","has-post-thumbnail","hentry","category-sport","tag-calendrier","tag-coupe-de-tunisie","tag-ligue-1"],"yoast_head":"<!-- This site is optimized with the Yoast SEO Premium plugin v27.4 (Yoast SEO v27.5) - https:\/\/yoast.com\/product\/yoast-seo-premium-wordpress\/ -->\n<title>Ligue 1 : Calendrier du reste de la saison<\/title>\n<meta name=\"description\" content=\"La F\u00e9d\u00e9ration Tunisienne de Football a proc\u00e9d\u00e9 \u00e0 la mise \u00e0 jour du calendrier du reste de la saison sportive.\" \/>\n<link rel=\"canonical\" href=\"https:\/\/www.webdo.tn\/fr\/actualite\/sport\/ligue-1-calendrier-du-reste-de-la-saison\/204233\/\" \/>\n<meta property=\"og:locale\" content=\"fr_FR\" \/>\n<meta property=\"og:type\" content=\"article\" \/>\n<meta property=\"og:title\" content=\"Ligue 1 : Calendrier du reste de la saison\" \/>\n<meta property=\"og:description\" content=\"La F\u00e9d\u00e9ration Tunisienne de Football a proc\u00e9d\u00e9 \u00e0 la mise \u00e0 jour du calendrier du reste de la saison sportive.\" \/>\n<meta property=\"og:url\" content=\"https:\/\/www.webdo.tn\/fr\/actualite\/sport\/ligue-1-calendrier-du-reste-de-la-saison\/204233\/\" \/>\n<meta property=\"og:site_name\" content=\"webdo\" \/>\n<meta property=\"article:publisher\" content=\"https:\/\/www.facebook.com\/webdotn\" \/>\n<meta property=\"article:published_time\" content=\"2023-03-24T10:33:00+00:00\" \/>\n<meta property=\"article:modified_time\" content=\"2025-05-20T22:01:23+00:00\" \/>\n<meta property=\"og:image\" content=\"https:\/\/www.webdo.tn\/fr\/wp-content\/uploads\/2023\/03\/4bd5e403ed2caf969b8952344a542030.jpg\" \/>\n\t<meta property=\"og:image:width\" content=\"469\" \/>\n\t<meta property=\"og:image:height\" content=\"250\" \/>\n\t<meta property=\"og:image:type\" content=\"image\/jpeg\" \/>\n<meta name=\"author\" content=\"MC\" \/>\n<meta name=\"twitter:card\" content=\"summary_large_image\" \/>\n<meta name=\"twitter:creator\" content=\"@webdo_tn\" \/>\n<meta name=\"twitter:site\" content=\"@webdo_tn\" \/>\n<meta name=\"twitter:label1\" content=\"\u00c9crit par\" \/>\n\t<meta name=\"twitter:data1\" content=\"MC\" \/>\n\t<meta name=\"twitter:label2\" content=\"Dur\u00e9e de lecture estim\u00e9e\" \/>\n\t<meta name=\"twitter:data2\" content=\"1 minute\" \/>\n<script type=\"application\/ld+json\" class=\"yoast-schema-graph\">{\"@context\":\"https:\\\/\\\/schema.org\",\"@graph\":[{\"@type\":\"NewsArticle\",\"@id\":\"https:\\\/\\\/www.webdo.tn\\\/fr\\\/actualite\\\/sport\\\/ligue-1-calendrier-du-reste-de-la-saison\\\/204233\\\/#article\",\"isPartOf\":{\"@id\":\"https:\\\/\\\/www.webdo.tn\\\/fr\\\/actualite\\\/sport\\\/ligue-1-calendrier-du-reste-de-la-saison\\\/204233\\\/\"},\"author\":{\"name\":\"MC\",\"@id\":\"https:\\\/\\\/www.webdo.tn\\\/fr\\\/#\\\/schema\\\/person\\\/2c4929cbf5a809e3bd38617c6ce150f6\"},\"headline\":\"Ligue 1 : Calendrier du reste de la saison\",\"datePublished\":\"2023-03-24T10:33:00+00:00\",\"dateModified\":\"2025-05-20T22:01:23+00:00\",\"mainEntityOfPage\":{\"@id\":\"https:\\\/\\\/www.webdo.tn\\\/fr\\\/actualite\\\/sport\\\/ligue-1-calendrier-du-reste-de-la-saison\\\/204233\\\/\"},\"wordCount\":244,\"commentCount\":0,\"publisher\":{\"@id\":\"https:\\\/\\\/www.webdo.tn\\\/fr\\\/#organization\"},\"image\":{\"@id\":\"https:\\\/\\\/www.webdo.tn\\\/fr\\\/actualite\\\/sport\\\/ligue-1-calendrier-du-reste-de-la-saison\\\/204233\\\/#primaryimage\"},\"thumbnailUrl\":\"https:\\\/\\\/www.webdo.tn\\\/fr\\\/wp-content\\\/uploads\\\/2023\\\/03\\\/4bd5e403ed2caf969b8952344a542030.jpg\",\"keywords\":[\"calendrier\",\"coupe de tunisie\",\"Ligue 1\"],\"articleSection\":[\"Sport\"],\"inLanguage\":\"fr-FR\"},{\"@type\":\"WebPage\",\"@id\":\"https:\\\/\\\/www.webdo.tn\\\/fr\\\/actualite\\\/sport\\\/ligue-1-calendrier-du-reste-de-la-saison\\\/204233\\\/\",\"url\":\"https:\\\/\\\/www.webdo.tn\\\/fr\\\/actualite\\\/sport\\\/ligue-1-calendrier-du-reste-de-la-saison\\\/204233\\\/\",\"name\":\"Ligue 1 : Calendrier du reste de la saison\",\"isPartOf\":{\"@id\":\"https:\\\/\\\/www.webdo.tn\\\/fr\\\/#website\"},\"primaryImageOfPage\":{\"@id\":\"https:\\\/\\\/www.webdo.tn\\\/fr\\\/actualite\\\/sport\\\/ligue-1-calendrier-du-reste-de-la-saison\\\/204233\\\/#primaryimage\"},\"image\":{\"@id\":\"https:\\\/\\\/www.webdo.tn\\\/fr\\\/actualite\\\/sport\\\/ligue-1-calendrier-du-reste-de-la-saison\\\/204233\\\/#primaryimage\"},\"thumbnailUrl\":\"https:\\\/\\\/www.webdo.tn\\\/fr\\\/wp-content\\\/uploads\\\/2023\\\/03\\\/4bd5e403ed2caf969b8952344a542030.jpg\",\"datePublished\":\"2023-03-24T10:33:00+00:00\",\"dateModified\":\"2025-05-20T22:01:23+00:00\",\"description\":\"La F\u00e9d\u00e9ration Tunisienne de Football a proc\u00e9d\u00e9 \u00e0 la mise \u00e0 jour du calendrier du reste de la saison sportive.\",\"breadcrumb\":{\"@id\":\"https:\\\/\\\/www.webdo.tn\\\/fr\\\/actualite\\\/sport\\\/ligue-1-calendrier-du-reste-de-la-saison\\\/204233\\\/#breadcrumb\"},\"inLanguage\":\"fr-FR\",\"potentialAction\":[{\"@type\":\"ReadAction\",\"target\":[\"https:\\\/\\\/www.webdo.tn\\\/fr\\\/actualite\\\/sport\\\/ligue-1-calendrier-du-reste-de-la-saison\\\/204233\\\/\"]}]},{\"@type\":\"ImageObject\",\"inLanguage\":\"fr-FR\",\"@id\":\"https:\\\/\\\/www.webdo.tn\\\/fr\\\/actualite\\\/sport\\\/ligue-1-calendrier-du-reste-de-la-saison\\\/204233\\\/#primaryimage\",\"url\":\"https:\\\/\\\/www.webdo.tn\\\/fr\\\/wp-content\\\/uploads\\\/2023\\\/03\\\/4bd5e403ed2caf969b8952344a542030.jpg\",\"contentUrl\":\"https:\\\/\\\/www.webdo.tn\\\/fr\\\/wp-content\\\/uploads\\\/2023\\\/03\\\/4bd5e403ed2caf969b8952344a542030.jpg\",\"width\":469,\"height\":250,\"caption\":\"Ligue 1 : Calendrier du reste de la saison\"},{\"@type\":\"BreadcrumbList\",\"@id\":\"https:\\\/\\\/www.webdo.tn\\\/fr\\\/actualite\\\/sport\\\/ligue-1-calendrier-du-reste-de-la-saison\\\/204233\\\/#breadcrumb\",\"itemListElement\":[{\"@type\":\"ListItem\",\"position\":1,\"name\":\"Accueil\",\"item\":\"https:\\\/\\\/www.webdo.tn\\\/fr\\\/\"},{\"@type\":\"ListItem\",\"position\":2,\"name\":\"Ligue 1 : Calendrier du reste de la saison\"}]},{\"@type\":\"WebSite\",\"@id\":\"https:\\\/\\\/www.webdo.tn\\\/fr\\\/#website\",\"url\":\"https:\\\/\\\/www.webdo.tn\\\/fr\\\/\",\"name\":\"webdo\",\"description\":\"Tunisie - News en Tunisie et \u00e0 l&#039;international sur Webdo.tn\",\"publisher\":{\"@id\":\"https:\\\/\\\/www.webdo.tn\\\/fr\\\/#organization\"},\"potentialAction\":[{\"@type\":\"SearchAction\",\"target\":{\"@type\":\"EntryPoint\",\"urlTemplate\":\"https:\\\/\\\/www.webdo.tn\\\/fr\\\/?s={search_term_string}\"},\"query-input\":{\"@type\":\"PropertyValueSpecification\",\"valueRequired\":true,\"valueName\":\"search_term_string\"}}],\"inLanguage\":\"fr-FR\"},{\"@type\":\"Organization\",\"@id\":\"https:\\\/\\\/www.webdo.tn\\\/fr\\\/#organization\",\"name\":\"Webdo\",\"alternateName\":\"Webdo.tn\",\"url\":\"https:\\\/\\\/www.webdo.tn\\\/fr\\\/\",\"logo\":{\"@type\":\"ImageObject\",\"inLanguage\":\"fr-FR\",\"@id\":\"https:\\\/\\\/www.webdo.tn\\\/fr\\\/#\\\/schema\\\/logo\\\/image\\\/\",\"url\":\"https:\\\/\\\/www.webdo.tn\\\/fr\\\/wp-content\\\/uploads\\\/2025\\\/06\\\/Webdo-Tunisie_168377.jpg\",\"contentUrl\":\"https:\\\/\\\/www.webdo.tn\\\/fr\\\/wp-content\\\/uploads\\\/2025\\\/06\\\/Webdo-Tunisie_168377.jpg\",\"width\":301,\"height\":301,\"caption\":\"Webdo\"},\"image\":{\"@id\":\"https:\\\/\\\/www.webdo.tn\\\/fr\\\/#\\\/schema\\\/logo\\\/image\\\/\"},\"sameAs\":[\"https:\\\/\\\/www.facebook.com\\\/webdotn\",\"https:\\\/\\\/x.com\\\/webdo_tn\"],\"description\":\"Webdo est un m\u00e9dia num\u00e9rique tunisien fond\u00e9 en 2010, sp\u00e9cialis\u00e9 dans l\u2019actualit\u00e9 nationale et internationale, l\u2019\u00e9conomie, la soci\u00e9t\u00e9 et les analyses politiques. Le site s\u2019adresse \u00e0 un large public francophone et couvre l\u2019information tunisienne en temps r\u00e9el.\",\"email\":\"redac@webdo.tn\",\"legalName\":\"YNJ SARL\",\"foundingDate\":\"2010-09-06\",\"numberOfEmployees\":{\"@type\":\"QuantitativeValue\",\"minValue\":\"11\",\"maxValue\":\"50\"}},{\"@type\":\"Person\",\"@id\":\"https:\\\/\\\/www.webdo.tn\\\/fr\\\/#\\\/schema\\\/person\\\/2c4929cbf5a809e3bd38617c6ce150f6\",\"name\":\"MC\",\"image\":{\"@type\":\"ImageObject\",\"inLanguage\":\"fr-FR\",\"@id\":\"https:\\\/\\\/secure.gravatar.com\\\/avatar\\\/a545bbb6f84efdd5553dbbc2895e3ca8f1d12c5215e00a041c9670b54aa9b18a?s=96&d=mm&r=g\",\"url\":\"https:\\\/\\\/secure.gravatar.com\\\/avatar\\\/a545bbb6f84efdd5553dbbc2895e3ca8f1d12c5215e00a041c9670b54aa9b18a?s=96&d=mm&r=g\",\"contentUrl\":\"https:\\\/\\\/secure.gravatar.com\\\/avatar\\\/a545bbb6f84efdd5553dbbc2895e3ca8f1d12c5215e00a041c9670b54aa9b18a?s=96&d=mm&r=g\",\"caption\":\"MC\"},\"url\":\"https:\\\/\\\/www.webdo.tn\\\/fr\\\/actualite\\\/author\\\/mc\\\/\"}]}<\/script>\n<!-- \/ Yoast SEO Premium plugin. -->","yoast_head_json":{"title":"Ligue 1 : Calendrier du reste de la saison","description":"La F\u00e9d\u00e9ration Tunisienne de Football a proc\u00e9d\u00e9 \u00e0 la mise \u00e0 jour du calendrier du reste de la saison sportive.","canonical":"https:\/\/www.webdo.tn\/fr\/actualite\/sport\/ligue-1-calendrier-du-reste-de-la-saison\/204233\/","og_locale":"fr_FR","og_type":"article","og_title":"Ligue 1 : Calendrier du reste de la saison","og_description":"La F\u00e9d\u00e9ration Tunisienne de Football a proc\u00e9d\u00e9 \u00e0 la mise \u00e0 jour du calendrier du reste de la saison sportive.","og_url":"https:\/\/www.webdo.tn\/fr\/actualite\/sport\/ligue-1-calendrier-du-reste-de-la-saison\/204233\/","og_site_name":"webdo","article_publisher":"https:\/\/www.facebook.com\/webdotn","article_published_time":"2023-03-24T10:33:00+00:00","article_modified_time":"2025-05-20T22:01:23+00:00","og_image":[{"width":469,"height":250,"url":"https:\/\/www.webdo.tn\/fr\/wp-content\/uploads\/2023\/03\/4bd5e403ed2caf969b8952344a542030.jpg","type":"image\/jpeg"}],"author":"MC","twitter_card":"summary_large_image","twitter_creator":"@webdo_tn","twitter_site":"@webdo_tn","twitter_misc":{"\u00c9crit par":"MC","Dur\u00e9e de lecture estim\u00e9e":"1 minute"},"schema":{"@context":"https:\/\/schema.org","@graph":[{"@type":"NewsArticle","@id":"https:\/\/www.webdo.tn\/fr\/actualite\/sport\/ligue-1-calendrier-du-reste-de-la-saison\/204233\/#article","isPartOf":{"@id":"https:\/\/www.webdo.tn\/fr\/actualite\/sport\/ligue-1-calendrier-du-reste-de-la-saison\/204233\/"},"author":{"name":"MC","@id":"https:\/\/www.webdo.tn\/fr\/#\/schema\/person\/2c4929cbf5a809e3bd38617c6ce150f6"},"headline":"Ligue 1 : Calendrier du reste de la saison","datePublished":"2023-03-24T10:33:00+00:00","dateModified":"2025-05-20T22:01:23+00:00","mainEntityOfPage":{"@id":"https:\/\/www.webdo.tn\/fr\/actualite\/sport\/ligue-1-calendrier-du-reste-de-la-saison\/204233\/"},"wordCount":244,"commentCount":0,"publisher":{"@id":"https:\/\/www.webdo.tn\/fr\/#organization"},"image":{"@id":"https:\/\/www.webdo.tn\/fr\/actualite\/sport\/ligue-1-calendrier-du-reste-de-la-saison\/204233\/#primaryimage"},"thumbnailUrl":"https:\/\/www.webdo.tn\/fr\/wp-content\/uploads\/2023\/03\/4bd5e403ed2caf969b8952344a542030.jpg","keywords":["calendrier","coupe de tunisie","Ligue 1"],"articleSection":["Sport"],"inLanguage":"fr-FR"},{"@type":"WebPage","@id":"https:\/\/www.webdo.tn\/fr\/actualite\/sport\/ligue-1-calendrier-du-reste-de-la-saison\/204233\/","url":"https:\/\/www.webdo.tn\/fr\/actualite\/sport\/ligue-1-calendrier-du-reste-de-la-saison\/204233\/","name":"Ligue 1 : Calendrier du reste de la saison","isPartOf":{"@id":"https:\/\/www.webdo.tn\/fr\/#website"},"primaryImageOfPage":{"@id":"https:\/\/www.webdo.tn\/fr\/actualite\/sport\/ligue-1-calendrier-du-reste-de-la-saison\/204233\/#primaryimage"},"image":{"@id":"https:\/\/www.webdo.tn\/fr\/actualite\/sport\/ligue-1-calendrier-du-reste-de-la-saison\/204233\/#primaryimage"},"thumbnailUrl":"https:\/\/www.webdo.tn\/fr\/wp-content\/uploads\/2023\/03\/4bd5e403ed2caf969b8952344a542030.jpg","datePublished":"2023-03-24T10:33:00+00:00","dateModified":"2025-05-20T22:01:23+00:00","description":"La F\u00e9d\u00e9ration Tunisienne de Football a proc\u00e9d\u00e9 \u00e0 la mise \u00e0 jour du calendrier du reste de la saison sportive.","breadcrumb":{"@id":"https:\/\/www.webdo.tn\/fr\/actualite\/sport\/ligue-1-calendrier-du-reste-de-la-saison\/204233\/#breadcrumb"},"inLanguage":"fr-FR","potentialAction":[{"@type":"ReadAction","target":["https:\/\/www.webdo.tn\/fr\/actualite\/sport\/ligue-1-calendrier-du-reste-de-la-saison\/204233\/"]}]},{"@type":"ImageObject","inLanguage":"fr-FR","@id":"https:\/\/www.webdo.tn\/fr\/actualite\/sport\/ligue-1-calendrier-du-reste-de-la-saison\/204233\/#primaryimage","url":"https:\/\/www.webdo.tn\/fr\/wp-content\/uploads\/2023\/03\/4bd5e403ed2caf969b8952344a542030.jpg","contentUrl":"https:\/\/www.webdo.tn\/fr\/wp-content\/uploads\/2023\/03\/4bd5e403ed2caf969b8952344a542030.jpg","width":469,"height":250,"caption":"Ligue 1 : Calendrier du reste de la saison"},{"@type":"BreadcrumbList","@id":"https:\/\/www.webdo.tn\/fr\/actualite\/sport\/ligue-1-calendrier-du-reste-de-la-saison\/204233\/#breadcrumb","itemListElement":[{"@type":"ListItem","position":1,"name":"Accueil","item":"https:\/\/www.webdo.tn\/fr\/"},{"@type":"ListItem","position":2,"name":"Ligue 1 : Calendrier du reste de la saison"}]},{"@type":"WebSite","@id":"https:\/\/www.webdo.tn\/fr\/#website","url":"https:\/\/www.webdo.tn\/fr\/","name":"webdo","description":"Tunisie - News en Tunisie et \u00e0 l&#039;international sur Webdo.tn","publisher":{"@id":"https:\/\/www.webdo.tn\/fr\/#organization"},"potentialAction":[{"@type":"SearchAction","target":{"@type":"EntryPoint","urlTemplate":"https:\/\/www.webdo.tn\/fr\/?s={search_term_string}"},"query-input":{"@type":"PropertyValueSpecification","valueRequired":true,"valueName":"search_term_string"}}],"inLanguage":"fr-FR"},{"@type":"Organization","@id":"https:\/\/www.webdo.tn\/fr\/#organization","name":"Webdo","alternateName":"Webdo.tn","url":"https:\/\/www.webdo.tn\/fr\/","logo":{"@type":"ImageObject","inLanguage":"fr-FR","@id":"https:\/\/www.webdo.tn\/fr\/#\/schema\/logo\/image\/","url":"https:\/\/www.webdo.tn\/fr\/wp-content\/uploads\/2025\/06\/Webdo-Tunisie_168377.jpg","contentUrl":"https:\/\/www.webdo.tn\/fr\/wp-content\/uploads\/2025\/06\/Webdo-Tunisie_168377.jpg","width":301,"height":301,"caption":"Webdo"},"image":{"@id":"https:\/\/www.webdo.tn\/fr\/#\/schema\/logo\/image\/"},"sameAs":["https:\/\/www.facebook.com\/webdotn","https:\/\/x.com\/webdo_tn"],"description":"Webdo est un m\u00e9dia num\u00e9rique tunisien fond\u00e9 en 2010, sp\u00e9cialis\u00e9 dans l\u2019actualit\u00e9 nationale et internationale, l\u2019\u00e9conomie, la soci\u00e9t\u00e9 et les analyses politiques. Le site s\u2019adresse \u00e0 un large public francophone et couvre l\u2019information tunisienne en temps r\u00e9el.","email":"redac@webdo.tn","legalName":"YNJ SARL","foundingDate":"2010-09-06","numberOfEmployees":{"@type":"QuantitativeValue","minValue":"11","maxValue":"50"}},{"@type":"Person","@id":"https:\/\/www.webdo.tn\/fr\/#\/schema\/person\/2c4929cbf5a809e3bd38617c6ce150f6","name":"MC","image":{"@type":"ImageObject","inLanguage":"fr-FR","@id":"https:\/\/secure.gravatar.com\/avatar\/a545bbb6f84efdd5553dbbc2895e3ca8f1d12c5215e00a041c9670b54aa9b18a?s=96&d=mm&r=g","url":"https:\/\/secure.gravatar.com\/avatar\/a545bbb6f84efdd5553dbbc2895e3ca8f1d12c5215e00a041c9670b54aa9b18a?s=96&d=mm&r=g","contentUrl":"https:\/\/secure.gravatar.com\/avatar\/a545bbb6f84efdd5553dbbc2895e3ca8f1d12c5215e00a041c9670b54aa9b18a?s=96&d=mm&r=g","caption":"MC"},"url":"https:\/\/www.webdo.tn\/fr\/actualite\/author\/mc\/"}]}},"_links":{"self":[{"href":"https:\/\/www.webdo.tn\/fr\/wp-json\/wp\/v2\/posts\/204233","targetHints":{"allow":["GET"]}}],"collection":[{"href":"https:\/\/www.webdo.tn\/fr\/wp-json\/wp\/v2\/posts"}],"about":[{"href":"https:\/\/www.webdo.tn\/fr\/wp-json\/wp\/v2\/types\/post"}],"author":[{"embeddable":true,"href":"https:\/\/www.webdo.tn\/fr\/wp-json\/wp\/v2\/users\/3162"}],"replies":[{"embeddable":true,"href":"https:\/\/www.webdo.tn\/fr\/wp-json\/wp\/v2\/comments?post=204233"}],"version-history":[{"count":0,"href":"https:\/\/www.webdo.tn\/fr\/wp-json\/wp\/v2\/posts\/204233\/revisions"}],"wp:featuredmedia":[{"embeddable":true,"href":"https:\/\/www.webdo.tn\/fr\/wp-json\/wp\/v2\/media\/251650"}],"wp:attachment":[{"href":"https:\/\/www.webdo.tn\/fr\/wp-json\/wp\/v2\/media?parent=204233"}],"wp:term":[{"taxonomy":"category","embeddable":true,"href":"https:\/\/www.webdo.tn\/fr\/wp-json\/wp\/v2\/categories?post=204233"},{"taxonomy":"post_tag","embeddable":true,"href":"https:\/\/www.webdo.tn\/fr\/wp-json\/wp\/v2\/tags?post=204233"}],"curies":[{"name":"wp","href":"https:\/\/api.w.org\/{rel}","templated":true}]}}