{"id":204224,"date":"2023-03-24T08:50:00","date_gmt":"2023-03-24T08:50:00","guid":{"rendered":"https:\/\/www.webdo.tn\/fr\/blog\/fallujah-des-concertations-de-haut-niveau-pour-suspendre-la-serie\/204224\/"},"modified":"2025-05-20T22:49:39","modified_gmt":"2025-05-20T22:49:39","slug":"fallujah-des-concertations-de-haut-niveau-pour-suspendre-la-serie","status":"publish","type":"post","link":"https:\/\/www.webdo.tn\/fr\/actualite\/national\/fallujah-des-concertations-de-haut-niveau-pour-suspendre-la-serie\/204224\/","title":{"rendered":"\u00ab\u00a0Fallujah\u00a0\u00bb : Concertations de haut niveau pour suspendre la diffusion !"},"content":{"rendered":"<p>\u00ab Une mascarade \u00bb, c\u2019est ainsi que le ministre de l\u2019Education Mohamed Ali Boughdiri a qualifi\u00e9 le feuilleton controvers\u00e9 \u00ab\u00a0Fallujah\u00a0\u00bb.<\/p>\n<p>\t\t\t\t\t\t\t\t\tS\u2019exprimant sur les ondes de Diwan FM, il a affirm\u00e9 que cette production porte atteinte \u00e0 tout le syst\u00e8me \u00e9ducatif et nuit consid\u00e9rablement \u00e0 l\u2019image de l\u2019\u00e9cole tunisienne.\u00a0<\/p>\n<p>Il a affirm\u00e9 que ce dossier a \u00e9t\u00e9 trait\u00e9 d\u00e8s sa diffusion au niveau des deux pr\u00e9sidences. \u00ab D\u00e8s sa diffusion, nous avons eu contact avec la cheffe du gouvernement qui a eu une discussion \u00e0 son tour avec le pr\u00e9sident de la R\u00e9publique, et nous refusons cette mascarade \u00bb, a-t-il dit, affirmant qu\u2019une r\u00e9union minist\u00e9rielle aura lieu ce vendredi 24 mars 2023 \u00e0 cet effet.\u00a0<\/p>\n<p>Et d\u2019ajouter que tous les moyens l\u00e9gaux seront mobilis\u00e9s pour suspendre la diffusion de ce feuilleton.\u00a0<\/p>\n<p>L\u2019affaire prend une grande ampleur. Apr\u00e8s les d\u00e9clarations des syndicats de l\u2019enseignement, deux avocats ont port\u00e9 plainte pour suspendre la diffusion de la s\u00e9rie \u00ab Fallujah \u00bb.<\/p>\n<p>En effet, les deux avocats Saber Ben Amor et Hssan Ezzeddine Diab ont port\u00e9 plainte d\u2019urgence contre la diffusion du feuilleton Fallujah sur la chaine Elhiwar Ettounsi.\u00a0<\/p>\n<p>D\u00e9pos\u00e9e aupr\u00e8s du tribunal de premi\u00e8re instance de Tunis, la plainte parle au nom des parents et du cadre enseignant et est justifi\u00e9e par des sc\u00e8nes inappropri\u00e9es qui portent atteinte au prestige de l\u2019\u00e9ducation en Tunisie.\u00a0<\/p>\n<p>Le premier \u00e9pisode du feuilleton El-Falouja diffus\u00e9 sur la chaine Elhiwar Ettousi fait d\u00e9j\u00e0 pol\u00e9mique. Et pour cause, des sc\u00e8nes jug\u00e9es inappropri\u00e9es par des sp\u00e9cialistes.\u00a0<\/p>\n<p>Visiblement inspir\u00e9 des s\u00e9ries occidentales, le feuilleton raconte, jusque-l\u00e0, le quotidien de lyc\u00e9ens. Sauf que le comportement de ces derniers avec leur nouvelle enseignante marque des sc\u00e8nes peu ordinaires et fait fi du prestige du cadre enseignant.\u00a0<\/p>\n<p>D\u2019ailleurs, le juge Omar Oueslati a rapidement r\u00e9agi \u00e0 ce premier \u00e9pisode, il appelle meme \u00e0 \u00e9viter de consommer ce feuilleton.\u00a0 \u00ab Les enfants doivent etre interdits de regarder ce feuilleton au vu des sc\u00e8nes extr\u00eamement dangereuses \u00bb, a-t-il post\u00e9.<\/p>\n","protected":false},"excerpt":{"rendered":"<p>\u00ab Une mascarade \u00bb, c\u2019est ainsi que le ministre de l\u2019Education Mohamed Ali Boughdiri a qualifi\u00e9 le feuilleton controvers\u00e9  Fallujah .<\/p>\n","protected":false},"author":3175,"featured_media":277948,"comment_status":"open","ping_status":"closed","sticky":false,"template":"","format":"standard","meta":{"footnotes":""},"categories":[44],"tags":[8614,3832,2608],"class_list":["post-204224","post","type-post","status-publish","format-standard","has-post-thumbnail","hentry","category-national","tag-fallujah","tag-serie","tag-tunisie"],"yoast_head":"<!-- This site is optimized with the Yoast SEO Premium plugin v27.5 (Yoast SEO v27.5) - https:\/\/yoast.com\/product\/yoast-seo-premium-wordpress\/ -->\n<title>Fallujah : Concertations de haut niveau pour suspendre la diffusion !<\/title>\n<meta name=\"description\" content=\"\u00ab Une mascarade \u00bb, c\u2019est ainsi que le ministre de l\u2019Education Mohamed Ali Boughdiri a qualifi\u00e9 le feuilleton controvers\u00e9 Fallujah .\" \/>\n<link rel=\"canonical\" href=\"https:\/\/www.webdo.tn\/fr\/actualite\/national\/fallujah-des-concertations-de-haut-niveau-pour-suspendre-la-serie\/204224\/\" \/>\n<meta property=\"og:locale\" content=\"fr_FR\" \/>\n<meta property=\"og:type\" content=\"article\" \/>\n<meta property=\"og:title\" content=\"&quot;Fallujah&quot; : Concertations de haut niveau pour suspendre la diffusion !\" \/>\n<meta property=\"og:description\" content=\"\u00ab Une mascarade \u00bb, c\u2019est ainsi que le ministre de l\u2019Education Mohamed Ali Boughdiri a qualifi\u00e9 le feuilleton controvers\u00e9 Fallujah .\" \/>\n<meta property=\"og:url\" content=\"https:\/\/www.webdo.tn\/fr\/actualite\/national\/fallujah-des-concertations-de-haut-niveau-pour-suspendre-la-serie\/204224\/\" \/>\n<meta property=\"og:site_name\" content=\"webdo\" \/>\n<meta property=\"article:publisher\" content=\"https:\/\/www.facebook.com\/webdotn\" \/>\n<meta property=\"article:published_time\" content=\"2023-03-24T08:50:00+00:00\" \/>\n<meta property=\"article:modified_time\" content=\"2025-05-20T22:49:39+00:00\" \/>\n<meta property=\"og:image\" content=\"https:\/\/www.webdo.tn\/fr\/wp-content\/uploads\/2023\/03\/39d1f6c826158835efd4b615c5c726d0.jpg\" \/>\n\t<meta property=\"og:image:width\" content=\"750\" \/>\n\t<meta property=\"og:image:height\" content=\"400\" \/>\n\t<meta property=\"og:image:type\" content=\"image\/jpeg\" \/>\n<meta name=\"author\" content=\"CL\" \/>\n<meta name=\"twitter:card\" content=\"summary_large_image\" \/>\n<meta name=\"twitter:creator\" content=\"@webdo_tn\" \/>\n<meta name=\"twitter:site\" content=\"@webdo_tn\" \/>\n<meta name=\"twitter:label1\" content=\"\u00c9crit par\" \/>\n\t<meta name=\"twitter:data1\" content=\"CL\" \/>\n\t<meta name=\"twitter:label2\" content=\"Dur\u00e9e de lecture estim\u00e9e\" \/>\n\t<meta name=\"twitter:data2\" content=\"2 minutes\" \/>\n<script type=\"application\/ld+json\" class=\"yoast-schema-graph\">{\"@context\":\"https:\\\/\\\/schema.org\",\"@graph\":[{\"@type\":\"NewsArticle\",\"@id\":\"https:\\\/\\\/www.webdo.tn\\\/fr\\\/actualite\\\/national\\\/fallujah-des-concertations-de-haut-niveau-pour-suspendre-la-serie\\\/204224\\\/#article\",\"isPartOf\":{\"@id\":\"https:\\\/\\\/www.webdo.tn\\\/fr\\\/actualite\\\/national\\\/fallujah-des-concertations-de-haut-niveau-pour-suspendre-la-serie\\\/204224\\\/\"},\"author\":{\"name\":\"CL\",\"@id\":\"https:\\\/\\\/www.webdo.tn\\\/fr\\\/#\\\/schema\\\/person\\\/f35b42a42c5e2511bbd282959d6385cc\"},\"headline\":\"\u00ab\u00a0Fallujah\u00a0\u00bb : Concertations de haut niveau pour suspendre la diffusion !\",\"datePublished\":\"2023-03-24T08:50:00+00:00\",\"dateModified\":\"2025-05-20T22:49:39+00:00\",\"mainEntityOfPage\":{\"@id\":\"https:\\\/\\\/www.webdo.tn\\\/fr\\\/actualite\\\/national\\\/fallujah-des-concertations-de-haut-niveau-pour-suspendre-la-serie\\\/204224\\\/\"},\"wordCount\":360,\"commentCount\":0,\"publisher\":{\"@id\":\"https:\\\/\\\/www.webdo.tn\\\/fr\\\/#organization\"},\"image\":{\"@id\":\"https:\\\/\\\/www.webdo.tn\\\/fr\\\/actualite\\\/national\\\/fallujah-des-concertations-de-haut-niveau-pour-suspendre-la-serie\\\/204224\\\/#primaryimage\"},\"thumbnailUrl\":\"https:\\\/\\\/www.webdo.tn\\\/fr\\\/wp-content\\\/uploads\\\/2023\\\/03\\\/39d1f6c826158835efd4b615c5c726d0.jpg\",\"keywords\":[\"Fallujah\",\"S\u00e9rie\",\"Tunisie\"],\"articleSection\":[\"National\"],\"inLanguage\":\"fr-FR\"},{\"@type\":\"WebPage\",\"@id\":\"https:\\\/\\\/www.webdo.tn\\\/fr\\\/actualite\\\/national\\\/fallujah-des-concertations-de-haut-niveau-pour-suspendre-la-serie\\\/204224\\\/\",\"url\":\"https:\\\/\\\/www.webdo.tn\\\/fr\\\/actualite\\\/national\\\/fallujah-des-concertations-de-haut-niveau-pour-suspendre-la-serie\\\/204224\\\/\",\"name\":\"Fallujah : Concertations de haut niveau pour suspendre la diffusion !\",\"isPartOf\":{\"@id\":\"https:\\\/\\\/www.webdo.tn\\\/fr\\\/#website\"},\"primaryImageOfPage\":{\"@id\":\"https:\\\/\\\/www.webdo.tn\\\/fr\\\/actualite\\\/national\\\/fallujah-des-concertations-de-haut-niveau-pour-suspendre-la-serie\\\/204224\\\/#primaryimage\"},\"image\":{\"@id\":\"https:\\\/\\\/www.webdo.tn\\\/fr\\\/actualite\\\/national\\\/fallujah-des-concertations-de-haut-niveau-pour-suspendre-la-serie\\\/204224\\\/#primaryimage\"},\"thumbnailUrl\":\"https:\\\/\\\/www.webdo.tn\\\/fr\\\/wp-content\\\/uploads\\\/2023\\\/03\\\/39d1f6c826158835efd4b615c5c726d0.jpg\",\"datePublished\":\"2023-03-24T08:50:00+00:00\",\"dateModified\":\"2025-05-20T22:49:39+00:00\",\"description\":\"\u00ab Une mascarade \u00bb, c\u2019est ainsi que le ministre de l\u2019Education Mohamed Ali Boughdiri a qualifi\u00e9 le feuilleton controvers\u00e9 Fallujah .\",\"breadcrumb\":{\"@id\":\"https:\\\/\\\/www.webdo.tn\\\/fr\\\/actualite\\\/national\\\/fallujah-des-concertations-de-haut-niveau-pour-suspendre-la-serie\\\/204224\\\/#breadcrumb\"},\"inLanguage\":\"fr-FR\",\"potentialAction\":[{\"@type\":\"ReadAction\",\"target\":[\"https:\\\/\\\/www.webdo.tn\\\/fr\\\/actualite\\\/national\\\/fallujah-des-concertations-de-haut-niveau-pour-suspendre-la-serie\\\/204224\\\/\"]}]},{\"@type\":\"ImageObject\",\"inLanguage\":\"fr-FR\",\"@id\":\"https:\\\/\\\/www.webdo.tn\\\/fr\\\/actualite\\\/national\\\/fallujah-des-concertations-de-haut-niveau-pour-suspendre-la-serie\\\/204224\\\/#primaryimage\",\"url\":\"https:\\\/\\\/www.webdo.tn\\\/fr\\\/wp-content\\\/uploads\\\/2023\\\/03\\\/39d1f6c826158835efd4b615c5c726d0.jpg\",\"contentUrl\":\"https:\\\/\\\/www.webdo.tn\\\/fr\\\/wp-content\\\/uploads\\\/2023\\\/03\\\/39d1f6c826158835efd4b615c5c726d0.jpg\",\"width\":750,\"height\":400,\"caption\":\"Saied Bouden\"},{\"@type\":\"BreadcrumbList\",\"@id\":\"https:\\\/\\\/www.webdo.tn\\\/fr\\\/actualite\\\/national\\\/fallujah-des-concertations-de-haut-niveau-pour-suspendre-la-serie\\\/204224\\\/#breadcrumb\",\"itemListElement\":[{\"@type\":\"ListItem\",\"position\":1,\"name\":\"Accueil\",\"item\":\"https:\\\/\\\/www.webdo.tn\\\/fr\\\/\"},{\"@type\":\"ListItem\",\"position\":2,\"name\":\"\u00ab\u00a0Fallujah\u00a0\u00bb : Concertations de haut niveau pour suspendre la diffusion !\"}]},{\"@type\":\"WebSite\",\"@id\":\"https:\\\/\\\/www.webdo.tn\\\/fr\\\/#website\",\"url\":\"https:\\\/\\\/www.webdo.tn\\\/fr\\\/\",\"name\":\"webdo\",\"description\":\"Tunisie - News en Tunisie et \u00e0 l&#039;international sur Webdo.tn\",\"publisher\":{\"@id\":\"https:\\\/\\\/www.webdo.tn\\\/fr\\\/#organization\"},\"potentialAction\":[{\"@type\":\"SearchAction\",\"target\":{\"@type\":\"EntryPoint\",\"urlTemplate\":\"https:\\\/\\\/www.webdo.tn\\\/fr\\\/?s={search_term_string}\"},\"query-input\":{\"@type\":\"PropertyValueSpecification\",\"valueRequired\":true,\"valueName\":\"search_term_string\"}}],\"inLanguage\":\"fr-FR\"},{\"@type\":\"Organization\",\"@id\":\"https:\\\/\\\/www.webdo.tn\\\/fr\\\/#organization\",\"name\":\"Webdo\",\"alternateName\":\"Webdo.tn\",\"url\":\"https:\\\/\\\/www.webdo.tn\\\/fr\\\/\",\"logo\":{\"@type\":\"ImageObject\",\"inLanguage\":\"fr-FR\",\"@id\":\"https:\\\/\\\/www.webdo.tn\\\/fr\\\/#\\\/schema\\\/logo\\\/image\\\/\",\"url\":\"https:\\\/\\\/www.webdo.tn\\\/fr\\\/wp-content\\\/uploads\\\/2025\\\/06\\\/Webdo-Tunisie_168377.jpg\",\"contentUrl\":\"https:\\\/\\\/www.webdo.tn\\\/fr\\\/wp-content\\\/uploads\\\/2025\\\/06\\\/Webdo-Tunisie_168377.jpg\",\"width\":301,\"height\":301,\"caption\":\"Webdo\"},\"image\":{\"@id\":\"https:\\\/\\\/www.webdo.tn\\\/fr\\\/#\\\/schema\\\/logo\\\/image\\\/\"},\"sameAs\":[\"https:\\\/\\\/www.facebook.com\\\/webdotn\",\"https:\\\/\\\/x.com\\\/webdo_tn\"],\"description\":\"Webdo est un m\u00e9dia num\u00e9rique tunisien fond\u00e9 en 2010, sp\u00e9cialis\u00e9 dans l\u2019actualit\u00e9 nationale et internationale, l\u2019\u00e9conomie, la soci\u00e9t\u00e9 et les analyses politiques. Le site s\u2019adresse \u00e0 un large public francophone et couvre l\u2019information tunisienne en temps r\u00e9el.\",\"email\":\"redac@webdo.tn\",\"legalName\":\"YNJ SARL\",\"foundingDate\":\"2010-09-06\",\"numberOfEmployees\":{\"@type\":\"QuantitativeValue\",\"minValue\":\"11\",\"maxValue\":\"50\"}},{\"@type\":\"Person\",\"@id\":\"https:\\\/\\\/www.webdo.tn\\\/fr\\\/#\\\/schema\\\/person\\\/f35b42a42c5e2511bbd282959d6385cc\",\"name\":\"CL\",\"image\":{\"@type\":\"ImageObject\",\"inLanguage\":\"fr-FR\",\"@id\":\"https:\\\/\\\/secure.gravatar.com\\\/avatar\\\/1447a49909b67aa657c488aec6512e1dd6143a480c1ecfee9b5b5cd74eb3b59e?s=96&d=mm&r=g\",\"url\":\"https:\\\/\\\/secure.gravatar.com\\\/avatar\\\/1447a49909b67aa657c488aec6512e1dd6143a480c1ecfee9b5b5cd74eb3b59e?s=96&d=mm&r=g\",\"contentUrl\":\"https:\\\/\\\/secure.gravatar.com\\\/avatar\\\/1447a49909b67aa657c488aec6512e1dd6143a480c1ecfee9b5b5cd74eb3b59e?s=96&d=mm&r=g\",\"caption\":\"CL\"},\"url\":\"https:\\\/\\\/www.webdo.tn\\\/fr\\\/actualite\\\/author\\\/cl\\\/\"}]}<\/script>\n<!-- \/ Yoast SEO Premium plugin. -->","yoast_head_json":{"title":"Fallujah : Concertations de haut niveau pour suspendre la diffusion !","description":"\u00ab Une mascarade \u00bb, c\u2019est ainsi que le ministre de l\u2019Education Mohamed Ali Boughdiri a qualifi\u00e9 le feuilleton controvers\u00e9 Fallujah .","canonical":"https:\/\/www.webdo.tn\/fr\/actualite\/national\/fallujah-des-concertations-de-haut-niveau-pour-suspendre-la-serie\/204224\/","og_locale":"fr_FR","og_type":"article","og_title":"\"Fallujah\" : Concertations de haut niveau pour suspendre la diffusion !","og_description":"\u00ab Une mascarade \u00bb, c\u2019est ainsi que le ministre de l\u2019Education Mohamed Ali Boughdiri a qualifi\u00e9 le feuilleton controvers\u00e9 Fallujah .","og_url":"https:\/\/www.webdo.tn\/fr\/actualite\/national\/fallujah-des-concertations-de-haut-niveau-pour-suspendre-la-serie\/204224\/","og_site_name":"webdo","article_publisher":"https:\/\/www.facebook.com\/webdotn","article_published_time":"2023-03-24T08:50:00+00:00","article_modified_time":"2025-05-20T22:49:39+00:00","og_image":[{"width":750,"height":400,"url":"https:\/\/www.webdo.tn\/fr\/wp-content\/uploads\/2023\/03\/39d1f6c826158835efd4b615c5c726d0.jpg","type":"image\/jpeg"}],"author":"CL","twitter_card":"summary_large_image","twitter_creator":"@webdo_tn","twitter_site":"@webdo_tn","twitter_misc":{"\u00c9crit par":"CL","Dur\u00e9e de lecture estim\u00e9e":"2 minutes"},"schema":{"@context":"https:\/\/schema.org","@graph":[{"@type":"NewsArticle","@id":"https:\/\/www.webdo.tn\/fr\/actualite\/national\/fallujah-des-concertations-de-haut-niveau-pour-suspendre-la-serie\/204224\/#article","isPartOf":{"@id":"https:\/\/www.webdo.tn\/fr\/actualite\/national\/fallujah-des-concertations-de-haut-niveau-pour-suspendre-la-serie\/204224\/"},"author":{"name":"CL","@id":"https:\/\/www.webdo.tn\/fr\/#\/schema\/person\/f35b42a42c5e2511bbd282959d6385cc"},"headline":"\u00ab\u00a0Fallujah\u00a0\u00bb : Concertations de haut niveau pour suspendre la diffusion !","datePublished":"2023-03-24T08:50:00+00:00","dateModified":"2025-05-20T22:49:39+00:00","mainEntityOfPage":{"@id":"https:\/\/www.webdo.tn\/fr\/actualite\/national\/fallujah-des-concertations-de-haut-niveau-pour-suspendre-la-serie\/204224\/"},"wordCount":360,"commentCount":0,"publisher":{"@id":"https:\/\/www.webdo.tn\/fr\/#organization"},"image":{"@id":"https:\/\/www.webdo.tn\/fr\/actualite\/national\/fallujah-des-concertations-de-haut-niveau-pour-suspendre-la-serie\/204224\/#primaryimage"},"thumbnailUrl":"https:\/\/www.webdo.tn\/fr\/wp-content\/uploads\/2023\/03\/39d1f6c826158835efd4b615c5c726d0.jpg","keywords":["Fallujah","S\u00e9rie","Tunisie"],"articleSection":["National"],"inLanguage":"fr-FR"},{"@type":"WebPage","@id":"https:\/\/www.webdo.tn\/fr\/actualite\/national\/fallujah-des-concertations-de-haut-niveau-pour-suspendre-la-serie\/204224\/","url":"https:\/\/www.webdo.tn\/fr\/actualite\/national\/fallujah-des-concertations-de-haut-niveau-pour-suspendre-la-serie\/204224\/","name":"Fallujah : Concertations de haut niveau pour suspendre la diffusion !","isPartOf":{"@id":"https:\/\/www.webdo.tn\/fr\/#website"},"primaryImageOfPage":{"@id":"https:\/\/www.webdo.tn\/fr\/actualite\/national\/fallujah-des-concertations-de-haut-niveau-pour-suspendre-la-serie\/204224\/#primaryimage"},"image":{"@id":"https:\/\/www.webdo.tn\/fr\/actualite\/national\/fallujah-des-concertations-de-haut-niveau-pour-suspendre-la-serie\/204224\/#primaryimage"},"thumbnailUrl":"https:\/\/www.webdo.tn\/fr\/wp-content\/uploads\/2023\/03\/39d1f6c826158835efd4b615c5c726d0.jpg","datePublished":"2023-03-24T08:50:00+00:00","dateModified":"2025-05-20T22:49:39+00:00","description":"\u00ab Une mascarade \u00bb, c\u2019est ainsi que le ministre de l\u2019Education Mohamed Ali Boughdiri a qualifi\u00e9 le feuilleton controvers\u00e9 Fallujah .","breadcrumb":{"@id":"https:\/\/www.webdo.tn\/fr\/actualite\/national\/fallujah-des-concertations-de-haut-niveau-pour-suspendre-la-serie\/204224\/#breadcrumb"},"inLanguage":"fr-FR","potentialAction":[{"@type":"ReadAction","target":["https:\/\/www.webdo.tn\/fr\/actualite\/national\/fallujah-des-concertations-de-haut-niveau-pour-suspendre-la-serie\/204224\/"]}]},{"@type":"ImageObject","inLanguage":"fr-FR","@id":"https:\/\/www.webdo.tn\/fr\/actualite\/national\/fallujah-des-concertations-de-haut-niveau-pour-suspendre-la-serie\/204224\/#primaryimage","url":"https:\/\/www.webdo.tn\/fr\/wp-content\/uploads\/2023\/03\/39d1f6c826158835efd4b615c5c726d0.jpg","contentUrl":"https:\/\/www.webdo.tn\/fr\/wp-content\/uploads\/2023\/03\/39d1f6c826158835efd4b615c5c726d0.jpg","width":750,"height":400,"caption":"Saied Bouden"},{"@type":"BreadcrumbList","@id":"https:\/\/www.webdo.tn\/fr\/actualite\/national\/fallujah-des-concertations-de-haut-niveau-pour-suspendre-la-serie\/204224\/#breadcrumb","itemListElement":[{"@type":"ListItem","position":1,"name":"Accueil","item":"https:\/\/www.webdo.tn\/fr\/"},{"@type":"ListItem","position":2,"name":"\u00ab\u00a0Fallujah\u00a0\u00bb : Concertations de haut niveau pour suspendre la diffusion !"}]},{"@type":"WebSite","@id":"https:\/\/www.webdo.tn\/fr\/#website","url":"https:\/\/www.webdo.tn\/fr\/","name":"webdo","description":"Tunisie - News en Tunisie et \u00e0 l&#039;international sur Webdo.tn","publisher":{"@id":"https:\/\/www.webdo.tn\/fr\/#organization"},"potentialAction":[{"@type":"SearchAction","target":{"@type":"EntryPoint","urlTemplate":"https:\/\/www.webdo.tn\/fr\/?s={search_term_string}"},"query-input":{"@type":"PropertyValueSpecification","valueRequired":true,"valueName":"search_term_string"}}],"inLanguage":"fr-FR"},{"@type":"Organization","@id":"https:\/\/www.webdo.tn\/fr\/#organization","name":"Webdo","alternateName":"Webdo.tn","url":"https:\/\/www.webdo.tn\/fr\/","logo":{"@type":"ImageObject","inLanguage":"fr-FR","@id":"https:\/\/www.webdo.tn\/fr\/#\/schema\/logo\/image\/","url":"https:\/\/www.webdo.tn\/fr\/wp-content\/uploads\/2025\/06\/Webdo-Tunisie_168377.jpg","contentUrl":"https:\/\/www.webdo.tn\/fr\/wp-content\/uploads\/2025\/06\/Webdo-Tunisie_168377.jpg","width":301,"height":301,"caption":"Webdo"},"image":{"@id":"https:\/\/www.webdo.tn\/fr\/#\/schema\/logo\/image\/"},"sameAs":["https:\/\/www.facebook.com\/webdotn","https:\/\/x.com\/webdo_tn"],"description":"Webdo est un m\u00e9dia num\u00e9rique tunisien fond\u00e9 en 2010, sp\u00e9cialis\u00e9 dans l\u2019actualit\u00e9 nationale et internationale, l\u2019\u00e9conomie, la soci\u00e9t\u00e9 et les analyses politiques. Le site s\u2019adresse \u00e0 un large public francophone et couvre l\u2019information tunisienne en temps r\u00e9el.","email":"redac@webdo.tn","legalName":"YNJ SARL","foundingDate":"2010-09-06","numberOfEmployees":{"@type":"QuantitativeValue","minValue":"11","maxValue":"50"}},{"@type":"Person","@id":"https:\/\/www.webdo.tn\/fr\/#\/schema\/person\/f35b42a42c5e2511bbd282959d6385cc","name":"CL","image":{"@type":"ImageObject","inLanguage":"fr-FR","@id":"https:\/\/secure.gravatar.com\/avatar\/1447a49909b67aa657c488aec6512e1dd6143a480c1ecfee9b5b5cd74eb3b59e?s=96&d=mm&r=g","url":"https:\/\/secure.gravatar.com\/avatar\/1447a49909b67aa657c488aec6512e1dd6143a480c1ecfee9b5b5cd74eb3b59e?s=96&d=mm&r=g","contentUrl":"https:\/\/secure.gravatar.com\/avatar\/1447a49909b67aa657c488aec6512e1dd6143a480c1ecfee9b5b5cd74eb3b59e?s=96&d=mm&r=g","caption":"CL"},"url":"https:\/\/www.webdo.tn\/fr\/actualite\/author\/cl\/"}]}},"_links":{"self":[{"href":"https:\/\/www.webdo.tn\/fr\/wp-json\/wp\/v2\/posts\/204224","targetHints":{"allow":["GET"]}}],"collection":[{"href":"https:\/\/www.webdo.tn\/fr\/wp-json\/wp\/v2\/posts"}],"about":[{"href":"https:\/\/www.webdo.tn\/fr\/wp-json\/wp\/v2\/types\/post"}],"author":[{"embeddable":true,"href":"https:\/\/www.webdo.tn\/fr\/wp-json\/wp\/v2\/users\/3175"}],"replies":[{"embeddable":true,"href":"https:\/\/www.webdo.tn\/fr\/wp-json\/wp\/v2\/comments?post=204224"}],"version-history":[{"count":0,"href":"https:\/\/www.webdo.tn\/fr\/wp-json\/wp\/v2\/posts\/204224\/revisions"}],"wp:featuredmedia":[{"embeddable":true,"href":"https:\/\/www.webdo.tn\/fr\/wp-json\/wp\/v2\/media\/277948"}],"wp:attachment":[{"href":"https:\/\/www.webdo.tn\/fr\/wp-json\/wp\/v2\/media?parent=204224"}],"wp:term":[{"taxonomy":"category","embeddable":true,"href":"https:\/\/www.webdo.tn\/fr\/wp-json\/wp\/v2\/categories?post=204224"},{"taxonomy":"post_tag","embeddable":true,"href":"https:\/\/www.webdo.tn\/fr\/wp-json\/wp\/v2\/tags?post=204224"}],"curies":[{"name":"wp","href":"https:\/\/api.w.org\/{rel}","templated":true}]}}