{"id":204222,"date":"2023-03-24T07:54:00","date_gmt":"2023-03-24T07:54:00","guid":{"rendered":"https:\/\/www.webdo.tn\/fr\/blog\/fellujjah-yaacoubi-evoque-un-contrat-signe-avec-le-ministere-de-l-education\/204222\/"},"modified":"2025-05-20T22:49:39","modified_gmt":"2025-05-20T22:49:39","slug":"fellujjah-yaacoubi-evoque-un-contrat-signe-avec-le-ministere-de-l-education","status":"publish","type":"post","link":"https:\/\/www.webdo.tn\/fr\/actualite\/national\/fellujjah-yaacoubi-evoque-un-contrat-signe-avec-le-ministere-de-l-education\/204222\/","title":{"rendered":"\u00ab\u00a0Fallujah\u00a0\u00bb : Yaacoubi \u00e9voque un contrat sign\u00e9 par le minist\u00e8re de l\u2019Education"},"content":{"rendered":"<p>D\u00e8s le premier \u00e9pisode, le feuilleton \u00ab\u00a0Fallujah\u00a0\u00bb diffus\u00e9 sur Elhiwar Ettounssi suscite la pol\u00e9mique. Et pour cause, des sc\u00e8nes jug\u00e9es inappropri\u00e9es.<\/p>\n<p>\t\t\t\t\t\t\t\t\tLe secr\u00e9taire g\u00e9n\u00e9ral de la F\u00e9d\u00e9ration de l&rsquo;Enseignement secondaire, Lassa\u00e2d Yaacoubi, a comment\u00e9, dans un post Facebook, la pol\u00e9mique suscit\u00e9e, affirmant que le minist\u00e8re de l\u2019Education a approuv\u00e9 cette s\u00e9rie.<\/p>\n<p>Il a r\u00e9v\u00e9l\u00e9 que la chaine en question a sign\u00e9 un contrat avec le minist\u00e8re de l\u2019Education pour autoriser le tournage dans le lyc\u00e9e de Rad\u00e8s, en \u00e9change d&rsquo;un don de \u00ab quelques meubles des d\u00e9cors utilis\u00e9s \u00bb.\u00a0<\/p>\n<p>\u00ab\u00a0On a averti l\u2019ancien ministre de l&rsquo;Education Fathi Slaouti et il s&rsquo;est av\u00e9r\u00e9 qu&rsquo;il n&rsquo;\u00e9tait pas au courant du contrat et que ses services ont sign\u00e9 l&rsquo;accord, sans l&rsquo;en informer \u00bb, a-t-il dit.\u00a0<\/p>\n<p>Et d\u2019ajouter que le feuilleton sera soumis au contr\u00f4le du minist\u00e8re et que le syndicat va s&rsquo;orienter vers la HAICA, pour interdire sa diffusion.\u00a0<\/p>\n<p>Le premier \u00e9pisode du feuilleton El-Falouja diffus\u00e9 sur la chaine Elhiwar Ettousi fait d\u00e9j\u00e0 pol\u00e9mique. Et pour cause, des sc\u00e8nes jug\u00e9es inappropri\u00e9es par des sp\u00e9cialistes.\u00a0<\/p>\n<p>Visiblement inspir\u00e9 des s\u00e9ries occidentales, le feuilleton raconte, jusque-l\u00e0, le quotidien de lyc\u00e9ens. Sauf que le comportement de ces derniers avec leur nouvelle enseignante marque des sc\u00e8nes peu ordinaires et fait fi du prestige du cadre enseignant.\u00a0<\/p>\n<p>D\u2019ailleurs, le juge Omar Oueslati a rapidement r\u00e9agi \u00e0 ce premier \u00e9pisode, il appelle meme \u00e0 \u00e9viter de consommer ce feuilleton.\u00a0<\/p>\n<p>\u00ab Les enfants doivent etre interdits de regarder ce feuilleton au vu des sc\u00e8nes extr\u00eamement dangereuses \u00bb, a-t-il post\u00e9.<\/p>\n","protected":false},"excerpt":{"rendered":"<p>D\u00e8s le premier \u00e9pisode, le feuilleton  Fallujah  diffus\u00e9 sur Elhiwar Ettounssi suscite la pol\u00e9mique. Et pour cause, des sc\u00e8nes jug\u00e9es inappropri\u00e9es.<\/p>\n","protected":false},"author":3175,"featured_media":277946,"comment_status":"open","ping_status":"closed","sticky":false,"template":"","format":"standard","meta":{"footnotes":""},"categories":[44],"tags":[3832,2608],"class_list":["post-204222","post","type-post","status-publish","format-standard","has-post-thumbnail","hentry","category-national","tag-serie","tag-tunisie"],"yoast_head":"<!-- This site is optimized with the Yoast SEO Premium plugin v27.5 (Yoast SEO v27.5) - https:\/\/yoast.com\/product\/yoast-seo-premium-wordpress\/ -->\n<title>Fallujah : Yaacoubi \u00e9voque un contrat sign\u00e9 par le minist\u00e8re de l\u2019Education<\/title>\n<meta name=\"description\" content=\"D\u00e8s le premier \u00e9pisode, le feuilleton Fallujah diffus\u00e9 sur Elhiwar Ettounssi suscite la pol\u00e9mique. Et pour cause, des sc\u00e8nes jug\u00e9es inappropri\u00e9es.\" \/>\n<link rel=\"canonical\" href=\"https:\/\/www.webdo.tn\/fr\/actualite\/national\/fellujjah-yaacoubi-evoque-un-contrat-signe-avec-le-ministere-de-l-education\/204222\/\" \/>\n<meta property=\"og:locale\" content=\"fr_FR\" \/>\n<meta property=\"og:type\" content=\"article\" \/>\n<meta property=\"og:title\" content=\"&quot;Fallujah&quot; : Yaacoubi \u00e9voque un contrat sign\u00e9 par le minist\u00e8re de l\u2019Education\" \/>\n<meta property=\"og:description\" content=\"D\u00e8s le premier \u00e9pisode, le feuilleton Fallujah diffus\u00e9 sur Elhiwar Ettounssi suscite la pol\u00e9mique. Et pour cause, des sc\u00e8nes jug\u00e9es inappropri\u00e9es.\" \/>\n<meta property=\"og:url\" content=\"https:\/\/www.webdo.tn\/fr\/actualite\/national\/fellujjah-yaacoubi-evoque-un-contrat-signe-avec-le-ministere-de-l-education\/204222\/\" \/>\n<meta property=\"og:site_name\" content=\"webdo\" \/>\n<meta property=\"article:publisher\" content=\"https:\/\/www.facebook.com\/webdotn\" \/>\n<meta property=\"article:published_time\" content=\"2023-03-24T07:54:00+00:00\" \/>\n<meta property=\"article:modified_time\" content=\"2025-05-20T22:49:39+00:00\" \/>\n<meta property=\"og:image\" content=\"https:\/\/www.webdo.tn\/fr\/wp-content\/uploads\/2023\/03\/97547872711e048c5f526e807fceaf96.jpg\" \/>\n\t<meta property=\"og:image:width\" content=\"710\" \/>\n\t<meta property=\"og:image:height\" content=\"379\" \/>\n\t<meta property=\"og:image:type\" content=\"image\/jpeg\" \/>\n<meta name=\"author\" content=\"CL\" \/>\n<meta name=\"twitter:card\" content=\"summary_large_image\" \/>\n<meta name=\"twitter:creator\" content=\"@webdo_tn\" \/>\n<meta name=\"twitter:site\" content=\"@webdo_tn\" \/>\n<meta name=\"twitter:label1\" content=\"\u00c9crit par\" \/>\n\t<meta name=\"twitter:data1\" content=\"CL\" \/>\n\t<meta name=\"twitter:label2\" content=\"Dur\u00e9e de lecture estim\u00e9e\" \/>\n\t<meta name=\"twitter:data2\" content=\"1 minute\" \/>\n<script type=\"application\/ld+json\" class=\"yoast-schema-graph\">{\"@context\":\"https:\\\/\\\/schema.org\",\"@graph\":[{\"@type\":\"NewsArticle\",\"@id\":\"https:\\\/\\\/www.webdo.tn\\\/fr\\\/actualite\\\/national\\\/fellujjah-yaacoubi-evoque-un-contrat-signe-avec-le-ministere-de-l-education\\\/204222\\\/#article\",\"isPartOf\":{\"@id\":\"https:\\\/\\\/www.webdo.tn\\\/fr\\\/actualite\\\/national\\\/fellujjah-yaacoubi-evoque-un-contrat-signe-avec-le-ministere-de-l-education\\\/204222\\\/\"},\"author\":{\"name\":\"CL\",\"@id\":\"https:\\\/\\\/www.webdo.tn\\\/fr\\\/#\\\/schema\\\/person\\\/f35b42a42c5e2511bbd282959d6385cc\"},\"headline\":\"\u00ab\u00a0Fallujah\u00a0\u00bb : Yaacoubi \u00e9voque un contrat sign\u00e9 par le minist\u00e8re de l\u2019Education\",\"datePublished\":\"2023-03-24T07:54:00+00:00\",\"dateModified\":\"2025-05-20T22:49:39+00:00\",\"mainEntityOfPage\":{\"@id\":\"https:\\\/\\\/www.webdo.tn\\\/fr\\\/actualite\\\/national\\\/fellujjah-yaacoubi-evoque-un-contrat-signe-avec-le-ministere-de-l-education\\\/204222\\\/\"},\"wordCount\":305,\"commentCount\":0,\"publisher\":{\"@id\":\"https:\\\/\\\/www.webdo.tn\\\/fr\\\/#organization\"},\"image\":{\"@id\":\"https:\\\/\\\/www.webdo.tn\\\/fr\\\/actualite\\\/national\\\/fellujjah-yaacoubi-evoque-un-contrat-signe-avec-le-ministere-de-l-education\\\/204222\\\/#primaryimage\"},\"thumbnailUrl\":\"https:\\\/\\\/www.webdo.tn\\\/fr\\\/wp-content\\\/uploads\\\/2023\\\/03\\\/97547872711e048c5f526e807fceaf96.jpg\",\"keywords\":[\"S\u00e9rie\",\"Tunisie\"],\"articleSection\":[\"National\"],\"inLanguage\":\"fr-FR\"},{\"@type\":\"WebPage\",\"@id\":\"https:\\\/\\\/www.webdo.tn\\\/fr\\\/actualite\\\/national\\\/fellujjah-yaacoubi-evoque-un-contrat-signe-avec-le-ministere-de-l-education\\\/204222\\\/\",\"url\":\"https:\\\/\\\/www.webdo.tn\\\/fr\\\/actualite\\\/national\\\/fellujjah-yaacoubi-evoque-un-contrat-signe-avec-le-ministere-de-l-education\\\/204222\\\/\",\"name\":\"Fallujah : Yaacoubi \u00e9voque un contrat sign\u00e9 par le minist\u00e8re de l\u2019Education\",\"isPartOf\":{\"@id\":\"https:\\\/\\\/www.webdo.tn\\\/fr\\\/#website\"},\"primaryImageOfPage\":{\"@id\":\"https:\\\/\\\/www.webdo.tn\\\/fr\\\/actualite\\\/national\\\/fellujjah-yaacoubi-evoque-un-contrat-signe-avec-le-ministere-de-l-education\\\/204222\\\/#primaryimage\"},\"image\":{\"@id\":\"https:\\\/\\\/www.webdo.tn\\\/fr\\\/actualite\\\/national\\\/fellujjah-yaacoubi-evoque-un-contrat-signe-avec-le-ministere-de-l-education\\\/204222\\\/#primaryimage\"},\"thumbnailUrl\":\"https:\\\/\\\/www.webdo.tn\\\/fr\\\/wp-content\\\/uploads\\\/2023\\\/03\\\/97547872711e048c5f526e807fceaf96.jpg\",\"datePublished\":\"2023-03-24T07:54:00+00:00\",\"dateModified\":\"2025-05-20T22:49:39+00:00\",\"description\":\"D\u00e8s le premier \u00e9pisode, le feuilleton Fallujah diffus\u00e9 sur Elhiwar Ettounssi suscite la pol\u00e9mique. Et pour cause, des sc\u00e8nes jug\u00e9es inappropri\u00e9es.\",\"breadcrumb\":{\"@id\":\"https:\\\/\\\/www.webdo.tn\\\/fr\\\/actualite\\\/national\\\/fellujjah-yaacoubi-evoque-un-contrat-signe-avec-le-ministere-de-l-education\\\/204222\\\/#breadcrumb\"},\"inLanguage\":\"fr-FR\",\"potentialAction\":[{\"@type\":\"ReadAction\",\"target\":[\"https:\\\/\\\/www.webdo.tn\\\/fr\\\/actualite\\\/national\\\/fellujjah-yaacoubi-evoque-un-contrat-signe-avec-le-ministere-de-l-education\\\/204222\\\/\"]}]},{\"@type\":\"ImageObject\",\"inLanguage\":\"fr-FR\",\"@id\":\"https:\\\/\\\/www.webdo.tn\\\/fr\\\/actualite\\\/national\\\/fellujjah-yaacoubi-evoque-un-contrat-signe-avec-le-ministere-de-l-education\\\/204222\\\/#primaryimage\",\"url\":\"https:\\\/\\\/www.webdo.tn\\\/fr\\\/wp-content\\\/uploads\\\/2023\\\/03\\\/97547872711e048c5f526e807fceaf96.jpg\",\"contentUrl\":\"https:\\\/\\\/www.webdo.tn\\\/fr\\\/wp-content\\\/uploads\\\/2023\\\/03\\\/97547872711e048c5f526e807fceaf96.jpg\",\"width\":710,\"height\":379,\"caption\":\"Laassad Yaacoubi\"},{\"@type\":\"BreadcrumbList\",\"@id\":\"https:\\\/\\\/www.webdo.tn\\\/fr\\\/actualite\\\/national\\\/fellujjah-yaacoubi-evoque-un-contrat-signe-avec-le-ministere-de-l-education\\\/204222\\\/#breadcrumb\",\"itemListElement\":[{\"@type\":\"ListItem\",\"position\":1,\"name\":\"Accueil\",\"item\":\"https:\\\/\\\/www.webdo.tn\\\/fr\\\/\"},{\"@type\":\"ListItem\",\"position\":2,\"name\":\"\u00ab\u00a0Fallujah\u00a0\u00bb : Yaacoubi \u00e9voque un contrat sign\u00e9 par le minist\u00e8re de l\u2019Education\"}]},{\"@type\":\"WebSite\",\"@id\":\"https:\\\/\\\/www.webdo.tn\\\/fr\\\/#website\",\"url\":\"https:\\\/\\\/www.webdo.tn\\\/fr\\\/\",\"name\":\"webdo\",\"description\":\"Tunisie - News en Tunisie et \u00e0 l&#039;international sur Webdo.tn\",\"publisher\":{\"@id\":\"https:\\\/\\\/www.webdo.tn\\\/fr\\\/#organization\"},\"potentialAction\":[{\"@type\":\"SearchAction\",\"target\":{\"@type\":\"EntryPoint\",\"urlTemplate\":\"https:\\\/\\\/www.webdo.tn\\\/fr\\\/?s={search_term_string}\"},\"query-input\":{\"@type\":\"PropertyValueSpecification\",\"valueRequired\":true,\"valueName\":\"search_term_string\"}}],\"inLanguage\":\"fr-FR\"},{\"@type\":\"Organization\",\"@id\":\"https:\\\/\\\/www.webdo.tn\\\/fr\\\/#organization\",\"name\":\"Webdo\",\"alternateName\":\"Webdo.tn\",\"url\":\"https:\\\/\\\/www.webdo.tn\\\/fr\\\/\",\"logo\":{\"@type\":\"ImageObject\",\"inLanguage\":\"fr-FR\",\"@id\":\"https:\\\/\\\/www.webdo.tn\\\/fr\\\/#\\\/schema\\\/logo\\\/image\\\/\",\"url\":\"https:\\\/\\\/www.webdo.tn\\\/fr\\\/wp-content\\\/uploads\\\/2025\\\/06\\\/Webdo-Tunisie_168377.jpg\",\"contentUrl\":\"https:\\\/\\\/www.webdo.tn\\\/fr\\\/wp-content\\\/uploads\\\/2025\\\/06\\\/Webdo-Tunisie_168377.jpg\",\"width\":301,\"height\":301,\"caption\":\"Webdo\"},\"image\":{\"@id\":\"https:\\\/\\\/www.webdo.tn\\\/fr\\\/#\\\/schema\\\/logo\\\/image\\\/\"},\"sameAs\":[\"https:\\\/\\\/www.facebook.com\\\/webdotn\",\"https:\\\/\\\/x.com\\\/webdo_tn\"],\"description\":\"Webdo est un m\u00e9dia num\u00e9rique tunisien fond\u00e9 en 2010, sp\u00e9cialis\u00e9 dans l\u2019actualit\u00e9 nationale et internationale, l\u2019\u00e9conomie, la soci\u00e9t\u00e9 et les analyses politiques. Le site s\u2019adresse \u00e0 un large public francophone et couvre l\u2019information tunisienne en temps r\u00e9el.\",\"email\":\"redac@webdo.tn\",\"legalName\":\"YNJ SARL\",\"foundingDate\":\"2010-09-06\",\"numberOfEmployees\":{\"@type\":\"QuantitativeValue\",\"minValue\":\"11\",\"maxValue\":\"50\"}},{\"@type\":\"Person\",\"@id\":\"https:\\\/\\\/www.webdo.tn\\\/fr\\\/#\\\/schema\\\/person\\\/f35b42a42c5e2511bbd282959d6385cc\",\"name\":\"CL\",\"image\":{\"@type\":\"ImageObject\",\"inLanguage\":\"fr-FR\",\"@id\":\"https:\\\/\\\/secure.gravatar.com\\\/avatar\\\/1447a49909b67aa657c488aec6512e1dd6143a480c1ecfee9b5b5cd74eb3b59e?s=96&d=mm&r=g\",\"url\":\"https:\\\/\\\/secure.gravatar.com\\\/avatar\\\/1447a49909b67aa657c488aec6512e1dd6143a480c1ecfee9b5b5cd74eb3b59e?s=96&d=mm&r=g\",\"contentUrl\":\"https:\\\/\\\/secure.gravatar.com\\\/avatar\\\/1447a49909b67aa657c488aec6512e1dd6143a480c1ecfee9b5b5cd74eb3b59e?s=96&d=mm&r=g\",\"caption\":\"CL\"},\"url\":\"https:\\\/\\\/www.webdo.tn\\\/fr\\\/actualite\\\/author\\\/cl\\\/\"}]}<\/script>\n<!-- \/ Yoast SEO Premium plugin. -->","yoast_head_json":{"title":"Fallujah : Yaacoubi \u00e9voque un contrat sign\u00e9 par le minist\u00e8re de l\u2019Education","description":"D\u00e8s le premier \u00e9pisode, le feuilleton Fallujah diffus\u00e9 sur Elhiwar Ettounssi suscite la pol\u00e9mique. Et pour cause, des sc\u00e8nes jug\u00e9es inappropri\u00e9es.","canonical":"https:\/\/www.webdo.tn\/fr\/actualite\/national\/fellujjah-yaacoubi-evoque-un-contrat-signe-avec-le-ministere-de-l-education\/204222\/","og_locale":"fr_FR","og_type":"article","og_title":"\"Fallujah\" : Yaacoubi \u00e9voque un contrat sign\u00e9 par le minist\u00e8re de l\u2019Education","og_description":"D\u00e8s le premier \u00e9pisode, le feuilleton Fallujah diffus\u00e9 sur Elhiwar Ettounssi suscite la pol\u00e9mique. Et pour cause, des sc\u00e8nes jug\u00e9es inappropri\u00e9es.","og_url":"https:\/\/www.webdo.tn\/fr\/actualite\/national\/fellujjah-yaacoubi-evoque-un-contrat-signe-avec-le-ministere-de-l-education\/204222\/","og_site_name":"webdo","article_publisher":"https:\/\/www.facebook.com\/webdotn","article_published_time":"2023-03-24T07:54:00+00:00","article_modified_time":"2025-05-20T22:49:39+00:00","og_image":[{"width":710,"height":379,"url":"https:\/\/www.webdo.tn\/fr\/wp-content\/uploads\/2023\/03\/97547872711e048c5f526e807fceaf96.jpg","type":"image\/jpeg"}],"author":"CL","twitter_card":"summary_large_image","twitter_creator":"@webdo_tn","twitter_site":"@webdo_tn","twitter_misc":{"\u00c9crit par":"CL","Dur\u00e9e de lecture estim\u00e9e":"1 minute"},"schema":{"@context":"https:\/\/schema.org","@graph":[{"@type":"NewsArticle","@id":"https:\/\/www.webdo.tn\/fr\/actualite\/national\/fellujjah-yaacoubi-evoque-un-contrat-signe-avec-le-ministere-de-l-education\/204222\/#article","isPartOf":{"@id":"https:\/\/www.webdo.tn\/fr\/actualite\/national\/fellujjah-yaacoubi-evoque-un-contrat-signe-avec-le-ministere-de-l-education\/204222\/"},"author":{"name":"CL","@id":"https:\/\/www.webdo.tn\/fr\/#\/schema\/person\/f35b42a42c5e2511bbd282959d6385cc"},"headline":"\u00ab\u00a0Fallujah\u00a0\u00bb : Yaacoubi \u00e9voque un contrat sign\u00e9 par le minist\u00e8re de l\u2019Education","datePublished":"2023-03-24T07:54:00+00:00","dateModified":"2025-05-20T22:49:39+00:00","mainEntityOfPage":{"@id":"https:\/\/www.webdo.tn\/fr\/actualite\/national\/fellujjah-yaacoubi-evoque-un-contrat-signe-avec-le-ministere-de-l-education\/204222\/"},"wordCount":305,"commentCount":0,"publisher":{"@id":"https:\/\/www.webdo.tn\/fr\/#organization"},"image":{"@id":"https:\/\/www.webdo.tn\/fr\/actualite\/national\/fellujjah-yaacoubi-evoque-un-contrat-signe-avec-le-ministere-de-l-education\/204222\/#primaryimage"},"thumbnailUrl":"https:\/\/www.webdo.tn\/fr\/wp-content\/uploads\/2023\/03\/97547872711e048c5f526e807fceaf96.jpg","keywords":["S\u00e9rie","Tunisie"],"articleSection":["National"],"inLanguage":"fr-FR"},{"@type":"WebPage","@id":"https:\/\/www.webdo.tn\/fr\/actualite\/national\/fellujjah-yaacoubi-evoque-un-contrat-signe-avec-le-ministere-de-l-education\/204222\/","url":"https:\/\/www.webdo.tn\/fr\/actualite\/national\/fellujjah-yaacoubi-evoque-un-contrat-signe-avec-le-ministere-de-l-education\/204222\/","name":"Fallujah : Yaacoubi \u00e9voque un contrat sign\u00e9 par le minist\u00e8re de l\u2019Education","isPartOf":{"@id":"https:\/\/www.webdo.tn\/fr\/#website"},"primaryImageOfPage":{"@id":"https:\/\/www.webdo.tn\/fr\/actualite\/national\/fellujjah-yaacoubi-evoque-un-contrat-signe-avec-le-ministere-de-l-education\/204222\/#primaryimage"},"image":{"@id":"https:\/\/www.webdo.tn\/fr\/actualite\/national\/fellujjah-yaacoubi-evoque-un-contrat-signe-avec-le-ministere-de-l-education\/204222\/#primaryimage"},"thumbnailUrl":"https:\/\/www.webdo.tn\/fr\/wp-content\/uploads\/2023\/03\/97547872711e048c5f526e807fceaf96.jpg","datePublished":"2023-03-24T07:54:00+00:00","dateModified":"2025-05-20T22:49:39+00:00","description":"D\u00e8s le premier \u00e9pisode, le feuilleton Fallujah diffus\u00e9 sur Elhiwar Ettounssi suscite la pol\u00e9mique. Et pour cause, des sc\u00e8nes jug\u00e9es inappropri\u00e9es.","breadcrumb":{"@id":"https:\/\/www.webdo.tn\/fr\/actualite\/national\/fellujjah-yaacoubi-evoque-un-contrat-signe-avec-le-ministere-de-l-education\/204222\/#breadcrumb"},"inLanguage":"fr-FR","potentialAction":[{"@type":"ReadAction","target":["https:\/\/www.webdo.tn\/fr\/actualite\/national\/fellujjah-yaacoubi-evoque-un-contrat-signe-avec-le-ministere-de-l-education\/204222\/"]}]},{"@type":"ImageObject","inLanguage":"fr-FR","@id":"https:\/\/www.webdo.tn\/fr\/actualite\/national\/fellujjah-yaacoubi-evoque-un-contrat-signe-avec-le-ministere-de-l-education\/204222\/#primaryimage","url":"https:\/\/www.webdo.tn\/fr\/wp-content\/uploads\/2023\/03\/97547872711e048c5f526e807fceaf96.jpg","contentUrl":"https:\/\/www.webdo.tn\/fr\/wp-content\/uploads\/2023\/03\/97547872711e048c5f526e807fceaf96.jpg","width":710,"height":379,"caption":"Laassad Yaacoubi"},{"@type":"BreadcrumbList","@id":"https:\/\/www.webdo.tn\/fr\/actualite\/national\/fellujjah-yaacoubi-evoque-un-contrat-signe-avec-le-ministere-de-l-education\/204222\/#breadcrumb","itemListElement":[{"@type":"ListItem","position":1,"name":"Accueil","item":"https:\/\/www.webdo.tn\/fr\/"},{"@type":"ListItem","position":2,"name":"\u00ab\u00a0Fallujah\u00a0\u00bb : Yaacoubi \u00e9voque un contrat sign\u00e9 par le minist\u00e8re de l\u2019Education"}]},{"@type":"WebSite","@id":"https:\/\/www.webdo.tn\/fr\/#website","url":"https:\/\/www.webdo.tn\/fr\/","name":"webdo","description":"Tunisie - News en Tunisie et \u00e0 l&#039;international sur Webdo.tn","publisher":{"@id":"https:\/\/www.webdo.tn\/fr\/#organization"},"potentialAction":[{"@type":"SearchAction","target":{"@type":"EntryPoint","urlTemplate":"https:\/\/www.webdo.tn\/fr\/?s={search_term_string}"},"query-input":{"@type":"PropertyValueSpecification","valueRequired":true,"valueName":"search_term_string"}}],"inLanguage":"fr-FR"},{"@type":"Organization","@id":"https:\/\/www.webdo.tn\/fr\/#organization","name":"Webdo","alternateName":"Webdo.tn","url":"https:\/\/www.webdo.tn\/fr\/","logo":{"@type":"ImageObject","inLanguage":"fr-FR","@id":"https:\/\/www.webdo.tn\/fr\/#\/schema\/logo\/image\/","url":"https:\/\/www.webdo.tn\/fr\/wp-content\/uploads\/2025\/06\/Webdo-Tunisie_168377.jpg","contentUrl":"https:\/\/www.webdo.tn\/fr\/wp-content\/uploads\/2025\/06\/Webdo-Tunisie_168377.jpg","width":301,"height":301,"caption":"Webdo"},"image":{"@id":"https:\/\/www.webdo.tn\/fr\/#\/schema\/logo\/image\/"},"sameAs":["https:\/\/www.facebook.com\/webdotn","https:\/\/x.com\/webdo_tn"],"description":"Webdo est un m\u00e9dia num\u00e9rique tunisien fond\u00e9 en 2010, sp\u00e9cialis\u00e9 dans l\u2019actualit\u00e9 nationale et internationale, l\u2019\u00e9conomie, la soci\u00e9t\u00e9 et les analyses politiques. Le site s\u2019adresse \u00e0 un large public francophone et couvre l\u2019information tunisienne en temps r\u00e9el.","email":"redac@webdo.tn","legalName":"YNJ SARL","foundingDate":"2010-09-06","numberOfEmployees":{"@type":"QuantitativeValue","minValue":"11","maxValue":"50"}},{"@type":"Person","@id":"https:\/\/www.webdo.tn\/fr\/#\/schema\/person\/f35b42a42c5e2511bbd282959d6385cc","name":"CL","image":{"@type":"ImageObject","inLanguage":"fr-FR","@id":"https:\/\/secure.gravatar.com\/avatar\/1447a49909b67aa657c488aec6512e1dd6143a480c1ecfee9b5b5cd74eb3b59e?s=96&d=mm&r=g","url":"https:\/\/secure.gravatar.com\/avatar\/1447a49909b67aa657c488aec6512e1dd6143a480c1ecfee9b5b5cd74eb3b59e?s=96&d=mm&r=g","contentUrl":"https:\/\/secure.gravatar.com\/avatar\/1447a49909b67aa657c488aec6512e1dd6143a480c1ecfee9b5b5cd74eb3b59e?s=96&d=mm&r=g","caption":"CL"},"url":"https:\/\/www.webdo.tn\/fr\/actualite\/author\/cl\/"}]}},"_links":{"self":[{"href":"https:\/\/www.webdo.tn\/fr\/wp-json\/wp\/v2\/posts\/204222","targetHints":{"allow":["GET"]}}],"collection":[{"href":"https:\/\/www.webdo.tn\/fr\/wp-json\/wp\/v2\/posts"}],"about":[{"href":"https:\/\/www.webdo.tn\/fr\/wp-json\/wp\/v2\/types\/post"}],"author":[{"embeddable":true,"href":"https:\/\/www.webdo.tn\/fr\/wp-json\/wp\/v2\/users\/3175"}],"replies":[{"embeddable":true,"href":"https:\/\/www.webdo.tn\/fr\/wp-json\/wp\/v2\/comments?post=204222"}],"version-history":[{"count":0,"href":"https:\/\/www.webdo.tn\/fr\/wp-json\/wp\/v2\/posts\/204222\/revisions"}],"wp:featuredmedia":[{"embeddable":true,"href":"https:\/\/www.webdo.tn\/fr\/wp-json\/wp\/v2\/media\/277946"}],"wp:attachment":[{"href":"https:\/\/www.webdo.tn\/fr\/wp-json\/wp\/v2\/media?parent=204222"}],"wp:term":[{"taxonomy":"category","embeddable":true,"href":"https:\/\/www.webdo.tn\/fr\/wp-json\/wp\/v2\/categories?post=204222"},{"taxonomy":"post_tag","embeddable":true,"href":"https:\/\/www.webdo.tn\/fr\/wp-json\/wp\/v2\/tags?post=204222"}],"curies":[{"name":"wp","href":"https:\/\/api.w.org\/{rel}","templated":true}]}}