{"id":204218,"date":"2023-03-23T20:58:00","date_gmt":"2023-03-23T20:58:00","guid":{"rendered":"https:\/\/www.webdo.tn\/fr\/blog\/quand-un-juge-met-en-garde-contre-la-serie-el-fellujah\/204218\/"},"modified":"2025-05-20T22:49:37","modified_gmt":"2025-05-20T22:49:37","slug":"quand-un-juge-met-en-garde-contre-la-serie-el-fellujah","status":"publish","type":"post","link":"https:\/\/www.webdo.tn\/fr\/actualite\/national\/quand-un-juge-met-en-garde-contre-la-serie-el-fellujah\/204218\/","title":{"rendered":"Quand un juge met en garde contre la s\u00e9rie \u00ab\u00a0Fallujah\u00a0\u00bb"},"content":{"rendered":"<p>D\u00e8s la premi\u00e8re soir\u00e9e, les feuilletons ramadanesques ne sont pas pass\u00e9s inaper\u00e7us.<\/p>\n<p>\t\t\t\t\t\t\t\t\tLe premier \u00e9pisode du feuilleton \u00ab\u00a0Fallujah\u00a0\u00bb diffus\u00e9 sur la chaine Elhiwar Ettousi fait d\u00e9j\u00e0 pol\u00e9mique. Et pour cause, des sc\u00e8nes jug\u00e9es inappropri\u00e9es par des sp\u00e9cialistes.\u00a0<\/p>\n<p>Visiblement inspir\u00e9 des s\u00e9ries occidentales, le feuilleton raconte, jusque-l\u00e0, le quotidien de lyc\u00e9ens. Sauf que le comportement de ces derniers avec leur nouvelle enseignante marque des sc\u00e8nes peu ordinaires et fait fi du prestige du cadre enseignant.\u00a0<\/p>\n<p>D\u2019ailleurs, le juge Omar Oueslati a rapidement r\u00e9agi \u00e0 ce premier \u00e9pisode, il appelle meme \u00e0 \u00e9viter de consommer ce feuilleton.\u00a0<\/p>\n<p>\u00ab Les enfants doivent etre interdits de regarder ce feuilleton au vu des sc\u00e8nes extr\u00eamement dangereuses \u00bb, a-t-il post\u00e9.\u00a0<\/p>\n<p>Les s\u00e9ries t\u00e9l\u00e9vis\u00e9es ont un impact consid\u00e9rable sur la soci\u00e9t\u00e9, car elles refl\u00e8tent et influencent les valeurs, les croyances, les attitudes et les comportements de millions de t\u00e9l\u00e9spectateurs. Elles peuvent avoir un impact sur la fa\u00e7on dont les gens per\u00e7oivent certains sujets et sur la fa\u00e7on dont ils agissent en cons\u00e9quence.<\/p>\n","protected":false},"excerpt":{"rendered":"<p>D\u00e8s la premi\u00e8re soir\u00e9e, les feuilletons ramadanesques ne sont pas pass\u00e9s inaper\u00e7us.<\/p>\n","protected":false},"author":3175,"featured_media":277934,"comment_status":"open","ping_status":"closed","sticky":false,"template":"","format":"standard","meta":{"footnotes":""},"categories":[44],"tags":[8614,3832,2608],"class_list":["post-204218","post","type-post","status-publish","format-standard","has-post-thumbnail","hentry","category-national","tag-fallujah","tag-serie","tag-tunisie"],"yoast_head":"<!-- This site is optimized with the Yoast SEO Premium plugin v27.5 (Yoast SEO v27.5) - https:\/\/yoast.com\/product\/yoast-seo-premium-wordpress\/ -->\n<title>Quand un juge met en garde contre la s\u00e9rie Fallujah<\/title>\n<meta name=\"description\" content=\"D\u00e8s la premi\u00e8re soir\u00e9e, les feuilletons ramadanesques ne sont pas pass\u00e9s inaper\u00e7us.\" \/>\n<link rel=\"canonical\" href=\"https:\/\/www.webdo.tn\/fr\/actualite\/national\/quand-un-juge-met-en-garde-contre-la-serie-el-fellujah\/204218\/\" \/>\n<meta property=\"og:locale\" content=\"fr_FR\" \/>\n<meta property=\"og:type\" content=\"article\" \/>\n<meta property=\"og:title\" content=\"Quand un juge met en garde contre la s\u00e9rie &quot;Fallujah&quot;\" \/>\n<meta property=\"og:description\" content=\"D\u00e8s la premi\u00e8re soir\u00e9e, les feuilletons ramadanesques ne sont pas pass\u00e9s inaper\u00e7us.\" \/>\n<meta property=\"og:url\" content=\"https:\/\/www.webdo.tn\/fr\/actualite\/national\/quand-un-juge-met-en-garde-contre-la-serie-el-fellujah\/204218\/\" \/>\n<meta property=\"og:site_name\" content=\"webdo\" \/>\n<meta property=\"article:publisher\" content=\"https:\/\/www.facebook.com\/webdotn\" \/>\n<meta property=\"article:published_time\" content=\"2023-03-23T20:58:00+00:00\" \/>\n<meta property=\"article:modified_time\" content=\"2025-05-20T22:49:37+00:00\" \/>\n<meta property=\"og:image\" content=\"https:\/\/www.webdo.tn\/fr\/wp-content\/uploads\/2023\/03\/d3c6f17327c43f357c7cf97b9e3a64fe.png\" \/>\n\t<meta property=\"og:image:width\" content=\"750\" \/>\n\t<meta property=\"og:image:height\" content=\"400\" \/>\n\t<meta property=\"og:image:type\" content=\"image\/png\" \/>\n<meta name=\"author\" content=\"CL\" \/>\n<meta name=\"twitter:card\" content=\"summary_large_image\" \/>\n<meta name=\"twitter:creator\" content=\"@webdo_tn\" \/>\n<meta name=\"twitter:site\" content=\"@webdo_tn\" \/>\n<meta name=\"twitter:label1\" content=\"\u00c9crit par\" \/>\n\t<meta name=\"twitter:data1\" content=\"CL\" \/>\n\t<meta name=\"twitter:label2\" content=\"Dur\u00e9e de lecture estim\u00e9e\" \/>\n\t<meta name=\"twitter:data2\" content=\"1 minute\" \/>\n<script type=\"application\/ld+json\" class=\"yoast-schema-graph\">{\"@context\":\"https:\\\/\\\/schema.org\",\"@graph\":[{\"@type\":\"NewsArticle\",\"@id\":\"https:\\\/\\\/www.webdo.tn\\\/fr\\\/actualite\\\/national\\\/quand-un-juge-met-en-garde-contre-la-serie-el-fellujah\\\/204218\\\/#article\",\"isPartOf\":{\"@id\":\"https:\\\/\\\/www.webdo.tn\\\/fr\\\/actualite\\\/national\\\/quand-un-juge-met-en-garde-contre-la-serie-el-fellujah\\\/204218\\\/\"},\"author\":{\"name\":\"CL\",\"@id\":\"https:\\\/\\\/www.webdo.tn\\\/fr\\\/#\\\/schema\\\/person\\\/f35b42a42c5e2511bbd282959d6385cc\"},\"headline\":\"Quand un juge met en garde contre la s\u00e9rie \u00ab\u00a0Fallujah\u00a0\u00bb\",\"datePublished\":\"2023-03-23T20:58:00+00:00\",\"dateModified\":\"2025-05-20T22:49:37+00:00\",\"mainEntityOfPage\":{\"@id\":\"https:\\\/\\\/www.webdo.tn\\\/fr\\\/actualite\\\/national\\\/quand-un-juge-met-en-garde-contre-la-serie-el-fellujah\\\/204218\\\/\"},\"wordCount\":203,\"commentCount\":0,\"publisher\":{\"@id\":\"https:\\\/\\\/www.webdo.tn\\\/fr\\\/#organization\"},\"image\":{\"@id\":\"https:\\\/\\\/www.webdo.tn\\\/fr\\\/actualite\\\/national\\\/quand-un-juge-met-en-garde-contre-la-serie-el-fellujah\\\/204218\\\/#primaryimage\"},\"thumbnailUrl\":\"https:\\\/\\\/www.webdo.tn\\\/fr\\\/wp-content\\\/uploads\\\/2023\\\/03\\\/d3c6f17327c43f357c7cf97b9e3a64fe.png\",\"keywords\":[\"Fallujah\",\"S\u00e9rie\",\"Tunisie\"],\"articleSection\":[\"National\"],\"inLanguage\":\"fr-FR\"},{\"@type\":\"WebPage\",\"@id\":\"https:\\\/\\\/www.webdo.tn\\\/fr\\\/actualite\\\/national\\\/quand-un-juge-met-en-garde-contre-la-serie-el-fellujah\\\/204218\\\/\",\"url\":\"https:\\\/\\\/www.webdo.tn\\\/fr\\\/actualite\\\/national\\\/quand-un-juge-met-en-garde-contre-la-serie-el-fellujah\\\/204218\\\/\",\"name\":\"Quand un juge met en garde contre la s\u00e9rie Fallujah\",\"isPartOf\":{\"@id\":\"https:\\\/\\\/www.webdo.tn\\\/fr\\\/#website\"},\"primaryImageOfPage\":{\"@id\":\"https:\\\/\\\/www.webdo.tn\\\/fr\\\/actualite\\\/national\\\/quand-un-juge-met-en-garde-contre-la-serie-el-fellujah\\\/204218\\\/#primaryimage\"},\"image\":{\"@id\":\"https:\\\/\\\/www.webdo.tn\\\/fr\\\/actualite\\\/national\\\/quand-un-juge-met-en-garde-contre-la-serie-el-fellujah\\\/204218\\\/#primaryimage\"},\"thumbnailUrl\":\"https:\\\/\\\/www.webdo.tn\\\/fr\\\/wp-content\\\/uploads\\\/2023\\\/03\\\/d3c6f17327c43f357c7cf97b9e3a64fe.png\",\"datePublished\":\"2023-03-23T20:58:00+00:00\",\"dateModified\":\"2025-05-20T22:49:37+00:00\",\"description\":\"D\u00e8s la premi\u00e8re soir\u00e9e, les feuilletons ramadanesques ne sont pas pass\u00e9s inaper\u00e7us.\",\"breadcrumb\":{\"@id\":\"https:\\\/\\\/www.webdo.tn\\\/fr\\\/actualite\\\/national\\\/quand-un-juge-met-en-garde-contre-la-serie-el-fellujah\\\/204218\\\/#breadcrumb\"},\"inLanguage\":\"fr-FR\",\"potentialAction\":[{\"@type\":\"ReadAction\",\"target\":[\"https:\\\/\\\/www.webdo.tn\\\/fr\\\/actualite\\\/national\\\/quand-un-juge-met-en-garde-contre-la-serie-el-fellujah\\\/204218\\\/\"]}]},{\"@type\":\"ImageObject\",\"inLanguage\":\"fr-FR\",\"@id\":\"https:\\\/\\\/www.webdo.tn\\\/fr\\\/actualite\\\/national\\\/quand-un-juge-met-en-garde-contre-la-serie-el-fellujah\\\/204218\\\/#primaryimage\",\"url\":\"https:\\\/\\\/www.webdo.tn\\\/fr\\\/wp-content\\\/uploads\\\/2023\\\/03\\\/d3c6f17327c43f357c7cf97b9e3a64fe.png\",\"contentUrl\":\"https:\\\/\\\/www.webdo.tn\\\/fr\\\/wp-content\\\/uploads\\\/2023\\\/03\\\/d3c6f17327c43f357c7cf97b9e3a64fe.png\",\"width\":750,\"height\":400,\"caption\":\"Fallujah\"},{\"@type\":\"BreadcrumbList\",\"@id\":\"https:\\\/\\\/www.webdo.tn\\\/fr\\\/actualite\\\/national\\\/quand-un-juge-met-en-garde-contre-la-serie-el-fellujah\\\/204218\\\/#breadcrumb\",\"itemListElement\":[{\"@type\":\"ListItem\",\"position\":1,\"name\":\"Accueil\",\"item\":\"https:\\\/\\\/www.webdo.tn\\\/fr\\\/\"},{\"@type\":\"ListItem\",\"position\":2,\"name\":\"Quand un juge met en garde contre la s\u00e9rie \u00ab\u00a0Fallujah\u00a0\u00bb\"}]},{\"@type\":\"WebSite\",\"@id\":\"https:\\\/\\\/www.webdo.tn\\\/fr\\\/#website\",\"url\":\"https:\\\/\\\/www.webdo.tn\\\/fr\\\/\",\"name\":\"webdo\",\"description\":\"Tunisie - News en Tunisie et \u00e0 l&#039;international sur Webdo.tn\",\"publisher\":{\"@id\":\"https:\\\/\\\/www.webdo.tn\\\/fr\\\/#organization\"},\"potentialAction\":[{\"@type\":\"SearchAction\",\"target\":{\"@type\":\"EntryPoint\",\"urlTemplate\":\"https:\\\/\\\/www.webdo.tn\\\/fr\\\/?s={search_term_string}\"},\"query-input\":{\"@type\":\"PropertyValueSpecification\",\"valueRequired\":true,\"valueName\":\"search_term_string\"}}],\"inLanguage\":\"fr-FR\"},{\"@type\":\"Organization\",\"@id\":\"https:\\\/\\\/www.webdo.tn\\\/fr\\\/#organization\",\"name\":\"Webdo\",\"alternateName\":\"Webdo.tn\",\"url\":\"https:\\\/\\\/www.webdo.tn\\\/fr\\\/\",\"logo\":{\"@type\":\"ImageObject\",\"inLanguage\":\"fr-FR\",\"@id\":\"https:\\\/\\\/www.webdo.tn\\\/fr\\\/#\\\/schema\\\/logo\\\/image\\\/\",\"url\":\"https:\\\/\\\/www.webdo.tn\\\/fr\\\/wp-content\\\/uploads\\\/2025\\\/06\\\/Webdo-Tunisie_168377.jpg\",\"contentUrl\":\"https:\\\/\\\/www.webdo.tn\\\/fr\\\/wp-content\\\/uploads\\\/2025\\\/06\\\/Webdo-Tunisie_168377.jpg\",\"width\":301,\"height\":301,\"caption\":\"Webdo\"},\"image\":{\"@id\":\"https:\\\/\\\/www.webdo.tn\\\/fr\\\/#\\\/schema\\\/logo\\\/image\\\/\"},\"sameAs\":[\"https:\\\/\\\/www.facebook.com\\\/webdotn\",\"https:\\\/\\\/x.com\\\/webdo_tn\"],\"description\":\"Webdo est un m\u00e9dia num\u00e9rique tunisien fond\u00e9 en 2010, sp\u00e9cialis\u00e9 dans l\u2019actualit\u00e9 nationale et internationale, l\u2019\u00e9conomie, la soci\u00e9t\u00e9 et les analyses politiques. Le site s\u2019adresse \u00e0 un large public francophone et couvre l\u2019information tunisienne en temps r\u00e9el.\",\"email\":\"redac@webdo.tn\",\"legalName\":\"YNJ SARL\",\"foundingDate\":\"2010-09-06\",\"numberOfEmployees\":{\"@type\":\"QuantitativeValue\",\"minValue\":\"11\",\"maxValue\":\"50\"}},{\"@type\":\"Person\",\"@id\":\"https:\\\/\\\/www.webdo.tn\\\/fr\\\/#\\\/schema\\\/person\\\/f35b42a42c5e2511bbd282959d6385cc\",\"name\":\"CL\",\"image\":{\"@type\":\"ImageObject\",\"inLanguage\":\"fr-FR\",\"@id\":\"https:\\\/\\\/secure.gravatar.com\\\/avatar\\\/1447a49909b67aa657c488aec6512e1dd6143a480c1ecfee9b5b5cd74eb3b59e?s=96&d=mm&r=g\",\"url\":\"https:\\\/\\\/secure.gravatar.com\\\/avatar\\\/1447a49909b67aa657c488aec6512e1dd6143a480c1ecfee9b5b5cd74eb3b59e?s=96&d=mm&r=g\",\"contentUrl\":\"https:\\\/\\\/secure.gravatar.com\\\/avatar\\\/1447a49909b67aa657c488aec6512e1dd6143a480c1ecfee9b5b5cd74eb3b59e?s=96&d=mm&r=g\",\"caption\":\"CL\"},\"url\":\"https:\\\/\\\/www.webdo.tn\\\/fr\\\/actualite\\\/author\\\/cl\\\/\"}]}<\/script>\n<!-- \/ Yoast SEO Premium plugin. -->","yoast_head_json":{"title":"Quand un juge met en garde contre la s\u00e9rie Fallujah","description":"D\u00e8s la premi\u00e8re soir\u00e9e, les feuilletons ramadanesques ne sont pas pass\u00e9s inaper\u00e7us.","canonical":"https:\/\/www.webdo.tn\/fr\/actualite\/national\/quand-un-juge-met-en-garde-contre-la-serie-el-fellujah\/204218\/","og_locale":"fr_FR","og_type":"article","og_title":"Quand un juge met en garde contre la s\u00e9rie \"Fallujah\"","og_description":"D\u00e8s la premi\u00e8re soir\u00e9e, les feuilletons ramadanesques ne sont pas pass\u00e9s inaper\u00e7us.","og_url":"https:\/\/www.webdo.tn\/fr\/actualite\/national\/quand-un-juge-met-en-garde-contre-la-serie-el-fellujah\/204218\/","og_site_name":"webdo","article_publisher":"https:\/\/www.facebook.com\/webdotn","article_published_time":"2023-03-23T20:58:00+00:00","article_modified_time":"2025-05-20T22:49:37+00:00","og_image":[{"width":750,"height":400,"url":"https:\/\/www.webdo.tn\/fr\/wp-content\/uploads\/2023\/03\/d3c6f17327c43f357c7cf97b9e3a64fe.png","type":"image\/png"}],"author":"CL","twitter_card":"summary_large_image","twitter_creator":"@webdo_tn","twitter_site":"@webdo_tn","twitter_misc":{"\u00c9crit par":"CL","Dur\u00e9e de lecture estim\u00e9e":"1 minute"},"schema":{"@context":"https:\/\/schema.org","@graph":[{"@type":"NewsArticle","@id":"https:\/\/www.webdo.tn\/fr\/actualite\/national\/quand-un-juge-met-en-garde-contre-la-serie-el-fellujah\/204218\/#article","isPartOf":{"@id":"https:\/\/www.webdo.tn\/fr\/actualite\/national\/quand-un-juge-met-en-garde-contre-la-serie-el-fellujah\/204218\/"},"author":{"name":"CL","@id":"https:\/\/www.webdo.tn\/fr\/#\/schema\/person\/f35b42a42c5e2511bbd282959d6385cc"},"headline":"Quand un juge met en garde contre la s\u00e9rie \u00ab\u00a0Fallujah\u00a0\u00bb","datePublished":"2023-03-23T20:58:00+00:00","dateModified":"2025-05-20T22:49:37+00:00","mainEntityOfPage":{"@id":"https:\/\/www.webdo.tn\/fr\/actualite\/national\/quand-un-juge-met-en-garde-contre-la-serie-el-fellujah\/204218\/"},"wordCount":203,"commentCount":0,"publisher":{"@id":"https:\/\/www.webdo.tn\/fr\/#organization"},"image":{"@id":"https:\/\/www.webdo.tn\/fr\/actualite\/national\/quand-un-juge-met-en-garde-contre-la-serie-el-fellujah\/204218\/#primaryimage"},"thumbnailUrl":"https:\/\/www.webdo.tn\/fr\/wp-content\/uploads\/2023\/03\/d3c6f17327c43f357c7cf97b9e3a64fe.png","keywords":["Fallujah","S\u00e9rie","Tunisie"],"articleSection":["National"],"inLanguage":"fr-FR"},{"@type":"WebPage","@id":"https:\/\/www.webdo.tn\/fr\/actualite\/national\/quand-un-juge-met-en-garde-contre-la-serie-el-fellujah\/204218\/","url":"https:\/\/www.webdo.tn\/fr\/actualite\/national\/quand-un-juge-met-en-garde-contre-la-serie-el-fellujah\/204218\/","name":"Quand un juge met en garde contre la s\u00e9rie Fallujah","isPartOf":{"@id":"https:\/\/www.webdo.tn\/fr\/#website"},"primaryImageOfPage":{"@id":"https:\/\/www.webdo.tn\/fr\/actualite\/national\/quand-un-juge-met-en-garde-contre-la-serie-el-fellujah\/204218\/#primaryimage"},"image":{"@id":"https:\/\/www.webdo.tn\/fr\/actualite\/national\/quand-un-juge-met-en-garde-contre-la-serie-el-fellujah\/204218\/#primaryimage"},"thumbnailUrl":"https:\/\/www.webdo.tn\/fr\/wp-content\/uploads\/2023\/03\/d3c6f17327c43f357c7cf97b9e3a64fe.png","datePublished":"2023-03-23T20:58:00+00:00","dateModified":"2025-05-20T22:49:37+00:00","description":"D\u00e8s la premi\u00e8re soir\u00e9e, les feuilletons ramadanesques ne sont pas pass\u00e9s inaper\u00e7us.","breadcrumb":{"@id":"https:\/\/www.webdo.tn\/fr\/actualite\/national\/quand-un-juge-met-en-garde-contre-la-serie-el-fellujah\/204218\/#breadcrumb"},"inLanguage":"fr-FR","potentialAction":[{"@type":"ReadAction","target":["https:\/\/www.webdo.tn\/fr\/actualite\/national\/quand-un-juge-met-en-garde-contre-la-serie-el-fellujah\/204218\/"]}]},{"@type":"ImageObject","inLanguage":"fr-FR","@id":"https:\/\/www.webdo.tn\/fr\/actualite\/national\/quand-un-juge-met-en-garde-contre-la-serie-el-fellujah\/204218\/#primaryimage","url":"https:\/\/www.webdo.tn\/fr\/wp-content\/uploads\/2023\/03\/d3c6f17327c43f357c7cf97b9e3a64fe.png","contentUrl":"https:\/\/www.webdo.tn\/fr\/wp-content\/uploads\/2023\/03\/d3c6f17327c43f357c7cf97b9e3a64fe.png","width":750,"height":400,"caption":"Fallujah"},{"@type":"BreadcrumbList","@id":"https:\/\/www.webdo.tn\/fr\/actualite\/national\/quand-un-juge-met-en-garde-contre-la-serie-el-fellujah\/204218\/#breadcrumb","itemListElement":[{"@type":"ListItem","position":1,"name":"Accueil","item":"https:\/\/www.webdo.tn\/fr\/"},{"@type":"ListItem","position":2,"name":"Quand un juge met en garde contre la s\u00e9rie \u00ab\u00a0Fallujah\u00a0\u00bb"}]},{"@type":"WebSite","@id":"https:\/\/www.webdo.tn\/fr\/#website","url":"https:\/\/www.webdo.tn\/fr\/","name":"webdo","description":"Tunisie - News en Tunisie et \u00e0 l&#039;international sur Webdo.tn","publisher":{"@id":"https:\/\/www.webdo.tn\/fr\/#organization"},"potentialAction":[{"@type":"SearchAction","target":{"@type":"EntryPoint","urlTemplate":"https:\/\/www.webdo.tn\/fr\/?s={search_term_string}"},"query-input":{"@type":"PropertyValueSpecification","valueRequired":true,"valueName":"search_term_string"}}],"inLanguage":"fr-FR"},{"@type":"Organization","@id":"https:\/\/www.webdo.tn\/fr\/#organization","name":"Webdo","alternateName":"Webdo.tn","url":"https:\/\/www.webdo.tn\/fr\/","logo":{"@type":"ImageObject","inLanguage":"fr-FR","@id":"https:\/\/www.webdo.tn\/fr\/#\/schema\/logo\/image\/","url":"https:\/\/www.webdo.tn\/fr\/wp-content\/uploads\/2025\/06\/Webdo-Tunisie_168377.jpg","contentUrl":"https:\/\/www.webdo.tn\/fr\/wp-content\/uploads\/2025\/06\/Webdo-Tunisie_168377.jpg","width":301,"height":301,"caption":"Webdo"},"image":{"@id":"https:\/\/www.webdo.tn\/fr\/#\/schema\/logo\/image\/"},"sameAs":["https:\/\/www.facebook.com\/webdotn","https:\/\/x.com\/webdo_tn"],"description":"Webdo est un m\u00e9dia num\u00e9rique tunisien fond\u00e9 en 2010, sp\u00e9cialis\u00e9 dans l\u2019actualit\u00e9 nationale et internationale, l\u2019\u00e9conomie, la soci\u00e9t\u00e9 et les analyses politiques. Le site s\u2019adresse \u00e0 un large public francophone et couvre l\u2019information tunisienne en temps r\u00e9el.","email":"redac@webdo.tn","legalName":"YNJ SARL","foundingDate":"2010-09-06","numberOfEmployees":{"@type":"QuantitativeValue","minValue":"11","maxValue":"50"}},{"@type":"Person","@id":"https:\/\/www.webdo.tn\/fr\/#\/schema\/person\/f35b42a42c5e2511bbd282959d6385cc","name":"CL","image":{"@type":"ImageObject","inLanguage":"fr-FR","@id":"https:\/\/secure.gravatar.com\/avatar\/1447a49909b67aa657c488aec6512e1dd6143a480c1ecfee9b5b5cd74eb3b59e?s=96&d=mm&r=g","url":"https:\/\/secure.gravatar.com\/avatar\/1447a49909b67aa657c488aec6512e1dd6143a480c1ecfee9b5b5cd74eb3b59e?s=96&d=mm&r=g","contentUrl":"https:\/\/secure.gravatar.com\/avatar\/1447a49909b67aa657c488aec6512e1dd6143a480c1ecfee9b5b5cd74eb3b59e?s=96&d=mm&r=g","caption":"CL"},"url":"https:\/\/www.webdo.tn\/fr\/actualite\/author\/cl\/"}]}},"_links":{"self":[{"href":"https:\/\/www.webdo.tn\/fr\/wp-json\/wp\/v2\/posts\/204218","targetHints":{"allow":["GET"]}}],"collection":[{"href":"https:\/\/www.webdo.tn\/fr\/wp-json\/wp\/v2\/posts"}],"about":[{"href":"https:\/\/www.webdo.tn\/fr\/wp-json\/wp\/v2\/types\/post"}],"author":[{"embeddable":true,"href":"https:\/\/www.webdo.tn\/fr\/wp-json\/wp\/v2\/users\/3175"}],"replies":[{"embeddable":true,"href":"https:\/\/www.webdo.tn\/fr\/wp-json\/wp\/v2\/comments?post=204218"}],"version-history":[{"count":0,"href":"https:\/\/www.webdo.tn\/fr\/wp-json\/wp\/v2\/posts\/204218\/revisions"}],"wp:featuredmedia":[{"embeddable":true,"href":"https:\/\/www.webdo.tn\/fr\/wp-json\/wp\/v2\/media\/277934"}],"wp:attachment":[{"href":"https:\/\/www.webdo.tn\/fr\/wp-json\/wp\/v2\/media?parent=204218"}],"wp:term":[{"taxonomy":"category","embeddable":true,"href":"https:\/\/www.webdo.tn\/fr\/wp-json\/wp\/v2\/categories?post=204218"},{"taxonomy":"post_tag","embeddable":true,"href":"https:\/\/www.webdo.tn\/fr\/wp-json\/wp\/v2\/tags?post=204218"}],"curies":[{"name":"wp","href":"https:\/\/api.w.org\/{rel}","templated":true}]}}