{"id":204213,"date":"2023-03-23T19:18:00","date_gmt":"2023-03-23T19:18:00","guid":{"rendered":"https:\/\/www.webdo.tn\/fr\/blog\/affaire-des-cameras-de-surveillance-la-direction-des-prisons-brise-le-silence\/204213\/"},"modified":"2025-05-20T22:49:37","modified_gmt":"2025-05-20T22:49:37","slug":"affaire-des-cameras-de-surveillance-la-direction-des-prisons-brise-le-silence","status":"publish","type":"post","link":"https:\/\/www.webdo.tn\/fr\/actualite\/national\/affaire-des-cameras-de-surveillance-la-direction-des-prisons-brise-le-silence\/204213\/","title":{"rendered":"Affaire des cam\u00e9ras de surveillance : La Direction des prisons brise le silence"},"content":{"rendered":"<p>La Direction g\u00e9n\u00e9rale des prisons et de la R\u00e9\u00e9ducation a affirm\u00e9, jeudi 23 mars 2023, que \u00a0\u00bb la surveillance au moyen de cam\u00e9ras intervient dans le cadre du respect de la loi et des r\u00e8glements en vigueur\u00a0\u00bb.<\/p>\n<p>\t\t\t\t\t\t\t\t\tLa surveillance se d\u00e9roule dans le respect des dispositions de l&rsquo;Instance nationale de protection des donn\u00e9es personnelles (INPDP) qui autorise, clairement, l&rsquo;usage de cam\u00e9ras de surveillance dans les cellules des d\u00e9tenus en se contentant d&rsquo;une diffusion en temps r\u00e9el et sans enregistrements, a-t-elle insist\u00e9.<\/p>\n<p>La direction des prisons r\u00e9agit \u00e0 la d\u00e9claration de certains membres du collectif de d\u00e9fense des accus\u00e9s dans l&rsquo;affaire du \u00a0\u00bb complot contre la s\u00fbret\u00e9 de l&rsquo;Etat \u00a0\u00bb au sujet de la mise en place de cam\u00e9ras de surveillance dans les cellules de d\u00e9tention.<\/p>\n<p>Le collectif de d\u00e9fense avait menac\u00e9 de poursuivre en justice la direction de la prison \u00a0\u00bb si celle-ci ne renonce pas \u00e0 l&rsquo;installation des cam\u00e9ras \u00ab\u00a0.<\/p>\n<p>La Direction nationale des prisons et de la r\u00e9\u00e9ducation a appel\u00e9 \u00e0 \u00a0\u00bb la tenir \u00e0 l&rsquo;\u00e9cart de tout tiraillement \u00ab\u00a0, soulignant que l&rsquo;usage des cam\u00e9ras de surveillance se d\u00e9roule dans le respect total des droits des d\u00e9tenus, sans exception, afin de les prot\u00e9ger de toute tentative d&rsquo;agression et garantir une intervention imm\u00e9diate si n\u00e9cassaire.<\/p>\n<p>La Direction a, par ailleurs, soulign\u00e9 \u00a0\u00bb son engagement \u00e0 respecter les lois en vigueur, dans le cadre du principe de l&rsquo;\u00e9quit\u00e9 et la neutralit\u00e9 de l&rsquo;administration \u00ab\u00a0.<\/p>\n","protected":false},"excerpt":{"rendered":"<p>La Direction g\u00e9n\u00e9rale des prisons et de la R\u00e9\u00e9ducation a affirm\u00e9, jeudi 23 mars 2023, que   la surveillance au moyen de cam\u00e9ras intervient dans le cadre du resp&#8230;<\/p>\n","protected":false},"author":3175,"featured_media":277937,"comment_status":"open","ping_status":"closed","sticky":false,"template":"","format":"standard","meta":{"footnotes":""},"categories":[44],"tags":[4721,2708,2608],"class_list":["post-204213","post","type-post","status-publish","format-standard","has-post-thumbnail","hentry","category-national","tag-cameras","tag-prison","tag-tunisie"],"yoast_head":"<!-- This site is optimized with the Yoast SEO Premium plugin v27.4 (Yoast SEO v27.4) - https:\/\/yoast.com\/product\/yoast-seo-premium-wordpress\/ -->\n<title>Affaire des cam\u00e9ras de surveillance : La Direction des prisons brise le silence<\/title>\n<meta name=\"description\" content=\"La Direction g\u00e9n\u00e9rale des prisons et de la R\u00e9\u00e9ducation a affirm\u00e9, jeudi 23 mars 2023, que la surveillance au moyen de cam\u00e9ras intervient dans le cadre du resp...\" \/>\n<link rel=\"canonical\" href=\"https:\/\/www.webdo.tn\/fr\/actualite\/national\/affaire-des-cameras-de-surveillance-la-direction-des-prisons-brise-le-silence\/204213\/\" \/>\n<meta property=\"og:locale\" content=\"fr_FR\" \/>\n<meta property=\"og:type\" content=\"article\" \/>\n<meta property=\"og:title\" content=\"Affaire des cam\u00e9ras de surveillance : La Direction des prisons brise le silence\" \/>\n<meta property=\"og:description\" content=\"La Direction g\u00e9n\u00e9rale des prisons et de la R\u00e9\u00e9ducation a affirm\u00e9, jeudi 23 mars 2023, que la surveillance au moyen de cam\u00e9ras intervient dans le cadre du resp...\" \/>\n<meta property=\"og:url\" content=\"https:\/\/www.webdo.tn\/fr\/actualite\/national\/affaire-des-cameras-de-surveillance-la-direction-des-prisons-brise-le-silence\/204213\/\" \/>\n<meta property=\"og:site_name\" content=\"webdo\" \/>\n<meta property=\"article:publisher\" content=\"https:\/\/www.facebook.com\/webdotn\" \/>\n<meta property=\"article:published_time\" content=\"2023-03-23T19:18:00+00:00\" \/>\n<meta property=\"article:modified_time\" content=\"2025-05-20T22:49:37+00:00\" \/>\n<meta property=\"og:image\" content=\"https:\/\/www.webdo.tn\/fr\/wp-content\/uploads\/2023\/03\/2564a7d2763a337f7b7d124719726744.jpg\" \/>\n\t<meta property=\"og:image:width\" content=\"750\" \/>\n\t<meta property=\"og:image:height\" content=\"400\" \/>\n\t<meta property=\"og:image:type\" content=\"image\/jpeg\" \/>\n<meta name=\"author\" content=\"CL\" \/>\n<meta name=\"twitter:card\" content=\"summary_large_image\" \/>\n<meta name=\"twitter:creator\" content=\"@webdo_tn\" \/>\n<meta name=\"twitter:site\" content=\"@webdo_tn\" \/>\n<meta name=\"twitter:label1\" content=\"\u00c9crit par\" \/>\n\t<meta name=\"twitter:data1\" content=\"CL\" \/>\n\t<meta name=\"twitter:label2\" content=\"Dur\u00e9e de lecture estim\u00e9e\" \/>\n\t<meta name=\"twitter:data2\" content=\"1 minute\" \/>\n<script type=\"application\/ld+json\" class=\"yoast-schema-graph\">{\"@context\":\"https:\\\/\\\/schema.org\",\"@graph\":[{\"@type\":\"NewsArticle\",\"@id\":\"https:\\\/\\\/www.webdo.tn\\\/fr\\\/actualite\\\/national\\\/affaire-des-cameras-de-surveillance-la-direction-des-prisons-brise-le-silence\\\/204213\\\/#article\",\"isPartOf\":{\"@id\":\"https:\\\/\\\/www.webdo.tn\\\/fr\\\/actualite\\\/national\\\/affaire-des-cameras-de-surveillance-la-direction-des-prisons-brise-le-silence\\\/204213\\\/\"},\"author\":{\"name\":\"CL\",\"@id\":\"https:\\\/\\\/www.webdo.tn\\\/fr\\\/#\\\/schema\\\/person\\\/f35b42a42c5e2511bbd282959d6385cc\"},\"headline\":\"Affaire des cam\u00e9ras de surveillance : La Direction des prisons brise le silence\",\"datePublished\":\"2023-03-23T19:18:00+00:00\",\"dateModified\":\"2025-05-20T22:49:37+00:00\",\"mainEntityOfPage\":{\"@id\":\"https:\\\/\\\/www.webdo.tn\\\/fr\\\/actualite\\\/national\\\/affaire-des-cameras-de-surveillance-la-direction-des-prisons-brise-le-silence\\\/204213\\\/\"},\"wordCount\":268,\"commentCount\":0,\"publisher\":{\"@id\":\"https:\\\/\\\/www.webdo.tn\\\/fr\\\/#organization\"},\"image\":{\"@id\":\"https:\\\/\\\/www.webdo.tn\\\/fr\\\/actualite\\\/national\\\/affaire-des-cameras-de-surveillance-la-direction-des-prisons-brise-le-silence\\\/204213\\\/#primaryimage\"},\"thumbnailUrl\":\"https:\\\/\\\/www.webdo.tn\\\/fr\\\/wp-content\\\/uploads\\\/2023\\\/03\\\/2564a7d2763a337f7b7d124719726744.jpg\",\"keywords\":[\"Cam\u00e9ras\",\"Prison\",\"Tunisie\"],\"articleSection\":[\"National\"],\"inLanguage\":\"fr-FR\"},{\"@type\":\"WebPage\",\"@id\":\"https:\\\/\\\/www.webdo.tn\\\/fr\\\/actualite\\\/national\\\/affaire-des-cameras-de-surveillance-la-direction-des-prisons-brise-le-silence\\\/204213\\\/\",\"url\":\"https:\\\/\\\/www.webdo.tn\\\/fr\\\/actualite\\\/national\\\/affaire-des-cameras-de-surveillance-la-direction-des-prisons-brise-le-silence\\\/204213\\\/\",\"name\":\"Affaire des cam\u00e9ras de surveillance : La Direction des prisons brise le silence\",\"isPartOf\":{\"@id\":\"https:\\\/\\\/www.webdo.tn\\\/fr\\\/#website\"},\"primaryImageOfPage\":{\"@id\":\"https:\\\/\\\/www.webdo.tn\\\/fr\\\/actualite\\\/national\\\/affaire-des-cameras-de-surveillance-la-direction-des-prisons-brise-le-silence\\\/204213\\\/#primaryimage\"},\"image\":{\"@id\":\"https:\\\/\\\/www.webdo.tn\\\/fr\\\/actualite\\\/national\\\/affaire-des-cameras-de-surveillance-la-direction-des-prisons-brise-le-silence\\\/204213\\\/#primaryimage\"},\"thumbnailUrl\":\"https:\\\/\\\/www.webdo.tn\\\/fr\\\/wp-content\\\/uploads\\\/2023\\\/03\\\/2564a7d2763a337f7b7d124719726744.jpg\",\"datePublished\":\"2023-03-23T19:18:00+00:00\",\"dateModified\":\"2025-05-20T22:49:37+00:00\",\"description\":\"La Direction g\u00e9n\u00e9rale des prisons et de la R\u00e9\u00e9ducation a affirm\u00e9, jeudi 23 mars 2023, que la surveillance au moyen de cam\u00e9ras intervient dans le cadre du resp...\",\"breadcrumb\":{\"@id\":\"https:\\\/\\\/www.webdo.tn\\\/fr\\\/actualite\\\/national\\\/affaire-des-cameras-de-surveillance-la-direction-des-prisons-brise-le-silence\\\/204213\\\/#breadcrumb\"},\"inLanguage\":\"fr-FR\",\"potentialAction\":[{\"@type\":\"ReadAction\",\"target\":[\"https:\\\/\\\/www.webdo.tn\\\/fr\\\/actualite\\\/national\\\/affaire-des-cameras-de-surveillance-la-direction-des-prisons-brise-le-silence\\\/204213\\\/\"]}]},{\"@type\":\"ImageObject\",\"inLanguage\":\"fr-FR\",\"@id\":\"https:\\\/\\\/www.webdo.tn\\\/fr\\\/actualite\\\/national\\\/affaire-des-cameras-de-surveillance-la-direction-des-prisons-brise-le-silence\\\/204213\\\/#primaryimage\",\"url\":\"https:\\\/\\\/www.webdo.tn\\\/fr\\\/wp-content\\\/uploads\\\/2023\\\/03\\\/2564a7d2763a337f7b7d124719726744.jpg\",\"contentUrl\":\"https:\\\/\\\/www.webdo.tn\\\/fr\\\/wp-content\\\/uploads\\\/2023\\\/03\\\/2564a7d2763a337f7b7d124719726744.jpg\",\"width\":750,\"height\":400,\"caption\":\"cam\u00e9ras de surveillance\"},{\"@type\":\"BreadcrumbList\",\"@id\":\"https:\\\/\\\/www.webdo.tn\\\/fr\\\/actualite\\\/national\\\/affaire-des-cameras-de-surveillance-la-direction-des-prisons-brise-le-silence\\\/204213\\\/#breadcrumb\",\"itemListElement\":[{\"@type\":\"ListItem\",\"position\":1,\"name\":\"Accueil\",\"item\":\"https:\\\/\\\/www.webdo.tn\\\/fr\\\/\"},{\"@type\":\"ListItem\",\"position\":2,\"name\":\"Affaire des cam\u00e9ras de surveillance : La Direction des prisons brise le silence\"}]},{\"@type\":\"WebSite\",\"@id\":\"https:\\\/\\\/www.webdo.tn\\\/fr\\\/#website\",\"url\":\"https:\\\/\\\/www.webdo.tn\\\/fr\\\/\",\"name\":\"webdo\",\"description\":\"Tunisie - News en Tunisie et \u00e0 l&#039;international sur Webdo.tn\",\"publisher\":{\"@id\":\"https:\\\/\\\/www.webdo.tn\\\/fr\\\/#organization\"},\"potentialAction\":[{\"@type\":\"SearchAction\",\"target\":{\"@type\":\"EntryPoint\",\"urlTemplate\":\"https:\\\/\\\/www.webdo.tn\\\/fr\\\/?s={search_term_string}\"},\"query-input\":{\"@type\":\"PropertyValueSpecification\",\"valueRequired\":true,\"valueName\":\"search_term_string\"}}],\"inLanguage\":\"fr-FR\"},{\"@type\":\"Organization\",\"@id\":\"https:\\\/\\\/www.webdo.tn\\\/fr\\\/#organization\",\"name\":\"Webdo\",\"alternateName\":\"Webdo.tn\",\"url\":\"https:\\\/\\\/www.webdo.tn\\\/fr\\\/\",\"logo\":{\"@type\":\"ImageObject\",\"inLanguage\":\"fr-FR\",\"@id\":\"https:\\\/\\\/www.webdo.tn\\\/fr\\\/#\\\/schema\\\/logo\\\/image\\\/\",\"url\":\"https:\\\/\\\/www.webdo.tn\\\/fr\\\/wp-content\\\/uploads\\\/2025\\\/06\\\/Webdo-Tunisie_168377.jpg\",\"contentUrl\":\"https:\\\/\\\/www.webdo.tn\\\/fr\\\/wp-content\\\/uploads\\\/2025\\\/06\\\/Webdo-Tunisie_168377.jpg\",\"width\":301,\"height\":301,\"caption\":\"Webdo\"},\"image\":{\"@id\":\"https:\\\/\\\/www.webdo.tn\\\/fr\\\/#\\\/schema\\\/logo\\\/image\\\/\"},\"sameAs\":[\"https:\\\/\\\/www.facebook.com\\\/webdotn\",\"https:\\\/\\\/x.com\\\/webdo_tn\"],\"description\":\"Webdo est un m\u00e9dia num\u00e9rique tunisien fond\u00e9 en 2010, sp\u00e9cialis\u00e9 dans l\u2019actualit\u00e9 nationale et internationale, l\u2019\u00e9conomie, la soci\u00e9t\u00e9 et les analyses politiques. Le site s\u2019adresse \u00e0 un large public francophone et couvre l\u2019information tunisienne en temps r\u00e9el.\",\"email\":\"redac@webdo.tn\",\"legalName\":\"YNJ SARL\",\"foundingDate\":\"2010-09-06\",\"numberOfEmployees\":{\"@type\":\"QuantitativeValue\",\"minValue\":\"11\",\"maxValue\":\"50\"}},{\"@type\":\"Person\",\"@id\":\"https:\\\/\\\/www.webdo.tn\\\/fr\\\/#\\\/schema\\\/person\\\/f35b42a42c5e2511bbd282959d6385cc\",\"name\":\"CL\",\"image\":{\"@type\":\"ImageObject\",\"inLanguage\":\"fr-FR\",\"@id\":\"https:\\\/\\\/secure.gravatar.com\\\/avatar\\\/1447a49909b67aa657c488aec6512e1dd6143a480c1ecfee9b5b5cd74eb3b59e?s=96&d=mm&r=g\",\"url\":\"https:\\\/\\\/secure.gravatar.com\\\/avatar\\\/1447a49909b67aa657c488aec6512e1dd6143a480c1ecfee9b5b5cd74eb3b59e?s=96&d=mm&r=g\",\"contentUrl\":\"https:\\\/\\\/secure.gravatar.com\\\/avatar\\\/1447a49909b67aa657c488aec6512e1dd6143a480c1ecfee9b5b5cd74eb3b59e?s=96&d=mm&r=g\",\"caption\":\"CL\"},\"url\":\"https:\\\/\\\/www.webdo.tn\\\/fr\\\/actualite\\\/author\\\/cl\\\/\"}]}<\/script>\n<!-- \/ Yoast SEO Premium plugin. -->","yoast_head_json":{"title":"Affaire des cam\u00e9ras de surveillance : La Direction des prisons brise le silence","description":"La Direction g\u00e9n\u00e9rale des prisons et de la R\u00e9\u00e9ducation a affirm\u00e9, jeudi 23 mars 2023, que la surveillance au moyen de cam\u00e9ras intervient dans le cadre du resp...","canonical":"https:\/\/www.webdo.tn\/fr\/actualite\/national\/affaire-des-cameras-de-surveillance-la-direction-des-prisons-brise-le-silence\/204213\/","og_locale":"fr_FR","og_type":"article","og_title":"Affaire des cam\u00e9ras de surveillance : La Direction des prisons brise le silence","og_description":"La Direction g\u00e9n\u00e9rale des prisons et de la R\u00e9\u00e9ducation a affirm\u00e9, jeudi 23 mars 2023, que la surveillance au moyen de cam\u00e9ras intervient dans le cadre du resp...","og_url":"https:\/\/www.webdo.tn\/fr\/actualite\/national\/affaire-des-cameras-de-surveillance-la-direction-des-prisons-brise-le-silence\/204213\/","og_site_name":"webdo","article_publisher":"https:\/\/www.facebook.com\/webdotn","article_published_time":"2023-03-23T19:18:00+00:00","article_modified_time":"2025-05-20T22:49:37+00:00","og_image":[{"width":750,"height":400,"url":"https:\/\/www.webdo.tn\/fr\/wp-content\/uploads\/2023\/03\/2564a7d2763a337f7b7d124719726744.jpg","type":"image\/jpeg"}],"author":"CL","twitter_card":"summary_large_image","twitter_creator":"@webdo_tn","twitter_site":"@webdo_tn","twitter_misc":{"\u00c9crit par":"CL","Dur\u00e9e de lecture estim\u00e9e":"1 minute"},"schema":{"@context":"https:\/\/schema.org","@graph":[{"@type":"NewsArticle","@id":"https:\/\/www.webdo.tn\/fr\/actualite\/national\/affaire-des-cameras-de-surveillance-la-direction-des-prisons-brise-le-silence\/204213\/#article","isPartOf":{"@id":"https:\/\/www.webdo.tn\/fr\/actualite\/national\/affaire-des-cameras-de-surveillance-la-direction-des-prisons-brise-le-silence\/204213\/"},"author":{"name":"CL","@id":"https:\/\/www.webdo.tn\/fr\/#\/schema\/person\/f35b42a42c5e2511bbd282959d6385cc"},"headline":"Affaire des cam\u00e9ras de surveillance : La Direction des prisons brise le silence","datePublished":"2023-03-23T19:18:00+00:00","dateModified":"2025-05-20T22:49:37+00:00","mainEntityOfPage":{"@id":"https:\/\/www.webdo.tn\/fr\/actualite\/national\/affaire-des-cameras-de-surveillance-la-direction-des-prisons-brise-le-silence\/204213\/"},"wordCount":268,"commentCount":0,"publisher":{"@id":"https:\/\/www.webdo.tn\/fr\/#organization"},"image":{"@id":"https:\/\/www.webdo.tn\/fr\/actualite\/national\/affaire-des-cameras-de-surveillance-la-direction-des-prisons-brise-le-silence\/204213\/#primaryimage"},"thumbnailUrl":"https:\/\/www.webdo.tn\/fr\/wp-content\/uploads\/2023\/03\/2564a7d2763a337f7b7d124719726744.jpg","keywords":["Cam\u00e9ras","Prison","Tunisie"],"articleSection":["National"],"inLanguage":"fr-FR"},{"@type":"WebPage","@id":"https:\/\/www.webdo.tn\/fr\/actualite\/national\/affaire-des-cameras-de-surveillance-la-direction-des-prisons-brise-le-silence\/204213\/","url":"https:\/\/www.webdo.tn\/fr\/actualite\/national\/affaire-des-cameras-de-surveillance-la-direction-des-prisons-brise-le-silence\/204213\/","name":"Affaire des cam\u00e9ras de surveillance : La Direction des prisons brise le silence","isPartOf":{"@id":"https:\/\/www.webdo.tn\/fr\/#website"},"primaryImageOfPage":{"@id":"https:\/\/www.webdo.tn\/fr\/actualite\/national\/affaire-des-cameras-de-surveillance-la-direction-des-prisons-brise-le-silence\/204213\/#primaryimage"},"image":{"@id":"https:\/\/www.webdo.tn\/fr\/actualite\/national\/affaire-des-cameras-de-surveillance-la-direction-des-prisons-brise-le-silence\/204213\/#primaryimage"},"thumbnailUrl":"https:\/\/www.webdo.tn\/fr\/wp-content\/uploads\/2023\/03\/2564a7d2763a337f7b7d124719726744.jpg","datePublished":"2023-03-23T19:18:00+00:00","dateModified":"2025-05-20T22:49:37+00:00","description":"La Direction g\u00e9n\u00e9rale des prisons et de la R\u00e9\u00e9ducation a affirm\u00e9, jeudi 23 mars 2023, que la surveillance au moyen de cam\u00e9ras intervient dans le cadre du resp...","breadcrumb":{"@id":"https:\/\/www.webdo.tn\/fr\/actualite\/national\/affaire-des-cameras-de-surveillance-la-direction-des-prisons-brise-le-silence\/204213\/#breadcrumb"},"inLanguage":"fr-FR","potentialAction":[{"@type":"ReadAction","target":["https:\/\/www.webdo.tn\/fr\/actualite\/national\/affaire-des-cameras-de-surveillance-la-direction-des-prisons-brise-le-silence\/204213\/"]}]},{"@type":"ImageObject","inLanguage":"fr-FR","@id":"https:\/\/www.webdo.tn\/fr\/actualite\/national\/affaire-des-cameras-de-surveillance-la-direction-des-prisons-brise-le-silence\/204213\/#primaryimage","url":"https:\/\/www.webdo.tn\/fr\/wp-content\/uploads\/2023\/03\/2564a7d2763a337f7b7d124719726744.jpg","contentUrl":"https:\/\/www.webdo.tn\/fr\/wp-content\/uploads\/2023\/03\/2564a7d2763a337f7b7d124719726744.jpg","width":750,"height":400,"caption":"cam\u00e9ras de surveillance"},{"@type":"BreadcrumbList","@id":"https:\/\/www.webdo.tn\/fr\/actualite\/national\/affaire-des-cameras-de-surveillance-la-direction-des-prisons-brise-le-silence\/204213\/#breadcrumb","itemListElement":[{"@type":"ListItem","position":1,"name":"Accueil","item":"https:\/\/www.webdo.tn\/fr\/"},{"@type":"ListItem","position":2,"name":"Affaire des cam\u00e9ras de surveillance : La Direction des prisons brise le silence"}]},{"@type":"WebSite","@id":"https:\/\/www.webdo.tn\/fr\/#website","url":"https:\/\/www.webdo.tn\/fr\/","name":"webdo","description":"Tunisie - News en Tunisie et \u00e0 l&#039;international sur Webdo.tn","publisher":{"@id":"https:\/\/www.webdo.tn\/fr\/#organization"},"potentialAction":[{"@type":"SearchAction","target":{"@type":"EntryPoint","urlTemplate":"https:\/\/www.webdo.tn\/fr\/?s={search_term_string}"},"query-input":{"@type":"PropertyValueSpecification","valueRequired":true,"valueName":"search_term_string"}}],"inLanguage":"fr-FR"},{"@type":"Organization","@id":"https:\/\/www.webdo.tn\/fr\/#organization","name":"Webdo","alternateName":"Webdo.tn","url":"https:\/\/www.webdo.tn\/fr\/","logo":{"@type":"ImageObject","inLanguage":"fr-FR","@id":"https:\/\/www.webdo.tn\/fr\/#\/schema\/logo\/image\/","url":"https:\/\/www.webdo.tn\/fr\/wp-content\/uploads\/2025\/06\/Webdo-Tunisie_168377.jpg","contentUrl":"https:\/\/www.webdo.tn\/fr\/wp-content\/uploads\/2025\/06\/Webdo-Tunisie_168377.jpg","width":301,"height":301,"caption":"Webdo"},"image":{"@id":"https:\/\/www.webdo.tn\/fr\/#\/schema\/logo\/image\/"},"sameAs":["https:\/\/www.facebook.com\/webdotn","https:\/\/x.com\/webdo_tn"],"description":"Webdo est un m\u00e9dia num\u00e9rique tunisien fond\u00e9 en 2010, sp\u00e9cialis\u00e9 dans l\u2019actualit\u00e9 nationale et internationale, l\u2019\u00e9conomie, la soci\u00e9t\u00e9 et les analyses politiques. Le site s\u2019adresse \u00e0 un large public francophone et couvre l\u2019information tunisienne en temps r\u00e9el.","email":"redac@webdo.tn","legalName":"YNJ SARL","foundingDate":"2010-09-06","numberOfEmployees":{"@type":"QuantitativeValue","minValue":"11","maxValue":"50"}},{"@type":"Person","@id":"https:\/\/www.webdo.tn\/fr\/#\/schema\/person\/f35b42a42c5e2511bbd282959d6385cc","name":"CL","image":{"@type":"ImageObject","inLanguage":"fr-FR","@id":"https:\/\/secure.gravatar.com\/avatar\/1447a49909b67aa657c488aec6512e1dd6143a480c1ecfee9b5b5cd74eb3b59e?s=96&d=mm&r=g","url":"https:\/\/secure.gravatar.com\/avatar\/1447a49909b67aa657c488aec6512e1dd6143a480c1ecfee9b5b5cd74eb3b59e?s=96&d=mm&r=g","contentUrl":"https:\/\/secure.gravatar.com\/avatar\/1447a49909b67aa657c488aec6512e1dd6143a480c1ecfee9b5b5cd74eb3b59e?s=96&d=mm&r=g","caption":"CL"},"url":"https:\/\/www.webdo.tn\/fr\/actualite\/author\/cl\/"}]}},"_links":{"self":[{"href":"https:\/\/www.webdo.tn\/fr\/wp-json\/wp\/v2\/posts\/204213","targetHints":{"allow":["GET"]}}],"collection":[{"href":"https:\/\/www.webdo.tn\/fr\/wp-json\/wp\/v2\/posts"}],"about":[{"href":"https:\/\/www.webdo.tn\/fr\/wp-json\/wp\/v2\/types\/post"}],"author":[{"embeddable":true,"href":"https:\/\/www.webdo.tn\/fr\/wp-json\/wp\/v2\/users\/3175"}],"replies":[{"embeddable":true,"href":"https:\/\/www.webdo.tn\/fr\/wp-json\/wp\/v2\/comments?post=204213"}],"version-history":[{"count":0,"href":"https:\/\/www.webdo.tn\/fr\/wp-json\/wp\/v2\/posts\/204213\/revisions"}],"wp:featuredmedia":[{"embeddable":true,"href":"https:\/\/www.webdo.tn\/fr\/wp-json\/wp\/v2\/media\/277937"}],"wp:attachment":[{"href":"https:\/\/www.webdo.tn\/fr\/wp-json\/wp\/v2\/media?parent=204213"}],"wp:term":[{"taxonomy":"category","embeddable":true,"href":"https:\/\/www.webdo.tn\/fr\/wp-json\/wp\/v2\/categories?post=204213"},{"taxonomy":"post_tag","embeddable":true,"href":"https:\/\/www.webdo.tn\/fr\/wp-json\/wp\/v2\/tags?post=204213"}],"curies":[{"name":"wp","href":"https:\/\/api.w.org\/{rel}","templated":true}]}}