{"id":204209,"date":"2023-03-23T13:51:00","date_gmt":"2023-03-23T13:51:00","guid":{"rendered":"https:\/\/www.webdo.tn\/fr\/blog\/ons-jabeur-et-paula-badosa-en-double-a-l-open-de-miami\/204209\/"},"modified":"2025-05-20T22:08:09","modified_gmt":"2025-05-20T22:08:09","slug":"ons-jabeur-et-paula-badosa-en-double-a-l-open-de-miami","status":"publish","type":"post","link":"https:\/\/www.webdo.tn\/fr\/actualite\/sport\/ons-jabeur-et-paula-badosa-en-double-a-l-open-de-miami\/204209\/","title":{"rendered":"Ons Jabeur et Paula Badosa en double \u00e0 l&rsquo;Open de Miami"},"content":{"rendered":"<p>La Tunisienne Ons Jabeur (5e mondiale) et l&rsquo;Espagnole Paulo Badosa (29e) disputeront les \u00e9preuves du double dames du Masters 1000 de Miami o\u00f9 les deux tenniswomen affronteront jeudi en 16e de finale, le duo form\u00e9 de l&rsquo;Am\u00e9ricaine Asia Muhammed (278e) et la Kazakhe Ana Danilina (525e).<\/p>\n<p>\t\t\t\t\t\t\t\t\tJabeur et Badosa, qui font partie des meilleurs joueurs de simple du monde, sont mieux arm\u00e9es, sur le papier, que Danilina et Muhammed, mais l\u2019\u00e9tat de forme de la Tunisienne suscite actuellement quelques interrogations depuis qu\u2019elle a admis qu&rsquo;elle \u00e9tait probablement revenue trop t\u00f4t apr\u00e8s sa blessure au genou.<\/p>\n<p>Ons Jabeur, a, rappelons-le, repris le jeu \u00e0 Indian Wells. Apr\u00e8s avoir battu Magdalena Frech lors de son entr\u00e9e en lice, elle a \u00e9t\u00e9 \u00e9limin\u00e9e le 14 mars dernier par Marketa Vondrousova.<\/p>\n<p>En simple, Ons Jabeur, exempt\u00e9e du premier tour, va affronter, demain la Russe Varvara Gracheva, 54e au classement WTA, dans le cadre du deuxi\u00e8me tour.<\/p>\n","protected":false},"excerpt":{"rendered":"<p>La Tunisienne Ons Jabeur (5e mondiale) et l&rsquo;Espagnole Paulo Badosa (29e) disputeront les \u00e9preuves du double dames du Masters 1000 de Miami.<\/p>\n","protected":false},"author":3162,"featured_media":277931,"comment_status":"open","ping_status":"closed","sticky":false,"template":"","format":"standard","meta":{"footnotes":""},"categories":[2593],"tags":[3611,2604,6659,2605],"class_list":["post-204209","post","type-post","status-publish","format-standard","has-post-thumbnail","hentry","category-sport","tag-miami","tag-ons-jabeur","tag-paula-badosa","tag-tennis"],"yoast_head":"<!-- This site is optimized with the Yoast SEO Premium plugin v27.5 (Yoast SEO v27.5) - https:\/\/yoast.com\/product\/yoast-seo-premium-wordpress\/ -->\n<title>Ons Jabeur et Paula Badosa en double \u00e0 l&#039;Open de Miami<\/title>\n<meta name=\"description\" content=\"La Tunisienne Ons Jabeur (5e mondiale) et l&#039;Espagnole Paulo Badosa (29e) disputeront les \u00e9preuves du double dames du Masters 1000 de Miami.\" \/>\n<link rel=\"canonical\" href=\"https:\/\/www.webdo.tn\/fr\/actualite\/sport\/ons-jabeur-et-paula-badosa-en-double-a-l-open-de-miami\/204209\/\" \/>\n<meta property=\"og:locale\" content=\"fr_FR\" \/>\n<meta property=\"og:type\" content=\"article\" \/>\n<meta property=\"og:title\" content=\"Ons Jabeur et Paula Badosa en double \u00e0 l&#039;Open de Miami\" \/>\n<meta property=\"og:description\" content=\"La Tunisienne Ons Jabeur (5e mondiale) et l&#039;Espagnole Paulo Badosa (29e) disputeront les \u00e9preuves du double dames du Masters 1000 de Miami.\" \/>\n<meta property=\"og:url\" content=\"https:\/\/www.webdo.tn\/fr\/actualite\/sport\/ons-jabeur-et-paula-badosa-en-double-a-l-open-de-miami\/204209\/\" \/>\n<meta property=\"og:site_name\" content=\"webdo\" \/>\n<meta property=\"article:publisher\" content=\"https:\/\/www.facebook.com\/webdotn\" \/>\n<meta property=\"article:published_time\" content=\"2023-03-23T13:51:00+00:00\" \/>\n<meta property=\"article:modified_time\" content=\"2025-05-20T22:08:09+00:00\" \/>\n<meta property=\"og:image\" content=\"https:\/\/www.webdo.tn\/fr\/wp-content\/uploads\/2023\/03\/4481982344e8d3bc47cf431edc2ea5ed.jpg\" \/>\n\t<meta property=\"og:image:width\" content=\"750\" \/>\n\t<meta property=\"og:image:height\" content=\"400\" \/>\n\t<meta property=\"og:image:type\" content=\"image\/jpeg\" \/>\n<meta name=\"author\" content=\"MC\" \/>\n<meta name=\"twitter:card\" content=\"summary_large_image\" \/>\n<meta name=\"twitter:creator\" content=\"@webdo_tn\" \/>\n<meta name=\"twitter:site\" content=\"@webdo_tn\" \/>\n<meta name=\"twitter:label1\" content=\"\u00c9crit par\" \/>\n\t<meta name=\"twitter:data1\" content=\"MC\" \/>\n\t<meta name=\"twitter:label2\" content=\"Dur\u00e9e de lecture estim\u00e9e\" \/>\n\t<meta name=\"twitter:data2\" content=\"1 minute\" \/>\n<script type=\"application\/ld+json\" class=\"yoast-schema-graph\">{\"@context\":\"https:\\\/\\\/schema.org\",\"@graph\":[{\"@type\":\"NewsArticle\",\"@id\":\"https:\\\/\\\/www.webdo.tn\\\/fr\\\/actualite\\\/sport\\\/ons-jabeur-et-paula-badosa-en-double-a-l-open-de-miami\\\/204209\\\/#article\",\"isPartOf\":{\"@id\":\"https:\\\/\\\/www.webdo.tn\\\/fr\\\/actualite\\\/sport\\\/ons-jabeur-et-paula-badosa-en-double-a-l-open-de-miami\\\/204209\\\/\"},\"author\":{\"name\":\"MC\",\"@id\":\"https:\\\/\\\/www.webdo.tn\\\/fr\\\/#\\\/schema\\\/person\\\/2c4929cbf5a809e3bd38617c6ce150f6\"},\"headline\":\"Ons Jabeur et Paula Badosa en double \u00e0 l&rsquo;Open de Miami\",\"datePublished\":\"2023-03-23T13:51:00+00:00\",\"dateModified\":\"2025-05-20T22:08:09+00:00\",\"mainEntityOfPage\":{\"@id\":\"https:\\\/\\\/www.webdo.tn\\\/fr\\\/actualite\\\/sport\\\/ons-jabeur-et-paula-badosa-en-double-a-l-open-de-miami\\\/204209\\\/\"},\"wordCount\":174,\"commentCount\":0,\"publisher\":{\"@id\":\"https:\\\/\\\/www.webdo.tn\\\/fr\\\/#organization\"},\"image\":{\"@id\":\"https:\\\/\\\/www.webdo.tn\\\/fr\\\/actualite\\\/sport\\\/ons-jabeur-et-paula-badosa-en-double-a-l-open-de-miami\\\/204209\\\/#primaryimage\"},\"thumbnailUrl\":\"https:\\\/\\\/www.webdo.tn\\\/fr\\\/wp-content\\\/uploads\\\/2023\\\/03\\\/4481982344e8d3bc47cf431edc2ea5ed.jpg\",\"keywords\":[\"miami\",\"Ons Jabeur\",\"paula badosa\",\"tennis\"],\"articleSection\":[\"Sport\"],\"inLanguage\":\"fr-FR\"},{\"@type\":\"WebPage\",\"@id\":\"https:\\\/\\\/www.webdo.tn\\\/fr\\\/actualite\\\/sport\\\/ons-jabeur-et-paula-badosa-en-double-a-l-open-de-miami\\\/204209\\\/\",\"url\":\"https:\\\/\\\/www.webdo.tn\\\/fr\\\/actualite\\\/sport\\\/ons-jabeur-et-paula-badosa-en-double-a-l-open-de-miami\\\/204209\\\/\",\"name\":\"Ons Jabeur et Paula Badosa en double \u00e0 l'Open de Miami\",\"isPartOf\":{\"@id\":\"https:\\\/\\\/www.webdo.tn\\\/fr\\\/#website\"},\"primaryImageOfPage\":{\"@id\":\"https:\\\/\\\/www.webdo.tn\\\/fr\\\/actualite\\\/sport\\\/ons-jabeur-et-paula-badosa-en-double-a-l-open-de-miami\\\/204209\\\/#primaryimage\"},\"image\":{\"@id\":\"https:\\\/\\\/www.webdo.tn\\\/fr\\\/actualite\\\/sport\\\/ons-jabeur-et-paula-badosa-en-double-a-l-open-de-miami\\\/204209\\\/#primaryimage\"},\"thumbnailUrl\":\"https:\\\/\\\/www.webdo.tn\\\/fr\\\/wp-content\\\/uploads\\\/2023\\\/03\\\/4481982344e8d3bc47cf431edc2ea5ed.jpg\",\"datePublished\":\"2023-03-23T13:51:00+00:00\",\"dateModified\":\"2025-05-20T22:08:09+00:00\",\"description\":\"La Tunisienne Ons Jabeur (5e mondiale) et l'Espagnole Paulo Badosa (29e) disputeront les \u00e9preuves du double dames du Masters 1000 de Miami.\",\"breadcrumb\":{\"@id\":\"https:\\\/\\\/www.webdo.tn\\\/fr\\\/actualite\\\/sport\\\/ons-jabeur-et-paula-badosa-en-double-a-l-open-de-miami\\\/204209\\\/#breadcrumb\"},\"inLanguage\":\"fr-FR\",\"potentialAction\":[{\"@type\":\"ReadAction\",\"target\":[\"https:\\\/\\\/www.webdo.tn\\\/fr\\\/actualite\\\/sport\\\/ons-jabeur-et-paula-badosa-en-double-a-l-open-de-miami\\\/204209\\\/\"]}]},{\"@type\":\"ImageObject\",\"inLanguage\":\"fr-FR\",\"@id\":\"https:\\\/\\\/www.webdo.tn\\\/fr\\\/actualite\\\/sport\\\/ons-jabeur-et-paula-badosa-en-double-a-l-open-de-miami\\\/204209\\\/#primaryimage\",\"url\":\"https:\\\/\\\/www.webdo.tn\\\/fr\\\/wp-content\\\/uploads\\\/2023\\\/03\\\/4481982344e8d3bc47cf431edc2ea5ed.jpg\",\"contentUrl\":\"https:\\\/\\\/www.webdo.tn\\\/fr\\\/wp-content\\\/uploads\\\/2023\\\/03\\\/4481982344e8d3bc47cf431edc2ea5ed.jpg\",\"width\":750,\"height\":400,\"caption\":\"Ons Jabeur et Paula Badosa en double \u00e0 l'Open de Miami\"},{\"@type\":\"BreadcrumbList\",\"@id\":\"https:\\\/\\\/www.webdo.tn\\\/fr\\\/actualite\\\/sport\\\/ons-jabeur-et-paula-badosa-en-double-a-l-open-de-miami\\\/204209\\\/#breadcrumb\",\"itemListElement\":[{\"@type\":\"ListItem\",\"position\":1,\"name\":\"Accueil\",\"item\":\"https:\\\/\\\/www.webdo.tn\\\/fr\\\/\"},{\"@type\":\"ListItem\",\"position\":2,\"name\":\"Ons Jabeur et Paula Badosa en double \u00e0 l&rsquo;Open de Miami\"}]},{\"@type\":\"WebSite\",\"@id\":\"https:\\\/\\\/www.webdo.tn\\\/fr\\\/#website\",\"url\":\"https:\\\/\\\/www.webdo.tn\\\/fr\\\/\",\"name\":\"webdo\",\"description\":\"Tunisie - News en Tunisie et \u00e0 l&#039;international sur Webdo.tn\",\"publisher\":{\"@id\":\"https:\\\/\\\/www.webdo.tn\\\/fr\\\/#organization\"},\"potentialAction\":[{\"@type\":\"SearchAction\",\"target\":{\"@type\":\"EntryPoint\",\"urlTemplate\":\"https:\\\/\\\/www.webdo.tn\\\/fr\\\/?s={search_term_string}\"},\"query-input\":{\"@type\":\"PropertyValueSpecification\",\"valueRequired\":true,\"valueName\":\"search_term_string\"}}],\"inLanguage\":\"fr-FR\"},{\"@type\":\"Organization\",\"@id\":\"https:\\\/\\\/www.webdo.tn\\\/fr\\\/#organization\",\"name\":\"Webdo\",\"alternateName\":\"Webdo.tn\",\"url\":\"https:\\\/\\\/www.webdo.tn\\\/fr\\\/\",\"logo\":{\"@type\":\"ImageObject\",\"inLanguage\":\"fr-FR\",\"@id\":\"https:\\\/\\\/www.webdo.tn\\\/fr\\\/#\\\/schema\\\/logo\\\/image\\\/\",\"url\":\"https:\\\/\\\/www.webdo.tn\\\/fr\\\/wp-content\\\/uploads\\\/2025\\\/06\\\/Webdo-Tunisie_168377.jpg\",\"contentUrl\":\"https:\\\/\\\/www.webdo.tn\\\/fr\\\/wp-content\\\/uploads\\\/2025\\\/06\\\/Webdo-Tunisie_168377.jpg\",\"width\":301,\"height\":301,\"caption\":\"Webdo\"},\"image\":{\"@id\":\"https:\\\/\\\/www.webdo.tn\\\/fr\\\/#\\\/schema\\\/logo\\\/image\\\/\"},\"sameAs\":[\"https:\\\/\\\/www.facebook.com\\\/webdotn\",\"https:\\\/\\\/x.com\\\/webdo_tn\"],\"description\":\"Webdo est un m\u00e9dia num\u00e9rique tunisien fond\u00e9 en 2010, sp\u00e9cialis\u00e9 dans l\u2019actualit\u00e9 nationale et internationale, l\u2019\u00e9conomie, la soci\u00e9t\u00e9 et les analyses politiques. Le site s\u2019adresse \u00e0 un large public francophone et couvre l\u2019information tunisienne en temps r\u00e9el.\",\"email\":\"redac@webdo.tn\",\"legalName\":\"YNJ SARL\",\"foundingDate\":\"2010-09-06\",\"numberOfEmployees\":{\"@type\":\"QuantitativeValue\",\"minValue\":\"11\",\"maxValue\":\"50\"}},{\"@type\":\"Person\",\"@id\":\"https:\\\/\\\/www.webdo.tn\\\/fr\\\/#\\\/schema\\\/person\\\/2c4929cbf5a809e3bd38617c6ce150f6\",\"name\":\"MC\",\"image\":{\"@type\":\"ImageObject\",\"inLanguage\":\"fr-FR\",\"@id\":\"https:\\\/\\\/secure.gravatar.com\\\/avatar\\\/a545bbb6f84efdd5553dbbc2895e3ca8f1d12c5215e00a041c9670b54aa9b18a?s=96&d=mm&r=g\",\"url\":\"https:\\\/\\\/secure.gravatar.com\\\/avatar\\\/a545bbb6f84efdd5553dbbc2895e3ca8f1d12c5215e00a041c9670b54aa9b18a?s=96&d=mm&r=g\",\"contentUrl\":\"https:\\\/\\\/secure.gravatar.com\\\/avatar\\\/a545bbb6f84efdd5553dbbc2895e3ca8f1d12c5215e00a041c9670b54aa9b18a?s=96&d=mm&r=g\",\"caption\":\"MC\"},\"url\":\"https:\\\/\\\/www.webdo.tn\\\/fr\\\/actualite\\\/author\\\/mc\\\/\"}]}<\/script>\n<!-- \/ Yoast SEO Premium plugin. -->","yoast_head_json":{"title":"Ons Jabeur et Paula Badosa en double \u00e0 l'Open de Miami","description":"La Tunisienne Ons Jabeur (5e mondiale) et l'Espagnole Paulo Badosa (29e) disputeront les \u00e9preuves du double dames du Masters 1000 de Miami.","canonical":"https:\/\/www.webdo.tn\/fr\/actualite\/sport\/ons-jabeur-et-paula-badosa-en-double-a-l-open-de-miami\/204209\/","og_locale":"fr_FR","og_type":"article","og_title":"Ons Jabeur et Paula Badosa en double \u00e0 l'Open de Miami","og_description":"La Tunisienne Ons Jabeur (5e mondiale) et l'Espagnole Paulo Badosa (29e) disputeront les \u00e9preuves du double dames du Masters 1000 de Miami.","og_url":"https:\/\/www.webdo.tn\/fr\/actualite\/sport\/ons-jabeur-et-paula-badosa-en-double-a-l-open-de-miami\/204209\/","og_site_name":"webdo","article_publisher":"https:\/\/www.facebook.com\/webdotn","article_published_time":"2023-03-23T13:51:00+00:00","article_modified_time":"2025-05-20T22:08:09+00:00","og_image":[{"width":750,"height":400,"url":"https:\/\/www.webdo.tn\/fr\/wp-content\/uploads\/2023\/03\/4481982344e8d3bc47cf431edc2ea5ed.jpg","type":"image\/jpeg"}],"author":"MC","twitter_card":"summary_large_image","twitter_creator":"@webdo_tn","twitter_site":"@webdo_tn","twitter_misc":{"\u00c9crit par":"MC","Dur\u00e9e de lecture estim\u00e9e":"1 minute"},"schema":{"@context":"https:\/\/schema.org","@graph":[{"@type":"NewsArticle","@id":"https:\/\/www.webdo.tn\/fr\/actualite\/sport\/ons-jabeur-et-paula-badosa-en-double-a-l-open-de-miami\/204209\/#article","isPartOf":{"@id":"https:\/\/www.webdo.tn\/fr\/actualite\/sport\/ons-jabeur-et-paula-badosa-en-double-a-l-open-de-miami\/204209\/"},"author":{"name":"MC","@id":"https:\/\/www.webdo.tn\/fr\/#\/schema\/person\/2c4929cbf5a809e3bd38617c6ce150f6"},"headline":"Ons Jabeur et Paula Badosa en double \u00e0 l&rsquo;Open de Miami","datePublished":"2023-03-23T13:51:00+00:00","dateModified":"2025-05-20T22:08:09+00:00","mainEntityOfPage":{"@id":"https:\/\/www.webdo.tn\/fr\/actualite\/sport\/ons-jabeur-et-paula-badosa-en-double-a-l-open-de-miami\/204209\/"},"wordCount":174,"commentCount":0,"publisher":{"@id":"https:\/\/www.webdo.tn\/fr\/#organization"},"image":{"@id":"https:\/\/www.webdo.tn\/fr\/actualite\/sport\/ons-jabeur-et-paula-badosa-en-double-a-l-open-de-miami\/204209\/#primaryimage"},"thumbnailUrl":"https:\/\/www.webdo.tn\/fr\/wp-content\/uploads\/2023\/03\/4481982344e8d3bc47cf431edc2ea5ed.jpg","keywords":["miami","Ons Jabeur","paula badosa","tennis"],"articleSection":["Sport"],"inLanguage":"fr-FR"},{"@type":"WebPage","@id":"https:\/\/www.webdo.tn\/fr\/actualite\/sport\/ons-jabeur-et-paula-badosa-en-double-a-l-open-de-miami\/204209\/","url":"https:\/\/www.webdo.tn\/fr\/actualite\/sport\/ons-jabeur-et-paula-badosa-en-double-a-l-open-de-miami\/204209\/","name":"Ons Jabeur et Paula Badosa en double \u00e0 l'Open de Miami","isPartOf":{"@id":"https:\/\/www.webdo.tn\/fr\/#website"},"primaryImageOfPage":{"@id":"https:\/\/www.webdo.tn\/fr\/actualite\/sport\/ons-jabeur-et-paula-badosa-en-double-a-l-open-de-miami\/204209\/#primaryimage"},"image":{"@id":"https:\/\/www.webdo.tn\/fr\/actualite\/sport\/ons-jabeur-et-paula-badosa-en-double-a-l-open-de-miami\/204209\/#primaryimage"},"thumbnailUrl":"https:\/\/www.webdo.tn\/fr\/wp-content\/uploads\/2023\/03\/4481982344e8d3bc47cf431edc2ea5ed.jpg","datePublished":"2023-03-23T13:51:00+00:00","dateModified":"2025-05-20T22:08:09+00:00","description":"La Tunisienne Ons Jabeur (5e mondiale) et l'Espagnole Paulo Badosa (29e) disputeront les \u00e9preuves du double dames du Masters 1000 de Miami.","breadcrumb":{"@id":"https:\/\/www.webdo.tn\/fr\/actualite\/sport\/ons-jabeur-et-paula-badosa-en-double-a-l-open-de-miami\/204209\/#breadcrumb"},"inLanguage":"fr-FR","potentialAction":[{"@type":"ReadAction","target":["https:\/\/www.webdo.tn\/fr\/actualite\/sport\/ons-jabeur-et-paula-badosa-en-double-a-l-open-de-miami\/204209\/"]}]},{"@type":"ImageObject","inLanguage":"fr-FR","@id":"https:\/\/www.webdo.tn\/fr\/actualite\/sport\/ons-jabeur-et-paula-badosa-en-double-a-l-open-de-miami\/204209\/#primaryimage","url":"https:\/\/www.webdo.tn\/fr\/wp-content\/uploads\/2023\/03\/4481982344e8d3bc47cf431edc2ea5ed.jpg","contentUrl":"https:\/\/www.webdo.tn\/fr\/wp-content\/uploads\/2023\/03\/4481982344e8d3bc47cf431edc2ea5ed.jpg","width":750,"height":400,"caption":"Ons Jabeur et Paula Badosa en double \u00e0 l'Open de Miami"},{"@type":"BreadcrumbList","@id":"https:\/\/www.webdo.tn\/fr\/actualite\/sport\/ons-jabeur-et-paula-badosa-en-double-a-l-open-de-miami\/204209\/#breadcrumb","itemListElement":[{"@type":"ListItem","position":1,"name":"Accueil","item":"https:\/\/www.webdo.tn\/fr\/"},{"@type":"ListItem","position":2,"name":"Ons Jabeur et Paula Badosa en double \u00e0 l&rsquo;Open de Miami"}]},{"@type":"WebSite","@id":"https:\/\/www.webdo.tn\/fr\/#website","url":"https:\/\/www.webdo.tn\/fr\/","name":"webdo","description":"Tunisie - News en Tunisie et \u00e0 l&#039;international sur Webdo.tn","publisher":{"@id":"https:\/\/www.webdo.tn\/fr\/#organization"},"potentialAction":[{"@type":"SearchAction","target":{"@type":"EntryPoint","urlTemplate":"https:\/\/www.webdo.tn\/fr\/?s={search_term_string}"},"query-input":{"@type":"PropertyValueSpecification","valueRequired":true,"valueName":"search_term_string"}}],"inLanguage":"fr-FR"},{"@type":"Organization","@id":"https:\/\/www.webdo.tn\/fr\/#organization","name":"Webdo","alternateName":"Webdo.tn","url":"https:\/\/www.webdo.tn\/fr\/","logo":{"@type":"ImageObject","inLanguage":"fr-FR","@id":"https:\/\/www.webdo.tn\/fr\/#\/schema\/logo\/image\/","url":"https:\/\/www.webdo.tn\/fr\/wp-content\/uploads\/2025\/06\/Webdo-Tunisie_168377.jpg","contentUrl":"https:\/\/www.webdo.tn\/fr\/wp-content\/uploads\/2025\/06\/Webdo-Tunisie_168377.jpg","width":301,"height":301,"caption":"Webdo"},"image":{"@id":"https:\/\/www.webdo.tn\/fr\/#\/schema\/logo\/image\/"},"sameAs":["https:\/\/www.facebook.com\/webdotn","https:\/\/x.com\/webdo_tn"],"description":"Webdo est un m\u00e9dia num\u00e9rique tunisien fond\u00e9 en 2010, sp\u00e9cialis\u00e9 dans l\u2019actualit\u00e9 nationale et internationale, l\u2019\u00e9conomie, la soci\u00e9t\u00e9 et les analyses politiques. Le site s\u2019adresse \u00e0 un large public francophone et couvre l\u2019information tunisienne en temps r\u00e9el.","email":"redac@webdo.tn","legalName":"YNJ SARL","foundingDate":"2010-09-06","numberOfEmployees":{"@type":"QuantitativeValue","minValue":"11","maxValue":"50"}},{"@type":"Person","@id":"https:\/\/www.webdo.tn\/fr\/#\/schema\/person\/2c4929cbf5a809e3bd38617c6ce150f6","name":"MC","image":{"@type":"ImageObject","inLanguage":"fr-FR","@id":"https:\/\/secure.gravatar.com\/avatar\/a545bbb6f84efdd5553dbbc2895e3ca8f1d12c5215e00a041c9670b54aa9b18a?s=96&d=mm&r=g","url":"https:\/\/secure.gravatar.com\/avatar\/a545bbb6f84efdd5553dbbc2895e3ca8f1d12c5215e00a041c9670b54aa9b18a?s=96&d=mm&r=g","contentUrl":"https:\/\/secure.gravatar.com\/avatar\/a545bbb6f84efdd5553dbbc2895e3ca8f1d12c5215e00a041c9670b54aa9b18a?s=96&d=mm&r=g","caption":"MC"},"url":"https:\/\/www.webdo.tn\/fr\/actualite\/author\/mc\/"}]}},"_links":{"self":[{"href":"https:\/\/www.webdo.tn\/fr\/wp-json\/wp\/v2\/posts\/204209","targetHints":{"allow":["GET"]}}],"collection":[{"href":"https:\/\/www.webdo.tn\/fr\/wp-json\/wp\/v2\/posts"}],"about":[{"href":"https:\/\/www.webdo.tn\/fr\/wp-json\/wp\/v2\/types\/post"}],"author":[{"embeddable":true,"href":"https:\/\/www.webdo.tn\/fr\/wp-json\/wp\/v2\/users\/3162"}],"replies":[{"embeddable":true,"href":"https:\/\/www.webdo.tn\/fr\/wp-json\/wp\/v2\/comments?post=204209"}],"version-history":[{"count":0,"href":"https:\/\/www.webdo.tn\/fr\/wp-json\/wp\/v2\/posts\/204209\/revisions"}],"wp:featuredmedia":[{"embeddable":true,"href":"https:\/\/www.webdo.tn\/fr\/wp-json\/wp\/v2\/media\/277931"}],"wp:attachment":[{"href":"https:\/\/www.webdo.tn\/fr\/wp-json\/wp\/v2\/media?parent=204209"}],"wp:term":[{"taxonomy":"category","embeddable":true,"href":"https:\/\/www.webdo.tn\/fr\/wp-json\/wp\/v2\/categories?post=204209"},{"taxonomy":"post_tag","embeddable":true,"href":"https:\/\/www.webdo.tn\/fr\/wp-json\/wp\/v2\/tags?post=204209"}],"curies":[{"name":"wp","href":"https:\/\/api.w.org\/{rel}","templated":true}]}}