{"id":204191,"date":"2023-03-22T19:56:00","date_gmt":"2023-03-22T19:56:00","guid":{"rendered":"https:\/\/www.webdo.tn\/fr\/blog\/la-demande-de-liberation-de-noureddine-boutar-est-rejetee\/204191\/"},"modified":"2023-03-22T19:56:00","modified_gmt":"2023-03-22T19:56:00","slug":"la-demande-de-liberation-de-noureddine-boutar-est-rejetee","status":"publish","type":"post","link":"https:\/\/www.webdo.tn\/fr\/actualite\/national\/la-demande-de-liberation-de-noureddine-boutar-est-rejetee\/204191\/","title":{"rendered":"La demande de lib\u00e9ration de Noureddine Boutar est rejet\u00e9e"},"content":{"rendered":"<p>La chambre de mises en accusation de la Cour d\u2019appel de Tunis a refus\u00e9 aujourd&rsquo;hui, mercredi 22 mars 2023, la demande de lib\u00e9ration du directeur g\u00e9n\u00e9ral de la radio Mosa\u00efque FM, Noureddine Boutar, d\u00e9pos\u00e9e par son comit\u00e9 de soutien, selon la radio priv\u00e9e.<\/p>\n<p>\t\t\t\t\t\t\t\t\tLe juge d\u2019instruction au P\u00f4le judiciaire financier a \u00e9mis, lundi 20 f\u00e9vrier 2023, un mandat de d\u00e9p\u00f4t contre le directeur g\u00e9n\u00e9ral de la radio Mosa\u00efque FM, Noureddine Boutar.<\/p>\n<p>Selon son avicat,\u00a0Me\u00a0Ayoub\u00a0Ghedamsi, Noureddine Boutar est accus\u00e9 de blanchiment d\u2019argent et d\u2019enrichissement ill\u00e9gal.<\/p>\n","protected":false},"excerpt":{"rendered":"<p>La chambre de mises en accusation de la Cour d\u2019appel de Tunis a refus\u00e9 aujourd&rsquo;hui, mercredi 22 mars 2023, la demande de lib\u00e9ration du directeur g\u00e9n\u00e9ral de la r&#8230;<\/p>\n","protected":false},"author":3169,"featured_media":251664,"comment_status":"open","ping_status":"closed","sticky":false,"template":"","format":"standard","meta":{"footnotes":""},"categories":[44],"tags":[3938,5808,8391,7399,2608],"class_list":["post-204191","post","type-post","status-publish","format-standard","has-post-thumbnail","hentry","category-national","tag-liberation","tag-mosaique-fm","tag-noureddine-boutar","tag-rejet","tag-tunisie"],"yoast_head":"<!-- This site is optimized with the Yoast SEO Premium plugin v27.5 (Yoast SEO v27.5) - https:\/\/yoast.com\/product\/yoast-seo-premium-wordpress\/ -->\n<title>La demande de lib\u00e9ration de Noureddine Boutar est rejet\u00e9e<\/title>\n<meta name=\"description\" content=\"La chambre de mises en accusation de la Cour d\u2019appel de Tunis a refus\u00e9 aujourd&#039;hui, mercredi 22 mars 2023, la demande de lib\u00e9ration du directeur g\u00e9n\u00e9ral de la r...\" \/>\n<link rel=\"canonical\" href=\"https:\/\/www.webdo.tn\/fr\/actualite\/national\/la-demande-de-liberation-de-noureddine-boutar-est-rejetee\/204191\/\" \/>\n<meta property=\"og:locale\" content=\"fr_FR\" \/>\n<meta property=\"og:type\" content=\"article\" \/>\n<meta property=\"og:title\" content=\"La demande de lib\u00e9ration de Noureddine Boutar est rejet\u00e9e\" \/>\n<meta property=\"og:description\" content=\"La chambre de mises en accusation de la Cour d\u2019appel de Tunis a refus\u00e9 aujourd&#039;hui, mercredi 22 mars 2023, la demande de lib\u00e9ration du directeur g\u00e9n\u00e9ral de la r...\" \/>\n<meta property=\"og:url\" content=\"https:\/\/www.webdo.tn\/fr\/actualite\/national\/la-demande-de-liberation-de-noureddine-boutar-est-rejetee\/204191\/\" \/>\n<meta property=\"og:site_name\" content=\"webdo\" \/>\n<meta property=\"article:publisher\" content=\"https:\/\/www.facebook.com\/webdotn\" \/>\n<meta property=\"article:published_time\" content=\"2023-03-22T19:56:00+00:00\" \/>\n<meta property=\"og:image\" content=\"https:\/\/www.webdo.tn\/fr\/wp-content\/uploads\/2023\/03\/f75384762efee6f14096833007bb9b11.png\" \/>\n\t<meta property=\"og:image:width\" content=\"750\" \/>\n\t<meta property=\"og:image:height\" content=\"400\" \/>\n\t<meta property=\"og:image:type\" content=\"image\/png\" \/>\n<meta name=\"author\" content=\"Webdo\" \/>\n<meta name=\"twitter:card\" content=\"summary_large_image\" \/>\n<meta name=\"twitter:creator\" content=\"@webdo_tn\" \/>\n<meta name=\"twitter:site\" content=\"@webdo_tn\" \/>\n<meta name=\"twitter:label1\" content=\"\u00c9crit par\" \/>\n\t<meta name=\"twitter:data1\" content=\"Webdo\" \/>\n\t<meta name=\"twitter:label2\" content=\"Dur\u00e9e de lecture estim\u00e9e\" \/>\n\t<meta name=\"twitter:data2\" content=\"1 minute\" \/>\n<script type=\"application\/ld+json\" class=\"yoast-schema-graph\">{\"@context\":\"https:\\\/\\\/schema.org\",\"@graph\":[{\"@type\":\"NewsArticle\",\"@id\":\"https:\\\/\\\/www.webdo.tn\\\/fr\\\/actualite\\\/national\\\/la-demande-de-liberation-de-noureddine-boutar-est-rejetee\\\/204191\\\/#article\",\"isPartOf\":{\"@id\":\"https:\\\/\\\/www.webdo.tn\\\/fr\\\/actualite\\\/national\\\/la-demande-de-liberation-de-noureddine-boutar-est-rejetee\\\/204191\\\/\"},\"author\":{\"name\":\"Webdo\",\"@id\":\"https:\\\/\\\/www.webdo.tn\\\/fr\\\/#\\\/schema\\\/person\\\/1f4e491e0907b413d61089e8eb573acc\"},\"headline\":\"La demande de lib\u00e9ration de Noureddine Boutar est rejet\u00e9e\",\"datePublished\":\"2023-03-22T19:56:00+00:00\",\"mainEntityOfPage\":{\"@id\":\"https:\\\/\\\/www.webdo.tn\\\/fr\\\/actualite\\\/national\\\/la-demande-de-liberation-de-noureddine-boutar-est-rejetee\\\/204191\\\/\"},\"wordCount\":114,\"commentCount\":0,\"publisher\":{\"@id\":\"https:\\\/\\\/www.webdo.tn\\\/fr\\\/#organization\"},\"image\":{\"@id\":\"https:\\\/\\\/www.webdo.tn\\\/fr\\\/actualite\\\/national\\\/la-demande-de-liberation-de-noureddine-boutar-est-rejetee\\\/204191\\\/#primaryimage\"},\"thumbnailUrl\":\"https:\\\/\\\/www.webdo.tn\\\/fr\\\/wp-content\\\/uploads\\\/2023\\\/03\\\/f75384762efee6f14096833007bb9b11.png\",\"keywords\":[\"lib\u00e9ration\",\"mosaique fm\",\"noureddine boutar\",\"rejet\",\"Tunisie\"],\"articleSection\":[\"National\"],\"inLanguage\":\"fr-FR\"},{\"@type\":\"WebPage\",\"@id\":\"https:\\\/\\\/www.webdo.tn\\\/fr\\\/actualite\\\/national\\\/la-demande-de-liberation-de-noureddine-boutar-est-rejetee\\\/204191\\\/\",\"url\":\"https:\\\/\\\/www.webdo.tn\\\/fr\\\/actualite\\\/national\\\/la-demande-de-liberation-de-noureddine-boutar-est-rejetee\\\/204191\\\/\",\"name\":\"La demande de lib\u00e9ration de Noureddine Boutar est rejet\u00e9e\",\"isPartOf\":{\"@id\":\"https:\\\/\\\/www.webdo.tn\\\/fr\\\/#website\"},\"primaryImageOfPage\":{\"@id\":\"https:\\\/\\\/www.webdo.tn\\\/fr\\\/actualite\\\/national\\\/la-demande-de-liberation-de-noureddine-boutar-est-rejetee\\\/204191\\\/#primaryimage\"},\"image\":{\"@id\":\"https:\\\/\\\/www.webdo.tn\\\/fr\\\/actualite\\\/national\\\/la-demande-de-liberation-de-noureddine-boutar-est-rejetee\\\/204191\\\/#primaryimage\"},\"thumbnailUrl\":\"https:\\\/\\\/www.webdo.tn\\\/fr\\\/wp-content\\\/uploads\\\/2023\\\/03\\\/f75384762efee6f14096833007bb9b11.png\",\"datePublished\":\"2023-03-22T19:56:00+00:00\",\"description\":\"La chambre de mises en accusation de la Cour d\u2019appel de Tunis a refus\u00e9 aujourd'hui, mercredi 22 mars 2023, la demande de lib\u00e9ration du directeur g\u00e9n\u00e9ral de la r...\",\"breadcrumb\":{\"@id\":\"https:\\\/\\\/www.webdo.tn\\\/fr\\\/actualite\\\/national\\\/la-demande-de-liberation-de-noureddine-boutar-est-rejetee\\\/204191\\\/#breadcrumb\"},\"inLanguage\":\"fr-FR\",\"potentialAction\":[{\"@type\":\"ReadAction\",\"target\":[\"https:\\\/\\\/www.webdo.tn\\\/fr\\\/actualite\\\/national\\\/la-demande-de-liberation-de-noureddine-boutar-est-rejetee\\\/204191\\\/\"]}]},{\"@type\":\"ImageObject\",\"inLanguage\":\"fr-FR\",\"@id\":\"https:\\\/\\\/www.webdo.tn\\\/fr\\\/actualite\\\/national\\\/la-demande-de-liberation-de-noureddine-boutar-est-rejetee\\\/204191\\\/#primaryimage\",\"url\":\"https:\\\/\\\/www.webdo.tn\\\/fr\\\/wp-content\\\/uploads\\\/2023\\\/03\\\/f75384762efee6f14096833007bb9b11.png\",\"contentUrl\":\"https:\\\/\\\/www.webdo.tn\\\/fr\\\/wp-content\\\/uploads\\\/2023\\\/03\\\/f75384762efee6f14096833007bb9b11.png\",\"width\":750,\"height\":400,\"caption\":\"La demande de lib\u00e9ration de Noureddine Boutar est rejet\u00e9e\"},{\"@type\":\"BreadcrumbList\",\"@id\":\"https:\\\/\\\/www.webdo.tn\\\/fr\\\/actualite\\\/national\\\/la-demande-de-liberation-de-noureddine-boutar-est-rejetee\\\/204191\\\/#breadcrumb\",\"itemListElement\":[{\"@type\":\"ListItem\",\"position\":1,\"name\":\"Accueil\",\"item\":\"https:\\\/\\\/www.webdo.tn\\\/fr\\\/\"},{\"@type\":\"ListItem\",\"position\":2,\"name\":\"La demande de lib\u00e9ration de Noureddine Boutar est rejet\u00e9e\"}]},{\"@type\":\"WebSite\",\"@id\":\"https:\\\/\\\/www.webdo.tn\\\/fr\\\/#website\",\"url\":\"https:\\\/\\\/www.webdo.tn\\\/fr\\\/\",\"name\":\"webdo\",\"description\":\"Tunisie - News en Tunisie et \u00e0 l&#039;international sur Webdo.tn\",\"publisher\":{\"@id\":\"https:\\\/\\\/www.webdo.tn\\\/fr\\\/#organization\"},\"potentialAction\":[{\"@type\":\"SearchAction\",\"target\":{\"@type\":\"EntryPoint\",\"urlTemplate\":\"https:\\\/\\\/www.webdo.tn\\\/fr\\\/?s={search_term_string}\"},\"query-input\":{\"@type\":\"PropertyValueSpecification\",\"valueRequired\":true,\"valueName\":\"search_term_string\"}}],\"inLanguage\":\"fr-FR\"},{\"@type\":\"Organization\",\"@id\":\"https:\\\/\\\/www.webdo.tn\\\/fr\\\/#organization\",\"name\":\"Webdo\",\"alternateName\":\"Webdo.tn\",\"url\":\"https:\\\/\\\/www.webdo.tn\\\/fr\\\/\",\"logo\":{\"@type\":\"ImageObject\",\"inLanguage\":\"fr-FR\",\"@id\":\"https:\\\/\\\/www.webdo.tn\\\/fr\\\/#\\\/schema\\\/logo\\\/image\\\/\",\"url\":\"https:\\\/\\\/www.webdo.tn\\\/fr\\\/wp-content\\\/uploads\\\/2025\\\/06\\\/Webdo-Tunisie_168377.jpg\",\"contentUrl\":\"https:\\\/\\\/www.webdo.tn\\\/fr\\\/wp-content\\\/uploads\\\/2025\\\/06\\\/Webdo-Tunisie_168377.jpg\",\"width\":301,\"height\":301,\"caption\":\"Webdo\"},\"image\":{\"@id\":\"https:\\\/\\\/www.webdo.tn\\\/fr\\\/#\\\/schema\\\/logo\\\/image\\\/\"},\"sameAs\":[\"https:\\\/\\\/www.facebook.com\\\/webdotn\",\"https:\\\/\\\/x.com\\\/webdo_tn\"],\"description\":\"Webdo est un m\u00e9dia num\u00e9rique tunisien fond\u00e9 en 2010, sp\u00e9cialis\u00e9 dans l\u2019actualit\u00e9 nationale et internationale, l\u2019\u00e9conomie, la soci\u00e9t\u00e9 et les analyses politiques. Le site s\u2019adresse \u00e0 un large public francophone et couvre l\u2019information tunisienne en temps r\u00e9el.\",\"email\":\"redac@webdo.tn\",\"legalName\":\"YNJ SARL\",\"foundingDate\":\"2010-09-06\",\"numberOfEmployees\":{\"@type\":\"QuantitativeValue\",\"minValue\":\"11\",\"maxValue\":\"50\"}},{\"@type\":\"Person\",\"@id\":\"https:\\\/\\\/www.webdo.tn\\\/fr\\\/#\\\/schema\\\/person\\\/1f4e491e0907b413d61089e8eb573acc\",\"name\":\"Webdo\",\"image\":{\"@type\":\"ImageObject\",\"inLanguage\":\"fr-FR\",\"@id\":\"https:\\\/\\\/secure.gravatar.com\\\/avatar\\\/de97aeec1bb80978a9dbb127e47dfc88aaacb2f3c29aac907d8d3222e3495d49?s=96&d=mm&r=g\",\"url\":\"https:\\\/\\\/secure.gravatar.com\\\/avatar\\\/de97aeec1bb80978a9dbb127e47dfc88aaacb2f3c29aac907d8d3222e3495d49?s=96&d=mm&r=g\",\"contentUrl\":\"https:\\\/\\\/secure.gravatar.com\\\/avatar\\\/de97aeec1bb80978a9dbb127e47dfc88aaacb2f3c29aac907d8d3222e3495d49?s=96&d=mm&r=g\",\"caption\":\"Webdo\"},\"url\":\"https:\\\/\\\/www.webdo.tn\\\/fr\\\/actualite\\\/author\\\/webdo\\\/\"}]}<\/script>\n<!-- \/ Yoast SEO Premium plugin. -->","yoast_head_json":{"title":"La demande de lib\u00e9ration de Noureddine Boutar est rejet\u00e9e","description":"La chambre de mises en accusation de la Cour d\u2019appel de Tunis a refus\u00e9 aujourd'hui, mercredi 22 mars 2023, la demande de lib\u00e9ration du directeur g\u00e9n\u00e9ral de la r...","canonical":"https:\/\/www.webdo.tn\/fr\/actualite\/national\/la-demande-de-liberation-de-noureddine-boutar-est-rejetee\/204191\/","og_locale":"fr_FR","og_type":"article","og_title":"La demande de lib\u00e9ration de Noureddine Boutar est rejet\u00e9e","og_description":"La chambre de mises en accusation de la Cour d\u2019appel de Tunis a refus\u00e9 aujourd'hui, mercredi 22 mars 2023, la demande de lib\u00e9ration du directeur g\u00e9n\u00e9ral de la r...","og_url":"https:\/\/www.webdo.tn\/fr\/actualite\/national\/la-demande-de-liberation-de-noureddine-boutar-est-rejetee\/204191\/","og_site_name":"webdo","article_publisher":"https:\/\/www.facebook.com\/webdotn","article_published_time":"2023-03-22T19:56:00+00:00","og_image":[{"width":750,"height":400,"url":"https:\/\/www.webdo.tn\/fr\/wp-content\/uploads\/2023\/03\/f75384762efee6f14096833007bb9b11.png","type":"image\/png"}],"author":"Webdo","twitter_card":"summary_large_image","twitter_creator":"@webdo_tn","twitter_site":"@webdo_tn","twitter_misc":{"\u00c9crit par":"Webdo","Dur\u00e9e de lecture estim\u00e9e":"1 minute"},"schema":{"@context":"https:\/\/schema.org","@graph":[{"@type":"NewsArticle","@id":"https:\/\/www.webdo.tn\/fr\/actualite\/national\/la-demande-de-liberation-de-noureddine-boutar-est-rejetee\/204191\/#article","isPartOf":{"@id":"https:\/\/www.webdo.tn\/fr\/actualite\/national\/la-demande-de-liberation-de-noureddine-boutar-est-rejetee\/204191\/"},"author":{"name":"Webdo","@id":"https:\/\/www.webdo.tn\/fr\/#\/schema\/person\/1f4e491e0907b413d61089e8eb573acc"},"headline":"La demande de lib\u00e9ration de Noureddine Boutar est rejet\u00e9e","datePublished":"2023-03-22T19:56:00+00:00","mainEntityOfPage":{"@id":"https:\/\/www.webdo.tn\/fr\/actualite\/national\/la-demande-de-liberation-de-noureddine-boutar-est-rejetee\/204191\/"},"wordCount":114,"commentCount":0,"publisher":{"@id":"https:\/\/www.webdo.tn\/fr\/#organization"},"image":{"@id":"https:\/\/www.webdo.tn\/fr\/actualite\/national\/la-demande-de-liberation-de-noureddine-boutar-est-rejetee\/204191\/#primaryimage"},"thumbnailUrl":"https:\/\/www.webdo.tn\/fr\/wp-content\/uploads\/2023\/03\/f75384762efee6f14096833007bb9b11.png","keywords":["lib\u00e9ration","mosaique fm","noureddine boutar","rejet","Tunisie"],"articleSection":["National"],"inLanguage":"fr-FR"},{"@type":"WebPage","@id":"https:\/\/www.webdo.tn\/fr\/actualite\/national\/la-demande-de-liberation-de-noureddine-boutar-est-rejetee\/204191\/","url":"https:\/\/www.webdo.tn\/fr\/actualite\/national\/la-demande-de-liberation-de-noureddine-boutar-est-rejetee\/204191\/","name":"La demande de lib\u00e9ration de Noureddine Boutar est rejet\u00e9e","isPartOf":{"@id":"https:\/\/www.webdo.tn\/fr\/#website"},"primaryImageOfPage":{"@id":"https:\/\/www.webdo.tn\/fr\/actualite\/national\/la-demande-de-liberation-de-noureddine-boutar-est-rejetee\/204191\/#primaryimage"},"image":{"@id":"https:\/\/www.webdo.tn\/fr\/actualite\/national\/la-demande-de-liberation-de-noureddine-boutar-est-rejetee\/204191\/#primaryimage"},"thumbnailUrl":"https:\/\/www.webdo.tn\/fr\/wp-content\/uploads\/2023\/03\/f75384762efee6f14096833007bb9b11.png","datePublished":"2023-03-22T19:56:00+00:00","description":"La chambre de mises en accusation de la Cour d\u2019appel de Tunis a refus\u00e9 aujourd'hui, mercredi 22 mars 2023, la demande de lib\u00e9ration du directeur g\u00e9n\u00e9ral de la r...","breadcrumb":{"@id":"https:\/\/www.webdo.tn\/fr\/actualite\/national\/la-demande-de-liberation-de-noureddine-boutar-est-rejetee\/204191\/#breadcrumb"},"inLanguage":"fr-FR","potentialAction":[{"@type":"ReadAction","target":["https:\/\/www.webdo.tn\/fr\/actualite\/national\/la-demande-de-liberation-de-noureddine-boutar-est-rejetee\/204191\/"]}]},{"@type":"ImageObject","inLanguage":"fr-FR","@id":"https:\/\/www.webdo.tn\/fr\/actualite\/national\/la-demande-de-liberation-de-noureddine-boutar-est-rejetee\/204191\/#primaryimage","url":"https:\/\/www.webdo.tn\/fr\/wp-content\/uploads\/2023\/03\/f75384762efee6f14096833007bb9b11.png","contentUrl":"https:\/\/www.webdo.tn\/fr\/wp-content\/uploads\/2023\/03\/f75384762efee6f14096833007bb9b11.png","width":750,"height":400,"caption":"La demande de lib\u00e9ration de Noureddine Boutar est rejet\u00e9e"},{"@type":"BreadcrumbList","@id":"https:\/\/www.webdo.tn\/fr\/actualite\/national\/la-demande-de-liberation-de-noureddine-boutar-est-rejetee\/204191\/#breadcrumb","itemListElement":[{"@type":"ListItem","position":1,"name":"Accueil","item":"https:\/\/www.webdo.tn\/fr\/"},{"@type":"ListItem","position":2,"name":"La demande de lib\u00e9ration de Noureddine Boutar est rejet\u00e9e"}]},{"@type":"WebSite","@id":"https:\/\/www.webdo.tn\/fr\/#website","url":"https:\/\/www.webdo.tn\/fr\/","name":"webdo","description":"Tunisie - News en Tunisie et \u00e0 l&#039;international sur Webdo.tn","publisher":{"@id":"https:\/\/www.webdo.tn\/fr\/#organization"},"potentialAction":[{"@type":"SearchAction","target":{"@type":"EntryPoint","urlTemplate":"https:\/\/www.webdo.tn\/fr\/?s={search_term_string}"},"query-input":{"@type":"PropertyValueSpecification","valueRequired":true,"valueName":"search_term_string"}}],"inLanguage":"fr-FR"},{"@type":"Organization","@id":"https:\/\/www.webdo.tn\/fr\/#organization","name":"Webdo","alternateName":"Webdo.tn","url":"https:\/\/www.webdo.tn\/fr\/","logo":{"@type":"ImageObject","inLanguage":"fr-FR","@id":"https:\/\/www.webdo.tn\/fr\/#\/schema\/logo\/image\/","url":"https:\/\/www.webdo.tn\/fr\/wp-content\/uploads\/2025\/06\/Webdo-Tunisie_168377.jpg","contentUrl":"https:\/\/www.webdo.tn\/fr\/wp-content\/uploads\/2025\/06\/Webdo-Tunisie_168377.jpg","width":301,"height":301,"caption":"Webdo"},"image":{"@id":"https:\/\/www.webdo.tn\/fr\/#\/schema\/logo\/image\/"},"sameAs":["https:\/\/www.facebook.com\/webdotn","https:\/\/x.com\/webdo_tn"],"description":"Webdo est un m\u00e9dia num\u00e9rique tunisien fond\u00e9 en 2010, sp\u00e9cialis\u00e9 dans l\u2019actualit\u00e9 nationale et internationale, l\u2019\u00e9conomie, la soci\u00e9t\u00e9 et les analyses politiques. Le site s\u2019adresse \u00e0 un large public francophone et couvre l\u2019information tunisienne en temps r\u00e9el.","email":"redac@webdo.tn","legalName":"YNJ SARL","foundingDate":"2010-09-06","numberOfEmployees":{"@type":"QuantitativeValue","minValue":"11","maxValue":"50"}},{"@type":"Person","@id":"https:\/\/www.webdo.tn\/fr\/#\/schema\/person\/1f4e491e0907b413d61089e8eb573acc","name":"Webdo","image":{"@type":"ImageObject","inLanguage":"fr-FR","@id":"https:\/\/secure.gravatar.com\/avatar\/de97aeec1bb80978a9dbb127e47dfc88aaacb2f3c29aac907d8d3222e3495d49?s=96&d=mm&r=g","url":"https:\/\/secure.gravatar.com\/avatar\/de97aeec1bb80978a9dbb127e47dfc88aaacb2f3c29aac907d8d3222e3495d49?s=96&d=mm&r=g","contentUrl":"https:\/\/secure.gravatar.com\/avatar\/de97aeec1bb80978a9dbb127e47dfc88aaacb2f3c29aac907d8d3222e3495d49?s=96&d=mm&r=g","caption":"Webdo"},"url":"https:\/\/www.webdo.tn\/fr\/actualite\/author\/webdo\/"}]}},"_links":{"self":[{"href":"https:\/\/www.webdo.tn\/fr\/wp-json\/wp\/v2\/posts\/204191","targetHints":{"allow":["GET"]}}],"collection":[{"href":"https:\/\/www.webdo.tn\/fr\/wp-json\/wp\/v2\/posts"}],"about":[{"href":"https:\/\/www.webdo.tn\/fr\/wp-json\/wp\/v2\/types\/post"}],"author":[{"embeddable":true,"href":"https:\/\/www.webdo.tn\/fr\/wp-json\/wp\/v2\/users\/3169"}],"replies":[{"embeddable":true,"href":"https:\/\/www.webdo.tn\/fr\/wp-json\/wp\/v2\/comments?post=204191"}],"version-history":[{"count":0,"href":"https:\/\/www.webdo.tn\/fr\/wp-json\/wp\/v2\/posts\/204191\/revisions"}],"wp:featuredmedia":[{"embeddable":true,"href":"https:\/\/www.webdo.tn\/fr\/wp-json\/wp\/v2\/media\/251664"}],"wp:attachment":[{"href":"https:\/\/www.webdo.tn\/fr\/wp-json\/wp\/v2\/media?parent=204191"}],"wp:term":[{"taxonomy":"category","embeddable":true,"href":"https:\/\/www.webdo.tn\/fr\/wp-json\/wp\/v2\/categories?post=204191"},{"taxonomy":"post_tag","embeddable":true,"href":"https:\/\/www.webdo.tn\/fr\/wp-json\/wp\/v2\/tags?post=204191"}],"curies":[{"name":"wp","href":"https:\/\/api.w.org\/{rel}","templated":true}]}}