{"id":204184,"date":"2023-03-22T15:42:00","date_gmt":"2023-03-22T15:42:00","guid":{"rendered":"https:\/\/www.webdo.tn\/fr\/blog\/la-rapporteuse-special-de-l-onu-sur-l-independance-des-juges-et-des-avocats-bientot-en-tunisie\/204184\/"},"modified":"2025-05-20T22:01:25","modified_gmt":"2025-05-20T22:01:25","slug":"la-rapporteuse-special-de-l-onu-sur-l-independance-des-juges-et-des-avocats-bientot-en-tunisie","status":"publish","type":"post","link":"https:\/\/www.webdo.tn\/fr\/actualite\/national\/la-rapporteuse-special-de-l-onu-sur-l-independance-des-juges-et-des-avocats-bientot-en-tunisie\/204184\/","title":{"rendered":"La Rapporteuse sp\u00e9cial de l\u2019ONU sur l\u2019ind\u00e9pendance des juges et des avocats bient\u00f4t en Tunisie"},"content":{"rendered":"<p>La Rapporteuse sp\u00e9ciale des Nations Unies sur l&rsquo;ind\u00e9pendance des juges et des avocats sera en visite en Tunisie au cours du mois de mai prochain.<\/p>\n<p>\t\t\t\t\t\t\t\t\tMargaret Satterthwaite, nomm\u00e9e en octobre dernier par le Conseil des droits de l&rsquo;homme a annonc\u00e9 sa prochaine visite via son compte Twitter. Une visite officielle de dix jours qui s\u2019\u00e9tendra du 16 au 26 mai 2023.<\/p>\n<p>Margaret Satterthwaite est une sp\u00e9cialiste du droit international relatif aux droits de l&rsquo;homme. Elle a notamment \u00e9t\u00e9 consultante en mati\u00e8re de droits de l&rsquo;homme et conseill\u00e8re experte aupr\u00e8s de l&rsquo;Organisation mondiale de la Sant\u00e9, de la Banque mondiale et de deux Rapporteurs Sp\u00e9ciaux des Nations Unies.<\/p>\n<p>I&rsquo;m very pleased to announce that I will carry out an official country visit to #Tunisia from 16 to 26 May 2023.A call for input in Arabic, English, and French will be available soon. Journalists who wish to be added to the press list should email [email\u00a0protected]. pic.twitter.com\/lFQZWw9ADe\u2014 Margaret Satterthwaite (@SRjudgeslawyers) March 22, 2023 <\/p>\n<p>Elle a si\u00e9g\u00e9 aux conseils d&rsquo;administration de plusieurs organisations de d\u00e9fense des droits de l&rsquo;homme, notamment Amnesty International USA, \u2013 Global Initiative on Economic and Social Rights, Service International pour les Droits de l&rsquo;Homme et Digital Democracy.<\/p>\n<p>Sa venue en Tunisie consistera, comme le pr\u00e9voit l\u2019objectif de son poste, de faire un rapport sur les attaques contre l\u2019ind\u00e9pendance des juges, des avocats et des procureurs ; de suivre les progr\u00e8s r\u00e9alis\u00e9s quant \u00e0 la protection et l\u2019am\u00e9lioration de leur ind\u00e9pendance ; de fournir des recommandations ; d\u2019identifier des moyens d\u2019am\u00e9liorer l\u2019ind\u00e9pendance du pouvoir judiciaire et des juristes.<\/p>\n","protected":false},"excerpt":{"rendered":"<p>La Rapporteuse sp\u00e9ciale des Nations Unies sur l&rsquo;ind\u00e9pendance des juges et des avocats sera bient\u00f4t en visite en Tunisie.<\/p>\n","protected":false},"author":3162,"featured_media":251660,"comment_status":"open","ping_status":"closed","sticky":false,"template":"","format":"standard","meta":{"footnotes":""},"categories":[44],"tags":[2619,8641,3296,8642,2608],"class_list":["post-204184","post","type-post","status-publish","format-standard","has-post-thumbnail","hentry","category-national","tag-justice","tag-margaret-satterthwaite","tag-onu","tag-rapporteuse","tag-tunisie"],"yoast_head":"<!-- This site is optimized with the Yoast SEO Premium plugin v27.5 (Yoast SEO v27.5) - https:\/\/yoast.com\/product\/yoast-seo-premium-wordpress\/ -->\n<title>La Rapporteuse sp\u00e9cial de l\u2019ONU sur l\u2019ind\u00e9pendance des juges et des avocats bient\u00f4t en Tunisie<\/title>\n<meta name=\"description\" content=\"La Rapporteuse sp\u00e9ciale des Nations Unies sur l&#039;ind\u00e9pendance des juges et des avocats sera bient\u00f4t en visite en Tunisie.\" \/>\n<link rel=\"canonical\" href=\"https:\/\/www.webdo.tn\/fr\/actualite\/national\/la-rapporteuse-special-de-l-onu-sur-l-independance-des-juges-et-des-avocats-bientot-en-tunisie\/204184\/\" \/>\n<meta property=\"og:locale\" content=\"fr_FR\" \/>\n<meta property=\"og:type\" content=\"article\" \/>\n<meta property=\"og:title\" content=\"La Rapporteuse sp\u00e9cial de l\u2019ONU sur l\u2019ind\u00e9pendance des juges et des avocats bient\u00f4t en Tunisie\" \/>\n<meta property=\"og:description\" content=\"La Rapporteuse sp\u00e9ciale des Nations Unies sur l&#039;ind\u00e9pendance des juges et des avocats sera bient\u00f4t en visite en Tunisie.\" \/>\n<meta property=\"og:url\" content=\"https:\/\/www.webdo.tn\/fr\/actualite\/national\/la-rapporteuse-special-de-l-onu-sur-l-independance-des-juges-et-des-avocats-bientot-en-tunisie\/204184\/\" \/>\n<meta property=\"og:site_name\" content=\"webdo\" \/>\n<meta property=\"article:publisher\" content=\"https:\/\/www.facebook.com\/webdotn\" \/>\n<meta property=\"article:published_time\" content=\"2023-03-22T15:42:00+00:00\" \/>\n<meta property=\"article:modified_time\" content=\"2025-05-20T22:01:25+00:00\" \/>\n<meta property=\"og:image\" content=\"https:\/\/www.webdo.tn\/fr\/wp-content\/uploads\/2023\/03\/3c548bbda25fc4f3eeb37b4941f34ebd.jpg\" \/>\n\t<meta property=\"og:image:width\" content=\"750\" \/>\n\t<meta property=\"og:image:height\" content=\"400\" \/>\n\t<meta property=\"og:image:type\" content=\"image\/jpeg\" \/>\n<meta name=\"author\" content=\"MC\" \/>\n<meta name=\"twitter:card\" content=\"summary_large_image\" \/>\n<meta name=\"twitter:creator\" content=\"@webdo_tn\" \/>\n<meta name=\"twitter:site\" content=\"@webdo_tn\" \/>\n<meta name=\"twitter:label1\" content=\"\u00c9crit par\" \/>\n\t<meta name=\"twitter:data1\" content=\"MC\" \/>\n\t<meta name=\"twitter:label2\" content=\"Dur\u00e9e de lecture estim\u00e9e\" \/>\n\t<meta name=\"twitter:data2\" content=\"1 minute\" \/>\n<script type=\"application\/ld+json\" class=\"yoast-schema-graph\">{\"@context\":\"https:\\\/\\\/schema.org\",\"@graph\":[{\"@type\":\"NewsArticle\",\"@id\":\"https:\\\/\\\/www.webdo.tn\\\/fr\\\/actualite\\\/national\\\/la-rapporteuse-special-de-l-onu-sur-l-independance-des-juges-et-des-avocats-bientot-en-tunisie\\\/204184\\\/#article\",\"isPartOf\":{\"@id\":\"https:\\\/\\\/www.webdo.tn\\\/fr\\\/actualite\\\/national\\\/la-rapporteuse-special-de-l-onu-sur-l-independance-des-juges-et-des-avocats-bientot-en-tunisie\\\/204184\\\/\"},\"author\":{\"name\":\"MC\",\"@id\":\"https:\\\/\\\/www.webdo.tn\\\/fr\\\/#\\\/schema\\\/person\\\/2c4929cbf5a809e3bd38617c6ce150f6\"},\"headline\":\"La Rapporteuse sp\u00e9cial de l\u2019ONU sur l\u2019ind\u00e9pendance des juges et des avocats bient\u00f4t en Tunisie\",\"datePublished\":\"2023-03-22T15:42:00+00:00\",\"dateModified\":\"2025-05-20T22:01:25+00:00\",\"mainEntityOfPage\":{\"@id\":\"https:\\\/\\\/www.webdo.tn\\\/fr\\\/actualite\\\/national\\\/la-rapporteuse-special-de-l-onu-sur-l-independance-des-juges-et-des-avocats-bientot-en-tunisie\\\/204184\\\/\"},\"wordCount\":306,\"commentCount\":0,\"publisher\":{\"@id\":\"https:\\\/\\\/www.webdo.tn\\\/fr\\\/#organization\"},\"image\":{\"@id\":\"https:\\\/\\\/www.webdo.tn\\\/fr\\\/actualite\\\/national\\\/la-rapporteuse-special-de-l-onu-sur-l-independance-des-juges-et-des-avocats-bientot-en-tunisie\\\/204184\\\/#primaryimage\"},\"thumbnailUrl\":\"https:\\\/\\\/www.webdo.tn\\\/fr\\\/wp-content\\\/uploads\\\/2023\\\/03\\\/3c548bbda25fc4f3eeb37b4941f34ebd.jpg\",\"keywords\":[\"justice\",\"Margaret Satterthwaite\",\"ONU\",\"rapporteuse\",\"Tunisie\"],\"articleSection\":[\"National\"],\"inLanguage\":\"fr-FR\"},{\"@type\":\"WebPage\",\"@id\":\"https:\\\/\\\/www.webdo.tn\\\/fr\\\/actualite\\\/national\\\/la-rapporteuse-special-de-l-onu-sur-l-independance-des-juges-et-des-avocats-bientot-en-tunisie\\\/204184\\\/\",\"url\":\"https:\\\/\\\/www.webdo.tn\\\/fr\\\/actualite\\\/national\\\/la-rapporteuse-special-de-l-onu-sur-l-independance-des-juges-et-des-avocats-bientot-en-tunisie\\\/204184\\\/\",\"name\":\"La Rapporteuse sp\u00e9cial de l\u2019ONU sur l\u2019ind\u00e9pendance des juges et des avocats bient\u00f4t en Tunisie\",\"isPartOf\":{\"@id\":\"https:\\\/\\\/www.webdo.tn\\\/fr\\\/#website\"},\"primaryImageOfPage\":{\"@id\":\"https:\\\/\\\/www.webdo.tn\\\/fr\\\/actualite\\\/national\\\/la-rapporteuse-special-de-l-onu-sur-l-independance-des-juges-et-des-avocats-bientot-en-tunisie\\\/204184\\\/#primaryimage\"},\"image\":{\"@id\":\"https:\\\/\\\/www.webdo.tn\\\/fr\\\/actualite\\\/national\\\/la-rapporteuse-special-de-l-onu-sur-l-independance-des-juges-et-des-avocats-bientot-en-tunisie\\\/204184\\\/#primaryimage\"},\"thumbnailUrl\":\"https:\\\/\\\/www.webdo.tn\\\/fr\\\/wp-content\\\/uploads\\\/2023\\\/03\\\/3c548bbda25fc4f3eeb37b4941f34ebd.jpg\",\"datePublished\":\"2023-03-22T15:42:00+00:00\",\"dateModified\":\"2025-05-20T22:01:25+00:00\",\"description\":\"La Rapporteuse sp\u00e9ciale des Nations Unies sur l'ind\u00e9pendance des juges et des avocats sera bient\u00f4t en visite en Tunisie.\",\"breadcrumb\":{\"@id\":\"https:\\\/\\\/www.webdo.tn\\\/fr\\\/actualite\\\/national\\\/la-rapporteuse-special-de-l-onu-sur-l-independance-des-juges-et-des-avocats-bientot-en-tunisie\\\/204184\\\/#breadcrumb\"},\"inLanguage\":\"fr-FR\",\"potentialAction\":[{\"@type\":\"ReadAction\",\"target\":[\"https:\\\/\\\/www.webdo.tn\\\/fr\\\/actualite\\\/national\\\/la-rapporteuse-special-de-l-onu-sur-l-independance-des-juges-et-des-avocats-bientot-en-tunisie\\\/204184\\\/\"]}]},{\"@type\":\"ImageObject\",\"inLanguage\":\"fr-FR\",\"@id\":\"https:\\\/\\\/www.webdo.tn\\\/fr\\\/actualite\\\/national\\\/la-rapporteuse-special-de-l-onu-sur-l-independance-des-juges-et-des-avocats-bientot-en-tunisie\\\/204184\\\/#primaryimage\",\"url\":\"https:\\\/\\\/www.webdo.tn\\\/fr\\\/wp-content\\\/uploads\\\/2023\\\/03\\\/3c548bbda25fc4f3eeb37b4941f34ebd.jpg\",\"contentUrl\":\"https:\\\/\\\/www.webdo.tn\\\/fr\\\/wp-content\\\/uploads\\\/2023\\\/03\\\/3c548bbda25fc4f3eeb37b4941f34ebd.jpg\",\"width\":750,\"height\":400,\"caption\":\"La Rapporteuse sp\u00e9cial de l\u2019ONU sur l\u2019ind\u00e9pendance des juges et des avocats bient\u00f4t en Tunisie\"},{\"@type\":\"BreadcrumbList\",\"@id\":\"https:\\\/\\\/www.webdo.tn\\\/fr\\\/actualite\\\/national\\\/la-rapporteuse-special-de-l-onu-sur-l-independance-des-juges-et-des-avocats-bientot-en-tunisie\\\/204184\\\/#breadcrumb\",\"itemListElement\":[{\"@type\":\"ListItem\",\"position\":1,\"name\":\"Accueil\",\"item\":\"https:\\\/\\\/www.webdo.tn\\\/fr\\\/\"},{\"@type\":\"ListItem\",\"position\":2,\"name\":\"La Rapporteuse sp\u00e9cial de l\u2019ONU sur l\u2019ind\u00e9pendance des juges et des avocats bient\u00f4t en Tunisie\"}]},{\"@type\":\"WebSite\",\"@id\":\"https:\\\/\\\/www.webdo.tn\\\/fr\\\/#website\",\"url\":\"https:\\\/\\\/www.webdo.tn\\\/fr\\\/\",\"name\":\"webdo\",\"description\":\"Tunisie - News en Tunisie et \u00e0 l&#039;international sur Webdo.tn\",\"publisher\":{\"@id\":\"https:\\\/\\\/www.webdo.tn\\\/fr\\\/#organization\"},\"potentialAction\":[{\"@type\":\"SearchAction\",\"target\":{\"@type\":\"EntryPoint\",\"urlTemplate\":\"https:\\\/\\\/www.webdo.tn\\\/fr\\\/?s={search_term_string}\"},\"query-input\":{\"@type\":\"PropertyValueSpecification\",\"valueRequired\":true,\"valueName\":\"search_term_string\"}}],\"inLanguage\":\"fr-FR\"},{\"@type\":\"Organization\",\"@id\":\"https:\\\/\\\/www.webdo.tn\\\/fr\\\/#organization\",\"name\":\"Webdo\",\"alternateName\":\"Webdo.tn\",\"url\":\"https:\\\/\\\/www.webdo.tn\\\/fr\\\/\",\"logo\":{\"@type\":\"ImageObject\",\"inLanguage\":\"fr-FR\",\"@id\":\"https:\\\/\\\/www.webdo.tn\\\/fr\\\/#\\\/schema\\\/logo\\\/image\\\/\",\"url\":\"https:\\\/\\\/www.webdo.tn\\\/fr\\\/wp-content\\\/uploads\\\/2025\\\/06\\\/Webdo-Tunisie_168377.jpg\",\"contentUrl\":\"https:\\\/\\\/www.webdo.tn\\\/fr\\\/wp-content\\\/uploads\\\/2025\\\/06\\\/Webdo-Tunisie_168377.jpg\",\"width\":301,\"height\":301,\"caption\":\"Webdo\"},\"image\":{\"@id\":\"https:\\\/\\\/www.webdo.tn\\\/fr\\\/#\\\/schema\\\/logo\\\/image\\\/\"},\"sameAs\":[\"https:\\\/\\\/www.facebook.com\\\/webdotn\",\"https:\\\/\\\/x.com\\\/webdo_tn\"],\"description\":\"Webdo est un m\u00e9dia num\u00e9rique tunisien fond\u00e9 en 2010, sp\u00e9cialis\u00e9 dans l\u2019actualit\u00e9 nationale et internationale, l\u2019\u00e9conomie, la soci\u00e9t\u00e9 et les analyses politiques. Le site s\u2019adresse \u00e0 un large public francophone et couvre l\u2019information tunisienne en temps r\u00e9el.\",\"email\":\"redac@webdo.tn\",\"legalName\":\"YNJ SARL\",\"foundingDate\":\"2010-09-06\",\"numberOfEmployees\":{\"@type\":\"QuantitativeValue\",\"minValue\":\"11\",\"maxValue\":\"50\"}},{\"@type\":\"Person\",\"@id\":\"https:\\\/\\\/www.webdo.tn\\\/fr\\\/#\\\/schema\\\/person\\\/2c4929cbf5a809e3bd38617c6ce150f6\",\"name\":\"MC\",\"image\":{\"@type\":\"ImageObject\",\"inLanguage\":\"fr-FR\",\"@id\":\"https:\\\/\\\/secure.gravatar.com\\\/avatar\\\/a545bbb6f84efdd5553dbbc2895e3ca8f1d12c5215e00a041c9670b54aa9b18a?s=96&d=mm&r=g\",\"url\":\"https:\\\/\\\/secure.gravatar.com\\\/avatar\\\/a545bbb6f84efdd5553dbbc2895e3ca8f1d12c5215e00a041c9670b54aa9b18a?s=96&d=mm&r=g\",\"contentUrl\":\"https:\\\/\\\/secure.gravatar.com\\\/avatar\\\/a545bbb6f84efdd5553dbbc2895e3ca8f1d12c5215e00a041c9670b54aa9b18a?s=96&d=mm&r=g\",\"caption\":\"MC\"},\"url\":\"https:\\\/\\\/www.webdo.tn\\\/fr\\\/actualite\\\/author\\\/mc\\\/\"}]}<\/script>\n<!-- \/ Yoast SEO Premium plugin. -->","yoast_head_json":{"title":"La Rapporteuse sp\u00e9cial de l\u2019ONU sur l\u2019ind\u00e9pendance des juges et des avocats bient\u00f4t en Tunisie","description":"La Rapporteuse sp\u00e9ciale des Nations Unies sur l'ind\u00e9pendance des juges et des avocats sera bient\u00f4t en visite en Tunisie.","canonical":"https:\/\/www.webdo.tn\/fr\/actualite\/national\/la-rapporteuse-special-de-l-onu-sur-l-independance-des-juges-et-des-avocats-bientot-en-tunisie\/204184\/","og_locale":"fr_FR","og_type":"article","og_title":"La Rapporteuse sp\u00e9cial de l\u2019ONU sur l\u2019ind\u00e9pendance des juges et des avocats bient\u00f4t en Tunisie","og_description":"La Rapporteuse sp\u00e9ciale des Nations Unies sur l'ind\u00e9pendance des juges et des avocats sera bient\u00f4t en visite en Tunisie.","og_url":"https:\/\/www.webdo.tn\/fr\/actualite\/national\/la-rapporteuse-special-de-l-onu-sur-l-independance-des-juges-et-des-avocats-bientot-en-tunisie\/204184\/","og_site_name":"webdo","article_publisher":"https:\/\/www.facebook.com\/webdotn","article_published_time":"2023-03-22T15:42:00+00:00","article_modified_time":"2025-05-20T22:01:25+00:00","og_image":[{"width":750,"height":400,"url":"https:\/\/www.webdo.tn\/fr\/wp-content\/uploads\/2023\/03\/3c548bbda25fc4f3eeb37b4941f34ebd.jpg","type":"image\/jpeg"}],"author":"MC","twitter_card":"summary_large_image","twitter_creator":"@webdo_tn","twitter_site":"@webdo_tn","twitter_misc":{"\u00c9crit par":"MC","Dur\u00e9e de lecture estim\u00e9e":"1 minute"},"schema":{"@context":"https:\/\/schema.org","@graph":[{"@type":"NewsArticle","@id":"https:\/\/www.webdo.tn\/fr\/actualite\/national\/la-rapporteuse-special-de-l-onu-sur-l-independance-des-juges-et-des-avocats-bientot-en-tunisie\/204184\/#article","isPartOf":{"@id":"https:\/\/www.webdo.tn\/fr\/actualite\/national\/la-rapporteuse-special-de-l-onu-sur-l-independance-des-juges-et-des-avocats-bientot-en-tunisie\/204184\/"},"author":{"name":"MC","@id":"https:\/\/www.webdo.tn\/fr\/#\/schema\/person\/2c4929cbf5a809e3bd38617c6ce150f6"},"headline":"La Rapporteuse sp\u00e9cial de l\u2019ONU sur l\u2019ind\u00e9pendance des juges et des avocats bient\u00f4t en Tunisie","datePublished":"2023-03-22T15:42:00+00:00","dateModified":"2025-05-20T22:01:25+00:00","mainEntityOfPage":{"@id":"https:\/\/www.webdo.tn\/fr\/actualite\/national\/la-rapporteuse-special-de-l-onu-sur-l-independance-des-juges-et-des-avocats-bientot-en-tunisie\/204184\/"},"wordCount":306,"commentCount":0,"publisher":{"@id":"https:\/\/www.webdo.tn\/fr\/#organization"},"image":{"@id":"https:\/\/www.webdo.tn\/fr\/actualite\/national\/la-rapporteuse-special-de-l-onu-sur-l-independance-des-juges-et-des-avocats-bientot-en-tunisie\/204184\/#primaryimage"},"thumbnailUrl":"https:\/\/www.webdo.tn\/fr\/wp-content\/uploads\/2023\/03\/3c548bbda25fc4f3eeb37b4941f34ebd.jpg","keywords":["justice","Margaret Satterthwaite","ONU","rapporteuse","Tunisie"],"articleSection":["National"],"inLanguage":"fr-FR"},{"@type":"WebPage","@id":"https:\/\/www.webdo.tn\/fr\/actualite\/national\/la-rapporteuse-special-de-l-onu-sur-l-independance-des-juges-et-des-avocats-bientot-en-tunisie\/204184\/","url":"https:\/\/www.webdo.tn\/fr\/actualite\/national\/la-rapporteuse-special-de-l-onu-sur-l-independance-des-juges-et-des-avocats-bientot-en-tunisie\/204184\/","name":"La Rapporteuse sp\u00e9cial de l\u2019ONU sur l\u2019ind\u00e9pendance des juges et des avocats bient\u00f4t en Tunisie","isPartOf":{"@id":"https:\/\/www.webdo.tn\/fr\/#website"},"primaryImageOfPage":{"@id":"https:\/\/www.webdo.tn\/fr\/actualite\/national\/la-rapporteuse-special-de-l-onu-sur-l-independance-des-juges-et-des-avocats-bientot-en-tunisie\/204184\/#primaryimage"},"image":{"@id":"https:\/\/www.webdo.tn\/fr\/actualite\/national\/la-rapporteuse-special-de-l-onu-sur-l-independance-des-juges-et-des-avocats-bientot-en-tunisie\/204184\/#primaryimage"},"thumbnailUrl":"https:\/\/www.webdo.tn\/fr\/wp-content\/uploads\/2023\/03\/3c548bbda25fc4f3eeb37b4941f34ebd.jpg","datePublished":"2023-03-22T15:42:00+00:00","dateModified":"2025-05-20T22:01:25+00:00","description":"La Rapporteuse sp\u00e9ciale des Nations Unies sur l'ind\u00e9pendance des juges et des avocats sera bient\u00f4t en visite en Tunisie.","breadcrumb":{"@id":"https:\/\/www.webdo.tn\/fr\/actualite\/national\/la-rapporteuse-special-de-l-onu-sur-l-independance-des-juges-et-des-avocats-bientot-en-tunisie\/204184\/#breadcrumb"},"inLanguage":"fr-FR","potentialAction":[{"@type":"ReadAction","target":["https:\/\/www.webdo.tn\/fr\/actualite\/national\/la-rapporteuse-special-de-l-onu-sur-l-independance-des-juges-et-des-avocats-bientot-en-tunisie\/204184\/"]}]},{"@type":"ImageObject","inLanguage":"fr-FR","@id":"https:\/\/www.webdo.tn\/fr\/actualite\/national\/la-rapporteuse-special-de-l-onu-sur-l-independance-des-juges-et-des-avocats-bientot-en-tunisie\/204184\/#primaryimage","url":"https:\/\/www.webdo.tn\/fr\/wp-content\/uploads\/2023\/03\/3c548bbda25fc4f3eeb37b4941f34ebd.jpg","contentUrl":"https:\/\/www.webdo.tn\/fr\/wp-content\/uploads\/2023\/03\/3c548bbda25fc4f3eeb37b4941f34ebd.jpg","width":750,"height":400,"caption":"La Rapporteuse sp\u00e9cial de l\u2019ONU sur l\u2019ind\u00e9pendance des juges et des avocats bient\u00f4t en Tunisie"},{"@type":"BreadcrumbList","@id":"https:\/\/www.webdo.tn\/fr\/actualite\/national\/la-rapporteuse-special-de-l-onu-sur-l-independance-des-juges-et-des-avocats-bientot-en-tunisie\/204184\/#breadcrumb","itemListElement":[{"@type":"ListItem","position":1,"name":"Accueil","item":"https:\/\/www.webdo.tn\/fr\/"},{"@type":"ListItem","position":2,"name":"La Rapporteuse sp\u00e9cial de l\u2019ONU sur l\u2019ind\u00e9pendance des juges et des avocats bient\u00f4t en Tunisie"}]},{"@type":"WebSite","@id":"https:\/\/www.webdo.tn\/fr\/#website","url":"https:\/\/www.webdo.tn\/fr\/","name":"webdo","description":"Tunisie - News en Tunisie et \u00e0 l&#039;international sur Webdo.tn","publisher":{"@id":"https:\/\/www.webdo.tn\/fr\/#organization"},"potentialAction":[{"@type":"SearchAction","target":{"@type":"EntryPoint","urlTemplate":"https:\/\/www.webdo.tn\/fr\/?s={search_term_string}"},"query-input":{"@type":"PropertyValueSpecification","valueRequired":true,"valueName":"search_term_string"}}],"inLanguage":"fr-FR"},{"@type":"Organization","@id":"https:\/\/www.webdo.tn\/fr\/#organization","name":"Webdo","alternateName":"Webdo.tn","url":"https:\/\/www.webdo.tn\/fr\/","logo":{"@type":"ImageObject","inLanguage":"fr-FR","@id":"https:\/\/www.webdo.tn\/fr\/#\/schema\/logo\/image\/","url":"https:\/\/www.webdo.tn\/fr\/wp-content\/uploads\/2025\/06\/Webdo-Tunisie_168377.jpg","contentUrl":"https:\/\/www.webdo.tn\/fr\/wp-content\/uploads\/2025\/06\/Webdo-Tunisie_168377.jpg","width":301,"height":301,"caption":"Webdo"},"image":{"@id":"https:\/\/www.webdo.tn\/fr\/#\/schema\/logo\/image\/"},"sameAs":["https:\/\/www.facebook.com\/webdotn","https:\/\/x.com\/webdo_tn"],"description":"Webdo est un m\u00e9dia num\u00e9rique tunisien fond\u00e9 en 2010, sp\u00e9cialis\u00e9 dans l\u2019actualit\u00e9 nationale et internationale, l\u2019\u00e9conomie, la soci\u00e9t\u00e9 et les analyses politiques. Le site s\u2019adresse \u00e0 un large public francophone et couvre l\u2019information tunisienne en temps r\u00e9el.","email":"redac@webdo.tn","legalName":"YNJ SARL","foundingDate":"2010-09-06","numberOfEmployees":{"@type":"QuantitativeValue","minValue":"11","maxValue":"50"}},{"@type":"Person","@id":"https:\/\/www.webdo.tn\/fr\/#\/schema\/person\/2c4929cbf5a809e3bd38617c6ce150f6","name":"MC","image":{"@type":"ImageObject","inLanguage":"fr-FR","@id":"https:\/\/secure.gravatar.com\/avatar\/a545bbb6f84efdd5553dbbc2895e3ca8f1d12c5215e00a041c9670b54aa9b18a?s=96&d=mm&r=g","url":"https:\/\/secure.gravatar.com\/avatar\/a545bbb6f84efdd5553dbbc2895e3ca8f1d12c5215e00a041c9670b54aa9b18a?s=96&d=mm&r=g","contentUrl":"https:\/\/secure.gravatar.com\/avatar\/a545bbb6f84efdd5553dbbc2895e3ca8f1d12c5215e00a041c9670b54aa9b18a?s=96&d=mm&r=g","caption":"MC"},"url":"https:\/\/www.webdo.tn\/fr\/actualite\/author\/mc\/"}]}},"_links":{"self":[{"href":"https:\/\/www.webdo.tn\/fr\/wp-json\/wp\/v2\/posts\/204184","targetHints":{"allow":["GET"]}}],"collection":[{"href":"https:\/\/www.webdo.tn\/fr\/wp-json\/wp\/v2\/posts"}],"about":[{"href":"https:\/\/www.webdo.tn\/fr\/wp-json\/wp\/v2\/types\/post"}],"author":[{"embeddable":true,"href":"https:\/\/www.webdo.tn\/fr\/wp-json\/wp\/v2\/users\/3162"}],"replies":[{"embeddable":true,"href":"https:\/\/www.webdo.tn\/fr\/wp-json\/wp\/v2\/comments?post=204184"}],"version-history":[{"count":0,"href":"https:\/\/www.webdo.tn\/fr\/wp-json\/wp\/v2\/posts\/204184\/revisions"}],"wp:featuredmedia":[{"embeddable":true,"href":"https:\/\/www.webdo.tn\/fr\/wp-json\/wp\/v2\/media\/251660"}],"wp:attachment":[{"href":"https:\/\/www.webdo.tn\/fr\/wp-json\/wp\/v2\/media?parent=204184"}],"wp:term":[{"taxonomy":"category","embeddable":true,"href":"https:\/\/www.webdo.tn\/fr\/wp-json\/wp\/v2\/categories?post=204184"},{"taxonomy":"post_tag","embeddable":true,"href":"https:\/\/www.webdo.tn\/fr\/wp-json\/wp\/v2\/tags?post=204184"}],"curies":[{"name":"wp","href":"https:\/\/api.w.org\/{rel}","templated":true}]}}