{"id":204178,"date":"2023-03-22T13:50:00","date_gmt":"2023-03-22T13:50:00","guid":{"rendered":"https:\/\/www.webdo.tn\/fr\/blog\/les-deputes-vont-mettre-en-place-une-charte-de-bonne-conduite\/204178\/"},"modified":"2025-05-20T22:49:36","modified_gmt":"2025-05-20T22:49:36","slug":"les-deputes-vont-mettre-en-place-une-charte-de-bonne-conduite","status":"publish","type":"post","link":"https:\/\/www.webdo.tn\/fr\/actualite\/national\/les-deputes-vont-mettre-en-place-une-charte-de-bonne-conduite\/204178\/","title":{"rendered":"Les d\u00e9put\u00e9s vont mettre en place une charte de bonne conduite"},"content":{"rendered":"<p>Il semble que le rendement de l\u2019ancien parlement a pouss\u00e9 les nouveaux d\u00e9put\u00e9s \u00e0 s\u2019engager au profit du bon d\u00e9roulement de l\u2019action parlementaire.<\/p>\n<p>Le d\u00e9put\u00e9 Riadh Jidane annonce avoir pr\u00e9sent\u00e9 \u00e0 la commission du r\u00e8glement int\u00e9rieur une charte de bonne conduite d\u00e9di\u00e9e aux parlementaires.\u00a0<\/p>\n<p>Dans des d\u00e9clarations m\u00e9diatiques, il a affirm\u00e9 que ladite commission a adopt\u00e9 cette initiative visant \u00e0 \u00ab moraliser \u00bb le travail parlementaire.\u00a0<\/p>\n<p>La commission du r\u00e8glement int\u00e9rieur a d\u00e9cid\u00e9 a tenu sa premi\u00e8re r\u00e9union le 15 mars dernier afin de r\u00e9partir les t\u00e2ches entre les diff\u00e9rents membres et d&rsquo;entamer la r\u00e9daction du projet de r\u00e8glement int\u00e9rieur du parlement.<\/p>\n<p>Les membres de la commission ont l&rsquo;intention d&rsquo;achever l&rsquo;\u00e9laboration du r\u00e8glement dans un d\u00e9lai maximal de deux semaines afin de le transf\u00e9rer \u00e0 la s\u00e9ance pl\u00e9ni\u00e8re pour adoption.<\/p>\n","protected":false},"excerpt":{"rendered":"<p>Il semble que le rendement de l\u2019ancien parlement a pouss\u00e9 les nouveaux d\u00e9put\u00e9s \u00e0 s\u2019engager au profit du bon d\u00e9roulement de l\u2019action parlementaire.<\/p>\n","protected":false},"author":3175,"featured_media":277927,"comment_status":"open","ping_status":"closed","sticky":false,"template":"","format":"standard","meta":{"footnotes":""},"categories":[44],"tags":[2813,3139,2608],"class_list":["post-204178","post","type-post","status-publish","format-standard","has-post-thumbnail","hentry","category-national","tag-arp","tag-charte","tag-tunisie"],"yoast_head":"<!-- This site is optimized with the Yoast SEO Premium plugin v27.4 (Yoast SEO v27.4) - https:\/\/yoast.com\/product\/yoast-seo-premium-wordpress\/ -->\n<title>Les d\u00e9put\u00e9s vont mettre en place une charte de bonne conduite<\/title>\n<meta name=\"description\" content=\"Il semble que le rendement de l\u2019ancien parlement a pouss\u00e9 les nouveaux d\u00e9put\u00e9s \u00e0 s\u2019engager au profit du bon d\u00e9roulement de l\u2019action parlementaire.\" \/>\n<link rel=\"canonical\" href=\"https:\/\/www.webdo.tn\/fr\/actualite\/national\/les-deputes-vont-mettre-en-place-une-charte-de-bonne-conduite\/204178\/\" \/>\n<meta property=\"og:locale\" content=\"fr_FR\" \/>\n<meta property=\"og:type\" content=\"article\" \/>\n<meta property=\"og:title\" content=\"Les d\u00e9put\u00e9s vont mettre en place une charte de bonne conduite\" \/>\n<meta property=\"og:description\" content=\"Il semble que le rendement de l\u2019ancien parlement a pouss\u00e9 les nouveaux d\u00e9put\u00e9s \u00e0 s\u2019engager au profit du bon d\u00e9roulement de l\u2019action parlementaire.\" \/>\n<meta property=\"og:url\" content=\"https:\/\/www.webdo.tn\/fr\/actualite\/national\/les-deputes-vont-mettre-en-place-une-charte-de-bonne-conduite\/204178\/\" \/>\n<meta property=\"og:site_name\" content=\"webdo\" \/>\n<meta property=\"article:publisher\" content=\"https:\/\/www.facebook.com\/webdotn\" \/>\n<meta property=\"article:published_time\" content=\"2023-03-22T13:50:00+00:00\" \/>\n<meta property=\"article:modified_time\" content=\"2025-05-20T22:49:36+00:00\" \/>\n<meta property=\"og:image\" content=\"https:\/\/www.webdo.tn\/fr\/wp-content\/uploads\/2023\/03\/5efc41cb87a366f54a33aba2aa2fc63a.jpg\" \/>\n\t<meta property=\"og:image:width\" content=\"600\" \/>\n\t<meta property=\"og:image:height\" content=\"320\" \/>\n\t<meta property=\"og:image:type\" content=\"image\/jpeg\" \/>\n<meta name=\"author\" content=\"CL\" \/>\n<meta name=\"twitter:card\" content=\"summary_large_image\" \/>\n<meta name=\"twitter:creator\" content=\"@webdo_tn\" \/>\n<meta name=\"twitter:site\" content=\"@webdo_tn\" \/>\n<meta name=\"twitter:label1\" content=\"\u00c9crit par\" \/>\n\t<meta name=\"twitter:data1\" content=\"CL\" \/>\n\t<meta name=\"twitter:label2\" content=\"Dur\u00e9e de lecture estim\u00e9e\" \/>\n\t<meta name=\"twitter:data2\" content=\"1 minute\" \/>\n<script type=\"application\/ld+json\" class=\"yoast-schema-graph\">{\"@context\":\"https:\\\/\\\/schema.org\",\"@graph\":[{\"@type\":\"NewsArticle\",\"@id\":\"https:\\\/\\\/www.webdo.tn\\\/fr\\\/actualite\\\/national\\\/les-deputes-vont-mettre-en-place-une-charte-de-bonne-conduite\\\/204178\\\/#article\",\"isPartOf\":{\"@id\":\"https:\\\/\\\/www.webdo.tn\\\/fr\\\/actualite\\\/national\\\/les-deputes-vont-mettre-en-place-une-charte-de-bonne-conduite\\\/204178\\\/\"},\"author\":{\"name\":\"CL\",\"@id\":\"https:\\\/\\\/www.webdo.tn\\\/fr\\\/#\\\/schema\\\/person\\\/f35b42a42c5e2511bbd282959d6385cc\"},\"headline\":\"Les d\u00e9put\u00e9s vont mettre en place une charte de bonne conduite\",\"datePublished\":\"2023-03-22T13:50:00+00:00\",\"dateModified\":\"2025-05-20T22:49:36+00:00\",\"mainEntityOfPage\":{\"@id\":\"https:\\\/\\\/www.webdo.tn\\\/fr\\\/actualite\\\/national\\\/les-deputes-vont-mettre-en-place-une-charte-de-bonne-conduite\\\/204178\\\/\"},\"wordCount\":171,\"commentCount\":0,\"publisher\":{\"@id\":\"https:\\\/\\\/www.webdo.tn\\\/fr\\\/#organization\"},\"image\":{\"@id\":\"https:\\\/\\\/www.webdo.tn\\\/fr\\\/actualite\\\/national\\\/les-deputes-vont-mettre-en-place-une-charte-de-bonne-conduite\\\/204178\\\/#primaryimage\"},\"thumbnailUrl\":\"https:\\\/\\\/www.webdo.tn\\\/fr\\\/wp-content\\\/uploads\\\/2023\\\/03\\\/5efc41cb87a366f54a33aba2aa2fc63a.jpg\",\"keywords\":[\"ARP\",\"Charte\",\"Tunisie\"],\"articleSection\":[\"National\"],\"inLanguage\":\"fr-FR\"},{\"@type\":\"WebPage\",\"@id\":\"https:\\\/\\\/www.webdo.tn\\\/fr\\\/actualite\\\/national\\\/les-deputes-vont-mettre-en-place-une-charte-de-bonne-conduite\\\/204178\\\/\",\"url\":\"https:\\\/\\\/www.webdo.tn\\\/fr\\\/actualite\\\/national\\\/les-deputes-vont-mettre-en-place-une-charte-de-bonne-conduite\\\/204178\\\/\",\"name\":\"Les d\u00e9put\u00e9s vont mettre en place une charte de bonne conduite\",\"isPartOf\":{\"@id\":\"https:\\\/\\\/www.webdo.tn\\\/fr\\\/#website\"},\"primaryImageOfPage\":{\"@id\":\"https:\\\/\\\/www.webdo.tn\\\/fr\\\/actualite\\\/national\\\/les-deputes-vont-mettre-en-place-une-charte-de-bonne-conduite\\\/204178\\\/#primaryimage\"},\"image\":{\"@id\":\"https:\\\/\\\/www.webdo.tn\\\/fr\\\/actualite\\\/national\\\/les-deputes-vont-mettre-en-place-une-charte-de-bonne-conduite\\\/204178\\\/#primaryimage\"},\"thumbnailUrl\":\"https:\\\/\\\/www.webdo.tn\\\/fr\\\/wp-content\\\/uploads\\\/2023\\\/03\\\/5efc41cb87a366f54a33aba2aa2fc63a.jpg\",\"datePublished\":\"2023-03-22T13:50:00+00:00\",\"dateModified\":\"2025-05-20T22:49:36+00:00\",\"description\":\"Il semble que le rendement de l\u2019ancien parlement a pouss\u00e9 les nouveaux d\u00e9put\u00e9s \u00e0 s\u2019engager au profit du bon d\u00e9roulement de l\u2019action parlementaire.\",\"breadcrumb\":{\"@id\":\"https:\\\/\\\/www.webdo.tn\\\/fr\\\/actualite\\\/national\\\/les-deputes-vont-mettre-en-place-une-charte-de-bonne-conduite\\\/204178\\\/#breadcrumb\"},\"inLanguage\":\"fr-FR\",\"potentialAction\":[{\"@type\":\"ReadAction\",\"target\":[\"https:\\\/\\\/www.webdo.tn\\\/fr\\\/actualite\\\/national\\\/les-deputes-vont-mettre-en-place-une-charte-de-bonne-conduite\\\/204178\\\/\"]}]},{\"@type\":\"ImageObject\",\"inLanguage\":\"fr-FR\",\"@id\":\"https:\\\/\\\/www.webdo.tn\\\/fr\\\/actualite\\\/national\\\/les-deputes-vont-mettre-en-place-une-charte-de-bonne-conduite\\\/204178\\\/#primaryimage\",\"url\":\"https:\\\/\\\/www.webdo.tn\\\/fr\\\/wp-content\\\/uploads\\\/2023\\\/03\\\/5efc41cb87a366f54a33aba2aa2fc63a.jpg\",\"contentUrl\":\"https:\\\/\\\/www.webdo.tn\\\/fr\\\/wp-content\\\/uploads\\\/2023\\\/03\\\/5efc41cb87a366f54a33aba2aa2fc63a.jpg\",\"width\":600,\"height\":320,\"caption\":\"ARP\"},{\"@type\":\"BreadcrumbList\",\"@id\":\"https:\\\/\\\/www.webdo.tn\\\/fr\\\/actualite\\\/national\\\/les-deputes-vont-mettre-en-place-une-charte-de-bonne-conduite\\\/204178\\\/#breadcrumb\",\"itemListElement\":[{\"@type\":\"ListItem\",\"position\":1,\"name\":\"Accueil\",\"item\":\"https:\\\/\\\/www.webdo.tn\\\/fr\\\/\"},{\"@type\":\"ListItem\",\"position\":2,\"name\":\"Les d\u00e9put\u00e9s vont mettre en place une charte de bonne conduite\"}]},{\"@type\":\"WebSite\",\"@id\":\"https:\\\/\\\/www.webdo.tn\\\/fr\\\/#website\",\"url\":\"https:\\\/\\\/www.webdo.tn\\\/fr\\\/\",\"name\":\"webdo\",\"description\":\"Tunisie - News en Tunisie et \u00e0 l&#039;international sur Webdo.tn\",\"publisher\":{\"@id\":\"https:\\\/\\\/www.webdo.tn\\\/fr\\\/#organization\"},\"potentialAction\":[{\"@type\":\"SearchAction\",\"target\":{\"@type\":\"EntryPoint\",\"urlTemplate\":\"https:\\\/\\\/www.webdo.tn\\\/fr\\\/?s={search_term_string}\"},\"query-input\":{\"@type\":\"PropertyValueSpecification\",\"valueRequired\":true,\"valueName\":\"search_term_string\"}}],\"inLanguage\":\"fr-FR\"},{\"@type\":\"Organization\",\"@id\":\"https:\\\/\\\/www.webdo.tn\\\/fr\\\/#organization\",\"name\":\"Webdo\",\"alternateName\":\"Webdo.tn\",\"url\":\"https:\\\/\\\/www.webdo.tn\\\/fr\\\/\",\"logo\":{\"@type\":\"ImageObject\",\"inLanguage\":\"fr-FR\",\"@id\":\"https:\\\/\\\/www.webdo.tn\\\/fr\\\/#\\\/schema\\\/logo\\\/image\\\/\",\"url\":\"https:\\\/\\\/www.webdo.tn\\\/fr\\\/wp-content\\\/uploads\\\/2025\\\/06\\\/Webdo-Tunisie_168377.jpg\",\"contentUrl\":\"https:\\\/\\\/www.webdo.tn\\\/fr\\\/wp-content\\\/uploads\\\/2025\\\/06\\\/Webdo-Tunisie_168377.jpg\",\"width\":301,\"height\":301,\"caption\":\"Webdo\"},\"image\":{\"@id\":\"https:\\\/\\\/www.webdo.tn\\\/fr\\\/#\\\/schema\\\/logo\\\/image\\\/\"},\"sameAs\":[\"https:\\\/\\\/www.facebook.com\\\/webdotn\",\"https:\\\/\\\/x.com\\\/webdo_tn\"],\"description\":\"Webdo est un m\u00e9dia num\u00e9rique tunisien fond\u00e9 en 2010, sp\u00e9cialis\u00e9 dans l\u2019actualit\u00e9 nationale et internationale, l\u2019\u00e9conomie, la soci\u00e9t\u00e9 et les analyses politiques. Le site s\u2019adresse \u00e0 un large public francophone et couvre l\u2019information tunisienne en temps r\u00e9el.\",\"email\":\"redac@webdo.tn\",\"legalName\":\"YNJ SARL\",\"foundingDate\":\"2010-09-06\",\"numberOfEmployees\":{\"@type\":\"QuantitativeValue\",\"minValue\":\"11\",\"maxValue\":\"50\"}},{\"@type\":\"Person\",\"@id\":\"https:\\\/\\\/www.webdo.tn\\\/fr\\\/#\\\/schema\\\/person\\\/f35b42a42c5e2511bbd282959d6385cc\",\"name\":\"CL\",\"image\":{\"@type\":\"ImageObject\",\"inLanguage\":\"fr-FR\",\"@id\":\"https:\\\/\\\/secure.gravatar.com\\\/avatar\\\/1447a49909b67aa657c488aec6512e1dd6143a480c1ecfee9b5b5cd74eb3b59e?s=96&d=mm&r=g\",\"url\":\"https:\\\/\\\/secure.gravatar.com\\\/avatar\\\/1447a49909b67aa657c488aec6512e1dd6143a480c1ecfee9b5b5cd74eb3b59e?s=96&d=mm&r=g\",\"contentUrl\":\"https:\\\/\\\/secure.gravatar.com\\\/avatar\\\/1447a49909b67aa657c488aec6512e1dd6143a480c1ecfee9b5b5cd74eb3b59e?s=96&d=mm&r=g\",\"caption\":\"CL\"},\"url\":\"https:\\\/\\\/www.webdo.tn\\\/fr\\\/actualite\\\/author\\\/cl\\\/\"}]}<\/script>\n<!-- \/ Yoast SEO Premium plugin. -->","yoast_head_json":{"title":"Les d\u00e9put\u00e9s vont mettre en place une charte de bonne conduite","description":"Il semble que le rendement de l\u2019ancien parlement a pouss\u00e9 les nouveaux d\u00e9put\u00e9s \u00e0 s\u2019engager au profit du bon d\u00e9roulement de l\u2019action parlementaire.","canonical":"https:\/\/www.webdo.tn\/fr\/actualite\/national\/les-deputes-vont-mettre-en-place-une-charte-de-bonne-conduite\/204178\/","og_locale":"fr_FR","og_type":"article","og_title":"Les d\u00e9put\u00e9s vont mettre en place une charte de bonne conduite","og_description":"Il semble que le rendement de l\u2019ancien parlement a pouss\u00e9 les nouveaux d\u00e9put\u00e9s \u00e0 s\u2019engager au profit du bon d\u00e9roulement de l\u2019action parlementaire.","og_url":"https:\/\/www.webdo.tn\/fr\/actualite\/national\/les-deputes-vont-mettre-en-place-une-charte-de-bonne-conduite\/204178\/","og_site_name":"webdo","article_publisher":"https:\/\/www.facebook.com\/webdotn","article_published_time":"2023-03-22T13:50:00+00:00","article_modified_time":"2025-05-20T22:49:36+00:00","og_image":[{"width":600,"height":320,"url":"https:\/\/www.webdo.tn\/fr\/wp-content\/uploads\/2023\/03\/5efc41cb87a366f54a33aba2aa2fc63a.jpg","type":"image\/jpeg"}],"author":"CL","twitter_card":"summary_large_image","twitter_creator":"@webdo_tn","twitter_site":"@webdo_tn","twitter_misc":{"\u00c9crit par":"CL","Dur\u00e9e de lecture estim\u00e9e":"1 minute"},"schema":{"@context":"https:\/\/schema.org","@graph":[{"@type":"NewsArticle","@id":"https:\/\/www.webdo.tn\/fr\/actualite\/national\/les-deputes-vont-mettre-en-place-une-charte-de-bonne-conduite\/204178\/#article","isPartOf":{"@id":"https:\/\/www.webdo.tn\/fr\/actualite\/national\/les-deputes-vont-mettre-en-place-une-charte-de-bonne-conduite\/204178\/"},"author":{"name":"CL","@id":"https:\/\/www.webdo.tn\/fr\/#\/schema\/person\/f35b42a42c5e2511bbd282959d6385cc"},"headline":"Les d\u00e9put\u00e9s vont mettre en place une charte de bonne conduite","datePublished":"2023-03-22T13:50:00+00:00","dateModified":"2025-05-20T22:49:36+00:00","mainEntityOfPage":{"@id":"https:\/\/www.webdo.tn\/fr\/actualite\/national\/les-deputes-vont-mettre-en-place-une-charte-de-bonne-conduite\/204178\/"},"wordCount":171,"commentCount":0,"publisher":{"@id":"https:\/\/www.webdo.tn\/fr\/#organization"},"image":{"@id":"https:\/\/www.webdo.tn\/fr\/actualite\/national\/les-deputes-vont-mettre-en-place-une-charte-de-bonne-conduite\/204178\/#primaryimage"},"thumbnailUrl":"https:\/\/www.webdo.tn\/fr\/wp-content\/uploads\/2023\/03\/5efc41cb87a366f54a33aba2aa2fc63a.jpg","keywords":["ARP","Charte","Tunisie"],"articleSection":["National"],"inLanguage":"fr-FR"},{"@type":"WebPage","@id":"https:\/\/www.webdo.tn\/fr\/actualite\/national\/les-deputes-vont-mettre-en-place-une-charte-de-bonne-conduite\/204178\/","url":"https:\/\/www.webdo.tn\/fr\/actualite\/national\/les-deputes-vont-mettre-en-place-une-charte-de-bonne-conduite\/204178\/","name":"Les d\u00e9put\u00e9s vont mettre en place une charte de bonne conduite","isPartOf":{"@id":"https:\/\/www.webdo.tn\/fr\/#website"},"primaryImageOfPage":{"@id":"https:\/\/www.webdo.tn\/fr\/actualite\/national\/les-deputes-vont-mettre-en-place-une-charte-de-bonne-conduite\/204178\/#primaryimage"},"image":{"@id":"https:\/\/www.webdo.tn\/fr\/actualite\/national\/les-deputes-vont-mettre-en-place-une-charte-de-bonne-conduite\/204178\/#primaryimage"},"thumbnailUrl":"https:\/\/www.webdo.tn\/fr\/wp-content\/uploads\/2023\/03\/5efc41cb87a366f54a33aba2aa2fc63a.jpg","datePublished":"2023-03-22T13:50:00+00:00","dateModified":"2025-05-20T22:49:36+00:00","description":"Il semble que le rendement de l\u2019ancien parlement a pouss\u00e9 les nouveaux d\u00e9put\u00e9s \u00e0 s\u2019engager au profit du bon d\u00e9roulement de l\u2019action parlementaire.","breadcrumb":{"@id":"https:\/\/www.webdo.tn\/fr\/actualite\/national\/les-deputes-vont-mettre-en-place-une-charte-de-bonne-conduite\/204178\/#breadcrumb"},"inLanguage":"fr-FR","potentialAction":[{"@type":"ReadAction","target":["https:\/\/www.webdo.tn\/fr\/actualite\/national\/les-deputes-vont-mettre-en-place-une-charte-de-bonne-conduite\/204178\/"]}]},{"@type":"ImageObject","inLanguage":"fr-FR","@id":"https:\/\/www.webdo.tn\/fr\/actualite\/national\/les-deputes-vont-mettre-en-place-une-charte-de-bonne-conduite\/204178\/#primaryimage","url":"https:\/\/www.webdo.tn\/fr\/wp-content\/uploads\/2023\/03\/5efc41cb87a366f54a33aba2aa2fc63a.jpg","contentUrl":"https:\/\/www.webdo.tn\/fr\/wp-content\/uploads\/2023\/03\/5efc41cb87a366f54a33aba2aa2fc63a.jpg","width":600,"height":320,"caption":"ARP"},{"@type":"BreadcrumbList","@id":"https:\/\/www.webdo.tn\/fr\/actualite\/national\/les-deputes-vont-mettre-en-place-une-charte-de-bonne-conduite\/204178\/#breadcrumb","itemListElement":[{"@type":"ListItem","position":1,"name":"Accueil","item":"https:\/\/www.webdo.tn\/fr\/"},{"@type":"ListItem","position":2,"name":"Les d\u00e9put\u00e9s vont mettre en place une charte de bonne conduite"}]},{"@type":"WebSite","@id":"https:\/\/www.webdo.tn\/fr\/#website","url":"https:\/\/www.webdo.tn\/fr\/","name":"webdo","description":"Tunisie - News en Tunisie et \u00e0 l&#039;international sur Webdo.tn","publisher":{"@id":"https:\/\/www.webdo.tn\/fr\/#organization"},"potentialAction":[{"@type":"SearchAction","target":{"@type":"EntryPoint","urlTemplate":"https:\/\/www.webdo.tn\/fr\/?s={search_term_string}"},"query-input":{"@type":"PropertyValueSpecification","valueRequired":true,"valueName":"search_term_string"}}],"inLanguage":"fr-FR"},{"@type":"Organization","@id":"https:\/\/www.webdo.tn\/fr\/#organization","name":"Webdo","alternateName":"Webdo.tn","url":"https:\/\/www.webdo.tn\/fr\/","logo":{"@type":"ImageObject","inLanguage":"fr-FR","@id":"https:\/\/www.webdo.tn\/fr\/#\/schema\/logo\/image\/","url":"https:\/\/www.webdo.tn\/fr\/wp-content\/uploads\/2025\/06\/Webdo-Tunisie_168377.jpg","contentUrl":"https:\/\/www.webdo.tn\/fr\/wp-content\/uploads\/2025\/06\/Webdo-Tunisie_168377.jpg","width":301,"height":301,"caption":"Webdo"},"image":{"@id":"https:\/\/www.webdo.tn\/fr\/#\/schema\/logo\/image\/"},"sameAs":["https:\/\/www.facebook.com\/webdotn","https:\/\/x.com\/webdo_tn"],"description":"Webdo est un m\u00e9dia num\u00e9rique tunisien fond\u00e9 en 2010, sp\u00e9cialis\u00e9 dans l\u2019actualit\u00e9 nationale et internationale, l\u2019\u00e9conomie, la soci\u00e9t\u00e9 et les analyses politiques. Le site s\u2019adresse \u00e0 un large public francophone et couvre l\u2019information tunisienne en temps r\u00e9el.","email":"redac@webdo.tn","legalName":"YNJ SARL","foundingDate":"2010-09-06","numberOfEmployees":{"@type":"QuantitativeValue","minValue":"11","maxValue":"50"}},{"@type":"Person","@id":"https:\/\/www.webdo.tn\/fr\/#\/schema\/person\/f35b42a42c5e2511bbd282959d6385cc","name":"CL","image":{"@type":"ImageObject","inLanguage":"fr-FR","@id":"https:\/\/secure.gravatar.com\/avatar\/1447a49909b67aa657c488aec6512e1dd6143a480c1ecfee9b5b5cd74eb3b59e?s=96&d=mm&r=g","url":"https:\/\/secure.gravatar.com\/avatar\/1447a49909b67aa657c488aec6512e1dd6143a480c1ecfee9b5b5cd74eb3b59e?s=96&d=mm&r=g","contentUrl":"https:\/\/secure.gravatar.com\/avatar\/1447a49909b67aa657c488aec6512e1dd6143a480c1ecfee9b5b5cd74eb3b59e?s=96&d=mm&r=g","caption":"CL"},"url":"https:\/\/www.webdo.tn\/fr\/actualite\/author\/cl\/"}]}},"_links":{"self":[{"href":"https:\/\/www.webdo.tn\/fr\/wp-json\/wp\/v2\/posts\/204178","targetHints":{"allow":["GET"]}}],"collection":[{"href":"https:\/\/www.webdo.tn\/fr\/wp-json\/wp\/v2\/posts"}],"about":[{"href":"https:\/\/www.webdo.tn\/fr\/wp-json\/wp\/v2\/types\/post"}],"author":[{"embeddable":true,"href":"https:\/\/www.webdo.tn\/fr\/wp-json\/wp\/v2\/users\/3175"}],"replies":[{"embeddable":true,"href":"https:\/\/www.webdo.tn\/fr\/wp-json\/wp\/v2\/comments?post=204178"}],"version-history":[{"count":0,"href":"https:\/\/www.webdo.tn\/fr\/wp-json\/wp\/v2\/posts\/204178\/revisions"}],"wp:featuredmedia":[{"embeddable":true,"href":"https:\/\/www.webdo.tn\/fr\/wp-json\/wp\/v2\/media\/277927"}],"wp:attachment":[{"href":"https:\/\/www.webdo.tn\/fr\/wp-json\/wp\/v2\/media?parent=204178"}],"wp:term":[{"taxonomy":"category","embeddable":true,"href":"https:\/\/www.webdo.tn\/fr\/wp-json\/wp\/v2\/categories?post=204178"},{"taxonomy":"post_tag","embeddable":true,"href":"https:\/\/www.webdo.tn\/fr\/wp-json\/wp\/v2\/tags?post=204178"}],"curies":[{"name":"wp","href":"https:\/\/api.w.org\/{rel}","templated":true}]}}