{"id":204175,"date":"2023-03-22T12:52:00","date_gmt":"2023-03-22T12:52:00","guid":{"rendered":"https:\/\/www.webdo.tn\/fr\/blog\/les-transferts-de-fonds-de-la-diaspora-tunisienne-enregistrent-un-record-historique\/204175\/"},"modified":"2025-05-20T22:59:22","modified_gmt":"2025-05-20T22:59:22","slug":"les-transferts-de-fonds-de-la-diaspora-tunisienne-enregistrent-un-record-historique","status":"publish","type":"post","link":"https:\/\/www.webdo.tn\/fr\/actualite\/national\/les-transferts-de-fonds-de-la-diaspora-tunisienne-enregistrent-un-record-historique\/204175\/","title":{"rendered":"Les Transferts de fonds de la diaspora tunisienne enregistrent un record historique !"},"content":{"rendered":"<p>Les transferts de fonds des Tunisiens \u00e0 l\u2019\u00e9tranger ont atteint 9468,4 millions de dinars en 2022 contre 8617,8 millions de dinars en 2021, soit une hausse de 9,9%. Un record historique !<\/p>\n<p>\t\t\t\t\t\t\t\t\tEn l\u2019absence d\u2019accord avec le FMI et en raison de la difficult\u00e9 de la Tunisie \u00e0 acc\u00e9der au march\u00e9 international des capitaux, les transferts de fonds des Tunisiens R\u00e9sidents \u00e0 l\u2019Etranger (TRE) continuent \u00e0 constituer la premi\u00e8re source nationale de devises.<\/p>\n<p>Le directeur g\u00e9n\u00e9ral de l\u2019Office des Tunisiens \u00e0 l\u2019\u00e9tranger (OTE), Mohamed Mansouri, avait d\u00e9clar\u00e9 au mois de septembre 2022 que les transferts ont assur\u00e9 20% de la r\u00e9serve nationale en devises.<\/p>\n<p>Des fonds qui avaient permis de couvrir la dette ext\u00e9rieure au cours des sept premiers mois de 2022 et ont d\u00e9pass\u00e9 les revenus du secteur touristique au cours de la m\u00eame p\u00e9riode de 2022.<\/p>\n<p>G\u00e9n\u00e9ralement exploit\u00e9s dans les secteurs du logement, des services et au soutien des familles des expatri\u00e9s, les revenus de la diaspora tunisienne gagneraient, \u00e0 notre avis, en efficience s\u2019ils \u00e9taient dirig\u00e9s vers l\u2019investissement dans les secteurs productifs.<\/p>\n<p>Une alternative qui incombe aussi bien \u00e0 l\u2019Etat, qui doit am\u00e9liorer le climat des affaires, qu\u2019aux \u00e9tablissements bancaires qui sont tenus de mettre en \u00e9vidence leurs diff\u00e9rents produits financiers afin que nos travailleurs \u00e0 l\u2019\u00e9tranger puissent diriger leur \u00e9pargne autre que dans le secteur du logement.<\/p>\n","protected":false},"excerpt":{"rendered":"<p>Les transferts de fonds des Tunisiens \u00e0 l\u2019\u00e9tranger ont atteint 9468,4 millions de dinars en 2022. Un record historique !<\/p>\n","protected":false},"author":3188,"featured_media":277967,"comment_status":"open","ping_status":"closed","sticky":false,"template":"","format":"standard","meta":{"footnotes":""},"categories":[44],"tags":[3438,2773,4468],"class_list":["post-204175","post","type-post","status-publish","format-standard","has-post-thumbnail","hentry","category-national","tag-devises","tag-fonds","tag-tunisiens-residents-a-letranger"],"yoast_head":"<!-- This site is optimized with the Yoast SEO Premium plugin v27.5 (Yoast SEO v27.5) - https:\/\/yoast.com\/product\/yoast-seo-premium-wordpress\/ -->\n<title>Les Transferts de fonds de la diaspora tunisienne enregistrent un record historique !<\/title>\n<meta name=\"description\" content=\"Les transferts de fonds des Tunisiens \u00e0 l\u2019\u00e9tranger ont atteint 9468,4 millions de dinars en 2022. Un record historique !\" \/>\n<link rel=\"canonical\" href=\"https:\/\/www.webdo.tn\/fr\/actualite\/national\/les-transferts-de-fonds-de-la-diaspora-tunisienne-enregistrent-un-record-historique\/204175\/\" \/>\n<meta property=\"og:locale\" content=\"fr_FR\" \/>\n<meta property=\"og:type\" content=\"article\" \/>\n<meta property=\"og:title\" content=\"Les Transferts de fonds de la diaspora tunisienne enregistrent un record historique !\" \/>\n<meta property=\"og:description\" content=\"Les transferts de fonds des Tunisiens \u00e0 l\u2019\u00e9tranger ont atteint 9468,4 millions de dinars en 2022. Un record historique !\" \/>\n<meta property=\"og:url\" content=\"https:\/\/www.webdo.tn\/fr\/actualite\/national\/les-transferts-de-fonds-de-la-diaspora-tunisienne-enregistrent-un-record-historique\/204175\/\" \/>\n<meta property=\"og:site_name\" content=\"webdo\" \/>\n<meta property=\"article:publisher\" content=\"https:\/\/www.facebook.com\/webdotn\" \/>\n<meta property=\"article:published_time\" content=\"2023-03-22T12:52:00+00:00\" \/>\n<meta property=\"article:modified_time\" content=\"2025-05-20T22:59:22+00:00\" \/>\n<meta property=\"og:image\" content=\"https:\/\/www.webdo.tn\/fr\/wp-content\/uploads\/2023\/03\/586c765cfb5405f93f65d881f6d794d7.jpg\" \/>\n\t<meta property=\"og:image:width\" content=\"750\" \/>\n\t<meta property=\"og:image:height\" content=\"400\" \/>\n\t<meta property=\"og:image:type\" content=\"image\/jpeg\" \/>\n<meta name=\"author\" content=\"Ramzi\" \/>\n<meta name=\"twitter:card\" content=\"summary_large_image\" \/>\n<meta name=\"twitter:creator\" content=\"@webdo_tn\" \/>\n<meta name=\"twitter:site\" content=\"@webdo_tn\" \/>\n<meta name=\"twitter:label1\" content=\"\u00c9crit par\" \/>\n\t<meta name=\"twitter:data1\" content=\"Ramzi\" \/>\n\t<meta name=\"twitter:label2\" content=\"Dur\u00e9e de lecture estim\u00e9e\" \/>\n\t<meta name=\"twitter:data2\" content=\"1 minute\" \/>\n<script type=\"application\/ld+json\" class=\"yoast-schema-graph\">{\"@context\":\"https:\\\/\\\/schema.org\",\"@graph\":[{\"@type\":\"NewsArticle\",\"@id\":\"https:\\\/\\\/www.webdo.tn\\\/fr\\\/actualite\\\/national\\\/les-transferts-de-fonds-de-la-diaspora-tunisienne-enregistrent-un-record-historique\\\/204175\\\/#article\",\"isPartOf\":{\"@id\":\"https:\\\/\\\/www.webdo.tn\\\/fr\\\/actualite\\\/national\\\/les-transferts-de-fonds-de-la-diaspora-tunisienne-enregistrent-un-record-historique\\\/204175\\\/\"},\"author\":{\"name\":\"Ramzi\",\"@id\":\"https:\\\/\\\/www.webdo.tn\\\/fr\\\/#\\\/schema\\\/person\\\/590cb5f81adcfde6385530fdbdf468e2\"},\"headline\":\"Les Transferts de fonds de la diaspora tunisienne enregistrent un record historique !\",\"datePublished\":\"2023-03-22T12:52:00+00:00\",\"dateModified\":\"2025-05-20T22:59:22+00:00\",\"mainEntityOfPage\":{\"@id\":\"https:\\\/\\\/www.webdo.tn\\\/fr\\\/actualite\\\/national\\\/les-transferts-de-fonds-de-la-diaspora-tunisienne-enregistrent-un-record-historique\\\/204175\\\/\"},\"wordCount\":244,\"commentCount\":0,\"publisher\":{\"@id\":\"https:\\\/\\\/www.webdo.tn\\\/fr\\\/#organization\"},\"image\":{\"@id\":\"https:\\\/\\\/www.webdo.tn\\\/fr\\\/actualite\\\/national\\\/les-transferts-de-fonds-de-la-diaspora-tunisienne-enregistrent-un-record-historique\\\/204175\\\/#primaryimage\"},\"thumbnailUrl\":\"https:\\\/\\\/www.webdo.tn\\\/fr\\\/wp-content\\\/uploads\\\/2023\\\/03\\\/586c765cfb5405f93f65d881f6d794d7.jpg\",\"keywords\":[\"devises\",\"fonds\",\"Tunisiens R\u00e9sidents \u00e0 l\u2019Etranger\"],\"articleSection\":[\"National\"],\"inLanguage\":\"fr-FR\"},{\"@type\":\"WebPage\",\"@id\":\"https:\\\/\\\/www.webdo.tn\\\/fr\\\/actualite\\\/national\\\/les-transferts-de-fonds-de-la-diaspora-tunisienne-enregistrent-un-record-historique\\\/204175\\\/\",\"url\":\"https:\\\/\\\/www.webdo.tn\\\/fr\\\/actualite\\\/national\\\/les-transferts-de-fonds-de-la-diaspora-tunisienne-enregistrent-un-record-historique\\\/204175\\\/\",\"name\":\"Les Transferts de fonds de la diaspora tunisienne enregistrent un record historique !\",\"isPartOf\":{\"@id\":\"https:\\\/\\\/www.webdo.tn\\\/fr\\\/#website\"},\"primaryImageOfPage\":{\"@id\":\"https:\\\/\\\/www.webdo.tn\\\/fr\\\/actualite\\\/national\\\/les-transferts-de-fonds-de-la-diaspora-tunisienne-enregistrent-un-record-historique\\\/204175\\\/#primaryimage\"},\"image\":{\"@id\":\"https:\\\/\\\/www.webdo.tn\\\/fr\\\/actualite\\\/national\\\/les-transferts-de-fonds-de-la-diaspora-tunisienne-enregistrent-un-record-historique\\\/204175\\\/#primaryimage\"},\"thumbnailUrl\":\"https:\\\/\\\/www.webdo.tn\\\/fr\\\/wp-content\\\/uploads\\\/2023\\\/03\\\/586c765cfb5405f93f65d881f6d794d7.jpg\",\"datePublished\":\"2023-03-22T12:52:00+00:00\",\"dateModified\":\"2025-05-20T22:59:22+00:00\",\"description\":\"Les transferts de fonds des Tunisiens \u00e0 l\u2019\u00e9tranger ont atteint 9468,4 millions de dinars en 2022. Un record historique !\",\"breadcrumb\":{\"@id\":\"https:\\\/\\\/www.webdo.tn\\\/fr\\\/actualite\\\/national\\\/les-transferts-de-fonds-de-la-diaspora-tunisienne-enregistrent-un-record-historique\\\/204175\\\/#breadcrumb\"},\"inLanguage\":\"fr-FR\",\"potentialAction\":[{\"@type\":\"ReadAction\",\"target\":[\"https:\\\/\\\/www.webdo.tn\\\/fr\\\/actualite\\\/national\\\/les-transferts-de-fonds-de-la-diaspora-tunisienne-enregistrent-un-record-historique\\\/204175\\\/\"]}]},{\"@type\":\"ImageObject\",\"inLanguage\":\"fr-FR\",\"@id\":\"https:\\\/\\\/www.webdo.tn\\\/fr\\\/actualite\\\/national\\\/les-transferts-de-fonds-de-la-diaspora-tunisienne-enregistrent-un-record-historique\\\/204175\\\/#primaryimage\",\"url\":\"https:\\\/\\\/www.webdo.tn\\\/fr\\\/wp-content\\\/uploads\\\/2023\\\/03\\\/586c765cfb5405f93f65d881f6d794d7.jpg\",\"contentUrl\":\"https:\\\/\\\/www.webdo.tn\\\/fr\\\/wp-content\\\/uploads\\\/2023\\\/03\\\/586c765cfb5405f93f65d881f6d794d7.jpg\",\"width\":750,\"height\":400,\"caption\":\"Diaspora tunisienne : un potentiel \u00e9conomique encore sous-exploit\u00e9, alerte le gouverneur de la BCT\"},{\"@type\":\"BreadcrumbList\",\"@id\":\"https:\\\/\\\/www.webdo.tn\\\/fr\\\/actualite\\\/national\\\/les-transferts-de-fonds-de-la-diaspora-tunisienne-enregistrent-un-record-historique\\\/204175\\\/#breadcrumb\",\"itemListElement\":[{\"@type\":\"ListItem\",\"position\":1,\"name\":\"Accueil\",\"item\":\"https:\\\/\\\/www.webdo.tn\\\/fr\\\/\"},{\"@type\":\"ListItem\",\"position\":2,\"name\":\"Les Transferts de fonds de la diaspora tunisienne enregistrent un record historique !\"}]},{\"@type\":\"WebSite\",\"@id\":\"https:\\\/\\\/www.webdo.tn\\\/fr\\\/#website\",\"url\":\"https:\\\/\\\/www.webdo.tn\\\/fr\\\/\",\"name\":\"webdo\",\"description\":\"Tunisie - News en Tunisie et \u00e0 l&#039;international sur Webdo.tn\",\"publisher\":{\"@id\":\"https:\\\/\\\/www.webdo.tn\\\/fr\\\/#organization\"},\"potentialAction\":[{\"@type\":\"SearchAction\",\"target\":{\"@type\":\"EntryPoint\",\"urlTemplate\":\"https:\\\/\\\/www.webdo.tn\\\/fr\\\/?s={search_term_string}\"},\"query-input\":{\"@type\":\"PropertyValueSpecification\",\"valueRequired\":true,\"valueName\":\"search_term_string\"}}],\"inLanguage\":\"fr-FR\"},{\"@type\":\"Organization\",\"@id\":\"https:\\\/\\\/www.webdo.tn\\\/fr\\\/#organization\",\"name\":\"Webdo\",\"alternateName\":\"Webdo.tn\",\"url\":\"https:\\\/\\\/www.webdo.tn\\\/fr\\\/\",\"logo\":{\"@type\":\"ImageObject\",\"inLanguage\":\"fr-FR\",\"@id\":\"https:\\\/\\\/www.webdo.tn\\\/fr\\\/#\\\/schema\\\/logo\\\/image\\\/\",\"url\":\"https:\\\/\\\/www.webdo.tn\\\/fr\\\/wp-content\\\/uploads\\\/2025\\\/06\\\/Webdo-Tunisie_168377.jpg\",\"contentUrl\":\"https:\\\/\\\/www.webdo.tn\\\/fr\\\/wp-content\\\/uploads\\\/2025\\\/06\\\/Webdo-Tunisie_168377.jpg\",\"width\":301,\"height\":301,\"caption\":\"Webdo\"},\"image\":{\"@id\":\"https:\\\/\\\/www.webdo.tn\\\/fr\\\/#\\\/schema\\\/logo\\\/image\\\/\"},\"sameAs\":[\"https:\\\/\\\/www.facebook.com\\\/webdotn\",\"https:\\\/\\\/x.com\\\/webdo_tn\"],\"description\":\"Webdo est un m\u00e9dia num\u00e9rique tunisien fond\u00e9 en 2010, sp\u00e9cialis\u00e9 dans l\u2019actualit\u00e9 nationale et internationale, l\u2019\u00e9conomie, la soci\u00e9t\u00e9 et les analyses politiques. Le site s\u2019adresse \u00e0 un large public francophone et couvre l\u2019information tunisienne en temps r\u00e9el.\",\"email\":\"redac@webdo.tn\",\"legalName\":\"YNJ SARL\",\"foundingDate\":\"2010-09-06\",\"numberOfEmployees\":{\"@type\":\"QuantitativeValue\",\"minValue\":\"11\",\"maxValue\":\"50\"}},{\"@type\":\"Person\",\"@id\":\"https:\\\/\\\/www.webdo.tn\\\/fr\\\/#\\\/schema\\\/person\\\/590cb5f81adcfde6385530fdbdf468e2\",\"name\":\"Ramzi\",\"image\":{\"@type\":\"ImageObject\",\"inLanguage\":\"fr-FR\",\"@id\":\"https:\\\/\\\/secure.gravatar.com\\\/avatar\\\/48df7d18915e10cf866ba8e27604c81ff9243fd52704a1d210c3e387e1cb8d87?s=96&d=mm&r=g\",\"url\":\"https:\\\/\\\/secure.gravatar.com\\\/avatar\\\/48df7d18915e10cf866ba8e27604c81ff9243fd52704a1d210c3e387e1cb8d87?s=96&d=mm&r=g\",\"contentUrl\":\"https:\\\/\\\/secure.gravatar.com\\\/avatar\\\/48df7d18915e10cf866ba8e27604c81ff9243fd52704a1d210c3e387e1cb8d87?s=96&d=mm&r=g\",\"caption\":\"Ramzi\"},\"url\":\"https:\\\/\\\/www.webdo.tn\\\/fr\\\/actualite\\\/author\\\/ramzi\\\/\"}]}<\/script>\n<!-- \/ Yoast SEO Premium plugin. -->","yoast_head_json":{"title":"Les Transferts de fonds de la diaspora tunisienne enregistrent un record historique !","description":"Les transferts de fonds des Tunisiens \u00e0 l\u2019\u00e9tranger ont atteint 9468,4 millions de dinars en 2022. Un record historique !","canonical":"https:\/\/www.webdo.tn\/fr\/actualite\/national\/les-transferts-de-fonds-de-la-diaspora-tunisienne-enregistrent-un-record-historique\/204175\/","og_locale":"fr_FR","og_type":"article","og_title":"Les Transferts de fonds de la diaspora tunisienne enregistrent un record historique !","og_description":"Les transferts de fonds des Tunisiens \u00e0 l\u2019\u00e9tranger ont atteint 9468,4 millions de dinars en 2022. Un record historique !","og_url":"https:\/\/www.webdo.tn\/fr\/actualite\/national\/les-transferts-de-fonds-de-la-diaspora-tunisienne-enregistrent-un-record-historique\/204175\/","og_site_name":"webdo","article_publisher":"https:\/\/www.facebook.com\/webdotn","article_published_time":"2023-03-22T12:52:00+00:00","article_modified_time":"2025-05-20T22:59:22+00:00","og_image":[{"width":750,"height":400,"url":"https:\/\/www.webdo.tn\/fr\/wp-content\/uploads\/2023\/03\/586c765cfb5405f93f65d881f6d794d7.jpg","type":"image\/jpeg"}],"author":"Ramzi","twitter_card":"summary_large_image","twitter_creator":"@webdo_tn","twitter_site":"@webdo_tn","twitter_misc":{"\u00c9crit par":"Ramzi","Dur\u00e9e de lecture estim\u00e9e":"1 minute"},"schema":{"@context":"https:\/\/schema.org","@graph":[{"@type":"NewsArticle","@id":"https:\/\/www.webdo.tn\/fr\/actualite\/national\/les-transferts-de-fonds-de-la-diaspora-tunisienne-enregistrent-un-record-historique\/204175\/#article","isPartOf":{"@id":"https:\/\/www.webdo.tn\/fr\/actualite\/national\/les-transferts-de-fonds-de-la-diaspora-tunisienne-enregistrent-un-record-historique\/204175\/"},"author":{"name":"Ramzi","@id":"https:\/\/www.webdo.tn\/fr\/#\/schema\/person\/590cb5f81adcfde6385530fdbdf468e2"},"headline":"Les Transferts de fonds de la diaspora tunisienne enregistrent un record historique !","datePublished":"2023-03-22T12:52:00+00:00","dateModified":"2025-05-20T22:59:22+00:00","mainEntityOfPage":{"@id":"https:\/\/www.webdo.tn\/fr\/actualite\/national\/les-transferts-de-fonds-de-la-diaspora-tunisienne-enregistrent-un-record-historique\/204175\/"},"wordCount":244,"commentCount":0,"publisher":{"@id":"https:\/\/www.webdo.tn\/fr\/#organization"},"image":{"@id":"https:\/\/www.webdo.tn\/fr\/actualite\/national\/les-transferts-de-fonds-de-la-diaspora-tunisienne-enregistrent-un-record-historique\/204175\/#primaryimage"},"thumbnailUrl":"https:\/\/www.webdo.tn\/fr\/wp-content\/uploads\/2023\/03\/586c765cfb5405f93f65d881f6d794d7.jpg","keywords":["devises","fonds","Tunisiens R\u00e9sidents \u00e0 l\u2019Etranger"],"articleSection":["National"],"inLanguage":"fr-FR"},{"@type":"WebPage","@id":"https:\/\/www.webdo.tn\/fr\/actualite\/national\/les-transferts-de-fonds-de-la-diaspora-tunisienne-enregistrent-un-record-historique\/204175\/","url":"https:\/\/www.webdo.tn\/fr\/actualite\/national\/les-transferts-de-fonds-de-la-diaspora-tunisienne-enregistrent-un-record-historique\/204175\/","name":"Les Transferts de fonds de la diaspora tunisienne enregistrent un record historique !","isPartOf":{"@id":"https:\/\/www.webdo.tn\/fr\/#website"},"primaryImageOfPage":{"@id":"https:\/\/www.webdo.tn\/fr\/actualite\/national\/les-transferts-de-fonds-de-la-diaspora-tunisienne-enregistrent-un-record-historique\/204175\/#primaryimage"},"image":{"@id":"https:\/\/www.webdo.tn\/fr\/actualite\/national\/les-transferts-de-fonds-de-la-diaspora-tunisienne-enregistrent-un-record-historique\/204175\/#primaryimage"},"thumbnailUrl":"https:\/\/www.webdo.tn\/fr\/wp-content\/uploads\/2023\/03\/586c765cfb5405f93f65d881f6d794d7.jpg","datePublished":"2023-03-22T12:52:00+00:00","dateModified":"2025-05-20T22:59:22+00:00","description":"Les transferts de fonds des Tunisiens \u00e0 l\u2019\u00e9tranger ont atteint 9468,4 millions de dinars en 2022. Un record historique !","breadcrumb":{"@id":"https:\/\/www.webdo.tn\/fr\/actualite\/national\/les-transferts-de-fonds-de-la-diaspora-tunisienne-enregistrent-un-record-historique\/204175\/#breadcrumb"},"inLanguage":"fr-FR","potentialAction":[{"@type":"ReadAction","target":["https:\/\/www.webdo.tn\/fr\/actualite\/national\/les-transferts-de-fonds-de-la-diaspora-tunisienne-enregistrent-un-record-historique\/204175\/"]}]},{"@type":"ImageObject","inLanguage":"fr-FR","@id":"https:\/\/www.webdo.tn\/fr\/actualite\/national\/les-transferts-de-fonds-de-la-diaspora-tunisienne-enregistrent-un-record-historique\/204175\/#primaryimage","url":"https:\/\/www.webdo.tn\/fr\/wp-content\/uploads\/2023\/03\/586c765cfb5405f93f65d881f6d794d7.jpg","contentUrl":"https:\/\/www.webdo.tn\/fr\/wp-content\/uploads\/2023\/03\/586c765cfb5405f93f65d881f6d794d7.jpg","width":750,"height":400,"caption":"Diaspora tunisienne : un potentiel \u00e9conomique encore sous-exploit\u00e9, alerte le gouverneur de la BCT"},{"@type":"BreadcrumbList","@id":"https:\/\/www.webdo.tn\/fr\/actualite\/national\/les-transferts-de-fonds-de-la-diaspora-tunisienne-enregistrent-un-record-historique\/204175\/#breadcrumb","itemListElement":[{"@type":"ListItem","position":1,"name":"Accueil","item":"https:\/\/www.webdo.tn\/fr\/"},{"@type":"ListItem","position":2,"name":"Les Transferts de fonds de la diaspora tunisienne enregistrent un record historique !"}]},{"@type":"WebSite","@id":"https:\/\/www.webdo.tn\/fr\/#website","url":"https:\/\/www.webdo.tn\/fr\/","name":"webdo","description":"Tunisie - News en Tunisie et \u00e0 l&#039;international sur Webdo.tn","publisher":{"@id":"https:\/\/www.webdo.tn\/fr\/#organization"},"potentialAction":[{"@type":"SearchAction","target":{"@type":"EntryPoint","urlTemplate":"https:\/\/www.webdo.tn\/fr\/?s={search_term_string}"},"query-input":{"@type":"PropertyValueSpecification","valueRequired":true,"valueName":"search_term_string"}}],"inLanguage":"fr-FR"},{"@type":"Organization","@id":"https:\/\/www.webdo.tn\/fr\/#organization","name":"Webdo","alternateName":"Webdo.tn","url":"https:\/\/www.webdo.tn\/fr\/","logo":{"@type":"ImageObject","inLanguage":"fr-FR","@id":"https:\/\/www.webdo.tn\/fr\/#\/schema\/logo\/image\/","url":"https:\/\/www.webdo.tn\/fr\/wp-content\/uploads\/2025\/06\/Webdo-Tunisie_168377.jpg","contentUrl":"https:\/\/www.webdo.tn\/fr\/wp-content\/uploads\/2025\/06\/Webdo-Tunisie_168377.jpg","width":301,"height":301,"caption":"Webdo"},"image":{"@id":"https:\/\/www.webdo.tn\/fr\/#\/schema\/logo\/image\/"},"sameAs":["https:\/\/www.facebook.com\/webdotn","https:\/\/x.com\/webdo_tn"],"description":"Webdo est un m\u00e9dia num\u00e9rique tunisien fond\u00e9 en 2010, sp\u00e9cialis\u00e9 dans l\u2019actualit\u00e9 nationale et internationale, l\u2019\u00e9conomie, la soci\u00e9t\u00e9 et les analyses politiques. Le site s\u2019adresse \u00e0 un large public francophone et couvre l\u2019information tunisienne en temps r\u00e9el.","email":"redac@webdo.tn","legalName":"YNJ SARL","foundingDate":"2010-09-06","numberOfEmployees":{"@type":"QuantitativeValue","minValue":"11","maxValue":"50"}},{"@type":"Person","@id":"https:\/\/www.webdo.tn\/fr\/#\/schema\/person\/590cb5f81adcfde6385530fdbdf468e2","name":"Ramzi","image":{"@type":"ImageObject","inLanguage":"fr-FR","@id":"https:\/\/secure.gravatar.com\/avatar\/48df7d18915e10cf866ba8e27604c81ff9243fd52704a1d210c3e387e1cb8d87?s=96&d=mm&r=g","url":"https:\/\/secure.gravatar.com\/avatar\/48df7d18915e10cf866ba8e27604c81ff9243fd52704a1d210c3e387e1cb8d87?s=96&d=mm&r=g","contentUrl":"https:\/\/secure.gravatar.com\/avatar\/48df7d18915e10cf866ba8e27604c81ff9243fd52704a1d210c3e387e1cb8d87?s=96&d=mm&r=g","caption":"Ramzi"},"url":"https:\/\/www.webdo.tn\/fr\/actualite\/author\/ramzi\/"}]}},"_links":{"self":[{"href":"https:\/\/www.webdo.tn\/fr\/wp-json\/wp\/v2\/posts\/204175","targetHints":{"allow":["GET"]}}],"collection":[{"href":"https:\/\/www.webdo.tn\/fr\/wp-json\/wp\/v2\/posts"}],"about":[{"href":"https:\/\/www.webdo.tn\/fr\/wp-json\/wp\/v2\/types\/post"}],"author":[{"embeddable":true,"href":"https:\/\/www.webdo.tn\/fr\/wp-json\/wp\/v2\/users\/3188"}],"replies":[{"embeddable":true,"href":"https:\/\/www.webdo.tn\/fr\/wp-json\/wp\/v2\/comments?post=204175"}],"version-history":[{"count":0,"href":"https:\/\/www.webdo.tn\/fr\/wp-json\/wp\/v2\/posts\/204175\/revisions"}],"wp:featuredmedia":[{"embeddable":true,"href":"https:\/\/www.webdo.tn\/fr\/wp-json\/wp\/v2\/media\/277967"}],"wp:attachment":[{"href":"https:\/\/www.webdo.tn\/fr\/wp-json\/wp\/v2\/media?parent=204175"}],"wp:term":[{"taxonomy":"category","embeddable":true,"href":"https:\/\/www.webdo.tn\/fr\/wp-json\/wp\/v2\/categories?post=204175"},{"taxonomy":"post_tag","embeddable":true,"href":"https:\/\/www.webdo.tn\/fr\/wp-json\/wp\/v2\/tags?post=204175"}],"curies":[{"name":"wp","href":"https:\/\/api.w.org\/{rel}","templated":true}]}}