{"id":204172,"date":"2023-03-22T11:50:00","date_gmt":"2023-03-22T11:50:00","guid":{"rendered":"https:\/\/www.webdo.tn\/fr\/blog\/jazz-a-carthage-n-aura-pas-lieu-au-printemps\/204172\/"},"modified":"2025-05-17T21:05:26","modified_gmt":"2025-05-17T21:05:26","slug":"jazz-a-carthage-n-aura-pas-lieu-au-printemps","status":"publish","type":"post","link":"https:\/\/www.webdo.tn\/fr\/actualite\/culture\/jazz-a-carthage-n-aura-pas-lieu-au-printemps\/204172\/","title":{"rendered":"\u00ab\u00a0Jazz \u00e0 Carthage\u00a0\u00bb n&rsquo;aura pas lieu au printemps"},"content":{"rendered":"<p>Le comit\u00e9 d&rsquo;organisation de Jazz \u00e0 Carthage vient d&rsquo;annoncer que la seizi\u00e8me \u00e9dition de ce festival a \u00e9t\u00e9 report\u00e9e.<\/p>\n<p>\t\t\t\t\t\t\t\t\tUn communiqu\u00e9 dat\u00e9 du 22 mars courant, informe en effet le public culturel du report de l&rsquo;\u00e9dition de la session de ce printemps \u00e0 une date ult\u00e9rieure.<\/p>\n<p>Voici le texte complet du communiqu\u00e9 :<\/p>\n<p>\u00ab\u00a0C&rsquo;est avec regret que nous annon\u00e7ons aujourd&rsquo;hui le report de l&rsquo;\u00e9dition du printemps 2023 de \u00ab\u00a0Jazz \u00e0 Carthage\u00a0\u00bb, qui devait se d\u00e9rouler du 28 avril au 6 mai 2023.<\/p>\n<p>Malgr\u00e9 tous nos efforts, les lenteurs et obstacles administratifs persistants, le partenariat avec l\u2019institution devant abriter Jazz \u00e0 Carthage en 2023, convenu depuis une ann\u00e9e maintenant, et toujours pas act\u00e9, ainsi\u00a0 que les difficult\u00e9s financi\u00e8res, mais\u00a0\u00a0 aussi conjoncturelles, ont \u00e9t\u00e9 autant d\u2019obstacles \u00e0 la tenue de cet \u00e9v\u00e9nement musical.<\/p>\n<p>Nous tenons n\u00e9anmoins \u00e0 rassurer notre fid\u00e8le public ainsi que nos partenaires que nous restons d\u00e9termin\u00e9s \u00e0 poursuivre notre mission de promotion de la musique et de la culture en Tunisie, malgr\u00e9 les al\u00e9as. <\/p>\n<p>Nous sommes\u00a0\u00a0 actuellement en train d&rsquo;\u00e9tudier diff\u00e9rentes options pour reprogrammer l&rsquo;\u00e9dition du printemps 2023 de \u00ab\u00a0Jazz \u00e0 Carthage\u00a0\u00bb \u00e0 une date ult\u00e9rieure, probablement en 2024, ou pour proposer des alternatives cr\u00e9atives pour maintenir l&rsquo;esprit de \u00ab\u00a0Jazz \u00e0 Carthage\u00a0\u00bb vivant.<\/p>\n<p>Nous sommes conscients que cette nouvelle sera une d\u00e9ception pour tous ceux qui attendaient avec impatience de participer ou d\u2019assister au seizi\u00e8me \u00e9pisode de \u00ab\u00a0Jazz \u00e0 Carthage\u00a0\u00bb, et nous tenons \u00e0 exprimer notre gratitude \u00e0 tous les partenaires qui ont soutenu ce projet depuis ses d\u00e9buts. <\/p>\n<p>Nous remercions \u00e9galement tous ceux qui ont contribu\u00e9, au cours des six derniers mois, \u00e0 la pr\u00e9paration de l&rsquo;\u00e9dition du printemps 2023, notamment nos \u00e9quipes et les artistes.<\/p>\n<p>Nous\u00a0 sommes convaincus qu\u00a0 des r\u00e9formes de fond sont n\u00e9cessaires pour soutenir le secteur culturel et celui de l\u2019animation touristique en Tunisie pour permettre la tenue d&rsquo;\u00e9v\u00e9nements d&rsquo;initiative priv\u00e9e. <\/p>\n<p>Nous esp\u00e9rons que les autorit\u00e9s de tutelle prendront de v\u00e9ritables mesures pour y rem\u00e9dier au plus t\u00f4t. Nous\u00a0\u00a0 tiendrons bien \u00e9videmment inform\u00e9s, tous ceux qui nous suivent, de tout d\u00e9veloppement et nous\u00a0 esp\u00e9rons\u00a0 vous retrouver tr\u00e8s bient\u00f4t\u00a0 pour c\u00e9l\u00e9brer\u00a0 ensemble\u00a0 la belle musique\u00a0\u00bb.<\/p>\n","protected":false},"excerpt":{"rendered":"<p>Le comit\u00e9 d&rsquo;organisation de Jazz \u00e0 Carthage vient d&rsquo;annoncer que la seizi\u00e8me \u00e9dition de ce festival a \u00e9t\u00e9 report\u00e9e.<\/p>\n","protected":false},"author":3229,"featured_media":277969,"comment_status":"open","ping_status":"closed","sticky":false,"template":"","format":"standard","meta":{"footnotes":""},"categories":[2594],"tags":[2628,9410,2680],"class_list":["post-204172","post","type-post","status-publish","format-standard","has-post-thumbnail","hentry","category-culture","tag-festival","tag-jazz-a-carthage","tag-report"],"yoast_head":"<!-- This site is optimized with the Yoast SEO Premium plugin v27.5 (Yoast SEO v27.5) - https:\/\/yoast.com\/product\/yoast-seo-premium-wordpress\/ -->\n<title>Jazz \u00e0 Carthage n&#039;aura pas lieu au printemps<\/title>\n<meta name=\"description\" content=\"Le comit\u00e9 d&#039;organisation de Jazz \u00e0 Carthage vient d&#039;annoncer que la seizi\u00e8me \u00e9dition de ce festival a \u00e9t\u00e9 report\u00e9e.\" \/>\n<link rel=\"canonical\" href=\"https:\/\/www.webdo.tn\/fr\/actualite\/culture\/jazz-a-carthage-n-aura-pas-lieu-au-printemps\/204172\/\" \/>\n<meta property=\"og:locale\" content=\"fr_FR\" \/>\n<meta property=\"og:type\" content=\"article\" \/>\n<meta property=\"og:title\" content=\"&quot;Jazz \u00e0 Carthage&quot; n&#039;aura pas lieu au printemps\" \/>\n<meta property=\"og:description\" content=\"Le comit\u00e9 d&#039;organisation de Jazz \u00e0 Carthage vient d&#039;annoncer que la seizi\u00e8me \u00e9dition de ce festival a \u00e9t\u00e9 report\u00e9e.\" \/>\n<meta property=\"og:url\" content=\"https:\/\/www.webdo.tn\/fr\/actualite\/culture\/jazz-a-carthage-n-aura-pas-lieu-au-printemps\/204172\/\" \/>\n<meta property=\"og:site_name\" content=\"webdo\" \/>\n<meta property=\"article:publisher\" content=\"https:\/\/www.facebook.com\/webdotn\" \/>\n<meta property=\"article:author\" content=\"https:\/\/www.facebook.com\/hatem.bourial.2025\" \/>\n<meta property=\"article:published_time\" content=\"2023-03-22T11:50:00+00:00\" \/>\n<meta property=\"article:modified_time\" content=\"2025-05-17T21:05:26+00:00\" \/>\n<meta property=\"og:image\" content=\"https:\/\/www.webdo.tn\/fr\/wp-content\/uploads\/2023\/03\/dc55869bd285c94b58088abdc945492c.jpg\" \/>\n\t<meta property=\"og:image:width\" content=\"750\" \/>\n\t<meta property=\"og:image:height\" content=\"400\" \/>\n\t<meta property=\"og:image:type\" content=\"image\/jpeg\" \/>\n<meta name=\"author\" content=\"Hatem Bourial\" \/>\n<meta name=\"twitter:card\" content=\"summary_large_image\" \/>\n<meta name=\"twitter:creator\" content=\"@webdo_tn\" \/>\n<meta name=\"twitter:site\" content=\"@webdo_tn\" \/>\n<meta name=\"twitter:label1\" content=\"\u00c9crit par\" \/>\n\t<meta name=\"twitter:data1\" content=\"Hatem Bourial\" \/>\n\t<meta name=\"twitter:label2\" content=\"Dur\u00e9e de lecture estim\u00e9e\" \/>\n\t<meta name=\"twitter:data2\" content=\"2 minutes\" \/>\n<script type=\"application\/ld+json\" class=\"yoast-schema-graph\">{\"@context\":\"https:\\\/\\\/schema.org\",\"@graph\":[{\"@type\":\"NewsArticle\",\"@id\":\"https:\\\/\\\/www.webdo.tn\\\/fr\\\/actualite\\\/culture\\\/jazz-a-carthage-n-aura-pas-lieu-au-printemps\\\/204172\\\/#article\",\"isPartOf\":{\"@id\":\"https:\\\/\\\/www.webdo.tn\\\/fr\\\/actualite\\\/culture\\\/jazz-a-carthage-n-aura-pas-lieu-au-printemps\\\/204172\\\/\"},\"author\":{\"name\":\"Hatem Bourial\",\"@id\":\"https:\\\/\\\/www.webdo.tn\\\/fr\\\/#\\\/schema\\\/person\\\/6bc0beba2cd23aec27cb5df85ca2554f\"},\"headline\":\"\u00ab\u00a0Jazz \u00e0 Carthage\u00a0\u00bb n&rsquo;aura pas lieu au printemps\",\"datePublished\":\"2023-03-22T11:50:00+00:00\",\"dateModified\":\"2025-05-17T21:05:26+00:00\",\"mainEntityOfPage\":{\"@id\":\"https:\\\/\\\/www.webdo.tn\\\/fr\\\/actualite\\\/culture\\\/jazz-a-carthage-n-aura-pas-lieu-au-printemps\\\/204172\\\/\"},\"wordCount\":387,\"commentCount\":0,\"publisher\":{\"@id\":\"https:\\\/\\\/www.webdo.tn\\\/fr\\\/#organization\"},\"image\":{\"@id\":\"https:\\\/\\\/www.webdo.tn\\\/fr\\\/actualite\\\/culture\\\/jazz-a-carthage-n-aura-pas-lieu-au-printemps\\\/204172\\\/#primaryimage\"},\"thumbnailUrl\":\"https:\\\/\\\/www.webdo.tn\\\/fr\\\/wp-content\\\/uploads\\\/2023\\\/03\\\/dc55869bd285c94b58088abdc945492c.jpg\",\"keywords\":[\"Festival\",\"jazz \u00e0 carthage\",\"report\"],\"articleSection\":[\"Culture\"],\"inLanguage\":\"fr-FR\"},{\"@type\":\"WebPage\",\"@id\":\"https:\\\/\\\/www.webdo.tn\\\/fr\\\/actualite\\\/culture\\\/jazz-a-carthage-n-aura-pas-lieu-au-printemps\\\/204172\\\/\",\"url\":\"https:\\\/\\\/www.webdo.tn\\\/fr\\\/actualite\\\/culture\\\/jazz-a-carthage-n-aura-pas-lieu-au-printemps\\\/204172\\\/\",\"name\":\"Jazz \u00e0 Carthage n'aura pas lieu au printemps\",\"isPartOf\":{\"@id\":\"https:\\\/\\\/www.webdo.tn\\\/fr\\\/#website\"},\"primaryImageOfPage\":{\"@id\":\"https:\\\/\\\/www.webdo.tn\\\/fr\\\/actualite\\\/culture\\\/jazz-a-carthage-n-aura-pas-lieu-au-printemps\\\/204172\\\/#primaryimage\"},\"image\":{\"@id\":\"https:\\\/\\\/www.webdo.tn\\\/fr\\\/actualite\\\/culture\\\/jazz-a-carthage-n-aura-pas-lieu-au-printemps\\\/204172\\\/#primaryimage\"},\"thumbnailUrl\":\"https:\\\/\\\/www.webdo.tn\\\/fr\\\/wp-content\\\/uploads\\\/2023\\\/03\\\/dc55869bd285c94b58088abdc945492c.jpg\",\"datePublished\":\"2023-03-22T11:50:00+00:00\",\"dateModified\":\"2025-05-17T21:05:26+00:00\",\"description\":\"Le comit\u00e9 d'organisation de Jazz \u00e0 Carthage vient d'annoncer que la seizi\u00e8me \u00e9dition de ce festival a \u00e9t\u00e9 report\u00e9e.\",\"breadcrumb\":{\"@id\":\"https:\\\/\\\/www.webdo.tn\\\/fr\\\/actualite\\\/culture\\\/jazz-a-carthage-n-aura-pas-lieu-au-printemps\\\/204172\\\/#breadcrumb\"},\"inLanguage\":\"fr-FR\",\"potentialAction\":[{\"@type\":\"ReadAction\",\"target\":[\"https:\\\/\\\/www.webdo.tn\\\/fr\\\/actualite\\\/culture\\\/jazz-a-carthage-n-aura-pas-lieu-au-printemps\\\/204172\\\/\"]}]},{\"@type\":\"ImageObject\",\"inLanguage\":\"fr-FR\",\"@id\":\"https:\\\/\\\/www.webdo.tn\\\/fr\\\/actualite\\\/culture\\\/jazz-a-carthage-n-aura-pas-lieu-au-printemps\\\/204172\\\/#primaryimage\",\"url\":\"https:\\\/\\\/www.webdo.tn\\\/fr\\\/wp-content\\\/uploads\\\/2023\\\/03\\\/dc55869bd285c94b58088abdc945492c.jpg\",\"contentUrl\":\"https:\\\/\\\/www.webdo.tn\\\/fr\\\/wp-content\\\/uploads\\\/2023\\\/03\\\/dc55869bd285c94b58088abdc945492c.jpg\",\"width\":750,\"height\":400,\"caption\":\"\\\"Jazz \u00e0 Carthage\\\" n'aura pas lieu au printemps\"},{\"@type\":\"BreadcrumbList\",\"@id\":\"https:\\\/\\\/www.webdo.tn\\\/fr\\\/actualite\\\/culture\\\/jazz-a-carthage-n-aura-pas-lieu-au-printemps\\\/204172\\\/#breadcrumb\",\"itemListElement\":[{\"@type\":\"ListItem\",\"position\":1,\"name\":\"Accueil\",\"item\":\"https:\\\/\\\/www.webdo.tn\\\/fr\\\/\"},{\"@type\":\"ListItem\",\"position\":2,\"name\":\"\u00ab\u00a0Jazz \u00e0 Carthage\u00a0\u00bb n&rsquo;aura pas lieu au printemps\"}]},{\"@type\":\"WebSite\",\"@id\":\"https:\\\/\\\/www.webdo.tn\\\/fr\\\/#website\",\"url\":\"https:\\\/\\\/www.webdo.tn\\\/fr\\\/\",\"name\":\"webdo\",\"description\":\"Tunisie - News en Tunisie et \u00e0 l&#039;international sur Webdo.tn\",\"publisher\":{\"@id\":\"https:\\\/\\\/www.webdo.tn\\\/fr\\\/#organization\"},\"potentialAction\":[{\"@type\":\"SearchAction\",\"target\":{\"@type\":\"EntryPoint\",\"urlTemplate\":\"https:\\\/\\\/www.webdo.tn\\\/fr\\\/?s={search_term_string}\"},\"query-input\":{\"@type\":\"PropertyValueSpecification\",\"valueRequired\":true,\"valueName\":\"search_term_string\"}}],\"inLanguage\":\"fr-FR\"},{\"@type\":\"Organization\",\"@id\":\"https:\\\/\\\/www.webdo.tn\\\/fr\\\/#organization\",\"name\":\"Webdo\",\"alternateName\":\"Webdo.tn\",\"url\":\"https:\\\/\\\/www.webdo.tn\\\/fr\\\/\",\"logo\":{\"@type\":\"ImageObject\",\"inLanguage\":\"fr-FR\",\"@id\":\"https:\\\/\\\/www.webdo.tn\\\/fr\\\/#\\\/schema\\\/logo\\\/image\\\/\",\"url\":\"https:\\\/\\\/www.webdo.tn\\\/fr\\\/wp-content\\\/uploads\\\/2025\\\/06\\\/Webdo-Tunisie_168377.jpg\",\"contentUrl\":\"https:\\\/\\\/www.webdo.tn\\\/fr\\\/wp-content\\\/uploads\\\/2025\\\/06\\\/Webdo-Tunisie_168377.jpg\",\"width\":301,\"height\":301,\"caption\":\"Webdo\"},\"image\":{\"@id\":\"https:\\\/\\\/www.webdo.tn\\\/fr\\\/#\\\/schema\\\/logo\\\/image\\\/\"},\"sameAs\":[\"https:\\\/\\\/www.facebook.com\\\/webdotn\",\"https:\\\/\\\/x.com\\\/webdo_tn\"],\"description\":\"Webdo est un m\u00e9dia num\u00e9rique tunisien fond\u00e9 en 2010, sp\u00e9cialis\u00e9 dans l\u2019actualit\u00e9 nationale et internationale, l\u2019\u00e9conomie, la soci\u00e9t\u00e9 et les analyses politiques. Le site s\u2019adresse \u00e0 un large public francophone et couvre l\u2019information tunisienne en temps r\u00e9el.\",\"email\":\"redac@webdo.tn\",\"legalName\":\"YNJ SARL\",\"foundingDate\":\"2010-09-06\",\"numberOfEmployees\":{\"@type\":\"QuantitativeValue\",\"minValue\":\"11\",\"maxValue\":\"50\"}},{\"@type\":\"Person\",\"@id\":\"https:\\\/\\\/www.webdo.tn\\\/fr\\\/#\\\/schema\\\/person\\\/6bc0beba2cd23aec27cb5df85ca2554f\",\"name\":\"Hatem Bourial\",\"image\":{\"@type\":\"ImageObject\",\"inLanguage\":\"fr-FR\",\"@id\":\"https:\\\/\\\/www.webdo.tn\\\/fr\\\/wp-content\\\/uploads\\\/2026\\\/04\\\/hatem-bourial_avatar-96x96.jpg\",\"url\":\"https:\\\/\\\/www.webdo.tn\\\/fr\\\/wp-content\\\/uploads\\\/2026\\\/04\\\/hatem-bourial_avatar-96x96.jpg\",\"contentUrl\":\"https:\\\/\\\/www.webdo.tn\\\/fr\\\/wp-content\\\/uploads\\\/2026\\\/04\\\/hatem-bourial_avatar-96x96.jpg\",\"caption\":\"Hatem Bourial\"},\"description\":\"Hatem Bourial est journaliste, \u00e9crivain et chroniqueur tunisien. Actif depuis plusieurs d\u00e9cennies, il s\u2019est impos\u00e9 comme un observateur attentif de la soci\u00e9t\u00e9 tunisienne, m\u00ealant dans ses \u00e9crits m\u00e9moire, culture et analyse du quotidien. Auteur de nombreux ouvrages, il d\u00e9veloppe une \u0153uvre \u00e0 la crois\u00e9e du r\u00e9cit, de la po\u00e9sie et de l\u2019observation sociologique. Parall\u00e8lement \u00e0 ses contributions dans la presse, il intervient r\u00e9guli\u00e8rement \u00e0 la radio et dans des espaces culturels, o\u00f9 il explore les enjeux li\u00e9s au patrimoine, \u00e0 l\u2019identit\u00e9 et aux transformations du monde contemporain. \u00c0 travers ses chroniques, Hatem Bourial propose une lecture sensible et approfondie de l\u2019actualit\u00e9, nourrie par une exp\u00e9rience journalistique et litt\u00e9raire reconnue. \ud83d\udd17 Facebook : https:\\\/\\\/www.facebook.com\\\/hatem.bourial.2025\",\"sameAs\":[\"https:\\\/\\\/www.facebook.com\\\/hatem.bourial.2025\",\"https:\\\/\\\/fr.wikipedia.org\\\/wiki\\\/Fichier:Hatem_Bourial.jpg\"],\"knowsAbout\":[\"Culture & patrimoine tunisien\",\"Chronique soci\u00e9tale\",\"Litt\u00e9rature & m\u00e9moire\",\"Cin\u00e9ma & critique culturelle\",\"Identit\u00e9 & mutations sociales\"],\"knowsLanguage\":[\"Arabe\",\"Fran\u00e7ais\",\"Anglais\",\"Italien\",\"Polonais\"],\"jobTitle\":\"Journaliste, \u00e9crivain et chroniqueur culturel\",\"worksFor\":\"Webdo\",\"url\":\"https:\\\/\\\/www.webdo.tn\\\/fr\\\/actualite\\\/author\\\/hatem-bourial-2\\\/\"}]}<\/script>\n<!-- \/ Yoast SEO Premium plugin. -->","yoast_head_json":{"title":"Jazz \u00e0 Carthage n'aura pas lieu au printemps","description":"Le comit\u00e9 d'organisation de Jazz \u00e0 Carthage vient d'annoncer que la seizi\u00e8me \u00e9dition de ce festival a \u00e9t\u00e9 report\u00e9e.","canonical":"https:\/\/www.webdo.tn\/fr\/actualite\/culture\/jazz-a-carthage-n-aura-pas-lieu-au-printemps\/204172\/","og_locale":"fr_FR","og_type":"article","og_title":"\"Jazz \u00e0 Carthage\" n'aura pas lieu au printemps","og_description":"Le comit\u00e9 d'organisation de Jazz \u00e0 Carthage vient d'annoncer que la seizi\u00e8me \u00e9dition de ce festival a \u00e9t\u00e9 report\u00e9e.","og_url":"https:\/\/www.webdo.tn\/fr\/actualite\/culture\/jazz-a-carthage-n-aura-pas-lieu-au-printemps\/204172\/","og_site_name":"webdo","article_publisher":"https:\/\/www.facebook.com\/webdotn","article_author":"https:\/\/www.facebook.com\/hatem.bourial.2025","article_published_time":"2023-03-22T11:50:00+00:00","article_modified_time":"2025-05-17T21:05:26+00:00","og_image":[{"width":750,"height":400,"url":"https:\/\/www.webdo.tn\/fr\/wp-content\/uploads\/2023\/03\/dc55869bd285c94b58088abdc945492c.jpg","type":"image\/jpeg"}],"author":"Hatem Bourial","twitter_card":"summary_large_image","twitter_creator":"@webdo_tn","twitter_site":"@webdo_tn","twitter_misc":{"\u00c9crit par":"Hatem Bourial","Dur\u00e9e de lecture estim\u00e9e":"2 minutes"},"schema":{"@context":"https:\/\/schema.org","@graph":[{"@type":"NewsArticle","@id":"https:\/\/www.webdo.tn\/fr\/actualite\/culture\/jazz-a-carthage-n-aura-pas-lieu-au-printemps\/204172\/#article","isPartOf":{"@id":"https:\/\/www.webdo.tn\/fr\/actualite\/culture\/jazz-a-carthage-n-aura-pas-lieu-au-printemps\/204172\/"},"author":{"name":"Hatem Bourial","@id":"https:\/\/www.webdo.tn\/fr\/#\/schema\/person\/6bc0beba2cd23aec27cb5df85ca2554f"},"headline":"\u00ab\u00a0Jazz \u00e0 Carthage\u00a0\u00bb n&rsquo;aura pas lieu au printemps","datePublished":"2023-03-22T11:50:00+00:00","dateModified":"2025-05-17T21:05:26+00:00","mainEntityOfPage":{"@id":"https:\/\/www.webdo.tn\/fr\/actualite\/culture\/jazz-a-carthage-n-aura-pas-lieu-au-printemps\/204172\/"},"wordCount":387,"commentCount":0,"publisher":{"@id":"https:\/\/www.webdo.tn\/fr\/#organization"},"image":{"@id":"https:\/\/www.webdo.tn\/fr\/actualite\/culture\/jazz-a-carthage-n-aura-pas-lieu-au-printemps\/204172\/#primaryimage"},"thumbnailUrl":"https:\/\/www.webdo.tn\/fr\/wp-content\/uploads\/2023\/03\/dc55869bd285c94b58088abdc945492c.jpg","keywords":["Festival","jazz \u00e0 carthage","report"],"articleSection":["Culture"],"inLanguage":"fr-FR"},{"@type":"WebPage","@id":"https:\/\/www.webdo.tn\/fr\/actualite\/culture\/jazz-a-carthage-n-aura-pas-lieu-au-printemps\/204172\/","url":"https:\/\/www.webdo.tn\/fr\/actualite\/culture\/jazz-a-carthage-n-aura-pas-lieu-au-printemps\/204172\/","name":"Jazz \u00e0 Carthage n'aura pas lieu au printemps","isPartOf":{"@id":"https:\/\/www.webdo.tn\/fr\/#website"},"primaryImageOfPage":{"@id":"https:\/\/www.webdo.tn\/fr\/actualite\/culture\/jazz-a-carthage-n-aura-pas-lieu-au-printemps\/204172\/#primaryimage"},"image":{"@id":"https:\/\/www.webdo.tn\/fr\/actualite\/culture\/jazz-a-carthage-n-aura-pas-lieu-au-printemps\/204172\/#primaryimage"},"thumbnailUrl":"https:\/\/www.webdo.tn\/fr\/wp-content\/uploads\/2023\/03\/dc55869bd285c94b58088abdc945492c.jpg","datePublished":"2023-03-22T11:50:00+00:00","dateModified":"2025-05-17T21:05:26+00:00","description":"Le comit\u00e9 d'organisation de Jazz \u00e0 Carthage vient d'annoncer que la seizi\u00e8me \u00e9dition de ce festival a \u00e9t\u00e9 report\u00e9e.","breadcrumb":{"@id":"https:\/\/www.webdo.tn\/fr\/actualite\/culture\/jazz-a-carthage-n-aura-pas-lieu-au-printemps\/204172\/#breadcrumb"},"inLanguage":"fr-FR","potentialAction":[{"@type":"ReadAction","target":["https:\/\/www.webdo.tn\/fr\/actualite\/culture\/jazz-a-carthage-n-aura-pas-lieu-au-printemps\/204172\/"]}]},{"@type":"ImageObject","inLanguage":"fr-FR","@id":"https:\/\/www.webdo.tn\/fr\/actualite\/culture\/jazz-a-carthage-n-aura-pas-lieu-au-printemps\/204172\/#primaryimage","url":"https:\/\/www.webdo.tn\/fr\/wp-content\/uploads\/2023\/03\/dc55869bd285c94b58088abdc945492c.jpg","contentUrl":"https:\/\/www.webdo.tn\/fr\/wp-content\/uploads\/2023\/03\/dc55869bd285c94b58088abdc945492c.jpg","width":750,"height":400,"caption":"\"Jazz \u00e0 Carthage\" n'aura pas lieu au printemps"},{"@type":"BreadcrumbList","@id":"https:\/\/www.webdo.tn\/fr\/actualite\/culture\/jazz-a-carthage-n-aura-pas-lieu-au-printemps\/204172\/#breadcrumb","itemListElement":[{"@type":"ListItem","position":1,"name":"Accueil","item":"https:\/\/www.webdo.tn\/fr\/"},{"@type":"ListItem","position":2,"name":"\u00ab\u00a0Jazz \u00e0 Carthage\u00a0\u00bb n&rsquo;aura pas lieu au printemps"}]},{"@type":"WebSite","@id":"https:\/\/www.webdo.tn\/fr\/#website","url":"https:\/\/www.webdo.tn\/fr\/","name":"webdo","description":"Tunisie - News en Tunisie et \u00e0 l&#039;international sur Webdo.tn","publisher":{"@id":"https:\/\/www.webdo.tn\/fr\/#organization"},"potentialAction":[{"@type":"SearchAction","target":{"@type":"EntryPoint","urlTemplate":"https:\/\/www.webdo.tn\/fr\/?s={search_term_string}"},"query-input":{"@type":"PropertyValueSpecification","valueRequired":true,"valueName":"search_term_string"}}],"inLanguage":"fr-FR"},{"@type":"Organization","@id":"https:\/\/www.webdo.tn\/fr\/#organization","name":"Webdo","alternateName":"Webdo.tn","url":"https:\/\/www.webdo.tn\/fr\/","logo":{"@type":"ImageObject","inLanguage":"fr-FR","@id":"https:\/\/www.webdo.tn\/fr\/#\/schema\/logo\/image\/","url":"https:\/\/www.webdo.tn\/fr\/wp-content\/uploads\/2025\/06\/Webdo-Tunisie_168377.jpg","contentUrl":"https:\/\/www.webdo.tn\/fr\/wp-content\/uploads\/2025\/06\/Webdo-Tunisie_168377.jpg","width":301,"height":301,"caption":"Webdo"},"image":{"@id":"https:\/\/www.webdo.tn\/fr\/#\/schema\/logo\/image\/"},"sameAs":["https:\/\/www.facebook.com\/webdotn","https:\/\/x.com\/webdo_tn"],"description":"Webdo est un m\u00e9dia num\u00e9rique tunisien fond\u00e9 en 2010, sp\u00e9cialis\u00e9 dans l\u2019actualit\u00e9 nationale et internationale, l\u2019\u00e9conomie, la soci\u00e9t\u00e9 et les analyses politiques. Le site s\u2019adresse \u00e0 un large public francophone et couvre l\u2019information tunisienne en temps r\u00e9el.","email":"redac@webdo.tn","legalName":"YNJ SARL","foundingDate":"2010-09-06","numberOfEmployees":{"@type":"QuantitativeValue","minValue":"11","maxValue":"50"}},{"@type":"Person","@id":"https:\/\/www.webdo.tn\/fr\/#\/schema\/person\/6bc0beba2cd23aec27cb5df85ca2554f","name":"Hatem Bourial","image":{"@type":"ImageObject","inLanguage":"fr-FR","@id":"https:\/\/www.webdo.tn\/fr\/wp-content\/uploads\/2026\/04\/hatem-bourial_avatar-96x96.jpg","url":"https:\/\/www.webdo.tn\/fr\/wp-content\/uploads\/2026\/04\/hatem-bourial_avatar-96x96.jpg","contentUrl":"https:\/\/www.webdo.tn\/fr\/wp-content\/uploads\/2026\/04\/hatem-bourial_avatar-96x96.jpg","caption":"Hatem Bourial"},"description":"Hatem Bourial est journaliste, \u00e9crivain et chroniqueur tunisien. Actif depuis plusieurs d\u00e9cennies, il s\u2019est impos\u00e9 comme un observateur attentif de la soci\u00e9t\u00e9 tunisienne, m\u00ealant dans ses \u00e9crits m\u00e9moire, culture et analyse du quotidien. Auteur de nombreux ouvrages, il d\u00e9veloppe une \u0153uvre \u00e0 la crois\u00e9e du r\u00e9cit, de la po\u00e9sie et de l\u2019observation sociologique. Parall\u00e8lement \u00e0 ses contributions dans la presse, il intervient r\u00e9guli\u00e8rement \u00e0 la radio et dans des espaces culturels, o\u00f9 il explore les enjeux li\u00e9s au patrimoine, \u00e0 l\u2019identit\u00e9 et aux transformations du monde contemporain. \u00c0 travers ses chroniques, Hatem Bourial propose une lecture sensible et approfondie de l\u2019actualit\u00e9, nourrie par une exp\u00e9rience journalistique et litt\u00e9raire reconnue. \ud83d\udd17 Facebook : https:\/\/www.facebook.com\/hatem.bourial.2025","sameAs":["https:\/\/www.facebook.com\/hatem.bourial.2025","https:\/\/fr.wikipedia.org\/wiki\/Fichier:Hatem_Bourial.jpg"],"knowsAbout":["Culture & patrimoine tunisien","Chronique soci\u00e9tale","Litt\u00e9rature & m\u00e9moire","Cin\u00e9ma & critique culturelle","Identit\u00e9 & mutations sociales"],"knowsLanguage":["Arabe","Fran\u00e7ais","Anglais","Italien","Polonais"],"jobTitle":"Journaliste, \u00e9crivain et chroniqueur culturel","worksFor":"Webdo","url":"https:\/\/www.webdo.tn\/fr\/actualite\/author\/hatem-bourial-2\/"}]}},"_links":{"self":[{"href":"https:\/\/www.webdo.tn\/fr\/wp-json\/wp\/v2\/posts\/204172","targetHints":{"allow":["GET"]}}],"collection":[{"href":"https:\/\/www.webdo.tn\/fr\/wp-json\/wp\/v2\/posts"}],"about":[{"href":"https:\/\/www.webdo.tn\/fr\/wp-json\/wp\/v2\/types\/post"}],"author":[{"embeddable":true,"href":"https:\/\/www.webdo.tn\/fr\/wp-json\/wp\/v2\/users\/3229"}],"replies":[{"embeddable":true,"href":"https:\/\/www.webdo.tn\/fr\/wp-json\/wp\/v2\/comments?post=204172"}],"version-history":[{"count":0,"href":"https:\/\/www.webdo.tn\/fr\/wp-json\/wp\/v2\/posts\/204172\/revisions"}],"wp:featuredmedia":[{"embeddable":true,"href":"https:\/\/www.webdo.tn\/fr\/wp-json\/wp\/v2\/media\/277969"}],"wp:attachment":[{"href":"https:\/\/www.webdo.tn\/fr\/wp-json\/wp\/v2\/media?parent=204172"}],"wp:term":[{"taxonomy":"category","embeddable":true,"href":"https:\/\/www.webdo.tn\/fr\/wp-json\/wp\/v2\/categories?post=204172"},{"taxonomy":"post_tag","embeddable":true,"href":"https:\/\/www.webdo.tn\/fr\/wp-json\/wp\/v2\/tags?post=204172"}],"curies":[{"name":"wp","href":"https:\/\/api.w.org\/{rel}","templated":true}]}}