{"id":204157,"date":"2023-03-22T07:58:00","date_gmt":"2023-03-22T07:58:00","guid":{"rendered":"https:\/\/www.webdo.tn\/fr\/blog\/najla-bouden-se-penche-sur-l-intelligence-artificielle\/204157\/"},"modified":"2025-05-20T22:44:43","modified_gmt":"2025-05-20T22:44:43","slug":"najla-bouden-se-penche-sur-l-intelligence-artificielle","status":"publish","type":"post","link":"https:\/\/www.webdo.tn\/fr\/actualite\/national\/najla-bouden-se-penche-sur-l-intelligence-artificielle\/204157\/","title":{"rendered":"Najla Bouden se penche sur l\u2019Intelligence artificielle !"},"content":{"rendered":"<p>La cheffe du gouvernement, Najla Bouden Ramadan, a rencontr\u00e9 ce mardi Eric Moulines, professeur au Centre de math\u00e9matiques appliqu\u00e9es de l&rsquo;\u00c9cole polytechnique de Paris et membre de l&rsquo;Acad\u00e9mie des sciences de France.<\/p>\n<p>\t\t\t\t\t\t\t\t\tLe ministre de l&rsquo;Enseignement sup\u00e9rieur et de la Recherche scientifique, Moncef Ben Salem, et la conseill\u00e8re du chef du gouvernement Samia Charfi, charg\u00e9e du d\u00e9veloppement du capital humain, ont \u00e9galement assist\u00e9 \u00e0 la r\u00e9union.<\/p>\n<p>Lors de la r\u00e9union, les participants ont discut\u00e9 de l&rsquo;intelligence artificielle, de ses derniers d\u00e9veloppements et de ses r\u00e9glementations.<\/p>\n<p>Ils ont \u00e9galement abord\u00e9 les opportunit\u00e9s de recherche et d&rsquo;innovation en intelligence artificielle ax\u00e9es sur les domaines prioritaires de notre pays dans les domaines de l&rsquo;ing\u00e9nierie industrielle et de la gouvernance de la gestion des \u00e9nergies renouvelables, ainsi que de la gouvernance de la gestion de l&rsquo;eau pour lutter contre la s\u00e9cheresse et la menace qu&rsquo;elle repr\u00e9sente pour la s\u00e9curit\u00e9 alimentaire.<\/p>\n","protected":false},"excerpt":{"rendered":"<p>La cheffe du gouvernement, Najla Bouden Ramadan, a rencontr\u00e9 ce mardi Eric Moulines, professeur au Centre de math\u00e9matiques appliqu\u00e9es de l&rsquo;\u00c9cole polytechnique d&#8230;<\/p>\n","protected":false},"author":3175,"featured_media":251674,"comment_status":"open","ping_status":"closed","sticky":false,"template":"","format":"standard","meta":{"footnotes":""},"categories":[44],"tags":[2957,2608],"class_list":["post-204157","post","type-post","status-publish","format-standard","has-post-thumbnail","hentry","category-national","tag-intelligence-artificielle","tag-tunisie"],"yoast_head":"<!-- This site is optimized with the Yoast SEO Premium plugin v27.4 (Yoast SEO v27.5) - https:\/\/yoast.com\/product\/yoast-seo-premium-wordpress\/ -->\n<title>Najla Bouden se penche sur l\u2019Intelligence artificielle !<\/title>\n<meta name=\"description\" content=\"La cheffe du gouvernement, Najla Bouden Ramadan, a rencontr\u00e9 ce mardi Eric Moulines, professeur au Centre de math\u00e9matiques appliqu\u00e9es de l&#039;\u00c9cole polytechnique d...\" \/>\n<link rel=\"canonical\" href=\"https:\/\/www.webdo.tn\/fr\/actualite\/national\/najla-bouden-se-penche-sur-l-intelligence-artificielle\/204157\/\" \/>\n<meta property=\"og:locale\" content=\"fr_FR\" \/>\n<meta property=\"og:type\" content=\"article\" \/>\n<meta property=\"og:title\" content=\"Najla Bouden se penche sur l\u2019Intelligence artificielle !\" \/>\n<meta property=\"og:description\" content=\"La cheffe du gouvernement, Najla Bouden Ramadan, a rencontr\u00e9 ce mardi Eric Moulines, professeur au Centre de math\u00e9matiques appliqu\u00e9es de l&#039;\u00c9cole polytechnique d...\" \/>\n<meta property=\"og:url\" content=\"https:\/\/www.webdo.tn\/fr\/actualite\/national\/najla-bouden-se-penche-sur-l-intelligence-artificielle\/204157\/\" \/>\n<meta property=\"og:site_name\" content=\"webdo\" \/>\n<meta property=\"article:publisher\" content=\"https:\/\/www.facebook.com\/webdotn\" \/>\n<meta property=\"article:published_time\" content=\"2023-03-22T07:58:00+00:00\" \/>\n<meta property=\"article:modified_time\" content=\"2025-05-20T22:44:43+00:00\" \/>\n<meta property=\"og:image\" content=\"https:\/\/www.webdo.tn\/fr\/wp-content\/uploads\/2023\/03\/b3e733a824b6b713d1a9336fc9cae6ad.jpg\" \/>\n\t<meta property=\"og:image:width\" content=\"750\" \/>\n\t<meta property=\"og:image:height\" content=\"400\" \/>\n\t<meta property=\"og:image:type\" content=\"image\/jpeg\" \/>\n<meta name=\"author\" content=\"CL\" \/>\n<meta name=\"twitter:card\" content=\"summary_large_image\" \/>\n<meta name=\"twitter:creator\" content=\"@webdo_tn\" \/>\n<meta name=\"twitter:site\" content=\"@webdo_tn\" \/>\n<meta name=\"twitter:label1\" content=\"\u00c9crit par\" \/>\n\t<meta name=\"twitter:data1\" content=\"CL\" \/>\n\t<meta name=\"twitter:label2\" content=\"Dur\u00e9e de lecture estim\u00e9e\" \/>\n\t<meta name=\"twitter:data2\" content=\"1 minute\" \/>\n<script type=\"application\/ld+json\" class=\"yoast-schema-graph\">{\"@context\":\"https:\\\/\\\/schema.org\",\"@graph\":[{\"@type\":\"NewsArticle\",\"@id\":\"https:\\\/\\\/www.webdo.tn\\\/fr\\\/actualite\\\/national\\\/najla-bouden-se-penche-sur-l-intelligence-artificielle\\\/204157\\\/#article\",\"isPartOf\":{\"@id\":\"https:\\\/\\\/www.webdo.tn\\\/fr\\\/actualite\\\/national\\\/najla-bouden-se-penche-sur-l-intelligence-artificielle\\\/204157\\\/\"},\"author\":{\"name\":\"CL\",\"@id\":\"https:\\\/\\\/www.webdo.tn\\\/fr\\\/#\\\/schema\\\/person\\\/f35b42a42c5e2511bbd282959d6385cc\"},\"headline\":\"Najla Bouden se penche sur l\u2019Intelligence artificielle !\",\"datePublished\":\"2023-03-22T07:58:00+00:00\",\"dateModified\":\"2025-05-20T22:44:43+00:00\",\"mainEntityOfPage\":{\"@id\":\"https:\\\/\\\/www.webdo.tn\\\/fr\\\/actualite\\\/national\\\/najla-bouden-se-penche-sur-l-intelligence-artificielle\\\/204157\\\/\"},\"wordCount\":178,\"commentCount\":0,\"publisher\":{\"@id\":\"https:\\\/\\\/www.webdo.tn\\\/fr\\\/#organization\"},\"image\":{\"@id\":\"https:\\\/\\\/www.webdo.tn\\\/fr\\\/actualite\\\/national\\\/najla-bouden-se-penche-sur-l-intelligence-artificielle\\\/204157\\\/#primaryimage\"},\"thumbnailUrl\":\"https:\\\/\\\/www.webdo.tn\\\/fr\\\/wp-content\\\/uploads\\\/2023\\\/03\\\/b3e733a824b6b713d1a9336fc9cae6ad.jpg\",\"keywords\":[\"Intelligence artificielle\",\"Tunisie\"],\"articleSection\":[\"National\"],\"inLanguage\":\"fr-FR\"},{\"@type\":\"WebPage\",\"@id\":\"https:\\\/\\\/www.webdo.tn\\\/fr\\\/actualite\\\/national\\\/najla-bouden-se-penche-sur-l-intelligence-artificielle\\\/204157\\\/\",\"url\":\"https:\\\/\\\/www.webdo.tn\\\/fr\\\/actualite\\\/national\\\/najla-bouden-se-penche-sur-l-intelligence-artificielle\\\/204157\\\/\",\"name\":\"Najla Bouden se penche sur l\u2019Intelligence artificielle !\",\"isPartOf\":{\"@id\":\"https:\\\/\\\/www.webdo.tn\\\/fr\\\/#website\"},\"primaryImageOfPage\":{\"@id\":\"https:\\\/\\\/www.webdo.tn\\\/fr\\\/actualite\\\/national\\\/najla-bouden-se-penche-sur-l-intelligence-artificielle\\\/204157\\\/#primaryimage\"},\"image\":{\"@id\":\"https:\\\/\\\/www.webdo.tn\\\/fr\\\/actualite\\\/national\\\/najla-bouden-se-penche-sur-l-intelligence-artificielle\\\/204157\\\/#primaryimage\"},\"thumbnailUrl\":\"https:\\\/\\\/www.webdo.tn\\\/fr\\\/wp-content\\\/uploads\\\/2023\\\/03\\\/b3e733a824b6b713d1a9336fc9cae6ad.jpg\",\"datePublished\":\"2023-03-22T07:58:00+00:00\",\"dateModified\":\"2025-05-20T22:44:43+00:00\",\"description\":\"La cheffe du gouvernement, Najla Bouden Ramadan, a rencontr\u00e9 ce mardi Eric Moulines, professeur au Centre de math\u00e9matiques appliqu\u00e9es de l'\u00c9cole polytechnique d...\",\"breadcrumb\":{\"@id\":\"https:\\\/\\\/www.webdo.tn\\\/fr\\\/actualite\\\/national\\\/najla-bouden-se-penche-sur-l-intelligence-artificielle\\\/204157\\\/#breadcrumb\"},\"inLanguage\":\"fr-FR\",\"potentialAction\":[{\"@type\":\"ReadAction\",\"target\":[\"https:\\\/\\\/www.webdo.tn\\\/fr\\\/actualite\\\/national\\\/najla-bouden-se-penche-sur-l-intelligence-artificielle\\\/204157\\\/\"]}]},{\"@type\":\"ImageObject\",\"inLanguage\":\"fr-FR\",\"@id\":\"https:\\\/\\\/www.webdo.tn\\\/fr\\\/actualite\\\/national\\\/najla-bouden-se-penche-sur-l-intelligence-artificielle\\\/204157\\\/#primaryimage\",\"url\":\"https:\\\/\\\/www.webdo.tn\\\/fr\\\/wp-content\\\/uploads\\\/2023\\\/03\\\/b3e733a824b6b713d1a9336fc9cae6ad.jpg\",\"contentUrl\":\"https:\\\/\\\/www.webdo.tn\\\/fr\\\/wp-content\\\/uploads\\\/2023\\\/03\\\/b3e733a824b6b713d1a9336fc9cae6ad.jpg\",\"width\":750,\"height\":400,\"caption\":\"Najla Bouden\"},{\"@type\":\"BreadcrumbList\",\"@id\":\"https:\\\/\\\/www.webdo.tn\\\/fr\\\/actualite\\\/national\\\/najla-bouden-se-penche-sur-l-intelligence-artificielle\\\/204157\\\/#breadcrumb\",\"itemListElement\":[{\"@type\":\"ListItem\",\"position\":1,\"name\":\"Accueil\",\"item\":\"https:\\\/\\\/www.webdo.tn\\\/fr\\\/\"},{\"@type\":\"ListItem\",\"position\":2,\"name\":\"Najla Bouden se penche sur l\u2019Intelligence artificielle !\"}]},{\"@type\":\"WebSite\",\"@id\":\"https:\\\/\\\/www.webdo.tn\\\/fr\\\/#website\",\"url\":\"https:\\\/\\\/www.webdo.tn\\\/fr\\\/\",\"name\":\"webdo\",\"description\":\"Tunisie - News en Tunisie et \u00e0 l&#039;international sur Webdo.tn\",\"publisher\":{\"@id\":\"https:\\\/\\\/www.webdo.tn\\\/fr\\\/#organization\"},\"potentialAction\":[{\"@type\":\"SearchAction\",\"target\":{\"@type\":\"EntryPoint\",\"urlTemplate\":\"https:\\\/\\\/www.webdo.tn\\\/fr\\\/?s={search_term_string}\"},\"query-input\":{\"@type\":\"PropertyValueSpecification\",\"valueRequired\":true,\"valueName\":\"search_term_string\"}}],\"inLanguage\":\"fr-FR\"},{\"@type\":\"Organization\",\"@id\":\"https:\\\/\\\/www.webdo.tn\\\/fr\\\/#organization\",\"name\":\"Webdo\",\"alternateName\":\"Webdo.tn\",\"url\":\"https:\\\/\\\/www.webdo.tn\\\/fr\\\/\",\"logo\":{\"@type\":\"ImageObject\",\"inLanguage\":\"fr-FR\",\"@id\":\"https:\\\/\\\/www.webdo.tn\\\/fr\\\/#\\\/schema\\\/logo\\\/image\\\/\",\"url\":\"https:\\\/\\\/www.webdo.tn\\\/fr\\\/wp-content\\\/uploads\\\/2025\\\/06\\\/Webdo-Tunisie_168377.jpg\",\"contentUrl\":\"https:\\\/\\\/www.webdo.tn\\\/fr\\\/wp-content\\\/uploads\\\/2025\\\/06\\\/Webdo-Tunisie_168377.jpg\",\"width\":301,\"height\":301,\"caption\":\"Webdo\"},\"image\":{\"@id\":\"https:\\\/\\\/www.webdo.tn\\\/fr\\\/#\\\/schema\\\/logo\\\/image\\\/\"},\"sameAs\":[\"https:\\\/\\\/www.facebook.com\\\/webdotn\",\"https:\\\/\\\/x.com\\\/webdo_tn\"],\"description\":\"Webdo est un m\u00e9dia num\u00e9rique tunisien fond\u00e9 en 2010, sp\u00e9cialis\u00e9 dans l\u2019actualit\u00e9 nationale et internationale, l\u2019\u00e9conomie, la soci\u00e9t\u00e9 et les analyses politiques. Le site s\u2019adresse \u00e0 un large public francophone et couvre l\u2019information tunisienne en temps r\u00e9el.\",\"email\":\"redac@webdo.tn\",\"legalName\":\"YNJ SARL\",\"foundingDate\":\"2010-09-06\",\"numberOfEmployees\":{\"@type\":\"QuantitativeValue\",\"minValue\":\"11\",\"maxValue\":\"50\"}},{\"@type\":\"Person\",\"@id\":\"https:\\\/\\\/www.webdo.tn\\\/fr\\\/#\\\/schema\\\/person\\\/f35b42a42c5e2511bbd282959d6385cc\",\"name\":\"CL\",\"image\":{\"@type\":\"ImageObject\",\"inLanguage\":\"fr-FR\",\"@id\":\"https:\\\/\\\/secure.gravatar.com\\\/avatar\\\/1447a49909b67aa657c488aec6512e1dd6143a480c1ecfee9b5b5cd74eb3b59e?s=96&d=mm&r=g\",\"url\":\"https:\\\/\\\/secure.gravatar.com\\\/avatar\\\/1447a49909b67aa657c488aec6512e1dd6143a480c1ecfee9b5b5cd74eb3b59e?s=96&d=mm&r=g\",\"contentUrl\":\"https:\\\/\\\/secure.gravatar.com\\\/avatar\\\/1447a49909b67aa657c488aec6512e1dd6143a480c1ecfee9b5b5cd74eb3b59e?s=96&d=mm&r=g\",\"caption\":\"CL\"},\"url\":\"https:\\\/\\\/www.webdo.tn\\\/fr\\\/actualite\\\/author\\\/cl\\\/\"}]}<\/script>\n<!-- \/ Yoast SEO Premium plugin. -->","yoast_head_json":{"title":"Najla Bouden se penche sur l\u2019Intelligence artificielle !","description":"La cheffe du gouvernement, Najla Bouden Ramadan, a rencontr\u00e9 ce mardi Eric Moulines, professeur au Centre de math\u00e9matiques appliqu\u00e9es de l'\u00c9cole polytechnique d...","canonical":"https:\/\/www.webdo.tn\/fr\/actualite\/national\/najla-bouden-se-penche-sur-l-intelligence-artificielle\/204157\/","og_locale":"fr_FR","og_type":"article","og_title":"Najla Bouden se penche sur l\u2019Intelligence artificielle !","og_description":"La cheffe du gouvernement, Najla Bouden Ramadan, a rencontr\u00e9 ce mardi Eric Moulines, professeur au Centre de math\u00e9matiques appliqu\u00e9es de l'\u00c9cole polytechnique d...","og_url":"https:\/\/www.webdo.tn\/fr\/actualite\/national\/najla-bouden-se-penche-sur-l-intelligence-artificielle\/204157\/","og_site_name":"webdo","article_publisher":"https:\/\/www.facebook.com\/webdotn","article_published_time":"2023-03-22T07:58:00+00:00","article_modified_time":"2025-05-20T22:44:43+00:00","og_image":[{"width":750,"height":400,"url":"https:\/\/www.webdo.tn\/fr\/wp-content\/uploads\/2023\/03\/b3e733a824b6b713d1a9336fc9cae6ad.jpg","type":"image\/jpeg"}],"author":"CL","twitter_card":"summary_large_image","twitter_creator":"@webdo_tn","twitter_site":"@webdo_tn","twitter_misc":{"\u00c9crit par":"CL","Dur\u00e9e de lecture estim\u00e9e":"1 minute"},"schema":{"@context":"https:\/\/schema.org","@graph":[{"@type":"NewsArticle","@id":"https:\/\/www.webdo.tn\/fr\/actualite\/national\/najla-bouden-se-penche-sur-l-intelligence-artificielle\/204157\/#article","isPartOf":{"@id":"https:\/\/www.webdo.tn\/fr\/actualite\/national\/najla-bouden-se-penche-sur-l-intelligence-artificielle\/204157\/"},"author":{"name":"CL","@id":"https:\/\/www.webdo.tn\/fr\/#\/schema\/person\/f35b42a42c5e2511bbd282959d6385cc"},"headline":"Najla Bouden se penche sur l\u2019Intelligence artificielle !","datePublished":"2023-03-22T07:58:00+00:00","dateModified":"2025-05-20T22:44:43+00:00","mainEntityOfPage":{"@id":"https:\/\/www.webdo.tn\/fr\/actualite\/national\/najla-bouden-se-penche-sur-l-intelligence-artificielle\/204157\/"},"wordCount":178,"commentCount":0,"publisher":{"@id":"https:\/\/www.webdo.tn\/fr\/#organization"},"image":{"@id":"https:\/\/www.webdo.tn\/fr\/actualite\/national\/najla-bouden-se-penche-sur-l-intelligence-artificielle\/204157\/#primaryimage"},"thumbnailUrl":"https:\/\/www.webdo.tn\/fr\/wp-content\/uploads\/2023\/03\/b3e733a824b6b713d1a9336fc9cae6ad.jpg","keywords":["Intelligence artificielle","Tunisie"],"articleSection":["National"],"inLanguage":"fr-FR"},{"@type":"WebPage","@id":"https:\/\/www.webdo.tn\/fr\/actualite\/national\/najla-bouden-se-penche-sur-l-intelligence-artificielle\/204157\/","url":"https:\/\/www.webdo.tn\/fr\/actualite\/national\/najla-bouden-se-penche-sur-l-intelligence-artificielle\/204157\/","name":"Najla Bouden se penche sur l\u2019Intelligence artificielle !","isPartOf":{"@id":"https:\/\/www.webdo.tn\/fr\/#website"},"primaryImageOfPage":{"@id":"https:\/\/www.webdo.tn\/fr\/actualite\/national\/najla-bouden-se-penche-sur-l-intelligence-artificielle\/204157\/#primaryimage"},"image":{"@id":"https:\/\/www.webdo.tn\/fr\/actualite\/national\/najla-bouden-se-penche-sur-l-intelligence-artificielle\/204157\/#primaryimage"},"thumbnailUrl":"https:\/\/www.webdo.tn\/fr\/wp-content\/uploads\/2023\/03\/b3e733a824b6b713d1a9336fc9cae6ad.jpg","datePublished":"2023-03-22T07:58:00+00:00","dateModified":"2025-05-20T22:44:43+00:00","description":"La cheffe du gouvernement, Najla Bouden Ramadan, a rencontr\u00e9 ce mardi Eric Moulines, professeur au Centre de math\u00e9matiques appliqu\u00e9es de l'\u00c9cole polytechnique d...","breadcrumb":{"@id":"https:\/\/www.webdo.tn\/fr\/actualite\/national\/najla-bouden-se-penche-sur-l-intelligence-artificielle\/204157\/#breadcrumb"},"inLanguage":"fr-FR","potentialAction":[{"@type":"ReadAction","target":["https:\/\/www.webdo.tn\/fr\/actualite\/national\/najla-bouden-se-penche-sur-l-intelligence-artificielle\/204157\/"]}]},{"@type":"ImageObject","inLanguage":"fr-FR","@id":"https:\/\/www.webdo.tn\/fr\/actualite\/national\/najla-bouden-se-penche-sur-l-intelligence-artificielle\/204157\/#primaryimage","url":"https:\/\/www.webdo.tn\/fr\/wp-content\/uploads\/2023\/03\/b3e733a824b6b713d1a9336fc9cae6ad.jpg","contentUrl":"https:\/\/www.webdo.tn\/fr\/wp-content\/uploads\/2023\/03\/b3e733a824b6b713d1a9336fc9cae6ad.jpg","width":750,"height":400,"caption":"Najla Bouden"},{"@type":"BreadcrumbList","@id":"https:\/\/www.webdo.tn\/fr\/actualite\/national\/najla-bouden-se-penche-sur-l-intelligence-artificielle\/204157\/#breadcrumb","itemListElement":[{"@type":"ListItem","position":1,"name":"Accueil","item":"https:\/\/www.webdo.tn\/fr\/"},{"@type":"ListItem","position":2,"name":"Najla Bouden se penche sur l\u2019Intelligence artificielle !"}]},{"@type":"WebSite","@id":"https:\/\/www.webdo.tn\/fr\/#website","url":"https:\/\/www.webdo.tn\/fr\/","name":"webdo","description":"Tunisie - News en Tunisie et \u00e0 l&#039;international sur Webdo.tn","publisher":{"@id":"https:\/\/www.webdo.tn\/fr\/#organization"},"potentialAction":[{"@type":"SearchAction","target":{"@type":"EntryPoint","urlTemplate":"https:\/\/www.webdo.tn\/fr\/?s={search_term_string}"},"query-input":{"@type":"PropertyValueSpecification","valueRequired":true,"valueName":"search_term_string"}}],"inLanguage":"fr-FR"},{"@type":"Organization","@id":"https:\/\/www.webdo.tn\/fr\/#organization","name":"Webdo","alternateName":"Webdo.tn","url":"https:\/\/www.webdo.tn\/fr\/","logo":{"@type":"ImageObject","inLanguage":"fr-FR","@id":"https:\/\/www.webdo.tn\/fr\/#\/schema\/logo\/image\/","url":"https:\/\/www.webdo.tn\/fr\/wp-content\/uploads\/2025\/06\/Webdo-Tunisie_168377.jpg","contentUrl":"https:\/\/www.webdo.tn\/fr\/wp-content\/uploads\/2025\/06\/Webdo-Tunisie_168377.jpg","width":301,"height":301,"caption":"Webdo"},"image":{"@id":"https:\/\/www.webdo.tn\/fr\/#\/schema\/logo\/image\/"},"sameAs":["https:\/\/www.facebook.com\/webdotn","https:\/\/x.com\/webdo_tn"],"description":"Webdo est un m\u00e9dia num\u00e9rique tunisien fond\u00e9 en 2010, sp\u00e9cialis\u00e9 dans l\u2019actualit\u00e9 nationale et internationale, l\u2019\u00e9conomie, la soci\u00e9t\u00e9 et les analyses politiques. Le site s\u2019adresse \u00e0 un large public francophone et couvre l\u2019information tunisienne en temps r\u00e9el.","email":"redac@webdo.tn","legalName":"YNJ SARL","foundingDate":"2010-09-06","numberOfEmployees":{"@type":"QuantitativeValue","minValue":"11","maxValue":"50"}},{"@type":"Person","@id":"https:\/\/www.webdo.tn\/fr\/#\/schema\/person\/f35b42a42c5e2511bbd282959d6385cc","name":"CL","image":{"@type":"ImageObject","inLanguage":"fr-FR","@id":"https:\/\/secure.gravatar.com\/avatar\/1447a49909b67aa657c488aec6512e1dd6143a480c1ecfee9b5b5cd74eb3b59e?s=96&d=mm&r=g","url":"https:\/\/secure.gravatar.com\/avatar\/1447a49909b67aa657c488aec6512e1dd6143a480c1ecfee9b5b5cd74eb3b59e?s=96&d=mm&r=g","contentUrl":"https:\/\/secure.gravatar.com\/avatar\/1447a49909b67aa657c488aec6512e1dd6143a480c1ecfee9b5b5cd74eb3b59e?s=96&d=mm&r=g","caption":"CL"},"url":"https:\/\/www.webdo.tn\/fr\/actualite\/author\/cl\/"}]}},"_links":{"self":[{"href":"https:\/\/www.webdo.tn\/fr\/wp-json\/wp\/v2\/posts\/204157","targetHints":{"allow":["GET"]}}],"collection":[{"href":"https:\/\/www.webdo.tn\/fr\/wp-json\/wp\/v2\/posts"}],"about":[{"href":"https:\/\/www.webdo.tn\/fr\/wp-json\/wp\/v2\/types\/post"}],"author":[{"embeddable":true,"href":"https:\/\/www.webdo.tn\/fr\/wp-json\/wp\/v2\/users\/3175"}],"replies":[{"embeddable":true,"href":"https:\/\/www.webdo.tn\/fr\/wp-json\/wp\/v2\/comments?post=204157"}],"version-history":[{"count":0,"href":"https:\/\/www.webdo.tn\/fr\/wp-json\/wp\/v2\/posts\/204157\/revisions"}],"wp:featuredmedia":[{"embeddable":true,"href":"https:\/\/www.webdo.tn\/fr\/wp-json\/wp\/v2\/media\/251674"}],"wp:attachment":[{"href":"https:\/\/www.webdo.tn\/fr\/wp-json\/wp\/v2\/media?parent=204157"}],"wp:term":[{"taxonomy":"category","embeddable":true,"href":"https:\/\/www.webdo.tn\/fr\/wp-json\/wp\/v2\/categories?post=204157"},{"taxonomy":"post_tag","embeddable":true,"href":"https:\/\/www.webdo.tn\/fr\/wp-json\/wp\/v2\/tags?post=204157"}],"curies":[{"name":"wp","href":"https:\/\/api.w.org\/{rel}","templated":true}]}}