{"id":204136,"date":"2023-03-21T14:10:00","date_gmt":"2023-03-21T14:10:00","guid":{"rendered":"https:\/\/www.webdo.tn\/fr\/blog\/affaire-ain-skhouna-appel-a-une-greve-generale-a-kebili\/204136\/"},"modified":"2025-05-20T22:49:36","modified_gmt":"2025-05-20T22:49:36","slug":"affaire-ain-skhouna-appel-a-une-greve-generale-a-kebili","status":"publish","type":"post","link":"https:\/\/www.webdo.tn\/fr\/actualite\/national\/affaire-ain-skhouna-appel-a-une-greve-generale-a-kebili\/204136\/","title":{"rendered":"Affaire Ain Skhouna : Appel \u00e0 une gr\u00e8ve g\u00e9n\u00e9rale \u00e0 K\u00e9bili"},"content":{"rendered":"<p>Des familles des condamn\u00e9s dans l&rsquo;affaire des \u00e9v\u00e9nements d&rsquo;Ain Skhouna et des militants de la soci\u00e9t\u00e9 civile de la ville de Douz ont appel\u00e9, mardi 21 mars 2023, \u00e0 une gr\u00e8ve g\u00e9n\u00e9rale dans la r\u00e9gion \u00e0 laquelle de nombreuses institutions publiques et priv\u00e9es ont r\u00e9pondu.<\/p>\n<p>\t\t\t\t\t\t\t\t\tAu cours de ce mouvement de protestation, un sit-in a \u00e9t\u00e9 organis\u00e9 \u00e0 la place des Martyrs au centre-ville de Douz pour appeler au r\u00e9examen de l&rsquo;ensemble de l&rsquo;affaire par une commission judiciaire ind\u00e9pendante.<\/p>\n<p>Les familles des condamn\u00e9s ont expliqu\u00e9 que le verdict prononc\u00e9 contre 17 jeunes de la ville de Douz incluant 5 condamnations \u00e0 mort et d&rsquo;autres peines allant de la perp\u00e9tuit\u00e9 \u00e0 8 ans de prison, est consid\u00e9r\u00e9 comme une condamnation de toute la r\u00e9gion de Douz, surtout que selon eux, la seconde la partie impliqu\u00e9e dans les \u00e9v\u00e9nements n&rsquo;a \u00e9t\u00e9 incluse dans aucun jugement<\/p>\n<p>Rappelons que les \u00e9v\u00e9nements d&rsquo;Ain Skhouna ont eu lieu en d\u00e9cembre 2020 entre les habitants de Mrazig \u00e0 Douz (Gouvernorat de Kebili) et les habitants de Haouaya de la r\u00e9gion de Beni Kheddache (Gouvernorat de M\u00e9denine), sur fond de litige immobilier qui s&rsquo;est transform\u00e9 en affrontements violents entre les deux parties faisant 3 d\u00e9c\u00e8s dans la localit\u00e9 de B\u00e9ni Kheddache, en plus de 70 bless\u00e9s dans les deux parties.<\/p>\n","protected":false},"excerpt":{"rendered":"<p>Des familles des condamn\u00e9s dans l&rsquo;affaire des \u00e9v\u00e9nements d&rsquo;Ain Skhouna et des militants de la soci\u00e9t\u00e9 civile de la ville de Douz ont appel\u00e9, mardi 21 mars 2023,&#8230;<\/p>\n","protected":false},"author":3175,"featured_media":277924,"comment_status":"open","ping_status":"closed","sticky":false,"template":"","format":"standard","meta":{"footnotes":""},"categories":[44],"tags":[3635,2608],"class_list":["post-204136","post","type-post","status-publish","format-standard","has-post-thumbnail","hentry","category-national","tag-kebili","tag-tunisie"],"yoast_head":"<!-- This site is optimized with the Yoast SEO Premium plugin v27.4 (Yoast SEO v27.4) - https:\/\/yoast.com\/product\/yoast-seo-premium-wordpress\/ -->\n<title>Affaire Ain Skhouna : Appel \u00e0 une gr\u00e8ve g\u00e9n\u00e9rale \u00e0 K\u00e9bili<\/title>\n<meta name=\"description\" content=\"Des familles des condamn\u00e9s dans l&#039;affaire des \u00e9v\u00e9nements d&#039;Ain Skhouna et des militants de la soci\u00e9t\u00e9 civile de la ville de Douz ont appel\u00e9, mardi 21 mars 2023,...\" \/>\n<link rel=\"canonical\" href=\"https:\/\/www.webdo.tn\/fr\/actualite\/national\/affaire-ain-skhouna-appel-a-une-greve-generale-a-kebili\/204136\/\" \/>\n<meta property=\"og:locale\" content=\"fr_FR\" \/>\n<meta property=\"og:type\" content=\"article\" \/>\n<meta property=\"og:title\" content=\"Affaire Ain Skhouna : Appel \u00e0 une gr\u00e8ve g\u00e9n\u00e9rale \u00e0 K\u00e9bili\" \/>\n<meta property=\"og:description\" content=\"Des familles des condamn\u00e9s dans l&#039;affaire des \u00e9v\u00e9nements d&#039;Ain Skhouna et des militants de la soci\u00e9t\u00e9 civile de la ville de Douz ont appel\u00e9, mardi 21 mars 2023,...\" \/>\n<meta property=\"og:url\" content=\"https:\/\/www.webdo.tn\/fr\/actualite\/national\/affaire-ain-skhouna-appel-a-une-greve-generale-a-kebili\/204136\/\" \/>\n<meta property=\"og:site_name\" content=\"webdo\" \/>\n<meta property=\"article:publisher\" content=\"https:\/\/www.facebook.com\/webdotn\" \/>\n<meta property=\"article:published_time\" content=\"2023-03-21T14:10:00+00:00\" \/>\n<meta property=\"article:modified_time\" content=\"2025-05-20T22:49:36+00:00\" \/>\n<meta property=\"og:image\" content=\"https:\/\/www.webdo.tn\/fr\/wp-content\/uploads\/2023\/03\/db7870d61def8c2670f8197d17e37b65.jpg\" \/>\n\t<meta property=\"og:image:width\" content=\"750\" \/>\n\t<meta property=\"og:image:height\" content=\"400\" \/>\n\t<meta property=\"og:image:type\" content=\"image\/jpeg\" \/>\n<meta name=\"author\" content=\"CL\" \/>\n<meta name=\"twitter:card\" content=\"summary_large_image\" \/>\n<meta name=\"twitter:creator\" content=\"@webdo_tn\" \/>\n<meta name=\"twitter:site\" content=\"@webdo_tn\" \/>\n<meta name=\"twitter:label1\" content=\"\u00c9crit par\" \/>\n\t<meta name=\"twitter:data1\" content=\"CL\" \/>\n\t<meta name=\"twitter:label2\" content=\"Dur\u00e9e de lecture estim\u00e9e\" \/>\n\t<meta name=\"twitter:data2\" content=\"1 minute\" \/>\n<script type=\"application\/ld+json\" class=\"yoast-schema-graph\">{\"@context\":\"https:\\\/\\\/schema.org\",\"@graph\":[{\"@type\":\"NewsArticle\",\"@id\":\"https:\\\/\\\/www.webdo.tn\\\/fr\\\/actualite\\\/national\\\/affaire-ain-skhouna-appel-a-une-greve-generale-a-kebili\\\/204136\\\/#article\",\"isPartOf\":{\"@id\":\"https:\\\/\\\/www.webdo.tn\\\/fr\\\/actualite\\\/national\\\/affaire-ain-skhouna-appel-a-une-greve-generale-a-kebili\\\/204136\\\/\"},\"author\":{\"name\":\"CL\",\"@id\":\"https:\\\/\\\/www.webdo.tn\\\/fr\\\/#\\\/schema\\\/person\\\/f35b42a42c5e2511bbd282959d6385cc\"},\"headline\":\"Affaire Ain Skhouna : Appel \u00e0 une gr\u00e8ve g\u00e9n\u00e9rale \u00e0 K\u00e9bili\",\"datePublished\":\"2023-03-21T14:10:00+00:00\",\"dateModified\":\"2025-05-20T22:49:36+00:00\",\"mainEntityOfPage\":{\"@id\":\"https:\\\/\\\/www.webdo.tn\\\/fr\\\/actualite\\\/national\\\/affaire-ain-skhouna-appel-a-une-greve-generale-a-kebili\\\/204136\\\/\"},\"wordCount\":243,\"commentCount\":0,\"publisher\":{\"@id\":\"https:\\\/\\\/www.webdo.tn\\\/fr\\\/#organization\"},\"image\":{\"@id\":\"https:\\\/\\\/www.webdo.tn\\\/fr\\\/actualite\\\/national\\\/affaire-ain-skhouna-appel-a-une-greve-generale-a-kebili\\\/204136\\\/#primaryimage\"},\"thumbnailUrl\":\"https:\\\/\\\/www.webdo.tn\\\/fr\\\/wp-content\\\/uploads\\\/2023\\\/03\\\/db7870d61def8c2670f8197d17e37b65.jpg\",\"keywords\":[\"K\u00e9bili\",\"Tunisie\"],\"articleSection\":[\"National\"],\"inLanguage\":\"fr-FR\"},{\"@type\":\"WebPage\",\"@id\":\"https:\\\/\\\/www.webdo.tn\\\/fr\\\/actualite\\\/national\\\/affaire-ain-skhouna-appel-a-une-greve-generale-a-kebili\\\/204136\\\/\",\"url\":\"https:\\\/\\\/www.webdo.tn\\\/fr\\\/actualite\\\/national\\\/affaire-ain-skhouna-appel-a-une-greve-generale-a-kebili\\\/204136\\\/\",\"name\":\"Affaire Ain Skhouna : Appel \u00e0 une gr\u00e8ve g\u00e9n\u00e9rale \u00e0 K\u00e9bili\",\"isPartOf\":{\"@id\":\"https:\\\/\\\/www.webdo.tn\\\/fr\\\/#website\"},\"primaryImageOfPage\":{\"@id\":\"https:\\\/\\\/www.webdo.tn\\\/fr\\\/actualite\\\/national\\\/affaire-ain-skhouna-appel-a-une-greve-generale-a-kebili\\\/204136\\\/#primaryimage\"},\"image\":{\"@id\":\"https:\\\/\\\/www.webdo.tn\\\/fr\\\/actualite\\\/national\\\/affaire-ain-skhouna-appel-a-une-greve-generale-a-kebili\\\/204136\\\/#primaryimage\"},\"thumbnailUrl\":\"https:\\\/\\\/www.webdo.tn\\\/fr\\\/wp-content\\\/uploads\\\/2023\\\/03\\\/db7870d61def8c2670f8197d17e37b65.jpg\",\"datePublished\":\"2023-03-21T14:10:00+00:00\",\"dateModified\":\"2025-05-20T22:49:36+00:00\",\"description\":\"Des familles des condamn\u00e9s dans l'affaire des \u00e9v\u00e9nements d'Ain Skhouna et des militants de la soci\u00e9t\u00e9 civile de la ville de Douz ont appel\u00e9, mardi 21 mars 2023,...\",\"breadcrumb\":{\"@id\":\"https:\\\/\\\/www.webdo.tn\\\/fr\\\/actualite\\\/national\\\/affaire-ain-skhouna-appel-a-une-greve-generale-a-kebili\\\/204136\\\/#breadcrumb\"},\"inLanguage\":\"fr-FR\",\"potentialAction\":[{\"@type\":\"ReadAction\",\"target\":[\"https:\\\/\\\/www.webdo.tn\\\/fr\\\/actualite\\\/national\\\/affaire-ain-skhouna-appel-a-une-greve-generale-a-kebili\\\/204136\\\/\"]}]},{\"@type\":\"ImageObject\",\"inLanguage\":\"fr-FR\",\"@id\":\"https:\\\/\\\/www.webdo.tn\\\/fr\\\/actualite\\\/national\\\/affaire-ain-skhouna-appel-a-une-greve-generale-a-kebili\\\/204136\\\/#primaryimage\",\"url\":\"https:\\\/\\\/www.webdo.tn\\\/fr\\\/wp-content\\\/uploads\\\/2023\\\/03\\\/db7870d61def8c2670f8197d17e37b65.jpg\",\"contentUrl\":\"https:\\\/\\\/www.webdo.tn\\\/fr\\\/wp-content\\\/uploads\\\/2023\\\/03\\\/db7870d61def8c2670f8197d17e37b65.jpg\",\"width\":750,\"height\":400,\"caption\":\"Affaire Ain Skhouna\"},{\"@type\":\"BreadcrumbList\",\"@id\":\"https:\\\/\\\/www.webdo.tn\\\/fr\\\/actualite\\\/national\\\/affaire-ain-skhouna-appel-a-une-greve-generale-a-kebili\\\/204136\\\/#breadcrumb\",\"itemListElement\":[{\"@type\":\"ListItem\",\"position\":1,\"name\":\"Accueil\",\"item\":\"https:\\\/\\\/www.webdo.tn\\\/fr\\\/\"},{\"@type\":\"ListItem\",\"position\":2,\"name\":\"Affaire Ain Skhouna : Appel \u00e0 une gr\u00e8ve g\u00e9n\u00e9rale \u00e0 K\u00e9bili\"}]},{\"@type\":\"WebSite\",\"@id\":\"https:\\\/\\\/www.webdo.tn\\\/fr\\\/#website\",\"url\":\"https:\\\/\\\/www.webdo.tn\\\/fr\\\/\",\"name\":\"webdo\",\"description\":\"Tunisie - News en Tunisie et \u00e0 l&#039;international sur Webdo.tn\",\"publisher\":{\"@id\":\"https:\\\/\\\/www.webdo.tn\\\/fr\\\/#organization\"},\"potentialAction\":[{\"@type\":\"SearchAction\",\"target\":{\"@type\":\"EntryPoint\",\"urlTemplate\":\"https:\\\/\\\/www.webdo.tn\\\/fr\\\/?s={search_term_string}\"},\"query-input\":{\"@type\":\"PropertyValueSpecification\",\"valueRequired\":true,\"valueName\":\"search_term_string\"}}],\"inLanguage\":\"fr-FR\"},{\"@type\":\"Organization\",\"@id\":\"https:\\\/\\\/www.webdo.tn\\\/fr\\\/#organization\",\"name\":\"Webdo\",\"alternateName\":\"Webdo.tn\",\"url\":\"https:\\\/\\\/www.webdo.tn\\\/fr\\\/\",\"logo\":{\"@type\":\"ImageObject\",\"inLanguage\":\"fr-FR\",\"@id\":\"https:\\\/\\\/www.webdo.tn\\\/fr\\\/#\\\/schema\\\/logo\\\/image\\\/\",\"url\":\"https:\\\/\\\/www.webdo.tn\\\/fr\\\/wp-content\\\/uploads\\\/2025\\\/06\\\/Webdo-Tunisie_168377.jpg\",\"contentUrl\":\"https:\\\/\\\/www.webdo.tn\\\/fr\\\/wp-content\\\/uploads\\\/2025\\\/06\\\/Webdo-Tunisie_168377.jpg\",\"width\":301,\"height\":301,\"caption\":\"Webdo\"},\"image\":{\"@id\":\"https:\\\/\\\/www.webdo.tn\\\/fr\\\/#\\\/schema\\\/logo\\\/image\\\/\"},\"sameAs\":[\"https:\\\/\\\/www.facebook.com\\\/webdotn\",\"https:\\\/\\\/x.com\\\/webdo_tn\"],\"description\":\"Webdo est un m\u00e9dia num\u00e9rique tunisien fond\u00e9 en 2010, sp\u00e9cialis\u00e9 dans l\u2019actualit\u00e9 nationale et internationale, l\u2019\u00e9conomie, la soci\u00e9t\u00e9 et les analyses politiques. Le site s\u2019adresse \u00e0 un large public francophone et couvre l\u2019information tunisienne en temps r\u00e9el.\",\"email\":\"redac@webdo.tn\",\"legalName\":\"YNJ SARL\",\"foundingDate\":\"2010-09-06\",\"numberOfEmployees\":{\"@type\":\"QuantitativeValue\",\"minValue\":\"11\",\"maxValue\":\"50\"}},{\"@type\":\"Person\",\"@id\":\"https:\\\/\\\/www.webdo.tn\\\/fr\\\/#\\\/schema\\\/person\\\/f35b42a42c5e2511bbd282959d6385cc\",\"name\":\"CL\",\"image\":{\"@type\":\"ImageObject\",\"inLanguage\":\"fr-FR\",\"@id\":\"https:\\\/\\\/secure.gravatar.com\\\/avatar\\\/1447a49909b67aa657c488aec6512e1dd6143a480c1ecfee9b5b5cd74eb3b59e?s=96&d=mm&r=g\",\"url\":\"https:\\\/\\\/secure.gravatar.com\\\/avatar\\\/1447a49909b67aa657c488aec6512e1dd6143a480c1ecfee9b5b5cd74eb3b59e?s=96&d=mm&r=g\",\"contentUrl\":\"https:\\\/\\\/secure.gravatar.com\\\/avatar\\\/1447a49909b67aa657c488aec6512e1dd6143a480c1ecfee9b5b5cd74eb3b59e?s=96&d=mm&r=g\",\"caption\":\"CL\"},\"url\":\"https:\\\/\\\/www.webdo.tn\\\/fr\\\/actualite\\\/author\\\/cl\\\/\"}]}<\/script>\n<!-- \/ Yoast SEO Premium plugin. -->","yoast_head_json":{"title":"Affaire Ain Skhouna : Appel \u00e0 une gr\u00e8ve g\u00e9n\u00e9rale \u00e0 K\u00e9bili","description":"Des familles des condamn\u00e9s dans l'affaire des \u00e9v\u00e9nements d'Ain Skhouna et des militants de la soci\u00e9t\u00e9 civile de la ville de Douz ont appel\u00e9, mardi 21 mars 2023,...","canonical":"https:\/\/www.webdo.tn\/fr\/actualite\/national\/affaire-ain-skhouna-appel-a-une-greve-generale-a-kebili\/204136\/","og_locale":"fr_FR","og_type":"article","og_title":"Affaire Ain Skhouna : Appel \u00e0 une gr\u00e8ve g\u00e9n\u00e9rale \u00e0 K\u00e9bili","og_description":"Des familles des condamn\u00e9s dans l'affaire des \u00e9v\u00e9nements d'Ain Skhouna et des militants de la soci\u00e9t\u00e9 civile de la ville de Douz ont appel\u00e9, mardi 21 mars 2023,...","og_url":"https:\/\/www.webdo.tn\/fr\/actualite\/national\/affaire-ain-skhouna-appel-a-une-greve-generale-a-kebili\/204136\/","og_site_name":"webdo","article_publisher":"https:\/\/www.facebook.com\/webdotn","article_published_time":"2023-03-21T14:10:00+00:00","article_modified_time":"2025-05-20T22:49:36+00:00","og_image":[{"width":750,"height":400,"url":"https:\/\/www.webdo.tn\/fr\/wp-content\/uploads\/2023\/03\/db7870d61def8c2670f8197d17e37b65.jpg","type":"image\/jpeg"}],"author":"CL","twitter_card":"summary_large_image","twitter_creator":"@webdo_tn","twitter_site":"@webdo_tn","twitter_misc":{"\u00c9crit par":"CL","Dur\u00e9e de lecture estim\u00e9e":"1 minute"},"schema":{"@context":"https:\/\/schema.org","@graph":[{"@type":"NewsArticle","@id":"https:\/\/www.webdo.tn\/fr\/actualite\/national\/affaire-ain-skhouna-appel-a-une-greve-generale-a-kebili\/204136\/#article","isPartOf":{"@id":"https:\/\/www.webdo.tn\/fr\/actualite\/national\/affaire-ain-skhouna-appel-a-une-greve-generale-a-kebili\/204136\/"},"author":{"name":"CL","@id":"https:\/\/www.webdo.tn\/fr\/#\/schema\/person\/f35b42a42c5e2511bbd282959d6385cc"},"headline":"Affaire Ain Skhouna : Appel \u00e0 une gr\u00e8ve g\u00e9n\u00e9rale \u00e0 K\u00e9bili","datePublished":"2023-03-21T14:10:00+00:00","dateModified":"2025-05-20T22:49:36+00:00","mainEntityOfPage":{"@id":"https:\/\/www.webdo.tn\/fr\/actualite\/national\/affaire-ain-skhouna-appel-a-une-greve-generale-a-kebili\/204136\/"},"wordCount":243,"commentCount":0,"publisher":{"@id":"https:\/\/www.webdo.tn\/fr\/#organization"},"image":{"@id":"https:\/\/www.webdo.tn\/fr\/actualite\/national\/affaire-ain-skhouna-appel-a-une-greve-generale-a-kebili\/204136\/#primaryimage"},"thumbnailUrl":"https:\/\/www.webdo.tn\/fr\/wp-content\/uploads\/2023\/03\/db7870d61def8c2670f8197d17e37b65.jpg","keywords":["K\u00e9bili","Tunisie"],"articleSection":["National"],"inLanguage":"fr-FR"},{"@type":"WebPage","@id":"https:\/\/www.webdo.tn\/fr\/actualite\/national\/affaire-ain-skhouna-appel-a-une-greve-generale-a-kebili\/204136\/","url":"https:\/\/www.webdo.tn\/fr\/actualite\/national\/affaire-ain-skhouna-appel-a-une-greve-generale-a-kebili\/204136\/","name":"Affaire Ain Skhouna : Appel \u00e0 une gr\u00e8ve g\u00e9n\u00e9rale \u00e0 K\u00e9bili","isPartOf":{"@id":"https:\/\/www.webdo.tn\/fr\/#website"},"primaryImageOfPage":{"@id":"https:\/\/www.webdo.tn\/fr\/actualite\/national\/affaire-ain-skhouna-appel-a-une-greve-generale-a-kebili\/204136\/#primaryimage"},"image":{"@id":"https:\/\/www.webdo.tn\/fr\/actualite\/national\/affaire-ain-skhouna-appel-a-une-greve-generale-a-kebili\/204136\/#primaryimage"},"thumbnailUrl":"https:\/\/www.webdo.tn\/fr\/wp-content\/uploads\/2023\/03\/db7870d61def8c2670f8197d17e37b65.jpg","datePublished":"2023-03-21T14:10:00+00:00","dateModified":"2025-05-20T22:49:36+00:00","description":"Des familles des condamn\u00e9s dans l'affaire des \u00e9v\u00e9nements d'Ain Skhouna et des militants de la soci\u00e9t\u00e9 civile de la ville de Douz ont appel\u00e9, mardi 21 mars 2023,...","breadcrumb":{"@id":"https:\/\/www.webdo.tn\/fr\/actualite\/national\/affaire-ain-skhouna-appel-a-une-greve-generale-a-kebili\/204136\/#breadcrumb"},"inLanguage":"fr-FR","potentialAction":[{"@type":"ReadAction","target":["https:\/\/www.webdo.tn\/fr\/actualite\/national\/affaire-ain-skhouna-appel-a-une-greve-generale-a-kebili\/204136\/"]}]},{"@type":"ImageObject","inLanguage":"fr-FR","@id":"https:\/\/www.webdo.tn\/fr\/actualite\/national\/affaire-ain-skhouna-appel-a-une-greve-generale-a-kebili\/204136\/#primaryimage","url":"https:\/\/www.webdo.tn\/fr\/wp-content\/uploads\/2023\/03\/db7870d61def8c2670f8197d17e37b65.jpg","contentUrl":"https:\/\/www.webdo.tn\/fr\/wp-content\/uploads\/2023\/03\/db7870d61def8c2670f8197d17e37b65.jpg","width":750,"height":400,"caption":"Affaire Ain Skhouna"},{"@type":"BreadcrumbList","@id":"https:\/\/www.webdo.tn\/fr\/actualite\/national\/affaire-ain-skhouna-appel-a-une-greve-generale-a-kebili\/204136\/#breadcrumb","itemListElement":[{"@type":"ListItem","position":1,"name":"Accueil","item":"https:\/\/www.webdo.tn\/fr\/"},{"@type":"ListItem","position":2,"name":"Affaire Ain Skhouna : Appel \u00e0 une gr\u00e8ve g\u00e9n\u00e9rale \u00e0 K\u00e9bili"}]},{"@type":"WebSite","@id":"https:\/\/www.webdo.tn\/fr\/#website","url":"https:\/\/www.webdo.tn\/fr\/","name":"webdo","description":"Tunisie - News en Tunisie et \u00e0 l&#039;international sur Webdo.tn","publisher":{"@id":"https:\/\/www.webdo.tn\/fr\/#organization"},"potentialAction":[{"@type":"SearchAction","target":{"@type":"EntryPoint","urlTemplate":"https:\/\/www.webdo.tn\/fr\/?s={search_term_string}"},"query-input":{"@type":"PropertyValueSpecification","valueRequired":true,"valueName":"search_term_string"}}],"inLanguage":"fr-FR"},{"@type":"Organization","@id":"https:\/\/www.webdo.tn\/fr\/#organization","name":"Webdo","alternateName":"Webdo.tn","url":"https:\/\/www.webdo.tn\/fr\/","logo":{"@type":"ImageObject","inLanguage":"fr-FR","@id":"https:\/\/www.webdo.tn\/fr\/#\/schema\/logo\/image\/","url":"https:\/\/www.webdo.tn\/fr\/wp-content\/uploads\/2025\/06\/Webdo-Tunisie_168377.jpg","contentUrl":"https:\/\/www.webdo.tn\/fr\/wp-content\/uploads\/2025\/06\/Webdo-Tunisie_168377.jpg","width":301,"height":301,"caption":"Webdo"},"image":{"@id":"https:\/\/www.webdo.tn\/fr\/#\/schema\/logo\/image\/"},"sameAs":["https:\/\/www.facebook.com\/webdotn","https:\/\/x.com\/webdo_tn"],"description":"Webdo est un m\u00e9dia num\u00e9rique tunisien fond\u00e9 en 2010, sp\u00e9cialis\u00e9 dans l\u2019actualit\u00e9 nationale et internationale, l\u2019\u00e9conomie, la soci\u00e9t\u00e9 et les analyses politiques. Le site s\u2019adresse \u00e0 un large public francophone et couvre l\u2019information tunisienne en temps r\u00e9el.","email":"redac@webdo.tn","legalName":"YNJ SARL","foundingDate":"2010-09-06","numberOfEmployees":{"@type":"QuantitativeValue","minValue":"11","maxValue":"50"}},{"@type":"Person","@id":"https:\/\/www.webdo.tn\/fr\/#\/schema\/person\/f35b42a42c5e2511bbd282959d6385cc","name":"CL","image":{"@type":"ImageObject","inLanguage":"fr-FR","@id":"https:\/\/secure.gravatar.com\/avatar\/1447a49909b67aa657c488aec6512e1dd6143a480c1ecfee9b5b5cd74eb3b59e?s=96&d=mm&r=g","url":"https:\/\/secure.gravatar.com\/avatar\/1447a49909b67aa657c488aec6512e1dd6143a480c1ecfee9b5b5cd74eb3b59e?s=96&d=mm&r=g","contentUrl":"https:\/\/secure.gravatar.com\/avatar\/1447a49909b67aa657c488aec6512e1dd6143a480c1ecfee9b5b5cd74eb3b59e?s=96&d=mm&r=g","caption":"CL"},"url":"https:\/\/www.webdo.tn\/fr\/actualite\/author\/cl\/"}]}},"_links":{"self":[{"href":"https:\/\/www.webdo.tn\/fr\/wp-json\/wp\/v2\/posts\/204136","targetHints":{"allow":["GET"]}}],"collection":[{"href":"https:\/\/www.webdo.tn\/fr\/wp-json\/wp\/v2\/posts"}],"about":[{"href":"https:\/\/www.webdo.tn\/fr\/wp-json\/wp\/v2\/types\/post"}],"author":[{"embeddable":true,"href":"https:\/\/www.webdo.tn\/fr\/wp-json\/wp\/v2\/users\/3175"}],"replies":[{"embeddable":true,"href":"https:\/\/www.webdo.tn\/fr\/wp-json\/wp\/v2\/comments?post=204136"}],"version-history":[{"count":0,"href":"https:\/\/www.webdo.tn\/fr\/wp-json\/wp\/v2\/posts\/204136\/revisions"}],"wp:featuredmedia":[{"embeddable":true,"href":"https:\/\/www.webdo.tn\/fr\/wp-json\/wp\/v2\/media\/277924"}],"wp:attachment":[{"href":"https:\/\/www.webdo.tn\/fr\/wp-json\/wp\/v2\/media?parent=204136"}],"wp:term":[{"taxonomy":"category","embeddable":true,"href":"https:\/\/www.webdo.tn\/fr\/wp-json\/wp\/v2\/categories?post=204136"},{"taxonomy":"post_tag","embeddable":true,"href":"https:\/\/www.webdo.tn\/fr\/wp-json\/wp\/v2\/tags?post=204136"}],"curies":[{"name":"wp","href":"https:\/\/api.w.org\/{rel}","templated":true}]}}