{"id":204129,"date":"2023-03-21T12:19:00","date_gmt":"2023-03-21T12:19:00","guid":{"rendered":"https:\/\/www.webdo.tn\/fr\/blog\/covid-19-six-deces-et-taux-de-positivite-a-25-66\/204129\/"},"modified":"2025-05-20T22:08:08","modified_gmt":"2025-05-20T22:08:08","slug":"covid-19-six-deces-et-taux-de-positivite-a-25-66","status":"publish","type":"post","link":"https:\/\/www.webdo.tn\/fr\/actualite\/national\/covid-19-six-deces-et-taux-de-positivite-a-25-66\/204129\/","title":{"rendered":"Covid-19 : Six d\u00e9c\u00e8s et taux de positivit\u00e9 \u00e0 25,66%"},"content":{"rendered":"<p>Le minist\u00e8re de la Sant\u00e9 a annonc\u00e9, ce mardi 21 mars 2023, dans son bulletin hebdomadaire, six d\u00e9c\u00e8s en lien avec la Covid-19 et 260 nouvelles contaminations, enregistr\u00e9s du 13 au 19 mars 2023 pour un taux de positivit\u00e9 de 25,66%.<\/p>\n<p>\t\t\t\t\t\t\t\t\tLe taux de positivit\u00e9 continue ainsi d\u2019\u00e9voluer, passant de 5,53% \u00e0 plus de 25% en quelques semaines, depuis la mi-janvier.<\/p>\n<p>Le bilan total des d\u00e9c\u00e8s s\u2019\u00e9tablit ainsi \u00e0 29.355 depuis le d\u00e9but de la pand\u00e9mie en mars 2020 alors que le nombre de contaminations enregistr\u00e9es atteint 1.151.593.<\/p>\n<p>D\u2019apr\u00e8s le m\u00eame bilan, 14 nouvelles hospitalisations ont \u00e9t\u00e9 enregistr\u00e9es dans les \u00e9tablissements de sant\u00e9 publics et priv\u00e9s durant la m\u00eame p\u00e9riode.<\/p>\n","protected":false},"excerpt":{"rendered":"<p>Le minist\u00e8re de la Sant\u00e9 a annonc\u00e9, ce mardi 21 mars 2023, dans son bulletin hebdomadaire, six d\u00e9c\u00e8s en lien avec la Covid-19 et 260 nouvelles contaminations, e&#8230;<\/p>\n","protected":false},"author":3162,"featured_media":277955,"comment_status":"open","ping_status":"closed","sticky":false,"template":"","format":"standard","meta":{"footnotes":""},"categories":[44],"tags":[5941,7520,9117,5871],"class_list":["post-204129","post","type-post","status-publish","format-standard","has-post-thumbnail","hentry","category-national","tag-bilan","tag-coronavirus","tag-covid","tag-covid-19"],"yoast_head":"<!-- This site is optimized with the Yoast SEO Premium plugin v27.4 (Yoast SEO v27.5) - https:\/\/yoast.com\/product\/yoast-seo-premium-wordpress\/ -->\n<title>Covid-19 : Six d\u00e9c\u00e8s et taux de positivit\u00e9 \u00e0 25,66%<\/title>\n<meta name=\"description\" content=\"Le minist\u00e8re de la Sant\u00e9 a annonc\u00e9, ce mardi 21 mars 2023, dans son bulletin hebdomadaire, six d\u00e9c\u00e8s en lien avec la Covid-19 et 260 nouvelles contaminations, e...\" \/>\n<link rel=\"canonical\" href=\"https:\/\/www.webdo.tn\/fr\/actualite\/national\/covid-19-six-deces-et-taux-de-positivite-a-25-66\/204129\/\" \/>\n<meta property=\"og:locale\" content=\"fr_FR\" \/>\n<meta property=\"og:type\" content=\"article\" \/>\n<meta property=\"og:title\" content=\"Covid-19 : Six d\u00e9c\u00e8s et taux de positivit\u00e9 \u00e0 25,66%\" \/>\n<meta property=\"og:description\" content=\"Le minist\u00e8re de la Sant\u00e9 a annonc\u00e9, ce mardi 21 mars 2023, dans son bulletin hebdomadaire, six d\u00e9c\u00e8s en lien avec la Covid-19 et 260 nouvelles contaminations, e...\" \/>\n<meta property=\"og:url\" content=\"https:\/\/www.webdo.tn\/fr\/actualite\/national\/covid-19-six-deces-et-taux-de-positivite-a-25-66\/204129\/\" \/>\n<meta property=\"og:site_name\" content=\"webdo\" \/>\n<meta property=\"article:publisher\" content=\"https:\/\/www.facebook.com\/webdotn\" \/>\n<meta property=\"article:published_time\" content=\"2023-03-21T12:19:00+00:00\" \/>\n<meta property=\"article:modified_time\" content=\"2025-05-20T22:08:08+00:00\" \/>\n<meta property=\"og:image\" content=\"https:\/\/www.webdo.tn\/fr\/wp-content\/uploads\/2023\/03\/d27c8dfeb5254e285582e2b1bd3c866b.jpg\" \/>\n\t<meta property=\"og:image:width\" content=\"750\" \/>\n\t<meta property=\"og:image:height\" content=\"400\" \/>\n\t<meta property=\"og:image:type\" content=\"image\/jpeg\" \/>\n<meta name=\"author\" content=\"MC\" \/>\n<meta name=\"twitter:card\" content=\"summary_large_image\" \/>\n<meta name=\"twitter:creator\" content=\"@webdo_tn\" \/>\n<meta name=\"twitter:site\" content=\"@webdo_tn\" \/>\n<meta name=\"twitter:label1\" content=\"\u00c9crit par\" \/>\n\t<meta name=\"twitter:data1\" content=\"MC\" \/>\n\t<meta name=\"twitter:label2\" content=\"Dur\u00e9e de lecture estim\u00e9e\" \/>\n\t<meta name=\"twitter:data2\" content=\"1 minute\" \/>\n<script type=\"application\/ld+json\" class=\"yoast-schema-graph\">{\"@context\":\"https:\\\/\\\/schema.org\",\"@graph\":[{\"@type\":\"NewsArticle\",\"@id\":\"https:\\\/\\\/www.webdo.tn\\\/fr\\\/actualite\\\/national\\\/covid-19-six-deces-et-taux-de-positivite-a-25-66\\\/204129\\\/#article\",\"isPartOf\":{\"@id\":\"https:\\\/\\\/www.webdo.tn\\\/fr\\\/actualite\\\/national\\\/covid-19-six-deces-et-taux-de-positivite-a-25-66\\\/204129\\\/\"},\"author\":{\"name\":\"MC\",\"@id\":\"https:\\\/\\\/www.webdo.tn\\\/fr\\\/#\\\/schema\\\/person\\\/2c4929cbf5a809e3bd38617c6ce150f6\"},\"headline\":\"Covid-19 : Six d\u00e9c\u00e8s et taux de positivit\u00e9 \u00e0 25,66%\",\"datePublished\":\"2023-03-21T12:19:00+00:00\",\"dateModified\":\"2025-05-20T22:08:08+00:00\",\"mainEntityOfPage\":{\"@id\":\"https:\\\/\\\/www.webdo.tn\\\/fr\\\/actualite\\\/national\\\/covid-19-six-deces-et-taux-de-positivite-a-25-66\\\/204129\\\/\"},\"wordCount\":122,\"commentCount\":0,\"publisher\":{\"@id\":\"https:\\\/\\\/www.webdo.tn\\\/fr\\\/#organization\"},\"image\":{\"@id\":\"https:\\\/\\\/www.webdo.tn\\\/fr\\\/actualite\\\/national\\\/covid-19-six-deces-et-taux-de-positivite-a-25-66\\\/204129\\\/#primaryimage\"},\"thumbnailUrl\":\"https:\\\/\\\/www.webdo.tn\\\/fr\\\/wp-content\\\/uploads\\\/2023\\\/03\\\/d27c8dfeb5254e285582e2b1bd3c866b.jpg\",\"keywords\":[\"bilan\",\"Coronavirus\",\"Covid\",\"Covid-19\"],\"articleSection\":[\"National\"],\"inLanguage\":\"fr-FR\"},{\"@type\":\"WebPage\",\"@id\":\"https:\\\/\\\/www.webdo.tn\\\/fr\\\/actualite\\\/national\\\/covid-19-six-deces-et-taux-de-positivite-a-25-66\\\/204129\\\/\",\"url\":\"https:\\\/\\\/www.webdo.tn\\\/fr\\\/actualite\\\/national\\\/covid-19-six-deces-et-taux-de-positivite-a-25-66\\\/204129\\\/\",\"name\":\"Covid-19 : Six d\u00e9c\u00e8s et taux de positivit\u00e9 \u00e0 25,66%\",\"isPartOf\":{\"@id\":\"https:\\\/\\\/www.webdo.tn\\\/fr\\\/#website\"},\"primaryImageOfPage\":{\"@id\":\"https:\\\/\\\/www.webdo.tn\\\/fr\\\/actualite\\\/national\\\/covid-19-six-deces-et-taux-de-positivite-a-25-66\\\/204129\\\/#primaryimage\"},\"image\":{\"@id\":\"https:\\\/\\\/www.webdo.tn\\\/fr\\\/actualite\\\/national\\\/covid-19-six-deces-et-taux-de-positivite-a-25-66\\\/204129\\\/#primaryimage\"},\"thumbnailUrl\":\"https:\\\/\\\/www.webdo.tn\\\/fr\\\/wp-content\\\/uploads\\\/2023\\\/03\\\/d27c8dfeb5254e285582e2b1bd3c866b.jpg\",\"datePublished\":\"2023-03-21T12:19:00+00:00\",\"dateModified\":\"2025-05-20T22:08:08+00:00\",\"description\":\"Le minist\u00e8re de la Sant\u00e9 a annonc\u00e9, ce mardi 21 mars 2023, dans son bulletin hebdomadaire, six d\u00e9c\u00e8s en lien avec la Covid-19 et 260 nouvelles contaminations, e...\",\"breadcrumb\":{\"@id\":\"https:\\\/\\\/www.webdo.tn\\\/fr\\\/actualite\\\/national\\\/covid-19-six-deces-et-taux-de-positivite-a-25-66\\\/204129\\\/#breadcrumb\"},\"inLanguage\":\"fr-FR\",\"potentialAction\":[{\"@type\":\"ReadAction\",\"target\":[\"https:\\\/\\\/www.webdo.tn\\\/fr\\\/actualite\\\/national\\\/covid-19-six-deces-et-taux-de-positivite-a-25-66\\\/204129\\\/\"]}]},{\"@type\":\"ImageObject\",\"inLanguage\":\"fr-FR\",\"@id\":\"https:\\\/\\\/www.webdo.tn\\\/fr\\\/actualite\\\/national\\\/covid-19-six-deces-et-taux-de-positivite-a-25-66\\\/204129\\\/#primaryimage\",\"url\":\"https:\\\/\\\/www.webdo.tn\\\/fr\\\/wp-content\\\/uploads\\\/2023\\\/03\\\/d27c8dfeb5254e285582e2b1bd3c866b.jpg\",\"contentUrl\":\"https:\\\/\\\/www.webdo.tn\\\/fr\\\/wp-content\\\/uploads\\\/2023\\\/03\\\/d27c8dfeb5254e285582e2b1bd3c866b.jpg\",\"width\":750,\"height\":400,\"caption\":\"Covid-19 : Six d\u00e9c\u00e8s et taux de positivit\u00e9 \u00e0 25,66%\"},{\"@type\":\"BreadcrumbList\",\"@id\":\"https:\\\/\\\/www.webdo.tn\\\/fr\\\/actualite\\\/national\\\/covid-19-six-deces-et-taux-de-positivite-a-25-66\\\/204129\\\/#breadcrumb\",\"itemListElement\":[{\"@type\":\"ListItem\",\"position\":1,\"name\":\"Accueil\",\"item\":\"https:\\\/\\\/www.webdo.tn\\\/fr\\\/\"},{\"@type\":\"ListItem\",\"position\":2,\"name\":\"Covid-19 : Six d\u00e9c\u00e8s et taux de positivit\u00e9 \u00e0 25,66%\"}]},{\"@type\":\"WebSite\",\"@id\":\"https:\\\/\\\/www.webdo.tn\\\/fr\\\/#website\",\"url\":\"https:\\\/\\\/www.webdo.tn\\\/fr\\\/\",\"name\":\"webdo\",\"description\":\"Tunisie - News en Tunisie et \u00e0 l&#039;international sur Webdo.tn\",\"publisher\":{\"@id\":\"https:\\\/\\\/www.webdo.tn\\\/fr\\\/#organization\"},\"potentialAction\":[{\"@type\":\"SearchAction\",\"target\":{\"@type\":\"EntryPoint\",\"urlTemplate\":\"https:\\\/\\\/www.webdo.tn\\\/fr\\\/?s={search_term_string}\"},\"query-input\":{\"@type\":\"PropertyValueSpecification\",\"valueRequired\":true,\"valueName\":\"search_term_string\"}}],\"inLanguage\":\"fr-FR\"},{\"@type\":\"Organization\",\"@id\":\"https:\\\/\\\/www.webdo.tn\\\/fr\\\/#organization\",\"name\":\"Webdo\",\"alternateName\":\"Webdo.tn\",\"url\":\"https:\\\/\\\/www.webdo.tn\\\/fr\\\/\",\"logo\":{\"@type\":\"ImageObject\",\"inLanguage\":\"fr-FR\",\"@id\":\"https:\\\/\\\/www.webdo.tn\\\/fr\\\/#\\\/schema\\\/logo\\\/image\\\/\",\"url\":\"https:\\\/\\\/www.webdo.tn\\\/fr\\\/wp-content\\\/uploads\\\/2025\\\/06\\\/Webdo-Tunisie_168377.jpg\",\"contentUrl\":\"https:\\\/\\\/www.webdo.tn\\\/fr\\\/wp-content\\\/uploads\\\/2025\\\/06\\\/Webdo-Tunisie_168377.jpg\",\"width\":301,\"height\":301,\"caption\":\"Webdo\"},\"image\":{\"@id\":\"https:\\\/\\\/www.webdo.tn\\\/fr\\\/#\\\/schema\\\/logo\\\/image\\\/\"},\"sameAs\":[\"https:\\\/\\\/www.facebook.com\\\/webdotn\",\"https:\\\/\\\/x.com\\\/webdo_tn\"],\"description\":\"Webdo est un m\u00e9dia num\u00e9rique tunisien fond\u00e9 en 2010, sp\u00e9cialis\u00e9 dans l\u2019actualit\u00e9 nationale et internationale, l\u2019\u00e9conomie, la soci\u00e9t\u00e9 et les analyses politiques. Le site s\u2019adresse \u00e0 un large public francophone et couvre l\u2019information tunisienne en temps r\u00e9el.\",\"email\":\"redac@webdo.tn\",\"legalName\":\"YNJ SARL\",\"foundingDate\":\"2010-09-06\",\"numberOfEmployees\":{\"@type\":\"QuantitativeValue\",\"minValue\":\"11\",\"maxValue\":\"50\"}},{\"@type\":\"Person\",\"@id\":\"https:\\\/\\\/www.webdo.tn\\\/fr\\\/#\\\/schema\\\/person\\\/2c4929cbf5a809e3bd38617c6ce150f6\",\"name\":\"MC\",\"image\":{\"@type\":\"ImageObject\",\"inLanguage\":\"fr-FR\",\"@id\":\"https:\\\/\\\/secure.gravatar.com\\\/avatar\\\/a545bbb6f84efdd5553dbbc2895e3ca8f1d12c5215e00a041c9670b54aa9b18a?s=96&d=mm&r=g\",\"url\":\"https:\\\/\\\/secure.gravatar.com\\\/avatar\\\/a545bbb6f84efdd5553dbbc2895e3ca8f1d12c5215e00a041c9670b54aa9b18a?s=96&d=mm&r=g\",\"contentUrl\":\"https:\\\/\\\/secure.gravatar.com\\\/avatar\\\/a545bbb6f84efdd5553dbbc2895e3ca8f1d12c5215e00a041c9670b54aa9b18a?s=96&d=mm&r=g\",\"caption\":\"MC\"},\"url\":\"https:\\\/\\\/www.webdo.tn\\\/fr\\\/actualite\\\/author\\\/mc\\\/\"}]}<\/script>\n<!-- \/ Yoast SEO Premium plugin. -->","yoast_head_json":{"title":"Covid-19 : Six d\u00e9c\u00e8s et taux de positivit\u00e9 \u00e0 25,66%","description":"Le minist\u00e8re de la Sant\u00e9 a annonc\u00e9, ce mardi 21 mars 2023, dans son bulletin hebdomadaire, six d\u00e9c\u00e8s en lien avec la Covid-19 et 260 nouvelles contaminations, e...","canonical":"https:\/\/www.webdo.tn\/fr\/actualite\/national\/covid-19-six-deces-et-taux-de-positivite-a-25-66\/204129\/","og_locale":"fr_FR","og_type":"article","og_title":"Covid-19 : Six d\u00e9c\u00e8s et taux de positivit\u00e9 \u00e0 25,66%","og_description":"Le minist\u00e8re de la Sant\u00e9 a annonc\u00e9, ce mardi 21 mars 2023, dans son bulletin hebdomadaire, six d\u00e9c\u00e8s en lien avec la Covid-19 et 260 nouvelles contaminations, e...","og_url":"https:\/\/www.webdo.tn\/fr\/actualite\/national\/covid-19-six-deces-et-taux-de-positivite-a-25-66\/204129\/","og_site_name":"webdo","article_publisher":"https:\/\/www.facebook.com\/webdotn","article_published_time":"2023-03-21T12:19:00+00:00","article_modified_time":"2025-05-20T22:08:08+00:00","og_image":[{"width":750,"height":400,"url":"https:\/\/www.webdo.tn\/fr\/wp-content\/uploads\/2023\/03\/d27c8dfeb5254e285582e2b1bd3c866b.jpg","type":"image\/jpeg"}],"author":"MC","twitter_card":"summary_large_image","twitter_creator":"@webdo_tn","twitter_site":"@webdo_tn","twitter_misc":{"\u00c9crit par":"MC","Dur\u00e9e de lecture estim\u00e9e":"1 minute"},"schema":{"@context":"https:\/\/schema.org","@graph":[{"@type":"NewsArticle","@id":"https:\/\/www.webdo.tn\/fr\/actualite\/national\/covid-19-six-deces-et-taux-de-positivite-a-25-66\/204129\/#article","isPartOf":{"@id":"https:\/\/www.webdo.tn\/fr\/actualite\/national\/covid-19-six-deces-et-taux-de-positivite-a-25-66\/204129\/"},"author":{"name":"MC","@id":"https:\/\/www.webdo.tn\/fr\/#\/schema\/person\/2c4929cbf5a809e3bd38617c6ce150f6"},"headline":"Covid-19 : Six d\u00e9c\u00e8s et taux de positivit\u00e9 \u00e0 25,66%","datePublished":"2023-03-21T12:19:00+00:00","dateModified":"2025-05-20T22:08:08+00:00","mainEntityOfPage":{"@id":"https:\/\/www.webdo.tn\/fr\/actualite\/national\/covid-19-six-deces-et-taux-de-positivite-a-25-66\/204129\/"},"wordCount":122,"commentCount":0,"publisher":{"@id":"https:\/\/www.webdo.tn\/fr\/#organization"},"image":{"@id":"https:\/\/www.webdo.tn\/fr\/actualite\/national\/covid-19-six-deces-et-taux-de-positivite-a-25-66\/204129\/#primaryimage"},"thumbnailUrl":"https:\/\/www.webdo.tn\/fr\/wp-content\/uploads\/2023\/03\/d27c8dfeb5254e285582e2b1bd3c866b.jpg","keywords":["bilan","Coronavirus","Covid","Covid-19"],"articleSection":["National"],"inLanguage":"fr-FR"},{"@type":"WebPage","@id":"https:\/\/www.webdo.tn\/fr\/actualite\/national\/covid-19-six-deces-et-taux-de-positivite-a-25-66\/204129\/","url":"https:\/\/www.webdo.tn\/fr\/actualite\/national\/covid-19-six-deces-et-taux-de-positivite-a-25-66\/204129\/","name":"Covid-19 : Six d\u00e9c\u00e8s et taux de positivit\u00e9 \u00e0 25,66%","isPartOf":{"@id":"https:\/\/www.webdo.tn\/fr\/#website"},"primaryImageOfPage":{"@id":"https:\/\/www.webdo.tn\/fr\/actualite\/national\/covid-19-six-deces-et-taux-de-positivite-a-25-66\/204129\/#primaryimage"},"image":{"@id":"https:\/\/www.webdo.tn\/fr\/actualite\/national\/covid-19-six-deces-et-taux-de-positivite-a-25-66\/204129\/#primaryimage"},"thumbnailUrl":"https:\/\/www.webdo.tn\/fr\/wp-content\/uploads\/2023\/03\/d27c8dfeb5254e285582e2b1bd3c866b.jpg","datePublished":"2023-03-21T12:19:00+00:00","dateModified":"2025-05-20T22:08:08+00:00","description":"Le minist\u00e8re de la Sant\u00e9 a annonc\u00e9, ce mardi 21 mars 2023, dans son bulletin hebdomadaire, six d\u00e9c\u00e8s en lien avec la Covid-19 et 260 nouvelles contaminations, e...","breadcrumb":{"@id":"https:\/\/www.webdo.tn\/fr\/actualite\/national\/covid-19-six-deces-et-taux-de-positivite-a-25-66\/204129\/#breadcrumb"},"inLanguage":"fr-FR","potentialAction":[{"@type":"ReadAction","target":["https:\/\/www.webdo.tn\/fr\/actualite\/national\/covid-19-six-deces-et-taux-de-positivite-a-25-66\/204129\/"]}]},{"@type":"ImageObject","inLanguage":"fr-FR","@id":"https:\/\/www.webdo.tn\/fr\/actualite\/national\/covid-19-six-deces-et-taux-de-positivite-a-25-66\/204129\/#primaryimage","url":"https:\/\/www.webdo.tn\/fr\/wp-content\/uploads\/2023\/03\/d27c8dfeb5254e285582e2b1bd3c866b.jpg","contentUrl":"https:\/\/www.webdo.tn\/fr\/wp-content\/uploads\/2023\/03\/d27c8dfeb5254e285582e2b1bd3c866b.jpg","width":750,"height":400,"caption":"Covid-19 : Six d\u00e9c\u00e8s et taux de positivit\u00e9 \u00e0 25,66%"},{"@type":"BreadcrumbList","@id":"https:\/\/www.webdo.tn\/fr\/actualite\/national\/covid-19-six-deces-et-taux-de-positivite-a-25-66\/204129\/#breadcrumb","itemListElement":[{"@type":"ListItem","position":1,"name":"Accueil","item":"https:\/\/www.webdo.tn\/fr\/"},{"@type":"ListItem","position":2,"name":"Covid-19 : Six d\u00e9c\u00e8s et taux de positivit\u00e9 \u00e0 25,66%"}]},{"@type":"WebSite","@id":"https:\/\/www.webdo.tn\/fr\/#website","url":"https:\/\/www.webdo.tn\/fr\/","name":"webdo","description":"Tunisie - News en Tunisie et \u00e0 l&#039;international sur Webdo.tn","publisher":{"@id":"https:\/\/www.webdo.tn\/fr\/#organization"},"potentialAction":[{"@type":"SearchAction","target":{"@type":"EntryPoint","urlTemplate":"https:\/\/www.webdo.tn\/fr\/?s={search_term_string}"},"query-input":{"@type":"PropertyValueSpecification","valueRequired":true,"valueName":"search_term_string"}}],"inLanguage":"fr-FR"},{"@type":"Organization","@id":"https:\/\/www.webdo.tn\/fr\/#organization","name":"Webdo","alternateName":"Webdo.tn","url":"https:\/\/www.webdo.tn\/fr\/","logo":{"@type":"ImageObject","inLanguage":"fr-FR","@id":"https:\/\/www.webdo.tn\/fr\/#\/schema\/logo\/image\/","url":"https:\/\/www.webdo.tn\/fr\/wp-content\/uploads\/2025\/06\/Webdo-Tunisie_168377.jpg","contentUrl":"https:\/\/www.webdo.tn\/fr\/wp-content\/uploads\/2025\/06\/Webdo-Tunisie_168377.jpg","width":301,"height":301,"caption":"Webdo"},"image":{"@id":"https:\/\/www.webdo.tn\/fr\/#\/schema\/logo\/image\/"},"sameAs":["https:\/\/www.facebook.com\/webdotn","https:\/\/x.com\/webdo_tn"],"description":"Webdo est un m\u00e9dia num\u00e9rique tunisien fond\u00e9 en 2010, sp\u00e9cialis\u00e9 dans l\u2019actualit\u00e9 nationale et internationale, l\u2019\u00e9conomie, la soci\u00e9t\u00e9 et les analyses politiques. Le site s\u2019adresse \u00e0 un large public francophone et couvre l\u2019information tunisienne en temps r\u00e9el.","email":"redac@webdo.tn","legalName":"YNJ SARL","foundingDate":"2010-09-06","numberOfEmployees":{"@type":"QuantitativeValue","minValue":"11","maxValue":"50"}},{"@type":"Person","@id":"https:\/\/www.webdo.tn\/fr\/#\/schema\/person\/2c4929cbf5a809e3bd38617c6ce150f6","name":"MC","image":{"@type":"ImageObject","inLanguage":"fr-FR","@id":"https:\/\/secure.gravatar.com\/avatar\/a545bbb6f84efdd5553dbbc2895e3ca8f1d12c5215e00a041c9670b54aa9b18a?s=96&d=mm&r=g","url":"https:\/\/secure.gravatar.com\/avatar\/a545bbb6f84efdd5553dbbc2895e3ca8f1d12c5215e00a041c9670b54aa9b18a?s=96&d=mm&r=g","contentUrl":"https:\/\/secure.gravatar.com\/avatar\/a545bbb6f84efdd5553dbbc2895e3ca8f1d12c5215e00a041c9670b54aa9b18a?s=96&d=mm&r=g","caption":"MC"},"url":"https:\/\/www.webdo.tn\/fr\/actualite\/author\/mc\/"}]}},"_links":{"self":[{"href":"https:\/\/www.webdo.tn\/fr\/wp-json\/wp\/v2\/posts\/204129","targetHints":{"allow":["GET"]}}],"collection":[{"href":"https:\/\/www.webdo.tn\/fr\/wp-json\/wp\/v2\/posts"}],"about":[{"href":"https:\/\/www.webdo.tn\/fr\/wp-json\/wp\/v2\/types\/post"}],"author":[{"embeddable":true,"href":"https:\/\/www.webdo.tn\/fr\/wp-json\/wp\/v2\/users\/3162"}],"replies":[{"embeddable":true,"href":"https:\/\/www.webdo.tn\/fr\/wp-json\/wp\/v2\/comments?post=204129"}],"version-history":[{"count":0,"href":"https:\/\/www.webdo.tn\/fr\/wp-json\/wp\/v2\/posts\/204129\/revisions"}],"wp:featuredmedia":[{"embeddable":true,"href":"https:\/\/www.webdo.tn\/fr\/wp-json\/wp\/v2\/media\/277955"}],"wp:attachment":[{"href":"https:\/\/www.webdo.tn\/fr\/wp-json\/wp\/v2\/media?parent=204129"}],"wp:term":[{"taxonomy":"category","embeddable":true,"href":"https:\/\/www.webdo.tn\/fr\/wp-json\/wp\/v2\/categories?post=204129"},{"taxonomy":"post_tag","embeddable":true,"href":"https:\/\/www.webdo.tn\/fr\/wp-json\/wp\/v2\/tags?post=204129"}],"curies":[{"name":"wp","href":"https:\/\/api.w.org\/{rel}","templated":true}]}}