{"id":204123,"date":"2023-03-21T10:53:00","date_gmt":"2023-03-21T10:53:00","guid":{"rendered":"https:\/\/www.webdo.tn\/fr\/blog\/une-delegation-de-l-ue-en-visite-en-tunisie\/204123\/"},"modified":"2025-05-20T22:49:33","modified_gmt":"2025-05-20T22:49:33","slug":"une-delegation-de-l-ue-en-visite-en-tunisie","status":"publish","type":"post","link":"https:\/\/www.webdo.tn\/fr\/actualite\/national\/une-delegation-de-l-ue-en-visite-en-tunisie\/204123\/","title":{"rendered":"Une d\u00e9l\u00e9gation de l\u2019UE en visite en Tunisie"},"content":{"rendered":"<p>La tension monte entre la Tunisie et l\u2019Union Europ\u00e9enne. Alors que cette derni\u00e8re redoute m\u00eame l\u2019effondrement du pays, la Tunisie rejette toute ing\u00e9rence dans ses affaires.<\/p>\n<p>\t\t\t\t\t\t\t\t\tC\u2019est dans ce contexte tr\u00e8s compliqu\u00e9 qu\u2019une d\u00e9l\u00e9gation de l\u2019UE entamera ce mardi 21 mars 2023 une visite officielle en Tunisie.\u00a0<\/p>\n<p>Conduite par Gert Jan Koopman, Directeur G\u00e9n\u00e9ral pour le Voisinage et les N\u00e9gociations d\u2019\u00c9largissement ; Johannes Luchner, Directeur G\u00e9n\u00e9ral adjoint charg\u00e9 des migrations ; et Luigi Soreca, Envoy\u00e9 sp\u00e9cial pour les aspects ext\u00e9rieurs des migrations, la visite a \u00e9t\u00e9 annonc\u00e9e par la D\u00e9l\u00e9gation de l\u2019Union europ\u00e9enne en Tunisie, aujourd\u2019hui, dans un communiqu\u00e9 rendu public.<\/p>\n<p>Il s\u2019agit d\u2019une visite officielle qui sera l\u2019occasion d\u2019une discussion approfondie sur \u00ab l\u2019\u00e9tat d\u2019avancement du partenariat Union Europ\u00e9enne-Tunisie \u00bb. \u00a0<\/p>\n<p>Ainsi, plusieurs r\u00e9unions sont pr\u00e9vues avec des acteurs institutionnels. Et notamment les ministres de : l\u2019\u00c9conomie et de la Planification ; des Affaires sociales; et de l\u2019Energie. Ainsi que le secr\u00e9taire d\u2019Etat aux Affaires \u00e9trang\u00e8res et des repr\u00e9sentants du minist\u00e8re de l\u2019Int\u00e9rieur. De m\u00eame qu\u2019avec des partenaires europ\u00e9ens et internationaux de l\u2019Union europ\u00e9enne pr\u00e9sents en Tunisie et des acteurs non-\u00e9tatiques.<\/p>\n<p>L&rsquo;Union europ\u00e9enne s&rsquo;inqui\u00e8te de la d\u00e9t\u00e9rioration de la situation politique et \u00e9conomique en Tunisie et redoute un effondrement du pays, a d\u00e9clar\u00e9, ce lundi 20 mars 2023 \u00e0 Bruxelles le chef de la diplomatie europ\u00e9enne Josep Borrell.<\/p>\n<p>En s\u2019exprimant en marge de la r\u00e9union du Conseil des Affaires \u00e9trang\u00e8res de l\u2019UE, dans une d\u00e9claration relay\u00e9e par l\u2019AFP, il a indiqu\u00e9 que \u00ab\u00a0l\u2019UE redoutait un effondrement de la Tunisie et les cons\u00e9quences que cela pourrait avoir sur le vieux continent, en l\u2019occurrence les flux migratoires et une instabilit\u00e9 dans la r\u00e9gion\u00a0\u00bb.<\/p>\n","protected":false},"excerpt":{"rendered":"<p>La tension monte entre la Tunisie et l\u2019Union Europ\u00e9enne. Alors que cette derni\u00e8re redoute m\u00eame l\u2019effondrement du pays, la Tunisie rejette toute ing\u00e9rence dans s&#8230;<\/p>\n","protected":false},"author":3175,"featured_media":277953,"comment_status":"open","ping_status":"closed","sticky":false,"template":"","format":"standard","meta":{"footnotes":""},"categories":[44],"tags":[2608,2896,4154],"class_list":["post-204123","post","type-post","status-publish","format-standard","has-post-thumbnail","hentry","category-national","tag-tunisie","tag-union-europeenne","tag-visite"],"yoast_head":"<!-- This site is optimized with the Yoast SEO Premium plugin v27.4 (Yoast SEO v27.4) - https:\/\/yoast.com\/product\/yoast-seo-premium-wordpress\/ -->\n<title>Une d\u00e9l\u00e9gation de l\u2019UE en visite en Tunisie<\/title>\n<meta name=\"description\" content=\"La tension monte entre la Tunisie et l\u2019Union Europ\u00e9enne. Alors que cette derni\u00e8re redoute m\u00eame l\u2019effondrement du pays, la Tunisie rejette toute ing\u00e9rence dans s...\" \/>\n<link rel=\"canonical\" href=\"https:\/\/www.webdo.tn\/fr\/actualite\/national\/une-delegation-de-l-ue-en-visite-en-tunisie\/204123\/\" \/>\n<meta property=\"og:locale\" content=\"fr_FR\" \/>\n<meta property=\"og:type\" content=\"article\" \/>\n<meta property=\"og:title\" content=\"Une d\u00e9l\u00e9gation de l\u2019UE en visite en Tunisie\" \/>\n<meta property=\"og:description\" content=\"La tension monte entre la Tunisie et l\u2019Union Europ\u00e9enne. Alors que cette derni\u00e8re redoute m\u00eame l\u2019effondrement du pays, la Tunisie rejette toute ing\u00e9rence dans s...\" \/>\n<meta property=\"og:url\" content=\"https:\/\/www.webdo.tn\/fr\/actualite\/national\/une-delegation-de-l-ue-en-visite-en-tunisie\/204123\/\" \/>\n<meta property=\"og:site_name\" content=\"webdo\" \/>\n<meta property=\"article:publisher\" content=\"https:\/\/www.facebook.com\/webdotn\" \/>\n<meta property=\"article:published_time\" content=\"2023-03-21T10:53:00+00:00\" \/>\n<meta property=\"article:modified_time\" content=\"2025-05-20T22:49:33+00:00\" \/>\n<meta property=\"og:image\" content=\"https:\/\/www.webdo.tn\/fr\/wp-content\/uploads\/2023\/03\/935c6f48c55eeee879e7457cd675a024.jpg\" \/>\n\t<meta property=\"og:image:width\" content=\"750\" \/>\n\t<meta property=\"og:image:height\" content=\"400\" \/>\n\t<meta property=\"og:image:type\" content=\"image\/jpeg\" \/>\n<meta name=\"author\" content=\"CL\" \/>\n<meta name=\"twitter:card\" content=\"summary_large_image\" \/>\n<meta name=\"twitter:creator\" content=\"@webdo_tn\" \/>\n<meta name=\"twitter:site\" content=\"@webdo_tn\" \/>\n<meta name=\"twitter:label1\" content=\"\u00c9crit par\" \/>\n\t<meta name=\"twitter:data1\" content=\"CL\" \/>\n\t<meta name=\"twitter:label2\" content=\"Dur\u00e9e de lecture estim\u00e9e\" \/>\n\t<meta name=\"twitter:data2\" content=\"2 minutes\" \/>\n<script type=\"application\/ld+json\" class=\"yoast-schema-graph\">{\"@context\":\"https:\\\/\\\/schema.org\",\"@graph\":[{\"@type\":\"NewsArticle\",\"@id\":\"https:\\\/\\\/www.webdo.tn\\\/fr\\\/actualite\\\/national\\\/une-delegation-de-l-ue-en-visite-en-tunisie\\\/204123\\\/#article\",\"isPartOf\":{\"@id\":\"https:\\\/\\\/www.webdo.tn\\\/fr\\\/actualite\\\/national\\\/une-delegation-de-l-ue-en-visite-en-tunisie\\\/204123\\\/\"},\"author\":{\"name\":\"CL\",\"@id\":\"https:\\\/\\\/www.webdo.tn\\\/fr\\\/#\\\/schema\\\/person\\\/f35b42a42c5e2511bbd282959d6385cc\"},\"headline\":\"Une d\u00e9l\u00e9gation de l\u2019UE en visite en Tunisie\",\"datePublished\":\"2023-03-21T10:53:00+00:00\",\"dateModified\":\"2025-05-20T22:49:33+00:00\",\"mainEntityOfPage\":{\"@id\":\"https:\\\/\\\/www.webdo.tn\\\/fr\\\/actualite\\\/national\\\/une-delegation-de-l-ue-en-visite-en-tunisie\\\/204123\\\/\"},\"wordCount\":341,\"commentCount\":0,\"publisher\":{\"@id\":\"https:\\\/\\\/www.webdo.tn\\\/fr\\\/#organization\"},\"image\":{\"@id\":\"https:\\\/\\\/www.webdo.tn\\\/fr\\\/actualite\\\/national\\\/une-delegation-de-l-ue-en-visite-en-tunisie\\\/204123\\\/#primaryimage\"},\"thumbnailUrl\":\"https:\\\/\\\/www.webdo.tn\\\/fr\\\/wp-content\\\/uploads\\\/2023\\\/03\\\/935c6f48c55eeee879e7457cd675a024.jpg\",\"keywords\":[\"Tunisie\",\"Union europ\u00e9enne\",\"visite\"],\"articleSection\":[\"National\"],\"inLanguage\":\"fr-FR\"},{\"@type\":\"WebPage\",\"@id\":\"https:\\\/\\\/www.webdo.tn\\\/fr\\\/actualite\\\/national\\\/une-delegation-de-l-ue-en-visite-en-tunisie\\\/204123\\\/\",\"url\":\"https:\\\/\\\/www.webdo.tn\\\/fr\\\/actualite\\\/national\\\/une-delegation-de-l-ue-en-visite-en-tunisie\\\/204123\\\/\",\"name\":\"Une d\u00e9l\u00e9gation de l\u2019UE en visite en Tunisie\",\"isPartOf\":{\"@id\":\"https:\\\/\\\/www.webdo.tn\\\/fr\\\/#website\"},\"primaryImageOfPage\":{\"@id\":\"https:\\\/\\\/www.webdo.tn\\\/fr\\\/actualite\\\/national\\\/une-delegation-de-l-ue-en-visite-en-tunisie\\\/204123\\\/#primaryimage\"},\"image\":{\"@id\":\"https:\\\/\\\/www.webdo.tn\\\/fr\\\/actualite\\\/national\\\/une-delegation-de-l-ue-en-visite-en-tunisie\\\/204123\\\/#primaryimage\"},\"thumbnailUrl\":\"https:\\\/\\\/www.webdo.tn\\\/fr\\\/wp-content\\\/uploads\\\/2023\\\/03\\\/935c6f48c55eeee879e7457cd675a024.jpg\",\"datePublished\":\"2023-03-21T10:53:00+00:00\",\"dateModified\":\"2025-05-20T22:49:33+00:00\",\"description\":\"La tension monte entre la Tunisie et l\u2019Union Europ\u00e9enne. Alors que cette derni\u00e8re redoute m\u00eame l\u2019effondrement du pays, la Tunisie rejette toute ing\u00e9rence dans s...\",\"breadcrumb\":{\"@id\":\"https:\\\/\\\/www.webdo.tn\\\/fr\\\/actualite\\\/national\\\/une-delegation-de-l-ue-en-visite-en-tunisie\\\/204123\\\/#breadcrumb\"},\"inLanguage\":\"fr-FR\",\"potentialAction\":[{\"@type\":\"ReadAction\",\"target\":[\"https:\\\/\\\/www.webdo.tn\\\/fr\\\/actualite\\\/national\\\/une-delegation-de-l-ue-en-visite-en-tunisie\\\/204123\\\/\"]}]},{\"@type\":\"ImageObject\",\"inLanguage\":\"fr-FR\",\"@id\":\"https:\\\/\\\/www.webdo.tn\\\/fr\\\/actualite\\\/national\\\/une-delegation-de-l-ue-en-visite-en-tunisie\\\/204123\\\/#primaryimage\",\"url\":\"https:\\\/\\\/www.webdo.tn\\\/fr\\\/wp-content\\\/uploads\\\/2023\\\/03\\\/935c6f48c55eeee879e7457cd675a024.jpg\",\"contentUrl\":\"https:\\\/\\\/www.webdo.tn\\\/fr\\\/wp-content\\\/uploads\\\/2023\\\/03\\\/935c6f48c55eeee879e7457cd675a024.jpg\",\"width\":750,\"height\":400,\"caption\":\"UE Tunisie\"},{\"@type\":\"BreadcrumbList\",\"@id\":\"https:\\\/\\\/www.webdo.tn\\\/fr\\\/actualite\\\/national\\\/une-delegation-de-l-ue-en-visite-en-tunisie\\\/204123\\\/#breadcrumb\",\"itemListElement\":[{\"@type\":\"ListItem\",\"position\":1,\"name\":\"Accueil\",\"item\":\"https:\\\/\\\/www.webdo.tn\\\/fr\\\/\"},{\"@type\":\"ListItem\",\"position\":2,\"name\":\"Une d\u00e9l\u00e9gation de l\u2019UE en visite en Tunisie\"}]},{\"@type\":\"WebSite\",\"@id\":\"https:\\\/\\\/www.webdo.tn\\\/fr\\\/#website\",\"url\":\"https:\\\/\\\/www.webdo.tn\\\/fr\\\/\",\"name\":\"webdo\",\"description\":\"Tunisie - News en Tunisie et \u00e0 l&#039;international sur Webdo.tn\",\"publisher\":{\"@id\":\"https:\\\/\\\/www.webdo.tn\\\/fr\\\/#organization\"},\"potentialAction\":[{\"@type\":\"SearchAction\",\"target\":{\"@type\":\"EntryPoint\",\"urlTemplate\":\"https:\\\/\\\/www.webdo.tn\\\/fr\\\/?s={search_term_string}\"},\"query-input\":{\"@type\":\"PropertyValueSpecification\",\"valueRequired\":true,\"valueName\":\"search_term_string\"}}],\"inLanguage\":\"fr-FR\"},{\"@type\":\"Organization\",\"@id\":\"https:\\\/\\\/www.webdo.tn\\\/fr\\\/#organization\",\"name\":\"Webdo\",\"alternateName\":\"Webdo.tn\",\"url\":\"https:\\\/\\\/www.webdo.tn\\\/fr\\\/\",\"logo\":{\"@type\":\"ImageObject\",\"inLanguage\":\"fr-FR\",\"@id\":\"https:\\\/\\\/www.webdo.tn\\\/fr\\\/#\\\/schema\\\/logo\\\/image\\\/\",\"url\":\"https:\\\/\\\/www.webdo.tn\\\/fr\\\/wp-content\\\/uploads\\\/2025\\\/06\\\/Webdo-Tunisie_168377.jpg\",\"contentUrl\":\"https:\\\/\\\/www.webdo.tn\\\/fr\\\/wp-content\\\/uploads\\\/2025\\\/06\\\/Webdo-Tunisie_168377.jpg\",\"width\":301,\"height\":301,\"caption\":\"Webdo\"},\"image\":{\"@id\":\"https:\\\/\\\/www.webdo.tn\\\/fr\\\/#\\\/schema\\\/logo\\\/image\\\/\"},\"sameAs\":[\"https:\\\/\\\/www.facebook.com\\\/webdotn\",\"https:\\\/\\\/x.com\\\/webdo_tn\"],\"description\":\"Webdo est un m\u00e9dia num\u00e9rique tunisien fond\u00e9 en 2010, sp\u00e9cialis\u00e9 dans l\u2019actualit\u00e9 nationale et internationale, l\u2019\u00e9conomie, la soci\u00e9t\u00e9 et les analyses politiques. Le site s\u2019adresse \u00e0 un large public francophone et couvre l\u2019information tunisienne en temps r\u00e9el.\",\"email\":\"redac@webdo.tn\",\"legalName\":\"YNJ SARL\",\"foundingDate\":\"2010-09-06\",\"numberOfEmployees\":{\"@type\":\"QuantitativeValue\",\"minValue\":\"11\",\"maxValue\":\"50\"}},{\"@type\":\"Person\",\"@id\":\"https:\\\/\\\/www.webdo.tn\\\/fr\\\/#\\\/schema\\\/person\\\/f35b42a42c5e2511bbd282959d6385cc\",\"name\":\"CL\",\"image\":{\"@type\":\"ImageObject\",\"inLanguage\":\"fr-FR\",\"@id\":\"https:\\\/\\\/secure.gravatar.com\\\/avatar\\\/1447a49909b67aa657c488aec6512e1dd6143a480c1ecfee9b5b5cd74eb3b59e?s=96&d=mm&r=g\",\"url\":\"https:\\\/\\\/secure.gravatar.com\\\/avatar\\\/1447a49909b67aa657c488aec6512e1dd6143a480c1ecfee9b5b5cd74eb3b59e?s=96&d=mm&r=g\",\"contentUrl\":\"https:\\\/\\\/secure.gravatar.com\\\/avatar\\\/1447a49909b67aa657c488aec6512e1dd6143a480c1ecfee9b5b5cd74eb3b59e?s=96&d=mm&r=g\",\"caption\":\"CL\"},\"url\":\"https:\\\/\\\/www.webdo.tn\\\/fr\\\/actualite\\\/author\\\/cl\\\/\"}]}<\/script>\n<!-- \/ Yoast SEO Premium plugin. -->","yoast_head_json":{"title":"Une d\u00e9l\u00e9gation de l\u2019UE en visite en Tunisie","description":"La tension monte entre la Tunisie et l\u2019Union Europ\u00e9enne. Alors que cette derni\u00e8re redoute m\u00eame l\u2019effondrement du pays, la Tunisie rejette toute ing\u00e9rence dans s...","canonical":"https:\/\/www.webdo.tn\/fr\/actualite\/national\/une-delegation-de-l-ue-en-visite-en-tunisie\/204123\/","og_locale":"fr_FR","og_type":"article","og_title":"Une d\u00e9l\u00e9gation de l\u2019UE en visite en Tunisie","og_description":"La tension monte entre la Tunisie et l\u2019Union Europ\u00e9enne. Alors que cette derni\u00e8re redoute m\u00eame l\u2019effondrement du pays, la Tunisie rejette toute ing\u00e9rence dans s...","og_url":"https:\/\/www.webdo.tn\/fr\/actualite\/national\/une-delegation-de-l-ue-en-visite-en-tunisie\/204123\/","og_site_name":"webdo","article_publisher":"https:\/\/www.facebook.com\/webdotn","article_published_time":"2023-03-21T10:53:00+00:00","article_modified_time":"2025-05-20T22:49:33+00:00","og_image":[{"width":750,"height":400,"url":"https:\/\/www.webdo.tn\/fr\/wp-content\/uploads\/2023\/03\/935c6f48c55eeee879e7457cd675a024.jpg","type":"image\/jpeg"}],"author":"CL","twitter_card":"summary_large_image","twitter_creator":"@webdo_tn","twitter_site":"@webdo_tn","twitter_misc":{"\u00c9crit par":"CL","Dur\u00e9e de lecture estim\u00e9e":"2 minutes"},"schema":{"@context":"https:\/\/schema.org","@graph":[{"@type":"NewsArticle","@id":"https:\/\/www.webdo.tn\/fr\/actualite\/national\/une-delegation-de-l-ue-en-visite-en-tunisie\/204123\/#article","isPartOf":{"@id":"https:\/\/www.webdo.tn\/fr\/actualite\/national\/une-delegation-de-l-ue-en-visite-en-tunisie\/204123\/"},"author":{"name":"CL","@id":"https:\/\/www.webdo.tn\/fr\/#\/schema\/person\/f35b42a42c5e2511bbd282959d6385cc"},"headline":"Une d\u00e9l\u00e9gation de l\u2019UE en visite en Tunisie","datePublished":"2023-03-21T10:53:00+00:00","dateModified":"2025-05-20T22:49:33+00:00","mainEntityOfPage":{"@id":"https:\/\/www.webdo.tn\/fr\/actualite\/national\/une-delegation-de-l-ue-en-visite-en-tunisie\/204123\/"},"wordCount":341,"commentCount":0,"publisher":{"@id":"https:\/\/www.webdo.tn\/fr\/#organization"},"image":{"@id":"https:\/\/www.webdo.tn\/fr\/actualite\/national\/une-delegation-de-l-ue-en-visite-en-tunisie\/204123\/#primaryimage"},"thumbnailUrl":"https:\/\/www.webdo.tn\/fr\/wp-content\/uploads\/2023\/03\/935c6f48c55eeee879e7457cd675a024.jpg","keywords":["Tunisie","Union europ\u00e9enne","visite"],"articleSection":["National"],"inLanguage":"fr-FR"},{"@type":"WebPage","@id":"https:\/\/www.webdo.tn\/fr\/actualite\/national\/une-delegation-de-l-ue-en-visite-en-tunisie\/204123\/","url":"https:\/\/www.webdo.tn\/fr\/actualite\/national\/une-delegation-de-l-ue-en-visite-en-tunisie\/204123\/","name":"Une d\u00e9l\u00e9gation de l\u2019UE en visite en Tunisie","isPartOf":{"@id":"https:\/\/www.webdo.tn\/fr\/#website"},"primaryImageOfPage":{"@id":"https:\/\/www.webdo.tn\/fr\/actualite\/national\/une-delegation-de-l-ue-en-visite-en-tunisie\/204123\/#primaryimage"},"image":{"@id":"https:\/\/www.webdo.tn\/fr\/actualite\/national\/une-delegation-de-l-ue-en-visite-en-tunisie\/204123\/#primaryimage"},"thumbnailUrl":"https:\/\/www.webdo.tn\/fr\/wp-content\/uploads\/2023\/03\/935c6f48c55eeee879e7457cd675a024.jpg","datePublished":"2023-03-21T10:53:00+00:00","dateModified":"2025-05-20T22:49:33+00:00","description":"La tension monte entre la Tunisie et l\u2019Union Europ\u00e9enne. Alors que cette derni\u00e8re redoute m\u00eame l\u2019effondrement du pays, la Tunisie rejette toute ing\u00e9rence dans s...","breadcrumb":{"@id":"https:\/\/www.webdo.tn\/fr\/actualite\/national\/une-delegation-de-l-ue-en-visite-en-tunisie\/204123\/#breadcrumb"},"inLanguage":"fr-FR","potentialAction":[{"@type":"ReadAction","target":["https:\/\/www.webdo.tn\/fr\/actualite\/national\/une-delegation-de-l-ue-en-visite-en-tunisie\/204123\/"]}]},{"@type":"ImageObject","inLanguage":"fr-FR","@id":"https:\/\/www.webdo.tn\/fr\/actualite\/national\/une-delegation-de-l-ue-en-visite-en-tunisie\/204123\/#primaryimage","url":"https:\/\/www.webdo.tn\/fr\/wp-content\/uploads\/2023\/03\/935c6f48c55eeee879e7457cd675a024.jpg","contentUrl":"https:\/\/www.webdo.tn\/fr\/wp-content\/uploads\/2023\/03\/935c6f48c55eeee879e7457cd675a024.jpg","width":750,"height":400,"caption":"UE Tunisie"},{"@type":"BreadcrumbList","@id":"https:\/\/www.webdo.tn\/fr\/actualite\/national\/une-delegation-de-l-ue-en-visite-en-tunisie\/204123\/#breadcrumb","itemListElement":[{"@type":"ListItem","position":1,"name":"Accueil","item":"https:\/\/www.webdo.tn\/fr\/"},{"@type":"ListItem","position":2,"name":"Une d\u00e9l\u00e9gation de l\u2019UE en visite en Tunisie"}]},{"@type":"WebSite","@id":"https:\/\/www.webdo.tn\/fr\/#website","url":"https:\/\/www.webdo.tn\/fr\/","name":"webdo","description":"Tunisie - News en Tunisie et \u00e0 l&#039;international sur Webdo.tn","publisher":{"@id":"https:\/\/www.webdo.tn\/fr\/#organization"},"potentialAction":[{"@type":"SearchAction","target":{"@type":"EntryPoint","urlTemplate":"https:\/\/www.webdo.tn\/fr\/?s={search_term_string}"},"query-input":{"@type":"PropertyValueSpecification","valueRequired":true,"valueName":"search_term_string"}}],"inLanguage":"fr-FR"},{"@type":"Organization","@id":"https:\/\/www.webdo.tn\/fr\/#organization","name":"Webdo","alternateName":"Webdo.tn","url":"https:\/\/www.webdo.tn\/fr\/","logo":{"@type":"ImageObject","inLanguage":"fr-FR","@id":"https:\/\/www.webdo.tn\/fr\/#\/schema\/logo\/image\/","url":"https:\/\/www.webdo.tn\/fr\/wp-content\/uploads\/2025\/06\/Webdo-Tunisie_168377.jpg","contentUrl":"https:\/\/www.webdo.tn\/fr\/wp-content\/uploads\/2025\/06\/Webdo-Tunisie_168377.jpg","width":301,"height":301,"caption":"Webdo"},"image":{"@id":"https:\/\/www.webdo.tn\/fr\/#\/schema\/logo\/image\/"},"sameAs":["https:\/\/www.facebook.com\/webdotn","https:\/\/x.com\/webdo_tn"],"description":"Webdo est un m\u00e9dia num\u00e9rique tunisien fond\u00e9 en 2010, sp\u00e9cialis\u00e9 dans l\u2019actualit\u00e9 nationale et internationale, l\u2019\u00e9conomie, la soci\u00e9t\u00e9 et les analyses politiques. Le site s\u2019adresse \u00e0 un large public francophone et couvre l\u2019information tunisienne en temps r\u00e9el.","email":"redac@webdo.tn","legalName":"YNJ SARL","foundingDate":"2010-09-06","numberOfEmployees":{"@type":"QuantitativeValue","minValue":"11","maxValue":"50"}},{"@type":"Person","@id":"https:\/\/www.webdo.tn\/fr\/#\/schema\/person\/f35b42a42c5e2511bbd282959d6385cc","name":"CL","image":{"@type":"ImageObject","inLanguage":"fr-FR","@id":"https:\/\/secure.gravatar.com\/avatar\/1447a49909b67aa657c488aec6512e1dd6143a480c1ecfee9b5b5cd74eb3b59e?s=96&d=mm&r=g","url":"https:\/\/secure.gravatar.com\/avatar\/1447a49909b67aa657c488aec6512e1dd6143a480c1ecfee9b5b5cd74eb3b59e?s=96&d=mm&r=g","contentUrl":"https:\/\/secure.gravatar.com\/avatar\/1447a49909b67aa657c488aec6512e1dd6143a480c1ecfee9b5b5cd74eb3b59e?s=96&d=mm&r=g","caption":"CL"},"url":"https:\/\/www.webdo.tn\/fr\/actualite\/author\/cl\/"}]}},"_links":{"self":[{"href":"https:\/\/www.webdo.tn\/fr\/wp-json\/wp\/v2\/posts\/204123","targetHints":{"allow":["GET"]}}],"collection":[{"href":"https:\/\/www.webdo.tn\/fr\/wp-json\/wp\/v2\/posts"}],"about":[{"href":"https:\/\/www.webdo.tn\/fr\/wp-json\/wp\/v2\/types\/post"}],"author":[{"embeddable":true,"href":"https:\/\/www.webdo.tn\/fr\/wp-json\/wp\/v2\/users\/3175"}],"replies":[{"embeddable":true,"href":"https:\/\/www.webdo.tn\/fr\/wp-json\/wp\/v2\/comments?post=204123"}],"version-history":[{"count":0,"href":"https:\/\/www.webdo.tn\/fr\/wp-json\/wp\/v2\/posts\/204123\/revisions"}],"wp:featuredmedia":[{"embeddable":true,"href":"https:\/\/www.webdo.tn\/fr\/wp-json\/wp\/v2\/media\/277953"}],"wp:attachment":[{"href":"https:\/\/www.webdo.tn\/fr\/wp-json\/wp\/v2\/media?parent=204123"}],"wp:term":[{"taxonomy":"category","embeddable":true,"href":"https:\/\/www.webdo.tn\/fr\/wp-json\/wp\/v2\/categories?post=204123"},{"taxonomy":"post_tag","embeddable":true,"href":"https:\/\/www.webdo.tn\/fr\/wp-json\/wp\/v2\/tags?post=204123"}],"curies":[{"name":"wp","href":"https:\/\/api.w.org\/{rel}","templated":true}]}}