{"id":204122,"date":"2023-03-21T10:15:00","date_gmt":"2023-03-21T10:15:00","guid":{"rendered":"https:\/\/www.webdo.tn\/fr\/blog\/la-tunisie-dans-le-top-5-des-destinations-des-retraites-francais\/204122\/"},"modified":"2025-05-20T22:59:21","modified_gmt":"2025-05-20T22:59:21","slug":"la-tunisie-dans-le-top-5-des-destinations-des-retraites-francais","status":"publish","type":"post","link":"https:\/\/www.webdo.tn\/fr\/actualite\/national\/la-tunisie-dans-le-top-5-des-destinations-des-retraites-francais\/204122\/","title":{"rendered":"La Tunisie dans le top 5 des destinations des retrait\u00e9s fran\u00e7ais !"},"content":{"rendered":"<p>Le site retraitesansfrontieres.fr. a \u00e9tabli le classement des pays o\u00f9 les Fran\u00e7ais d\u00e9sirent passer leur retraite. La Tunisie figure en 5\u00e8me position, gagnant trois positions par rapport \u00e0 2022.<\/p>\n<p>\t\t\t\t\t\t\t\t\tLe classement des pays o\u00f9 passer sa retraite, r\u00e9alis\u00e9 par le site retraitesansfrontieres.fr, n\u2019a pas connu cette ann\u00e9e de gros bouleversements. Les retrait\u00e9s fran\u00e7ais continuent d\u2019\u00eatre s\u00e9duits par des pays europ\u00e9ens.<\/p>\n<p>Le m\u00eame trio de 2022 domine le classement. La Gr\u00e8ce arrive sur la premi\u00e8re marche du podium, suivie du Portugal et de l\u2019Espagne.<\/p>\n<p>Viennent, par la suite, les pays du Maghreb. Le Fait le plus marquant est le bond r\u00e9alis\u00e9 par la Tunisie qui remonte dans le classement, passant de la 8e \u00e0 la 5e place.<\/p>\n<p>L\u2019aspect culturel, la proximit\u00e9 de la France mais aussi les hivers tr\u00e8s doux et le co\u00fbt de la vie peu \u00e9lev\u00e9 (prix de l\u2019immobilier moins cher qu\u2019en France) permettent \u00e0 la Tunisie de se rapprocher du podium.<\/p>\n<p>Le site fait remarquer que l\u2019aspect s\u00e9curitaire a fait remonter la Tunisie dans le classement m\u00eame si cela reste son point faible.<\/p>\n<p>Paul Delahoutre, responsable du site, rel\u00e8ve comme point fort \u00ab le d\u00e9veloppement des Ehpad priv\u00e9s qui attirent de plus en plus de retrait\u00e9s occidentaux. Les prix sont plus faibles qu\u2019en France et le taux d\u2019encadrement des personnes \u00e2g\u00e9es est plus important \u00bb, assure-t-il.<\/p>\n<p>Pour \u00e9tablir ce classement, le responsable du site, se base sur 12 crit\u00e8res comme le co\u00fbt de la vie, le prix de l\u2019immobilier, le syst\u00e8me de sant\u00e9 ou encore le climat et la s\u00e9curit\u00e9.<\/p>\n<p>Le co\u00fbt de la vie repr\u00e9sente 20% de la note finale, le climat est \u00e9valu\u00e9 \u00e0 hauteur de 15% et les soins m\u00e9dicaux p\u00e8sent pour 10% du total.<\/p>\n","protected":false},"excerpt":{"rendered":"<p>Dans le classement des pays o\u00f9 les Fran\u00e7ais d\u00e9sirent passer leur retraite, la Tunisie figure en 5\u00e8me position.<\/p>\n","protected":false},"author":3188,"featured_media":277951,"comment_status":"open","ping_status":"closed","sticky":false,"template":"","format":"standard","meta":{"footnotes":""},"categories":[44],"tags":[3760,3697,3836,2608],"class_list":["post-204122","post","type-post","status-publish","format-standard","has-post-thumbnail","hentry","category-national","tag-destination","tag-francais","tag-retraites","tag-tunisie"],"yoast_head":"<!-- This site is optimized with the Yoast SEO Premium plugin v27.5 (Yoast SEO v27.5) - https:\/\/yoast.com\/product\/yoast-seo-premium-wordpress\/ -->\n<title>La Tunisie dans le top 5 des destinations des retrait\u00e9s fran\u00e7ais !<\/title>\n<meta name=\"description\" content=\"Dans le classement des pays o\u00f9 les Fran\u00e7ais d\u00e9sirent passer leur retraite, la Tunisie figure en 5\u00e8me position.\" \/>\n<link rel=\"canonical\" href=\"https:\/\/www.webdo.tn\/fr\/actualite\/national\/la-tunisie-dans-le-top-5-des-destinations-des-retraites-francais\/204122\/\" \/>\n<meta property=\"og:locale\" content=\"fr_FR\" \/>\n<meta property=\"og:type\" content=\"article\" \/>\n<meta property=\"og:title\" content=\"La Tunisie dans le top 5 des destinations des retrait\u00e9s fran\u00e7ais !\" \/>\n<meta property=\"og:description\" content=\"Dans le classement des pays o\u00f9 les Fran\u00e7ais d\u00e9sirent passer leur retraite, la Tunisie figure en 5\u00e8me position.\" \/>\n<meta property=\"og:url\" content=\"https:\/\/www.webdo.tn\/fr\/actualite\/national\/la-tunisie-dans-le-top-5-des-destinations-des-retraites-francais\/204122\/\" \/>\n<meta property=\"og:site_name\" content=\"webdo\" \/>\n<meta property=\"article:publisher\" content=\"https:\/\/www.facebook.com\/webdotn\" \/>\n<meta property=\"article:published_time\" content=\"2023-03-21T10:15:00+00:00\" \/>\n<meta property=\"article:modified_time\" content=\"2025-05-20T22:59:21+00:00\" \/>\n<meta property=\"og:image\" content=\"https:\/\/www.webdo.tn\/fr\/wp-content\/uploads\/2023\/03\/e15a7c3d0c420fb00711d330d5934a9d.jpg\" \/>\n\t<meta property=\"og:image:width\" content=\"648\" \/>\n\t<meta property=\"og:image:height\" content=\"346\" \/>\n\t<meta property=\"og:image:type\" content=\"image\/jpeg\" \/>\n<meta name=\"author\" content=\"Ramzi\" \/>\n<meta name=\"twitter:card\" content=\"summary_large_image\" \/>\n<meta name=\"twitter:creator\" content=\"@webdo_tn\" \/>\n<meta name=\"twitter:site\" content=\"@webdo_tn\" \/>\n<meta name=\"twitter:label1\" content=\"\u00c9crit par\" \/>\n\t<meta name=\"twitter:data1\" content=\"Ramzi\" \/>\n\t<meta name=\"twitter:label2\" content=\"Dur\u00e9e de lecture estim\u00e9e\" \/>\n\t<meta name=\"twitter:data2\" content=\"2 minutes\" \/>\n<script type=\"application\/ld+json\" class=\"yoast-schema-graph\">{\"@context\":\"https:\\\/\\\/schema.org\",\"@graph\":[{\"@type\":\"NewsArticle\",\"@id\":\"https:\\\/\\\/www.webdo.tn\\\/fr\\\/actualite\\\/national\\\/la-tunisie-dans-le-top-5-des-destinations-des-retraites-francais\\\/204122\\\/#article\",\"isPartOf\":{\"@id\":\"https:\\\/\\\/www.webdo.tn\\\/fr\\\/actualite\\\/national\\\/la-tunisie-dans-le-top-5-des-destinations-des-retraites-francais\\\/204122\\\/\"},\"author\":{\"name\":\"Ramzi\",\"@id\":\"https:\\\/\\\/www.webdo.tn\\\/fr\\\/#\\\/schema\\\/person\\\/590cb5f81adcfde6385530fdbdf468e2\"},\"headline\":\"La Tunisie dans le top 5 des destinations des retrait\u00e9s fran\u00e7ais !\",\"datePublished\":\"2023-03-21T10:15:00+00:00\",\"dateModified\":\"2025-05-20T22:59:21+00:00\",\"mainEntityOfPage\":{\"@id\":\"https:\\\/\\\/www.webdo.tn\\\/fr\\\/actualite\\\/national\\\/la-tunisie-dans-le-top-5-des-destinations-des-retraites-francais\\\/204122\\\/\"},\"wordCount\":321,\"commentCount\":0,\"publisher\":{\"@id\":\"https:\\\/\\\/www.webdo.tn\\\/fr\\\/#organization\"},\"image\":{\"@id\":\"https:\\\/\\\/www.webdo.tn\\\/fr\\\/actualite\\\/national\\\/la-tunisie-dans-le-top-5-des-destinations-des-retraites-francais\\\/204122\\\/#primaryimage\"},\"thumbnailUrl\":\"https:\\\/\\\/www.webdo.tn\\\/fr\\\/wp-content\\\/uploads\\\/2023\\\/03\\\/e15a7c3d0c420fb00711d330d5934a9d.jpg\",\"keywords\":[\"destination\",\"fran\u00e7ais\",\"retrait\u00e9s\",\"Tunisie\"],\"articleSection\":[\"National\"],\"inLanguage\":\"fr-FR\"},{\"@type\":\"WebPage\",\"@id\":\"https:\\\/\\\/www.webdo.tn\\\/fr\\\/actualite\\\/national\\\/la-tunisie-dans-le-top-5-des-destinations-des-retraites-francais\\\/204122\\\/\",\"url\":\"https:\\\/\\\/www.webdo.tn\\\/fr\\\/actualite\\\/national\\\/la-tunisie-dans-le-top-5-des-destinations-des-retraites-francais\\\/204122\\\/\",\"name\":\"La Tunisie dans le top 5 des destinations des retrait\u00e9s fran\u00e7ais !\",\"isPartOf\":{\"@id\":\"https:\\\/\\\/www.webdo.tn\\\/fr\\\/#website\"},\"primaryImageOfPage\":{\"@id\":\"https:\\\/\\\/www.webdo.tn\\\/fr\\\/actualite\\\/national\\\/la-tunisie-dans-le-top-5-des-destinations-des-retraites-francais\\\/204122\\\/#primaryimage\"},\"image\":{\"@id\":\"https:\\\/\\\/www.webdo.tn\\\/fr\\\/actualite\\\/national\\\/la-tunisie-dans-le-top-5-des-destinations-des-retraites-francais\\\/204122\\\/#primaryimage\"},\"thumbnailUrl\":\"https:\\\/\\\/www.webdo.tn\\\/fr\\\/wp-content\\\/uploads\\\/2023\\\/03\\\/e15a7c3d0c420fb00711d330d5934a9d.jpg\",\"datePublished\":\"2023-03-21T10:15:00+00:00\",\"dateModified\":\"2025-05-20T22:59:21+00:00\",\"description\":\"Dans le classement des pays o\u00f9 les Fran\u00e7ais d\u00e9sirent passer leur retraite, la Tunisie figure en 5\u00e8me position.\",\"breadcrumb\":{\"@id\":\"https:\\\/\\\/www.webdo.tn\\\/fr\\\/actualite\\\/national\\\/la-tunisie-dans-le-top-5-des-destinations-des-retraites-francais\\\/204122\\\/#breadcrumb\"},\"inLanguage\":\"fr-FR\",\"potentialAction\":[{\"@type\":\"ReadAction\",\"target\":[\"https:\\\/\\\/www.webdo.tn\\\/fr\\\/actualite\\\/national\\\/la-tunisie-dans-le-top-5-des-destinations-des-retraites-francais\\\/204122\\\/\"]}]},{\"@type\":\"ImageObject\",\"inLanguage\":\"fr-FR\",\"@id\":\"https:\\\/\\\/www.webdo.tn\\\/fr\\\/actualite\\\/national\\\/la-tunisie-dans-le-top-5-des-destinations-des-retraites-francais\\\/204122\\\/#primaryimage\",\"url\":\"https:\\\/\\\/www.webdo.tn\\\/fr\\\/wp-content\\\/uploads\\\/2023\\\/03\\\/e15a7c3d0c420fb00711d330d5934a9d.jpg\",\"contentUrl\":\"https:\\\/\\\/www.webdo.tn\\\/fr\\\/wp-content\\\/uploads\\\/2023\\\/03\\\/e15a7c3d0c420fb00711d330d5934a9d.jpg\",\"width\":648,\"height\":346,\"caption\":\"La Tunisie dans le top 5 des destinations des retrait\u00e9s fran\u00e7ais !\"},{\"@type\":\"BreadcrumbList\",\"@id\":\"https:\\\/\\\/www.webdo.tn\\\/fr\\\/actualite\\\/national\\\/la-tunisie-dans-le-top-5-des-destinations-des-retraites-francais\\\/204122\\\/#breadcrumb\",\"itemListElement\":[{\"@type\":\"ListItem\",\"position\":1,\"name\":\"Accueil\",\"item\":\"https:\\\/\\\/www.webdo.tn\\\/fr\\\/\"},{\"@type\":\"ListItem\",\"position\":2,\"name\":\"La Tunisie dans le top 5 des destinations des retrait\u00e9s fran\u00e7ais !\"}]},{\"@type\":\"WebSite\",\"@id\":\"https:\\\/\\\/www.webdo.tn\\\/fr\\\/#website\",\"url\":\"https:\\\/\\\/www.webdo.tn\\\/fr\\\/\",\"name\":\"webdo\",\"description\":\"Tunisie - News en Tunisie et \u00e0 l&#039;international sur Webdo.tn\",\"publisher\":{\"@id\":\"https:\\\/\\\/www.webdo.tn\\\/fr\\\/#organization\"},\"potentialAction\":[{\"@type\":\"SearchAction\",\"target\":{\"@type\":\"EntryPoint\",\"urlTemplate\":\"https:\\\/\\\/www.webdo.tn\\\/fr\\\/?s={search_term_string}\"},\"query-input\":{\"@type\":\"PropertyValueSpecification\",\"valueRequired\":true,\"valueName\":\"search_term_string\"}}],\"inLanguage\":\"fr-FR\"},{\"@type\":\"Organization\",\"@id\":\"https:\\\/\\\/www.webdo.tn\\\/fr\\\/#organization\",\"name\":\"Webdo\",\"alternateName\":\"Webdo.tn\",\"url\":\"https:\\\/\\\/www.webdo.tn\\\/fr\\\/\",\"logo\":{\"@type\":\"ImageObject\",\"inLanguage\":\"fr-FR\",\"@id\":\"https:\\\/\\\/www.webdo.tn\\\/fr\\\/#\\\/schema\\\/logo\\\/image\\\/\",\"url\":\"https:\\\/\\\/www.webdo.tn\\\/fr\\\/wp-content\\\/uploads\\\/2025\\\/06\\\/Webdo-Tunisie_168377.jpg\",\"contentUrl\":\"https:\\\/\\\/www.webdo.tn\\\/fr\\\/wp-content\\\/uploads\\\/2025\\\/06\\\/Webdo-Tunisie_168377.jpg\",\"width\":301,\"height\":301,\"caption\":\"Webdo\"},\"image\":{\"@id\":\"https:\\\/\\\/www.webdo.tn\\\/fr\\\/#\\\/schema\\\/logo\\\/image\\\/\"},\"sameAs\":[\"https:\\\/\\\/www.facebook.com\\\/webdotn\",\"https:\\\/\\\/x.com\\\/webdo_tn\"],\"description\":\"Webdo est un m\u00e9dia num\u00e9rique tunisien fond\u00e9 en 2010, sp\u00e9cialis\u00e9 dans l\u2019actualit\u00e9 nationale et internationale, l\u2019\u00e9conomie, la soci\u00e9t\u00e9 et les analyses politiques. Le site s\u2019adresse \u00e0 un large public francophone et couvre l\u2019information tunisienne en temps r\u00e9el.\",\"email\":\"redac@webdo.tn\",\"legalName\":\"YNJ SARL\",\"foundingDate\":\"2010-09-06\",\"numberOfEmployees\":{\"@type\":\"QuantitativeValue\",\"minValue\":\"11\",\"maxValue\":\"50\"}},{\"@type\":\"Person\",\"@id\":\"https:\\\/\\\/www.webdo.tn\\\/fr\\\/#\\\/schema\\\/person\\\/590cb5f81adcfde6385530fdbdf468e2\",\"name\":\"Ramzi\",\"image\":{\"@type\":\"ImageObject\",\"inLanguage\":\"fr-FR\",\"@id\":\"https:\\\/\\\/secure.gravatar.com\\\/avatar\\\/48df7d18915e10cf866ba8e27604c81ff9243fd52704a1d210c3e387e1cb8d87?s=96&d=mm&r=g\",\"url\":\"https:\\\/\\\/secure.gravatar.com\\\/avatar\\\/48df7d18915e10cf866ba8e27604c81ff9243fd52704a1d210c3e387e1cb8d87?s=96&d=mm&r=g\",\"contentUrl\":\"https:\\\/\\\/secure.gravatar.com\\\/avatar\\\/48df7d18915e10cf866ba8e27604c81ff9243fd52704a1d210c3e387e1cb8d87?s=96&d=mm&r=g\",\"caption\":\"Ramzi\"},\"url\":\"https:\\\/\\\/www.webdo.tn\\\/fr\\\/actualite\\\/author\\\/ramzi\\\/\"}]}<\/script>\n<!-- \/ Yoast SEO Premium plugin. -->","yoast_head_json":{"title":"La Tunisie dans le top 5 des destinations des retrait\u00e9s fran\u00e7ais !","description":"Dans le classement des pays o\u00f9 les Fran\u00e7ais d\u00e9sirent passer leur retraite, la Tunisie figure en 5\u00e8me position.","canonical":"https:\/\/www.webdo.tn\/fr\/actualite\/national\/la-tunisie-dans-le-top-5-des-destinations-des-retraites-francais\/204122\/","og_locale":"fr_FR","og_type":"article","og_title":"La Tunisie dans le top 5 des destinations des retrait\u00e9s fran\u00e7ais !","og_description":"Dans le classement des pays o\u00f9 les Fran\u00e7ais d\u00e9sirent passer leur retraite, la Tunisie figure en 5\u00e8me position.","og_url":"https:\/\/www.webdo.tn\/fr\/actualite\/national\/la-tunisie-dans-le-top-5-des-destinations-des-retraites-francais\/204122\/","og_site_name":"webdo","article_publisher":"https:\/\/www.facebook.com\/webdotn","article_published_time":"2023-03-21T10:15:00+00:00","article_modified_time":"2025-05-20T22:59:21+00:00","og_image":[{"width":648,"height":346,"url":"https:\/\/www.webdo.tn\/fr\/wp-content\/uploads\/2023\/03\/e15a7c3d0c420fb00711d330d5934a9d.jpg","type":"image\/jpeg"}],"author":"Ramzi","twitter_card":"summary_large_image","twitter_creator":"@webdo_tn","twitter_site":"@webdo_tn","twitter_misc":{"\u00c9crit par":"Ramzi","Dur\u00e9e de lecture estim\u00e9e":"2 minutes"},"schema":{"@context":"https:\/\/schema.org","@graph":[{"@type":"NewsArticle","@id":"https:\/\/www.webdo.tn\/fr\/actualite\/national\/la-tunisie-dans-le-top-5-des-destinations-des-retraites-francais\/204122\/#article","isPartOf":{"@id":"https:\/\/www.webdo.tn\/fr\/actualite\/national\/la-tunisie-dans-le-top-5-des-destinations-des-retraites-francais\/204122\/"},"author":{"name":"Ramzi","@id":"https:\/\/www.webdo.tn\/fr\/#\/schema\/person\/590cb5f81adcfde6385530fdbdf468e2"},"headline":"La Tunisie dans le top 5 des destinations des retrait\u00e9s fran\u00e7ais !","datePublished":"2023-03-21T10:15:00+00:00","dateModified":"2025-05-20T22:59:21+00:00","mainEntityOfPage":{"@id":"https:\/\/www.webdo.tn\/fr\/actualite\/national\/la-tunisie-dans-le-top-5-des-destinations-des-retraites-francais\/204122\/"},"wordCount":321,"commentCount":0,"publisher":{"@id":"https:\/\/www.webdo.tn\/fr\/#organization"},"image":{"@id":"https:\/\/www.webdo.tn\/fr\/actualite\/national\/la-tunisie-dans-le-top-5-des-destinations-des-retraites-francais\/204122\/#primaryimage"},"thumbnailUrl":"https:\/\/www.webdo.tn\/fr\/wp-content\/uploads\/2023\/03\/e15a7c3d0c420fb00711d330d5934a9d.jpg","keywords":["destination","fran\u00e7ais","retrait\u00e9s","Tunisie"],"articleSection":["National"],"inLanguage":"fr-FR"},{"@type":"WebPage","@id":"https:\/\/www.webdo.tn\/fr\/actualite\/national\/la-tunisie-dans-le-top-5-des-destinations-des-retraites-francais\/204122\/","url":"https:\/\/www.webdo.tn\/fr\/actualite\/national\/la-tunisie-dans-le-top-5-des-destinations-des-retraites-francais\/204122\/","name":"La Tunisie dans le top 5 des destinations des retrait\u00e9s fran\u00e7ais !","isPartOf":{"@id":"https:\/\/www.webdo.tn\/fr\/#website"},"primaryImageOfPage":{"@id":"https:\/\/www.webdo.tn\/fr\/actualite\/national\/la-tunisie-dans-le-top-5-des-destinations-des-retraites-francais\/204122\/#primaryimage"},"image":{"@id":"https:\/\/www.webdo.tn\/fr\/actualite\/national\/la-tunisie-dans-le-top-5-des-destinations-des-retraites-francais\/204122\/#primaryimage"},"thumbnailUrl":"https:\/\/www.webdo.tn\/fr\/wp-content\/uploads\/2023\/03\/e15a7c3d0c420fb00711d330d5934a9d.jpg","datePublished":"2023-03-21T10:15:00+00:00","dateModified":"2025-05-20T22:59:21+00:00","description":"Dans le classement des pays o\u00f9 les Fran\u00e7ais d\u00e9sirent passer leur retraite, la Tunisie figure en 5\u00e8me position.","breadcrumb":{"@id":"https:\/\/www.webdo.tn\/fr\/actualite\/national\/la-tunisie-dans-le-top-5-des-destinations-des-retraites-francais\/204122\/#breadcrumb"},"inLanguage":"fr-FR","potentialAction":[{"@type":"ReadAction","target":["https:\/\/www.webdo.tn\/fr\/actualite\/national\/la-tunisie-dans-le-top-5-des-destinations-des-retraites-francais\/204122\/"]}]},{"@type":"ImageObject","inLanguage":"fr-FR","@id":"https:\/\/www.webdo.tn\/fr\/actualite\/national\/la-tunisie-dans-le-top-5-des-destinations-des-retraites-francais\/204122\/#primaryimage","url":"https:\/\/www.webdo.tn\/fr\/wp-content\/uploads\/2023\/03\/e15a7c3d0c420fb00711d330d5934a9d.jpg","contentUrl":"https:\/\/www.webdo.tn\/fr\/wp-content\/uploads\/2023\/03\/e15a7c3d0c420fb00711d330d5934a9d.jpg","width":648,"height":346,"caption":"La Tunisie dans le top 5 des destinations des retrait\u00e9s fran\u00e7ais !"},{"@type":"BreadcrumbList","@id":"https:\/\/www.webdo.tn\/fr\/actualite\/national\/la-tunisie-dans-le-top-5-des-destinations-des-retraites-francais\/204122\/#breadcrumb","itemListElement":[{"@type":"ListItem","position":1,"name":"Accueil","item":"https:\/\/www.webdo.tn\/fr\/"},{"@type":"ListItem","position":2,"name":"La Tunisie dans le top 5 des destinations des retrait\u00e9s fran\u00e7ais !"}]},{"@type":"WebSite","@id":"https:\/\/www.webdo.tn\/fr\/#website","url":"https:\/\/www.webdo.tn\/fr\/","name":"webdo","description":"Tunisie - News en Tunisie et \u00e0 l&#039;international sur Webdo.tn","publisher":{"@id":"https:\/\/www.webdo.tn\/fr\/#organization"},"potentialAction":[{"@type":"SearchAction","target":{"@type":"EntryPoint","urlTemplate":"https:\/\/www.webdo.tn\/fr\/?s={search_term_string}"},"query-input":{"@type":"PropertyValueSpecification","valueRequired":true,"valueName":"search_term_string"}}],"inLanguage":"fr-FR"},{"@type":"Organization","@id":"https:\/\/www.webdo.tn\/fr\/#organization","name":"Webdo","alternateName":"Webdo.tn","url":"https:\/\/www.webdo.tn\/fr\/","logo":{"@type":"ImageObject","inLanguage":"fr-FR","@id":"https:\/\/www.webdo.tn\/fr\/#\/schema\/logo\/image\/","url":"https:\/\/www.webdo.tn\/fr\/wp-content\/uploads\/2025\/06\/Webdo-Tunisie_168377.jpg","contentUrl":"https:\/\/www.webdo.tn\/fr\/wp-content\/uploads\/2025\/06\/Webdo-Tunisie_168377.jpg","width":301,"height":301,"caption":"Webdo"},"image":{"@id":"https:\/\/www.webdo.tn\/fr\/#\/schema\/logo\/image\/"},"sameAs":["https:\/\/www.facebook.com\/webdotn","https:\/\/x.com\/webdo_tn"],"description":"Webdo est un m\u00e9dia num\u00e9rique tunisien fond\u00e9 en 2010, sp\u00e9cialis\u00e9 dans l\u2019actualit\u00e9 nationale et internationale, l\u2019\u00e9conomie, la soci\u00e9t\u00e9 et les analyses politiques. Le site s\u2019adresse \u00e0 un large public francophone et couvre l\u2019information tunisienne en temps r\u00e9el.","email":"redac@webdo.tn","legalName":"YNJ SARL","foundingDate":"2010-09-06","numberOfEmployees":{"@type":"QuantitativeValue","minValue":"11","maxValue":"50"}},{"@type":"Person","@id":"https:\/\/www.webdo.tn\/fr\/#\/schema\/person\/590cb5f81adcfde6385530fdbdf468e2","name":"Ramzi","image":{"@type":"ImageObject","inLanguage":"fr-FR","@id":"https:\/\/secure.gravatar.com\/avatar\/48df7d18915e10cf866ba8e27604c81ff9243fd52704a1d210c3e387e1cb8d87?s=96&d=mm&r=g","url":"https:\/\/secure.gravatar.com\/avatar\/48df7d18915e10cf866ba8e27604c81ff9243fd52704a1d210c3e387e1cb8d87?s=96&d=mm&r=g","contentUrl":"https:\/\/secure.gravatar.com\/avatar\/48df7d18915e10cf866ba8e27604c81ff9243fd52704a1d210c3e387e1cb8d87?s=96&d=mm&r=g","caption":"Ramzi"},"url":"https:\/\/www.webdo.tn\/fr\/actualite\/author\/ramzi\/"}]}},"_links":{"self":[{"href":"https:\/\/www.webdo.tn\/fr\/wp-json\/wp\/v2\/posts\/204122","targetHints":{"allow":["GET"]}}],"collection":[{"href":"https:\/\/www.webdo.tn\/fr\/wp-json\/wp\/v2\/posts"}],"about":[{"href":"https:\/\/www.webdo.tn\/fr\/wp-json\/wp\/v2\/types\/post"}],"author":[{"embeddable":true,"href":"https:\/\/www.webdo.tn\/fr\/wp-json\/wp\/v2\/users\/3188"}],"replies":[{"embeddable":true,"href":"https:\/\/www.webdo.tn\/fr\/wp-json\/wp\/v2\/comments?post=204122"}],"version-history":[{"count":0,"href":"https:\/\/www.webdo.tn\/fr\/wp-json\/wp\/v2\/posts\/204122\/revisions"}],"wp:featuredmedia":[{"embeddable":true,"href":"https:\/\/www.webdo.tn\/fr\/wp-json\/wp\/v2\/media\/277951"}],"wp:attachment":[{"href":"https:\/\/www.webdo.tn\/fr\/wp-json\/wp\/v2\/media?parent=204122"}],"wp:term":[{"taxonomy":"category","embeddable":true,"href":"https:\/\/www.webdo.tn\/fr\/wp-json\/wp\/v2\/categories?post=204122"},{"taxonomy":"post_tag","embeddable":true,"href":"https:\/\/www.webdo.tn\/fr\/wp-json\/wp\/v2\/tags?post=204122"}],"curies":[{"name":"wp","href":"https:\/\/api.w.org\/{rel}","templated":true}]}}