{"id":204117,"date":"2023-03-21T08:45:00","date_gmt":"2023-03-21T08:45:00","guid":{"rendered":"https:\/\/www.webdo.tn\/fr\/blog\/rfr-ligne-e-gratuite-des-voyages-jusqu-au-26-mars\/204117\/"},"modified":"2025-05-20T22:44:46","modified_gmt":"2025-05-20T22:44:46","slug":"rfr-ligne-e-gratuite-des-voyages-jusqu-au-26-mars","status":"publish","type":"post","link":"https:\/\/www.webdo.tn\/fr\/actualite\/national\/rfr-ligne-e-gratuite-des-voyages-jusqu-au-26-mars\/204117\/","title":{"rendered":"RFR \u2013 Ligne E : Gratuit\u00e9 des voyages jusqu\u2019au 26 mars"},"content":{"rendered":"<p>La premi\u00e8re tranche de la ligne E du RFR du Grand Tunis a \u00e9t\u00e9 inaugur\u00e9e, aujourd&rsquo;hui, \u00e0 la station de Bougatfa (Sidi Hassine Sijoumi) par le ministre du Transport.<\/p>\n<p>\t\t\t\t\t\t\t\t\tSelon la soci\u00e9t\u00e9 qui g\u00e8re ce projet, les voyage seront gratuits jusqu\u2019au 26 mars prochain, au-del\u00e0, \u00a0un tarif uni de 0,7 dinar sera appliqu\u00e9.\u00a0<\/p>\n<p>Notons \u00e9galement que les premiers voyages partent \u00e0 cinq heures du matin \u00e0 partir de la station Barcelone et \u00e0 5h20 \u00e0 partir de Bougatfa.\u00a0<\/p>\n<p>Cette premi\u00e8re tranche prend son d\u00e9part depuis la gare de Tunis (gare de Barcelone) jusqu&rsquo;\u00e0 la station de Bougatfa pour un trajet de 9 km compos\u00e9 de 6 stations \u00e0 savoir \u00ab\u00a0Saida Manoubia\u00a0\u00bb \u00ab\u00a0Annajah\u00a0\u00bb, \u00ab\u00a0Etayaran\u00a0\u00bb, \u00ab\u00a0Ezzouhour\u00a0\u00bb, \u00ab\u00a0Hrairia\u00a0\u00bb et \u00ab\u00a0Bougatfa\u00a0\u00bb.<\/p>\n<p>Au total, 28 trains d\u2019une capacit\u00e9 de 2408 passagers, ont \u00e9t\u00e9 acquis pour servir les lignes RFR. Ils permettront de faire la desserte Tunis-Bougatfa en 12 minutes, avec une fr\u00e9quence d\u2019un train toutes les 20 minutes.<\/p>\n","protected":false},"excerpt":{"rendered":"<p>La premi\u00e8re tranche de la ligne E du RFR du Grand Tunis a \u00e9t\u00e9 inaugur\u00e9e, aujourd&rsquo;hui, \u00e0 la station de Bougatfa (Sidi Hassine Sijoumi) par le ministre du Transpo&#8230;<\/p>\n","protected":false},"author":3175,"featured_media":251690,"comment_status":"open","ping_status":"closed","sticky":false,"template":"","format":"standard","meta":{"footnotes":""},"categories":[44],"tags":[6828,3285,2608,4627],"class_list":["post-204117","post","type-post","status-publish","format-standard","has-post-thumbnail","hentry","category-national","tag-gratuite","tag-rfr","tag-tunisie","tag-voyage"],"yoast_head":"<!-- This site is optimized with the Yoast SEO Premium plugin v27.5 (Yoast SEO v27.5) - https:\/\/yoast.com\/product\/yoast-seo-premium-wordpress\/ -->\n<title>RFR \u2013 Ligne E : Gratuit\u00e9 des voyages jusqu\u2019au 26 mars<\/title>\n<meta name=\"description\" content=\"La premi\u00e8re tranche de la ligne E du RFR du Grand Tunis a \u00e9t\u00e9 inaugur\u00e9e, aujourd&#039;hui, \u00e0 la station de Bougatfa (Sidi Hassine Sijoumi) par le ministre du Transpo...\" \/>\n<link rel=\"canonical\" href=\"https:\/\/www.webdo.tn\/fr\/actualite\/national\/rfr-ligne-e-gratuite-des-voyages-jusqu-au-26-mars\/204117\/\" \/>\n<meta property=\"og:locale\" content=\"fr_FR\" \/>\n<meta property=\"og:type\" content=\"article\" \/>\n<meta property=\"og:title\" content=\"RFR \u2013 Ligne E : Gratuit\u00e9 des voyages jusqu\u2019au 26 mars\" \/>\n<meta property=\"og:description\" content=\"La premi\u00e8re tranche de la ligne E du RFR du Grand Tunis a \u00e9t\u00e9 inaugur\u00e9e, aujourd&#039;hui, \u00e0 la station de Bougatfa (Sidi Hassine Sijoumi) par le ministre du Transpo...\" \/>\n<meta property=\"og:url\" content=\"https:\/\/www.webdo.tn\/fr\/actualite\/national\/rfr-ligne-e-gratuite-des-voyages-jusqu-au-26-mars\/204117\/\" \/>\n<meta property=\"og:site_name\" content=\"webdo\" \/>\n<meta property=\"article:publisher\" content=\"https:\/\/www.facebook.com\/webdotn\" \/>\n<meta property=\"article:published_time\" content=\"2023-03-21T08:45:00+00:00\" \/>\n<meta property=\"article:modified_time\" content=\"2025-05-20T22:44:46+00:00\" \/>\n<meta property=\"og:image\" content=\"https:\/\/www.webdo.tn\/fr\/wp-content\/uploads\/2023\/03\/06b086bd9b62f878e8018b618c3e1323.jpg\" \/>\n\t<meta property=\"og:image:width\" content=\"750\" \/>\n\t<meta property=\"og:image:height\" content=\"400\" \/>\n\t<meta property=\"og:image:type\" content=\"image\/jpeg\" \/>\n<meta name=\"author\" content=\"CL\" \/>\n<meta name=\"twitter:card\" content=\"summary_large_image\" \/>\n<meta name=\"twitter:creator\" content=\"@webdo_tn\" \/>\n<meta name=\"twitter:site\" content=\"@webdo_tn\" \/>\n<meta name=\"twitter:label1\" content=\"\u00c9crit par\" \/>\n\t<meta name=\"twitter:data1\" content=\"CL\" \/>\n\t<meta name=\"twitter:label2\" content=\"Dur\u00e9e de lecture estim\u00e9e\" \/>\n\t<meta name=\"twitter:data2\" content=\"1 minute\" \/>\n<script type=\"application\/ld+json\" class=\"yoast-schema-graph\">{\"@context\":\"https:\\\/\\\/schema.org\",\"@graph\":[{\"@type\":\"NewsArticle\",\"@id\":\"https:\\\/\\\/www.webdo.tn\\\/fr\\\/actualite\\\/national\\\/rfr-ligne-e-gratuite-des-voyages-jusqu-au-26-mars\\\/204117\\\/#article\",\"isPartOf\":{\"@id\":\"https:\\\/\\\/www.webdo.tn\\\/fr\\\/actualite\\\/national\\\/rfr-ligne-e-gratuite-des-voyages-jusqu-au-26-mars\\\/204117\\\/\"},\"author\":{\"name\":\"CL\",\"@id\":\"https:\\\/\\\/www.webdo.tn\\\/fr\\\/#\\\/schema\\\/person\\\/f35b42a42c5e2511bbd282959d6385cc\"},\"headline\":\"RFR \u2013 Ligne E : Gratuit\u00e9 des voyages jusqu\u2019au 26 mars\",\"datePublished\":\"2023-03-21T08:45:00+00:00\",\"dateModified\":\"2025-05-20T22:44:46+00:00\",\"mainEntityOfPage\":{\"@id\":\"https:\\\/\\\/www.webdo.tn\\\/fr\\\/actualite\\\/national\\\/rfr-ligne-e-gratuite-des-voyages-jusqu-au-26-mars\\\/204117\\\/\"},\"wordCount\":159,\"commentCount\":0,\"publisher\":{\"@id\":\"https:\\\/\\\/www.webdo.tn\\\/fr\\\/#organization\"},\"image\":{\"@id\":\"https:\\\/\\\/www.webdo.tn\\\/fr\\\/actualite\\\/national\\\/rfr-ligne-e-gratuite-des-voyages-jusqu-au-26-mars\\\/204117\\\/#primaryimage\"},\"thumbnailUrl\":\"https:\\\/\\\/www.webdo.tn\\\/fr\\\/wp-content\\\/uploads\\\/2023\\\/03\\\/06b086bd9b62f878e8018b618c3e1323.jpg\",\"keywords\":[\"Gratuit\u00e9\",\"RFR\",\"Tunisie\",\"Voyage\"],\"articleSection\":[\"National\"],\"inLanguage\":\"fr-FR\"},{\"@type\":\"WebPage\",\"@id\":\"https:\\\/\\\/www.webdo.tn\\\/fr\\\/actualite\\\/national\\\/rfr-ligne-e-gratuite-des-voyages-jusqu-au-26-mars\\\/204117\\\/\",\"url\":\"https:\\\/\\\/www.webdo.tn\\\/fr\\\/actualite\\\/national\\\/rfr-ligne-e-gratuite-des-voyages-jusqu-au-26-mars\\\/204117\\\/\",\"name\":\"RFR \u2013 Ligne E : Gratuit\u00e9 des voyages jusqu\u2019au 26 mars\",\"isPartOf\":{\"@id\":\"https:\\\/\\\/www.webdo.tn\\\/fr\\\/#website\"},\"primaryImageOfPage\":{\"@id\":\"https:\\\/\\\/www.webdo.tn\\\/fr\\\/actualite\\\/national\\\/rfr-ligne-e-gratuite-des-voyages-jusqu-au-26-mars\\\/204117\\\/#primaryimage\"},\"image\":{\"@id\":\"https:\\\/\\\/www.webdo.tn\\\/fr\\\/actualite\\\/national\\\/rfr-ligne-e-gratuite-des-voyages-jusqu-au-26-mars\\\/204117\\\/#primaryimage\"},\"thumbnailUrl\":\"https:\\\/\\\/www.webdo.tn\\\/fr\\\/wp-content\\\/uploads\\\/2023\\\/03\\\/06b086bd9b62f878e8018b618c3e1323.jpg\",\"datePublished\":\"2023-03-21T08:45:00+00:00\",\"dateModified\":\"2025-05-20T22:44:46+00:00\",\"description\":\"La premi\u00e8re tranche de la ligne E du RFR du Grand Tunis a \u00e9t\u00e9 inaugur\u00e9e, aujourd'hui, \u00e0 la station de Bougatfa (Sidi Hassine Sijoumi) par le ministre du Transpo...\",\"breadcrumb\":{\"@id\":\"https:\\\/\\\/www.webdo.tn\\\/fr\\\/actualite\\\/national\\\/rfr-ligne-e-gratuite-des-voyages-jusqu-au-26-mars\\\/204117\\\/#breadcrumb\"},\"inLanguage\":\"fr-FR\",\"potentialAction\":[{\"@type\":\"ReadAction\",\"target\":[\"https:\\\/\\\/www.webdo.tn\\\/fr\\\/actualite\\\/national\\\/rfr-ligne-e-gratuite-des-voyages-jusqu-au-26-mars\\\/204117\\\/\"]}]},{\"@type\":\"ImageObject\",\"inLanguage\":\"fr-FR\",\"@id\":\"https:\\\/\\\/www.webdo.tn\\\/fr\\\/actualite\\\/national\\\/rfr-ligne-e-gratuite-des-voyages-jusqu-au-26-mars\\\/204117\\\/#primaryimage\",\"url\":\"https:\\\/\\\/www.webdo.tn\\\/fr\\\/wp-content\\\/uploads\\\/2023\\\/03\\\/06b086bd9b62f878e8018b618c3e1323.jpg\",\"contentUrl\":\"https:\\\/\\\/www.webdo.tn\\\/fr\\\/wp-content\\\/uploads\\\/2023\\\/03\\\/06b086bd9b62f878e8018b618c3e1323.jpg\",\"width\":750,\"height\":400,\"caption\":\"RFR\"},{\"@type\":\"BreadcrumbList\",\"@id\":\"https:\\\/\\\/www.webdo.tn\\\/fr\\\/actualite\\\/national\\\/rfr-ligne-e-gratuite-des-voyages-jusqu-au-26-mars\\\/204117\\\/#breadcrumb\",\"itemListElement\":[{\"@type\":\"ListItem\",\"position\":1,\"name\":\"Accueil\",\"item\":\"https:\\\/\\\/www.webdo.tn\\\/fr\\\/\"},{\"@type\":\"ListItem\",\"position\":2,\"name\":\"RFR \u2013 Ligne E : Gratuit\u00e9 des voyages jusqu\u2019au 26 mars\"}]},{\"@type\":\"WebSite\",\"@id\":\"https:\\\/\\\/www.webdo.tn\\\/fr\\\/#website\",\"url\":\"https:\\\/\\\/www.webdo.tn\\\/fr\\\/\",\"name\":\"webdo\",\"description\":\"Tunisie - News en Tunisie et \u00e0 l&#039;international sur Webdo.tn\",\"publisher\":{\"@id\":\"https:\\\/\\\/www.webdo.tn\\\/fr\\\/#organization\"},\"potentialAction\":[{\"@type\":\"SearchAction\",\"target\":{\"@type\":\"EntryPoint\",\"urlTemplate\":\"https:\\\/\\\/www.webdo.tn\\\/fr\\\/?s={search_term_string}\"},\"query-input\":{\"@type\":\"PropertyValueSpecification\",\"valueRequired\":true,\"valueName\":\"search_term_string\"}}],\"inLanguage\":\"fr-FR\"},{\"@type\":\"Organization\",\"@id\":\"https:\\\/\\\/www.webdo.tn\\\/fr\\\/#organization\",\"name\":\"Webdo\",\"alternateName\":\"Webdo.tn\",\"url\":\"https:\\\/\\\/www.webdo.tn\\\/fr\\\/\",\"logo\":{\"@type\":\"ImageObject\",\"inLanguage\":\"fr-FR\",\"@id\":\"https:\\\/\\\/www.webdo.tn\\\/fr\\\/#\\\/schema\\\/logo\\\/image\\\/\",\"url\":\"https:\\\/\\\/www.webdo.tn\\\/fr\\\/wp-content\\\/uploads\\\/2025\\\/06\\\/Webdo-Tunisie_168377.jpg\",\"contentUrl\":\"https:\\\/\\\/www.webdo.tn\\\/fr\\\/wp-content\\\/uploads\\\/2025\\\/06\\\/Webdo-Tunisie_168377.jpg\",\"width\":301,\"height\":301,\"caption\":\"Webdo\"},\"image\":{\"@id\":\"https:\\\/\\\/www.webdo.tn\\\/fr\\\/#\\\/schema\\\/logo\\\/image\\\/\"},\"sameAs\":[\"https:\\\/\\\/www.facebook.com\\\/webdotn\",\"https:\\\/\\\/x.com\\\/webdo_tn\"],\"description\":\"Webdo est un m\u00e9dia num\u00e9rique tunisien fond\u00e9 en 2010, sp\u00e9cialis\u00e9 dans l\u2019actualit\u00e9 nationale et internationale, l\u2019\u00e9conomie, la soci\u00e9t\u00e9 et les analyses politiques. Le site s\u2019adresse \u00e0 un large public francophone et couvre l\u2019information tunisienne en temps r\u00e9el.\",\"email\":\"redac@webdo.tn\",\"legalName\":\"YNJ SARL\",\"foundingDate\":\"2010-09-06\",\"numberOfEmployees\":{\"@type\":\"QuantitativeValue\",\"minValue\":\"11\",\"maxValue\":\"50\"}},{\"@type\":\"Person\",\"@id\":\"https:\\\/\\\/www.webdo.tn\\\/fr\\\/#\\\/schema\\\/person\\\/f35b42a42c5e2511bbd282959d6385cc\",\"name\":\"CL\",\"image\":{\"@type\":\"ImageObject\",\"inLanguage\":\"fr-FR\",\"@id\":\"https:\\\/\\\/secure.gravatar.com\\\/avatar\\\/1447a49909b67aa657c488aec6512e1dd6143a480c1ecfee9b5b5cd74eb3b59e?s=96&d=mm&r=g\",\"url\":\"https:\\\/\\\/secure.gravatar.com\\\/avatar\\\/1447a49909b67aa657c488aec6512e1dd6143a480c1ecfee9b5b5cd74eb3b59e?s=96&d=mm&r=g\",\"contentUrl\":\"https:\\\/\\\/secure.gravatar.com\\\/avatar\\\/1447a49909b67aa657c488aec6512e1dd6143a480c1ecfee9b5b5cd74eb3b59e?s=96&d=mm&r=g\",\"caption\":\"CL\"},\"url\":\"https:\\\/\\\/www.webdo.tn\\\/fr\\\/actualite\\\/author\\\/cl\\\/\"}]}<\/script>\n<!-- \/ Yoast SEO Premium plugin. -->","yoast_head_json":{"title":"RFR \u2013 Ligne E : Gratuit\u00e9 des voyages jusqu\u2019au 26 mars","description":"La premi\u00e8re tranche de la ligne E du RFR du Grand Tunis a \u00e9t\u00e9 inaugur\u00e9e, aujourd'hui, \u00e0 la station de Bougatfa (Sidi Hassine Sijoumi) par le ministre du Transpo...","canonical":"https:\/\/www.webdo.tn\/fr\/actualite\/national\/rfr-ligne-e-gratuite-des-voyages-jusqu-au-26-mars\/204117\/","og_locale":"fr_FR","og_type":"article","og_title":"RFR \u2013 Ligne E : Gratuit\u00e9 des voyages jusqu\u2019au 26 mars","og_description":"La premi\u00e8re tranche de la ligne E du RFR du Grand Tunis a \u00e9t\u00e9 inaugur\u00e9e, aujourd'hui, \u00e0 la station de Bougatfa (Sidi Hassine Sijoumi) par le ministre du Transpo...","og_url":"https:\/\/www.webdo.tn\/fr\/actualite\/national\/rfr-ligne-e-gratuite-des-voyages-jusqu-au-26-mars\/204117\/","og_site_name":"webdo","article_publisher":"https:\/\/www.facebook.com\/webdotn","article_published_time":"2023-03-21T08:45:00+00:00","article_modified_time":"2025-05-20T22:44:46+00:00","og_image":[{"width":750,"height":400,"url":"https:\/\/www.webdo.tn\/fr\/wp-content\/uploads\/2023\/03\/06b086bd9b62f878e8018b618c3e1323.jpg","type":"image\/jpeg"}],"author":"CL","twitter_card":"summary_large_image","twitter_creator":"@webdo_tn","twitter_site":"@webdo_tn","twitter_misc":{"\u00c9crit par":"CL","Dur\u00e9e de lecture estim\u00e9e":"1 minute"},"schema":{"@context":"https:\/\/schema.org","@graph":[{"@type":"NewsArticle","@id":"https:\/\/www.webdo.tn\/fr\/actualite\/national\/rfr-ligne-e-gratuite-des-voyages-jusqu-au-26-mars\/204117\/#article","isPartOf":{"@id":"https:\/\/www.webdo.tn\/fr\/actualite\/national\/rfr-ligne-e-gratuite-des-voyages-jusqu-au-26-mars\/204117\/"},"author":{"name":"CL","@id":"https:\/\/www.webdo.tn\/fr\/#\/schema\/person\/f35b42a42c5e2511bbd282959d6385cc"},"headline":"RFR \u2013 Ligne E : Gratuit\u00e9 des voyages jusqu\u2019au 26 mars","datePublished":"2023-03-21T08:45:00+00:00","dateModified":"2025-05-20T22:44:46+00:00","mainEntityOfPage":{"@id":"https:\/\/www.webdo.tn\/fr\/actualite\/national\/rfr-ligne-e-gratuite-des-voyages-jusqu-au-26-mars\/204117\/"},"wordCount":159,"commentCount":0,"publisher":{"@id":"https:\/\/www.webdo.tn\/fr\/#organization"},"image":{"@id":"https:\/\/www.webdo.tn\/fr\/actualite\/national\/rfr-ligne-e-gratuite-des-voyages-jusqu-au-26-mars\/204117\/#primaryimage"},"thumbnailUrl":"https:\/\/www.webdo.tn\/fr\/wp-content\/uploads\/2023\/03\/06b086bd9b62f878e8018b618c3e1323.jpg","keywords":["Gratuit\u00e9","RFR","Tunisie","Voyage"],"articleSection":["National"],"inLanguage":"fr-FR"},{"@type":"WebPage","@id":"https:\/\/www.webdo.tn\/fr\/actualite\/national\/rfr-ligne-e-gratuite-des-voyages-jusqu-au-26-mars\/204117\/","url":"https:\/\/www.webdo.tn\/fr\/actualite\/national\/rfr-ligne-e-gratuite-des-voyages-jusqu-au-26-mars\/204117\/","name":"RFR \u2013 Ligne E : Gratuit\u00e9 des voyages jusqu\u2019au 26 mars","isPartOf":{"@id":"https:\/\/www.webdo.tn\/fr\/#website"},"primaryImageOfPage":{"@id":"https:\/\/www.webdo.tn\/fr\/actualite\/national\/rfr-ligne-e-gratuite-des-voyages-jusqu-au-26-mars\/204117\/#primaryimage"},"image":{"@id":"https:\/\/www.webdo.tn\/fr\/actualite\/national\/rfr-ligne-e-gratuite-des-voyages-jusqu-au-26-mars\/204117\/#primaryimage"},"thumbnailUrl":"https:\/\/www.webdo.tn\/fr\/wp-content\/uploads\/2023\/03\/06b086bd9b62f878e8018b618c3e1323.jpg","datePublished":"2023-03-21T08:45:00+00:00","dateModified":"2025-05-20T22:44:46+00:00","description":"La premi\u00e8re tranche de la ligne E du RFR du Grand Tunis a \u00e9t\u00e9 inaugur\u00e9e, aujourd'hui, \u00e0 la station de Bougatfa (Sidi Hassine Sijoumi) par le ministre du Transpo...","breadcrumb":{"@id":"https:\/\/www.webdo.tn\/fr\/actualite\/national\/rfr-ligne-e-gratuite-des-voyages-jusqu-au-26-mars\/204117\/#breadcrumb"},"inLanguage":"fr-FR","potentialAction":[{"@type":"ReadAction","target":["https:\/\/www.webdo.tn\/fr\/actualite\/national\/rfr-ligne-e-gratuite-des-voyages-jusqu-au-26-mars\/204117\/"]}]},{"@type":"ImageObject","inLanguage":"fr-FR","@id":"https:\/\/www.webdo.tn\/fr\/actualite\/national\/rfr-ligne-e-gratuite-des-voyages-jusqu-au-26-mars\/204117\/#primaryimage","url":"https:\/\/www.webdo.tn\/fr\/wp-content\/uploads\/2023\/03\/06b086bd9b62f878e8018b618c3e1323.jpg","contentUrl":"https:\/\/www.webdo.tn\/fr\/wp-content\/uploads\/2023\/03\/06b086bd9b62f878e8018b618c3e1323.jpg","width":750,"height":400,"caption":"RFR"},{"@type":"BreadcrumbList","@id":"https:\/\/www.webdo.tn\/fr\/actualite\/national\/rfr-ligne-e-gratuite-des-voyages-jusqu-au-26-mars\/204117\/#breadcrumb","itemListElement":[{"@type":"ListItem","position":1,"name":"Accueil","item":"https:\/\/www.webdo.tn\/fr\/"},{"@type":"ListItem","position":2,"name":"RFR \u2013 Ligne E : Gratuit\u00e9 des voyages jusqu\u2019au 26 mars"}]},{"@type":"WebSite","@id":"https:\/\/www.webdo.tn\/fr\/#website","url":"https:\/\/www.webdo.tn\/fr\/","name":"webdo","description":"Tunisie - News en Tunisie et \u00e0 l&#039;international sur Webdo.tn","publisher":{"@id":"https:\/\/www.webdo.tn\/fr\/#organization"},"potentialAction":[{"@type":"SearchAction","target":{"@type":"EntryPoint","urlTemplate":"https:\/\/www.webdo.tn\/fr\/?s={search_term_string}"},"query-input":{"@type":"PropertyValueSpecification","valueRequired":true,"valueName":"search_term_string"}}],"inLanguage":"fr-FR"},{"@type":"Organization","@id":"https:\/\/www.webdo.tn\/fr\/#organization","name":"Webdo","alternateName":"Webdo.tn","url":"https:\/\/www.webdo.tn\/fr\/","logo":{"@type":"ImageObject","inLanguage":"fr-FR","@id":"https:\/\/www.webdo.tn\/fr\/#\/schema\/logo\/image\/","url":"https:\/\/www.webdo.tn\/fr\/wp-content\/uploads\/2025\/06\/Webdo-Tunisie_168377.jpg","contentUrl":"https:\/\/www.webdo.tn\/fr\/wp-content\/uploads\/2025\/06\/Webdo-Tunisie_168377.jpg","width":301,"height":301,"caption":"Webdo"},"image":{"@id":"https:\/\/www.webdo.tn\/fr\/#\/schema\/logo\/image\/"},"sameAs":["https:\/\/www.facebook.com\/webdotn","https:\/\/x.com\/webdo_tn"],"description":"Webdo est un m\u00e9dia num\u00e9rique tunisien fond\u00e9 en 2010, sp\u00e9cialis\u00e9 dans l\u2019actualit\u00e9 nationale et internationale, l\u2019\u00e9conomie, la soci\u00e9t\u00e9 et les analyses politiques. Le site s\u2019adresse \u00e0 un large public francophone et couvre l\u2019information tunisienne en temps r\u00e9el.","email":"redac@webdo.tn","legalName":"YNJ SARL","foundingDate":"2010-09-06","numberOfEmployees":{"@type":"QuantitativeValue","minValue":"11","maxValue":"50"}},{"@type":"Person","@id":"https:\/\/www.webdo.tn\/fr\/#\/schema\/person\/f35b42a42c5e2511bbd282959d6385cc","name":"CL","image":{"@type":"ImageObject","inLanguage":"fr-FR","@id":"https:\/\/secure.gravatar.com\/avatar\/1447a49909b67aa657c488aec6512e1dd6143a480c1ecfee9b5b5cd74eb3b59e?s=96&d=mm&r=g","url":"https:\/\/secure.gravatar.com\/avatar\/1447a49909b67aa657c488aec6512e1dd6143a480c1ecfee9b5b5cd74eb3b59e?s=96&d=mm&r=g","contentUrl":"https:\/\/secure.gravatar.com\/avatar\/1447a49909b67aa657c488aec6512e1dd6143a480c1ecfee9b5b5cd74eb3b59e?s=96&d=mm&r=g","caption":"CL"},"url":"https:\/\/www.webdo.tn\/fr\/actualite\/author\/cl\/"}]}},"_links":{"self":[{"href":"https:\/\/www.webdo.tn\/fr\/wp-json\/wp\/v2\/posts\/204117","targetHints":{"allow":["GET"]}}],"collection":[{"href":"https:\/\/www.webdo.tn\/fr\/wp-json\/wp\/v2\/posts"}],"about":[{"href":"https:\/\/www.webdo.tn\/fr\/wp-json\/wp\/v2\/types\/post"}],"author":[{"embeddable":true,"href":"https:\/\/www.webdo.tn\/fr\/wp-json\/wp\/v2\/users\/3175"}],"replies":[{"embeddable":true,"href":"https:\/\/www.webdo.tn\/fr\/wp-json\/wp\/v2\/comments?post=204117"}],"version-history":[{"count":0,"href":"https:\/\/www.webdo.tn\/fr\/wp-json\/wp\/v2\/posts\/204117\/revisions"}],"wp:featuredmedia":[{"embeddable":true,"href":"https:\/\/www.webdo.tn\/fr\/wp-json\/wp\/v2\/media\/251690"}],"wp:attachment":[{"href":"https:\/\/www.webdo.tn\/fr\/wp-json\/wp\/v2\/media?parent=204117"}],"wp:term":[{"taxonomy":"category","embeddable":true,"href":"https:\/\/www.webdo.tn\/fr\/wp-json\/wp\/v2\/categories?post=204117"},{"taxonomy":"post_tag","embeddable":true,"href":"https:\/\/www.webdo.tn\/fr\/wp-json\/wp\/v2\/tags?post=204117"}],"curies":[{"name":"wp","href":"https:\/\/api.w.org\/{rel}","templated":true}]}}