{"id":204115,"date":"2023-03-21T08:13:00","date_gmt":"2023-03-21T08:13:00","guid":{"rendered":"https:\/\/www.webdo.tn\/fr\/blog\/25-juillet-ce-qui-a-ete-realise-est-un-miracle-selon-saied\/204115\/"},"modified":"2025-05-20T22:44:46","modified_gmt":"2025-05-20T22:44:46","slug":"25-juillet-ce-qui-a-ete-realise-est-un-miracle-selon-saied","status":"publish","type":"post","link":"https:\/\/www.webdo.tn\/fr\/actualite\/national\/25-juillet-ce-qui-a-ete-realise-est-un-miracle-selon-saied\/204115\/","title":{"rendered":"25 juillet : Ce qui a \u00e9t\u00e9 r\u00e9alis\u00e9 est un miracle, selon Saied"},"content":{"rendered":"<p>Le pr\u00e9sident de la R\u00e9publique, Kais Sa\u00efed, \u00e9tait en visite hier lundi 20 mars \u00e0 Kairouan o\u00f9 il a rencontr\u00e9 un ensemble de responsables et \u00e9lus locaux.<\/p>\n<p>\t\t\t\t\t\t\t\t\tSaied a, comme toujours, \u00e9voqu\u00e9 des pages d\u2019histoire rappelant que la Tunisie a connu bel et bien une occupation et non pas un protectorat.\u00a0<\/p>\n<p>Dans ce sens il a assur\u00e9 que la souverainet\u00e9 sera d\u00e9fendue et prot\u00e9g\u00e9e. \u00abNous ne sommes sous aucun protectorat. La Tunisie a pay\u00e9 un prix fort pour obtenir son ind\u00e9pendance. Nous n&rsquo;avons pas de le\u00e7ons \u00e0 apprendre et nous refusons toute ing\u00e9rence dans nos affaires\u00bb, a r\u00e9p\u00e9t\u00e9 Sa\u00efed.<\/p>\n<p>Evoquant le processus du 25 juillet, il a affirm\u00e9 qu\u2019il a r\u00e9alis\u00e9 des miracles et que ce processus \u00e9tait une d\u00e9cision personnelle de sa part.<\/p>\n","protected":false},"excerpt":{"rendered":"<p>Le pr\u00e9sident de la R\u00e9publique, Kais Sa\u00efed, \u00e9tait en visite hier lundi 20 mars \u00e0 Kairouan o\u00f9 il a rencontr\u00e9 un ensemble de responsables et \u00e9lus locaux.<\/p>\n","protected":false},"author":3175,"featured_media":251688,"comment_status":"open","ping_status":"closed","sticky":false,"template":"","format":"standard","meta":{"footnotes":""},"categories":[44],"tags":[2614,2608],"class_list":["post-204115","post","type-post","status-publish","format-standard","has-post-thumbnail","hentry","category-national","tag-kais-saied","tag-tunisie"],"yoast_head":"<!-- This site is optimized with the Yoast SEO Premium plugin v27.4 (Yoast SEO v27.4) - https:\/\/yoast.com\/product\/yoast-seo-premium-wordpress\/ -->\n<title>25 juillet : Ce qui a \u00e9t\u00e9 r\u00e9alis\u00e9 est un miracle, selon Saied<\/title>\n<meta name=\"description\" content=\"Le pr\u00e9sident de la R\u00e9publique, Kais Sa\u00efed, \u00e9tait en visite hier lundi 20 mars \u00e0 Kairouan o\u00f9 il a rencontr\u00e9 un ensemble de responsables et \u00e9lus locaux.\" \/>\n<link rel=\"canonical\" href=\"https:\/\/www.webdo.tn\/fr\/actualite\/national\/25-juillet-ce-qui-a-ete-realise-est-un-miracle-selon-saied\/204115\/\" \/>\n<meta property=\"og:locale\" content=\"fr_FR\" \/>\n<meta property=\"og:type\" content=\"article\" \/>\n<meta property=\"og:title\" content=\"25 juillet : Ce qui a \u00e9t\u00e9 r\u00e9alis\u00e9 est un miracle, selon Saied\" \/>\n<meta property=\"og:description\" content=\"Le pr\u00e9sident de la R\u00e9publique, Kais Sa\u00efed, \u00e9tait en visite hier lundi 20 mars \u00e0 Kairouan o\u00f9 il a rencontr\u00e9 un ensemble de responsables et \u00e9lus locaux.\" \/>\n<meta property=\"og:url\" content=\"https:\/\/www.webdo.tn\/fr\/actualite\/national\/25-juillet-ce-qui-a-ete-realise-est-un-miracle-selon-saied\/204115\/\" \/>\n<meta property=\"og:site_name\" content=\"webdo\" \/>\n<meta property=\"article:publisher\" content=\"https:\/\/www.facebook.com\/webdotn\" \/>\n<meta property=\"article:published_time\" content=\"2023-03-21T08:13:00+00:00\" \/>\n<meta property=\"article:modified_time\" content=\"2025-05-20T22:44:46+00:00\" \/>\n<meta property=\"og:image\" content=\"https:\/\/www.webdo.tn\/fr\/wp-content\/uploads\/2023\/03\/b83dae9d048cb66310d1d199b78335cb.jpg\" \/>\n\t<meta property=\"og:image:width\" content=\"750\" \/>\n\t<meta property=\"og:image:height\" content=\"400\" \/>\n\t<meta property=\"og:image:type\" content=\"image\/jpeg\" \/>\n<meta name=\"author\" content=\"CL\" \/>\n<meta name=\"twitter:card\" content=\"summary_large_image\" \/>\n<meta name=\"twitter:creator\" content=\"@webdo_tn\" \/>\n<meta name=\"twitter:site\" content=\"@webdo_tn\" \/>\n<meta name=\"twitter:label1\" content=\"\u00c9crit par\" \/>\n\t<meta name=\"twitter:data1\" content=\"CL\" \/>\n\t<meta name=\"twitter:label2\" content=\"Dur\u00e9e de lecture estim\u00e9e\" \/>\n\t<meta name=\"twitter:data2\" content=\"1 minute\" \/>\n<script type=\"application\/ld+json\" class=\"yoast-schema-graph\">{\"@context\":\"https:\\\/\\\/schema.org\",\"@graph\":[{\"@type\":\"NewsArticle\",\"@id\":\"https:\\\/\\\/www.webdo.tn\\\/fr\\\/actualite\\\/national\\\/25-juillet-ce-qui-a-ete-realise-est-un-miracle-selon-saied\\\/204115\\\/#article\",\"isPartOf\":{\"@id\":\"https:\\\/\\\/www.webdo.tn\\\/fr\\\/actualite\\\/national\\\/25-juillet-ce-qui-a-ete-realise-est-un-miracle-selon-saied\\\/204115\\\/\"},\"author\":{\"name\":\"CL\",\"@id\":\"https:\\\/\\\/www.webdo.tn\\\/fr\\\/#\\\/schema\\\/person\\\/f35b42a42c5e2511bbd282959d6385cc\"},\"headline\":\"25 juillet : Ce qui a \u00e9t\u00e9 r\u00e9alis\u00e9 est un miracle, selon Saied\",\"datePublished\":\"2023-03-21T08:13:00+00:00\",\"dateModified\":\"2025-05-20T22:44:46+00:00\",\"mainEntityOfPage\":{\"@id\":\"https:\\\/\\\/www.webdo.tn\\\/fr\\\/actualite\\\/national\\\/25-juillet-ce-qui-a-ete-realise-est-un-miracle-selon-saied\\\/204115\\\/\"},\"wordCount\":149,\"commentCount\":0,\"publisher\":{\"@id\":\"https:\\\/\\\/www.webdo.tn\\\/fr\\\/#organization\"},\"image\":{\"@id\":\"https:\\\/\\\/www.webdo.tn\\\/fr\\\/actualite\\\/national\\\/25-juillet-ce-qui-a-ete-realise-est-un-miracle-selon-saied\\\/204115\\\/#primaryimage\"},\"thumbnailUrl\":\"https:\\\/\\\/www.webdo.tn\\\/fr\\\/wp-content\\\/uploads\\\/2023\\\/03\\\/b83dae9d048cb66310d1d199b78335cb.jpg\",\"keywords\":[\"Kais Saied\",\"Tunisie\"],\"articleSection\":[\"National\"],\"inLanguage\":\"fr-FR\"},{\"@type\":\"WebPage\",\"@id\":\"https:\\\/\\\/www.webdo.tn\\\/fr\\\/actualite\\\/national\\\/25-juillet-ce-qui-a-ete-realise-est-un-miracle-selon-saied\\\/204115\\\/\",\"url\":\"https:\\\/\\\/www.webdo.tn\\\/fr\\\/actualite\\\/national\\\/25-juillet-ce-qui-a-ete-realise-est-un-miracle-selon-saied\\\/204115\\\/\",\"name\":\"25 juillet : Ce qui a \u00e9t\u00e9 r\u00e9alis\u00e9 est un miracle, selon Saied\",\"isPartOf\":{\"@id\":\"https:\\\/\\\/www.webdo.tn\\\/fr\\\/#website\"},\"primaryImageOfPage\":{\"@id\":\"https:\\\/\\\/www.webdo.tn\\\/fr\\\/actualite\\\/national\\\/25-juillet-ce-qui-a-ete-realise-est-un-miracle-selon-saied\\\/204115\\\/#primaryimage\"},\"image\":{\"@id\":\"https:\\\/\\\/www.webdo.tn\\\/fr\\\/actualite\\\/national\\\/25-juillet-ce-qui-a-ete-realise-est-un-miracle-selon-saied\\\/204115\\\/#primaryimage\"},\"thumbnailUrl\":\"https:\\\/\\\/www.webdo.tn\\\/fr\\\/wp-content\\\/uploads\\\/2023\\\/03\\\/b83dae9d048cb66310d1d199b78335cb.jpg\",\"datePublished\":\"2023-03-21T08:13:00+00:00\",\"dateModified\":\"2025-05-20T22:44:46+00:00\",\"description\":\"Le pr\u00e9sident de la R\u00e9publique, Kais Sa\u00efed, \u00e9tait en visite hier lundi 20 mars \u00e0 Kairouan o\u00f9 il a rencontr\u00e9 un ensemble de responsables et \u00e9lus locaux.\",\"breadcrumb\":{\"@id\":\"https:\\\/\\\/www.webdo.tn\\\/fr\\\/actualite\\\/national\\\/25-juillet-ce-qui-a-ete-realise-est-un-miracle-selon-saied\\\/204115\\\/#breadcrumb\"},\"inLanguage\":\"fr-FR\",\"potentialAction\":[{\"@type\":\"ReadAction\",\"target\":[\"https:\\\/\\\/www.webdo.tn\\\/fr\\\/actualite\\\/national\\\/25-juillet-ce-qui-a-ete-realise-est-un-miracle-selon-saied\\\/204115\\\/\"]}]},{\"@type\":\"ImageObject\",\"inLanguage\":\"fr-FR\",\"@id\":\"https:\\\/\\\/www.webdo.tn\\\/fr\\\/actualite\\\/national\\\/25-juillet-ce-qui-a-ete-realise-est-un-miracle-selon-saied\\\/204115\\\/#primaryimage\",\"url\":\"https:\\\/\\\/www.webdo.tn\\\/fr\\\/wp-content\\\/uploads\\\/2023\\\/03\\\/b83dae9d048cb66310d1d199b78335cb.jpg\",\"contentUrl\":\"https:\\\/\\\/www.webdo.tn\\\/fr\\\/wp-content\\\/uploads\\\/2023\\\/03\\\/b83dae9d048cb66310d1d199b78335cb.jpg\",\"width\":750,\"height\":400,\"caption\":\"Kais Saied\"},{\"@type\":\"BreadcrumbList\",\"@id\":\"https:\\\/\\\/www.webdo.tn\\\/fr\\\/actualite\\\/national\\\/25-juillet-ce-qui-a-ete-realise-est-un-miracle-selon-saied\\\/204115\\\/#breadcrumb\",\"itemListElement\":[{\"@type\":\"ListItem\",\"position\":1,\"name\":\"Accueil\",\"item\":\"https:\\\/\\\/www.webdo.tn\\\/fr\\\/\"},{\"@type\":\"ListItem\",\"position\":2,\"name\":\"25 juillet : Ce qui a \u00e9t\u00e9 r\u00e9alis\u00e9 est un miracle, selon Saied\"}]},{\"@type\":\"WebSite\",\"@id\":\"https:\\\/\\\/www.webdo.tn\\\/fr\\\/#website\",\"url\":\"https:\\\/\\\/www.webdo.tn\\\/fr\\\/\",\"name\":\"webdo\",\"description\":\"Tunisie - News en Tunisie et \u00e0 l&#039;international sur Webdo.tn\",\"publisher\":{\"@id\":\"https:\\\/\\\/www.webdo.tn\\\/fr\\\/#organization\"},\"potentialAction\":[{\"@type\":\"SearchAction\",\"target\":{\"@type\":\"EntryPoint\",\"urlTemplate\":\"https:\\\/\\\/www.webdo.tn\\\/fr\\\/?s={search_term_string}\"},\"query-input\":{\"@type\":\"PropertyValueSpecification\",\"valueRequired\":true,\"valueName\":\"search_term_string\"}}],\"inLanguage\":\"fr-FR\"},{\"@type\":\"Organization\",\"@id\":\"https:\\\/\\\/www.webdo.tn\\\/fr\\\/#organization\",\"name\":\"Webdo\",\"alternateName\":\"Webdo.tn\",\"url\":\"https:\\\/\\\/www.webdo.tn\\\/fr\\\/\",\"logo\":{\"@type\":\"ImageObject\",\"inLanguage\":\"fr-FR\",\"@id\":\"https:\\\/\\\/www.webdo.tn\\\/fr\\\/#\\\/schema\\\/logo\\\/image\\\/\",\"url\":\"https:\\\/\\\/www.webdo.tn\\\/fr\\\/wp-content\\\/uploads\\\/2025\\\/06\\\/Webdo-Tunisie_168377.jpg\",\"contentUrl\":\"https:\\\/\\\/www.webdo.tn\\\/fr\\\/wp-content\\\/uploads\\\/2025\\\/06\\\/Webdo-Tunisie_168377.jpg\",\"width\":301,\"height\":301,\"caption\":\"Webdo\"},\"image\":{\"@id\":\"https:\\\/\\\/www.webdo.tn\\\/fr\\\/#\\\/schema\\\/logo\\\/image\\\/\"},\"sameAs\":[\"https:\\\/\\\/www.facebook.com\\\/webdotn\",\"https:\\\/\\\/x.com\\\/webdo_tn\"],\"description\":\"Webdo est un m\u00e9dia num\u00e9rique tunisien fond\u00e9 en 2010, sp\u00e9cialis\u00e9 dans l\u2019actualit\u00e9 nationale et internationale, l\u2019\u00e9conomie, la soci\u00e9t\u00e9 et les analyses politiques. Le site s\u2019adresse \u00e0 un large public francophone et couvre l\u2019information tunisienne en temps r\u00e9el.\",\"email\":\"redac@webdo.tn\",\"legalName\":\"YNJ SARL\",\"foundingDate\":\"2010-09-06\",\"numberOfEmployees\":{\"@type\":\"QuantitativeValue\",\"minValue\":\"11\",\"maxValue\":\"50\"}},{\"@type\":\"Person\",\"@id\":\"https:\\\/\\\/www.webdo.tn\\\/fr\\\/#\\\/schema\\\/person\\\/f35b42a42c5e2511bbd282959d6385cc\",\"name\":\"CL\",\"image\":{\"@type\":\"ImageObject\",\"inLanguage\":\"fr-FR\",\"@id\":\"https:\\\/\\\/secure.gravatar.com\\\/avatar\\\/1447a49909b67aa657c488aec6512e1dd6143a480c1ecfee9b5b5cd74eb3b59e?s=96&d=mm&r=g\",\"url\":\"https:\\\/\\\/secure.gravatar.com\\\/avatar\\\/1447a49909b67aa657c488aec6512e1dd6143a480c1ecfee9b5b5cd74eb3b59e?s=96&d=mm&r=g\",\"contentUrl\":\"https:\\\/\\\/secure.gravatar.com\\\/avatar\\\/1447a49909b67aa657c488aec6512e1dd6143a480c1ecfee9b5b5cd74eb3b59e?s=96&d=mm&r=g\",\"caption\":\"CL\"},\"url\":\"https:\\\/\\\/www.webdo.tn\\\/fr\\\/actualite\\\/author\\\/cl\\\/\"}]}<\/script>\n<!-- \/ Yoast SEO Premium plugin. -->","yoast_head_json":{"title":"25 juillet : Ce qui a \u00e9t\u00e9 r\u00e9alis\u00e9 est un miracle, selon Saied","description":"Le pr\u00e9sident de la R\u00e9publique, Kais Sa\u00efed, \u00e9tait en visite hier lundi 20 mars \u00e0 Kairouan o\u00f9 il a rencontr\u00e9 un ensemble de responsables et \u00e9lus locaux.","canonical":"https:\/\/www.webdo.tn\/fr\/actualite\/national\/25-juillet-ce-qui-a-ete-realise-est-un-miracle-selon-saied\/204115\/","og_locale":"fr_FR","og_type":"article","og_title":"25 juillet : Ce qui a \u00e9t\u00e9 r\u00e9alis\u00e9 est un miracle, selon Saied","og_description":"Le pr\u00e9sident de la R\u00e9publique, Kais Sa\u00efed, \u00e9tait en visite hier lundi 20 mars \u00e0 Kairouan o\u00f9 il a rencontr\u00e9 un ensemble de responsables et \u00e9lus locaux.","og_url":"https:\/\/www.webdo.tn\/fr\/actualite\/national\/25-juillet-ce-qui-a-ete-realise-est-un-miracle-selon-saied\/204115\/","og_site_name":"webdo","article_publisher":"https:\/\/www.facebook.com\/webdotn","article_published_time":"2023-03-21T08:13:00+00:00","article_modified_time":"2025-05-20T22:44:46+00:00","og_image":[{"width":750,"height":400,"url":"https:\/\/www.webdo.tn\/fr\/wp-content\/uploads\/2023\/03\/b83dae9d048cb66310d1d199b78335cb.jpg","type":"image\/jpeg"}],"author":"CL","twitter_card":"summary_large_image","twitter_creator":"@webdo_tn","twitter_site":"@webdo_tn","twitter_misc":{"\u00c9crit par":"CL","Dur\u00e9e de lecture estim\u00e9e":"1 minute"},"schema":{"@context":"https:\/\/schema.org","@graph":[{"@type":"NewsArticle","@id":"https:\/\/www.webdo.tn\/fr\/actualite\/national\/25-juillet-ce-qui-a-ete-realise-est-un-miracle-selon-saied\/204115\/#article","isPartOf":{"@id":"https:\/\/www.webdo.tn\/fr\/actualite\/national\/25-juillet-ce-qui-a-ete-realise-est-un-miracle-selon-saied\/204115\/"},"author":{"name":"CL","@id":"https:\/\/www.webdo.tn\/fr\/#\/schema\/person\/f35b42a42c5e2511bbd282959d6385cc"},"headline":"25 juillet : Ce qui a \u00e9t\u00e9 r\u00e9alis\u00e9 est un miracle, selon Saied","datePublished":"2023-03-21T08:13:00+00:00","dateModified":"2025-05-20T22:44:46+00:00","mainEntityOfPage":{"@id":"https:\/\/www.webdo.tn\/fr\/actualite\/national\/25-juillet-ce-qui-a-ete-realise-est-un-miracle-selon-saied\/204115\/"},"wordCount":149,"commentCount":0,"publisher":{"@id":"https:\/\/www.webdo.tn\/fr\/#organization"},"image":{"@id":"https:\/\/www.webdo.tn\/fr\/actualite\/national\/25-juillet-ce-qui-a-ete-realise-est-un-miracle-selon-saied\/204115\/#primaryimage"},"thumbnailUrl":"https:\/\/www.webdo.tn\/fr\/wp-content\/uploads\/2023\/03\/b83dae9d048cb66310d1d199b78335cb.jpg","keywords":["Kais Saied","Tunisie"],"articleSection":["National"],"inLanguage":"fr-FR"},{"@type":"WebPage","@id":"https:\/\/www.webdo.tn\/fr\/actualite\/national\/25-juillet-ce-qui-a-ete-realise-est-un-miracle-selon-saied\/204115\/","url":"https:\/\/www.webdo.tn\/fr\/actualite\/national\/25-juillet-ce-qui-a-ete-realise-est-un-miracle-selon-saied\/204115\/","name":"25 juillet : Ce qui a \u00e9t\u00e9 r\u00e9alis\u00e9 est un miracle, selon Saied","isPartOf":{"@id":"https:\/\/www.webdo.tn\/fr\/#website"},"primaryImageOfPage":{"@id":"https:\/\/www.webdo.tn\/fr\/actualite\/national\/25-juillet-ce-qui-a-ete-realise-est-un-miracle-selon-saied\/204115\/#primaryimage"},"image":{"@id":"https:\/\/www.webdo.tn\/fr\/actualite\/national\/25-juillet-ce-qui-a-ete-realise-est-un-miracle-selon-saied\/204115\/#primaryimage"},"thumbnailUrl":"https:\/\/www.webdo.tn\/fr\/wp-content\/uploads\/2023\/03\/b83dae9d048cb66310d1d199b78335cb.jpg","datePublished":"2023-03-21T08:13:00+00:00","dateModified":"2025-05-20T22:44:46+00:00","description":"Le pr\u00e9sident de la R\u00e9publique, Kais Sa\u00efed, \u00e9tait en visite hier lundi 20 mars \u00e0 Kairouan o\u00f9 il a rencontr\u00e9 un ensemble de responsables et \u00e9lus locaux.","breadcrumb":{"@id":"https:\/\/www.webdo.tn\/fr\/actualite\/national\/25-juillet-ce-qui-a-ete-realise-est-un-miracle-selon-saied\/204115\/#breadcrumb"},"inLanguage":"fr-FR","potentialAction":[{"@type":"ReadAction","target":["https:\/\/www.webdo.tn\/fr\/actualite\/national\/25-juillet-ce-qui-a-ete-realise-est-un-miracle-selon-saied\/204115\/"]}]},{"@type":"ImageObject","inLanguage":"fr-FR","@id":"https:\/\/www.webdo.tn\/fr\/actualite\/national\/25-juillet-ce-qui-a-ete-realise-est-un-miracle-selon-saied\/204115\/#primaryimage","url":"https:\/\/www.webdo.tn\/fr\/wp-content\/uploads\/2023\/03\/b83dae9d048cb66310d1d199b78335cb.jpg","contentUrl":"https:\/\/www.webdo.tn\/fr\/wp-content\/uploads\/2023\/03\/b83dae9d048cb66310d1d199b78335cb.jpg","width":750,"height":400,"caption":"Kais Saied"},{"@type":"BreadcrumbList","@id":"https:\/\/www.webdo.tn\/fr\/actualite\/national\/25-juillet-ce-qui-a-ete-realise-est-un-miracle-selon-saied\/204115\/#breadcrumb","itemListElement":[{"@type":"ListItem","position":1,"name":"Accueil","item":"https:\/\/www.webdo.tn\/fr\/"},{"@type":"ListItem","position":2,"name":"25 juillet : Ce qui a \u00e9t\u00e9 r\u00e9alis\u00e9 est un miracle, selon Saied"}]},{"@type":"WebSite","@id":"https:\/\/www.webdo.tn\/fr\/#website","url":"https:\/\/www.webdo.tn\/fr\/","name":"webdo","description":"Tunisie - News en Tunisie et \u00e0 l&#039;international sur Webdo.tn","publisher":{"@id":"https:\/\/www.webdo.tn\/fr\/#organization"},"potentialAction":[{"@type":"SearchAction","target":{"@type":"EntryPoint","urlTemplate":"https:\/\/www.webdo.tn\/fr\/?s={search_term_string}"},"query-input":{"@type":"PropertyValueSpecification","valueRequired":true,"valueName":"search_term_string"}}],"inLanguage":"fr-FR"},{"@type":"Organization","@id":"https:\/\/www.webdo.tn\/fr\/#organization","name":"Webdo","alternateName":"Webdo.tn","url":"https:\/\/www.webdo.tn\/fr\/","logo":{"@type":"ImageObject","inLanguage":"fr-FR","@id":"https:\/\/www.webdo.tn\/fr\/#\/schema\/logo\/image\/","url":"https:\/\/www.webdo.tn\/fr\/wp-content\/uploads\/2025\/06\/Webdo-Tunisie_168377.jpg","contentUrl":"https:\/\/www.webdo.tn\/fr\/wp-content\/uploads\/2025\/06\/Webdo-Tunisie_168377.jpg","width":301,"height":301,"caption":"Webdo"},"image":{"@id":"https:\/\/www.webdo.tn\/fr\/#\/schema\/logo\/image\/"},"sameAs":["https:\/\/www.facebook.com\/webdotn","https:\/\/x.com\/webdo_tn"],"description":"Webdo est un m\u00e9dia num\u00e9rique tunisien fond\u00e9 en 2010, sp\u00e9cialis\u00e9 dans l\u2019actualit\u00e9 nationale et internationale, l\u2019\u00e9conomie, la soci\u00e9t\u00e9 et les analyses politiques. Le site s\u2019adresse \u00e0 un large public francophone et couvre l\u2019information tunisienne en temps r\u00e9el.","email":"redac@webdo.tn","legalName":"YNJ SARL","foundingDate":"2010-09-06","numberOfEmployees":{"@type":"QuantitativeValue","minValue":"11","maxValue":"50"}},{"@type":"Person","@id":"https:\/\/www.webdo.tn\/fr\/#\/schema\/person\/f35b42a42c5e2511bbd282959d6385cc","name":"CL","image":{"@type":"ImageObject","inLanguage":"fr-FR","@id":"https:\/\/secure.gravatar.com\/avatar\/1447a49909b67aa657c488aec6512e1dd6143a480c1ecfee9b5b5cd74eb3b59e?s=96&d=mm&r=g","url":"https:\/\/secure.gravatar.com\/avatar\/1447a49909b67aa657c488aec6512e1dd6143a480c1ecfee9b5b5cd74eb3b59e?s=96&d=mm&r=g","contentUrl":"https:\/\/secure.gravatar.com\/avatar\/1447a49909b67aa657c488aec6512e1dd6143a480c1ecfee9b5b5cd74eb3b59e?s=96&d=mm&r=g","caption":"CL"},"url":"https:\/\/www.webdo.tn\/fr\/actualite\/author\/cl\/"}]}},"_links":{"self":[{"href":"https:\/\/www.webdo.tn\/fr\/wp-json\/wp\/v2\/posts\/204115","targetHints":{"allow":["GET"]}}],"collection":[{"href":"https:\/\/www.webdo.tn\/fr\/wp-json\/wp\/v2\/posts"}],"about":[{"href":"https:\/\/www.webdo.tn\/fr\/wp-json\/wp\/v2\/types\/post"}],"author":[{"embeddable":true,"href":"https:\/\/www.webdo.tn\/fr\/wp-json\/wp\/v2\/users\/3175"}],"replies":[{"embeddable":true,"href":"https:\/\/www.webdo.tn\/fr\/wp-json\/wp\/v2\/comments?post=204115"}],"version-history":[{"count":0,"href":"https:\/\/www.webdo.tn\/fr\/wp-json\/wp\/v2\/posts\/204115\/revisions"}],"wp:featuredmedia":[{"embeddable":true,"href":"https:\/\/www.webdo.tn\/fr\/wp-json\/wp\/v2\/media\/251688"}],"wp:attachment":[{"href":"https:\/\/www.webdo.tn\/fr\/wp-json\/wp\/v2\/media?parent=204115"}],"wp:term":[{"taxonomy":"category","embeddable":true,"href":"https:\/\/www.webdo.tn\/fr\/wp-json\/wp\/v2\/categories?post=204115"},{"taxonomy":"post_tag","embeddable":true,"href":"https:\/\/www.webdo.tn\/fr\/wp-json\/wp\/v2\/tags?post=204115"}],"curies":[{"name":"wp","href":"https:\/\/api.w.org\/{rel}","templated":true}]}}