{"id":204113,"date":"2023-03-20T23:20:00","date_gmt":"2023-03-20T23:20:00","guid":{"rendered":"https:\/\/www.webdo.tn\/fr\/blog\/l-ue-s-inquiete-de-la-deterioration-de-la-situation-politique-et-economique-en-tunisie\/204113\/"},"modified":"2025-05-20T22:01:30","modified_gmt":"2025-05-20T22:01:30","slug":"l-ue-s-inquiete-de-la-deterioration-de-la-situation-politique-et-economique-en-tunisie","status":"publish","type":"post","link":"https:\/\/www.webdo.tn\/fr\/actualite\/national\/l-ue-s-inquiete-de-la-deterioration-de-la-situation-politique-et-economique-en-tunisie\/204113\/","title":{"rendered":"L&rsquo;UE s&rsquo;inqui\u00e8te de la d\u00e9t\u00e9rioration de la situation politique et \u00e9conomique en Tunisie"},"content":{"rendered":"<p>L&rsquo;Union europ\u00e9enne s&rsquo;inqui\u00e8te de la d\u00e9t\u00e9rioration de la situation politique et \u00e9conomique en Tunisie et redoute un effondrement du pays, a d\u00e9clar\u00e9, ce lundi 20 mars 2023 \u00e0 Bruxelles le chef de la diplomatie europ\u00e9enne Josep Borrell.<\/p>\n<p>\t\t\t\t\t\t\t\t\tEn s\u2019exprimant en marge de la r\u00e9union du Conseil des Affaires \u00e9trang\u00e8res de l\u2019UE, dans une d\u00e9claration relay\u00e9e par l\u2019AFP, il a indiqu\u00e9 que \u00ab\u00a0l\u2019UE redoutait un effondrement de la Tunisie et les cons\u00e9quences que cela pourrait avoir sur le vieux continent, en l\u2019occurrence les flux migratoires et une instabilit\u00e9 dans la r\u00e9gion\u00a0\u00bb<\/p>\n<p>La situation jug\u00e9e \u00ab\u00a0tr\u00e8s dangereuse\u00a0\u00bb<\/p>\n<p>\u00ab\u00a0La situation en Tunisie est tr\u00e8s dangereuse\u00a0\u00bb, a-t-il averti. \u00ab\u00a0Si la Tunisie s&rsquo;effondre, cela risque de provoquer des flux migratoires vers l&rsquo;UE et entra\u00eener une instabilit\u00e9 dans la r\u00e9gion MENA. Nous voulons \u00e9viter cette situation\u00a0\u00bb, a-t-il affirm\u00e9.<\/p>\n<p>L&rsquo;Union europ\u00e9enne a charg\u00e9, aujourd\u2019hui, les ministres des Affaires \u00e9trang\u00e8res de la Belgique et du Portugal de se rendre en Tunisie afin de mener \u00ab\u00a0une \u00e9valuation de la situation pour permettre \u00e0 l&rsquo;UE d&rsquo;orienter ses mesures\u00a0\u00bb, a-t-il pr\u00e9cis\u00e9.<\/p>\n<p>\u00ab\u00a0Le pr\u00e9sident Ka\u00efs Sa\u00efed doit signer avec le FMI, sinon\u2026\u00a0\u00bb<\/p>\n<p>\u00ab\u00a0L&rsquo;Union europ\u00e9enne ne peut pas aider un pays incapable de signer un accord avec le Fonds Mon\u00e9taire International\u00a0\u00bb (FMI), a-t-il soutenu. \u00ab\u00a0Le pr\u00e9sident Ka\u00efs Sa\u00efed doit signer avec le FMI et mettre en \u0153uvre l&rsquo;accord, sinon la situation sera tr\u00e8s grave pour la Tunisie\u00a0\u00bb, a-t-il insist\u00e9.<\/p>\n","protected":false},"excerpt":{"rendered":"<p>L&rsquo;UE s&rsquo;inqui\u00e8te de la d\u00e9t\u00e9rioration de la situation politique et \u00e9conomique en Tunisie et redoute un effondrement du pays&#8230;<\/p>\n","protected":false},"author":3162,"featured_media":251689,"comment_status":"open","ping_status":"closed","sticky":false,"template":"","format":"standard","meta":{"footnotes":""},"categories":[44],"tags":[2608,2897,8653],"class_list":["post-204113","post","type-post","status-publish","format-standard","has-post-thumbnail","hentry","category-national","tag-tunisie","tag-ue","tag-union-euroepenne"],"yoast_head":"<!-- This site is optimized with the Yoast SEO Premium plugin v27.4 (Yoast SEO v27.4) - https:\/\/yoast.com\/product\/yoast-seo-premium-wordpress\/ -->\n<title>L&#039;UE s&#039;inqui\u00e8te de la d\u00e9t\u00e9rioration de la situation politique et \u00e9conomique en Tunisie<\/title>\n<meta name=\"description\" content=\"L&#039;UE s&#039;inqui\u00e8te de la d\u00e9t\u00e9rioration de la situation politique et \u00e9conomique en Tunisie et redoute un effondrement du pays...\" \/>\n<link rel=\"canonical\" href=\"https:\/\/www.webdo.tn\/fr\/actualite\/national\/l-ue-s-inquiete-de-la-deterioration-de-la-situation-politique-et-economique-en-tunisie\/204113\/\" \/>\n<meta property=\"og:locale\" content=\"fr_FR\" \/>\n<meta property=\"og:type\" content=\"article\" \/>\n<meta property=\"og:title\" content=\"L&#039;UE s&#039;inqui\u00e8te de la d\u00e9t\u00e9rioration de la situation politique et \u00e9conomique en Tunisie\" \/>\n<meta property=\"og:description\" content=\"L&#039;UE s&#039;inqui\u00e8te de la d\u00e9t\u00e9rioration de la situation politique et \u00e9conomique en Tunisie et redoute un effondrement du pays...\" \/>\n<meta property=\"og:url\" content=\"https:\/\/www.webdo.tn\/fr\/actualite\/national\/l-ue-s-inquiete-de-la-deterioration-de-la-situation-politique-et-economique-en-tunisie\/204113\/\" \/>\n<meta property=\"og:site_name\" content=\"webdo\" \/>\n<meta property=\"article:publisher\" content=\"https:\/\/www.facebook.com\/webdotn\" \/>\n<meta property=\"article:published_time\" content=\"2023-03-20T23:20:00+00:00\" \/>\n<meta property=\"article:modified_time\" content=\"2025-05-20T22:01:30+00:00\" \/>\n<meta property=\"og:image\" content=\"https:\/\/www.webdo.tn\/fr\/wp-content\/uploads\/2023\/03\/a56da85e34564942f4b53cd0945f506c.jpg\" \/>\n\t<meta property=\"og:image:width\" content=\"750\" \/>\n\t<meta property=\"og:image:height\" content=\"400\" \/>\n\t<meta property=\"og:image:type\" content=\"image\/jpeg\" \/>\n<meta name=\"author\" content=\"MC\" \/>\n<meta name=\"twitter:card\" content=\"summary_large_image\" \/>\n<meta name=\"twitter:creator\" content=\"@webdo_tn\" \/>\n<meta name=\"twitter:site\" content=\"@webdo_tn\" \/>\n<meta name=\"twitter:label1\" content=\"\u00c9crit par\" \/>\n\t<meta name=\"twitter:data1\" content=\"MC\" \/>\n\t<meta name=\"twitter:label2\" content=\"Dur\u00e9e de lecture estim\u00e9e\" \/>\n\t<meta name=\"twitter:data2\" content=\"1 minute\" \/>\n<script type=\"application\/ld+json\" class=\"yoast-schema-graph\">{\"@context\":\"https:\\\/\\\/schema.org\",\"@graph\":[{\"@type\":\"NewsArticle\",\"@id\":\"https:\\\/\\\/www.webdo.tn\\\/fr\\\/actualite\\\/national\\\/l-ue-s-inquiete-de-la-deterioration-de-la-situation-politique-et-economique-en-tunisie\\\/204113\\\/#article\",\"isPartOf\":{\"@id\":\"https:\\\/\\\/www.webdo.tn\\\/fr\\\/actualite\\\/national\\\/l-ue-s-inquiete-de-la-deterioration-de-la-situation-politique-et-economique-en-tunisie\\\/204113\\\/\"},\"author\":{\"name\":\"MC\",\"@id\":\"https:\\\/\\\/www.webdo.tn\\\/fr\\\/#\\\/schema\\\/person\\\/2c4929cbf5a809e3bd38617c6ce150f6\"},\"headline\":\"L&rsquo;UE s&rsquo;inqui\u00e8te de la d\u00e9t\u00e9rioration de la situation politique et \u00e9conomique en Tunisie\",\"datePublished\":\"2023-03-20T23:20:00+00:00\",\"dateModified\":\"2025-05-20T22:01:30+00:00\",\"mainEntityOfPage\":{\"@id\":\"https:\\\/\\\/www.webdo.tn\\\/fr\\\/actualite\\\/national\\\/l-ue-s-inquiete-de-la-deterioration-de-la-situation-politique-et-economique-en-tunisie\\\/204113\\\/\"},\"wordCount\":284,\"commentCount\":0,\"publisher\":{\"@id\":\"https:\\\/\\\/www.webdo.tn\\\/fr\\\/#organization\"},\"image\":{\"@id\":\"https:\\\/\\\/www.webdo.tn\\\/fr\\\/actualite\\\/national\\\/l-ue-s-inquiete-de-la-deterioration-de-la-situation-politique-et-economique-en-tunisie\\\/204113\\\/#primaryimage\"},\"thumbnailUrl\":\"https:\\\/\\\/www.webdo.tn\\\/fr\\\/wp-content\\\/uploads\\\/2023\\\/03\\\/a56da85e34564942f4b53cd0945f506c.jpg\",\"keywords\":[\"Tunisie\",\"UE\",\"union euro\u00e9penne\"],\"articleSection\":[\"National\"],\"inLanguage\":\"fr-FR\"},{\"@type\":\"WebPage\",\"@id\":\"https:\\\/\\\/www.webdo.tn\\\/fr\\\/actualite\\\/national\\\/l-ue-s-inquiete-de-la-deterioration-de-la-situation-politique-et-economique-en-tunisie\\\/204113\\\/\",\"url\":\"https:\\\/\\\/www.webdo.tn\\\/fr\\\/actualite\\\/national\\\/l-ue-s-inquiete-de-la-deterioration-de-la-situation-politique-et-economique-en-tunisie\\\/204113\\\/\",\"name\":\"L'UE s'inqui\u00e8te de la d\u00e9t\u00e9rioration de la situation politique et \u00e9conomique en Tunisie\",\"isPartOf\":{\"@id\":\"https:\\\/\\\/www.webdo.tn\\\/fr\\\/#website\"},\"primaryImageOfPage\":{\"@id\":\"https:\\\/\\\/www.webdo.tn\\\/fr\\\/actualite\\\/national\\\/l-ue-s-inquiete-de-la-deterioration-de-la-situation-politique-et-economique-en-tunisie\\\/204113\\\/#primaryimage\"},\"image\":{\"@id\":\"https:\\\/\\\/www.webdo.tn\\\/fr\\\/actualite\\\/national\\\/l-ue-s-inquiete-de-la-deterioration-de-la-situation-politique-et-economique-en-tunisie\\\/204113\\\/#primaryimage\"},\"thumbnailUrl\":\"https:\\\/\\\/www.webdo.tn\\\/fr\\\/wp-content\\\/uploads\\\/2023\\\/03\\\/a56da85e34564942f4b53cd0945f506c.jpg\",\"datePublished\":\"2023-03-20T23:20:00+00:00\",\"dateModified\":\"2025-05-20T22:01:30+00:00\",\"description\":\"L'UE s'inqui\u00e8te de la d\u00e9t\u00e9rioration de la situation politique et \u00e9conomique en Tunisie et redoute un effondrement du pays...\",\"breadcrumb\":{\"@id\":\"https:\\\/\\\/www.webdo.tn\\\/fr\\\/actualite\\\/national\\\/l-ue-s-inquiete-de-la-deterioration-de-la-situation-politique-et-economique-en-tunisie\\\/204113\\\/#breadcrumb\"},\"inLanguage\":\"fr-FR\",\"potentialAction\":[{\"@type\":\"ReadAction\",\"target\":[\"https:\\\/\\\/www.webdo.tn\\\/fr\\\/actualite\\\/national\\\/l-ue-s-inquiete-de-la-deterioration-de-la-situation-politique-et-economique-en-tunisie\\\/204113\\\/\"]}]},{\"@type\":\"ImageObject\",\"inLanguage\":\"fr-FR\",\"@id\":\"https:\\\/\\\/www.webdo.tn\\\/fr\\\/actualite\\\/national\\\/l-ue-s-inquiete-de-la-deterioration-de-la-situation-politique-et-economique-en-tunisie\\\/204113\\\/#primaryimage\",\"url\":\"https:\\\/\\\/www.webdo.tn\\\/fr\\\/wp-content\\\/uploads\\\/2023\\\/03\\\/a56da85e34564942f4b53cd0945f506c.jpg\",\"contentUrl\":\"https:\\\/\\\/www.webdo.tn\\\/fr\\\/wp-content\\\/uploads\\\/2023\\\/03\\\/a56da85e34564942f4b53cd0945f506c.jpg\",\"width\":750,\"height\":400,\"caption\":\"L'UE s'inqui\u00e8te de la d\u00e9t\u00e9rioration de la situation politique et \u00e9conomique en Tunisie\"},{\"@type\":\"BreadcrumbList\",\"@id\":\"https:\\\/\\\/www.webdo.tn\\\/fr\\\/actualite\\\/national\\\/l-ue-s-inquiete-de-la-deterioration-de-la-situation-politique-et-economique-en-tunisie\\\/204113\\\/#breadcrumb\",\"itemListElement\":[{\"@type\":\"ListItem\",\"position\":1,\"name\":\"Accueil\",\"item\":\"https:\\\/\\\/www.webdo.tn\\\/fr\\\/\"},{\"@type\":\"ListItem\",\"position\":2,\"name\":\"L&#8217;UE s&#8217;inqui\u00e8te de la d\u00e9t\u00e9rioration de la situation politique et \u00e9conomique en Tunisie\"}]},{\"@type\":\"WebSite\",\"@id\":\"https:\\\/\\\/www.webdo.tn\\\/fr\\\/#website\",\"url\":\"https:\\\/\\\/www.webdo.tn\\\/fr\\\/\",\"name\":\"webdo\",\"description\":\"Tunisie - News en Tunisie et \u00e0 l&#039;international sur Webdo.tn\",\"publisher\":{\"@id\":\"https:\\\/\\\/www.webdo.tn\\\/fr\\\/#organization\"},\"potentialAction\":[{\"@type\":\"SearchAction\",\"target\":{\"@type\":\"EntryPoint\",\"urlTemplate\":\"https:\\\/\\\/www.webdo.tn\\\/fr\\\/?s={search_term_string}\"},\"query-input\":{\"@type\":\"PropertyValueSpecification\",\"valueRequired\":true,\"valueName\":\"search_term_string\"}}],\"inLanguage\":\"fr-FR\"},{\"@type\":\"Organization\",\"@id\":\"https:\\\/\\\/www.webdo.tn\\\/fr\\\/#organization\",\"name\":\"Webdo\",\"alternateName\":\"Webdo.tn\",\"url\":\"https:\\\/\\\/www.webdo.tn\\\/fr\\\/\",\"logo\":{\"@type\":\"ImageObject\",\"inLanguage\":\"fr-FR\",\"@id\":\"https:\\\/\\\/www.webdo.tn\\\/fr\\\/#\\\/schema\\\/logo\\\/image\\\/\",\"url\":\"https:\\\/\\\/www.webdo.tn\\\/fr\\\/wp-content\\\/uploads\\\/2025\\\/06\\\/Webdo-Tunisie_168377.jpg\",\"contentUrl\":\"https:\\\/\\\/www.webdo.tn\\\/fr\\\/wp-content\\\/uploads\\\/2025\\\/06\\\/Webdo-Tunisie_168377.jpg\",\"width\":301,\"height\":301,\"caption\":\"Webdo\"},\"image\":{\"@id\":\"https:\\\/\\\/www.webdo.tn\\\/fr\\\/#\\\/schema\\\/logo\\\/image\\\/\"},\"sameAs\":[\"https:\\\/\\\/www.facebook.com\\\/webdotn\",\"https:\\\/\\\/x.com\\\/webdo_tn\"],\"description\":\"Webdo est un m\u00e9dia num\u00e9rique tunisien fond\u00e9 en 2010, sp\u00e9cialis\u00e9 dans l\u2019actualit\u00e9 nationale et internationale, l\u2019\u00e9conomie, la soci\u00e9t\u00e9 et les analyses politiques. Le site s\u2019adresse \u00e0 un large public francophone et couvre l\u2019information tunisienne en temps r\u00e9el.\",\"email\":\"redac@webdo.tn\",\"legalName\":\"YNJ SARL\",\"foundingDate\":\"2010-09-06\",\"numberOfEmployees\":{\"@type\":\"QuantitativeValue\",\"minValue\":\"11\",\"maxValue\":\"50\"}},{\"@type\":\"Person\",\"@id\":\"https:\\\/\\\/www.webdo.tn\\\/fr\\\/#\\\/schema\\\/person\\\/2c4929cbf5a809e3bd38617c6ce150f6\",\"name\":\"MC\",\"image\":{\"@type\":\"ImageObject\",\"inLanguage\":\"fr-FR\",\"@id\":\"https:\\\/\\\/secure.gravatar.com\\\/avatar\\\/a545bbb6f84efdd5553dbbc2895e3ca8f1d12c5215e00a041c9670b54aa9b18a?s=96&d=mm&r=g\",\"url\":\"https:\\\/\\\/secure.gravatar.com\\\/avatar\\\/a545bbb6f84efdd5553dbbc2895e3ca8f1d12c5215e00a041c9670b54aa9b18a?s=96&d=mm&r=g\",\"contentUrl\":\"https:\\\/\\\/secure.gravatar.com\\\/avatar\\\/a545bbb6f84efdd5553dbbc2895e3ca8f1d12c5215e00a041c9670b54aa9b18a?s=96&d=mm&r=g\",\"caption\":\"MC\"},\"url\":\"https:\\\/\\\/www.webdo.tn\\\/fr\\\/actualite\\\/author\\\/mc\\\/\"}]}<\/script>\n<!-- \/ Yoast SEO Premium plugin. -->","yoast_head_json":{"title":"L'UE s'inqui\u00e8te de la d\u00e9t\u00e9rioration de la situation politique et \u00e9conomique en Tunisie","description":"L'UE s'inqui\u00e8te de la d\u00e9t\u00e9rioration de la situation politique et \u00e9conomique en Tunisie et redoute un effondrement du pays...","canonical":"https:\/\/www.webdo.tn\/fr\/actualite\/national\/l-ue-s-inquiete-de-la-deterioration-de-la-situation-politique-et-economique-en-tunisie\/204113\/","og_locale":"fr_FR","og_type":"article","og_title":"L'UE s'inqui\u00e8te de la d\u00e9t\u00e9rioration de la situation politique et \u00e9conomique en Tunisie","og_description":"L'UE s'inqui\u00e8te de la d\u00e9t\u00e9rioration de la situation politique et \u00e9conomique en Tunisie et redoute un effondrement du pays...","og_url":"https:\/\/www.webdo.tn\/fr\/actualite\/national\/l-ue-s-inquiete-de-la-deterioration-de-la-situation-politique-et-economique-en-tunisie\/204113\/","og_site_name":"webdo","article_publisher":"https:\/\/www.facebook.com\/webdotn","article_published_time":"2023-03-20T23:20:00+00:00","article_modified_time":"2025-05-20T22:01:30+00:00","og_image":[{"width":750,"height":400,"url":"https:\/\/www.webdo.tn\/fr\/wp-content\/uploads\/2023\/03\/a56da85e34564942f4b53cd0945f506c.jpg","type":"image\/jpeg"}],"author":"MC","twitter_card":"summary_large_image","twitter_creator":"@webdo_tn","twitter_site":"@webdo_tn","twitter_misc":{"\u00c9crit par":"MC","Dur\u00e9e de lecture estim\u00e9e":"1 minute"},"schema":{"@context":"https:\/\/schema.org","@graph":[{"@type":"NewsArticle","@id":"https:\/\/www.webdo.tn\/fr\/actualite\/national\/l-ue-s-inquiete-de-la-deterioration-de-la-situation-politique-et-economique-en-tunisie\/204113\/#article","isPartOf":{"@id":"https:\/\/www.webdo.tn\/fr\/actualite\/national\/l-ue-s-inquiete-de-la-deterioration-de-la-situation-politique-et-economique-en-tunisie\/204113\/"},"author":{"name":"MC","@id":"https:\/\/www.webdo.tn\/fr\/#\/schema\/person\/2c4929cbf5a809e3bd38617c6ce150f6"},"headline":"L&rsquo;UE s&rsquo;inqui\u00e8te de la d\u00e9t\u00e9rioration de la situation politique et \u00e9conomique en Tunisie","datePublished":"2023-03-20T23:20:00+00:00","dateModified":"2025-05-20T22:01:30+00:00","mainEntityOfPage":{"@id":"https:\/\/www.webdo.tn\/fr\/actualite\/national\/l-ue-s-inquiete-de-la-deterioration-de-la-situation-politique-et-economique-en-tunisie\/204113\/"},"wordCount":284,"commentCount":0,"publisher":{"@id":"https:\/\/www.webdo.tn\/fr\/#organization"},"image":{"@id":"https:\/\/www.webdo.tn\/fr\/actualite\/national\/l-ue-s-inquiete-de-la-deterioration-de-la-situation-politique-et-economique-en-tunisie\/204113\/#primaryimage"},"thumbnailUrl":"https:\/\/www.webdo.tn\/fr\/wp-content\/uploads\/2023\/03\/a56da85e34564942f4b53cd0945f506c.jpg","keywords":["Tunisie","UE","union euro\u00e9penne"],"articleSection":["National"],"inLanguage":"fr-FR"},{"@type":"WebPage","@id":"https:\/\/www.webdo.tn\/fr\/actualite\/national\/l-ue-s-inquiete-de-la-deterioration-de-la-situation-politique-et-economique-en-tunisie\/204113\/","url":"https:\/\/www.webdo.tn\/fr\/actualite\/national\/l-ue-s-inquiete-de-la-deterioration-de-la-situation-politique-et-economique-en-tunisie\/204113\/","name":"L'UE s'inqui\u00e8te de la d\u00e9t\u00e9rioration de la situation politique et \u00e9conomique en Tunisie","isPartOf":{"@id":"https:\/\/www.webdo.tn\/fr\/#website"},"primaryImageOfPage":{"@id":"https:\/\/www.webdo.tn\/fr\/actualite\/national\/l-ue-s-inquiete-de-la-deterioration-de-la-situation-politique-et-economique-en-tunisie\/204113\/#primaryimage"},"image":{"@id":"https:\/\/www.webdo.tn\/fr\/actualite\/national\/l-ue-s-inquiete-de-la-deterioration-de-la-situation-politique-et-economique-en-tunisie\/204113\/#primaryimage"},"thumbnailUrl":"https:\/\/www.webdo.tn\/fr\/wp-content\/uploads\/2023\/03\/a56da85e34564942f4b53cd0945f506c.jpg","datePublished":"2023-03-20T23:20:00+00:00","dateModified":"2025-05-20T22:01:30+00:00","description":"L'UE s'inqui\u00e8te de la d\u00e9t\u00e9rioration de la situation politique et \u00e9conomique en Tunisie et redoute un effondrement du pays...","breadcrumb":{"@id":"https:\/\/www.webdo.tn\/fr\/actualite\/national\/l-ue-s-inquiete-de-la-deterioration-de-la-situation-politique-et-economique-en-tunisie\/204113\/#breadcrumb"},"inLanguage":"fr-FR","potentialAction":[{"@type":"ReadAction","target":["https:\/\/www.webdo.tn\/fr\/actualite\/national\/l-ue-s-inquiete-de-la-deterioration-de-la-situation-politique-et-economique-en-tunisie\/204113\/"]}]},{"@type":"ImageObject","inLanguage":"fr-FR","@id":"https:\/\/www.webdo.tn\/fr\/actualite\/national\/l-ue-s-inquiete-de-la-deterioration-de-la-situation-politique-et-economique-en-tunisie\/204113\/#primaryimage","url":"https:\/\/www.webdo.tn\/fr\/wp-content\/uploads\/2023\/03\/a56da85e34564942f4b53cd0945f506c.jpg","contentUrl":"https:\/\/www.webdo.tn\/fr\/wp-content\/uploads\/2023\/03\/a56da85e34564942f4b53cd0945f506c.jpg","width":750,"height":400,"caption":"L'UE s'inqui\u00e8te de la d\u00e9t\u00e9rioration de la situation politique et \u00e9conomique en Tunisie"},{"@type":"BreadcrumbList","@id":"https:\/\/www.webdo.tn\/fr\/actualite\/national\/l-ue-s-inquiete-de-la-deterioration-de-la-situation-politique-et-economique-en-tunisie\/204113\/#breadcrumb","itemListElement":[{"@type":"ListItem","position":1,"name":"Accueil","item":"https:\/\/www.webdo.tn\/fr\/"},{"@type":"ListItem","position":2,"name":"L&#8217;UE s&#8217;inqui\u00e8te de la d\u00e9t\u00e9rioration de la situation politique et \u00e9conomique en Tunisie"}]},{"@type":"WebSite","@id":"https:\/\/www.webdo.tn\/fr\/#website","url":"https:\/\/www.webdo.tn\/fr\/","name":"webdo","description":"Tunisie - News en Tunisie et \u00e0 l&#039;international sur Webdo.tn","publisher":{"@id":"https:\/\/www.webdo.tn\/fr\/#organization"},"potentialAction":[{"@type":"SearchAction","target":{"@type":"EntryPoint","urlTemplate":"https:\/\/www.webdo.tn\/fr\/?s={search_term_string}"},"query-input":{"@type":"PropertyValueSpecification","valueRequired":true,"valueName":"search_term_string"}}],"inLanguage":"fr-FR"},{"@type":"Organization","@id":"https:\/\/www.webdo.tn\/fr\/#organization","name":"Webdo","alternateName":"Webdo.tn","url":"https:\/\/www.webdo.tn\/fr\/","logo":{"@type":"ImageObject","inLanguage":"fr-FR","@id":"https:\/\/www.webdo.tn\/fr\/#\/schema\/logo\/image\/","url":"https:\/\/www.webdo.tn\/fr\/wp-content\/uploads\/2025\/06\/Webdo-Tunisie_168377.jpg","contentUrl":"https:\/\/www.webdo.tn\/fr\/wp-content\/uploads\/2025\/06\/Webdo-Tunisie_168377.jpg","width":301,"height":301,"caption":"Webdo"},"image":{"@id":"https:\/\/www.webdo.tn\/fr\/#\/schema\/logo\/image\/"},"sameAs":["https:\/\/www.facebook.com\/webdotn","https:\/\/x.com\/webdo_tn"],"description":"Webdo est un m\u00e9dia num\u00e9rique tunisien fond\u00e9 en 2010, sp\u00e9cialis\u00e9 dans l\u2019actualit\u00e9 nationale et internationale, l\u2019\u00e9conomie, la soci\u00e9t\u00e9 et les analyses politiques. Le site s\u2019adresse \u00e0 un large public francophone et couvre l\u2019information tunisienne en temps r\u00e9el.","email":"redac@webdo.tn","legalName":"YNJ SARL","foundingDate":"2010-09-06","numberOfEmployees":{"@type":"QuantitativeValue","minValue":"11","maxValue":"50"}},{"@type":"Person","@id":"https:\/\/www.webdo.tn\/fr\/#\/schema\/person\/2c4929cbf5a809e3bd38617c6ce150f6","name":"MC","image":{"@type":"ImageObject","inLanguage":"fr-FR","@id":"https:\/\/secure.gravatar.com\/avatar\/a545bbb6f84efdd5553dbbc2895e3ca8f1d12c5215e00a041c9670b54aa9b18a?s=96&d=mm&r=g","url":"https:\/\/secure.gravatar.com\/avatar\/a545bbb6f84efdd5553dbbc2895e3ca8f1d12c5215e00a041c9670b54aa9b18a?s=96&d=mm&r=g","contentUrl":"https:\/\/secure.gravatar.com\/avatar\/a545bbb6f84efdd5553dbbc2895e3ca8f1d12c5215e00a041c9670b54aa9b18a?s=96&d=mm&r=g","caption":"MC"},"url":"https:\/\/www.webdo.tn\/fr\/actualite\/author\/mc\/"}]}},"_links":{"self":[{"href":"https:\/\/www.webdo.tn\/fr\/wp-json\/wp\/v2\/posts\/204113","targetHints":{"allow":["GET"]}}],"collection":[{"href":"https:\/\/www.webdo.tn\/fr\/wp-json\/wp\/v2\/posts"}],"about":[{"href":"https:\/\/www.webdo.tn\/fr\/wp-json\/wp\/v2\/types\/post"}],"author":[{"embeddable":true,"href":"https:\/\/www.webdo.tn\/fr\/wp-json\/wp\/v2\/users\/3162"}],"replies":[{"embeddable":true,"href":"https:\/\/www.webdo.tn\/fr\/wp-json\/wp\/v2\/comments?post=204113"}],"version-history":[{"count":0,"href":"https:\/\/www.webdo.tn\/fr\/wp-json\/wp\/v2\/posts\/204113\/revisions"}],"wp:featuredmedia":[{"embeddable":true,"href":"https:\/\/www.webdo.tn\/fr\/wp-json\/wp\/v2\/media\/251689"}],"wp:attachment":[{"href":"https:\/\/www.webdo.tn\/fr\/wp-json\/wp\/v2\/media?parent=204113"}],"wp:term":[{"taxonomy":"category","embeddable":true,"href":"https:\/\/www.webdo.tn\/fr\/wp-json\/wp\/v2\/categories?post=204113"},{"taxonomy":"post_tag","embeddable":true,"href":"https:\/\/www.webdo.tn\/fr\/wp-json\/wp\/v2\/tags?post=204113"}],"curies":[{"name":"wp","href":"https:\/\/api.w.org\/{rel}","templated":true}]}}