{"id":204111,"date":"2023-03-20T22:32:00","date_gmt":"2023-03-20T22:32:00","guid":{"rendered":"https:\/\/www.webdo.tn\/fr\/blog\/grand-tunis-la-premiere-tranche-de-la-ligne-e-du-rfr-inauguree\/204111\/"},"modified":"2025-05-20T22:01:29","modified_gmt":"2025-05-20T22:01:29","slug":"grand-tunis-la-premiere-tranche-de-la-ligne-e-du-rfr-inauguree","status":"publish","type":"post","link":"https:\/\/www.webdo.tn\/fr\/actualite\/national\/grand-tunis-la-premiere-tranche-de-la-ligne-e-du-rfr-inauguree\/204111\/","title":{"rendered":"Grand Tunis : La premi\u00e8re tranche de la ligne E du RFR inaugur\u00e9e"},"content":{"rendered":"<p>La premi\u00e8re tranche de la ligne E du RFR du Grand Tunis a \u00e9t\u00e9 inaugur\u00e9e, aujourd&rsquo;hui, \u00e0 la station de Bougatfa (Sidi Hassine Sijoumi) par le ministre du Transport.<\/p>\n<p>\t\t\t\t\t\t\t\t\tCette premi\u00e8re tranche prend son d\u00e9part depuis la gare de Tunis (gare de Barcelone) jusqu&rsquo;\u00e0 la station de Bougatfa pour un trajet de 9 km compos\u00e9 de 6 stations \u00e0 savoir \u00ab\u00a0Saida Manoubia\u00a0\u00bb \u00ab\u00a0Annajah\u00a0\u00bb, \u00ab\u00a0Etayaran\u00a0\u00bb, \u00ab\u00a0Ezzouhour\u00a0\u00bb, \u00ab\u00a0Hrairia\u00a0\u00bb et \u00ab\u00a0Bougatfa\u00a0\u00bb.<\/p>\n<p>Au total, 28 trains d\u2019une capacit\u00e9 de 2408 passagers, ont \u00e9t\u00e9 acquis pour servir les lignes RFR. Ils permettront de faire la desserte Tunis-Bougatfa en 12 minutes, avec une fr\u00e9quence d\u2019un train toutes les 7 minutes.<\/p>\n<p>Selon le ministre du Transport, Rabii Majidi, qui a inaugur\u00e9 cette premi\u00e8re tranche \u00ab\u00a0la ligne E s\u2019\u00e9tale dans sa totalit\u00e9 sur 13,4 km et les travaux de sa deuxi\u00e8me tranche reliant la station de Bougatfa \u00e0 Essijoumi (sud-ouest de la ville de Tunis) devraient \u00eatre entam\u00e9s apr\u00e8s la finalisation des proc\u00e9dures d\u2019expropriation fonci\u00e8re et l\u2019actualisation des \u00e9tudes relatives \u00e0 cette deuxi\u00e8me tranche\u00a0\u00bb.<\/p>\n<p>Le pojet RFR consiste, dans sa premi\u00e8re partie, en la r\u00e9alisation des deux lignes E et D d&rsquo;un co\u00fbt global de 1217 millions de dinars sachant que la ligne D devrait relier la Gare de Tunis \u00e0 la r\u00e9gion de Gobaa (gouvernorat de la Manouba).<\/p>\n<p>Les travaux des autres lignes du r\u00e9seau RFR : Ligne C (Tunis-Mhamdia, 19,5 km) \/ Ligne C+F (Tunis PV &#8211; Bourgel &#8211; Ariana Nord, 10,5 km) seront r\u00e9alis\u00e9s une fois, achev\u00e9s ceux de la ligne D qui ont atteint un taux d\u2019avancement de 82%.<\/p>\n","protected":false},"excerpt":{"rendered":"<p>La premi\u00e8re tranche de la ligne E du RFR du Grand Tunis a \u00e9t\u00e9 inaugur\u00e9e, aujourd&rsquo;hui.<\/p>\n","protected":false},"author":3162,"featured_media":251685,"comment_status":"open","ping_status":"closed","sticky":false,"template":"","format":"standard","meta":{"footnotes":""},"categories":[44],"tags":[2899,8652,3285],"class_list":["post-204111","post","type-post","status-publish","format-standard","has-post-thumbnail","hentry","category-national","tag-grand-tunis","tag-reseau-ferroviaire-rapide","tag-rfr"],"yoast_head":"<!-- This site is optimized with the Yoast SEO Premium plugin v27.4 (Yoast SEO v27.5) - https:\/\/yoast.com\/product\/yoast-seo-premium-wordpress\/ -->\n<title>Grand Tunis : La premi\u00e8re tranche de la ligne E du RFR inaugur\u00e9e<\/title>\n<meta name=\"description\" content=\"La premi\u00e8re tranche de la ligne E du RFR du Grand Tunis a \u00e9t\u00e9 inaugur\u00e9e, aujourd&#039;hui.\" \/>\n<link rel=\"canonical\" href=\"https:\/\/www.webdo.tn\/fr\/actualite\/national\/grand-tunis-la-premiere-tranche-de-la-ligne-e-du-rfr-inauguree\/204111\/\" \/>\n<meta property=\"og:locale\" content=\"fr_FR\" \/>\n<meta property=\"og:type\" content=\"article\" \/>\n<meta property=\"og:title\" content=\"Grand Tunis : La premi\u00e8re tranche de la ligne E du RFR inaugur\u00e9e\" \/>\n<meta property=\"og:description\" content=\"La premi\u00e8re tranche de la ligne E du RFR du Grand Tunis a \u00e9t\u00e9 inaugur\u00e9e, aujourd&#039;hui.\" \/>\n<meta property=\"og:url\" content=\"https:\/\/www.webdo.tn\/fr\/actualite\/national\/grand-tunis-la-premiere-tranche-de-la-ligne-e-du-rfr-inauguree\/204111\/\" \/>\n<meta property=\"og:site_name\" content=\"webdo\" \/>\n<meta property=\"article:publisher\" content=\"https:\/\/www.facebook.com\/webdotn\" \/>\n<meta property=\"article:published_time\" content=\"2023-03-20T22:32:00+00:00\" \/>\n<meta property=\"article:modified_time\" content=\"2025-05-20T22:01:29+00:00\" \/>\n<meta property=\"og:image\" content=\"https:\/\/www.webdo.tn\/fr\/wp-content\/uploads\/2023\/03\/f981b24cd905483c8c434842f8647b45.jpeg\" \/>\n\t<meta property=\"og:image:width\" content=\"650\" \/>\n\t<meta property=\"og:image:height\" content=\"347\" \/>\n\t<meta property=\"og:image:type\" content=\"image\/jpeg\" \/>\n<meta name=\"author\" content=\"MC\" \/>\n<meta name=\"twitter:card\" content=\"summary_large_image\" \/>\n<meta name=\"twitter:creator\" content=\"@webdo_tn\" \/>\n<meta name=\"twitter:site\" content=\"@webdo_tn\" \/>\n<meta name=\"twitter:label1\" content=\"\u00c9crit par\" \/>\n\t<meta name=\"twitter:data1\" content=\"MC\" \/>\n\t<meta name=\"twitter:label2\" content=\"Dur\u00e9e de lecture estim\u00e9e\" \/>\n\t<meta name=\"twitter:data2\" content=\"1 minute\" \/>\n<script type=\"application\/ld+json\" class=\"yoast-schema-graph\">{\"@context\":\"https:\\\/\\\/schema.org\",\"@graph\":[{\"@type\":\"NewsArticle\",\"@id\":\"https:\\\/\\\/www.webdo.tn\\\/fr\\\/actualite\\\/national\\\/grand-tunis-la-premiere-tranche-de-la-ligne-e-du-rfr-inauguree\\\/204111\\\/#article\",\"isPartOf\":{\"@id\":\"https:\\\/\\\/www.webdo.tn\\\/fr\\\/actualite\\\/national\\\/grand-tunis-la-premiere-tranche-de-la-ligne-e-du-rfr-inauguree\\\/204111\\\/\"},\"author\":{\"name\":\"MC\",\"@id\":\"https:\\\/\\\/www.webdo.tn\\\/fr\\\/#\\\/schema\\\/person\\\/2c4929cbf5a809e3bd38617c6ce150f6\"},\"headline\":\"Grand Tunis : La premi\u00e8re tranche de la ligne E du RFR inaugur\u00e9e\",\"datePublished\":\"2023-03-20T22:32:00+00:00\",\"dateModified\":\"2025-05-20T22:01:29+00:00\",\"mainEntityOfPage\":{\"@id\":\"https:\\\/\\\/www.webdo.tn\\\/fr\\\/actualite\\\/national\\\/grand-tunis-la-premiere-tranche-de-la-ligne-e-du-rfr-inauguree\\\/204111\\\/\"},\"wordCount\":280,\"commentCount\":0,\"publisher\":{\"@id\":\"https:\\\/\\\/www.webdo.tn\\\/fr\\\/#organization\"},\"image\":{\"@id\":\"https:\\\/\\\/www.webdo.tn\\\/fr\\\/actualite\\\/national\\\/grand-tunis-la-premiere-tranche-de-la-ligne-e-du-rfr-inauguree\\\/204111\\\/#primaryimage\"},\"thumbnailUrl\":\"https:\\\/\\\/www.webdo.tn\\\/fr\\\/wp-content\\\/uploads\\\/2023\\\/03\\\/f981b24cd905483c8c434842f8647b45.jpeg\",\"keywords\":[\"grand-tunis\",\"r\u00e9seau ferroviaire rapide\",\"RFR\"],\"articleSection\":[\"National\"],\"inLanguage\":\"fr-FR\"},{\"@type\":\"WebPage\",\"@id\":\"https:\\\/\\\/www.webdo.tn\\\/fr\\\/actualite\\\/national\\\/grand-tunis-la-premiere-tranche-de-la-ligne-e-du-rfr-inauguree\\\/204111\\\/\",\"url\":\"https:\\\/\\\/www.webdo.tn\\\/fr\\\/actualite\\\/national\\\/grand-tunis-la-premiere-tranche-de-la-ligne-e-du-rfr-inauguree\\\/204111\\\/\",\"name\":\"Grand Tunis : La premi\u00e8re tranche de la ligne E du RFR inaugur\u00e9e\",\"isPartOf\":{\"@id\":\"https:\\\/\\\/www.webdo.tn\\\/fr\\\/#website\"},\"primaryImageOfPage\":{\"@id\":\"https:\\\/\\\/www.webdo.tn\\\/fr\\\/actualite\\\/national\\\/grand-tunis-la-premiere-tranche-de-la-ligne-e-du-rfr-inauguree\\\/204111\\\/#primaryimage\"},\"image\":{\"@id\":\"https:\\\/\\\/www.webdo.tn\\\/fr\\\/actualite\\\/national\\\/grand-tunis-la-premiere-tranche-de-la-ligne-e-du-rfr-inauguree\\\/204111\\\/#primaryimage\"},\"thumbnailUrl\":\"https:\\\/\\\/www.webdo.tn\\\/fr\\\/wp-content\\\/uploads\\\/2023\\\/03\\\/f981b24cd905483c8c434842f8647b45.jpeg\",\"datePublished\":\"2023-03-20T22:32:00+00:00\",\"dateModified\":\"2025-05-20T22:01:29+00:00\",\"description\":\"La premi\u00e8re tranche de la ligne E du RFR du Grand Tunis a \u00e9t\u00e9 inaugur\u00e9e, aujourd'hui.\",\"breadcrumb\":{\"@id\":\"https:\\\/\\\/www.webdo.tn\\\/fr\\\/actualite\\\/national\\\/grand-tunis-la-premiere-tranche-de-la-ligne-e-du-rfr-inauguree\\\/204111\\\/#breadcrumb\"},\"inLanguage\":\"fr-FR\",\"potentialAction\":[{\"@type\":\"ReadAction\",\"target\":[\"https:\\\/\\\/www.webdo.tn\\\/fr\\\/actualite\\\/national\\\/grand-tunis-la-premiere-tranche-de-la-ligne-e-du-rfr-inauguree\\\/204111\\\/\"]}]},{\"@type\":\"ImageObject\",\"inLanguage\":\"fr-FR\",\"@id\":\"https:\\\/\\\/www.webdo.tn\\\/fr\\\/actualite\\\/national\\\/grand-tunis-la-premiere-tranche-de-la-ligne-e-du-rfr-inauguree\\\/204111\\\/#primaryimage\",\"url\":\"https:\\\/\\\/www.webdo.tn\\\/fr\\\/wp-content\\\/uploads\\\/2023\\\/03\\\/f981b24cd905483c8c434842f8647b45.jpeg\",\"contentUrl\":\"https:\\\/\\\/www.webdo.tn\\\/fr\\\/wp-content\\\/uploads\\\/2023\\\/03\\\/f981b24cd905483c8c434842f8647b45.jpeg\",\"width\":650,\"height\":347,\"caption\":\"Grand Tunis : La premi\u00e8re tranche de la ligne E du RFR inaugur\u00e9e\"},{\"@type\":\"BreadcrumbList\",\"@id\":\"https:\\\/\\\/www.webdo.tn\\\/fr\\\/actualite\\\/national\\\/grand-tunis-la-premiere-tranche-de-la-ligne-e-du-rfr-inauguree\\\/204111\\\/#breadcrumb\",\"itemListElement\":[{\"@type\":\"ListItem\",\"position\":1,\"name\":\"Accueil\",\"item\":\"https:\\\/\\\/www.webdo.tn\\\/fr\\\/\"},{\"@type\":\"ListItem\",\"position\":2,\"name\":\"Grand Tunis : La premi\u00e8re tranche de la ligne E du RFR inaugur\u00e9e\"}]},{\"@type\":\"WebSite\",\"@id\":\"https:\\\/\\\/www.webdo.tn\\\/fr\\\/#website\",\"url\":\"https:\\\/\\\/www.webdo.tn\\\/fr\\\/\",\"name\":\"webdo\",\"description\":\"Tunisie - News en Tunisie et \u00e0 l&#039;international sur Webdo.tn\",\"publisher\":{\"@id\":\"https:\\\/\\\/www.webdo.tn\\\/fr\\\/#organization\"},\"potentialAction\":[{\"@type\":\"SearchAction\",\"target\":{\"@type\":\"EntryPoint\",\"urlTemplate\":\"https:\\\/\\\/www.webdo.tn\\\/fr\\\/?s={search_term_string}\"},\"query-input\":{\"@type\":\"PropertyValueSpecification\",\"valueRequired\":true,\"valueName\":\"search_term_string\"}}],\"inLanguage\":\"fr-FR\"},{\"@type\":\"Organization\",\"@id\":\"https:\\\/\\\/www.webdo.tn\\\/fr\\\/#organization\",\"name\":\"Webdo\",\"alternateName\":\"Webdo.tn\",\"url\":\"https:\\\/\\\/www.webdo.tn\\\/fr\\\/\",\"logo\":{\"@type\":\"ImageObject\",\"inLanguage\":\"fr-FR\",\"@id\":\"https:\\\/\\\/www.webdo.tn\\\/fr\\\/#\\\/schema\\\/logo\\\/image\\\/\",\"url\":\"https:\\\/\\\/www.webdo.tn\\\/fr\\\/wp-content\\\/uploads\\\/2025\\\/06\\\/Webdo-Tunisie_168377.jpg\",\"contentUrl\":\"https:\\\/\\\/www.webdo.tn\\\/fr\\\/wp-content\\\/uploads\\\/2025\\\/06\\\/Webdo-Tunisie_168377.jpg\",\"width\":301,\"height\":301,\"caption\":\"Webdo\"},\"image\":{\"@id\":\"https:\\\/\\\/www.webdo.tn\\\/fr\\\/#\\\/schema\\\/logo\\\/image\\\/\"},\"sameAs\":[\"https:\\\/\\\/www.facebook.com\\\/webdotn\",\"https:\\\/\\\/x.com\\\/webdo_tn\"],\"description\":\"Webdo est un m\u00e9dia num\u00e9rique tunisien fond\u00e9 en 2010, sp\u00e9cialis\u00e9 dans l\u2019actualit\u00e9 nationale et internationale, l\u2019\u00e9conomie, la soci\u00e9t\u00e9 et les analyses politiques. Le site s\u2019adresse \u00e0 un large public francophone et couvre l\u2019information tunisienne en temps r\u00e9el.\",\"email\":\"redac@webdo.tn\",\"legalName\":\"YNJ SARL\",\"foundingDate\":\"2010-09-06\",\"numberOfEmployees\":{\"@type\":\"QuantitativeValue\",\"minValue\":\"11\",\"maxValue\":\"50\"}},{\"@type\":\"Person\",\"@id\":\"https:\\\/\\\/www.webdo.tn\\\/fr\\\/#\\\/schema\\\/person\\\/2c4929cbf5a809e3bd38617c6ce150f6\",\"name\":\"MC\",\"image\":{\"@type\":\"ImageObject\",\"inLanguage\":\"fr-FR\",\"@id\":\"https:\\\/\\\/secure.gravatar.com\\\/avatar\\\/a545bbb6f84efdd5553dbbc2895e3ca8f1d12c5215e00a041c9670b54aa9b18a?s=96&d=mm&r=g\",\"url\":\"https:\\\/\\\/secure.gravatar.com\\\/avatar\\\/a545bbb6f84efdd5553dbbc2895e3ca8f1d12c5215e00a041c9670b54aa9b18a?s=96&d=mm&r=g\",\"contentUrl\":\"https:\\\/\\\/secure.gravatar.com\\\/avatar\\\/a545bbb6f84efdd5553dbbc2895e3ca8f1d12c5215e00a041c9670b54aa9b18a?s=96&d=mm&r=g\",\"caption\":\"MC\"},\"url\":\"https:\\\/\\\/www.webdo.tn\\\/fr\\\/actualite\\\/author\\\/mc\\\/\"}]}<\/script>\n<!-- \/ Yoast SEO Premium plugin. -->","yoast_head_json":{"title":"Grand Tunis : La premi\u00e8re tranche de la ligne E du RFR inaugur\u00e9e","description":"La premi\u00e8re tranche de la ligne E du RFR du Grand Tunis a \u00e9t\u00e9 inaugur\u00e9e, aujourd'hui.","canonical":"https:\/\/www.webdo.tn\/fr\/actualite\/national\/grand-tunis-la-premiere-tranche-de-la-ligne-e-du-rfr-inauguree\/204111\/","og_locale":"fr_FR","og_type":"article","og_title":"Grand Tunis : La premi\u00e8re tranche de la ligne E du RFR inaugur\u00e9e","og_description":"La premi\u00e8re tranche de la ligne E du RFR du Grand Tunis a \u00e9t\u00e9 inaugur\u00e9e, aujourd'hui.","og_url":"https:\/\/www.webdo.tn\/fr\/actualite\/national\/grand-tunis-la-premiere-tranche-de-la-ligne-e-du-rfr-inauguree\/204111\/","og_site_name":"webdo","article_publisher":"https:\/\/www.facebook.com\/webdotn","article_published_time":"2023-03-20T22:32:00+00:00","article_modified_time":"2025-05-20T22:01:29+00:00","og_image":[{"width":650,"height":347,"url":"https:\/\/www.webdo.tn\/fr\/wp-content\/uploads\/2023\/03\/f981b24cd905483c8c434842f8647b45.jpeg","type":"image\/jpeg"}],"author":"MC","twitter_card":"summary_large_image","twitter_creator":"@webdo_tn","twitter_site":"@webdo_tn","twitter_misc":{"\u00c9crit par":"MC","Dur\u00e9e de lecture estim\u00e9e":"1 minute"},"schema":{"@context":"https:\/\/schema.org","@graph":[{"@type":"NewsArticle","@id":"https:\/\/www.webdo.tn\/fr\/actualite\/national\/grand-tunis-la-premiere-tranche-de-la-ligne-e-du-rfr-inauguree\/204111\/#article","isPartOf":{"@id":"https:\/\/www.webdo.tn\/fr\/actualite\/national\/grand-tunis-la-premiere-tranche-de-la-ligne-e-du-rfr-inauguree\/204111\/"},"author":{"name":"MC","@id":"https:\/\/www.webdo.tn\/fr\/#\/schema\/person\/2c4929cbf5a809e3bd38617c6ce150f6"},"headline":"Grand Tunis : La premi\u00e8re tranche de la ligne E du RFR inaugur\u00e9e","datePublished":"2023-03-20T22:32:00+00:00","dateModified":"2025-05-20T22:01:29+00:00","mainEntityOfPage":{"@id":"https:\/\/www.webdo.tn\/fr\/actualite\/national\/grand-tunis-la-premiere-tranche-de-la-ligne-e-du-rfr-inauguree\/204111\/"},"wordCount":280,"commentCount":0,"publisher":{"@id":"https:\/\/www.webdo.tn\/fr\/#organization"},"image":{"@id":"https:\/\/www.webdo.tn\/fr\/actualite\/national\/grand-tunis-la-premiere-tranche-de-la-ligne-e-du-rfr-inauguree\/204111\/#primaryimage"},"thumbnailUrl":"https:\/\/www.webdo.tn\/fr\/wp-content\/uploads\/2023\/03\/f981b24cd905483c8c434842f8647b45.jpeg","keywords":["grand-tunis","r\u00e9seau ferroviaire rapide","RFR"],"articleSection":["National"],"inLanguage":"fr-FR"},{"@type":"WebPage","@id":"https:\/\/www.webdo.tn\/fr\/actualite\/national\/grand-tunis-la-premiere-tranche-de-la-ligne-e-du-rfr-inauguree\/204111\/","url":"https:\/\/www.webdo.tn\/fr\/actualite\/national\/grand-tunis-la-premiere-tranche-de-la-ligne-e-du-rfr-inauguree\/204111\/","name":"Grand Tunis : La premi\u00e8re tranche de la ligne E du RFR inaugur\u00e9e","isPartOf":{"@id":"https:\/\/www.webdo.tn\/fr\/#website"},"primaryImageOfPage":{"@id":"https:\/\/www.webdo.tn\/fr\/actualite\/national\/grand-tunis-la-premiere-tranche-de-la-ligne-e-du-rfr-inauguree\/204111\/#primaryimage"},"image":{"@id":"https:\/\/www.webdo.tn\/fr\/actualite\/national\/grand-tunis-la-premiere-tranche-de-la-ligne-e-du-rfr-inauguree\/204111\/#primaryimage"},"thumbnailUrl":"https:\/\/www.webdo.tn\/fr\/wp-content\/uploads\/2023\/03\/f981b24cd905483c8c434842f8647b45.jpeg","datePublished":"2023-03-20T22:32:00+00:00","dateModified":"2025-05-20T22:01:29+00:00","description":"La premi\u00e8re tranche de la ligne E du RFR du Grand Tunis a \u00e9t\u00e9 inaugur\u00e9e, aujourd'hui.","breadcrumb":{"@id":"https:\/\/www.webdo.tn\/fr\/actualite\/national\/grand-tunis-la-premiere-tranche-de-la-ligne-e-du-rfr-inauguree\/204111\/#breadcrumb"},"inLanguage":"fr-FR","potentialAction":[{"@type":"ReadAction","target":["https:\/\/www.webdo.tn\/fr\/actualite\/national\/grand-tunis-la-premiere-tranche-de-la-ligne-e-du-rfr-inauguree\/204111\/"]}]},{"@type":"ImageObject","inLanguage":"fr-FR","@id":"https:\/\/www.webdo.tn\/fr\/actualite\/national\/grand-tunis-la-premiere-tranche-de-la-ligne-e-du-rfr-inauguree\/204111\/#primaryimage","url":"https:\/\/www.webdo.tn\/fr\/wp-content\/uploads\/2023\/03\/f981b24cd905483c8c434842f8647b45.jpeg","contentUrl":"https:\/\/www.webdo.tn\/fr\/wp-content\/uploads\/2023\/03\/f981b24cd905483c8c434842f8647b45.jpeg","width":650,"height":347,"caption":"Grand Tunis : La premi\u00e8re tranche de la ligne E du RFR inaugur\u00e9e"},{"@type":"BreadcrumbList","@id":"https:\/\/www.webdo.tn\/fr\/actualite\/national\/grand-tunis-la-premiere-tranche-de-la-ligne-e-du-rfr-inauguree\/204111\/#breadcrumb","itemListElement":[{"@type":"ListItem","position":1,"name":"Accueil","item":"https:\/\/www.webdo.tn\/fr\/"},{"@type":"ListItem","position":2,"name":"Grand Tunis : La premi\u00e8re tranche de la ligne E du RFR inaugur\u00e9e"}]},{"@type":"WebSite","@id":"https:\/\/www.webdo.tn\/fr\/#website","url":"https:\/\/www.webdo.tn\/fr\/","name":"webdo","description":"Tunisie - News en Tunisie et \u00e0 l&#039;international sur Webdo.tn","publisher":{"@id":"https:\/\/www.webdo.tn\/fr\/#organization"},"potentialAction":[{"@type":"SearchAction","target":{"@type":"EntryPoint","urlTemplate":"https:\/\/www.webdo.tn\/fr\/?s={search_term_string}"},"query-input":{"@type":"PropertyValueSpecification","valueRequired":true,"valueName":"search_term_string"}}],"inLanguage":"fr-FR"},{"@type":"Organization","@id":"https:\/\/www.webdo.tn\/fr\/#organization","name":"Webdo","alternateName":"Webdo.tn","url":"https:\/\/www.webdo.tn\/fr\/","logo":{"@type":"ImageObject","inLanguage":"fr-FR","@id":"https:\/\/www.webdo.tn\/fr\/#\/schema\/logo\/image\/","url":"https:\/\/www.webdo.tn\/fr\/wp-content\/uploads\/2025\/06\/Webdo-Tunisie_168377.jpg","contentUrl":"https:\/\/www.webdo.tn\/fr\/wp-content\/uploads\/2025\/06\/Webdo-Tunisie_168377.jpg","width":301,"height":301,"caption":"Webdo"},"image":{"@id":"https:\/\/www.webdo.tn\/fr\/#\/schema\/logo\/image\/"},"sameAs":["https:\/\/www.facebook.com\/webdotn","https:\/\/x.com\/webdo_tn"],"description":"Webdo est un m\u00e9dia num\u00e9rique tunisien fond\u00e9 en 2010, sp\u00e9cialis\u00e9 dans l\u2019actualit\u00e9 nationale et internationale, l\u2019\u00e9conomie, la soci\u00e9t\u00e9 et les analyses politiques. Le site s\u2019adresse \u00e0 un large public francophone et couvre l\u2019information tunisienne en temps r\u00e9el.","email":"redac@webdo.tn","legalName":"YNJ SARL","foundingDate":"2010-09-06","numberOfEmployees":{"@type":"QuantitativeValue","minValue":"11","maxValue":"50"}},{"@type":"Person","@id":"https:\/\/www.webdo.tn\/fr\/#\/schema\/person\/2c4929cbf5a809e3bd38617c6ce150f6","name":"MC","image":{"@type":"ImageObject","inLanguage":"fr-FR","@id":"https:\/\/secure.gravatar.com\/avatar\/a545bbb6f84efdd5553dbbc2895e3ca8f1d12c5215e00a041c9670b54aa9b18a?s=96&d=mm&r=g","url":"https:\/\/secure.gravatar.com\/avatar\/a545bbb6f84efdd5553dbbc2895e3ca8f1d12c5215e00a041c9670b54aa9b18a?s=96&d=mm&r=g","contentUrl":"https:\/\/secure.gravatar.com\/avatar\/a545bbb6f84efdd5553dbbc2895e3ca8f1d12c5215e00a041c9670b54aa9b18a?s=96&d=mm&r=g","caption":"MC"},"url":"https:\/\/www.webdo.tn\/fr\/actualite\/author\/mc\/"}]}},"_links":{"self":[{"href":"https:\/\/www.webdo.tn\/fr\/wp-json\/wp\/v2\/posts\/204111","targetHints":{"allow":["GET"]}}],"collection":[{"href":"https:\/\/www.webdo.tn\/fr\/wp-json\/wp\/v2\/posts"}],"about":[{"href":"https:\/\/www.webdo.tn\/fr\/wp-json\/wp\/v2\/types\/post"}],"author":[{"embeddable":true,"href":"https:\/\/www.webdo.tn\/fr\/wp-json\/wp\/v2\/users\/3162"}],"replies":[{"embeddable":true,"href":"https:\/\/www.webdo.tn\/fr\/wp-json\/wp\/v2\/comments?post=204111"}],"version-history":[{"count":0,"href":"https:\/\/www.webdo.tn\/fr\/wp-json\/wp\/v2\/posts\/204111\/revisions"}],"wp:featuredmedia":[{"embeddable":true,"href":"https:\/\/www.webdo.tn\/fr\/wp-json\/wp\/v2\/media\/251685"}],"wp:attachment":[{"href":"https:\/\/www.webdo.tn\/fr\/wp-json\/wp\/v2\/media?parent=204111"}],"wp:term":[{"taxonomy":"category","embeddable":true,"href":"https:\/\/www.webdo.tn\/fr\/wp-json\/wp\/v2\/categories?post=204111"},{"taxonomy":"post_tag","embeddable":true,"href":"https:\/\/www.webdo.tn\/fr\/wp-json\/wp\/v2\/tags?post=204111"}],"curies":[{"name":"wp","href":"https:\/\/api.w.org\/{rel}","templated":true}]}}