{"id":204099,"date":"2023-03-20T12:55:00","date_gmt":"2023-03-20T12:55:00","guid":{"rendered":"https:\/\/www.webdo.tn\/fr\/blog\/les-partisans-de-kais-saied-manifestent-a-tunis\/204099\/"},"modified":"2025-05-20T22:59:56","modified_gmt":"2025-05-20T22:59:56","slug":"les-partisans-de-kais-saied-manifestent-a-tunis","status":"publish","type":"post","link":"https:\/\/www.webdo.tn\/fr\/actualite\/national\/les-partisans-de-kais-saied-manifestent-a-tunis\/204099\/","title":{"rendered":"Les partisans de Kais Saied manifestent \u00e0 Tunis"},"content":{"rendered":"<p>Les partisans du pr\u00e9sident de la R\u00e9publique, Kais Saied, ont organis\u00e9 une manifestation de soutien \u00e0 l\u2019avenue Habib Bourguiba, pour  d\u00e9fendre les d\u00e9cisions du chef de l&rsquo;Etat et soutenir ses r\u00e9centes d\u00e9cisions.<\/p>\n<p>\t\t\t\t\t\t\t\t\tEn absence des chiffres officielles, on d\u00e9nombre pr\u00e8s d&rsquo;un millier de manifestants venus pour se r\u00e9unir devant le th\u00e9\u00e2tre municipal et r\u00e9pondant aux diff\u00e9rents appels \u00e0 la mobilisation lanc\u00e9s tout au long de la semaine par le mouvement du 25 Juillet.<\/p>\n<p>Les manifestants ont scand\u00e9s divers slogans pour se soutenir le Pr\u00e9sident et pour faire part de leur refus de toute ing\u00e9rence \u00e9trang\u00e8re alors que le parlement europ\u00e9en a adopt\u00e9 une r\u00e9solution condamnant les derni\u00e8res arrestations visant des opposants, syndicalistes et journalistes.<\/p>\n","protected":false},"excerpt":{"rendered":"<p>Les partisans du pr\u00e9sident de la R\u00e9publique, Kais Saied, ont organis\u00e9 une manifestation de soutien \u00e0 l\u2019avenue Habib Bourguiba, pour  d\u00e9fendre les d\u00e9cisions du c&#8230;<\/p>\n","protected":false},"author":3195,"featured_media":251684,"comment_status":"open","ping_status":"closed","sticky":false,"template":"","format":"standard","meta":{"footnotes":""},"categories":[44],"tags":[6080,2614,2817,2775,2608],"class_list":["post-204099","post","type-post","status-publish","format-standard","has-post-thumbnail","hentry","category-national","tag-25-juillet","tag-kais-saied","tag-manifestation","tag-soutien","tag-tunisie"],"yoast_head":"<!-- This site is optimized with the Yoast SEO Premium plugin v27.4 (Yoast SEO v27.5) - https:\/\/yoast.com\/product\/yoast-seo-premium-wordpress\/ -->\n<title>Les partisans de Kais Saied manifestent \u00e0 Tunis<\/title>\n<meta name=\"description\" content=\"Les partisans du pr\u00e9sident de la R\u00e9publique, Kais Saied, ont organis\u00e9 une manifestation de soutien \u00e0 l\u2019avenue Habib Bourguiba, pour d\u00e9fendre les d\u00e9cisions du c...\" \/>\n<link rel=\"canonical\" href=\"https:\/\/www.webdo.tn\/fr\/actualite\/national\/les-partisans-de-kais-saied-manifestent-a-tunis\/204099\/\" \/>\n<meta property=\"og:locale\" content=\"fr_FR\" \/>\n<meta property=\"og:type\" content=\"article\" \/>\n<meta property=\"og:title\" content=\"Les partisans de Kais Saied manifestent \u00e0 Tunis\" \/>\n<meta property=\"og:description\" content=\"Les partisans du pr\u00e9sident de la R\u00e9publique, Kais Saied, ont organis\u00e9 une manifestation de soutien \u00e0 l\u2019avenue Habib Bourguiba, pour d\u00e9fendre les d\u00e9cisions du c...\" \/>\n<meta property=\"og:url\" content=\"https:\/\/www.webdo.tn\/fr\/actualite\/national\/les-partisans-de-kais-saied-manifestent-a-tunis\/204099\/\" \/>\n<meta property=\"og:site_name\" content=\"webdo\" \/>\n<meta property=\"article:publisher\" content=\"https:\/\/www.facebook.com\/webdotn\" \/>\n<meta property=\"article:published_time\" content=\"2023-03-20T12:55:00+00:00\" \/>\n<meta property=\"article:modified_time\" content=\"2025-05-20T22:59:56+00:00\" \/>\n<meta property=\"og:image\" content=\"https:\/\/www.webdo.tn\/fr\/wp-content\/uploads\/2023\/03\/a8fbb243fbf7a2d5071abe8dd83140a5.jpg\" \/>\n\t<meta property=\"og:image:width\" content=\"750\" \/>\n\t<meta property=\"og:image:height\" content=\"400\" \/>\n\t<meta property=\"og:image:type\" content=\"image\/jpeg\" \/>\n<meta name=\"author\" content=\"NJ\" \/>\n<meta name=\"twitter:card\" content=\"summary_large_image\" \/>\n<meta name=\"twitter:creator\" content=\"@webdo_tn\" \/>\n<meta name=\"twitter:site\" content=\"@webdo_tn\" \/>\n<meta name=\"twitter:label1\" content=\"\u00c9crit par\" \/>\n\t<meta name=\"twitter:data1\" content=\"NJ\" \/>\n\t<meta name=\"twitter:label2\" content=\"Dur\u00e9e de lecture estim\u00e9e\" \/>\n\t<meta name=\"twitter:data2\" content=\"1 minute\" \/>\n<script type=\"application\/ld+json\" class=\"yoast-schema-graph\">{\"@context\":\"https:\\\/\\\/schema.org\",\"@graph\":[{\"@type\":\"NewsArticle\",\"@id\":\"https:\\\/\\\/www.webdo.tn\\\/fr\\\/actualite\\\/national\\\/les-partisans-de-kais-saied-manifestent-a-tunis\\\/204099\\\/#article\",\"isPartOf\":{\"@id\":\"https:\\\/\\\/www.webdo.tn\\\/fr\\\/actualite\\\/national\\\/les-partisans-de-kais-saied-manifestent-a-tunis\\\/204099\\\/\"},\"author\":{\"name\":\"NJ\",\"@id\":\"https:\\\/\\\/www.webdo.tn\\\/fr\\\/#\\\/schema\\\/person\\\/646f7c4406ab78299805d9d39b2636d8\"},\"headline\":\"Les partisans de Kais Saied manifestent \u00e0 Tunis\",\"datePublished\":\"2023-03-20T12:55:00+00:00\",\"dateModified\":\"2025-05-20T22:59:56+00:00\",\"mainEntityOfPage\":{\"@id\":\"https:\\\/\\\/www.webdo.tn\\\/fr\\\/actualite\\\/national\\\/les-partisans-de-kais-saied-manifestent-a-tunis\\\/204099\\\/\"},\"wordCount\":141,\"commentCount\":0,\"publisher\":{\"@id\":\"https:\\\/\\\/www.webdo.tn\\\/fr\\\/#organization\"},\"image\":{\"@id\":\"https:\\\/\\\/www.webdo.tn\\\/fr\\\/actualite\\\/national\\\/les-partisans-de-kais-saied-manifestent-a-tunis\\\/204099\\\/#primaryimage\"},\"thumbnailUrl\":\"https:\\\/\\\/www.webdo.tn\\\/fr\\\/wp-content\\\/uploads\\\/2023\\\/03\\\/a8fbb243fbf7a2d5071abe8dd83140a5.jpg\",\"keywords\":[\"25 juillet\",\"Kais Saied\",\"Manifestation\",\"soutien\",\"Tunisie\"],\"articleSection\":[\"National\"],\"inLanguage\":\"fr-FR\"},{\"@type\":\"WebPage\",\"@id\":\"https:\\\/\\\/www.webdo.tn\\\/fr\\\/actualite\\\/national\\\/les-partisans-de-kais-saied-manifestent-a-tunis\\\/204099\\\/\",\"url\":\"https:\\\/\\\/www.webdo.tn\\\/fr\\\/actualite\\\/national\\\/les-partisans-de-kais-saied-manifestent-a-tunis\\\/204099\\\/\",\"name\":\"Les partisans de Kais Saied manifestent \u00e0 Tunis\",\"isPartOf\":{\"@id\":\"https:\\\/\\\/www.webdo.tn\\\/fr\\\/#website\"},\"primaryImageOfPage\":{\"@id\":\"https:\\\/\\\/www.webdo.tn\\\/fr\\\/actualite\\\/national\\\/les-partisans-de-kais-saied-manifestent-a-tunis\\\/204099\\\/#primaryimage\"},\"image\":{\"@id\":\"https:\\\/\\\/www.webdo.tn\\\/fr\\\/actualite\\\/national\\\/les-partisans-de-kais-saied-manifestent-a-tunis\\\/204099\\\/#primaryimage\"},\"thumbnailUrl\":\"https:\\\/\\\/www.webdo.tn\\\/fr\\\/wp-content\\\/uploads\\\/2023\\\/03\\\/a8fbb243fbf7a2d5071abe8dd83140a5.jpg\",\"datePublished\":\"2023-03-20T12:55:00+00:00\",\"dateModified\":\"2025-05-20T22:59:56+00:00\",\"description\":\"Les partisans du pr\u00e9sident de la R\u00e9publique, Kais Saied, ont organis\u00e9 une manifestation de soutien \u00e0 l\u2019avenue Habib Bourguiba, pour d\u00e9fendre les d\u00e9cisions du c...\",\"breadcrumb\":{\"@id\":\"https:\\\/\\\/www.webdo.tn\\\/fr\\\/actualite\\\/national\\\/les-partisans-de-kais-saied-manifestent-a-tunis\\\/204099\\\/#breadcrumb\"},\"inLanguage\":\"fr-FR\",\"potentialAction\":[{\"@type\":\"ReadAction\",\"target\":[\"https:\\\/\\\/www.webdo.tn\\\/fr\\\/actualite\\\/national\\\/les-partisans-de-kais-saied-manifestent-a-tunis\\\/204099\\\/\"]}]},{\"@type\":\"ImageObject\",\"inLanguage\":\"fr-FR\",\"@id\":\"https:\\\/\\\/www.webdo.tn\\\/fr\\\/actualite\\\/national\\\/les-partisans-de-kais-saied-manifestent-a-tunis\\\/204099\\\/#primaryimage\",\"url\":\"https:\\\/\\\/www.webdo.tn\\\/fr\\\/wp-content\\\/uploads\\\/2023\\\/03\\\/a8fbb243fbf7a2d5071abe8dd83140a5.jpg\",\"contentUrl\":\"https:\\\/\\\/www.webdo.tn\\\/fr\\\/wp-content\\\/uploads\\\/2023\\\/03\\\/a8fbb243fbf7a2d5071abe8dd83140a5.jpg\",\"width\":750,\"height\":400,\"caption\":\"Les partisans de Kais Saied manifestent \u00e0 Tunis\"},{\"@type\":\"BreadcrumbList\",\"@id\":\"https:\\\/\\\/www.webdo.tn\\\/fr\\\/actualite\\\/national\\\/les-partisans-de-kais-saied-manifestent-a-tunis\\\/204099\\\/#breadcrumb\",\"itemListElement\":[{\"@type\":\"ListItem\",\"position\":1,\"name\":\"Accueil\",\"item\":\"https:\\\/\\\/www.webdo.tn\\\/fr\\\/\"},{\"@type\":\"ListItem\",\"position\":2,\"name\":\"Les partisans de Kais Saied manifestent \u00e0 Tunis\"}]},{\"@type\":\"WebSite\",\"@id\":\"https:\\\/\\\/www.webdo.tn\\\/fr\\\/#website\",\"url\":\"https:\\\/\\\/www.webdo.tn\\\/fr\\\/\",\"name\":\"webdo\",\"description\":\"Tunisie - News en Tunisie et \u00e0 l&#039;international sur Webdo.tn\",\"publisher\":{\"@id\":\"https:\\\/\\\/www.webdo.tn\\\/fr\\\/#organization\"},\"potentialAction\":[{\"@type\":\"SearchAction\",\"target\":{\"@type\":\"EntryPoint\",\"urlTemplate\":\"https:\\\/\\\/www.webdo.tn\\\/fr\\\/?s={search_term_string}\"},\"query-input\":{\"@type\":\"PropertyValueSpecification\",\"valueRequired\":true,\"valueName\":\"search_term_string\"}}],\"inLanguage\":\"fr-FR\"},{\"@type\":\"Organization\",\"@id\":\"https:\\\/\\\/www.webdo.tn\\\/fr\\\/#organization\",\"name\":\"Webdo\",\"alternateName\":\"Webdo.tn\",\"url\":\"https:\\\/\\\/www.webdo.tn\\\/fr\\\/\",\"logo\":{\"@type\":\"ImageObject\",\"inLanguage\":\"fr-FR\",\"@id\":\"https:\\\/\\\/www.webdo.tn\\\/fr\\\/#\\\/schema\\\/logo\\\/image\\\/\",\"url\":\"https:\\\/\\\/www.webdo.tn\\\/fr\\\/wp-content\\\/uploads\\\/2025\\\/06\\\/Webdo-Tunisie_168377.jpg\",\"contentUrl\":\"https:\\\/\\\/www.webdo.tn\\\/fr\\\/wp-content\\\/uploads\\\/2025\\\/06\\\/Webdo-Tunisie_168377.jpg\",\"width\":301,\"height\":301,\"caption\":\"Webdo\"},\"image\":{\"@id\":\"https:\\\/\\\/www.webdo.tn\\\/fr\\\/#\\\/schema\\\/logo\\\/image\\\/\"},\"sameAs\":[\"https:\\\/\\\/www.facebook.com\\\/webdotn\",\"https:\\\/\\\/x.com\\\/webdo_tn\"],\"description\":\"Webdo est un m\u00e9dia num\u00e9rique tunisien fond\u00e9 en 2010, sp\u00e9cialis\u00e9 dans l\u2019actualit\u00e9 nationale et internationale, l\u2019\u00e9conomie, la soci\u00e9t\u00e9 et les analyses politiques. Le site s\u2019adresse \u00e0 un large public francophone et couvre l\u2019information tunisienne en temps r\u00e9el.\",\"email\":\"redac@webdo.tn\",\"legalName\":\"YNJ SARL\",\"foundingDate\":\"2010-09-06\",\"numberOfEmployees\":{\"@type\":\"QuantitativeValue\",\"minValue\":\"11\",\"maxValue\":\"50\"}},{\"@type\":\"Person\",\"@id\":\"https:\\\/\\\/www.webdo.tn\\\/fr\\\/#\\\/schema\\\/person\\\/646f7c4406ab78299805d9d39b2636d8\",\"name\":\"NJ\",\"image\":{\"@type\":\"ImageObject\",\"inLanguage\":\"fr-FR\",\"@id\":\"https:\\\/\\\/secure.gravatar.com\\\/avatar\\\/57ee8a7cee8271948beede1dd4413f641d3b749a42dfabf45a3352af812389e1?s=96&d=mm&r=g\",\"url\":\"https:\\\/\\\/secure.gravatar.com\\\/avatar\\\/57ee8a7cee8271948beede1dd4413f641d3b749a42dfabf45a3352af812389e1?s=96&d=mm&r=g\",\"contentUrl\":\"https:\\\/\\\/secure.gravatar.com\\\/avatar\\\/57ee8a7cee8271948beede1dd4413f641d3b749a42dfabf45a3352af812389e1?s=96&d=mm&r=g\",\"caption\":\"NJ\"},\"url\":\"https:\\\/\\\/www.webdo.tn\\\/fr\\\/actualite\\\/author\\\/nj\\\/\"}]}<\/script>\n<!-- \/ Yoast SEO Premium plugin. -->","yoast_head_json":{"title":"Les partisans de Kais Saied manifestent \u00e0 Tunis","description":"Les partisans du pr\u00e9sident de la R\u00e9publique, Kais Saied, ont organis\u00e9 une manifestation de soutien \u00e0 l\u2019avenue Habib Bourguiba, pour d\u00e9fendre les d\u00e9cisions du c...","canonical":"https:\/\/www.webdo.tn\/fr\/actualite\/national\/les-partisans-de-kais-saied-manifestent-a-tunis\/204099\/","og_locale":"fr_FR","og_type":"article","og_title":"Les partisans de Kais Saied manifestent \u00e0 Tunis","og_description":"Les partisans du pr\u00e9sident de la R\u00e9publique, Kais Saied, ont organis\u00e9 une manifestation de soutien \u00e0 l\u2019avenue Habib Bourguiba, pour d\u00e9fendre les d\u00e9cisions du c...","og_url":"https:\/\/www.webdo.tn\/fr\/actualite\/national\/les-partisans-de-kais-saied-manifestent-a-tunis\/204099\/","og_site_name":"webdo","article_publisher":"https:\/\/www.facebook.com\/webdotn","article_published_time":"2023-03-20T12:55:00+00:00","article_modified_time":"2025-05-20T22:59:56+00:00","og_image":[{"width":750,"height":400,"url":"https:\/\/www.webdo.tn\/fr\/wp-content\/uploads\/2023\/03\/a8fbb243fbf7a2d5071abe8dd83140a5.jpg","type":"image\/jpeg"}],"author":"NJ","twitter_card":"summary_large_image","twitter_creator":"@webdo_tn","twitter_site":"@webdo_tn","twitter_misc":{"\u00c9crit par":"NJ","Dur\u00e9e de lecture estim\u00e9e":"1 minute"},"schema":{"@context":"https:\/\/schema.org","@graph":[{"@type":"NewsArticle","@id":"https:\/\/www.webdo.tn\/fr\/actualite\/national\/les-partisans-de-kais-saied-manifestent-a-tunis\/204099\/#article","isPartOf":{"@id":"https:\/\/www.webdo.tn\/fr\/actualite\/national\/les-partisans-de-kais-saied-manifestent-a-tunis\/204099\/"},"author":{"name":"NJ","@id":"https:\/\/www.webdo.tn\/fr\/#\/schema\/person\/646f7c4406ab78299805d9d39b2636d8"},"headline":"Les partisans de Kais Saied manifestent \u00e0 Tunis","datePublished":"2023-03-20T12:55:00+00:00","dateModified":"2025-05-20T22:59:56+00:00","mainEntityOfPage":{"@id":"https:\/\/www.webdo.tn\/fr\/actualite\/national\/les-partisans-de-kais-saied-manifestent-a-tunis\/204099\/"},"wordCount":141,"commentCount":0,"publisher":{"@id":"https:\/\/www.webdo.tn\/fr\/#organization"},"image":{"@id":"https:\/\/www.webdo.tn\/fr\/actualite\/national\/les-partisans-de-kais-saied-manifestent-a-tunis\/204099\/#primaryimage"},"thumbnailUrl":"https:\/\/www.webdo.tn\/fr\/wp-content\/uploads\/2023\/03\/a8fbb243fbf7a2d5071abe8dd83140a5.jpg","keywords":["25 juillet","Kais Saied","Manifestation","soutien","Tunisie"],"articleSection":["National"],"inLanguage":"fr-FR"},{"@type":"WebPage","@id":"https:\/\/www.webdo.tn\/fr\/actualite\/national\/les-partisans-de-kais-saied-manifestent-a-tunis\/204099\/","url":"https:\/\/www.webdo.tn\/fr\/actualite\/national\/les-partisans-de-kais-saied-manifestent-a-tunis\/204099\/","name":"Les partisans de Kais Saied manifestent \u00e0 Tunis","isPartOf":{"@id":"https:\/\/www.webdo.tn\/fr\/#website"},"primaryImageOfPage":{"@id":"https:\/\/www.webdo.tn\/fr\/actualite\/national\/les-partisans-de-kais-saied-manifestent-a-tunis\/204099\/#primaryimage"},"image":{"@id":"https:\/\/www.webdo.tn\/fr\/actualite\/national\/les-partisans-de-kais-saied-manifestent-a-tunis\/204099\/#primaryimage"},"thumbnailUrl":"https:\/\/www.webdo.tn\/fr\/wp-content\/uploads\/2023\/03\/a8fbb243fbf7a2d5071abe8dd83140a5.jpg","datePublished":"2023-03-20T12:55:00+00:00","dateModified":"2025-05-20T22:59:56+00:00","description":"Les partisans du pr\u00e9sident de la R\u00e9publique, Kais Saied, ont organis\u00e9 une manifestation de soutien \u00e0 l\u2019avenue Habib Bourguiba, pour d\u00e9fendre les d\u00e9cisions du c...","breadcrumb":{"@id":"https:\/\/www.webdo.tn\/fr\/actualite\/national\/les-partisans-de-kais-saied-manifestent-a-tunis\/204099\/#breadcrumb"},"inLanguage":"fr-FR","potentialAction":[{"@type":"ReadAction","target":["https:\/\/www.webdo.tn\/fr\/actualite\/national\/les-partisans-de-kais-saied-manifestent-a-tunis\/204099\/"]}]},{"@type":"ImageObject","inLanguage":"fr-FR","@id":"https:\/\/www.webdo.tn\/fr\/actualite\/national\/les-partisans-de-kais-saied-manifestent-a-tunis\/204099\/#primaryimage","url":"https:\/\/www.webdo.tn\/fr\/wp-content\/uploads\/2023\/03\/a8fbb243fbf7a2d5071abe8dd83140a5.jpg","contentUrl":"https:\/\/www.webdo.tn\/fr\/wp-content\/uploads\/2023\/03\/a8fbb243fbf7a2d5071abe8dd83140a5.jpg","width":750,"height":400,"caption":"Les partisans de Kais Saied manifestent \u00e0 Tunis"},{"@type":"BreadcrumbList","@id":"https:\/\/www.webdo.tn\/fr\/actualite\/national\/les-partisans-de-kais-saied-manifestent-a-tunis\/204099\/#breadcrumb","itemListElement":[{"@type":"ListItem","position":1,"name":"Accueil","item":"https:\/\/www.webdo.tn\/fr\/"},{"@type":"ListItem","position":2,"name":"Les partisans de Kais Saied manifestent \u00e0 Tunis"}]},{"@type":"WebSite","@id":"https:\/\/www.webdo.tn\/fr\/#website","url":"https:\/\/www.webdo.tn\/fr\/","name":"webdo","description":"Tunisie - News en Tunisie et \u00e0 l&#039;international sur Webdo.tn","publisher":{"@id":"https:\/\/www.webdo.tn\/fr\/#organization"},"potentialAction":[{"@type":"SearchAction","target":{"@type":"EntryPoint","urlTemplate":"https:\/\/www.webdo.tn\/fr\/?s={search_term_string}"},"query-input":{"@type":"PropertyValueSpecification","valueRequired":true,"valueName":"search_term_string"}}],"inLanguage":"fr-FR"},{"@type":"Organization","@id":"https:\/\/www.webdo.tn\/fr\/#organization","name":"Webdo","alternateName":"Webdo.tn","url":"https:\/\/www.webdo.tn\/fr\/","logo":{"@type":"ImageObject","inLanguage":"fr-FR","@id":"https:\/\/www.webdo.tn\/fr\/#\/schema\/logo\/image\/","url":"https:\/\/www.webdo.tn\/fr\/wp-content\/uploads\/2025\/06\/Webdo-Tunisie_168377.jpg","contentUrl":"https:\/\/www.webdo.tn\/fr\/wp-content\/uploads\/2025\/06\/Webdo-Tunisie_168377.jpg","width":301,"height":301,"caption":"Webdo"},"image":{"@id":"https:\/\/www.webdo.tn\/fr\/#\/schema\/logo\/image\/"},"sameAs":["https:\/\/www.facebook.com\/webdotn","https:\/\/x.com\/webdo_tn"],"description":"Webdo est un m\u00e9dia num\u00e9rique tunisien fond\u00e9 en 2010, sp\u00e9cialis\u00e9 dans l\u2019actualit\u00e9 nationale et internationale, l\u2019\u00e9conomie, la soci\u00e9t\u00e9 et les analyses politiques. Le site s\u2019adresse \u00e0 un large public francophone et couvre l\u2019information tunisienne en temps r\u00e9el.","email":"redac@webdo.tn","legalName":"YNJ SARL","foundingDate":"2010-09-06","numberOfEmployees":{"@type":"QuantitativeValue","minValue":"11","maxValue":"50"}},{"@type":"Person","@id":"https:\/\/www.webdo.tn\/fr\/#\/schema\/person\/646f7c4406ab78299805d9d39b2636d8","name":"NJ","image":{"@type":"ImageObject","inLanguage":"fr-FR","@id":"https:\/\/secure.gravatar.com\/avatar\/57ee8a7cee8271948beede1dd4413f641d3b749a42dfabf45a3352af812389e1?s=96&d=mm&r=g","url":"https:\/\/secure.gravatar.com\/avatar\/57ee8a7cee8271948beede1dd4413f641d3b749a42dfabf45a3352af812389e1?s=96&d=mm&r=g","contentUrl":"https:\/\/secure.gravatar.com\/avatar\/57ee8a7cee8271948beede1dd4413f641d3b749a42dfabf45a3352af812389e1?s=96&d=mm&r=g","caption":"NJ"},"url":"https:\/\/www.webdo.tn\/fr\/actualite\/author\/nj\/"}]}},"_links":{"self":[{"href":"https:\/\/www.webdo.tn\/fr\/wp-json\/wp\/v2\/posts\/204099","targetHints":{"allow":["GET"]}}],"collection":[{"href":"https:\/\/www.webdo.tn\/fr\/wp-json\/wp\/v2\/posts"}],"about":[{"href":"https:\/\/www.webdo.tn\/fr\/wp-json\/wp\/v2\/types\/post"}],"author":[{"embeddable":true,"href":"https:\/\/www.webdo.tn\/fr\/wp-json\/wp\/v2\/users\/3195"}],"replies":[{"embeddable":true,"href":"https:\/\/www.webdo.tn\/fr\/wp-json\/wp\/v2\/comments?post=204099"}],"version-history":[{"count":0,"href":"https:\/\/www.webdo.tn\/fr\/wp-json\/wp\/v2\/posts\/204099\/revisions"}],"wp:featuredmedia":[{"embeddable":true,"href":"https:\/\/www.webdo.tn\/fr\/wp-json\/wp\/v2\/media\/251684"}],"wp:attachment":[{"href":"https:\/\/www.webdo.tn\/fr\/wp-json\/wp\/v2\/media?parent=204099"}],"wp:term":[{"taxonomy":"category","embeddable":true,"href":"https:\/\/www.webdo.tn\/fr\/wp-json\/wp\/v2\/categories?post=204099"},{"taxonomy":"post_tag","embeddable":true,"href":"https:\/\/www.webdo.tn\/fr\/wp-json\/wp\/v2\/tags?post=204099"}],"curies":[{"name":"wp","href":"https:\/\/api.w.org\/{rel}","templated":true}]}}