{"id":204095,"date":"2023-03-20T11:19:00","date_gmt":"2023-03-20T11:19:00","guid":{"rendered":"https:\/\/www.webdo.tn\/fr\/blog\/une-nouvelle-collection-de-lacoste-fait-polemique-au-maroc\/204095\/"},"modified":"2025-05-20T22:58:36","modified_gmt":"2025-05-20T22:58:36","slug":"une-nouvelle-collection-de-lacoste-fait-polemique-au-maroc","status":"publish","type":"post","link":"https:\/\/www.webdo.tn\/fr\/actualite\/international\/une-nouvelle-collection-de-lacoste-fait-polemique-au-maroc\/204095\/","title":{"rendered":"Une nouvelle collection de Lacoste fait pol\u00e9mique au Maroc\u00a0!"},"content":{"rendered":"<p>Un polo Lacoste o\u00f9 l\u2019on voit une carte du Maroc tronqu\u00e9 de son Sahara a provoqu\u00e9 la col\u00e8re des Marocains qui appellent au boycott de la marque fran\u00e7aise.<\/p>\n<p>\t\t\t\t\t\t\t\t\tLa col\u00e8re est \u00e0 son comble au Maroc apr\u00e8s le lancement par Lacoste de sa nouvelle collection. Sur la Toile, o\u00f9 les photos du polo en question ont \u00e9t\u00e9 largement diffus\u00e9es, des internautes ont appel\u00e9 la marque Lacoste \u00e0 retirer cet article et \u00e0 pr\u00e9senter ses excuses aux Marocains.<\/p>\n<p>D\u2019autres ont estim\u00e9 que ce geste n\u2019\u00e9tait pas innocent vu le coup de froid qui a frapp\u00e9 les relations Maroc-France depuis quelques mois et ont appel\u00e9 au boycott imm\u00e9diat de la marque fran\u00e7aise.<\/p>\n<p>Le polo repr\u00e9sentant la carte du Maroc tronqu\u00e9 de son Sahara existe en noir, en blanc, en vert, en bleu et en rose et co\u00fbte 140 euros. Un polo haut en couleur\u00a0!<\/p>\n","protected":false},"excerpt":{"rendered":"<p>Un polo Lacoste o\u00f9 l\u2019on voit une carte du Maroc tronqu\u00e9 de son Sahara a provoqu\u00e9 la col\u00e8re des Marocains qui appellent au boycott de la marque fran\u00e7aise.<\/p>\n","protected":false},"author":3188,"featured_media":251682,"comment_status":"open","ping_status":"closed","sticky":false,"template":"","format":"standard","meta":{"footnotes":""},"categories":[2598],"tags":[8651,3464,6042,4908],"class_list":["post-204095","post","type-post","status-publish","format-standard","has-post-thumbnail","hentry","category-international","tag-lacoste","tag-maroc","tag-polemique","tag-sahara"],"yoast_head":"<!-- This site is optimized with the Yoast SEO Premium plugin v27.4 (Yoast SEO v27.5) - https:\/\/yoast.com\/product\/yoast-seo-premium-wordpress\/ -->\n<title>Une nouvelle collection de Lacoste fait pol\u00e9mique au Maroc\u00a0!<\/title>\n<meta name=\"description\" content=\"Un polo Lacoste o\u00f9 l\u2019on voit une carte du Maroc tronqu\u00e9 de son Sahara a provoqu\u00e9 la col\u00e8re des Marocains qui appellent au boycott de la marque fran\u00e7aise.\" \/>\n<link rel=\"canonical\" href=\"https:\/\/www.webdo.tn\/fr\/actualite\/international\/une-nouvelle-collection-de-lacoste-fait-polemique-au-maroc\/204095\/\" \/>\n<meta property=\"og:locale\" content=\"fr_FR\" \/>\n<meta property=\"og:type\" content=\"article\" \/>\n<meta property=\"og:title\" content=\"Une nouvelle collection de Lacoste fait pol\u00e9mique au Maroc\u00a0!\" \/>\n<meta property=\"og:description\" content=\"Un polo Lacoste o\u00f9 l\u2019on voit une carte du Maroc tronqu\u00e9 de son Sahara a provoqu\u00e9 la col\u00e8re des Marocains qui appellent au boycott de la marque fran\u00e7aise.\" \/>\n<meta property=\"og:url\" content=\"https:\/\/www.webdo.tn\/fr\/actualite\/international\/une-nouvelle-collection-de-lacoste-fait-polemique-au-maroc\/204095\/\" \/>\n<meta property=\"og:site_name\" content=\"webdo\" \/>\n<meta property=\"article:publisher\" content=\"https:\/\/www.facebook.com\/webdotn\" \/>\n<meta property=\"article:published_time\" content=\"2023-03-20T11:19:00+00:00\" \/>\n<meta property=\"article:modified_time\" content=\"2025-05-20T22:58:36+00:00\" \/>\n<meta property=\"og:image\" content=\"https:\/\/www.webdo.tn\/fr\/wp-content\/uploads\/2023\/03\/1aab68adc04cec344831bc8bce38ff81.jpg\" \/>\n\t<meta property=\"og:image:width\" content=\"750\" \/>\n\t<meta property=\"og:image:height\" content=\"400\" \/>\n\t<meta property=\"og:image:type\" content=\"image\/jpeg\" \/>\n<meta name=\"author\" content=\"Ramzi\" \/>\n<meta name=\"twitter:card\" content=\"summary_large_image\" \/>\n<meta name=\"twitter:creator\" content=\"@webdo_tn\" \/>\n<meta name=\"twitter:site\" content=\"@webdo_tn\" \/>\n<meta name=\"twitter:label1\" content=\"\u00c9crit par\" \/>\n\t<meta name=\"twitter:data1\" content=\"Ramzi\" \/>\n\t<meta name=\"twitter:label2\" content=\"Dur\u00e9e de lecture estim\u00e9e\" \/>\n\t<meta name=\"twitter:data2\" content=\"1 minute\" \/>\n<script type=\"application\/ld+json\" class=\"yoast-schema-graph\">{\"@context\":\"https:\\\/\\\/schema.org\",\"@graph\":[{\"@type\":\"NewsArticle\",\"@id\":\"https:\\\/\\\/www.webdo.tn\\\/fr\\\/actualite\\\/international\\\/une-nouvelle-collection-de-lacoste-fait-polemique-au-maroc\\\/204095\\\/#article\",\"isPartOf\":{\"@id\":\"https:\\\/\\\/www.webdo.tn\\\/fr\\\/actualite\\\/international\\\/une-nouvelle-collection-de-lacoste-fait-polemique-au-maroc\\\/204095\\\/\"},\"author\":{\"name\":\"Ramzi\",\"@id\":\"https:\\\/\\\/www.webdo.tn\\\/fr\\\/#\\\/schema\\\/person\\\/590cb5f81adcfde6385530fdbdf468e2\"},\"headline\":\"Une nouvelle collection de Lacoste fait pol\u00e9mique au Maroc\u00a0!\",\"datePublished\":\"2023-03-20T11:19:00+00:00\",\"dateModified\":\"2025-05-20T22:58:36+00:00\",\"mainEntityOfPage\":{\"@id\":\"https:\\\/\\\/www.webdo.tn\\\/fr\\\/actualite\\\/international\\\/une-nouvelle-collection-de-lacoste-fait-polemique-au-maroc\\\/204095\\\/\"},\"wordCount\":161,\"commentCount\":0,\"publisher\":{\"@id\":\"https:\\\/\\\/www.webdo.tn\\\/fr\\\/#organization\"},\"image\":{\"@id\":\"https:\\\/\\\/www.webdo.tn\\\/fr\\\/actualite\\\/international\\\/une-nouvelle-collection-de-lacoste-fait-polemique-au-maroc\\\/204095\\\/#primaryimage\"},\"thumbnailUrl\":\"https:\\\/\\\/www.webdo.tn\\\/fr\\\/wp-content\\\/uploads\\\/2023\\\/03\\\/1aab68adc04cec344831bc8bce38ff81.jpg\",\"keywords\":[\"lacoste\",\"maroc\",\"pol\u00e9mique\",\"sahara\"],\"articleSection\":[\"International\"],\"inLanguage\":\"fr-FR\"},{\"@type\":\"WebPage\",\"@id\":\"https:\\\/\\\/www.webdo.tn\\\/fr\\\/actualite\\\/international\\\/une-nouvelle-collection-de-lacoste-fait-polemique-au-maroc\\\/204095\\\/\",\"url\":\"https:\\\/\\\/www.webdo.tn\\\/fr\\\/actualite\\\/international\\\/une-nouvelle-collection-de-lacoste-fait-polemique-au-maroc\\\/204095\\\/\",\"name\":\"Une nouvelle collection de Lacoste fait pol\u00e9mique au Maroc\u00a0!\",\"isPartOf\":{\"@id\":\"https:\\\/\\\/www.webdo.tn\\\/fr\\\/#website\"},\"primaryImageOfPage\":{\"@id\":\"https:\\\/\\\/www.webdo.tn\\\/fr\\\/actualite\\\/international\\\/une-nouvelle-collection-de-lacoste-fait-polemique-au-maroc\\\/204095\\\/#primaryimage\"},\"image\":{\"@id\":\"https:\\\/\\\/www.webdo.tn\\\/fr\\\/actualite\\\/international\\\/une-nouvelle-collection-de-lacoste-fait-polemique-au-maroc\\\/204095\\\/#primaryimage\"},\"thumbnailUrl\":\"https:\\\/\\\/www.webdo.tn\\\/fr\\\/wp-content\\\/uploads\\\/2023\\\/03\\\/1aab68adc04cec344831bc8bce38ff81.jpg\",\"datePublished\":\"2023-03-20T11:19:00+00:00\",\"dateModified\":\"2025-05-20T22:58:36+00:00\",\"description\":\"Un polo Lacoste o\u00f9 l\u2019on voit une carte du Maroc tronqu\u00e9 de son Sahara a provoqu\u00e9 la col\u00e8re des Marocains qui appellent au boycott de la marque fran\u00e7aise.\",\"breadcrumb\":{\"@id\":\"https:\\\/\\\/www.webdo.tn\\\/fr\\\/actualite\\\/international\\\/une-nouvelle-collection-de-lacoste-fait-polemique-au-maroc\\\/204095\\\/#breadcrumb\"},\"inLanguage\":\"fr-FR\",\"potentialAction\":[{\"@type\":\"ReadAction\",\"target\":[\"https:\\\/\\\/www.webdo.tn\\\/fr\\\/actualite\\\/international\\\/une-nouvelle-collection-de-lacoste-fait-polemique-au-maroc\\\/204095\\\/\"]}]},{\"@type\":\"ImageObject\",\"inLanguage\":\"fr-FR\",\"@id\":\"https:\\\/\\\/www.webdo.tn\\\/fr\\\/actualite\\\/international\\\/une-nouvelle-collection-de-lacoste-fait-polemique-au-maroc\\\/204095\\\/#primaryimage\",\"url\":\"https:\\\/\\\/www.webdo.tn\\\/fr\\\/wp-content\\\/uploads\\\/2023\\\/03\\\/1aab68adc04cec344831bc8bce38ff81.jpg\",\"contentUrl\":\"https:\\\/\\\/www.webdo.tn\\\/fr\\\/wp-content\\\/uploads\\\/2023\\\/03\\\/1aab68adc04cec344831bc8bce38ff81.jpg\",\"width\":750,\"height\":400,\"caption\":\"Une nouvelle collection de Lacoste fait pol\u00e9mique au Maroc\u00a0!\"},{\"@type\":\"BreadcrumbList\",\"@id\":\"https:\\\/\\\/www.webdo.tn\\\/fr\\\/actualite\\\/international\\\/une-nouvelle-collection-de-lacoste-fait-polemique-au-maroc\\\/204095\\\/#breadcrumb\",\"itemListElement\":[{\"@type\":\"ListItem\",\"position\":1,\"name\":\"Accueil\",\"item\":\"https:\\\/\\\/www.webdo.tn\\\/fr\\\/\"},{\"@type\":\"ListItem\",\"position\":2,\"name\":\"Une nouvelle collection de Lacoste fait pol\u00e9mique au Maroc\u00a0!\"}]},{\"@type\":\"WebSite\",\"@id\":\"https:\\\/\\\/www.webdo.tn\\\/fr\\\/#website\",\"url\":\"https:\\\/\\\/www.webdo.tn\\\/fr\\\/\",\"name\":\"webdo\",\"description\":\"Tunisie - News en Tunisie et \u00e0 l&#039;international sur Webdo.tn\",\"publisher\":{\"@id\":\"https:\\\/\\\/www.webdo.tn\\\/fr\\\/#organization\"},\"potentialAction\":[{\"@type\":\"SearchAction\",\"target\":{\"@type\":\"EntryPoint\",\"urlTemplate\":\"https:\\\/\\\/www.webdo.tn\\\/fr\\\/?s={search_term_string}\"},\"query-input\":{\"@type\":\"PropertyValueSpecification\",\"valueRequired\":true,\"valueName\":\"search_term_string\"}}],\"inLanguage\":\"fr-FR\"},{\"@type\":\"Organization\",\"@id\":\"https:\\\/\\\/www.webdo.tn\\\/fr\\\/#organization\",\"name\":\"Webdo\",\"alternateName\":\"Webdo.tn\",\"url\":\"https:\\\/\\\/www.webdo.tn\\\/fr\\\/\",\"logo\":{\"@type\":\"ImageObject\",\"inLanguage\":\"fr-FR\",\"@id\":\"https:\\\/\\\/www.webdo.tn\\\/fr\\\/#\\\/schema\\\/logo\\\/image\\\/\",\"url\":\"https:\\\/\\\/www.webdo.tn\\\/fr\\\/wp-content\\\/uploads\\\/2025\\\/06\\\/Webdo-Tunisie_168377.jpg\",\"contentUrl\":\"https:\\\/\\\/www.webdo.tn\\\/fr\\\/wp-content\\\/uploads\\\/2025\\\/06\\\/Webdo-Tunisie_168377.jpg\",\"width\":301,\"height\":301,\"caption\":\"Webdo\"},\"image\":{\"@id\":\"https:\\\/\\\/www.webdo.tn\\\/fr\\\/#\\\/schema\\\/logo\\\/image\\\/\"},\"sameAs\":[\"https:\\\/\\\/www.facebook.com\\\/webdotn\",\"https:\\\/\\\/x.com\\\/webdo_tn\"],\"description\":\"Webdo est un m\u00e9dia num\u00e9rique tunisien fond\u00e9 en 2010, sp\u00e9cialis\u00e9 dans l\u2019actualit\u00e9 nationale et internationale, l\u2019\u00e9conomie, la soci\u00e9t\u00e9 et les analyses politiques. Le site s\u2019adresse \u00e0 un large public francophone et couvre l\u2019information tunisienne en temps r\u00e9el.\",\"email\":\"redac@webdo.tn\",\"legalName\":\"YNJ SARL\",\"foundingDate\":\"2010-09-06\",\"numberOfEmployees\":{\"@type\":\"QuantitativeValue\",\"minValue\":\"11\",\"maxValue\":\"50\"}},{\"@type\":\"Person\",\"@id\":\"https:\\\/\\\/www.webdo.tn\\\/fr\\\/#\\\/schema\\\/person\\\/590cb5f81adcfde6385530fdbdf468e2\",\"name\":\"Ramzi\",\"image\":{\"@type\":\"ImageObject\",\"inLanguage\":\"fr-FR\",\"@id\":\"https:\\\/\\\/secure.gravatar.com\\\/avatar\\\/48df7d18915e10cf866ba8e27604c81ff9243fd52704a1d210c3e387e1cb8d87?s=96&d=mm&r=g\",\"url\":\"https:\\\/\\\/secure.gravatar.com\\\/avatar\\\/48df7d18915e10cf866ba8e27604c81ff9243fd52704a1d210c3e387e1cb8d87?s=96&d=mm&r=g\",\"contentUrl\":\"https:\\\/\\\/secure.gravatar.com\\\/avatar\\\/48df7d18915e10cf866ba8e27604c81ff9243fd52704a1d210c3e387e1cb8d87?s=96&d=mm&r=g\",\"caption\":\"Ramzi\"},\"url\":\"https:\\\/\\\/www.webdo.tn\\\/fr\\\/actualite\\\/author\\\/ramzi\\\/\"}]}<\/script>\n<!-- \/ Yoast SEO Premium plugin. -->","yoast_head_json":{"title":"Une nouvelle collection de Lacoste fait pol\u00e9mique au Maroc\u00a0!","description":"Un polo Lacoste o\u00f9 l\u2019on voit une carte du Maroc tronqu\u00e9 de son Sahara a provoqu\u00e9 la col\u00e8re des Marocains qui appellent au boycott de la marque fran\u00e7aise.","canonical":"https:\/\/www.webdo.tn\/fr\/actualite\/international\/une-nouvelle-collection-de-lacoste-fait-polemique-au-maroc\/204095\/","og_locale":"fr_FR","og_type":"article","og_title":"Une nouvelle collection de Lacoste fait pol\u00e9mique au Maroc\u00a0!","og_description":"Un polo Lacoste o\u00f9 l\u2019on voit une carte du Maroc tronqu\u00e9 de son Sahara a provoqu\u00e9 la col\u00e8re des Marocains qui appellent au boycott de la marque fran\u00e7aise.","og_url":"https:\/\/www.webdo.tn\/fr\/actualite\/international\/une-nouvelle-collection-de-lacoste-fait-polemique-au-maroc\/204095\/","og_site_name":"webdo","article_publisher":"https:\/\/www.facebook.com\/webdotn","article_published_time":"2023-03-20T11:19:00+00:00","article_modified_time":"2025-05-20T22:58:36+00:00","og_image":[{"width":750,"height":400,"url":"https:\/\/www.webdo.tn\/fr\/wp-content\/uploads\/2023\/03\/1aab68adc04cec344831bc8bce38ff81.jpg","type":"image\/jpeg"}],"author":"Ramzi","twitter_card":"summary_large_image","twitter_creator":"@webdo_tn","twitter_site":"@webdo_tn","twitter_misc":{"\u00c9crit par":"Ramzi","Dur\u00e9e de lecture estim\u00e9e":"1 minute"},"schema":{"@context":"https:\/\/schema.org","@graph":[{"@type":"NewsArticle","@id":"https:\/\/www.webdo.tn\/fr\/actualite\/international\/une-nouvelle-collection-de-lacoste-fait-polemique-au-maroc\/204095\/#article","isPartOf":{"@id":"https:\/\/www.webdo.tn\/fr\/actualite\/international\/une-nouvelle-collection-de-lacoste-fait-polemique-au-maroc\/204095\/"},"author":{"name":"Ramzi","@id":"https:\/\/www.webdo.tn\/fr\/#\/schema\/person\/590cb5f81adcfde6385530fdbdf468e2"},"headline":"Une nouvelle collection de Lacoste fait pol\u00e9mique au Maroc\u00a0!","datePublished":"2023-03-20T11:19:00+00:00","dateModified":"2025-05-20T22:58:36+00:00","mainEntityOfPage":{"@id":"https:\/\/www.webdo.tn\/fr\/actualite\/international\/une-nouvelle-collection-de-lacoste-fait-polemique-au-maroc\/204095\/"},"wordCount":161,"commentCount":0,"publisher":{"@id":"https:\/\/www.webdo.tn\/fr\/#organization"},"image":{"@id":"https:\/\/www.webdo.tn\/fr\/actualite\/international\/une-nouvelle-collection-de-lacoste-fait-polemique-au-maroc\/204095\/#primaryimage"},"thumbnailUrl":"https:\/\/www.webdo.tn\/fr\/wp-content\/uploads\/2023\/03\/1aab68adc04cec344831bc8bce38ff81.jpg","keywords":["lacoste","maroc","pol\u00e9mique","sahara"],"articleSection":["International"],"inLanguage":"fr-FR"},{"@type":"WebPage","@id":"https:\/\/www.webdo.tn\/fr\/actualite\/international\/une-nouvelle-collection-de-lacoste-fait-polemique-au-maroc\/204095\/","url":"https:\/\/www.webdo.tn\/fr\/actualite\/international\/une-nouvelle-collection-de-lacoste-fait-polemique-au-maroc\/204095\/","name":"Une nouvelle collection de Lacoste fait pol\u00e9mique au Maroc\u00a0!","isPartOf":{"@id":"https:\/\/www.webdo.tn\/fr\/#website"},"primaryImageOfPage":{"@id":"https:\/\/www.webdo.tn\/fr\/actualite\/international\/une-nouvelle-collection-de-lacoste-fait-polemique-au-maroc\/204095\/#primaryimage"},"image":{"@id":"https:\/\/www.webdo.tn\/fr\/actualite\/international\/une-nouvelle-collection-de-lacoste-fait-polemique-au-maroc\/204095\/#primaryimage"},"thumbnailUrl":"https:\/\/www.webdo.tn\/fr\/wp-content\/uploads\/2023\/03\/1aab68adc04cec344831bc8bce38ff81.jpg","datePublished":"2023-03-20T11:19:00+00:00","dateModified":"2025-05-20T22:58:36+00:00","description":"Un polo Lacoste o\u00f9 l\u2019on voit une carte du Maroc tronqu\u00e9 de son Sahara a provoqu\u00e9 la col\u00e8re des Marocains qui appellent au boycott de la marque fran\u00e7aise.","breadcrumb":{"@id":"https:\/\/www.webdo.tn\/fr\/actualite\/international\/une-nouvelle-collection-de-lacoste-fait-polemique-au-maroc\/204095\/#breadcrumb"},"inLanguage":"fr-FR","potentialAction":[{"@type":"ReadAction","target":["https:\/\/www.webdo.tn\/fr\/actualite\/international\/une-nouvelle-collection-de-lacoste-fait-polemique-au-maroc\/204095\/"]}]},{"@type":"ImageObject","inLanguage":"fr-FR","@id":"https:\/\/www.webdo.tn\/fr\/actualite\/international\/une-nouvelle-collection-de-lacoste-fait-polemique-au-maroc\/204095\/#primaryimage","url":"https:\/\/www.webdo.tn\/fr\/wp-content\/uploads\/2023\/03\/1aab68adc04cec344831bc8bce38ff81.jpg","contentUrl":"https:\/\/www.webdo.tn\/fr\/wp-content\/uploads\/2023\/03\/1aab68adc04cec344831bc8bce38ff81.jpg","width":750,"height":400,"caption":"Une nouvelle collection de Lacoste fait pol\u00e9mique au Maroc\u00a0!"},{"@type":"BreadcrumbList","@id":"https:\/\/www.webdo.tn\/fr\/actualite\/international\/une-nouvelle-collection-de-lacoste-fait-polemique-au-maroc\/204095\/#breadcrumb","itemListElement":[{"@type":"ListItem","position":1,"name":"Accueil","item":"https:\/\/www.webdo.tn\/fr\/"},{"@type":"ListItem","position":2,"name":"Une nouvelle collection de Lacoste fait pol\u00e9mique au Maroc\u00a0!"}]},{"@type":"WebSite","@id":"https:\/\/www.webdo.tn\/fr\/#website","url":"https:\/\/www.webdo.tn\/fr\/","name":"webdo","description":"Tunisie - News en Tunisie et \u00e0 l&#039;international sur Webdo.tn","publisher":{"@id":"https:\/\/www.webdo.tn\/fr\/#organization"},"potentialAction":[{"@type":"SearchAction","target":{"@type":"EntryPoint","urlTemplate":"https:\/\/www.webdo.tn\/fr\/?s={search_term_string}"},"query-input":{"@type":"PropertyValueSpecification","valueRequired":true,"valueName":"search_term_string"}}],"inLanguage":"fr-FR"},{"@type":"Organization","@id":"https:\/\/www.webdo.tn\/fr\/#organization","name":"Webdo","alternateName":"Webdo.tn","url":"https:\/\/www.webdo.tn\/fr\/","logo":{"@type":"ImageObject","inLanguage":"fr-FR","@id":"https:\/\/www.webdo.tn\/fr\/#\/schema\/logo\/image\/","url":"https:\/\/www.webdo.tn\/fr\/wp-content\/uploads\/2025\/06\/Webdo-Tunisie_168377.jpg","contentUrl":"https:\/\/www.webdo.tn\/fr\/wp-content\/uploads\/2025\/06\/Webdo-Tunisie_168377.jpg","width":301,"height":301,"caption":"Webdo"},"image":{"@id":"https:\/\/www.webdo.tn\/fr\/#\/schema\/logo\/image\/"},"sameAs":["https:\/\/www.facebook.com\/webdotn","https:\/\/x.com\/webdo_tn"],"description":"Webdo est un m\u00e9dia num\u00e9rique tunisien fond\u00e9 en 2010, sp\u00e9cialis\u00e9 dans l\u2019actualit\u00e9 nationale et internationale, l\u2019\u00e9conomie, la soci\u00e9t\u00e9 et les analyses politiques. Le site s\u2019adresse \u00e0 un large public francophone et couvre l\u2019information tunisienne en temps r\u00e9el.","email":"redac@webdo.tn","legalName":"YNJ SARL","foundingDate":"2010-09-06","numberOfEmployees":{"@type":"QuantitativeValue","minValue":"11","maxValue":"50"}},{"@type":"Person","@id":"https:\/\/www.webdo.tn\/fr\/#\/schema\/person\/590cb5f81adcfde6385530fdbdf468e2","name":"Ramzi","image":{"@type":"ImageObject","inLanguage":"fr-FR","@id":"https:\/\/secure.gravatar.com\/avatar\/48df7d18915e10cf866ba8e27604c81ff9243fd52704a1d210c3e387e1cb8d87?s=96&d=mm&r=g","url":"https:\/\/secure.gravatar.com\/avatar\/48df7d18915e10cf866ba8e27604c81ff9243fd52704a1d210c3e387e1cb8d87?s=96&d=mm&r=g","contentUrl":"https:\/\/secure.gravatar.com\/avatar\/48df7d18915e10cf866ba8e27604c81ff9243fd52704a1d210c3e387e1cb8d87?s=96&d=mm&r=g","caption":"Ramzi"},"url":"https:\/\/www.webdo.tn\/fr\/actualite\/author\/ramzi\/"}]}},"_links":{"self":[{"href":"https:\/\/www.webdo.tn\/fr\/wp-json\/wp\/v2\/posts\/204095","targetHints":{"allow":["GET"]}}],"collection":[{"href":"https:\/\/www.webdo.tn\/fr\/wp-json\/wp\/v2\/posts"}],"about":[{"href":"https:\/\/www.webdo.tn\/fr\/wp-json\/wp\/v2\/types\/post"}],"author":[{"embeddable":true,"href":"https:\/\/www.webdo.tn\/fr\/wp-json\/wp\/v2\/users\/3188"}],"replies":[{"embeddable":true,"href":"https:\/\/www.webdo.tn\/fr\/wp-json\/wp\/v2\/comments?post=204095"}],"version-history":[{"count":0,"href":"https:\/\/www.webdo.tn\/fr\/wp-json\/wp\/v2\/posts\/204095\/revisions"}],"wp:featuredmedia":[{"embeddable":true,"href":"https:\/\/www.webdo.tn\/fr\/wp-json\/wp\/v2\/media\/251682"}],"wp:attachment":[{"href":"https:\/\/www.webdo.tn\/fr\/wp-json\/wp\/v2\/media?parent=204095"}],"wp:term":[{"taxonomy":"category","embeddable":true,"href":"https:\/\/www.webdo.tn\/fr\/wp-json\/wp\/v2\/categories?post=204095"},{"taxonomy":"post_tag","embeddable":true,"href":"https:\/\/www.webdo.tn\/fr\/wp-json\/wp\/v2\/tags?post=204095"}],"curies":[{"name":"wp","href":"https:\/\/api.w.org\/{rel}","templated":true}]}}