{"id":204094,"date":"2023-03-20T11:15:00","date_gmt":"2023-03-20T11:15:00","guid":{"rendered":"https:\/\/www.webdo.tn\/fr\/blog\/bct-baisse-des-avoirs-nets-en-devises-a-21-8-milliards-de-dinars\/204094\/"},"modified":"2025-05-20T23:00:54","modified_gmt":"2025-05-20T23:00:54","slug":"bct-baisse-des-avoirs-nets-en-devises-a-21-8-milliards-de-dinars","status":"publish","type":"post","link":"https:\/\/www.webdo.tn\/fr\/actualite\/national\/bct-baisse-des-avoirs-nets-en-devises-a-21-8-milliards-de-dinars\/204094\/","title":{"rendered":"BCT : Baisse des avoirs nets en devises  \u00e0  21,8 milliards de dinars"},"content":{"rendered":"<p>Les avoirs nets en devises ont r\u00e9gress\u00e9 \u00e0 21,8  milliards de dinars, ce qui repr\u00e9sente 94 jours d\u2019importation, \u00e0 la date du 17 mars 2023, d\u2019apr\u00e8s les indicateurs d\u2019activit\u00e9s mon\u00e9taires et financiers publi\u00e9s jeudi, par la Banque Centrale de Tunisie (BCT).<\/p>\n<p>\t\t\t\t\t\t\t\t\tCes r\u00e9serves en devises \u00e9taient de 22,4 milliards de dinars, repr\u00e9sentant 98 jours d\u2019importation, \u00e0 la date du 18 janvier 2023.<\/p>\n<p>Pour ce qui est des autres indicateurs de la BCT, la valeur des billets et monnaies en circulation au 16 mars 2023 est de 18809 MDT alors que le volume global de refinancement au 17 mars 2023 est de 14519 MDT.<\/p>\n","protected":false},"excerpt":{"rendered":"<p>Les avoirs nets en devises ont r\u00e9gress\u00e9 \u00e0 21,8  milliards de dinars, ce qui repr\u00e9sente 94 jours d\u2019importation, \u00e0 la date du 17 mars 2023, d\u2019apr\u00e8s les indicateur&#8230;<\/p>\n","protected":false},"author":3195,"featured_media":277947,"comment_status":"open","ping_status":"closed","sticky":false,"template":"","format":"standard","meta":{"footnotes":""},"categories":[44],"tags":[3498,2810,2807,3438,3971,2608],"class_list":["post-204094","post","type-post","status-publish","format-standard","has-post-thumbnail","hentry","category-national","tag-avoirs","tag-banque-centrale","tag-bct","tag-devises","tag-reserves","tag-tunisie"],"yoast_head":"<!-- This site is optimized with the Yoast SEO Premium plugin v27.4 (Yoast SEO v27.5) - https:\/\/yoast.com\/product\/yoast-seo-premium-wordpress\/ -->\n<title>BCT : Baisse des avoirs nets en devises \u00e0 21,8 milliards de dinars<\/title>\n<meta name=\"description\" content=\"Les avoirs nets en devises ont r\u00e9gress\u00e9 \u00e0 21,8 milliards de dinars, ce qui repr\u00e9sente 94 jours d\u2019importation, \u00e0 la date du 17 mars 2023, d\u2019apr\u00e8s les indicateur...\" \/>\n<link rel=\"canonical\" href=\"https:\/\/www.webdo.tn\/fr\/actualite\/national\/bct-baisse-des-avoirs-nets-en-devises-a-21-8-milliards-de-dinars\/204094\/\" \/>\n<meta property=\"og:locale\" content=\"fr_FR\" \/>\n<meta property=\"og:type\" content=\"article\" \/>\n<meta property=\"og:title\" content=\"BCT : Baisse des avoirs nets en devises \u00e0 21,8 milliards de dinars\" \/>\n<meta property=\"og:description\" content=\"Les avoirs nets en devises ont r\u00e9gress\u00e9 \u00e0 21,8 milliards de dinars, ce qui repr\u00e9sente 94 jours d\u2019importation, \u00e0 la date du 17 mars 2023, d\u2019apr\u00e8s les indicateur...\" \/>\n<meta property=\"og:url\" content=\"https:\/\/www.webdo.tn\/fr\/actualite\/national\/bct-baisse-des-avoirs-nets-en-devises-a-21-8-milliards-de-dinars\/204094\/\" \/>\n<meta property=\"og:site_name\" content=\"webdo\" \/>\n<meta property=\"article:publisher\" content=\"https:\/\/www.facebook.com\/webdotn\" \/>\n<meta property=\"article:published_time\" content=\"2023-03-20T11:15:00+00:00\" \/>\n<meta property=\"article:modified_time\" content=\"2025-05-20T23:00:54+00:00\" \/>\n<meta property=\"og:image\" content=\"https:\/\/www.webdo.tn\/fr\/wp-content\/uploads\/2023\/03\/7444a99cf2e0ccd536d1627f96edf8d7.jpg\" \/>\n\t<meta property=\"og:image:width\" content=\"750\" \/>\n\t<meta property=\"og:image:height\" content=\"400\" \/>\n\t<meta property=\"og:image:type\" content=\"image\/jpeg\" \/>\n<meta name=\"author\" content=\"NJ\" \/>\n<meta name=\"twitter:card\" content=\"summary_large_image\" \/>\n<meta name=\"twitter:creator\" content=\"@webdo_tn\" \/>\n<meta name=\"twitter:site\" content=\"@webdo_tn\" \/>\n<meta name=\"twitter:label1\" content=\"\u00c9crit par\" \/>\n\t<meta name=\"twitter:data1\" content=\"NJ\" \/>\n<script type=\"application\/ld+json\" class=\"yoast-schema-graph\">{\"@context\":\"https:\\\/\\\/schema.org\",\"@graph\":[{\"@type\":\"NewsArticle\",\"@id\":\"https:\\\/\\\/www.webdo.tn\\\/fr\\\/actualite\\\/national\\\/bct-baisse-des-avoirs-nets-en-devises-a-21-8-milliards-de-dinars\\\/204094\\\/#article\",\"isPartOf\":{\"@id\":\"https:\\\/\\\/www.webdo.tn\\\/fr\\\/actualite\\\/national\\\/bct-baisse-des-avoirs-nets-en-devises-a-21-8-milliards-de-dinars\\\/204094\\\/\"},\"author\":{\"name\":\"NJ\",\"@id\":\"https:\\\/\\\/www.webdo.tn\\\/fr\\\/#\\\/schema\\\/person\\\/646f7c4406ab78299805d9d39b2636d8\"},\"headline\":\"BCT : Baisse des avoirs nets en devises \u00e0 21,8 milliards de dinars\",\"datePublished\":\"2023-03-20T11:15:00+00:00\",\"dateModified\":\"2025-05-20T23:00:54+00:00\",\"mainEntityOfPage\":{\"@id\":\"https:\\\/\\\/www.webdo.tn\\\/fr\\\/actualite\\\/national\\\/bct-baisse-des-avoirs-nets-en-devises-a-21-8-milliards-de-dinars\\\/204094\\\/\"},\"wordCount\":108,\"commentCount\":0,\"publisher\":{\"@id\":\"https:\\\/\\\/www.webdo.tn\\\/fr\\\/#organization\"},\"image\":{\"@id\":\"https:\\\/\\\/www.webdo.tn\\\/fr\\\/actualite\\\/national\\\/bct-baisse-des-avoirs-nets-en-devises-a-21-8-milliards-de-dinars\\\/204094\\\/#primaryimage\"},\"thumbnailUrl\":\"https:\\\/\\\/www.webdo.tn\\\/fr\\\/wp-content\\\/uploads\\\/2023\\\/03\\\/7444a99cf2e0ccd536d1627f96edf8d7.jpg\",\"keywords\":[\"avoirs\",\"Banque centrale\",\"BCT\",\"devises\",\"r\u00e9serves\",\"Tunisie\"],\"articleSection\":[\"National\"],\"inLanguage\":\"fr-FR\"},{\"@type\":\"WebPage\",\"@id\":\"https:\\\/\\\/www.webdo.tn\\\/fr\\\/actualite\\\/national\\\/bct-baisse-des-avoirs-nets-en-devises-a-21-8-milliards-de-dinars\\\/204094\\\/\",\"url\":\"https:\\\/\\\/www.webdo.tn\\\/fr\\\/actualite\\\/national\\\/bct-baisse-des-avoirs-nets-en-devises-a-21-8-milliards-de-dinars\\\/204094\\\/\",\"name\":\"BCT : Baisse des avoirs nets en devises \u00e0 21,8 milliards de dinars\",\"isPartOf\":{\"@id\":\"https:\\\/\\\/www.webdo.tn\\\/fr\\\/#website\"},\"primaryImageOfPage\":{\"@id\":\"https:\\\/\\\/www.webdo.tn\\\/fr\\\/actualite\\\/national\\\/bct-baisse-des-avoirs-nets-en-devises-a-21-8-milliards-de-dinars\\\/204094\\\/#primaryimage\"},\"image\":{\"@id\":\"https:\\\/\\\/www.webdo.tn\\\/fr\\\/actualite\\\/national\\\/bct-baisse-des-avoirs-nets-en-devises-a-21-8-milliards-de-dinars\\\/204094\\\/#primaryimage\"},\"thumbnailUrl\":\"https:\\\/\\\/www.webdo.tn\\\/fr\\\/wp-content\\\/uploads\\\/2023\\\/03\\\/7444a99cf2e0ccd536d1627f96edf8d7.jpg\",\"datePublished\":\"2023-03-20T11:15:00+00:00\",\"dateModified\":\"2025-05-20T23:00:54+00:00\",\"description\":\"Les avoirs nets en devises ont r\u00e9gress\u00e9 \u00e0 21,8 milliards de dinars, ce qui repr\u00e9sente 94 jours d\u2019importation, \u00e0 la date du 17 mars 2023, d\u2019apr\u00e8s les indicateur...\",\"breadcrumb\":{\"@id\":\"https:\\\/\\\/www.webdo.tn\\\/fr\\\/actualite\\\/national\\\/bct-baisse-des-avoirs-nets-en-devises-a-21-8-milliards-de-dinars\\\/204094\\\/#breadcrumb\"},\"inLanguage\":\"fr-FR\",\"potentialAction\":[{\"@type\":\"ReadAction\",\"target\":[\"https:\\\/\\\/www.webdo.tn\\\/fr\\\/actualite\\\/national\\\/bct-baisse-des-avoirs-nets-en-devises-a-21-8-milliards-de-dinars\\\/204094\\\/\"]}]},{\"@type\":\"ImageObject\",\"inLanguage\":\"fr-FR\",\"@id\":\"https:\\\/\\\/www.webdo.tn\\\/fr\\\/actualite\\\/national\\\/bct-baisse-des-avoirs-nets-en-devises-a-21-8-milliards-de-dinars\\\/204094\\\/#primaryimage\",\"url\":\"https:\\\/\\\/www.webdo.tn\\\/fr\\\/wp-content\\\/uploads\\\/2023\\\/03\\\/7444a99cf2e0ccd536d1627f96edf8d7.jpg\",\"contentUrl\":\"https:\\\/\\\/www.webdo.tn\\\/fr\\\/wp-content\\\/uploads\\\/2023\\\/03\\\/7444a99cf2e0ccd536d1627f96edf8d7.jpg\",\"width\":750,\"height\":400,\"caption\":\"BCT : Baisse des avoirs nets en devises \u00e0 21,8 milliards de dinars\"},{\"@type\":\"BreadcrumbList\",\"@id\":\"https:\\\/\\\/www.webdo.tn\\\/fr\\\/actualite\\\/national\\\/bct-baisse-des-avoirs-nets-en-devises-a-21-8-milliards-de-dinars\\\/204094\\\/#breadcrumb\",\"itemListElement\":[{\"@type\":\"ListItem\",\"position\":1,\"name\":\"Accueil\",\"item\":\"https:\\\/\\\/www.webdo.tn\\\/fr\\\/\"},{\"@type\":\"ListItem\",\"position\":2,\"name\":\"BCT : Baisse des avoirs nets en devises \u00e0 21,8 milliards de dinars\"}]},{\"@type\":\"WebSite\",\"@id\":\"https:\\\/\\\/www.webdo.tn\\\/fr\\\/#website\",\"url\":\"https:\\\/\\\/www.webdo.tn\\\/fr\\\/\",\"name\":\"webdo\",\"description\":\"Tunisie - News en Tunisie et \u00e0 l&#039;international sur Webdo.tn\",\"publisher\":{\"@id\":\"https:\\\/\\\/www.webdo.tn\\\/fr\\\/#organization\"},\"potentialAction\":[{\"@type\":\"SearchAction\",\"target\":{\"@type\":\"EntryPoint\",\"urlTemplate\":\"https:\\\/\\\/www.webdo.tn\\\/fr\\\/?s={search_term_string}\"},\"query-input\":{\"@type\":\"PropertyValueSpecification\",\"valueRequired\":true,\"valueName\":\"search_term_string\"}}],\"inLanguage\":\"fr-FR\"},{\"@type\":\"Organization\",\"@id\":\"https:\\\/\\\/www.webdo.tn\\\/fr\\\/#organization\",\"name\":\"Webdo\",\"alternateName\":\"Webdo.tn\",\"url\":\"https:\\\/\\\/www.webdo.tn\\\/fr\\\/\",\"logo\":{\"@type\":\"ImageObject\",\"inLanguage\":\"fr-FR\",\"@id\":\"https:\\\/\\\/www.webdo.tn\\\/fr\\\/#\\\/schema\\\/logo\\\/image\\\/\",\"url\":\"https:\\\/\\\/www.webdo.tn\\\/fr\\\/wp-content\\\/uploads\\\/2025\\\/06\\\/Webdo-Tunisie_168377.jpg\",\"contentUrl\":\"https:\\\/\\\/www.webdo.tn\\\/fr\\\/wp-content\\\/uploads\\\/2025\\\/06\\\/Webdo-Tunisie_168377.jpg\",\"width\":301,\"height\":301,\"caption\":\"Webdo\"},\"image\":{\"@id\":\"https:\\\/\\\/www.webdo.tn\\\/fr\\\/#\\\/schema\\\/logo\\\/image\\\/\"},\"sameAs\":[\"https:\\\/\\\/www.facebook.com\\\/webdotn\",\"https:\\\/\\\/x.com\\\/webdo_tn\"],\"description\":\"Webdo est un m\u00e9dia num\u00e9rique tunisien fond\u00e9 en 2010, sp\u00e9cialis\u00e9 dans l\u2019actualit\u00e9 nationale et internationale, l\u2019\u00e9conomie, la soci\u00e9t\u00e9 et les analyses politiques. Le site s\u2019adresse \u00e0 un large public francophone et couvre l\u2019information tunisienne en temps r\u00e9el.\",\"email\":\"redac@webdo.tn\",\"legalName\":\"YNJ SARL\",\"foundingDate\":\"2010-09-06\",\"numberOfEmployees\":{\"@type\":\"QuantitativeValue\",\"minValue\":\"11\",\"maxValue\":\"50\"}},{\"@type\":\"Person\",\"@id\":\"https:\\\/\\\/www.webdo.tn\\\/fr\\\/#\\\/schema\\\/person\\\/646f7c4406ab78299805d9d39b2636d8\",\"name\":\"NJ\",\"image\":{\"@type\":\"ImageObject\",\"inLanguage\":\"fr-FR\",\"@id\":\"https:\\\/\\\/secure.gravatar.com\\\/avatar\\\/57ee8a7cee8271948beede1dd4413f641d3b749a42dfabf45a3352af812389e1?s=96&d=mm&r=g\",\"url\":\"https:\\\/\\\/secure.gravatar.com\\\/avatar\\\/57ee8a7cee8271948beede1dd4413f641d3b749a42dfabf45a3352af812389e1?s=96&d=mm&r=g\",\"contentUrl\":\"https:\\\/\\\/secure.gravatar.com\\\/avatar\\\/57ee8a7cee8271948beede1dd4413f641d3b749a42dfabf45a3352af812389e1?s=96&d=mm&r=g\",\"caption\":\"NJ\"},\"url\":\"https:\\\/\\\/www.webdo.tn\\\/fr\\\/actualite\\\/author\\\/nj\\\/\"}]}<\/script>\n<!-- \/ Yoast SEO Premium plugin. -->","yoast_head_json":{"title":"BCT : Baisse des avoirs nets en devises \u00e0 21,8 milliards de dinars","description":"Les avoirs nets en devises ont r\u00e9gress\u00e9 \u00e0 21,8 milliards de dinars, ce qui repr\u00e9sente 94 jours d\u2019importation, \u00e0 la date du 17 mars 2023, d\u2019apr\u00e8s les indicateur...","canonical":"https:\/\/www.webdo.tn\/fr\/actualite\/national\/bct-baisse-des-avoirs-nets-en-devises-a-21-8-milliards-de-dinars\/204094\/","og_locale":"fr_FR","og_type":"article","og_title":"BCT : Baisse des avoirs nets en devises \u00e0 21,8 milliards de dinars","og_description":"Les avoirs nets en devises ont r\u00e9gress\u00e9 \u00e0 21,8 milliards de dinars, ce qui repr\u00e9sente 94 jours d\u2019importation, \u00e0 la date du 17 mars 2023, d\u2019apr\u00e8s les indicateur...","og_url":"https:\/\/www.webdo.tn\/fr\/actualite\/national\/bct-baisse-des-avoirs-nets-en-devises-a-21-8-milliards-de-dinars\/204094\/","og_site_name":"webdo","article_publisher":"https:\/\/www.facebook.com\/webdotn","article_published_time":"2023-03-20T11:15:00+00:00","article_modified_time":"2025-05-20T23:00:54+00:00","og_image":[{"width":750,"height":400,"url":"https:\/\/www.webdo.tn\/fr\/wp-content\/uploads\/2023\/03\/7444a99cf2e0ccd536d1627f96edf8d7.jpg","type":"image\/jpeg"}],"author":"NJ","twitter_card":"summary_large_image","twitter_creator":"@webdo_tn","twitter_site":"@webdo_tn","twitter_misc":{"\u00c9crit par":"NJ"},"schema":{"@context":"https:\/\/schema.org","@graph":[{"@type":"NewsArticle","@id":"https:\/\/www.webdo.tn\/fr\/actualite\/national\/bct-baisse-des-avoirs-nets-en-devises-a-21-8-milliards-de-dinars\/204094\/#article","isPartOf":{"@id":"https:\/\/www.webdo.tn\/fr\/actualite\/national\/bct-baisse-des-avoirs-nets-en-devises-a-21-8-milliards-de-dinars\/204094\/"},"author":{"name":"NJ","@id":"https:\/\/www.webdo.tn\/fr\/#\/schema\/person\/646f7c4406ab78299805d9d39b2636d8"},"headline":"BCT : Baisse des avoirs nets en devises \u00e0 21,8 milliards de dinars","datePublished":"2023-03-20T11:15:00+00:00","dateModified":"2025-05-20T23:00:54+00:00","mainEntityOfPage":{"@id":"https:\/\/www.webdo.tn\/fr\/actualite\/national\/bct-baisse-des-avoirs-nets-en-devises-a-21-8-milliards-de-dinars\/204094\/"},"wordCount":108,"commentCount":0,"publisher":{"@id":"https:\/\/www.webdo.tn\/fr\/#organization"},"image":{"@id":"https:\/\/www.webdo.tn\/fr\/actualite\/national\/bct-baisse-des-avoirs-nets-en-devises-a-21-8-milliards-de-dinars\/204094\/#primaryimage"},"thumbnailUrl":"https:\/\/www.webdo.tn\/fr\/wp-content\/uploads\/2023\/03\/7444a99cf2e0ccd536d1627f96edf8d7.jpg","keywords":["avoirs","Banque centrale","BCT","devises","r\u00e9serves","Tunisie"],"articleSection":["National"],"inLanguage":"fr-FR"},{"@type":"WebPage","@id":"https:\/\/www.webdo.tn\/fr\/actualite\/national\/bct-baisse-des-avoirs-nets-en-devises-a-21-8-milliards-de-dinars\/204094\/","url":"https:\/\/www.webdo.tn\/fr\/actualite\/national\/bct-baisse-des-avoirs-nets-en-devises-a-21-8-milliards-de-dinars\/204094\/","name":"BCT : Baisse des avoirs nets en devises \u00e0 21,8 milliards de dinars","isPartOf":{"@id":"https:\/\/www.webdo.tn\/fr\/#website"},"primaryImageOfPage":{"@id":"https:\/\/www.webdo.tn\/fr\/actualite\/national\/bct-baisse-des-avoirs-nets-en-devises-a-21-8-milliards-de-dinars\/204094\/#primaryimage"},"image":{"@id":"https:\/\/www.webdo.tn\/fr\/actualite\/national\/bct-baisse-des-avoirs-nets-en-devises-a-21-8-milliards-de-dinars\/204094\/#primaryimage"},"thumbnailUrl":"https:\/\/www.webdo.tn\/fr\/wp-content\/uploads\/2023\/03\/7444a99cf2e0ccd536d1627f96edf8d7.jpg","datePublished":"2023-03-20T11:15:00+00:00","dateModified":"2025-05-20T23:00:54+00:00","description":"Les avoirs nets en devises ont r\u00e9gress\u00e9 \u00e0 21,8 milliards de dinars, ce qui repr\u00e9sente 94 jours d\u2019importation, \u00e0 la date du 17 mars 2023, d\u2019apr\u00e8s les indicateur...","breadcrumb":{"@id":"https:\/\/www.webdo.tn\/fr\/actualite\/national\/bct-baisse-des-avoirs-nets-en-devises-a-21-8-milliards-de-dinars\/204094\/#breadcrumb"},"inLanguage":"fr-FR","potentialAction":[{"@type":"ReadAction","target":["https:\/\/www.webdo.tn\/fr\/actualite\/national\/bct-baisse-des-avoirs-nets-en-devises-a-21-8-milliards-de-dinars\/204094\/"]}]},{"@type":"ImageObject","inLanguage":"fr-FR","@id":"https:\/\/www.webdo.tn\/fr\/actualite\/national\/bct-baisse-des-avoirs-nets-en-devises-a-21-8-milliards-de-dinars\/204094\/#primaryimage","url":"https:\/\/www.webdo.tn\/fr\/wp-content\/uploads\/2023\/03\/7444a99cf2e0ccd536d1627f96edf8d7.jpg","contentUrl":"https:\/\/www.webdo.tn\/fr\/wp-content\/uploads\/2023\/03\/7444a99cf2e0ccd536d1627f96edf8d7.jpg","width":750,"height":400,"caption":"BCT : Baisse des avoirs nets en devises \u00e0 21,8 milliards de dinars"},{"@type":"BreadcrumbList","@id":"https:\/\/www.webdo.tn\/fr\/actualite\/national\/bct-baisse-des-avoirs-nets-en-devises-a-21-8-milliards-de-dinars\/204094\/#breadcrumb","itemListElement":[{"@type":"ListItem","position":1,"name":"Accueil","item":"https:\/\/www.webdo.tn\/fr\/"},{"@type":"ListItem","position":2,"name":"BCT : Baisse des avoirs nets en devises \u00e0 21,8 milliards de dinars"}]},{"@type":"WebSite","@id":"https:\/\/www.webdo.tn\/fr\/#website","url":"https:\/\/www.webdo.tn\/fr\/","name":"webdo","description":"Tunisie - News en Tunisie et \u00e0 l&#039;international sur Webdo.tn","publisher":{"@id":"https:\/\/www.webdo.tn\/fr\/#organization"},"potentialAction":[{"@type":"SearchAction","target":{"@type":"EntryPoint","urlTemplate":"https:\/\/www.webdo.tn\/fr\/?s={search_term_string}"},"query-input":{"@type":"PropertyValueSpecification","valueRequired":true,"valueName":"search_term_string"}}],"inLanguage":"fr-FR"},{"@type":"Organization","@id":"https:\/\/www.webdo.tn\/fr\/#organization","name":"Webdo","alternateName":"Webdo.tn","url":"https:\/\/www.webdo.tn\/fr\/","logo":{"@type":"ImageObject","inLanguage":"fr-FR","@id":"https:\/\/www.webdo.tn\/fr\/#\/schema\/logo\/image\/","url":"https:\/\/www.webdo.tn\/fr\/wp-content\/uploads\/2025\/06\/Webdo-Tunisie_168377.jpg","contentUrl":"https:\/\/www.webdo.tn\/fr\/wp-content\/uploads\/2025\/06\/Webdo-Tunisie_168377.jpg","width":301,"height":301,"caption":"Webdo"},"image":{"@id":"https:\/\/www.webdo.tn\/fr\/#\/schema\/logo\/image\/"},"sameAs":["https:\/\/www.facebook.com\/webdotn","https:\/\/x.com\/webdo_tn"],"description":"Webdo est un m\u00e9dia num\u00e9rique tunisien fond\u00e9 en 2010, sp\u00e9cialis\u00e9 dans l\u2019actualit\u00e9 nationale et internationale, l\u2019\u00e9conomie, la soci\u00e9t\u00e9 et les analyses politiques. Le site s\u2019adresse \u00e0 un large public francophone et couvre l\u2019information tunisienne en temps r\u00e9el.","email":"redac@webdo.tn","legalName":"YNJ SARL","foundingDate":"2010-09-06","numberOfEmployees":{"@type":"QuantitativeValue","minValue":"11","maxValue":"50"}},{"@type":"Person","@id":"https:\/\/www.webdo.tn\/fr\/#\/schema\/person\/646f7c4406ab78299805d9d39b2636d8","name":"NJ","image":{"@type":"ImageObject","inLanguage":"fr-FR","@id":"https:\/\/secure.gravatar.com\/avatar\/57ee8a7cee8271948beede1dd4413f641d3b749a42dfabf45a3352af812389e1?s=96&d=mm&r=g","url":"https:\/\/secure.gravatar.com\/avatar\/57ee8a7cee8271948beede1dd4413f641d3b749a42dfabf45a3352af812389e1?s=96&d=mm&r=g","contentUrl":"https:\/\/secure.gravatar.com\/avatar\/57ee8a7cee8271948beede1dd4413f641d3b749a42dfabf45a3352af812389e1?s=96&d=mm&r=g","caption":"NJ"},"url":"https:\/\/www.webdo.tn\/fr\/actualite\/author\/nj\/"}]}},"_links":{"self":[{"href":"https:\/\/www.webdo.tn\/fr\/wp-json\/wp\/v2\/posts\/204094","targetHints":{"allow":["GET"]}}],"collection":[{"href":"https:\/\/www.webdo.tn\/fr\/wp-json\/wp\/v2\/posts"}],"about":[{"href":"https:\/\/www.webdo.tn\/fr\/wp-json\/wp\/v2\/types\/post"}],"author":[{"embeddable":true,"href":"https:\/\/www.webdo.tn\/fr\/wp-json\/wp\/v2\/users\/3195"}],"replies":[{"embeddable":true,"href":"https:\/\/www.webdo.tn\/fr\/wp-json\/wp\/v2\/comments?post=204094"}],"version-history":[{"count":0,"href":"https:\/\/www.webdo.tn\/fr\/wp-json\/wp\/v2\/posts\/204094\/revisions"}],"wp:featuredmedia":[{"embeddable":true,"href":"https:\/\/www.webdo.tn\/fr\/wp-json\/wp\/v2\/media\/277947"}],"wp:attachment":[{"href":"https:\/\/www.webdo.tn\/fr\/wp-json\/wp\/v2\/media?parent=204094"}],"wp:term":[{"taxonomy":"category","embeddable":true,"href":"https:\/\/www.webdo.tn\/fr\/wp-json\/wp\/v2\/categories?post=204094"},{"taxonomy":"post_tag","embeddable":true,"href":"https:\/\/www.webdo.tn\/fr\/wp-json\/wp\/v2\/tags?post=204094"}],"curies":[{"name":"wp","href":"https:\/\/api.w.org\/{rel}","templated":true}]}}