{"id":204090,"date":"2023-03-20T10:28:00","date_gmt":"2023-03-20T10:28:00","guid":{"rendered":"https:\/\/www.webdo.tn\/fr\/blog\/l-italie-soutient-la-tunisie-aupres-du-fmi\/204090\/"},"modified":"2025-05-20T22:59:21","modified_gmt":"2025-05-20T22:59:21","slug":"l-italie-soutient-la-tunisie-aupres-du-fmi","status":"publish","type":"post","link":"https:\/\/www.webdo.tn\/fr\/actualite\/national\/l-italie-soutient-la-tunisie-aupres-du-fmi\/204090\/","title":{"rendered":"L&rsquo;Italie soutient la Tunisie aupr\u00e8s du FMI"},"content":{"rendered":"<p>Le ministre italien des Affaires \u00e9trang\u00e8res, Antonio Tajani, a d\u00e9clar\u00e9, hier, dimanche 19 mars, \u00e0 l&rsquo;agence de presse Reuters que son gouvernement soutenait l&rsquo;octroi d&rsquo;un pr\u00eat de 1,9 milliard de dollars \u00e0 la Tunisie.<\/p>\n<p>\t\t\t\t\t\t\t\t\tL&rsquo;Italie insiste aupr\u00e8s du Fonds mon\u00e9taire international (FMI) pour qu&rsquo;il d\u00e9bloque les n\u00e9gociations avec la Tunisie, qui sont au point mort depuis des mois.<\/p>\n<p>Dans une d\u00e9claration \u00e0 l&rsquo;agence de presse Reuters, le ministre italien des AE, Antonio Tajani, a d\u00e9clar\u00e9 que son gouvernement soutenait l&rsquo;octroi d&rsquo;un pr\u00eat de 1,9 milliard de dollars \u00e0 la Tunisie sans lequel le pays risquerait d\u2019\u00eatre d\u00e9stabilis\u00e9, ce qui d\u00e9clencherait une nouvelle vague de migration irr\u00e9guli\u00e8re vers l&rsquo;Europe.<\/p>\n<p>Tajani s&rsquo;est entretenu \u00e0 ce sujet avec la directrice g\u00e9n\u00e9rale du FMI, Kristalina Georgieva, et l&rsquo;a exhort\u00e9e \u00e0 faire preuve de souplesse afin d&rsquo;\u00e9viter un \u00e9ventuel effondrement financier du pays d\u2019Afrique du Nord.<\/p>\n<p>Aujourd\u2019hui, les 27 ministres des Affaires \u00e9trang\u00e8res des Etats membres de l\u2019UE se penchent sur le dossier tunisien. Les questions relatives aux libert\u00e9s individuelles, \u00e0 l\u2019arrestation des opposants, \u00e0 l\u2019accord avec le FMI et au dossier de la migration sont expos\u00e9es sur fond de divergences de points de vue entre les principales capitales europ\u00e9ennes.<\/p>\n<p>Pour l\u2019heure, Rome s\u2019est montr\u00e9 solidaire de la Tunisie sur les questions de la migration et sur l\u2019accord de pr\u00eat du FMI, alors que la question des libert\u00e9s continue \u00e0 susciter l\u2019inqui\u00e9tude de Berlin et Londres.<\/p>\n","protected":false},"excerpt":{"rendered":"<p>Le ministre italien des Affaires \u00e9trang\u00e8res, Antonio Tajani, a d\u00e9clar\u00e9, hier, dimanche 19 mars, \u00e0 l&rsquo;agence de presse Reuters que son gouvernement soutenait l&rsquo;oc&#8230;<\/p>\n","protected":false},"author":3188,"featured_media":277945,"comment_status":"open","ping_status":"closed","sticky":false,"template":"","format":"standard","meta":{"footnotes":""},"categories":[44],"tags":[3154,4233,2660,2775,2608],"class_list":["post-204090","post","type-post","status-publish","format-standard","has-post-thumbnail","hentry","category-national","tag-economie","tag-fmi","tag-italie","tag-soutien","tag-tunisie"],"yoast_head":"<!-- This site is optimized with the Yoast SEO Premium plugin v27.4 (Yoast SEO v27.4) - https:\/\/yoast.com\/product\/yoast-seo-premium-wordpress\/ -->\n<title>L&#039;Italie soutient la Tunisie aupr\u00e8s du FMI<\/title>\n<meta name=\"description\" content=\"Le ministre italien des Affaires \u00e9trang\u00e8res, Antonio Tajani, a d\u00e9clar\u00e9, hier, dimanche 19 mars, \u00e0 l&#039;agence de presse Reuters que son gouvernement soutenait l&#039;oc...\" \/>\n<link rel=\"canonical\" href=\"https:\/\/www.webdo.tn\/fr\/actualite\/national\/l-italie-soutient-la-tunisie-aupres-du-fmi\/204090\/\" \/>\n<meta property=\"og:locale\" content=\"fr_FR\" \/>\n<meta property=\"og:type\" content=\"article\" \/>\n<meta property=\"og:title\" content=\"L&#039;Italie soutient la Tunisie aupr\u00e8s du FMI\" \/>\n<meta property=\"og:description\" content=\"Le ministre italien des Affaires \u00e9trang\u00e8res, Antonio Tajani, a d\u00e9clar\u00e9, hier, dimanche 19 mars, \u00e0 l&#039;agence de presse Reuters que son gouvernement soutenait l&#039;oc...\" \/>\n<meta property=\"og:url\" content=\"https:\/\/www.webdo.tn\/fr\/actualite\/national\/l-italie-soutient-la-tunisie-aupres-du-fmi\/204090\/\" \/>\n<meta property=\"og:site_name\" content=\"webdo\" \/>\n<meta property=\"article:publisher\" content=\"https:\/\/www.facebook.com\/webdotn\" \/>\n<meta property=\"article:published_time\" content=\"2023-03-20T10:28:00+00:00\" \/>\n<meta property=\"article:modified_time\" content=\"2025-05-20T22:59:21+00:00\" \/>\n<meta property=\"og:image\" content=\"https:\/\/www.webdo.tn\/fr\/wp-content\/uploads\/2023\/03\/1a8dec72743aa8bcae09dba4e352b21f.jpg\" \/>\n\t<meta property=\"og:image:width\" content=\"750\" \/>\n\t<meta property=\"og:image:height\" content=\"400\" \/>\n\t<meta property=\"og:image:type\" content=\"image\/jpeg\" \/>\n<meta name=\"author\" content=\"Ramzi\" \/>\n<meta name=\"twitter:card\" content=\"summary_large_image\" \/>\n<meta name=\"twitter:creator\" content=\"@webdo_tn\" \/>\n<meta name=\"twitter:site\" content=\"@webdo_tn\" \/>\n<meta name=\"twitter:label1\" content=\"\u00c9crit par\" \/>\n\t<meta name=\"twitter:data1\" content=\"Ramzi\" \/>\n\t<meta name=\"twitter:label2\" content=\"Dur\u00e9e de lecture estim\u00e9e\" \/>\n\t<meta name=\"twitter:data2\" content=\"1 minute\" \/>\n<script type=\"application\/ld+json\" class=\"yoast-schema-graph\">{\"@context\":\"https:\\\/\\\/schema.org\",\"@graph\":[{\"@type\":\"NewsArticle\",\"@id\":\"https:\\\/\\\/www.webdo.tn\\\/fr\\\/actualite\\\/national\\\/l-italie-soutient-la-tunisie-aupres-du-fmi\\\/204090\\\/#article\",\"isPartOf\":{\"@id\":\"https:\\\/\\\/www.webdo.tn\\\/fr\\\/actualite\\\/national\\\/l-italie-soutient-la-tunisie-aupres-du-fmi\\\/204090\\\/\"},\"author\":{\"name\":\"Ramzi\",\"@id\":\"https:\\\/\\\/www.webdo.tn\\\/fr\\\/#\\\/schema\\\/person\\\/590cb5f81adcfde6385530fdbdf468e2\"},\"headline\":\"L&rsquo;Italie soutient la Tunisie aupr\u00e8s du FMI\",\"datePublished\":\"2023-03-20T10:28:00+00:00\",\"dateModified\":\"2025-05-20T22:59:21+00:00\",\"mainEntityOfPage\":{\"@id\":\"https:\\\/\\\/www.webdo.tn\\\/fr\\\/actualite\\\/national\\\/l-italie-soutient-la-tunisie-aupres-du-fmi\\\/204090\\\/\"},\"wordCount\":273,\"commentCount\":0,\"publisher\":{\"@id\":\"https:\\\/\\\/www.webdo.tn\\\/fr\\\/#organization\"},\"image\":{\"@id\":\"https:\\\/\\\/www.webdo.tn\\\/fr\\\/actualite\\\/national\\\/l-italie-soutient-la-tunisie-aupres-du-fmi\\\/204090\\\/#primaryimage\"},\"thumbnailUrl\":\"https:\\\/\\\/www.webdo.tn\\\/fr\\\/wp-content\\\/uploads\\\/2023\\\/03\\\/1a8dec72743aa8bcae09dba4e352b21f.jpg\",\"keywords\":[\"\u00e9conomie\",\"FMI\",\"Italie\",\"soutien\",\"Tunisie\"],\"articleSection\":[\"National\"],\"inLanguage\":\"fr-FR\"},{\"@type\":\"WebPage\",\"@id\":\"https:\\\/\\\/www.webdo.tn\\\/fr\\\/actualite\\\/national\\\/l-italie-soutient-la-tunisie-aupres-du-fmi\\\/204090\\\/\",\"url\":\"https:\\\/\\\/www.webdo.tn\\\/fr\\\/actualite\\\/national\\\/l-italie-soutient-la-tunisie-aupres-du-fmi\\\/204090\\\/\",\"name\":\"L'Italie soutient la Tunisie aupr\u00e8s du FMI\",\"isPartOf\":{\"@id\":\"https:\\\/\\\/www.webdo.tn\\\/fr\\\/#website\"},\"primaryImageOfPage\":{\"@id\":\"https:\\\/\\\/www.webdo.tn\\\/fr\\\/actualite\\\/national\\\/l-italie-soutient-la-tunisie-aupres-du-fmi\\\/204090\\\/#primaryimage\"},\"image\":{\"@id\":\"https:\\\/\\\/www.webdo.tn\\\/fr\\\/actualite\\\/national\\\/l-italie-soutient-la-tunisie-aupres-du-fmi\\\/204090\\\/#primaryimage\"},\"thumbnailUrl\":\"https:\\\/\\\/www.webdo.tn\\\/fr\\\/wp-content\\\/uploads\\\/2023\\\/03\\\/1a8dec72743aa8bcae09dba4e352b21f.jpg\",\"datePublished\":\"2023-03-20T10:28:00+00:00\",\"dateModified\":\"2025-05-20T22:59:21+00:00\",\"description\":\"Le ministre italien des Affaires \u00e9trang\u00e8res, Antonio Tajani, a d\u00e9clar\u00e9, hier, dimanche 19 mars, \u00e0 l'agence de presse Reuters que son gouvernement soutenait l'oc...\",\"breadcrumb\":{\"@id\":\"https:\\\/\\\/www.webdo.tn\\\/fr\\\/actualite\\\/national\\\/l-italie-soutient-la-tunisie-aupres-du-fmi\\\/204090\\\/#breadcrumb\"},\"inLanguage\":\"fr-FR\",\"potentialAction\":[{\"@type\":\"ReadAction\",\"target\":[\"https:\\\/\\\/www.webdo.tn\\\/fr\\\/actualite\\\/national\\\/l-italie-soutient-la-tunisie-aupres-du-fmi\\\/204090\\\/\"]}]},{\"@type\":\"ImageObject\",\"inLanguage\":\"fr-FR\",\"@id\":\"https:\\\/\\\/www.webdo.tn\\\/fr\\\/actualite\\\/national\\\/l-italie-soutient-la-tunisie-aupres-du-fmi\\\/204090\\\/#primaryimage\",\"url\":\"https:\\\/\\\/www.webdo.tn\\\/fr\\\/wp-content\\\/uploads\\\/2023\\\/03\\\/1a8dec72743aa8bcae09dba4e352b21f.jpg\",\"contentUrl\":\"https:\\\/\\\/www.webdo.tn\\\/fr\\\/wp-content\\\/uploads\\\/2023\\\/03\\\/1a8dec72743aa8bcae09dba4e352b21f.jpg\",\"width\":750,\"height\":400,\"caption\":\"L'Italie soutient la Tunisie aupr\u00e8s du FMI\"},{\"@type\":\"BreadcrumbList\",\"@id\":\"https:\\\/\\\/www.webdo.tn\\\/fr\\\/actualite\\\/national\\\/l-italie-soutient-la-tunisie-aupres-du-fmi\\\/204090\\\/#breadcrumb\",\"itemListElement\":[{\"@type\":\"ListItem\",\"position\":1,\"name\":\"Accueil\",\"item\":\"https:\\\/\\\/www.webdo.tn\\\/fr\\\/\"},{\"@type\":\"ListItem\",\"position\":2,\"name\":\"L&rsquo;Italie soutient la Tunisie aupr\u00e8s du FMI\"}]},{\"@type\":\"WebSite\",\"@id\":\"https:\\\/\\\/www.webdo.tn\\\/fr\\\/#website\",\"url\":\"https:\\\/\\\/www.webdo.tn\\\/fr\\\/\",\"name\":\"webdo\",\"description\":\"Tunisie - News en Tunisie et \u00e0 l&#039;international sur Webdo.tn\",\"publisher\":{\"@id\":\"https:\\\/\\\/www.webdo.tn\\\/fr\\\/#organization\"},\"potentialAction\":[{\"@type\":\"SearchAction\",\"target\":{\"@type\":\"EntryPoint\",\"urlTemplate\":\"https:\\\/\\\/www.webdo.tn\\\/fr\\\/?s={search_term_string}\"},\"query-input\":{\"@type\":\"PropertyValueSpecification\",\"valueRequired\":true,\"valueName\":\"search_term_string\"}}],\"inLanguage\":\"fr-FR\"},{\"@type\":\"Organization\",\"@id\":\"https:\\\/\\\/www.webdo.tn\\\/fr\\\/#organization\",\"name\":\"Webdo\",\"alternateName\":\"Webdo.tn\",\"url\":\"https:\\\/\\\/www.webdo.tn\\\/fr\\\/\",\"logo\":{\"@type\":\"ImageObject\",\"inLanguage\":\"fr-FR\",\"@id\":\"https:\\\/\\\/www.webdo.tn\\\/fr\\\/#\\\/schema\\\/logo\\\/image\\\/\",\"url\":\"https:\\\/\\\/www.webdo.tn\\\/fr\\\/wp-content\\\/uploads\\\/2025\\\/06\\\/Webdo-Tunisie_168377.jpg\",\"contentUrl\":\"https:\\\/\\\/www.webdo.tn\\\/fr\\\/wp-content\\\/uploads\\\/2025\\\/06\\\/Webdo-Tunisie_168377.jpg\",\"width\":301,\"height\":301,\"caption\":\"Webdo\"},\"image\":{\"@id\":\"https:\\\/\\\/www.webdo.tn\\\/fr\\\/#\\\/schema\\\/logo\\\/image\\\/\"},\"sameAs\":[\"https:\\\/\\\/www.facebook.com\\\/webdotn\",\"https:\\\/\\\/x.com\\\/webdo_tn\"],\"description\":\"Webdo est un m\u00e9dia num\u00e9rique tunisien fond\u00e9 en 2010, sp\u00e9cialis\u00e9 dans l\u2019actualit\u00e9 nationale et internationale, l\u2019\u00e9conomie, la soci\u00e9t\u00e9 et les analyses politiques. Le site s\u2019adresse \u00e0 un large public francophone et couvre l\u2019information tunisienne en temps r\u00e9el.\",\"email\":\"redac@webdo.tn\",\"legalName\":\"YNJ SARL\",\"foundingDate\":\"2010-09-06\",\"numberOfEmployees\":{\"@type\":\"QuantitativeValue\",\"minValue\":\"11\",\"maxValue\":\"50\"}},{\"@type\":\"Person\",\"@id\":\"https:\\\/\\\/www.webdo.tn\\\/fr\\\/#\\\/schema\\\/person\\\/590cb5f81adcfde6385530fdbdf468e2\",\"name\":\"Ramzi\",\"image\":{\"@type\":\"ImageObject\",\"inLanguage\":\"fr-FR\",\"@id\":\"https:\\\/\\\/secure.gravatar.com\\\/avatar\\\/48df7d18915e10cf866ba8e27604c81ff9243fd52704a1d210c3e387e1cb8d87?s=96&d=mm&r=g\",\"url\":\"https:\\\/\\\/secure.gravatar.com\\\/avatar\\\/48df7d18915e10cf866ba8e27604c81ff9243fd52704a1d210c3e387e1cb8d87?s=96&d=mm&r=g\",\"contentUrl\":\"https:\\\/\\\/secure.gravatar.com\\\/avatar\\\/48df7d18915e10cf866ba8e27604c81ff9243fd52704a1d210c3e387e1cb8d87?s=96&d=mm&r=g\",\"caption\":\"Ramzi\"},\"url\":\"https:\\\/\\\/www.webdo.tn\\\/fr\\\/actualite\\\/author\\\/ramzi\\\/\"}]}<\/script>\n<!-- \/ Yoast SEO Premium plugin. -->","yoast_head_json":{"title":"L'Italie soutient la Tunisie aupr\u00e8s du FMI","description":"Le ministre italien des Affaires \u00e9trang\u00e8res, Antonio Tajani, a d\u00e9clar\u00e9, hier, dimanche 19 mars, \u00e0 l'agence de presse Reuters que son gouvernement soutenait l'oc...","canonical":"https:\/\/www.webdo.tn\/fr\/actualite\/national\/l-italie-soutient-la-tunisie-aupres-du-fmi\/204090\/","og_locale":"fr_FR","og_type":"article","og_title":"L'Italie soutient la Tunisie aupr\u00e8s du FMI","og_description":"Le ministre italien des Affaires \u00e9trang\u00e8res, Antonio Tajani, a d\u00e9clar\u00e9, hier, dimanche 19 mars, \u00e0 l'agence de presse Reuters que son gouvernement soutenait l'oc...","og_url":"https:\/\/www.webdo.tn\/fr\/actualite\/national\/l-italie-soutient-la-tunisie-aupres-du-fmi\/204090\/","og_site_name":"webdo","article_publisher":"https:\/\/www.facebook.com\/webdotn","article_published_time":"2023-03-20T10:28:00+00:00","article_modified_time":"2025-05-20T22:59:21+00:00","og_image":[{"width":750,"height":400,"url":"https:\/\/www.webdo.tn\/fr\/wp-content\/uploads\/2023\/03\/1a8dec72743aa8bcae09dba4e352b21f.jpg","type":"image\/jpeg"}],"author":"Ramzi","twitter_card":"summary_large_image","twitter_creator":"@webdo_tn","twitter_site":"@webdo_tn","twitter_misc":{"\u00c9crit par":"Ramzi","Dur\u00e9e de lecture estim\u00e9e":"1 minute"},"schema":{"@context":"https:\/\/schema.org","@graph":[{"@type":"NewsArticle","@id":"https:\/\/www.webdo.tn\/fr\/actualite\/national\/l-italie-soutient-la-tunisie-aupres-du-fmi\/204090\/#article","isPartOf":{"@id":"https:\/\/www.webdo.tn\/fr\/actualite\/national\/l-italie-soutient-la-tunisie-aupres-du-fmi\/204090\/"},"author":{"name":"Ramzi","@id":"https:\/\/www.webdo.tn\/fr\/#\/schema\/person\/590cb5f81adcfde6385530fdbdf468e2"},"headline":"L&rsquo;Italie soutient la Tunisie aupr\u00e8s du FMI","datePublished":"2023-03-20T10:28:00+00:00","dateModified":"2025-05-20T22:59:21+00:00","mainEntityOfPage":{"@id":"https:\/\/www.webdo.tn\/fr\/actualite\/national\/l-italie-soutient-la-tunisie-aupres-du-fmi\/204090\/"},"wordCount":273,"commentCount":0,"publisher":{"@id":"https:\/\/www.webdo.tn\/fr\/#organization"},"image":{"@id":"https:\/\/www.webdo.tn\/fr\/actualite\/national\/l-italie-soutient-la-tunisie-aupres-du-fmi\/204090\/#primaryimage"},"thumbnailUrl":"https:\/\/www.webdo.tn\/fr\/wp-content\/uploads\/2023\/03\/1a8dec72743aa8bcae09dba4e352b21f.jpg","keywords":["\u00e9conomie","FMI","Italie","soutien","Tunisie"],"articleSection":["National"],"inLanguage":"fr-FR"},{"@type":"WebPage","@id":"https:\/\/www.webdo.tn\/fr\/actualite\/national\/l-italie-soutient-la-tunisie-aupres-du-fmi\/204090\/","url":"https:\/\/www.webdo.tn\/fr\/actualite\/national\/l-italie-soutient-la-tunisie-aupres-du-fmi\/204090\/","name":"L'Italie soutient la Tunisie aupr\u00e8s du FMI","isPartOf":{"@id":"https:\/\/www.webdo.tn\/fr\/#website"},"primaryImageOfPage":{"@id":"https:\/\/www.webdo.tn\/fr\/actualite\/national\/l-italie-soutient-la-tunisie-aupres-du-fmi\/204090\/#primaryimage"},"image":{"@id":"https:\/\/www.webdo.tn\/fr\/actualite\/national\/l-italie-soutient-la-tunisie-aupres-du-fmi\/204090\/#primaryimage"},"thumbnailUrl":"https:\/\/www.webdo.tn\/fr\/wp-content\/uploads\/2023\/03\/1a8dec72743aa8bcae09dba4e352b21f.jpg","datePublished":"2023-03-20T10:28:00+00:00","dateModified":"2025-05-20T22:59:21+00:00","description":"Le ministre italien des Affaires \u00e9trang\u00e8res, Antonio Tajani, a d\u00e9clar\u00e9, hier, dimanche 19 mars, \u00e0 l'agence de presse Reuters que son gouvernement soutenait l'oc...","breadcrumb":{"@id":"https:\/\/www.webdo.tn\/fr\/actualite\/national\/l-italie-soutient-la-tunisie-aupres-du-fmi\/204090\/#breadcrumb"},"inLanguage":"fr-FR","potentialAction":[{"@type":"ReadAction","target":["https:\/\/www.webdo.tn\/fr\/actualite\/national\/l-italie-soutient-la-tunisie-aupres-du-fmi\/204090\/"]}]},{"@type":"ImageObject","inLanguage":"fr-FR","@id":"https:\/\/www.webdo.tn\/fr\/actualite\/national\/l-italie-soutient-la-tunisie-aupres-du-fmi\/204090\/#primaryimage","url":"https:\/\/www.webdo.tn\/fr\/wp-content\/uploads\/2023\/03\/1a8dec72743aa8bcae09dba4e352b21f.jpg","contentUrl":"https:\/\/www.webdo.tn\/fr\/wp-content\/uploads\/2023\/03\/1a8dec72743aa8bcae09dba4e352b21f.jpg","width":750,"height":400,"caption":"L'Italie soutient la Tunisie aupr\u00e8s du FMI"},{"@type":"BreadcrumbList","@id":"https:\/\/www.webdo.tn\/fr\/actualite\/national\/l-italie-soutient-la-tunisie-aupres-du-fmi\/204090\/#breadcrumb","itemListElement":[{"@type":"ListItem","position":1,"name":"Accueil","item":"https:\/\/www.webdo.tn\/fr\/"},{"@type":"ListItem","position":2,"name":"L&rsquo;Italie soutient la Tunisie aupr\u00e8s du FMI"}]},{"@type":"WebSite","@id":"https:\/\/www.webdo.tn\/fr\/#website","url":"https:\/\/www.webdo.tn\/fr\/","name":"webdo","description":"Tunisie - News en Tunisie et \u00e0 l&#039;international sur Webdo.tn","publisher":{"@id":"https:\/\/www.webdo.tn\/fr\/#organization"},"potentialAction":[{"@type":"SearchAction","target":{"@type":"EntryPoint","urlTemplate":"https:\/\/www.webdo.tn\/fr\/?s={search_term_string}"},"query-input":{"@type":"PropertyValueSpecification","valueRequired":true,"valueName":"search_term_string"}}],"inLanguage":"fr-FR"},{"@type":"Organization","@id":"https:\/\/www.webdo.tn\/fr\/#organization","name":"Webdo","alternateName":"Webdo.tn","url":"https:\/\/www.webdo.tn\/fr\/","logo":{"@type":"ImageObject","inLanguage":"fr-FR","@id":"https:\/\/www.webdo.tn\/fr\/#\/schema\/logo\/image\/","url":"https:\/\/www.webdo.tn\/fr\/wp-content\/uploads\/2025\/06\/Webdo-Tunisie_168377.jpg","contentUrl":"https:\/\/www.webdo.tn\/fr\/wp-content\/uploads\/2025\/06\/Webdo-Tunisie_168377.jpg","width":301,"height":301,"caption":"Webdo"},"image":{"@id":"https:\/\/www.webdo.tn\/fr\/#\/schema\/logo\/image\/"},"sameAs":["https:\/\/www.facebook.com\/webdotn","https:\/\/x.com\/webdo_tn"],"description":"Webdo est un m\u00e9dia num\u00e9rique tunisien fond\u00e9 en 2010, sp\u00e9cialis\u00e9 dans l\u2019actualit\u00e9 nationale et internationale, l\u2019\u00e9conomie, la soci\u00e9t\u00e9 et les analyses politiques. Le site s\u2019adresse \u00e0 un large public francophone et couvre l\u2019information tunisienne en temps r\u00e9el.","email":"redac@webdo.tn","legalName":"YNJ SARL","foundingDate":"2010-09-06","numberOfEmployees":{"@type":"QuantitativeValue","minValue":"11","maxValue":"50"}},{"@type":"Person","@id":"https:\/\/www.webdo.tn\/fr\/#\/schema\/person\/590cb5f81adcfde6385530fdbdf468e2","name":"Ramzi","image":{"@type":"ImageObject","inLanguage":"fr-FR","@id":"https:\/\/secure.gravatar.com\/avatar\/48df7d18915e10cf866ba8e27604c81ff9243fd52704a1d210c3e387e1cb8d87?s=96&d=mm&r=g","url":"https:\/\/secure.gravatar.com\/avatar\/48df7d18915e10cf866ba8e27604c81ff9243fd52704a1d210c3e387e1cb8d87?s=96&d=mm&r=g","contentUrl":"https:\/\/secure.gravatar.com\/avatar\/48df7d18915e10cf866ba8e27604c81ff9243fd52704a1d210c3e387e1cb8d87?s=96&d=mm&r=g","caption":"Ramzi"},"url":"https:\/\/www.webdo.tn\/fr\/actualite\/author\/ramzi\/"}]}},"_links":{"self":[{"href":"https:\/\/www.webdo.tn\/fr\/wp-json\/wp\/v2\/posts\/204090","targetHints":{"allow":["GET"]}}],"collection":[{"href":"https:\/\/www.webdo.tn\/fr\/wp-json\/wp\/v2\/posts"}],"about":[{"href":"https:\/\/www.webdo.tn\/fr\/wp-json\/wp\/v2\/types\/post"}],"author":[{"embeddable":true,"href":"https:\/\/www.webdo.tn\/fr\/wp-json\/wp\/v2\/users\/3188"}],"replies":[{"embeddable":true,"href":"https:\/\/www.webdo.tn\/fr\/wp-json\/wp\/v2\/comments?post=204090"}],"version-history":[{"count":0,"href":"https:\/\/www.webdo.tn\/fr\/wp-json\/wp\/v2\/posts\/204090\/revisions"}],"wp:featuredmedia":[{"embeddable":true,"href":"https:\/\/www.webdo.tn\/fr\/wp-json\/wp\/v2\/media\/277945"}],"wp:attachment":[{"href":"https:\/\/www.webdo.tn\/fr\/wp-json\/wp\/v2\/media?parent=204090"}],"wp:term":[{"taxonomy":"category","embeddable":true,"href":"https:\/\/www.webdo.tn\/fr\/wp-json\/wp\/v2\/categories?post=204090"},{"taxonomy":"post_tag","embeddable":true,"href":"https:\/\/www.webdo.tn\/fr\/wp-json\/wp\/v2\/tags?post=204090"}],"curies":[{"name":"wp","href":"https:\/\/api.w.org\/{rel}","templated":true}]}}