{"id":204075,"date":"2023-03-19T10:29:00","date_gmt":"2023-03-19T10:29:00","guid":{"rendered":"https:\/\/www.webdo.tn\/fr\/blog\/vent-fort-sur-le-sud-alerte-orange-a-kebili\/204075\/"},"modified":"2025-05-20T22:44:49","modified_gmt":"2025-05-20T22:44:49","slug":"vent-fort-sur-le-sud-alerte-orange-a-kebili","status":"publish","type":"post","link":"https:\/\/www.webdo.tn\/fr\/actualite\/national\/vent-fort-sur-le-sud-alerte-orange-a-kebili\/204075\/","title":{"rendered":"Vent fort sur le sud : Alerte orange \u00e0 Kebili"},"content":{"rendered":"<p>Le vent soufflera fort \u00e0 tr\u00e8s fort, ce dimanche, sur le sud du pays, avec une vitesse variant entre 50 et 70 km\/h, et peut atteindre, temporairement les 90 km\/h sous forme de rafales.Il sera accompagn\u00e9 de ph\u00e9nom\u00e8nes de sable, d\u2019apr\u00e8s un bulletin publi\u00e9, dimanche matin, par l\u2019Institut national de m\u00e9t\u00e9orologie (INM).<\/p>\n<p>La carte de vigilance actualis\u00e9e attribue la couleur orange au gouvernorat de K\u00e9bili, ce qui signifie un haut niveau d&rsquo;alerte et de prudence en raison du danger pouvant r\u00e9sulter des fortes rafales de vent.<\/p>\n<p>Le niveau d\u2019alerte a \u00e9t\u00e9 r\u00e9duit dans le reste des gouvernorats du sud, et la couleur jaune leur a \u00e9t\u00e9 attribu\u00e9e, mais il faut toujours faire preuve de vigilance au cours des activit\u00e9s quotidiennes.<\/p>\n","protected":false},"excerpt":{"rendered":"<p>Le vent soufflera fort \u00e0 tr\u00e8s fort, ce dimanche, sur le sud du pays, avec une vitesse variant entre 50 et 70 km\/h, et peut atteindre, temporairement les 90 km\/h&#8230;<\/p>\n","protected":false},"author":3175,"featured_media":251706,"comment_status":"open","ping_status":"closed","sticky":false,"template":"","format":"standard","meta":{"footnotes":""},"categories":[44],"tags":[2670,2608,3363],"class_list":["post-204075","post","type-post","status-publish","format-standard","has-post-thumbnail","hentry","category-national","tag-meteo","tag-tunisie","tag-vent"],"yoast_head":"<!-- This site is optimized with the Yoast SEO Premium plugin v27.5 (Yoast SEO v27.5) - https:\/\/yoast.com\/product\/yoast-seo-premium-wordpress\/ -->\n<title>Vent fort sur le sud : Alerte orange \u00e0 Kebili<\/title>\n<meta name=\"description\" content=\"Le vent soufflera fort \u00e0 tr\u00e8s fort, ce dimanche, sur le sud du pays, avec une vitesse variant entre 50 et 70 km\/h, et peut atteindre, temporairement les 90 km\/h...\" \/>\n<link rel=\"canonical\" href=\"https:\/\/www.webdo.tn\/fr\/actualite\/national\/vent-fort-sur-le-sud-alerte-orange-a-kebili\/204075\/\" \/>\n<meta property=\"og:locale\" content=\"fr_FR\" \/>\n<meta property=\"og:type\" content=\"article\" \/>\n<meta property=\"og:title\" content=\"Vent fort sur le sud : Alerte orange \u00e0 Kebili\" \/>\n<meta property=\"og:description\" content=\"Le vent soufflera fort \u00e0 tr\u00e8s fort, ce dimanche, sur le sud du pays, avec une vitesse variant entre 50 et 70 km\/h, et peut atteindre, temporairement les 90 km\/h...\" \/>\n<meta property=\"og:url\" content=\"https:\/\/www.webdo.tn\/fr\/actualite\/national\/vent-fort-sur-le-sud-alerte-orange-a-kebili\/204075\/\" \/>\n<meta property=\"og:site_name\" content=\"webdo\" \/>\n<meta property=\"article:publisher\" content=\"https:\/\/www.facebook.com\/webdotn\" \/>\n<meta property=\"article:published_time\" content=\"2023-03-19T10:29:00+00:00\" \/>\n<meta property=\"article:modified_time\" content=\"2025-05-20T22:44:49+00:00\" \/>\n<meta property=\"og:image\" content=\"https:\/\/www.webdo.tn\/fr\/wp-content\/uploads\/2023\/03\/06afd7e4c662d1a243473e00e437cc48.jpg\" \/>\n\t<meta property=\"og:image:width\" content=\"750\" \/>\n\t<meta property=\"og:image:height\" content=\"400\" \/>\n\t<meta property=\"og:image:type\" content=\"image\/jpeg\" \/>\n<meta name=\"author\" content=\"CL\" \/>\n<meta name=\"twitter:card\" content=\"summary_large_image\" \/>\n<meta name=\"twitter:creator\" content=\"@webdo_tn\" \/>\n<meta name=\"twitter:site\" content=\"@webdo_tn\" \/>\n<meta name=\"twitter:label1\" content=\"\u00c9crit par\" \/>\n\t<meta name=\"twitter:data1\" content=\"CL\" \/>\n\t<meta name=\"twitter:label2\" content=\"Dur\u00e9e de lecture estim\u00e9e\" \/>\n\t<meta name=\"twitter:data2\" content=\"1 minute\" \/>\n<script type=\"application\/ld+json\" class=\"yoast-schema-graph\">{\"@context\":\"https:\\\/\\\/schema.org\",\"@graph\":[{\"@type\":\"NewsArticle\",\"@id\":\"https:\\\/\\\/www.webdo.tn\\\/fr\\\/actualite\\\/national\\\/vent-fort-sur-le-sud-alerte-orange-a-kebili\\\/204075\\\/#article\",\"isPartOf\":{\"@id\":\"https:\\\/\\\/www.webdo.tn\\\/fr\\\/actualite\\\/national\\\/vent-fort-sur-le-sud-alerte-orange-a-kebili\\\/204075\\\/\"},\"author\":{\"name\":\"CL\",\"@id\":\"https:\\\/\\\/www.webdo.tn\\\/fr\\\/#\\\/schema\\\/person\\\/f35b42a42c5e2511bbd282959d6385cc\"},\"headline\":\"Vent fort sur le sud : Alerte orange \u00e0 Kebili\",\"datePublished\":\"2023-03-19T10:29:00+00:00\",\"dateModified\":\"2025-05-20T22:44:49+00:00\",\"mainEntityOfPage\":{\"@id\":\"https:\\\/\\\/www.webdo.tn\\\/fr\\\/actualite\\\/national\\\/vent-fort-sur-le-sud-alerte-orange-a-kebili\\\/204075\\\/\"},\"wordCount\":143,\"commentCount\":0,\"publisher\":{\"@id\":\"https:\\\/\\\/www.webdo.tn\\\/fr\\\/#organization\"},\"image\":{\"@id\":\"https:\\\/\\\/www.webdo.tn\\\/fr\\\/actualite\\\/national\\\/vent-fort-sur-le-sud-alerte-orange-a-kebili\\\/204075\\\/#primaryimage\"},\"thumbnailUrl\":\"https:\\\/\\\/www.webdo.tn\\\/fr\\\/wp-content\\\/uploads\\\/2023\\\/03\\\/06afd7e4c662d1a243473e00e437cc48.jpg\",\"keywords\":[\"m\u00e9t\u00e9o\",\"Tunisie\",\"Vent\"],\"articleSection\":[\"National\"],\"inLanguage\":\"fr-FR\"},{\"@type\":\"WebPage\",\"@id\":\"https:\\\/\\\/www.webdo.tn\\\/fr\\\/actualite\\\/national\\\/vent-fort-sur-le-sud-alerte-orange-a-kebili\\\/204075\\\/\",\"url\":\"https:\\\/\\\/www.webdo.tn\\\/fr\\\/actualite\\\/national\\\/vent-fort-sur-le-sud-alerte-orange-a-kebili\\\/204075\\\/\",\"name\":\"Vent fort sur le sud : Alerte orange \u00e0 Kebili\",\"isPartOf\":{\"@id\":\"https:\\\/\\\/www.webdo.tn\\\/fr\\\/#website\"},\"primaryImageOfPage\":{\"@id\":\"https:\\\/\\\/www.webdo.tn\\\/fr\\\/actualite\\\/national\\\/vent-fort-sur-le-sud-alerte-orange-a-kebili\\\/204075\\\/#primaryimage\"},\"image\":{\"@id\":\"https:\\\/\\\/www.webdo.tn\\\/fr\\\/actualite\\\/national\\\/vent-fort-sur-le-sud-alerte-orange-a-kebili\\\/204075\\\/#primaryimage\"},\"thumbnailUrl\":\"https:\\\/\\\/www.webdo.tn\\\/fr\\\/wp-content\\\/uploads\\\/2023\\\/03\\\/06afd7e4c662d1a243473e00e437cc48.jpg\",\"datePublished\":\"2023-03-19T10:29:00+00:00\",\"dateModified\":\"2025-05-20T22:44:49+00:00\",\"description\":\"Le vent soufflera fort \u00e0 tr\u00e8s fort, ce dimanche, sur le sud du pays, avec une vitesse variant entre 50 et 70 km\\\/h, et peut atteindre, temporairement les 90 km\\\/h...\",\"breadcrumb\":{\"@id\":\"https:\\\/\\\/www.webdo.tn\\\/fr\\\/actualite\\\/national\\\/vent-fort-sur-le-sud-alerte-orange-a-kebili\\\/204075\\\/#breadcrumb\"},\"inLanguage\":\"fr-FR\",\"potentialAction\":[{\"@type\":\"ReadAction\",\"target\":[\"https:\\\/\\\/www.webdo.tn\\\/fr\\\/actualite\\\/national\\\/vent-fort-sur-le-sud-alerte-orange-a-kebili\\\/204075\\\/\"]}]},{\"@type\":\"ImageObject\",\"inLanguage\":\"fr-FR\",\"@id\":\"https:\\\/\\\/www.webdo.tn\\\/fr\\\/actualite\\\/national\\\/vent-fort-sur-le-sud-alerte-orange-a-kebili\\\/204075\\\/#primaryimage\",\"url\":\"https:\\\/\\\/www.webdo.tn\\\/fr\\\/wp-content\\\/uploads\\\/2023\\\/03\\\/06afd7e4c662d1a243473e00e437cc48.jpg\",\"contentUrl\":\"https:\\\/\\\/www.webdo.tn\\\/fr\\\/wp-content\\\/uploads\\\/2023\\\/03\\\/06afd7e4c662d1a243473e00e437cc48.jpg\",\"width\":750,\"height\":400,\"caption\":\"Vent fort\"},{\"@type\":\"BreadcrumbList\",\"@id\":\"https:\\\/\\\/www.webdo.tn\\\/fr\\\/actualite\\\/national\\\/vent-fort-sur-le-sud-alerte-orange-a-kebili\\\/204075\\\/#breadcrumb\",\"itemListElement\":[{\"@type\":\"ListItem\",\"position\":1,\"name\":\"Accueil\",\"item\":\"https:\\\/\\\/www.webdo.tn\\\/fr\\\/\"},{\"@type\":\"ListItem\",\"position\":2,\"name\":\"Vent fort sur le sud : Alerte orange \u00e0 Kebili\"}]},{\"@type\":\"WebSite\",\"@id\":\"https:\\\/\\\/www.webdo.tn\\\/fr\\\/#website\",\"url\":\"https:\\\/\\\/www.webdo.tn\\\/fr\\\/\",\"name\":\"webdo\",\"description\":\"Tunisie - News en Tunisie et \u00e0 l&#039;international sur Webdo.tn\",\"publisher\":{\"@id\":\"https:\\\/\\\/www.webdo.tn\\\/fr\\\/#organization\"},\"potentialAction\":[{\"@type\":\"SearchAction\",\"target\":{\"@type\":\"EntryPoint\",\"urlTemplate\":\"https:\\\/\\\/www.webdo.tn\\\/fr\\\/?s={search_term_string}\"},\"query-input\":{\"@type\":\"PropertyValueSpecification\",\"valueRequired\":true,\"valueName\":\"search_term_string\"}}],\"inLanguage\":\"fr-FR\"},{\"@type\":\"Organization\",\"@id\":\"https:\\\/\\\/www.webdo.tn\\\/fr\\\/#organization\",\"name\":\"Webdo\",\"alternateName\":\"Webdo.tn\",\"url\":\"https:\\\/\\\/www.webdo.tn\\\/fr\\\/\",\"logo\":{\"@type\":\"ImageObject\",\"inLanguage\":\"fr-FR\",\"@id\":\"https:\\\/\\\/www.webdo.tn\\\/fr\\\/#\\\/schema\\\/logo\\\/image\\\/\",\"url\":\"https:\\\/\\\/www.webdo.tn\\\/fr\\\/wp-content\\\/uploads\\\/2025\\\/06\\\/Webdo-Tunisie_168377.jpg\",\"contentUrl\":\"https:\\\/\\\/www.webdo.tn\\\/fr\\\/wp-content\\\/uploads\\\/2025\\\/06\\\/Webdo-Tunisie_168377.jpg\",\"width\":301,\"height\":301,\"caption\":\"Webdo\"},\"image\":{\"@id\":\"https:\\\/\\\/www.webdo.tn\\\/fr\\\/#\\\/schema\\\/logo\\\/image\\\/\"},\"sameAs\":[\"https:\\\/\\\/www.facebook.com\\\/webdotn\",\"https:\\\/\\\/x.com\\\/webdo_tn\"],\"description\":\"Webdo est un m\u00e9dia num\u00e9rique tunisien fond\u00e9 en 2010, sp\u00e9cialis\u00e9 dans l\u2019actualit\u00e9 nationale et internationale, l\u2019\u00e9conomie, la soci\u00e9t\u00e9 et les analyses politiques. Le site s\u2019adresse \u00e0 un large public francophone et couvre l\u2019information tunisienne en temps r\u00e9el.\",\"email\":\"redac@webdo.tn\",\"legalName\":\"YNJ SARL\",\"foundingDate\":\"2010-09-06\",\"numberOfEmployees\":{\"@type\":\"QuantitativeValue\",\"minValue\":\"11\",\"maxValue\":\"50\"}},{\"@type\":\"Person\",\"@id\":\"https:\\\/\\\/www.webdo.tn\\\/fr\\\/#\\\/schema\\\/person\\\/f35b42a42c5e2511bbd282959d6385cc\",\"name\":\"CL\",\"image\":{\"@type\":\"ImageObject\",\"inLanguage\":\"fr-FR\",\"@id\":\"https:\\\/\\\/secure.gravatar.com\\\/avatar\\\/1447a49909b67aa657c488aec6512e1dd6143a480c1ecfee9b5b5cd74eb3b59e?s=96&d=mm&r=g\",\"url\":\"https:\\\/\\\/secure.gravatar.com\\\/avatar\\\/1447a49909b67aa657c488aec6512e1dd6143a480c1ecfee9b5b5cd74eb3b59e?s=96&d=mm&r=g\",\"contentUrl\":\"https:\\\/\\\/secure.gravatar.com\\\/avatar\\\/1447a49909b67aa657c488aec6512e1dd6143a480c1ecfee9b5b5cd74eb3b59e?s=96&d=mm&r=g\",\"caption\":\"CL\"},\"url\":\"https:\\\/\\\/www.webdo.tn\\\/fr\\\/actualite\\\/author\\\/cl\\\/\"}]}<\/script>\n<!-- \/ Yoast SEO Premium plugin. -->","yoast_head_json":{"title":"Vent fort sur le sud : Alerte orange \u00e0 Kebili","description":"Le vent soufflera fort \u00e0 tr\u00e8s fort, ce dimanche, sur le sud du pays, avec une vitesse variant entre 50 et 70 km\/h, et peut atteindre, temporairement les 90 km\/h...","canonical":"https:\/\/www.webdo.tn\/fr\/actualite\/national\/vent-fort-sur-le-sud-alerte-orange-a-kebili\/204075\/","og_locale":"fr_FR","og_type":"article","og_title":"Vent fort sur le sud : Alerte orange \u00e0 Kebili","og_description":"Le vent soufflera fort \u00e0 tr\u00e8s fort, ce dimanche, sur le sud du pays, avec une vitesse variant entre 50 et 70 km\/h, et peut atteindre, temporairement les 90 km\/h...","og_url":"https:\/\/www.webdo.tn\/fr\/actualite\/national\/vent-fort-sur-le-sud-alerte-orange-a-kebili\/204075\/","og_site_name":"webdo","article_publisher":"https:\/\/www.facebook.com\/webdotn","article_published_time":"2023-03-19T10:29:00+00:00","article_modified_time":"2025-05-20T22:44:49+00:00","og_image":[{"width":750,"height":400,"url":"https:\/\/www.webdo.tn\/fr\/wp-content\/uploads\/2023\/03\/06afd7e4c662d1a243473e00e437cc48.jpg","type":"image\/jpeg"}],"author":"CL","twitter_card":"summary_large_image","twitter_creator":"@webdo_tn","twitter_site":"@webdo_tn","twitter_misc":{"\u00c9crit par":"CL","Dur\u00e9e de lecture estim\u00e9e":"1 minute"},"schema":{"@context":"https:\/\/schema.org","@graph":[{"@type":"NewsArticle","@id":"https:\/\/www.webdo.tn\/fr\/actualite\/national\/vent-fort-sur-le-sud-alerte-orange-a-kebili\/204075\/#article","isPartOf":{"@id":"https:\/\/www.webdo.tn\/fr\/actualite\/national\/vent-fort-sur-le-sud-alerte-orange-a-kebili\/204075\/"},"author":{"name":"CL","@id":"https:\/\/www.webdo.tn\/fr\/#\/schema\/person\/f35b42a42c5e2511bbd282959d6385cc"},"headline":"Vent fort sur le sud : Alerte orange \u00e0 Kebili","datePublished":"2023-03-19T10:29:00+00:00","dateModified":"2025-05-20T22:44:49+00:00","mainEntityOfPage":{"@id":"https:\/\/www.webdo.tn\/fr\/actualite\/national\/vent-fort-sur-le-sud-alerte-orange-a-kebili\/204075\/"},"wordCount":143,"commentCount":0,"publisher":{"@id":"https:\/\/www.webdo.tn\/fr\/#organization"},"image":{"@id":"https:\/\/www.webdo.tn\/fr\/actualite\/national\/vent-fort-sur-le-sud-alerte-orange-a-kebili\/204075\/#primaryimage"},"thumbnailUrl":"https:\/\/www.webdo.tn\/fr\/wp-content\/uploads\/2023\/03\/06afd7e4c662d1a243473e00e437cc48.jpg","keywords":["m\u00e9t\u00e9o","Tunisie","Vent"],"articleSection":["National"],"inLanguage":"fr-FR"},{"@type":"WebPage","@id":"https:\/\/www.webdo.tn\/fr\/actualite\/national\/vent-fort-sur-le-sud-alerte-orange-a-kebili\/204075\/","url":"https:\/\/www.webdo.tn\/fr\/actualite\/national\/vent-fort-sur-le-sud-alerte-orange-a-kebili\/204075\/","name":"Vent fort sur le sud : Alerte orange \u00e0 Kebili","isPartOf":{"@id":"https:\/\/www.webdo.tn\/fr\/#website"},"primaryImageOfPage":{"@id":"https:\/\/www.webdo.tn\/fr\/actualite\/national\/vent-fort-sur-le-sud-alerte-orange-a-kebili\/204075\/#primaryimage"},"image":{"@id":"https:\/\/www.webdo.tn\/fr\/actualite\/national\/vent-fort-sur-le-sud-alerte-orange-a-kebili\/204075\/#primaryimage"},"thumbnailUrl":"https:\/\/www.webdo.tn\/fr\/wp-content\/uploads\/2023\/03\/06afd7e4c662d1a243473e00e437cc48.jpg","datePublished":"2023-03-19T10:29:00+00:00","dateModified":"2025-05-20T22:44:49+00:00","description":"Le vent soufflera fort \u00e0 tr\u00e8s fort, ce dimanche, sur le sud du pays, avec une vitesse variant entre 50 et 70 km\/h, et peut atteindre, temporairement les 90 km\/h...","breadcrumb":{"@id":"https:\/\/www.webdo.tn\/fr\/actualite\/national\/vent-fort-sur-le-sud-alerte-orange-a-kebili\/204075\/#breadcrumb"},"inLanguage":"fr-FR","potentialAction":[{"@type":"ReadAction","target":["https:\/\/www.webdo.tn\/fr\/actualite\/national\/vent-fort-sur-le-sud-alerte-orange-a-kebili\/204075\/"]}]},{"@type":"ImageObject","inLanguage":"fr-FR","@id":"https:\/\/www.webdo.tn\/fr\/actualite\/national\/vent-fort-sur-le-sud-alerte-orange-a-kebili\/204075\/#primaryimage","url":"https:\/\/www.webdo.tn\/fr\/wp-content\/uploads\/2023\/03\/06afd7e4c662d1a243473e00e437cc48.jpg","contentUrl":"https:\/\/www.webdo.tn\/fr\/wp-content\/uploads\/2023\/03\/06afd7e4c662d1a243473e00e437cc48.jpg","width":750,"height":400,"caption":"Vent fort"},{"@type":"BreadcrumbList","@id":"https:\/\/www.webdo.tn\/fr\/actualite\/national\/vent-fort-sur-le-sud-alerte-orange-a-kebili\/204075\/#breadcrumb","itemListElement":[{"@type":"ListItem","position":1,"name":"Accueil","item":"https:\/\/www.webdo.tn\/fr\/"},{"@type":"ListItem","position":2,"name":"Vent fort sur le sud : Alerte orange \u00e0 Kebili"}]},{"@type":"WebSite","@id":"https:\/\/www.webdo.tn\/fr\/#website","url":"https:\/\/www.webdo.tn\/fr\/","name":"webdo","description":"Tunisie - News en Tunisie et \u00e0 l&#039;international sur Webdo.tn","publisher":{"@id":"https:\/\/www.webdo.tn\/fr\/#organization"},"potentialAction":[{"@type":"SearchAction","target":{"@type":"EntryPoint","urlTemplate":"https:\/\/www.webdo.tn\/fr\/?s={search_term_string}"},"query-input":{"@type":"PropertyValueSpecification","valueRequired":true,"valueName":"search_term_string"}}],"inLanguage":"fr-FR"},{"@type":"Organization","@id":"https:\/\/www.webdo.tn\/fr\/#organization","name":"Webdo","alternateName":"Webdo.tn","url":"https:\/\/www.webdo.tn\/fr\/","logo":{"@type":"ImageObject","inLanguage":"fr-FR","@id":"https:\/\/www.webdo.tn\/fr\/#\/schema\/logo\/image\/","url":"https:\/\/www.webdo.tn\/fr\/wp-content\/uploads\/2025\/06\/Webdo-Tunisie_168377.jpg","contentUrl":"https:\/\/www.webdo.tn\/fr\/wp-content\/uploads\/2025\/06\/Webdo-Tunisie_168377.jpg","width":301,"height":301,"caption":"Webdo"},"image":{"@id":"https:\/\/www.webdo.tn\/fr\/#\/schema\/logo\/image\/"},"sameAs":["https:\/\/www.facebook.com\/webdotn","https:\/\/x.com\/webdo_tn"],"description":"Webdo est un m\u00e9dia num\u00e9rique tunisien fond\u00e9 en 2010, sp\u00e9cialis\u00e9 dans l\u2019actualit\u00e9 nationale et internationale, l\u2019\u00e9conomie, la soci\u00e9t\u00e9 et les analyses politiques. Le site s\u2019adresse \u00e0 un large public francophone et couvre l\u2019information tunisienne en temps r\u00e9el.","email":"redac@webdo.tn","legalName":"YNJ SARL","foundingDate":"2010-09-06","numberOfEmployees":{"@type":"QuantitativeValue","minValue":"11","maxValue":"50"}},{"@type":"Person","@id":"https:\/\/www.webdo.tn\/fr\/#\/schema\/person\/f35b42a42c5e2511bbd282959d6385cc","name":"CL","image":{"@type":"ImageObject","inLanguage":"fr-FR","@id":"https:\/\/secure.gravatar.com\/avatar\/1447a49909b67aa657c488aec6512e1dd6143a480c1ecfee9b5b5cd74eb3b59e?s=96&d=mm&r=g","url":"https:\/\/secure.gravatar.com\/avatar\/1447a49909b67aa657c488aec6512e1dd6143a480c1ecfee9b5b5cd74eb3b59e?s=96&d=mm&r=g","contentUrl":"https:\/\/secure.gravatar.com\/avatar\/1447a49909b67aa657c488aec6512e1dd6143a480c1ecfee9b5b5cd74eb3b59e?s=96&d=mm&r=g","caption":"CL"},"url":"https:\/\/www.webdo.tn\/fr\/actualite\/author\/cl\/"}]}},"_links":{"self":[{"href":"https:\/\/www.webdo.tn\/fr\/wp-json\/wp\/v2\/posts\/204075","targetHints":{"allow":["GET"]}}],"collection":[{"href":"https:\/\/www.webdo.tn\/fr\/wp-json\/wp\/v2\/posts"}],"about":[{"href":"https:\/\/www.webdo.tn\/fr\/wp-json\/wp\/v2\/types\/post"}],"author":[{"embeddable":true,"href":"https:\/\/www.webdo.tn\/fr\/wp-json\/wp\/v2\/users\/3175"}],"replies":[{"embeddable":true,"href":"https:\/\/www.webdo.tn\/fr\/wp-json\/wp\/v2\/comments?post=204075"}],"version-history":[{"count":0,"href":"https:\/\/www.webdo.tn\/fr\/wp-json\/wp\/v2\/posts\/204075\/revisions"}],"wp:featuredmedia":[{"embeddable":true,"href":"https:\/\/www.webdo.tn\/fr\/wp-json\/wp\/v2\/media\/251706"}],"wp:attachment":[{"href":"https:\/\/www.webdo.tn\/fr\/wp-json\/wp\/v2\/media?parent=204075"}],"wp:term":[{"taxonomy":"category","embeddable":true,"href":"https:\/\/www.webdo.tn\/fr\/wp-json\/wp\/v2\/categories?post=204075"},{"taxonomy":"post_tag","embeddable":true,"href":"https:\/\/www.webdo.tn\/fr\/wp-json\/wp\/v2\/tags?post=204075"}],"curies":[{"name":"wp","href":"https:\/\/api.w.org\/{rel}","templated":true}]}}