{"id":204068,"date":"2023-03-18T12:59:00","date_gmt":"2023-03-18T12:59:00","guid":{"rendered":"https:\/\/www.webdo.tn\/fr\/blog\/ramadan-horaires-de-travail-dans-l-administration-et-la-fonction-publique-2\/204068\/"},"modified":"2025-05-20T22:01:33","modified_gmt":"2025-05-20T22:01:33","slug":"ramadan-horaires-de-travail-dans-l-administration-et-la-fonction-publique-2","status":"publish","type":"post","link":"https:\/\/www.webdo.tn\/fr\/actualite\/national\/ramadan-horaires-de-travail-dans-l-administration-et-la-fonction-publique-2\/204068\/","title":{"rendered":"Ramadan : Horaires de travail dans l\u2019administration et la fonction publique"},"content":{"rendered":"<p>Les horaires de travail dans l\u2019administration et la fonction publique durant le Ramadan.<\/p>\n<p>\t\t\t\t\t\t\t\t\tLa pr\u00e9sidence du gouvernement a d\u00e9voil\u00e9, ce samedi 18 mars 2023, les horaires de travail en vigueur dans les administrations publiques, les collectivit\u00e9s locales, et les entreprises publiques \u00e0 caract\u00e8re administratif, au cours du mois de Ramadan 2023, correspondant \u00e0 l\u2019an 1444 de l\u2019h\u00e9gire.<\/p>\n<p>Durant le Ramadan, les horaires de travail s&rsquo;\u00e9taleront de 08h00 \u00e0 14h30 du lundi au jeudi ; et de 08h00 \u00e0 13h00 le vendredi.<\/p>\n","protected":false},"excerpt":{"rendered":"<p>Les horaires de travail dans l\u2019administration et la fonction publique durant le Ramadan.<\/p>\n","protected":false},"author":3162,"featured_media":251702,"comment_status":"open","ping_status":"closed","sticky":false,"template":"","format":"standard","meta":{"footnotes":""},"categories":[44],"tags":[3844,3512,2608],"class_list":["post-204068","post","type-post","status-publish","format-standard","has-post-thumbnail","hentry","category-national","tag-horaires","tag-ramadan","tag-tunisie"],"yoast_head":"<!-- This site is optimized with the Yoast SEO Premium plugin v27.5 (Yoast SEO v27.5) - https:\/\/yoast.com\/product\/yoast-seo-premium-wordpress\/ -->\n<title>Ramadan : Horaires de travail dans l\u2019administration et la fonction publique<\/title>\n<meta name=\"description\" content=\"Les horaires de travail dans l\u2019administration et la fonction publique durant le Ramadan.\" \/>\n<link rel=\"canonical\" href=\"https:\/\/www.webdo.tn\/fr\/actualite\/national\/ramadan-horaires-de-travail-dans-l-administration-et-la-fonction-publique-2\/204068\/\" \/>\n<meta property=\"og:locale\" content=\"fr_FR\" \/>\n<meta property=\"og:type\" content=\"article\" \/>\n<meta property=\"og:title\" content=\"Ramadan : Horaires de travail dans l\u2019administration et la fonction publique\" \/>\n<meta property=\"og:description\" content=\"Les horaires de travail dans l\u2019administration et la fonction publique durant le Ramadan.\" \/>\n<meta property=\"og:url\" content=\"https:\/\/www.webdo.tn\/fr\/actualite\/national\/ramadan-horaires-de-travail-dans-l-administration-et-la-fonction-publique-2\/204068\/\" \/>\n<meta property=\"og:site_name\" content=\"webdo\" \/>\n<meta property=\"article:publisher\" content=\"https:\/\/www.facebook.com\/webdotn\" \/>\n<meta property=\"article:published_time\" content=\"2023-03-18T12:59:00+00:00\" \/>\n<meta property=\"article:modified_time\" content=\"2025-05-20T22:01:33+00:00\" \/>\n<meta property=\"og:image\" content=\"https:\/\/www.webdo.tn\/fr\/wp-content\/uploads\/2023\/03\/299b7e7c43b08b3e10fe832ca453475c.jpg\" \/>\n\t<meta property=\"og:image:width\" content=\"526\" \/>\n\t<meta property=\"og:image:height\" content=\"281\" \/>\n\t<meta property=\"og:image:type\" content=\"image\/jpeg\" \/>\n<meta name=\"author\" content=\"MC\" \/>\n<meta name=\"twitter:card\" content=\"summary_large_image\" \/>\n<meta name=\"twitter:creator\" content=\"@webdo_tn\" \/>\n<meta name=\"twitter:site\" content=\"@webdo_tn\" \/>\n<meta name=\"twitter:label1\" content=\"\u00c9crit par\" \/>\n\t<meta name=\"twitter:data1\" content=\"MC\" \/>\n<script type=\"application\/ld+json\" class=\"yoast-schema-graph\">{\"@context\":\"https:\\\/\\\/schema.org\",\"@graph\":[{\"@type\":\"NewsArticle\",\"@id\":\"https:\\\/\\\/www.webdo.tn\\\/fr\\\/actualite\\\/national\\\/ramadan-horaires-de-travail-dans-l-administration-et-la-fonction-publique-2\\\/204068\\\/#article\",\"isPartOf\":{\"@id\":\"https:\\\/\\\/www.webdo.tn\\\/fr\\\/actualite\\\/national\\\/ramadan-horaires-de-travail-dans-l-administration-et-la-fonction-publique-2\\\/204068\\\/\"},\"author\":{\"name\":\"MC\",\"@id\":\"https:\\\/\\\/www.webdo.tn\\\/fr\\\/#\\\/schema\\\/person\\\/2c4929cbf5a809e3bd38617c6ce150f6\"},\"headline\":\"Ramadan : Horaires de travail dans l\u2019administration et la fonction publique\",\"datePublished\":\"2023-03-18T12:59:00+00:00\",\"dateModified\":\"2025-05-20T22:01:33+00:00\",\"mainEntityOfPage\":{\"@id\":\"https:\\\/\\\/www.webdo.tn\\\/fr\\\/actualite\\\/national\\\/ramadan-horaires-de-travail-dans-l-administration-et-la-fonction-publique-2\\\/204068\\\/\"},\"wordCount\":92,\"commentCount\":0,\"publisher\":{\"@id\":\"https:\\\/\\\/www.webdo.tn\\\/fr\\\/#organization\"},\"image\":{\"@id\":\"https:\\\/\\\/www.webdo.tn\\\/fr\\\/actualite\\\/national\\\/ramadan-horaires-de-travail-dans-l-administration-et-la-fonction-publique-2\\\/204068\\\/#primaryimage\"},\"thumbnailUrl\":\"https:\\\/\\\/www.webdo.tn\\\/fr\\\/wp-content\\\/uploads\\\/2023\\\/03\\\/299b7e7c43b08b3e10fe832ca453475c.jpg\",\"keywords\":[\"horaires\",\"ramadan\",\"Tunisie\"],\"articleSection\":[\"National\"],\"inLanguage\":\"fr-FR\"},{\"@type\":\"WebPage\",\"@id\":\"https:\\\/\\\/www.webdo.tn\\\/fr\\\/actualite\\\/national\\\/ramadan-horaires-de-travail-dans-l-administration-et-la-fonction-publique-2\\\/204068\\\/\",\"url\":\"https:\\\/\\\/www.webdo.tn\\\/fr\\\/actualite\\\/national\\\/ramadan-horaires-de-travail-dans-l-administration-et-la-fonction-publique-2\\\/204068\\\/\",\"name\":\"Ramadan : Horaires de travail dans l\u2019administration et la fonction publique\",\"isPartOf\":{\"@id\":\"https:\\\/\\\/www.webdo.tn\\\/fr\\\/#website\"},\"primaryImageOfPage\":{\"@id\":\"https:\\\/\\\/www.webdo.tn\\\/fr\\\/actualite\\\/national\\\/ramadan-horaires-de-travail-dans-l-administration-et-la-fonction-publique-2\\\/204068\\\/#primaryimage\"},\"image\":{\"@id\":\"https:\\\/\\\/www.webdo.tn\\\/fr\\\/actualite\\\/national\\\/ramadan-horaires-de-travail-dans-l-administration-et-la-fonction-publique-2\\\/204068\\\/#primaryimage\"},\"thumbnailUrl\":\"https:\\\/\\\/www.webdo.tn\\\/fr\\\/wp-content\\\/uploads\\\/2023\\\/03\\\/299b7e7c43b08b3e10fe832ca453475c.jpg\",\"datePublished\":\"2023-03-18T12:59:00+00:00\",\"dateModified\":\"2025-05-20T22:01:33+00:00\",\"description\":\"Les horaires de travail dans l\u2019administration et la fonction publique durant le Ramadan.\",\"breadcrumb\":{\"@id\":\"https:\\\/\\\/www.webdo.tn\\\/fr\\\/actualite\\\/national\\\/ramadan-horaires-de-travail-dans-l-administration-et-la-fonction-publique-2\\\/204068\\\/#breadcrumb\"},\"inLanguage\":\"fr-FR\",\"potentialAction\":[{\"@type\":\"ReadAction\",\"target\":[\"https:\\\/\\\/www.webdo.tn\\\/fr\\\/actualite\\\/national\\\/ramadan-horaires-de-travail-dans-l-administration-et-la-fonction-publique-2\\\/204068\\\/\"]}]},{\"@type\":\"ImageObject\",\"inLanguage\":\"fr-FR\",\"@id\":\"https:\\\/\\\/www.webdo.tn\\\/fr\\\/actualite\\\/national\\\/ramadan-horaires-de-travail-dans-l-administration-et-la-fonction-publique-2\\\/204068\\\/#primaryimage\",\"url\":\"https:\\\/\\\/www.webdo.tn\\\/fr\\\/wp-content\\\/uploads\\\/2023\\\/03\\\/299b7e7c43b08b3e10fe832ca453475c.jpg\",\"contentUrl\":\"https:\\\/\\\/www.webdo.tn\\\/fr\\\/wp-content\\\/uploads\\\/2023\\\/03\\\/299b7e7c43b08b3e10fe832ca453475c.jpg\",\"width\":526,\"height\":281,\"caption\":\"Ramadan : Horaires de travail dans l\u2019administration et la fonction publique\"},{\"@type\":\"BreadcrumbList\",\"@id\":\"https:\\\/\\\/www.webdo.tn\\\/fr\\\/actualite\\\/national\\\/ramadan-horaires-de-travail-dans-l-administration-et-la-fonction-publique-2\\\/204068\\\/#breadcrumb\",\"itemListElement\":[{\"@type\":\"ListItem\",\"position\":1,\"name\":\"Accueil\",\"item\":\"https:\\\/\\\/www.webdo.tn\\\/fr\\\/\"},{\"@type\":\"ListItem\",\"position\":2,\"name\":\"Ramadan : Horaires de travail dans l\u2019administration et la fonction publique\"}]},{\"@type\":\"WebSite\",\"@id\":\"https:\\\/\\\/www.webdo.tn\\\/fr\\\/#website\",\"url\":\"https:\\\/\\\/www.webdo.tn\\\/fr\\\/\",\"name\":\"webdo\",\"description\":\"Tunisie - News en Tunisie et \u00e0 l&#039;international sur Webdo.tn\",\"publisher\":{\"@id\":\"https:\\\/\\\/www.webdo.tn\\\/fr\\\/#organization\"},\"potentialAction\":[{\"@type\":\"SearchAction\",\"target\":{\"@type\":\"EntryPoint\",\"urlTemplate\":\"https:\\\/\\\/www.webdo.tn\\\/fr\\\/?s={search_term_string}\"},\"query-input\":{\"@type\":\"PropertyValueSpecification\",\"valueRequired\":true,\"valueName\":\"search_term_string\"}}],\"inLanguage\":\"fr-FR\"},{\"@type\":\"Organization\",\"@id\":\"https:\\\/\\\/www.webdo.tn\\\/fr\\\/#organization\",\"name\":\"Webdo\",\"alternateName\":\"Webdo.tn\",\"url\":\"https:\\\/\\\/www.webdo.tn\\\/fr\\\/\",\"logo\":{\"@type\":\"ImageObject\",\"inLanguage\":\"fr-FR\",\"@id\":\"https:\\\/\\\/www.webdo.tn\\\/fr\\\/#\\\/schema\\\/logo\\\/image\\\/\",\"url\":\"https:\\\/\\\/www.webdo.tn\\\/fr\\\/wp-content\\\/uploads\\\/2025\\\/06\\\/Webdo-Tunisie_168377.jpg\",\"contentUrl\":\"https:\\\/\\\/www.webdo.tn\\\/fr\\\/wp-content\\\/uploads\\\/2025\\\/06\\\/Webdo-Tunisie_168377.jpg\",\"width\":301,\"height\":301,\"caption\":\"Webdo\"},\"image\":{\"@id\":\"https:\\\/\\\/www.webdo.tn\\\/fr\\\/#\\\/schema\\\/logo\\\/image\\\/\"},\"sameAs\":[\"https:\\\/\\\/www.facebook.com\\\/webdotn\",\"https:\\\/\\\/x.com\\\/webdo_tn\"],\"description\":\"Webdo est un m\u00e9dia num\u00e9rique tunisien fond\u00e9 en 2010, sp\u00e9cialis\u00e9 dans l\u2019actualit\u00e9 nationale et internationale, l\u2019\u00e9conomie, la soci\u00e9t\u00e9 et les analyses politiques. Le site s\u2019adresse \u00e0 un large public francophone et couvre l\u2019information tunisienne en temps r\u00e9el.\",\"email\":\"redac@webdo.tn\",\"legalName\":\"YNJ SARL\",\"foundingDate\":\"2010-09-06\",\"numberOfEmployees\":{\"@type\":\"QuantitativeValue\",\"minValue\":\"11\",\"maxValue\":\"50\"}},{\"@type\":\"Person\",\"@id\":\"https:\\\/\\\/www.webdo.tn\\\/fr\\\/#\\\/schema\\\/person\\\/2c4929cbf5a809e3bd38617c6ce150f6\",\"name\":\"MC\",\"image\":{\"@type\":\"ImageObject\",\"inLanguage\":\"fr-FR\",\"@id\":\"https:\\\/\\\/secure.gravatar.com\\\/avatar\\\/a545bbb6f84efdd5553dbbc2895e3ca8f1d12c5215e00a041c9670b54aa9b18a?s=96&d=mm&r=g\",\"url\":\"https:\\\/\\\/secure.gravatar.com\\\/avatar\\\/a545bbb6f84efdd5553dbbc2895e3ca8f1d12c5215e00a041c9670b54aa9b18a?s=96&d=mm&r=g\",\"contentUrl\":\"https:\\\/\\\/secure.gravatar.com\\\/avatar\\\/a545bbb6f84efdd5553dbbc2895e3ca8f1d12c5215e00a041c9670b54aa9b18a?s=96&d=mm&r=g\",\"caption\":\"MC\"},\"url\":\"https:\\\/\\\/www.webdo.tn\\\/fr\\\/actualite\\\/author\\\/mc\\\/\"}]}<\/script>\n<!-- \/ Yoast SEO Premium plugin. -->","yoast_head_json":{"title":"Ramadan : Horaires de travail dans l\u2019administration et la fonction publique","description":"Les horaires de travail dans l\u2019administration et la fonction publique durant le Ramadan.","canonical":"https:\/\/www.webdo.tn\/fr\/actualite\/national\/ramadan-horaires-de-travail-dans-l-administration-et-la-fonction-publique-2\/204068\/","og_locale":"fr_FR","og_type":"article","og_title":"Ramadan : Horaires de travail dans l\u2019administration et la fonction publique","og_description":"Les horaires de travail dans l\u2019administration et la fonction publique durant le Ramadan.","og_url":"https:\/\/www.webdo.tn\/fr\/actualite\/national\/ramadan-horaires-de-travail-dans-l-administration-et-la-fonction-publique-2\/204068\/","og_site_name":"webdo","article_publisher":"https:\/\/www.facebook.com\/webdotn","article_published_time":"2023-03-18T12:59:00+00:00","article_modified_time":"2025-05-20T22:01:33+00:00","og_image":[{"width":526,"height":281,"url":"https:\/\/www.webdo.tn\/fr\/wp-content\/uploads\/2023\/03\/299b7e7c43b08b3e10fe832ca453475c.jpg","type":"image\/jpeg"}],"author":"MC","twitter_card":"summary_large_image","twitter_creator":"@webdo_tn","twitter_site":"@webdo_tn","twitter_misc":{"\u00c9crit par":"MC"},"schema":{"@context":"https:\/\/schema.org","@graph":[{"@type":"NewsArticle","@id":"https:\/\/www.webdo.tn\/fr\/actualite\/national\/ramadan-horaires-de-travail-dans-l-administration-et-la-fonction-publique-2\/204068\/#article","isPartOf":{"@id":"https:\/\/www.webdo.tn\/fr\/actualite\/national\/ramadan-horaires-de-travail-dans-l-administration-et-la-fonction-publique-2\/204068\/"},"author":{"name":"MC","@id":"https:\/\/www.webdo.tn\/fr\/#\/schema\/person\/2c4929cbf5a809e3bd38617c6ce150f6"},"headline":"Ramadan : Horaires de travail dans l\u2019administration et la fonction publique","datePublished":"2023-03-18T12:59:00+00:00","dateModified":"2025-05-20T22:01:33+00:00","mainEntityOfPage":{"@id":"https:\/\/www.webdo.tn\/fr\/actualite\/national\/ramadan-horaires-de-travail-dans-l-administration-et-la-fonction-publique-2\/204068\/"},"wordCount":92,"commentCount":0,"publisher":{"@id":"https:\/\/www.webdo.tn\/fr\/#organization"},"image":{"@id":"https:\/\/www.webdo.tn\/fr\/actualite\/national\/ramadan-horaires-de-travail-dans-l-administration-et-la-fonction-publique-2\/204068\/#primaryimage"},"thumbnailUrl":"https:\/\/www.webdo.tn\/fr\/wp-content\/uploads\/2023\/03\/299b7e7c43b08b3e10fe832ca453475c.jpg","keywords":["horaires","ramadan","Tunisie"],"articleSection":["National"],"inLanguage":"fr-FR"},{"@type":"WebPage","@id":"https:\/\/www.webdo.tn\/fr\/actualite\/national\/ramadan-horaires-de-travail-dans-l-administration-et-la-fonction-publique-2\/204068\/","url":"https:\/\/www.webdo.tn\/fr\/actualite\/national\/ramadan-horaires-de-travail-dans-l-administration-et-la-fonction-publique-2\/204068\/","name":"Ramadan : Horaires de travail dans l\u2019administration et la fonction publique","isPartOf":{"@id":"https:\/\/www.webdo.tn\/fr\/#website"},"primaryImageOfPage":{"@id":"https:\/\/www.webdo.tn\/fr\/actualite\/national\/ramadan-horaires-de-travail-dans-l-administration-et-la-fonction-publique-2\/204068\/#primaryimage"},"image":{"@id":"https:\/\/www.webdo.tn\/fr\/actualite\/national\/ramadan-horaires-de-travail-dans-l-administration-et-la-fonction-publique-2\/204068\/#primaryimage"},"thumbnailUrl":"https:\/\/www.webdo.tn\/fr\/wp-content\/uploads\/2023\/03\/299b7e7c43b08b3e10fe832ca453475c.jpg","datePublished":"2023-03-18T12:59:00+00:00","dateModified":"2025-05-20T22:01:33+00:00","description":"Les horaires de travail dans l\u2019administration et la fonction publique durant le Ramadan.","breadcrumb":{"@id":"https:\/\/www.webdo.tn\/fr\/actualite\/national\/ramadan-horaires-de-travail-dans-l-administration-et-la-fonction-publique-2\/204068\/#breadcrumb"},"inLanguage":"fr-FR","potentialAction":[{"@type":"ReadAction","target":["https:\/\/www.webdo.tn\/fr\/actualite\/national\/ramadan-horaires-de-travail-dans-l-administration-et-la-fonction-publique-2\/204068\/"]}]},{"@type":"ImageObject","inLanguage":"fr-FR","@id":"https:\/\/www.webdo.tn\/fr\/actualite\/national\/ramadan-horaires-de-travail-dans-l-administration-et-la-fonction-publique-2\/204068\/#primaryimage","url":"https:\/\/www.webdo.tn\/fr\/wp-content\/uploads\/2023\/03\/299b7e7c43b08b3e10fe832ca453475c.jpg","contentUrl":"https:\/\/www.webdo.tn\/fr\/wp-content\/uploads\/2023\/03\/299b7e7c43b08b3e10fe832ca453475c.jpg","width":526,"height":281,"caption":"Ramadan : Horaires de travail dans l\u2019administration et la fonction publique"},{"@type":"BreadcrumbList","@id":"https:\/\/www.webdo.tn\/fr\/actualite\/national\/ramadan-horaires-de-travail-dans-l-administration-et-la-fonction-publique-2\/204068\/#breadcrumb","itemListElement":[{"@type":"ListItem","position":1,"name":"Accueil","item":"https:\/\/www.webdo.tn\/fr\/"},{"@type":"ListItem","position":2,"name":"Ramadan : Horaires de travail dans l\u2019administration et la fonction publique"}]},{"@type":"WebSite","@id":"https:\/\/www.webdo.tn\/fr\/#website","url":"https:\/\/www.webdo.tn\/fr\/","name":"webdo","description":"Tunisie - News en Tunisie et \u00e0 l&#039;international sur Webdo.tn","publisher":{"@id":"https:\/\/www.webdo.tn\/fr\/#organization"},"potentialAction":[{"@type":"SearchAction","target":{"@type":"EntryPoint","urlTemplate":"https:\/\/www.webdo.tn\/fr\/?s={search_term_string}"},"query-input":{"@type":"PropertyValueSpecification","valueRequired":true,"valueName":"search_term_string"}}],"inLanguage":"fr-FR"},{"@type":"Organization","@id":"https:\/\/www.webdo.tn\/fr\/#organization","name":"Webdo","alternateName":"Webdo.tn","url":"https:\/\/www.webdo.tn\/fr\/","logo":{"@type":"ImageObject","inLanguage":"fr-FR","@id":"https:\/\/www.webdo.tn\/fr\/#\/schema\/logo\/image\/","url":"https:\/\/www.webdo.tn\/fr\/wp-content\/uploads\/2025\/06\/Webdo-Tunisie_168377.jpg","contentUrl":"https:\/\/www.webdo.tn\/fr\/wp-content\/uploads\/2025\/06\/Webdo-Tunisie_168377.jpg","width":301,"height":301,"caption":"Webdo"},"image":{"@id":"https:\/\/www.webdo.tn\/fr\/#\/schema\/logo\/image\/"},"sameAs":["https:\/\/www.facebook.com\/webdotn","https:\/\/x.com\/webdo_tn"],"description":"Webdo est un m\u00e9dia num\u00e9rique tunisien fond\u00e9 en 2010, sp\u00e9cialis\u00e9 dans l\u2019actualit\u00e9 nationale et internationale, l\u2019\u00e9conomie, la soci\u00e9t\u00e9 et les analyses politiques. Le site s\u2019adresse \u00e0 un large public francophone et couvre l\u2019information tunisienne en temps r\u00e9el.","email":"redac@webdo.tn","legalName":"YNJ SARL","foundingDate":"2010-09-06","numberOfEmployees":{"@type":"QuantitativeValue","minValue":"11","maxValue":"50"}},{"@type":"Person","@id":"https:\/\/www.webdo.tn\/fr\/#\/schema\/person\/2c4929cbf5a809e3bd38617c6ce150f6","name":"MC","image":{"@type":"ImageObject","inLanguage":"fr-FR","@id":"https:\/\/secure.gravatar.com\/avatar\/a545bbb6f84efdd5553dbbc2895e3ca8f1d12c5215e00a041c9670b54aa9b18a?s=96&d=mm&r=g","url":"https:\/\/secure.gravatar.com\/avatar\/a545bbb6f84efdd5553dbbc2895e3ca8f1d12c5215e00a041c9670b54aa9b18a?s=96&d=mm&r=g","contentUrl":"https:\/\/secure.gravatar.com\/avatar\/a545bbb6f84efdd5553dbbc2895e3ca8f1d12c5215e00a041c9670b54aa9b18a?s=96&d=mm&r=g","caption":"MC"},"url":"https:\/\/www.webdo.tn\/fr\/actualite\/author\/mc\/"}]}},"_links":{"self":[{"href":"https:\/\/www.webdo.tn\/fr\/wp-json\/wp\/v2\/posts\/204068","targetHints":{"allow":["GET"]}}],"collection":[{"href":"https:\/\/www.webdo.tn\/fr\/wp-json\/wp\/v2\/posts"}],"about":[{"href":"https:\/\/www.webdo.tn\/fr\/wp-json\/wp\/v2\/types\/post"}],"author":[{"embeddable":true,"href":"https:\/\/www.webdo.tn\/fr\/wp-json\/wp\/v2\/users\/3162"}],"replies":[{"embeddable":true,"href":"https:\/\/www.webdo.tn\/fr\/wp-json\/wp\/v2\/comments?post=204068"}],"version-history":[{"count":0,"href":"https:\/\/www.webdo.tn\/fr\/wp-json\/wp\/v2\/posts\/204068\/revisions"}],"wp:featuredmedia":[{"embeddable":true,"href":"https:\/\/www.webdo.tn\/fr\/wp-json\/wp\/v2\/media\/251702"}],"wp:attachment":[{"href":"https:\/\/www.webdo.tn\/fr\/wp-json\/wp\/v2\/media?parent=204068"}],"wp:term":[{"taxonomy":"category","embeddable":true,"href":"https:\/\/www.webdo.tn\/fr\/wp-json\/wp\/v2\/categories?post=204068"},{"taxonomy":"post_tag","embeddable":true,"href":"https:\/\/www.webdo.tn\/fr\/wp-json\/wp\/v2\/tags?post=204068"}],"curies":[{"name":"wp","href":"https:\/\/api.w.org\/{rel}","templated":true}]}}