{"id":204066,"date":"2023-03-18T11:43:00","date_gmt":"2023-03-18T11:43:00","guid":{"rendered":"https:\/\/www.webdo.tn\/fr\/blog\/une-nouvelle-legislation-sur-les-cheques-sans-provision-va-voir-le-jour\/204066\/"},"modified":"2025-05-20T22:01:33","modified_gmt":"2025-05-20T22:01:33","slug":"une-nouvelle-legislation-sur-les-cheques-sans-provision-va-voir-le-jour","status":"publish","type":"post","link":"https:\/\/www.webdo.tn\/fr\/actualite\/national\/une-nouvelle-legislation-sur-les-cheques-sans-provision-va-voir-le-jour\/204066\/","title":{"rendered":"Une nouvelle l\u00e9gislation sur les ch\u00e8ques sans provision va voir le jour !"},"content":{"rendered":"<p>Le pr\u00e9sident Kais Saied a charg\u00e9 la ministre de la Justice Leila Jaffel de pr\u00e9parer une nouvelle l\u00e9gislation concernant l\u2019\u00e9mission des  ch\u00e8ques sans provision.<\/p>\n<p>\t\t\t\t\t\t\t\t\tLe pr\u00e9sident de la R\u00e9publique, Kais Saied, a re\u00e7u, ce vendredi 17 mars 2023, au palais de Carthage, la ministre de la Justice, Leila Jaffel.<\/p>\n<p>Au cours de leur entretien, il a \u00e9t\u00e9 notamment question de r\u00e9former la l\u00e9gislation ayant trait \u00e0 l&rsquo;\u00e9mission de ch\u00e8ques sans provision.<\/p>\n<p>Le Chef de l&rsquo;Etat a en effet charg\u00e9 la ministre de la Justice de pr\u00e9parer une \u00e9tude dans ce cadre. Cette \u00e9tude devrait permettre d&rsquo;\u00e9laborer un projet de loi relatif \u00e0 l\u2019\u00e9mission des\u00a0 ch\u00e8ques sans provision.<\/p>\n<p>Ce nouveau projet de loi devrait permettre \u00e0 ceux qui ont \u00e9t\u00e9 condamn\u00e9s de r\u00e9gler leur situation tout en sauvegardant\u00a0 les droits des personnes l\u00e9s\u00e9es.<\/p>\n<p>La r\u00e9vision des lois relatives aux ch\u00e8ques, notamment les ch\u00e8ques sans provision remonte \u00e0 plusieurs ann\u00e9es notamment suite aux appels de l&rsquo;Observatoire Tunisien des Services Financiers.<\/p>\n","protected":false},"excerpt":{"rendered":"<p>Le pr\u00e9sident Kais Saied a charg\u00e9 la ministre de la Justice Leila Jaffel de pr\u00e9parer une nouvelle l\u00e9gislation concernant l\u2019\u00e9mission des  ch\u00e8ques sans provision.<\/p>\n","protected":false},"author":3162,"featured_media":251701,"comment_status":"open","ping_status":"closed","sticky":false,"template":"","format":"standard","meta":{"footnotes":""},"categories":[44],"tags":[3990,2619],"class_list":["post-204066","post","type-post","status-publish","format-standard","has-post-thumbnail","hentry","category-national","tag-cheques-sans-provision","tag-justice"],"yoast_head":"<!-- This site is optimized with the Yoast SEO Premium plugin v27.5 (Yoast SEO v27.5) - https:\/\/yoast.com\/product\/yoast-seo-premium-wordpress\/ -->\n<title>Une nouvelle l\u00e9gislation sur les ch\u00e8ques sans provision va voir le jour !<\/title>\n<meta name=\"description\" content=\"Le pr\u00e9sident Kais Saied a charg\u00e9 la ministre de la Justice Leila Jaffel de pr\u00e9parer une nouvelle l\u00e9gislation concernant l\u2019\u00e9mission des ch\u00e8ques sans provision.\" \/>\n<link rel=\"canonical\" href=\"https:\/\/www.webdo.tn\/fr\/actualite\/national\/une-nouvelle-legislation-sur-les-cheques-sans-provision-va-voir-le-jour\/204066\/\" \/>\n<meta property=\"og:locale\" content=\"fr_FR\" \/>\n<meta property=\"og:type\" content=\"article\" \/>\n<meta property=\"og:title\" content=\"Une nouvelle l\u00e9gislation sur les ch\u00e8ques sans provision va voir le jour !\" \/>\n<meta property=\"og:description\" content=\"Le pr\u00e9sident Kais Saied a charg\u00e9 la ministre de la Justice Leila Jaffel de pr\u00e9parer une nouvelle l\u00e9gislation concernant l\u2019\u00e9mission des ch\u00e8ques sans provision.\" \/>\n<meta property=\"og:url\" content=\"https:\/\/www.webdo.tn\/fr\/actualite\/national\/une-nouvelle-legislation-sur-les-cheques-sans-provision-va-voir-le-jour\/204066\/\" \/>\n<meta property=\"og:site_name\" content=\"webdo\" \/>\n<meta property=\"article:publisher\" content=\"https:\/\/www.facebook.com\/webdotn\" \/>\n<meta property=\"article:published_time\" content=\"2023-03-18T11:43:00+00:00\" \/>\n<meta property=\"article:modified_time\" content=\"2025-05-20T22:01:33+00:00\" \/>\n<meta property=\"og:image\" content=\"https:\/\/www.webdo.tn\/fr\/wp-content\/uploads\/2023\/03\/c1f2526e34a540ee711197692468cfe2.jpg\" \/>\n\t<meta property=\"og:image:width\" content=\"750\" \/>\n\t<meta property=\"og:image:height\" content=\"400\" \/>\n\t<meta property=\"og:image:type\" content=\"image\/jpeg\" \/>\n<meta name=\"author\" content=\"MC\" \/>\n<meta name=\"twitter:card\" content=\"summary_large_image\" \/>\n<meta name=\"twitter:creator\" content=\"@webdo_tn\" \/>\n<meta name=\"twitter:site\" content=\"@webdo_tn\" \/>\n<meta name=\"twitter:label1\" content=\"\u00c9crit par\" \/>\n\t<meta name=\"twitter:data1\" content=\"MC\" \/>\n\t<meta name=\"twitter:label2\" content=\"Dur\u00e9e de lecture estim\u00e9e\" \/>\n\t<meta name=\"twitter:data2\" content=\"1 minute\" \/>\n<script type=\"application\/ld+json\" class=\"yoast-schema-graph\">{\"@context\":\"https:\\\/\\\/schema.org\",\"@graph\":[{\"@type\":\"NewsArticle\",\"@id\":\"https:\\\/\\\/www.webdo.tn\\\/fr\\\/actualite\\\/national\\\/une-nouvelle-legislation-sur-les-cheques-sans-provision-va-voir-le-jour\\\/204066\\\/#article\",\"isPartOf\":{\"@id\":\"https:\\\/\\\/www.webdo.tn\\\/fr\\\/actualite\\\/national\\\/une-nouvelle-legislation-sur-les-cheques-sans-provision-va-voir-le-jour\\\/204066\\\/\"},\"author\":{\"name\":\"MC\",\"@id\":\"https:\\\/\\\/www.webdo.tn\\\/fr\\\/#\\\/schema\\\/person\\\/2c4929cbf5a809e3bd38617c6ce150f6\"},\"headline\":\"Une nouvelle l\u00e9gislation sur les ch\u00e8ques sans provision va voir le jour !\",\"datePublished\":\"2023-03-18T11:43:00+00:00\",\"dateModified\":\"2025-05-20T22:01:33+00:00\",\"mainEntityOfPage\":{\"@id\":\"https:\\\/\\\/www.webdo.tn\\\/fr\\\/actualite\\\/national\\\/une-nouvelle-legislation-sur-les-cheques-sans-provision-va-voir-le-jour\\\/204066\\\/\"},\"wordCount\":192,\"commentCount\":0,\"publisher\":{\"@id\":\"https:\\\/\\\/www.webdo.tn\\\/fr\\\/#organization\"},\"image\":{\"@id\":\"https:\\\/\\\/www.webdo.tn\\\/fr\\\/actualite\\\/national\\\/une-nouvelle-legislation-sur-les-cheques-sans-provision-va-voir-le-jour\\\/204066\\\/#primaryimage\"},\"thumbnailUrl\":\"https:\\\/\\\/www.webdo.tn\\\/fr\\\/wp-content\\\/uploads\\\/2023\\\/03\\\/c1f2526e34a540ee711197692468cfe2.jpg\",\"keywords\":[\"ch\u00e8ques sans provision\",\"justice\"],\"articleSection\":[\"National\"],\"inLanguage\":\"fr-FR\"},{\"@type\":\"WebPage\",\"@id\":\"https:\\\/\\\/www.webdo.tn\\\/fr\\\/actualite\\\/national\\\/une-nouvelle-legislation-sur-les-cheques-sans-provision-va-voir-le-jour\\\/204066\\\/\",\"url\":\"https:\\\/\\\/www.webdo.tn\\\/fr\\\/actualite\\\/national\\\/une-nouvelle-legislation-sur-les-cheques-sans-provision-va-voir-le-jour\\\/204066\\\/\",\"name\":\"Une nouvelle l\u00e9gislation sur les ch\u00e8ques sans provision va voir le jour !\",\"isPartOf\":{\"@id\":\"https:\\\/\\\/www.webdo.tn\\\/fr\\\/#website\"},\"primaryImageOfPage\":{\"@id\":\"https:\\\/\\\/www.webdo.tn\\\/fr\\\/actualite\\\/national\\\/une-nouvelle-legislation-sur-les-cheques-sans-provision-va-voir-le-jour\\\/204066\\\/#primaryimage\"},\"image\":{\"@id\":\"https:\\\/\\\/www.webdo.tn\\\/fr\\\/actualite\\\/national\\\/une-nouvelle-legislation-sur-les-cheques-sans-provision-va-voir-le-jour\\\/204066\\\/#primaryimage\"},\"thumbnailUrl\":\"https:\\\/\\\/www.webdo.tn\\\/fr\\\/wp-content\\\/uploads\\\/2023\\\/03\\\/c1f2526e34a540ee711197692468cfe2.jpg\",\"datePublished\":\"2023-03-18T11:43:00+00:00\",\"dateModified\":\"2025-05-20T22:01:33+00:00\",\"description\":\"Le pr\u00e9sident Kais Saied a charg\u00e9 la ministre de la Justice Leila Jaffel de pr\u00e9parer une nouvelle l\u00e9gislation concernant l\u2019\u00e9mission des ch\u00e8ques sans provision.\",\"breadcrumb\":{\"@id\":\"https:\\\/\\\/www.webdo.tn\\\/fr\\\/actualite\\\/national\\\/une-nouvelle-legislation-sur-les-cheques-sans-provision-va-voir-le-jour\\\/204066\\\/#breadcrumb\"},\"inLanguage\":\"fr-FR\",\"potentialAction\":[{\"@type\":\"ReadAction\",\"target\":[\"https:\\\/\\\/www.webdo.tn\\\/fr\\\/actualite\\\/national\\\/une-nouvelle-legislation-sur-les-cheques-sans-provision-va-voir-le-jour\\\/204066\\\/\"]}]},{\"@type\":\"ImageObject\",\"inLanguage\":\"fr-FR\",\"@id\":\"https:\\\/\\\/www.webdo.tn\\\/fr\\\/actualite\\\/national\\\/une-nouvelle-legislation-sur-les-cheques-sans-provision-va-voir-le-jour\\\/204066\\\/#primaryimage\",\"url\":\"https:\\\/\\\/www.webdo.tn\\\/fr\\\/wp-content\\\/uploads\\\/2023\\\/03\\\/c1f2526e34a540ee711197692468cfe2.jpg\",\"contentUrl\":\"https:\\\/\\\/www.webdo.tn\\\/fr\\\/wp-content\\\/uploads\\\/2023\\\/03\\\/c1f2526e34a540ee711197692468cfe2.jpg\",\"width\":750,\"height\":400,\"caption\":\"Leila Jaffel, ministre de la Justice\"},{\"@type\":\"BreadcrumbList\",\"@id\":\"https:\\\/\\\/www.webdo.tn\\\/fr\\\/actualite\\\/national\\\/une-nouvelle-legislation-sur-les-cheques-sans-provision-va-voir-le-jour\\\/204066\\\/#breadcrumb\",\"itemListElement\":[{\"@type\":\"ListItem\",\"position\":1,\"name\":\"Accueil\",\"item\":\"https:\\\/\\\/www.webdo.tn\\\/fr\\\/\"},{\"@type\":\"ListItem\",\"position\":2,\"name\":\"Une nouvelle l\u00e9gislation sur les ch\u00e8ques sans provision va voir le jour !\"}]},{\"@type\":\"WebSite\",\"@id\":\"https:\\\/\\\/www.webdo.tn\\\/fr\\\/#website\",\"url\":\"https:\\\/\\\/www.webdo.tn\\\/fr\\\/\",\"name\":\"webdo\",\"description\":\"Tunisie - News en Tunisie et \u00e0 l&#039;international sur Webdo.tn\",\"publisher\":{\"@id\":\"https:\\\/\\\/www.webdo.tn\\\/fr\\\/#organization\"},\"potentialAction\":[{\"@type\":\"SearchAction\",\"target\":{\"@type\":\"EntryPoint\",\"urlTemplate\":\"https:\\\/\\\/www.webdo.tn\\\/fr\\\/?s={search_term_string}\"},\"query-input\":{\"@type\":\"PropertyValueSpecification\",\"valueRequired\":true,\"valueName\":\"search_term_string\"}}],\"inLanguage\":\"fr-FR\"},{\"@type\":\"Organization\",\"@id\":\"https:\\\/\\\/www.webdo.tn\\\/fr\\\/#organization\",\"name\":\"Webdo\",\"alternateName\":\"Webdo.tn\",\"url\":\"https:\\\/\\\/www.webdo.tn\\\/fr\\\/\",\"logo\":{\"@type\":\"ImageObject\",\"inLanguage\":\"fr-FR\",\"@id\":\"https:\\\/\\\/www.webdo.tn\\\/fr\\\/#\\\/schema\\\/logo\\\/image\\\/\",\"url\":\"https:\\\/\\\/www.webdo.tn\\\/fr\\\/wp-content\\\/uploads\\\/2025\\\/06\\\/Webdo-Tunisie_168377.jpg\",\"contentUrl\":\"https:\\\/\\\/www.webdo.tn\\\/fr\\\/wp-content\\\/uploads\\\/2025\\\/06\\\/Webdo-Tunisie_168377.jpg\",\"width\":301,\"height\":301,\"caption\":\"Webdo\"},\"image\":{\"@id\":\"https:\\\/\\\/www.webdo.tn\\\/fr\\\/#\\\/schema\\\/logo\\\/image\\\/\"},\"sameAs\":[\"https:\\\/\\\/www.facebook.com\\\/webdotn\",\"https:\\\/\\\/x.com\\\/webdo_tn\"],\"description\":\"Webdo est un m\u00e9dia num\u00e9rique tunisien fond\u00e9 en 2010, sp\u00e9cialis\u00e9 dans l\u2019actualit\u00e9 nationale et internationale, l\u2019\u00e9conomie, la soci\u00e9t\u00e9 et les analyses politiques. Le site s\u2019adresse \u00e0 un large public francophone et couvre l\u2019information tunisienne en temps r\u00e9el.\",\"email\":\"redac@webdo.tn\",\"legalName\":\"YNJ SARL\",\"foundingDate\":\"2010-09-06\",\"numberOfEmployees\":{\"@type\":\"QuantitativeValue\",\"minValue\":\"11\",\"maxValue\":\"50\"}},{\"@type\":\"Person\",\"@id\":\"https:\\\/\\\/www.webdo.tn\\\/fr\\\/#\\\/schema\\\/person\\\/2c4929cbf5a809e3bd38617c6ce150f6\",\"name\":\"MC\",\"image\":{\"@type\":\"ImageObject\",\"inLanguage\":\"fr-FR\",\"@id\":\"https:\\\/\\\/secure.gravatar.com\\\/avatar\\\/a545bbb6f84efdd5553dbbc2895e3ca8f1d12c5215e00a041c9670b54aa9b18a?s=96&d=mm&r=g\",\"url\":\"https:\\\/\\\/secure.gravatar.com\\\/avatar\\\/a545bbb6f84efdd5553dbbc2895e3ca8f1d12c5215e00a041c9670b54aa9b18a?s=96&d=mm&r=g\",\"contentUrl\":\"https:\\\/\\\/secure.gravatar.com\\\/avatar\\\/a545bbb6f84efdd5553dbbc2895e3ca8f1d12c5215e00a041c9670b54aa9b18a?s=96&d=mm&r=g\",\"caption\":\"MC\"},\"url\":\"https:\\\/\\\/www.webdo.tn\\\/fr\\\/actualite\\\/author\\\/mc\\\/\"}]}<\/script>\n<!-- \/ Yoast SEO Premium plugin. -->","yoast_head_json":{"title":"Une nouvelle l\u00e9gislation sur les ch\u00e8ques sans provision va voir le jour !","description":"Le pr\u00e9sident Kais Saied a charg\u00e9 la ministre de la Justice Leila Jaffel de pr\u00e9parer une nouvelle l\u00e9gislation concernant l\u2019\u00e9mission des ch\u00e8ques sans provision.","canonical":"https:\/\/www.webdo.tn\/fr\/actualite\/national\/une-nouvelle-legislation-sur-les-cheques-sans-provision-va-voir-le-jour\/204066\/","og_locale":"fr_FR","og_type":"article","og_title":"Une nouvelle l\u00e9gislation sur les ch\u00e8ques sans provision va voir le jour !","og_description":"Le pr\u00e9sident Kais Saied a charg\u00e9 la ministre de la Justice Leila Jaffel de pr\u00e9parer une nouvelle l\u00e9gislation concernant l\u2019\u00e9mission des ch\u00e8ques sans provision.","og_url":"https:\/\/www.webdo.tn\/fr\/actualite\/national\/une-nouvelle-legislation-sur-les-cheques-sans-provision-va-voir-le-jour\/204066\/","og_site_name":"webdo","article_publisher":"https:\/\/www.facebook.com\/webdotn","article_published_time":"2023-03-18T11:43:00+00:00","article_modified_time":"2025-05-20T22:01:33+00:00","og_image":[{"width":750,"height":400,"url":"https:\/\/www.webdo.tn\/fr\/wp-content\/uploads\/2023\/03\/c1f2526e34a540ee711197692468cfe2.jpg","type":"image\/jpeg"}],"author":"MC","twitter_card":"summary_large_image","twitter_creator":"@webdo_tn","twitter_site":"@webdo_tn","twitter_misc":{"\u00c9crit par":"MC","Dur\u00e9e de lecture estim\u00e9e":"1 minute"},"schema":{"@context":"https:\/\/schema.org","@graph":[{"@type":"NewsArticle","@id":"https:\/\/www.webdo.tn\/fr\/actualite\/national\/une-nouvelle-legislation-sur-les-cheques-sans-provision-va-voir-le-jour\/204066\/#article","isPartOf":{"@id":"https:\/\/www.webdo.tn\/fr\/actualite\/national\/une-nouvelle-legislation-sur-les-cheques-sans-provision-va-voir-le-jour\/204066\/"},"author":{"name":"MC","@id":"https:\/\/www.webdo.tn\/fr\/#\/schema\/person\/2c4929cbf5a809e3bd38617c6ce150f6"},"headline":"Une nouvelle l\u00e9gislation sur les ch\u00e8ques sans provision va voir le jour !","datePublished":"2023-03-18T11:43:00+00:00","dateModified":"2025-05-20T22:01:33+00:00","mainEntityOfPage":{"@id":"https:\/\/www.webdo.tn\/fr\/actualite\/national\/une-nouvelle-legislation-sur-les-cheques-sans-provision-va-voir-le-jour\/204066\/"},"wordCount":192,"commentCount":0,"publisher":{"@id":"https:\/\/www.webdo.tn\/fr\/#organization"},"image":{"@id":"https:\/\/www.webdo.tn\/fr\/actualite\/national\/une-nouvelle-legislation-sur-les-cheques-sans-provision-va-voir-le-jour\/204066\/#primaryimage"},"thumbnailUrl":"https:\/\/www.webdo.tn\/fr\/wp-content\/uploads\/2023\/03\/c1f2526e34a540ee711197692468cfe2.jpg","keywords":["ch\u00e8ques sans provision","justice"],"articleSection":["National"],"inLanguage":"fr-FR"},{"@type":"WebPage","@id":"https:\/\/www.webdo.tn\/fr\/actualite\/national\/une-nouvelle-legislation-sur-les-cheques-sans-provision-va-voir-le-jour\/204066\/","url":"https:\/\/www.webdo.tn\/fr\/actualite\/national\/une-nouvelle-legislation-sur-les-cheques-sans-provision-va-voir-le-jour\/204066\/","name":"Une nouvelle l\u00e9gislation sur les ch\u00e8ques sans provision va voir le jour !","isPartOf":{"@id":"https:\/\/www.webdo.tn\/fr\/#website"},"primaryImageOfPage":{"@id":"https:\/\/www.webdo.tn\/fr\/actualite\/national\/une-nouvelle-legislation-sur-les-cheques-sans-provision-va-voir-le-jour\/204066\/#primaryimage"},"image":{"@id":"https:\/\/www.webdo.tn\/fr\/actualite\/national\/une-nouvelle-legislation-sur-les-cheques-sans-provision-va-voir-le-jour\/204066\/#primaryimage"},"thumbnailUrl":"https:\/\/www.webdo.tn\/fr\/wp-content\/uploads\/2023\/03\/c1f2526e34a540ee711197692468cfe2.jpg","datePublished":"2023-03-18T11:43:00+00:00","dateModified":"2025-05-20T22:01:33+00:00","description":"Le pr\u00e9sident Kais Saied a charg\u00e9 la ministre de la Justice Leila Jaffel de pr\u00e9parer une nouvelle l\u00e9gislation concernant l\u2019\u00e9mission des ch\u00e8ques sans provision.","breadcrumb":{"@id":"https:\/\/www.webdo.tn\/fr\/actualite\/national\/une-nouvelle-legislation-sur-les-cheques-sans-provision-va-voir-le-jour\/204066\/#breadcrumb"},"inLanguage":"fr-FR","potentialAction":[{"@type":"ReadAction","target":["https:\/\/www.webdo.tn\/fr\/actualite\/national\/une-nouvelle-legislation-sur-les-cheques-sans-provision-va-voir-le-jour\/204066\/"]}]},{"@type":"ImageObject","inLanguage":"fr-FR","@id":"https:\/\/www.webdo.tn\/fr\/actualite\/national\/une-nouvelle-legislation-sur-les-cheques-sans-provision-va-voir-le-jour\/204066\/#primaryimage","url":"https:\/\/www.webdo.tn\/fr\/wp-content\/uploads\/2023\/03\/c1f2526e34a540ee711197692468cfe2.jpg","contentUrl":"https:\/\/www.webdo.tn\/fr\/wp-content\/uploads\/2023\/03\/c1f2526e34a540ee711197692468cfe2.jpg","width":750,"height":400,"caption":"Leila Jaffel, ministre de la Justice"},{"@type":"BreadcrumbList","@id":"https:\/\/www.webdo.tn\/fr\/actualite\/national\/une-nouvelle-legislation-sur-les-cheques-sans-provision-va-voir-le-jour\/204066\/#breadcrumb","itemListElement":[{"@type":"ListItem","position":1,"name":"Accueil","item":"https:\/\/www.webdo.tn\/fr\/"},{"@type":"ListItem","position":2,"name":"Une nouvelle l\u00e9gislation sur les ch\u00e8ques sans provision va voir le jour !"}]},{"@type":"WebSite","@id":"https:\/\/www.webdo.tn\/fr\/#website","url":"https:\/\/www.webdo.tn\/fr\/","name":"webdo","description":"Tunisie - News en Tunisie et \u00e0 l&#039;international sur Webdo.tn","publisher":{"@id":"https:\/\/www.webdo.tn\/fr\/#organization"},"potentialAction":[{"@type":"SearchAction","target":{"@type":"EntryPoint","urlTemplate":"https:\/\/www.webdo.tn\/fr\/?s={search_term_string}"},"query-input":{"@type":"PropertyValueSpecification","valueRequired":true,"valueName":"search_term_string"}}],"inLanguage":"fr-FR"},{"@type":"Organization","@id":"https:\/\/www.webdo.tn\/fr\/#organization","name":"Webdo","alternateName":"Webdo.tn","url":"https:\/\/www.webdo.tn\/fr\/","logo":{"@type":"ImageObject","inLanguage":"fr-FR","@id":"https:\/\/www.webdo.tn\/fr\/#\/schema\/logo\/image\/","url":"https:\/\/www.webdo.tn\/fr\/wp-content\/uploads\/2025\/06\/Webdo-Tunisie_168377.jpg","contentUrl":"https:\/\/www.webdo.tn\/fr\/wp-content\/uploads\/2025\/06\/Webdo-Tunisie_168377.jpg","width":301,"height":301,"caption":"Webdo"},"image":{"@id":"https:\/\/www.webdo.tn\/fr\/#\/schema\/logo\/image\/"},"sameAs":["https:\/\/www.facebook.com\/webdotn","https:\/\/x.com\/webdo_tn"],"description":"Webdo est un m\u00e9dia num\u00e9rique tunisien fond\u00e9 en 2010, sp\u00e9cialis\u00e9 dans l\u2019actualit\u00e9 nationale et internationale, l\u2019\u00e9conomie, la soci\u00e9t\u00e9 et les analyses politiques. Le site s\u2019adresse \u00e0 un large public francophone et couvre l\u2019information tunisienne en temps r\u00e9el.","email":"redac@webdo.tn","legalName":"YNJ SARL","foundingDate":"2010-09-06","numberOfEmployees":{"@type":"QuantitativeValue","minValue":"11","maxValue":"50"}},{"@type":"Person","@id":"https:\/\/www.webdo.tn\/fr\/#\/schema\/person\/2c4929cbf5a809e3bd38617c6ce150f6","name":"MC","image":{"@type":"ImageObject","inLanguage":"fr-FR","@id":"https:\/\/secure.gravatar.com\/avatar\/a545bbb6f84efdd5553dbbc2895e3ca8f1d12c5215e00a041c9670b54aa9b18a?s=96&d=mm&r=g","url":"https:\/\/secure.gravatar.com\/avatar\/a545bbb6f84efdd5553dbbc2895e3ca8f1d12c5215e00a041c9670b54aa9b18a?s=96&d=mm&r=g","contentUrl":"https:\/\/secure.gravatar.com\/avatar\/a545bbb6f84efdd5553dbbc2895e3ca8f1d12c5215e00a041c9670b54aa9b18a?s=96&d=mm&r=g","caption":"MC"},"url":"https:\/\/www.webdo.tn\/fr\/actualite\/author\/mc\/"}]}},"_links":{"self":[{"href":"https:\/\/www.webdo.tn\/fr\/wp-json\/wp\/v2\/posts\/204066","targetHints":{"allow":["GET"]}}],"collection":[{"href":"https:\/\/www.webdo.tn\/fr\/wp-json\/wp\/v2\/posts"}],"about":[{"href":"https:\/\/www.webdo.tn\/fr\/wp-json\/wp\/v2\/types\/post"}],"author":[{"embeddable":true,"href":"https:\/\/www.webdo.tn\/fr\/wp-json\/wp\/v2\/users\/3162"}],"replies":[{"embeddable":true,"href":"https:\/\/www.webdo.tn\/fr\/wp-json\/wp\/v2\/comments?post=204066"}],"version-history":[{"count":0,"href":"https:\/\/www.webdo.tn\/fr\/wp-json\/wp\/v2\/posts\/204066\/revisions"}],"wp:featuredmedia":[{"embeddable":true,"href":"https:\/\/www.webdo.tn\/fr\/wp-json\/wp\/v2\/media\/251701"}],"wp:attachment":[{"href":"https:\/\/www.webdo.tn\/fr\/wp-json\/wp\/v2\/media?parent=204066"}],"wp:term":[{"taxonomy":"category","embeddable":true,"href":"https:\/\/www.webdo.tn\/fr\/wp-json\/wp\/v2\/categories?post=204066"},{"taxonomy":"post_tag","embeddable":true,"href":"https:\/\/www.webdo.tn\/fr\/wp-json\/wp\/v2\/tags?post=204066"}],"curies":[{"name":"wp","href":"https:\/\/api.w.org\/{rel}","templated":true}]}}