{"id":204041,"date":"2023-03-17T15:58:00","date_gmt":"2023-03-17T15:58:00","guid":{"rendered":"https:\/\/www.webdo.tn\/fr\/blog\/l-esperance-en-quarts-de-finale-de-la-ligue-des-champions\/204041\/"},"modified":"2025-05-20T22:01:31","modified_gmt":"2025-05-20T22:01:31","slug":"l-esperance-en-quarts-de-finale-de-la-ligue-des-champions","status":"publish","type":"post","link":"https:\/\/www.webdo.tn\/fr\/actualite\/sport\/l-esperance-en-quarts-de-finale-de-la-ligue-des-champions\/204041\/","title":{"rendered":"L&rsquo;Esp\u00e9rance en quarts de finale de la Ligue des champions"},"content":{"rendered":"<p>L&rsquo;Esp\u00e9rance ST n\u2019avait besoin que d\u2019un point pour pouvoir se qualifier en quarts de finale de la Ligue des champions africaine. Mission accomplie apr\u00e8s son match nul face \u00e0 Al Merrikh.<\/p>\n<p>\t\t\t\t\t\t\t\t\tL\u2019Esp\u00e9rance a compost\u00e9 son billet pour les quarts de finale de la Ligue des champions africaine en faisant match nul \u00e0 Benghazi en Libye face aux Soudanais d&rsquo;Al Merrikh sur le score de 1-1 pour le compte de la cinqui\u00e8me journ\u00e9e de la phase des poules.<\/p>\n<p>Les joueurs de Nabil Maaloul, en t\u00eate du groupe D devant le CR Belouizdad, Zamalek et Al Merrikh, se qualifient math\u00e9matiquement \u00e0 une journ\u00e9e de la fin de cette phase.<\/p>\n<p>Mohamed Ali Ben Hammouda a inscrit le premier but de la rencontre, en faceur des \u00ab\u00a0Sang et or\u00a0\u00bb avant que les Soudanais n\u2019\u00e9galisent \u00e0 la 90\u2019 par Paulo Sergio sur penalty alors que Raed Bouchniba a \u00e9t\u00e9 exclu c\u00f4t\u00e9 EST \u00e0 la 89\u2019.<\/p>\n","protected":false},"excerpt":{"rendered":"<p>Mission accomplie pour l&rsquo;Esp\u00e9rance, qualifi\u00e9e en quarts de finale de la LDC<\/p>\n","protected":false},"author":3162,"featured_media":251694,"comment_status":"open","ping_status":"closed","sticky":false,"template":"","format":"standard","meta":{"footnotes":""},"categories":[2593],"tags":[3102,3436,3136,4837],"class_list":["post-204041","post","type-post","status-publish","format-standard","has-post-thumbnail","hentry","category-sport","tag-esperance-st","tag-est","tag-ligue-des-champions","tag-quarts-de-finale"],"yoast_head":"<!-- This site is optimized with the Yoast SEO Premium plugin v27.5 (Yoast SEO v27.5) - https:\/\/yoast.com\/product\/yoast-seo-premium-wordpress\/ -->\n<title>L&#039;Esp\u00e9rance en quarts de finale de la Ligue des champions<\/title>\n<meta name=\"description\" content=\"Mission accomplie pour l&#039;Esp\u00e9rance, qualifi\u00e9e en quarts de finale de la LDC\" \/>\n<link rel=\"canonical\" href=\"https:\/\/www.webdo.tn\/fr\/actualite\/sport\/l-esperance-en-quarts-de-finale-de-la-ligue-des-champions\/204041\/\" \/>\n<meta property=\"og:locale\" content=\"fr_FR\" \/>\n<meta property=\"og:type\" content=\"article\" \/>\n<meta property=\"og:title\" content=\"L&#039;Esp\u00e9rance en quarts de finale de la Ligue des champions\" \/>\n<meta property=\"og:description\" content=\"Mission accomplie pour l&#039;Esp\u00e9rance, qualifi\u00e9e en quarts de finale de la LDC\" \/>\n<meta property=\"og:url\" content=\"https:\/\/www.webdo.tn\/fr\/actualite\/sport\/l-esperance-en-quarts-de-finale-de-la-ligue-des-champions\/204041\/\" \/>\n<meta property=\"og:site_name\" content=\"webdo\" \/>\n<meta property=\"article:publisher\" content=\"https:\/\/www.facebook.com\/webdotn\" \/>\n<meta property=\"article:published_time\" content=\"2023-03-17T15:58:00+00:00\" \/>\n<meta property=\"article:modified_time\" content=\"2025-05-20T22:01:31+00:00\" \/>\n<meta property=\"og:image\" content=\"https:\/\/www.webdo.tn\/fr\/wp-content\/uploads\/2023\/03\/4a5fb7a35534f1d4a059f978157315b4.jpg\" \/>\n\t<meta property=\"og:image:width\" content=\"750\" \/>\n\t<meta property=\"og:image:height\" content=\"400\" \/>\n\t<meta property=\"og:image:type\" content=\"image\/jpeg\" \/>\n<meta name=\"author\" content=\"MC\" \/>\n<meta name=\"twitter:card\" content=\"summary_large_image\" \/>\n<meta name=\"twitter:creator\" content=\"@webdo_tn\" \/>\n<meta name=\"twitter:site\" content=\"@webdo_tn\" \/>\n<meta name=\"twitter:label1\" content=\"\u00c9crit par\" \/>\n\t<meta name=\"twitter:data1\" content=\"MC\" \/>\n\t<meta name=\"twitter:label2\" content=\"Dur\u00e9e de lecture estim\u00e9e\" \/>\n\t<meta name=\"twitter:data2\" content=\"1 minute\" \/>\n<script type=\"application\/ld+json\" class=\"yoast-schema-graph\">{\"@context\":\"https:\\\/\\\/schema.org\",\"@graph\":[{\"@type\":\"NewsArticle\",\"@id\":\"https:\\\/\\\/www.webdo.tn\\\/fr\\\/actualite\\\/sport\\\/l-esperance-en-quarts-de-finale-de-la-ligue-des-champions\\\/204041\\\/#article\",\"isPartOf\":{\"@id\":\"https:\\\/\\\/www.webdo.tn\\\/fr\\\/actualite\\\/sport\\\/l-esperance-en-quarts-de-finale-de-la-ligue-des-champions\\\/204041\\\/\"},\"author\":{\"name\":\"MC\",\"@id\":\"https:\\\/\\\/www.webdo.tn\\\/fr\\\/#\\\/schema\\\/person\\\/2c4929cbf5a809e3bd38617c6ce150f6\"},\"headline\":\"L&rsquo;Esp\u00e9rance en quarts de finale de la Ligue des champions\",\"datePublished\":\"2023-03-17T15:58:00+00:00\",\"dateModified\":\"2025-05-20T22:01:31+00:00\",\"mainEntityOfPage\":{\"@id\":\"https:\\\/\\\/www.webdo.tn\\\/fr\\\/actualite\\\/sport\\\/l-esperance-en-quarts-de-finale-de-la-ligue-des-champions\\\/204041\\\/\"},\"wordCount\":170,\"commentCount\":0,\"publisher\":{\"@id\":\"https:\\\/\\\/www.webdo.tn\\\/fr\\\/#organization\"},\"image\":{\"@id\":\"https:\\\/\\\/www.webdo.tn\\\/fr\\\/actualite\\\/sport\\\/l-esperance-en-quarts-de-finale-de-la-ligue-des-champions\\\/204041\\\/#primaryimage\"},\"thumbnailUrl\":\"https:\\\/\\\/www.webdo.tn\\\/fr\\\/wp-content\\\/uploads\\\/2023\\\/03\\\/4a5fb7a35534f1d4a059f978157315b4.jpg\",\"keywords\":[\"esp\u00e9rance st\",\"EST\",\"ligue des champions\",\"quarts de finale\"],\"articleSection\":[\"Sport\"],\"inLanguage\":\"fr-FR\"},{\"@type\":\"WebPage\",\"@id\":\"https:\\\/\\\/www.webdo.tn\\\/fr\\\/actualite\\\/sport\\\/l-esperance-en-quarts-de-finale-de-la-ligue-des-champions\\\/204041\\\/\",\"url\":\"https:\\\/\\\/www.webdo.tn\\\/fr\\\/actualite\\\/sport\\\/l-esperance-en-quarts-de-finale-de-la-ligue-des-champions\\\/204041\\\/\",\"name\":\"L'Esp\u00e9rance en quarts de finale de la Ligue des champions\",\"isPartOf\":{\"@id\":\"https:\\\/\\\/www.webdo.tn\\\/fr\\\/#website\"},\"primaryImageOfPage\":{\"@id\":\"https:\\\/\\\/www.webdo.tn\\\/fr\\\/actualite\\\/sport\\\/l-esperance-en-quarts-de-finale-de-la-ligue-des-champions\\\/204041\\\/#primaryimage\"},\"image\":{\"@id\":\"https:\\\/\\\/www.webdo.tn\\\/fr\\\/actualite\\\/sport\\\/l-esperance-en-quarts-de-finale-de-la-ligue-des-champions\\\/204041\\\/#primaryimage\"},\"thumbnailUrl\":\"https:\\\/\\\/www.webdo.tn\\\/fr\\\/wp-content\\\/uploads\\\/2023\\\/03\\\/4a5fb7a35534f1d4a059f978157315b4.jpg\",\"datePublished\":\"2023-03-17T15:58:00+00:00\",\"dateModified\":\"2025-05-20T22:01:31+00:00\",\"description\":\"Mission accomplie pour l'Esp\u00e9rance, qualifi\u00e9e en quarts de finale de la LDC\",\"breadcrumb\":{\"@id\":\"https:\\\/\\\/www.webdo.tn\\\/fr\\\/actualite\\\/sport\\\/l-esperance-en-quarts-de-finale-de-la-ligue-des-champions\\\/204041\\\/#breadcrumb\"},\"inLanguage\":\"fr-FR\",\"potentialAction\":[{\"@type\":\"ReadAction\",\"target\":[\"https:\\\/\\\/www.webdo.tn\\\/fr\\\/actualite\\\/sport\\\/l-esperance-en-quarts-de-finale-de-la-ligue-des-champions\\\/204041\\\/\"]}]},{\"@type\":\"ImageObject\",\"inLanguage\":\"fr-FR\",\"@id\":\"https:\\\/\\\/www.webdo.tn\\\/fr\\\/actualite\\\/sport\\\/l-esperance-en-quarts-de-finale-de-la-ligue-des-champions\\\/204041\\\/#primaryimage\",\"url\":\"https:\\\/\\\/www.webdo.tn\\\/fr\\\/wp-content\\\/uploads\\\/2023\\\/03\\\/4a5fb7a35534f1d4a059f978157315b4.jpg\",\"contentUrl\":\"https:\\\/\\\/www.webdo.tn\\\/fr\\\/wp-content\\\/uploads\\\/2023\\\/03\\\/4a5fb7a35534f1d4a059f978157315b4.jpg\",\"width\":750,\"height\":400,\"caption\":\"L'Esp\u00e9rance en quarts de finale de la Ligue des champions\"},{\"@type\":\"BreadcrumbList\",\"@id\":\"https:\\\/\\\/www.webdo.tn\\\/fr\\\/actualite\\\/sport\\\/l-esperance-en-quarts-de-finale-de-la-ligue-des-champions\\\/204041\\\/#breadcrumb\",\"itemListElement\":[{\"@type\":\"ListItem\",\"position\":1,\"name\":\"Accueil\",\"item\":\"https:\\\/\\\/www.webdo.tn\\\/fr\\\/\"},{\"@type\":\"ListItem\",\"position\":2,\"name\":\"L&rsquo;Esp\u00e9rance en quarts de finale de la Ligue des champions\"}]},{\"@type\":\"WebSite\",\"@id\":\"https:\\\/\\\/www.webdo.tn\\\/fr\\\/#website\",\"url\":\"https:\\\/\\\/www.webdo.tn\\\/fr\\\/\",\"name\":\"webdo\",\"description\":\"Tunisie - News en Tunisie et \u00e0 l&#039;international sur Webdo.tn\",\"publisher\":{\"@id\":\"https:\\\/\\\/www.webdo.tn\\\/fr\\\/#organization\"},\"potentialAction\":[{\"@type\":\"SearchAction\",\"target\":{\"@type\":\"EntryPoint\",\"urlTemplate\":\"https:\\\/\\\/www.webdo.tn\\\/fr\\\/?s={search_term_string}\"},\"query-input\":{\"@type\":\"PropertyValueSpecification\",\"valueRequired\":true,\"valueName\":\"search_term_string\"}}],\"inLanguage\":\"fr-FR\"},{\"@type\":\"Organization\",\"@id\":\"https:\\\/\\\/www.webdo.tn\\\/fr\\\/#organization\",\"name\":\"Webdo\",\"alternateName\":\"Webdo.tn\",\"url\":\"https:\\\/\\\/www.webdo.tn\\\/fr\\\/\",\"logo\":{\"@type\":\"ImageObject\",\"inLanguage\":\"fr-FR\",\"@id\":\"https:\\\/\\\/www.webdo.tn\\\/fr\\\/#\\\/schema\\\/logo\\\/image\\\/\",\"url\":\"https:\\\/\\\/www.webdo.tn\\\/fr\\\/wp-content\\\/uploads\\\/2025\\\/06\\\/Webdo-Tunisie_168377.jpg\",\"contentUrl\":\"https:\\\/\\\/www.webdo.tn\\\/fr\\\/wp-content\\\/uploads\\\/2025\\\/06\\\/Webdo-Tunisie_168377.jpg\",\"width\":301,\"height\":301,\"caption\":\"Webdo\"},\"image\":{\"@id\":\"https:\\\/\\\/www.webdo.tn\\\/fr\\\/#\\\/schema\\\/logo\\\/image\\\/\"},\"sameAs\":[\"https:\\\/\\\/www.facebook.com\\\/webdotn\",\"https:\\\/\\\/x.com\\\/webdo_tn\"],\"description\":\"Webdo est un m\u00e9dia num\u00e9rique tunisien fond\u00e9 en 2010, sp\u00e9cialis\u00e9 dans l\u2019actualit\u00e9 nationale et internationale, l\u2019\u00e9conomie, la soci\u00e9t\u00e9 et les analyses politiques. Le site s\u2019adresse \u00e0 un large public francophone et couvre l\u2019information tunisienne en temps r\u00e9el.\",\"email\":\"redac@webdo.tn\",\"legalName\":\"YNJ SARL\",\"foundingDate\":\"2010-09-06\",\"numberOfEmployees\":{\"@type\":\"QuantitativeValue\",\"minValue\":\"11\",\"maxValue\":\"50\"}},{\"@type\":\"Person\",\"@id\":\"https:\\\/\\\/www.webdo.tn\\\/fr\\\/#\\\/schema\\\/person\\\/2c4929cbf5a809e3bd38617c6ce150f6\",\"name\":\"MC\",\"image\":{\"@type\":\"ImageObject\",\"inLanguage\":\"fr-FR\",\"@id\":\"https:\\\/\\\/secure.gravatar.com\\\/avatar\\\/a545bbb6f84efdd5553dbbc2895e3ca8f1d12c5215e00a041c9670b54aa9b18a?s=96&d=mm&r=g\",\"url\":\"https:\\\/\\\/secure.gravatar.com\\\/avatar\\\/a545bbb6f84efdd5553dbbc2895e3ca8f1d12c5215e00a041c9670b54aa9b18a?s=96&d=mm&r=g\",\"contentUrl\":\"https:\\\/\\\/secure.gravatar.com\\\/avatar\\\/a545bbb6f84efdd5553dbbc2895e3ca8f1d12c5215e00a041c9670b54aa9b18a?s=96&d=mm&r=g\",\"caption\":\"MC\"},\"url\":\"https:\\\/\\\/www.webdo.tn\\\/fr\\\/actualite\\\/author\\\/mc\\\/\"}]}<\/script>\n<!-- \/ Yoast SEO Premium plugin. -->","yoast_head_json":{"title":"L'Esp\u00e9rance en quarts de finale de la Ligue des champions","description":"Mission accomplie pour l'Esp\u00e9rance, qualifi\u00e9e en quarts de finale de la LDC","canonical":"https:\/\/www.webdo.tn\/fr\/actualite\/sport\/l-esperance-en-quarts-de-finale-de-la-ligue-des-champions\/204041\/","og_locale":"fr_FR","og_type":"article","og_title":"L'Esp\u00e9rance en quarts de finale de la Ligue des champions","og_description":"Mission accomplie pour l'Esp\u00e9rance, qualifi\u00e9e en quarts de finale de la LDC","og_url":"https:\/\/www.webdo.tn\/fr\/actualite\/sport\/l-esperance-en-quarts-de-finale-de-la-ligue-des-champions\/204041\/","og_site_name":"webdo","article_publisher":"https:\/\/www.facebook.com\/webdotn","article_published_time":"2023-03-17T15:58:00+00:00","article_modified_time":"2025-05-20T22:01:31+00:00","og_image":[{"width":750,"height":400,"url":"https:\/\/www.webdo.tn\/fr\/wp-content\/uploads\/2023\/03\/4a5fb7a35534f1d4a059f978157315b4.jpg","type":"image\/jpeg"}],"author":"MC","twitter_card":"summary_large_image","twitter_creator":"@webdo_tn","twitter_site":"@webdo_tn","twitter_misc":{"\u00c9crit par":"MC","Dur\u00e9e de lecture estim\u00e9e":"1 minute"},"schema":{"@context":"https:\/\/schema.org","@graph":[{"@type":"NewsArticle","@id":"https:\/\/www.webdo.tn\/fr\/actualite\/sport\/l-esperance-en-quarts-de-finale-de-la-ligue-des-champions\/204041\/#article","isPartOf":{"@id":"https:\/\/www.webdo.tn\/fr\/actualite\/sport\/l-esperance-en-quarts-de-finale-de-la-ligue-des-champions\/204041\/"},"author":{"name":"MC","@id":"https:\/\/www.webdo.tn\/fr\/#\/schema\/person\/2c4929cbf5a809e3bd38617c6ce150f6"},"headline":"L&rsquo;Esp\u00e9rance en quarts de finale de la Ligue des champions","datePublished":"2023-03-17T15:58:00+00:00","dateModified":"2025-05-20T22:01:31+00:00","mainEntityOfPage":{"@id":"https:\/\/www.webdo.tn\/fr\/actualite\/sport\/l-esperance-en-quarts-de-finale-de-la-ligue-des-champions\/204041\/"},"wordCount":170,"commentCount":0,"publisher":{"@id":"https:\/\/www.webdo.tn\/fr\/#organization"},"image":{"@id":"https:\/\/www.webdo.tn\/fr\/actualite\/sport\/l-esperance-en-quarts-de-finale-de-la-ligue-des-champions\/204041\/#primaryimage"},"thumbnailUrl":"https:\/\/www.webdo.tn\/fr\/wp-content\/uploads\/2023\/03\/4a5fb7a35534f1d4a059f978157315b4.jpg","keywords":["esp\u00e9rance st","EST","ligue des champions","quarts de finale"],"articleSection":["Sport"],"inLanguage":"fr-FR"},{"@type":"WebPage","@id":"https:\/\/www.webdo.tn\/fr\/actualite\/sport\/l-esperance-en-quarts-de-finale-de-la-ligue-des-champions\/204041\/","url":"https:\/\/www.webdo.tn\/fr\/actualite\/sport\/l-esperance-en-quarts-de-finale-de-la-ligue-des-champions\/204041\/","name":"L'Esp\u00e9rance en quarts de finale de la Ligue des champions","isPartOf":{"@id":"https:\/\/www.webdo.tn\/fr\/#website"},"primaryImageOfPage":{"@id":"https:\/\/www.webdo.tn\/fr\/actualite\/sport\/l-esperance-en-quarts-de-finale-de-la-ligue-des-champions\/204041\/#primaryimage"},"image":{"@id":"https:\/\/www.webdo.tn\/fr\/actualite\/sport\/l-esperance-en-quarts-de-finale-de-la-ligue-des-champions\/204041\/#primaryimage"},"thumbnailUrl":"https:\/\/www.webdo.tn\/fr\/wp-content\/uploads\/2023\/03\/4a5fb7a35534f1d4a059f978157315b4.jpg","datePublished":"2023-03-17T15:58:00+00:00","dateModified":"2025-05-20T22:01:31+00:00","description":"Mission accomplie pour l'Esp\u00e9rance, qualifi\u00e9e en quarts de finale de la LDC","breadcrumb":{"@id":"https:\/\/www.webdo.tn\/fr\/actualite\/sport\/l-esperance-en-quarts-de-finale-de-la-ligue-des-champions\/204041\/#breadcrumb"},"inLanguage":"fr-FR","potentialAction":[{"@type":"ReadAction","target":["https:\/\/www.webdo.tn\/fr\/actualite\/sport\/l-esperance-en-quarts-de-finale-de-la-ligue-des-champions\/204041\/"]}]},{"@type":"ImageObject","inLanguage":"fr-FR","@id":"https:\/\/www.webdo.tn\/fr\/actualite\/sport\/l-esperance-en-quarts-de-finale-de-la-ligue-des-champions\/204041\/#primaryimage","url":"https:\/\/www.webdo.tn\/fr\/wp-content\/uploads\/2023\/03\/4a5fb7a35534f1d4a059f978157315b4.jpg","contentUrl":"https:\/\/www.webdo.tn\/fr\/wp-content\/uploads\/2023\/03\/4a5fb7a35534f1d4a059f978157315b4.jpg","width":750,"height":400,"caption":"L'Esp\u00e9rance en quarts de finale de la Ligue des champions"},{"@type":"BreadcrumbList","@id":"https:\/\/www.webdo.tn\/fr\/actualite\/sport\/l-esperance-en-quarts-de-finale-de-la-ligue-des-champions\/204041\/#breadcrumb","itemListElement":[{"@type":"ListItem","position":1,"name":"Accueil","item":"https:\/\/www.webdo.tn\/fr\/"},{"@type":"ListItem","position":2,"name":"L&rsquo;Esp\u00e9rance en quarts de finale de la Ligue des champions"}]},{"@type":"WebSite","@id":"https:\/\/www.webdo.tn\/fr\/#website","url":"https:\/\/www.webdo.tn\/fr\/","name":"webdo","description":"Tunisie - News en Tunisie et \u00e0 l&#039;international sur Webdo.tn","publisher":{"@id":"https:\/\/www.webdo.tn\/fr\/#organization"},"potentialAction":[{"@type":"SearchAction","target":{"@type":"EntryPoint","urlTemplate":"https:\/\/www.webdo.tn\/fr\/?s={search_term_string}"},"query-input":{"@type":"PropertyValueSpecification","valueRequired":true,"valueName":"search_term_string"}}],"inLanguage":"fr-FR"},{"@type":"Organization","@id":"https:\/\/www.webdo.tn\/fr\/#organization","name":"Webdo","alternateName":"Webdo.tn","url":"https:\/\/www.webdo.tn\/fr\/","logo":{"@type":"ImageObject","inLanguage":"fr-FR","@id":"https:\/\/www.webdo.tn\/fr\/#\/schema\/logo\/image\/","url":"https:\/\/www.webdo.tn\/fr\/wp-content\/uploads\/2025\/06\/Webdo-Tunisie_168377.jpg","contentUrl":"https:\/\/www.webdo.tn\/fr\/wp-content\/uploads\/2025\/06\/Webdo-Tunisie_168377.jpg","width":301,"height":301,"caption":"Webdo"},"image":{"@id":"https:\/\/www.webdo.tn\/fr\/#\/schema\/logo\/image\/"},"sameAs":["https:\/\/www.facebook.com\/webdotn","https:\/\/x.com\/webdo_tn"],"description":"Webdo est un m\u00e9dia num\u00e9rique tunisien fond\u00e9 en 2010, sp\u00e9cialis\u00e9 dans l\u2019actualit\u00e9 nationale et internationale, l\u2019\u00e9conomie, la soci\u00e9t\u00e9 et les analyses politiques. Le site s\u2019adresse \u00e0 un large public francophone et couvre l\u2019information tunisienne en temps r\u00e9el.","email":"redac@webdo.tn","legalName":"YNJ SARL","foundingDate":"2010-09-06","numberOfEmployees":{"@type":"QuantitativeValue","minValue":"11","maxValue":"50"}},{"@type":"Person","@id":"https:\/\/www.webdo.tn\/fr\/#\/schema\/person\/2c4929cbf5a809e3bd38617c6ce150f6","name":"MC","image":{"@type":"ImageObject","inLanguage":"fr-FR","@id":"https:\/\/secure.gravatar.com\/avatar\/a545bbb6f84efdd5553dbbc2895e3ca8f1d12c5215e00a041c9670b54aa9b18a?s=96&d=mm&r=g","url":"https:\/\/secure.gravatar.com\/avatar\/a545bbb6f84efdd5553dbbc2895e3ca8f1d12c5215e00a041c9670b54aa9b18a?s=96&d=mm&r=g","contentUrl":"https:\/\/secure.gravatar.com\/avatar\/a545bbb6f84efdd5553dbbc2895e3ca8f1d12c5215e00a041c9670b54aa9b18a?s=96&d=mm&r=g","caption":"MC"},"url":"https:\/\/www.webdo.tn\/fr\/actualite\/author\/mc\/"}]}},"_links":{"self":[{"href":"https:\/\/www.webdo.tn\/fr\/wp-json\/wp\/v2\/posts\/204041","targetHints":{"allow":["GET"]}}],"collection":[{"href":"https:\/\/www.webdo.tn\/fr\/wp-json\/wp\/v2\/posts"}],"about":[{"href":"https:\/\/www.webdo.tn\/fr\/wp-json\/wp\/v2\/types\/post"}],"author":[{"embeddable":true,"href":"https:\/\/www.webdo.tn\/fr\/wp-json\/wp\/v2\/users\/3162"}],"replies":[{"embeddable":true,"href":"https:\/\/www.webdo.tn\/fr\/wp-json\/wp\/v2\/comments?post=204041"}],"version-history":[{"count":0,"href":"https:\/\/www.webdo.tn\/fr\/wp-json\/wp\/v2\/posts\/204041\/revisions"}],"wp:featuredmedia":[{"embeddable":true,"href":"https:\/\/www.webdo.tn\/fr\/wp-json\/wp\/v2\/media\/251694"}],"wp:attachment":[{"href":"https:\/\/www.webdo.tn\/fr\/wp-json\/wp\/v2\/media?parent=204041"}],"wp:term":[{"taxonomy":"category","embeddable":true,"href":"https:\/\/www.webdo.tn\/fr\/wp-json\/wp\/v2\/categories?post=204041"},{"taxonomy":"post_tag","embeddable":true,"href":"https:\/\/www.webdo.tn\/fr\/wp-json\/wp\/v2\/tags?post=204041"}],"curies":[{"name":"wp","href":"https:\/\/api.w.org\/{rel}","templated":true}]}}