{"id":204032,"date":"2023-03-17T14:04:00","date_gmt":"2023-03-17T14:04:00","guid":{"rendered":"https:\/\/www.webdo.tn\/fr\/blog\/libye-les-2-5-tonnes-d-uranium-naturel-retrouvees\/204032\/"},"modified":"2025-05-20T22:49:32","modified_gmt":"2025-05-20T22:49:32","slug":"libye-les-2-5-tonnes-d-uranium-naturel-retrouvees","status":"publish","type":"post","link":"https:\/\/www.webdo.tn\/fr\/actualite\/international\/libye-les-2-5-tonnes-d-uranium-naturel-retrouvees\/204032\/","title":{"rendered":"Libye : Les 2,5 tonnes d\u2019uranium naturel retrouv\u00e9es !"},"content":{"rendered":"<p>Le g\u00e9n\u00e9ral Khaled al-Mahjoub, commandant de la direction de la communication des forces de l\u2019Arm\u00e9e nationale libyenne a annonc\u00e9 que les grandes quantit\u00e9s d\u2019uranium ont \u00e9t\u00e9 retrouv\u00e9es.<\/p>\n<p>\t\t\t\t\t\t\t\t\t2,5 tonnes d\u2019uranium naturel, signal\u00e9s comme ayant disparu par l\u2019Agence internationale de l\u2019\u00e9nergie atomique (AIEA), ont \u00e9t\u00e9 donc retrouv\u00e9es par les forces de Khalifa Haftar.\u00a0<\/p>\n<p>Khaled Al-Mahjouba a indiqu\u00e9 sur Facebook que les conteneurs avaient \u00e9t\u00e9 retrouv\u00e9s \u00e0 \u00ab \u00e0 peine cinq kilom\u00e8tres \u00bb du site o\u00f9 ils \u00e9taient stock\u00e9s, dans la r\u00e9gion de Sebha (sud), rapporte l\u2019AFP.\u00a0<\/p>\n<p>Nous sommes au courant des informations de presse selon lesquelles le mat\u00e9riel a \u00e9t\u00e9 retrouv\u00e9 et l\u2019agence s\u2019efforce activement de les v\u00e9rifier \u00bb, a r\u00e9agi l\u2019AIEA \u00e0 Vienne.<\/p>\n","protected":false},"excerpt":{"rendered":"<p>Le g\u00e9n\u00e9ral Khaled al-Mahjoub, commandant de la direction de la communication des forces de l\u2019Arm\u00e9e nationale libyenne a annonc\u00e9 que les grandes quantit\u00e9s d\u2019uran&#8230;<\/p>\n","protected":false},"author":3175,"featured_media":277935,"comment_status":"open","ping_status":"closed","sticky":false,"template":"","format":"standard","meta":{"footnotes":""},"categories":[2598],"tags":[3279,8086],"class_list":["post-204032","post","type-post","status-publish","format-standard","has-post-thumbnail","hentry","category-international","tag-libye","tag-uranium"],"yoast_head":"<!-- This site is optimized with the Yoast SEO Premium plugin v27.4 (Yoast SEO v27.4) - https:\/\/yoast.com\/product\/yoast-seo-premium-wordpress\/ -->\n<title>Libye : Les 2,5 tonnes d\u2019uranium naturel retrouv\u00e9es !<\/title>\n<meta name=\"description\" content=\"Le g\u00e9n\u00e9ral Khaled al-Mahjoub, commandant de la direction de la communication des forces de l\u2019Arm\u00e9e nationale libyenne a annonc\u00e9 que les grandes quantit\u00e9s d\u2019uran...\" \/>\n<link rel=\"canonical\" href=\"https:\/\/www.webdo.tn\/fr\/actualite\/international\/libye-les-2-5-tonnes-d-uranium-naturel-retrouvees\/204032\/\" \/>\n<meta property=\"og:locale\" content=\"fr_FR\" \/>\n<meta property=\"og:type\" content=\"article\" \/>\n<meta property=\"og:title\" content=\"Libye : Les 2,5 tonnes d\u2019uranium naturel retrouv\u00e9es !\" \/>\n<meta property=\"og:description\" content=\"Le g\u00e9n\u00e9ral Khaled al-Mahjoub, commandant de la direction de la communication des forces de l\u2019Arm\u00e9e nationale libyenne a annonc\u00e9 que les grandes quantit\u00e9s d\u2019uran...\" \/>\n<meta property=\"og:url\" content=\"https:\/\/www.webdo.tn\/fr\/actualite\/international\/libye-les-2-5-tonnes-d-uranium-naturel-retrouvees\/204032\/\" \/>\n<meta property=\"og:site_name\" content=\"webdo\" \/>\n<meta property=\"article:publisher\" content=\"https:\/\/www.facebook.com\/webdotn\" \/>\n<meta property=\"article:published_time\" content=\"2023-03-17T14:04:00+00:00\" \/>\n<meta property=\"article:modified_time\" content=\"2025-05-20T22:49:32+00:00\" \/>\n<meta property=\"og:image\" content=\"https:\/\/www.webdo.tn\/fr\/wp-content\/uploads\/2023\/03\/66bb176e5c138a0d6e8e982291ac6d63.jpg\" \/>\n\t<meta property=\"og:image:width\" content=\"664\" \/>\n\t<meta property=\"og:image:height\" content=\"354\" \/>\n\t<meta property=\"og:image:type\" content=\"image\/jpeg\" \/>\n<meta name=\"author\" content=\"CL\" \/>\n<meta name=\"twitter:card\" content=\"summary_large_image\" \/>\n<meta name=\"twitter:creator\" content=\"@webdo_tn\" \/>\n<meta name=\"twitter:site\" content=\"@webdo_tn\" \/>\n<meta name=\"twitter:label1\" content=\"\u00c9crit par\" \/>\n\t<meta name=\"twitter:data1\" content=\"CL\" \/>\n\t<meta name=\"twitter:label2\" content=\"Dur\u00e9e de lecture estim\u00e9e\" \/>\n\t<meta name=\"twitter:data2\" content=\"1 minute\" \/>\n<script type=\"application\/ld+json\" class=\"yoast-schema-graph\">{\"@context\":\"https:\\\/\\\/schema.org\",\"@graph\":[{\"@type\":\"NewsArticle\",\"@id\":\"https:\\\/\\\/www.webdo.tn\\\/fr\\\/actualite\\\/international\\\/libye-les-2-5-tonnes-d-uranium-naturel-retrouvees\\\/204032\\\/#article\",\"isPartOf\":{\"@id\":\"https:\\\/\\\/www.webdo.tn\\\/fr\\\/actualite\\\/international\\\/libye-les-2-5-tonnes-d-uranium-naturel-retrouvees\\\/204032\\\/\"},\"author\":{\"name\":\"CL\",\"@id\":\"https:\\\/\\\/www.webdo.tn\\\/fr\\\/#\\\/schema\\\/person\\\/f35b42a42c5e2511bbd282959d6385cc\"},\"headline\":\"Libye : Les 2,5 tonnes d\u2019uranium naturel retrouv\u00e9es !\",\"datePublished\":\"2023-03-17T14:04:00+00:00\",\"dateModified\":\"2025-05-20T22:49:32+00:00\",\"mainEntityOfPage\":{\"@id\":\"https:\\\/\\\/www.webdo.tn\\\/fr\\\/actualite\\\/international\\\/libye-les-2-5-tonnes-d-uranium-naturel-retrouvees\\\/204032\\\/\"},\"wordCount\":137,\"commentCount\":0,\"publisher\":{\"@id\":\"https:\\\/\\\/www.webdo.tn\\\/fr\\\/#organization\"},\"image\":{\"@id\":\"https:\\\/\\\/www.webdo.tn\\\/fr\\\/actualite\\\/international\\\/libye-les-2-5-tonnes-d-uranium-naturel-retrouvees\\\/204032\\\/#primaryimage\"},\"thumbnailUrl\":\"https:\\\/\\\/www.webdo.tn\\\/fr\\\/wp-content\\\/uploads\\\/2023\\\/03\\\/66bb176e5c138a0d6e8e982291ac6d63.jpg\",\"keywords\":[\"Libye\",\"Uranium\"],\"articleSection\":[\"International\"],\"inLanguage\":\"fr-FR\"},{\"@type\":\"WebPage\",\"@id\":\"https:\\\/\\\/www.webdo.tn\\\/fr\\\/actualite\\\/international\\\/libye-les-2-5-tonnes-d-uranium-naturel-retrouvees\\\/204032\\\/\",\"url\":\"https:\\\/\\\/www.webdo.tn\\\/fr\\\/actualite\\\/international\\\/libye-les-2-5-tonnes-d-uranium-naturel-retrouvees\\\/204032\\\/\",\"name\":\"Libye : Les 2,5 tonnes d\u2019uranium naturel retrouv\u00e9es !\",\"isPartOf\":{\"@id\":\"https:\\\/\\\/www.webdo.tn\\\/fr\\\/#website\"},\"primaryImageOfPage\":{\"@id\":\"https:\\\/\\\/www.webdo.tn\\\/fr\\\/actualite\\\/international\\\/libye-les-2-5-tonnes-d-uranium-naturel-retrouvees\\\/204032\\\/#primaryimage\"},\"image\":{\"@id\":\"https:\\\/\\\/www.webdo.tn\\\/fr\\\/actualite\\\/international\\\/libye-les-2-5-tonnes-d-uranium-naturel-retrouvees\\\/204032\\\/#primaryimage\"},\"thumbnailUrl\":\"https:\\\/\\\/www.webdo.tn\\\/fr\\\/wp-content\\\/uploads\\\/2023\\\/03\\\/66bb176e5c138a0d6e8e982291ac6d63.jpg\",\"datePublished\":\"2023-03-17T14:04:00+00:00\",\"dateModified\":\"2025-05-20T22:49:32+00:00\",\"description\":\"Le g\u00e9n\u00e9ral Khaled al-Mahjoub, commandant de la direction de la communication des forces de l\u2019Arm\u00e9e nationale libyenne a annonc\u00e9 que les grandes quantit\u00e9s d\u2019uran...\",\"breadcrumb\":{\"@id\":\"https:\\\/\\\/www.webdo.tn\\\/fr\\\/actualite\\\/international\\\/libye-les-2-5-tonnes-d-uranium-naturel-retrouvees\\\/204032\\\/#breadcrumb\"},\"inLanguage\":\"fr-FR\",\"potentialAction\":[{\"@type\":\"ReadAction\",\"target\":[\"https:\\\/\\\/www.webdo.tn\\\/fr\\\/actualite\\\/international\\\/libye-les-2-5-tonnes-d-uranium-naturel-retrouvees\\\/204032\\\/\"]}]},{\"@type\":\"ImageObject\",\"inLanguage\":\"fr-FR\",\"@id\":\"https:\\\/\\\/www.webdo.tn\\\/fr\\\/actualite\\\/international\\\/libye-les-2-5-tonnes-d-uranium-naturel-retrouvees\\\/204032\\\/#primaryimage\",\"url\":\"https:\\\/\\\/www.webdo.tn\\\/fr\\\/wp-content\\\/uploads\\\/2023\\\/03\\\/66bb176e5c138a0d6e8e982291ac6d63.jpg\",\"contentUrl\":\"https:\\\/\\\/www.webdo.tn\\\/fr\\\/wp-content\\\/uploads\\\/2023\\\/03\\\/66bb176e5c138a0d6e8e982291ac6d63.jpg\",\"width\":664,\"height\":354,\"caption\":\"Uranium\"},{\"@type\":\"BreadcrumbList\",\"@id\":\"https:\\\/\\\/www.webdo.tn\\\/fr\\\/actualite\\\/international\\\/libye-les-2-5-tonnes-d-uranium-naturel-retrouvees\\\/204032\\\/#breadcrumb\",\"itemListElement\":[{\"@type\":\"ListItem\",\"position\":1,\"name\":\"Accueil\",\"item\":\"https:\\\/\\\/www.webdo.tn\\\/fr\\\/\"},{\"@type\":\"ListItem\",\"position\":2,\"name\":\"Libye : Les 2,5 tonnes d\u2019uranium naturel retrouv\u00e9es !\"}]},{\"@type\":\"WebSite\",\"@id\":\"https:\\\/\\\/www.webdo.tn\\\/fr\\\/#website\",\"url\":\"https:\\\/\\\/www.webdo.tn\\\/fr\\\/\",\"name\":\"webdo\",\"description\":\"Tunisie - News en Tunisie et \u00e0 l&#039;international sur Webdo.tn\",\"publisher\":{\"@id\":\"https:\\\/\\\/www.webdo.tn\\\/fr\\\/#organization\"},\"potentialAction\":[{\"@type\":\"SearchAction\",\"target\":{\"@type\":\"EntryPoint\",\"urlTemplate\":\"https:\\\/\\\/www.webdo.tn\\\/fr\\\/?s={search_term_string}\"},\"query-input\":{\"@type\":\"PropertyValueSpecification\",\"valueRequired\":true,\"valueName\":\"search_term_string\"}}],\"inLanguage\":\"fr-FR\"},{\"@type\":\"Organization\",\"@id\":\"https:\\\/\\\/www.webdo.tn\\\/fr\\\/#organization\",\"name\":\"Webdo\",\"alternateName\":\"Webdo.tn\",\"url\":\"https:\\\/\\\/www.webdo.tn\\\/fr\\\/\",\"logo\":{\"@type\":\"ImageObject\",\"inLanguage\":\"fr-FR\",\"@id\":\"https:\\\/\\\/www.webdo.tn\\\/fr\\\/#\\\/schema\\\/logo\\\/image\\\/\",\"url\":\"https:\\\/\\\/www.webdo.tn\\\/fr\\\/wp-content\\\/uploads\\\/2025\\\/06\\\/Webdo-Tunisie_168377.jpg\",\"contentUrl\":\"https:\\\/\\\/www.webdo.tn\\\/fr\\\/wp-content\\\/uploads\\\/2025\\\/06\\\/Webdo-Tunisie_168377.jpg\",\"width\":301,\"height\":301,\"caption\":\"Webdo\"},\"image\":{\"@id\":\"https:\\\/\\\/www.webdo.tn\\\/fr\\\/#\\\/schema\\\/logo\\\/image\\\/\"},\"sameAs\":[\"https:\\\/\\\/www.facebook.com\\\/webdotn\",\"https:\\\/\\\/x.com\\\/webdo_tn\"],\"description\":\"Webdo est un m\u00e9dia num\u00e9rique tunisien fond\u00e9 en 2010, sp\u00e9cialis\u00e9 dans l\u2019actualit\u00e9 nationale et internationale, l\u2019\u00e9conomie, la soci\u00e9t\u00e9 et les analyses politiques. Le site s\u2019adresse \u00e0 un large public francophone et couvre l\u2019information tunisienne en temps r\u00e9el.\",\"email\":\"redac@webdo.tn\",\"legalName\":\"YNJ SARL\",\"foundingDate\":\"2010-09-06\",\"numberOfEmployees\":{\"@type\":\"QuantitativeValue\",\"minValue\":\"11\",\"maxValue\":\"50\"}},{\"@type\":\"Person\",\"@id\":\"https:\\\/\\\/www.webdo.tn\\\/fr\\\/#\\\/schema\\\/person\\\/f35b42a42c5e2511bbd282959d6385cc\",\"name\":\"CL\",\"image\":{\"@type\":\"ImageObject\",\"inLanguage\":\"fr-FR\",\"@id\":\"https:\\\/\\\/secure.gravatar.com\\\/avatar\\\/1447a49909b67aa657c488aec6512e1dd6143a480c1ecfee9b5b5cd74eb3b59e?s=96&d=mm&r=g\",\"url\":\"https:\\\/\\\/secure.gravatar.com\\\/avatar\\\/1447a49909b67aa657c488aec6512e1dd6143a480c1ecfee9b5b5cd74eb3b59e?s=96&d=mm&r=g\",\"contentUrl\":\"https:\\\/\\\/secure.gravatar.com\\\/avatar\\\/1447a49909b67aa657c488aec6512e1dd6143a480c1ecfee9b5b5cd74eb3b59e?s=96&d=mm&r=g\",\"caption\":\"CL\"},\"url\":\"https:\\\/\\\/www.webdo.tn\\\/fr\\\/actualite\\\/author\\\/cl\\\/\"}]}<\/script>\n<!-- \/ Yoast SEO Premium plugin. -->","yoast_head_json":{"title":"Libye : Les 2,5 tonnes d\u2019uranium naturel retrouv\u00e9es !","description":"Le g\u00e9n\u00e9ral Khaled al-Mahjoub, commandant de la direction de la communication des forces de l\u2019Arm\u00e9e nationale libyenne a annonc\u00e9 que les grandes quantit\u00e9s d\u2019uran...","canonical":"https:\/\/www.webdo.tn\/fr\/actualite\/international\/libye-les-2-5-tonnes-d-uranium-naturel-retrouvees\/204032\/","og_locale":"fr_FR","og_type":"article","og_title":"Libye : Les 2,5 tonnes d\u2019uranium naturel retrouv\u00e9es !","og_description":"Le g\u00e9n\u00e9ral Khaled al-Mahjoub, commandant de la direction de la communication des forces de l\u2019Arm\u00e9e nationale libyenne a annonc\u00e9 que les grandes quantit\u00e9s d\u2019uran...","og_url":"https:\/\/www.webdo.tn\/fr\/actualite\/international\/libye-les-2-5-tonnes-d-uranium-naturel-retrouvees\/204032\/","og_site_name":"webdo","article_publisher":"https:\/\/www.facebook.com\/webdotn","article_published_time":"2023-03-17T14:04:00+00:00","article_modified_time":"2025-05-20T22:49:32+00:00","og_image":[{"width":664,"height":354,"url":"https:\/\/www.webdo.tn\/fr\/wp-content\/uploads\/2023\/03\/66bb176e5c138a0d6e8e982291ac6d63.jpg","type":"image\/jpeg"}],"author":"CL","twitter_card":"summary_large_image","twitter_creator":"@webdo_tn","twitter_site":"@webdo_tn","twitter_misc":{"\u00c9crit par":"CL","Dur\u00e9e de lecture estim\u00e9e":"1 minute"},"schema":{"@context":"https:\/\/schema.org","@graph":[{"@type":"NewsArticle","@id":"https:\/\/www.webdo.tn\/fr\/actualite\/international\/libye-les-2-5-tonnes-d-uranium-naturel-retrouvees\/204032\/#article","isPartOf":{"@id":"https:\/\/www.webdo.tn\/fr\/actualite\/international\/libye-les-2-5-tonnes-d-uranium-naturel-retrouvees\/204032\/"},"author":{"name":"CL","@id":"https:\/\/www.webdo.tn\/fr\/#\/schema\/person\/f35b42a42c5e2511bbd282959d6385cc"},"headline":"Libye : Les 2,5 tonnes d\u2019uranium naturel retrouv\u00e9es !","datePublished":"2023-03-17T14:04:00+00:00","dateModified":"2025-05-20T22:49:32+00:00","mainEntityOfPage":{"@id":"https:\/\/www.webdo.tn\/fr\/actualite\/international\/libye-les-2-5-tonnes-d-uranium-naturel-retrouvees\/204032\/"},"wordCount":137,"commentCount":0,"publisher":{"@id":"https:\/\/www.webdo.tn\/fr\/#organization"},"image":{"@id":"https:\/\/www.webdo.tn\/fr\/actualite\/international\/libye-les-2-5-tonnes-d-uranium-naturel-retrouvees\/204032\/#primaryimage"},"thumbnailUrl":"https:\/\/www.webdo.tn\/fr\/wp-content\/uploads\/2023\/03\/66bb176e5c138a0d6e8e982291ac6d63.jpg","keywords":["Libye","Uranium"],"articleSection":["International"],"inLanguage":"fr-FR"},{"@type":"WebPage","@id":"https:\/\/www.webdo.tn\/fr\/actualite\/international\/libye-les-2-5-tonnes-d-uranium-naturel-retrouvees\/204032\/","url":"https:\/\/www.webdo.tn\/fr\/actualite\/international\/libye-les-2-5-tonnes-d-uranium-naturel-retrouvees\/204032\/","name":"Libye : Les 2,5 tonnes d\u2019uranium naturel retrouv\u00e9es !","isPartOf":{"@id":"https:\/\/www.webdo.tn\/fr\/#website"},"primaryImageOfPage":{"@id":"https:\/\/www.webdo.tn\/fr\/actualite\/international\/libye-les-2-5-tonnes-d-uranium-naturel-retrouvees\/204032\/#primaryimage"},"image":{"@id":"https:\/\/www.webdo.tn\/fr\/actualite\/international\/libye-les-2-5-tonnes-d-uranium-naturel-retrouvees\/204032\/#primaryimage"},"thumbnailUrl":"https:\/\/www.webdo.tn\/fr\/wp-content\/uploads\/2023\/03\/66bb176e5c138a0d6e8e982291ac6d63.jpg","datePublished":"2023-03-17T14:04:00+00:00","dateModified":"2025-05-20T22:49:32+00:00","description":"Le g\u00e9n\u00e9ral Khaled al-Mahjoub, commandant de la direction de la communication des forces de l\u2019Arm\u00e9e nationale libyenne a annonc\u00e9 que les grandes quantit\u00e9s d\u2019uran...","breadcrumb":{"@id":"https:\/\/www.webdo.tn\/fr\/actualite\/international\/libye-les-2-5-tonnes-d-uranium-naturel-retrouvees\/204032\/#breadcrumb"},"inLanguage":"fr-FR","potentialAction":[{"@type":"ReadAction","target":["https:\/\/www.webdo.tn\/fr\/actualite\/international\/libye-les-2-5-tonnes-d-uranium-naturel-retrouvees\/204032\/"]}]},{"@type":"ImageObject","inLanguage":"fr-FR","@id":"https:\/\/www.webdo.tn\/fr\/actualite\/international\/libye-les-2-5-tonnes-d-uranium-naturel-retrouvees\/204032\/#primaryimage","url":"https:\/\/www.webdo.tn\/fr\/wp-content\/uploads\/2023\/03\/66bb176e5c138a0d6e8e982291ac6d63.jpg","contentUrl":"https:\/\/www.webdo.tn\/fr\/wp-content\/uploads\/2023\/03\/66bb176e5c138a0d6e8e982291ac6d63.jpg","width":664,"height":354,"caption":"Uranium"},{"@type":"BreadcrumbList","@id":"https:\/\/www.webdo.tn\/fr\/actualite\/international\/libye-les-2-5-tonnes-d-uranium-naturel-retrouvees\/204032\/#breadcrumb","itemListElement":[{"@type":"ListItem","position":1,"name":"Accueil","item":"https:\/\/www.webdo.tn\/fr\/"},{"@type":"ListItem","position":2,"name":"Libye : Les 2,5 tonnes d\u2019uranium naturel retrouv\u00e9es !"}]},{"@type":"WebSite","@id":"https:\/\/www.webdo.tn\/fr\/#website","url":"https:\/\/www.webdo.tn\/fr\/","name":"webdo","description":"Tunisie - News en Tunisie et \u00e0 l&#039;international sur Webdo.tn","publisher":{"@id":"https:\/\/www.webdo.tn\/fr\/#organization"},"potentialAction":[{"@type":"SearchAction","target":{"@type":"EntryPoint","urlTemplate":"https:\/\/www.webdo.tn\/fr\/?s={search_term_string}"},"query-input":{"@type":"PropertyValueSpecification","valueRequired":true,"valueName":"search_term_string"}}],"inLanguage":"fr-FR"},{"@type":"Organization","@id":"https:\/\/www.webdo.tn\/fr\/#organization","name":"Webdo","alternateName":"Webdo.tn","url":"https:\/\/www.webdo.tn\/fr\/","logo":{"@type":"ImageObject","inLanguage":"fr-FR","@id":"https:\/\/www.webdo.tn\/fr\/#\/schema\/logo\/image\/","url":"https:\/\/www.webdo.tn\/fr\/wp-content\/uploads\/2025\/06\/Webdo-Tunisie_168377.jpg","contentUrl":"https:\/\/www.webdo.tn\/fr\/wp-content\/uploads\/2025\/06\/Webdo-Tunisie_168377.jpg","width":301,"height":301,"caption":"Webdo"},"image":{"@id":"https:\/\/www.webdo.tn\/fr\/#\/schema\/logo\/image\/"},"sameAs":["https:\/\/www.facebook.com\/webdotn","https:\/\/x.com\/webdo_tn"],"description":"Webdo est un m\u00e9dia num\u00e9rique tunisien fond\u00e9 en 2010, sp\u00e9cialis\u00e9 dans l\u2019actualit\u00e9 nationale et internationale, l\u2019\u00e9conomie, la soci\u00e9t\u00e9 et les analyses politiques. Le site s\u2019adresse \u00e0 un large public francophone et couvre l\u2019information tunisienne en temps r\u00e9el.","email":"redac@webdo.tn","legalName":"YNJ SARL","foundingDate":"2010-09-06","numberOfEmployees":{"@type":"QuantitativeValue","minValue":"11","maxValue":"50"}},{"@type":"Person","@id":"https:\/\/www.webdo.tn\/fr\/#\/schema\/person\/f35b42a42c5e2511bbd282959d6385cc","name":"CL","image":{"@type":"ImageObject","inLanguage":"fr-FR","@id":"https:\/\/secure.gravatar.com\/avatar\/1447a49909b67aa657c488aec6512e1dd6143a480c1ecfee9b5b5cd74eb3b59e?s=96&d=mm&r=g","url":"https:\/\/secure.gravatar.com\/avatar\/1447a49909b67aa657c488aec6512e1dd6143a480c1ecfee9b5b5cd74eb3b59e?s=96&d=mm&r=g","contentUrl":"https:\/\/secure.gravatar.com\/avatar\/1447a49909b67aa657c488aec6512e1dd6143a480c1ecfee9b5b5cd74eb3b59e?s=96&d=mm&r=g","caption":"CL"},"url":"https:\/\/www.webdo.tn\/fr\/actualite\/author\/cl\/"}]}},"_links":{"self":[{"href":"https:\/\/www.webdo.tn\/fr\/wp-json\/wp\/v2\/posts\/204032","targetHints":{"allow":["GET"]}}],"collection":[{"href":"https:\/\/www.webdo.tn\/fr\/wp-json\/wp\/v2\/posts"}],"about":[{"href":"https:\/\/www.webdo.tn\/fr\/wp-json\/wp\/v2\/types\/post"}],"author":[{"embeddable":true,"href":"https:\/\/www.webdo.tn\/fr\/wp-json\/wp\/v2\/users\/3175"}],"replies":[{"embeddable":true,"href":"https:\/\/www.webdo.tn\/fr\/wp-json\/wp\/v2\/comments?post=204032"}],"version-history":[{"count":0,"href":"https:\/\/www.webdo.tn\/fr\/wp-json\/wp\/v2\/posts\/204032\/revisions"}],"wp:featuredmedia":[{"embeddable":true,"href":"https:\/\/www.webdo.tn\/fr\/wp-json\/wp\/v2\/media\/277935"}],"wp:attachment":[{"href":"https:\/\/www.webdo.tn\/fr\/wp-json\/wp\/v2\/media?parent=204032"}],"wp:term":[{"taxonomy":"category","embeddable":true,"href":"https:\/\/www.webdo.tn\/fr\/wp-json\/wp\/v2\/categories?post=204032"},{"taxonomy":"post_tag","embeddable":true,"href":"https:\/\/www.webdo.tn\/fr\/wp-json\/wp\/v2\/tags?post=204032"}],"curies":[{"name":"wp","href":"https:\/\/api.w.org\/{rel}","templated":true}]}}