{"id":204022,"date":"2023-03-17T11:26:00","date_gmt":"2023-03-17T11:26:00","guid":{"rendered":"https:\/\/www.webdo.tn\/fr\/blog\/hopital-de-monastir-des-medecins-menaces-avec-une-arme\/204022\/"},"modified":"2025-05-20T22:49:31","modified_gmt":"2025-05-20T22:49:31","slug":"hopital-de-monastir-des-medecins-menaces-avec-une-arme","status":"publish","type":"post","link":"https:\/\/www.webdo.tn\/fr\/actualite\/national\/hopital-de-monastir-des-medecins-menaces-avec-une-arme\/204022\/","title":{"rendered":"H\u00f4pital de Monastir : Des m\u00e9decins menac\u00e9s avec une arme !"},"content":{"rendered":"<p>La s\u00e9curisation des h\u00f4pitaux pose grand probl\u00e8me en Tunisie. La situation est tellement grave que de nombreux m\u00e9decins et cadres param\u00e9dicaux font constamment l\u2019objet de graves agressions.<\/p>\n<p>\t\t\t\t\t\t\t\t\tHier jeudi 16 mars un grave incident a eu lieu \u00e0 l\u2019h\u00f4pital Fattouma Bourguiba \u00e0 Monastir lorsque qu\u2019un agent p\u00e9nitentiaire a menac\u00e9 le personnel de soin avec son arme de service.\u00a0<\/p>\n<p>Selon l\u2019Organisation des jeunes m\u00e9decins cet agent accompagnait un prisonnier qui allait effectuer une consultation externe, mais a refus\u00e9 d\u2019attendre son tour et a menac\u00e9 le personnel soignant en affichant son arme.\u00a0<\/p>\n<p>Ladite organisation pointe un manque de s\u00e9curit\u00e9 grave dans les \u00e9tablissements de s\u00e9curit\u00e9 et tient les autorit\u00e9s pour responsables.<\/p>\n","protected":false},"excerpt":{"rendered":"<p>La s\u00e9curisation des h\u00f4pitaux pose grand probl\u00e8me en Tunisie. La situation est tellement grave que de nombreux m\u00e9decins et cadres param\u00e9dicaux font constamment l&#8230;<\/p>\n","protected":false},"author":3175,"featured_media":277926,"comment_status":"open","ping_status":"closed","sticky":false,"template":"","format":"standard","meta":{"footnotes":""},"categories":[44],"tags":[8612,2701,2692,2608],"class_list":["post-204022","post","type-post","status-publish","format-standard","has-post-thumbnail","hentry","category-national","tag-arme","tag-medecins","tag-monastir","tag-tunisie"],"yoast_head":"<!-- This site is optimized with the Yoast SEO Premium plugin v27.4 (Yoast SEO v27.5) - https:\/\/yoast.com\/product\/yoast-seo-premium-wordpress\/ -->\n<title>H\u00f4pital de Monastir : Des m\u00e9decins menac\u00e9s avec une arme !<\/title>\n<meta name=\"description\" content=\"La s\u00e9curisation des h\u00f4pitaux pose grand probl\u00e8me en Tunisie. La situation est tellement grave que de nombreux m\u00e9decins et cadres param\u00e9dicaux font constamment l...\" \/>\n<link rel=\"canonical\" href=\"https:\/\/www.webdo.tn\/fr\/actualite\/national\/hopital-de-monastir-des-medecins-menaces-avec-une-arme\/204022\/\" \/>\n<meta property=\"og:locale\" content=\"fr_FR\" \/>\n<meta property=\"og:type\" content=\"article\" \/>\n<meta property=\"og:title\" content=\"H\u00f4pital de Monastir : Des m\u00e9decins menac\u00e9s avec une arme !\" \/>\n<meta property=\"og:description\" content=\"La s\u00e9curisation des h\u00f4pitaux pose grand probl\u00e8me en Tunisie. La situation est tellement grave que de nombreux m\u00e9decins et cadres param\u00e9dicaux font constamment l...\" \/>\n<meta property=\"og:url\" content=\"https:\/\/www.webdo.tn\/fr\/actualite\/national\/hopital-de-monastir-des-medecins-menaces-avec-une-arme\/204022\/\" \/>\n<meta property=\"og:site_name\" content=\"webdo\" \/>\n<meta property=\"article:publisher\" content=\"https:\/\/www.facebook.com\/webdotn\" \/>\n<meta property=\"article:published_time\" content=\"2023-03-17T11:26:00+00:00\" \/>\n<meta property=\"article:modified_time\" content=\"2025-05-20T22:49:31+00:00\" \/>\n<meta property=\"og:image\" content=\"https:\/\/www.webdo.tn\/fr\/wp-content\/uploads\/2023\/03\/6c51b91352abaa7df837d0ec42a02a77.jpg\" \/>\n\t<meta property=\"og:image:width\" content=\"750\" \/>\n\t<meta property=\"og:image:height\" content=\"400\" \/>\n\t<meta property=\"og:image:type\" content=\"image\/jpeg\" \/>\n<meta name=\"author\" content=\"CL\" \/>\n<meta name=\"twitter:card\" content=\"summary_large_image\" \/>\n<meta name=\"twitter:creator\" content=\"@webdo_tn\" \/>\n<meta name=\"twitter:site\" content=\"@webdo_tn\" \/>\n<meta name=\"twitter:label1\" content=\"\u00c9crit par\" \/>\n\t<meta name=\"twitter:data1\" content=\"CL\" \/>\n\t<meta name=\"twitter:label2\" content=\"Dur\u00e9e de lecture estim\u00e9e\" \/>\n\t<meta name=\"twitter:data2\" content=\"1 minute\" \/>\n<script type=\"application\/ld+json\" class=\"yoast-schema-graph\">{\"@context\":\"https:\\\/\\\/schema.org\",\"@graph\":[{\"@type\":\"NewsArticle\",\"@id\":\"https:\\\/\\\/www.webdo.tn\\\/fr\\\/actualite\\\/national\\\/hopital-de-monastir-des-medecins-menaces-avec-une-arme\\\/204022\\\/#article\",\"isPartOf\":{\"@id\":\"https:\\\/\\\/www.webdo.tn\\\/fr\\\/actualite\\\/national\\\/hopital-de-monastir-des-medecins-menaces-avec-une-arme\\\/204022\\\/\"},\"author\":{\"name\":\"CL\",\"@id\":\"https:\\\/\\\/www.webdo.tn\\\/fr\\\/#\\\/schema\\\/person\\\/f35b42a42c5e2511bbd282959d6385cc\"},\"headline\":\"H\u00f4pital de Monastir : Des m\u00e9decins menac\u00e9s avec une arme !\",\"datePublished\":\"2023-03-17T11:26:00+00:00\",\"dateModified\":\"2025-05-20T22:49:31+00:00\",\"mainEntityOfPage\":{\"@id\":\"https:\\\/\\\/www.webdo.tn\\\/fr\\\/actualite\\\/national\\\/hopital-de-monastir-des-medecins-menaces-avec-une-arme\\\/204022\\\/\"},\"wordCount\":134,\"commentCount\":0,\"publisher\":{\"@id\":\"https:\\\/\\\/www.webdo.tn\\\/fr\\\/#organization\"},\"image\":{\"@id\":\"https:\\\/\\\/www.webdo.tn\\\/fr\\\/actualite\\\/national\\\/hopital-de-monastir-des-medecins-menaces-avec-une-arme\\\/204022\\\/#primaryimage\"},\"thumbnailUrl\":\"https:\\\/\\\/www.webdo.tn\\\/fr\\\/wp-content\\\/uploads\\\/2023\\\/03\\\/6c51b91352abaa7df837d0ec42a02a77.jpg\",\"keywords\":[\"arme\",\"m\u00e9decins\",\"Monastir\",\"Tunisie\"],\"articleSection\":[\"National\"],\"inLanguage\":\"fr-FR\"},{\"@type\":\"WebPage\",\"@id\":\"https:\\\/\\\/www.webdo.tn\\\/fr\\\/actualite\\\/national\\\/hopital-de-monastir-des-medecins-menaces-avec-une-arme\\\/204022\\\/\",\"url\":\"https:\\\/\\\/www.webdo.tn\\\/fr\\\/actualite\\\/national\\\/hopital-de-monastir-des-medecins-menaces-avec-une-arme\\\/204022\\\/\",\"name\":\"H\u00f4pital de Monastir : Des m\u00e9decins menac\u00e9s avec une arme !\",\"isPartOf\":{\"@id\":\"https:\\\/\\\/www.webdo.tn\\\/fr\\\/#website\"},\"primaryImageOfPage\":{\"@id\":\"https:\\\/\\\/www.webdo.tn\\\/fr\\\/actualite\\\/national\\\/hopital-de-monastir-des-medecins-menaces-avec-une-arme\\\/204022\\\/#primaryimage\"},\"image\":{\"@id\":\"https:\\\/\\\/www.webdo.tn\\\/fr\\\/actualite\\\/national\\\/hopital-de-monastir-des-medecins-menaces-avec-une-arme\\\/204022\\\/#primaryimage\"},\"thumbnailUrl\":\"https:\\\/\\\/www.webdo.tn\\\/fr\\\/wp-content\\\/uploads\\\/2023\\\/03\\\/6c51b91352abaa7df837d0ec42a02a77.jpg\",\"datePublished\":\"2023-03-17T11:26:00+00:00\",\"dateModified\":\"2025-05-20T22:49:31+00:00\",\"description\":\"La s\u00e9curisation des h\u00f4pitaux pose grand probl\u00e8me en Tunisie. La situation est tellement grave que de nombreux m\u00e9decins et cadres param\u00e9dicaux font constamment l...\",\"breadcrumb\":{\"@id\":\"https:\\\/\\\/www.webdo.tn\\\/fr\\\/actualite\\\/national\\\/hopital-de-monastir-des-medecins-menaces-avec-une-arme\\\/204022\\\/#breadcrumb\"},\"inLanguage\":\"fr-FR\",\"potentialAction\":[{\"@type\":\"ReadAction\",\"target\":[\"https:\\\/\\\/www.webdo.tn\\\/fr\\\/actualite\\\/national\\\/hopital-de-monastir-des-medecins-menaces-avec-une-arme\\\/204022\\\/\"]}]},{\"@type\":\"ImageObject\",\"inLanguage\":\"fr-FR\",\"@id\":\"https:\\\/\\\/www.webdo.tn\\\/fr\\\/actualite\\\/national\\\/hopital-de-monastir-des-medecins-menaces-avec-une-arme\\\/204022\\\/#primaryimage\",\"url\":\"https:\\\/\\\/www.webdo.tn\\\/fr\\\/wp-content\\\/uploads\\\/2023\\\/03\\\/6c51b91352abaa7df837d0ec42a02a77.jpg\",\"contentUrl\":\"https:\\\/\\\/www.webdo.tn\\\/fr\\\/wp-content\\\/uploads\\\/2023\\\/03\\\/6c51b91352abaa7df837d0ec42a02a77.jpg\",\"width\":750,\"height\":400,\"caption\":\"Fattouma Bourguiba\"},{\"@type\":\"BreadcrumbList\",\"@id\":\"https:\\\/\\\/www.webdo.tn\\\/fr\\\/actualite\\\/national\\\/hopital-de-monastir-des-medecins-menaces-avec-une-arme\\\/204022\\\/#breadcrumb\",\"itemListElement\":[{\"@type\":\"ListItem\",\"position\":1,\"name\":\"Accueil\",\"item\":\"https:\\\/\\\/www.webdo.tn\\\/fr\\\/\"},{\"@type\":\"ListItem\",\"position\":2,\"name\":\"H\u00f4pital de Monastir : Des m\u00e9decins menac\u00e9s avec une arme !\"}]},{\"@type\":\"WebSite\",\"@id\":\"https:\\\/\\\/www.webdo.tn\\\/fr\\\/#website\",\"url\":\"https:\\\/\\\/www.webdo.tn\\\/fr\\\/\",\"name\":\"webdo\",\"description\":\"Tunisie - News en Tunisie et \u00e0 l&#039;international sur Webdo.tn\",\"publisher\":{\"@id\":\"https:\\\/\\\/www.webdo.tn\\\/fr\\\/#organization\"},\"potentialAction\":[{\"@type\":\"SearchAction\",\"target\":{\"@type\":\"EntryPoint\",\"urlTemplate\":\"https:\\\/\\\/www.webdo.tn\\\/fr\\\/?s={search_term_string}\"},\"query-input\":{\"@type\":\"PropertyValueSpecification\",\"valueRequired\":true,\"valueName\":\"search_term_string\"}}],\"inLanguage\":\"fr-FR\"},{\"@type\":\"Organization\",\"@id\":\"https:\\\/\\\/www.webdo.tn\\\/fr\\\/#organization\",\"name\":\"Webdo\",\"alternateName\":\"Webdo.tn\",\"url\":\"https:\\\/\\\/www.webdo.tn\\\/fr\\\/\",\"logo\":{\"@type\":\"ImageObject\",\"inLanguage\":\"fr-FR\",\"@id\":\"https:\\\/\\\/www.webdo.tn\\\/fr\\\/#\\\/schema\\\/logo\\\/image\\\/\",\"url\":\"https:\\\/\\\/www.webdo.tn\\\/fr\\\/wp-content\\\/uploads\\\/2025\\\/06\\\/Webdo-Tunisie_168377.jpg\",\"contentUrl\":\"https:\\\/\\\/www.webdo.tn\\\/fr\\\/wp-content\\\/uploads\\\/2025\\\/06\\\/Webdo-Tunisie_168377.jpg\",\"width\":301,\"height\":301,\"caption\":\"Webdo\"},\"image\":{\"@id\":\"https:\\\/\\\/www.webdo.tn\\\/fr\\\/#\\\/schema\\\/logo\\\/image\\\/\"},\"sameAs\":[\"https:\\\/\\\/www.facebook.com\\\/webdotn\",\"https:\\\/\\\/x.com\\\/webdo_tn\"],\"description\":\"Webdo est un m\u00e9dia num\u00e9rique tunisien fond\u00e9 en 2010, sp\u00e9cialis\u00e9 dans l\u2019actualit\u00e9 nationale et internationale, l\u2019\u00e9conomie, la soci\u00e9t\u00e9 et les analyses politiques. Le site s\u2019adresse \u00e0 un large public francophone et couvre l\u2019information tunisienne en temps r\u00e9el.\",\"email\":\"redac@webdo.tn\",\"legalName\":\"YNJ SARL\",\"foundingDate\":\"2010-09-06\",\"numberOfEmployees\":{\"@type\":\"QuantitativeValue\",\"minValue\":\"11\",\"maxValue\":\"50\"}},{\"@type\":\"Person\",\"@id\":\"https:\\\/\\\/www.webdo.tn\\\/fr\\\/#\\\/schema\\\/person\\\/f35b42a42c5e2511bbd282959d6385cc\",\"name\":\"CL\",\"image\":{\"@type\":\"ImageObject\",\"inLanguage\":\"fr-FR\",\"@id\":\"https:\\\/\\\/secure.gravatar.com\\\/avatar\\\/1447a49909b67aa657c488aec6512e1dd6143a480c1ecfee9b5b5cd74eb3b59e?s=96&d=mm&r=g\",\"url\":\"https:\\\/\\\/secure.gravatar.com\\\/avatar\\\/1447a49909b67aa657c488aec6512e1dd6143a480c1ecfee9b5b5cd74eb3b59e?s=96&d=mm&r=g\",\"contentUrl\":\"https:\\\/\\\/secure.gravatar.com\\\/avatar\\\/1447a49909b67aa657c488aec6512e1dd6143a480c1ecfee9b5b5cd74eb3b59e?s=96&d=mm&r=g\",\"caption\":\"CL\"},\"url\":\"https:\\\/\\\/www.webdo.tn\\\/fr\\\/actualite\\\/author\\\/cl\\\/\"}]}<\/script>\n<!-- \/ Yoast SEO Premium plugin. -->","yoast_head_json":{"title":"H\u00f4pital de Monastir : Des m\u00e9decins menac\u00e9s avec une arme !","description":"La s\u00e9curisation des h\u00f4pitaux pose grand probl\u00e8me en Tunisie. La situation est tellement grave que de nombreux m\u00e9decins et cadres param\u00e9dicaux font constamment l...","canonical":"https:\/\/www.webdo.tn\/fr\/actualite\/national\/hopital-de-monastir-des-medecins-menaces-avec-une-arme\/204022\/","og_locale":"fr_FR","og_type":"article","og_title":"H\u00f4pital de Monastir : Des m\u00e9decins menac\u00e9s avec une arme !","og_description":"La s\u00e9curisation des h\u00f4pitaux pose grand probl\u00e8me en Tunisie. La situation est tellement grave que de nombreux m\u00e9decins et cadres param\u00e9dicaux font constamment l...","og_url":"https:\/\/www.webdo.tn\/fr\/actualite\/national\/hopital-de-monastir-des-medecins-menaces-avec-une-arme\/204022\/","og_site_name":"webdo","article_publisher":"https:\/\/www.facebook.com\/webdotn","article_published_time":"2023-03-17T11:26:00+00:00","article_modified_time":"2025-05-20T22:49:31+00:00","og_image":[{"width":750,"height":400,"url":"https:\/\/www.webdo.tn\/fr\/wp-content\/uploads\/2023\/03\/6c51b91352abaa7df837d0ec42a02a77.jpg","type":"image\/jpeg"}],"author":"CL","twitter_card":"summary_large_image","twitter_creator":"@webdo_tn","twitter_site":"@webdo_tn","twitter_misc":{"\u00c9crit par":"CL","Dur\u00e9e de lecture estim\u00e9e":"1 minute"},"schema":{"@context":"https:\/\/schema.org","@graph":[{"@type":"NewsArticle","@id":"https:\/\/www.webdo.tn\/fr\/actualite\/national\/hopital-de-monastir-des-medecins-menaces-avec-une-arme\/204022\/#article","isPartOf":{"@id":"https:\/\/www.webdo.tn\/fr\/actualite\/national\/hopital-de-monastir-des-medecins-menaces-avec-une-arme\/204022\/"},"author":{"name":"CL","@id":"https:\/\/www.webdo.tn\/fr\/#\/schema\/person\/f35b42a42c5e2511bbd282959d6385cc"},"headline":"H\u00f4pital de Monastir : Des m\u00e9decins menac\u00e9s avec une arme !","datePublished":"2023-03-17T11:26:00+00:00","dateModified":"2025-05-20T22:49:31+00:00","mainEntityOfPage":{"@id":"https:\/\/www.webdo.tn\/fr\/actualite\/national\/hopital-de-monastir-des-medecins-menaces-avec-une-arme\/204022\/"},"wordCount":134,"commentCount":0,"publisher":{"@id":"https:\/\/www.webdo.tn\/fr\/#organization"},"image":{"@id":"https:\/\/www.webdo.tn\/fr\/actualite\/national\/hopital-de-monastir-des-medecins-menaces-avec-une-arme\/204022\/#primaryimage"},"thumbnailUrl":"https:\/\/www.webdo.tn\/fr\/wp-content\/uploads\/2023\/03\/6c51b91352abaa7df837d0ec42a02a77.jpg","keywords":["arme","m\u00e9decins","Monastir","Tunisie"],"articleSection":["National"],"inLanguage":"fr-FR"},{"@type":"WebPage","@id":"https:\/\/www.webdo.tn\/fr\/actualite\/national\/hopital-de-monastir-des-medecins-menaces-avec-une-arme\/204022\/","url":"https:\/\/www.webdo.tn\/fr\/actualite\/national\/hopital-de-monastir-des-medecins-menaces-avec-une-arme\/204022\/","name":"H\u00f4pital de Monastir : Des m\u00e9decins menac\u00e9s avec une arme !","isPartOf":{"@id":"https:\/\/www.webdo.tn\/fr\/#website"},"primaryImageOfPage":{"@id":"https:\/\/www.webdo.tn\/fr\/actualite\/national\/hopital-de-monastir-des-medecins-menaces-avec-une-arme\/204022\/#primaryimage"},"image":{"@id":"https:\/\/www.webdo.tn\/fr\/actualite\/national\/hopital-de-monastir-des-medecins-menaces-avec-une-arme\/204022\/#primaryimage"},"thumbnailUrl":"https:\/\/www.webdo.tn\/fr\/wp-content\/uploads\/2023\/03\/6c51b91352abaa7df837d0ec42a02a77.jpg","datePublished":"2023-03-17T11:26:00+00:00","dateModified":"2025-05-20T22:49:31+00:00","description":"La s\u00e9curisation des h\u00f4pitaux pose grand probl\u00e8me en Tunisie. La situation est tellement grave que de nombreux m\u00e9decins et cadres param\u00e9dicaux font constamment l...","breadcrumb":{"@id":"https:\/\/www.webdo.tn\/fr\/actualite\/national\/hopital-de-monastir-des-medecins-menaces-avec-une-arme\/204022\/#breadcrumb"},"inLanguage":"fr-FR","potentialAction":[{"@type":"ReadAction","target":["https:\/\/www.webdo.tn\/fr\/actualite\/national\/hopital-de-monastir-des-medecins-menaces-avec-une-arme\/204022\/"]}]},{"@type":"ImageObject","inLanguage":"fr-FR","@id":"https:\/\/www.webdo.tn\/fr\/actualite\/national\/hopital-de-monastir-des-medecins-menaces-avec-une-arme\/204022\/#primaryimage","url":"https:\/\/www.webdo.tn\/fr\/wp-content\/uploads\/2023\/03\/6c51b91352abaa7df837d0ec42a02a77.jpg","contentUrl":"https:\/\/www.webdo.tn\/fr\/wp-content\/uploads\/2023\/03\/6c51b91352abaa7df837d0ec42a02a77.jpg","width":750,"height":400,"caption":"Fattouma Bourguiba"},{"@type":"BreadcrumbList","@id":"https:\/\/www.webdo.tn\/fr\/actualite\/national\/hopital-de-monastir-des-medecins-menaces-avec-une-arme\/204022\/#breadcrumb","itemListElement":[{"@type":"ListItem","position":1,"name":"Accueil","item":"https:\/\/www.webdo.tn\/fr\/"},{"@type":"ListItem","position":2,"name":"H\u00f4pital de Monastir : Des m\u00e9decins menac\u00e9s avec une arme !"}]},{"@type":"WebSite","@id":"https:\/\/www.webdo.tn\/fr\/#website","url":"https:\/\/www.webdo.tn\/fr\/","name":"webdo","description":"Tunisie - News en Tunisie et \u00e0 l&#039;international sur Webdo.tn","publisher":{"@id":"https:\/\/www.webdo.tn\/fr\/#organization"},"potentialAction":[{"@type":"SearchAction","target":{"@type":"EntryPoint","urlTemplate":"https:\/\/www.webdo.tn\/fr\/?s={search_term_string}"},"query-input":{"@type":"PropertyValueSpecification","valueRequired":true,"valueName":"search_term_string"}}],"inLanguage":"fr-FR"},{"@type":"Organization","@id":"https:\/\/www.webdo.tn\/fr\/#organization","name":"Webdo","alternateName":"Webdo.tn","url":"https:\/\/www.webdo.tn\/fr\/","logo":{"@type":"ImageObject","inLanguage":"fr-FR","@id":"https:\/\/www.webdo.tn\/fr\/#\/schema\/logo\/image\/","url":"https:\/\/www.webdo.tn\/fr\/wp-content\/uploads\/2025\/06\/Webdo-Tunisie_168377.jpg","contentUrl":"https:\/\/www.webdo.tn\/fr\/wp-content\/uploads\/2025\/06\/Webdo-Tunisie_168377.jpg","width":301,"height":301,"caption":"Webdo"},"image":{"@id":"https:\/\/www.webdo.tn\/fr\/#\/schema\/logo\/image\/"},"sameAs":["https:\/\/www.facebook.com\/webdotn","https:\/\/x.com\/webdo_tn"],"description":"Webdo est un m\u00e9dia num\u00e9rique tunisien fond\u00e9 en 2010, sp\u00e9cialis\u00e9 dans l\u2019actualit\u00e9 nationale et internationale, l\u2019\u00e9conomie, la soci\u00e9t\u00e9 et les analyses politiques. Le site s\u2019adresse \u00e0 un large public francophone et couvre l\u2019information tunisienne en temps r\u00e9el.","email":"redac@webdo.tn","legalName":"YNJ SARL","foundingDate":"2010-09-06","numberOfEmployees":{"@type":"QuantitativeValue","minValue":"11","maxValue":"50"}},{"@type":"Person","@id":"https:\/\/www.webdo.tn\/fr\/#\/schema\/person\/f35b42a42c5e2511bbd282959d6385cc","name":"CL","image":{"@type":"ImageObject","inLanguage":"fr-FR","@id":"https:\/\/secure.gravatar.com\/avatar\/1447a49909b67aa657c488aec6512e1dd6143a480c1ecfee9b5b5cd74eb3b59e?s=96&d=mm&r=g","url":"https:\/\/secure.gravatar.com\/avatar\/1447a49909b67aa657c488aec6512e1dd6143a480c1ecfee9b5b5cd74eb3b59e?s=96&d=mm&r=g","contentUrl":"https:\/\/secure.gravatar.com\/avatar\/1447a49909b67aa657c488aec6512e1dd6143a480c1ecfee9b5b5cd74eb3b59e?s=96&d=mm&r=g","caption":"CL"},"url":"https:\/\/www.webdo.tn\/fr\/actualite\/author\/cl\/"}]}},"_links":{"self":[{"href":"https:\/\/www.webdo.tn\/fr\/wp-json\/wp\/v2\/posts\/204022","targetHints":{"allow":["GET"]}}],"collection":[{"href":"https:\/\/www.webdo.tn\/fr\/wp-json\/wp\/v2\/posts"}],"about":[{"href":"https:\/\/www.webdo.tn\/fr\/wp-json\/wp\/v2\/types\/post"}],"author":[{"embeddable":true,"href":"https:\/\/www.webdo.tn\/fr\/wp-json\/wp\/v2\/users\/3175"}],"replies":[{"embeddable":true,"href":"https:\/\/www.webdo.tn\/fr\/wp-json\/wp\/v2\/comments?post=204022"}],"version-history":[{"count":0,"href":"https:\/\/www.webdo.tn\/fr\/wp-json\/wp\/v2\/posts\/204022\/revisions"}],"wp:featuredmedia":[{"embeddable":true,"href":"https:\/\/www.webdo.tn\/fr\/wp-json\/wp\/v2\/media\/277926"}],"wp:attachment":[{"href":"https:\/\/www.webdo.tn\/fr\/wp-json\/wp\/v2\/media?parent=204022"}],"wp:term":[{"taxonomy":"category","embeddable":true,"href":"https:\/\/www.webdo.tn\/fr\/wp-json\/wp\/v2\/categories?post=204022"},{"taxonomy":"post_tag","embeddable":true,"href":"https:\/\/www.webdo.tn\/fr\/wp-json\/wp\/v2\/tags?post=204022"}],"curies":[{"name":"wp","href":"https:\/\/api.w.org\/{rel}","templated":true}]}}