{"id":204017,"date":"2023-03-17T10:21:00","date_gmt":"2023-03-17T10:21:00","guid":{"rendered":"https:\/\/www.webdo.tn\/fr\/blog\/le-film-fan-est-une-oeuvre-fascinante-qui-explore-la-relation-complexe-entre-une-star-et-son-fan\/204017\/"},"modified":"2025-05-21T08:56:49","modified_gmt":"2025-05-21T08:56:49","slug":"le-film-fan-est-une-oeuvre-fascinante-qui-explore-la-relation-complexe-entre-une-star-et-son-fan","status":"publish","type":"post","link":"https:\/\/www.webdo.tn\/fr\/actualite\/culture\/le-film-fan-est-une-oeuvre-fascinante-qui-explore-la-relation-complexe-entre-une-star-et-son-fan\/204017\/","title":{"rendered":"Le film \u00ab\u00a0Fan\u00a0\u00bb, une \u0153uvre fascinante qui explore la relation complexe entre une star et son fan"},"content":{"rendered":"<div class=\"single-body entry-content typography-copy\" itemprop=\"articleBody\">\n<p style=\"font-weight: bold; text-align: justify\">\n\t\t\t\t\t\t\t\t\t\u00ab Ma r\u00e9ussite, je la dois aux autres, ce que je suis et l\u00e0 o\u00f9 je suis aujourd\u2019hui, c\u2019est gr\u00e2ce \u00e0 mes fans, sans eux, je ne suis rien \u00bb c\u2019est ce qu\u2019a d\u00e9clar\u00e9 Aryan Khanna (ou Shah Rukh Khan ??) au d\u00e9but du film FAN.\n\t\t\t\t\t\t\t\t<\/p>\n<div class=\"coprs\" style=\"text-align: center\"><\/div>\n<div class=\"coprs\" style=\"text-align: justify\">\n<p>\u00a0<\/p>\n<p><strong><em>Fan<\/em><\/strong>\u00a0(2016) est une \u0153uvre fascinante qui explore la relation complexe entre une star et son fan. Le film est dirig\u00e9 par Maneesh Sharma et met en vedette Shah Rukh Khan dans le double r\u00f4le d&rsquo;une superstar de Bollywood, Aryan Khanna, et de son plus grand fan, Gaurav Chandna.<\/p>\n<p><em>Fan<\/em>\u00a0suit Gaurav Chandna, un jeune homme passionn\u00e9 par Aryan Khanna depuis son enfance. Il idol\u00e2tre la star et sait tout de lui, de ses films \u00e0 ses habitudes quotidiennes. Il r\u00eave de rencontrer son idole et de se faire reconna\u00eetre par lui. Cependant, lorsque Gaurav rencontre enfin Aryan, les choses prennent une tournure inattendue. Aryan n&rsquo;est pas aussi amical que Gaurav l&rsquo;avait imagin\u00e9 et le fan obsessionnel devient rapidement un danger pour la vie de la star.<\/p>\n<p>Le point fort du film est sans aucun doute la performance extraordinaire de Shah Rukh Khan dans les deux r\u00f4les. L&rsquo;acteur a travaill\u00e9 dur pour donner vie \u00e0 deux personnages tr\u00e8s diff\u00e9rents, et le r\u00e9sultat est bluffant. Le maquillage (proth\u00e8ses et effets sp\u00e9ciaux) utilis\u00e9 pour transformer Shah Rukh Khan en Gaurav est \u00e9galement tr\u00e8s r\u00e9ussi, rendant l&rsquo;acteur m\u00e9connaissable.<\/p>\n<p>Au-del\u00e0 de la performance exceptionnelle de Shah Rukh Khan, <em>Fan<\/em>\u00a0aborde des questions profondes sur la relation entre les stars et leurs fans et met en \u00e9vidence les limites floues de cette relation et les dangers qu&rsquo;elle peut pr\u00e9senter pour les deux parties. Le film explore plus pr\u00e9cis\u00e9ment les th\u00e8mes de l\u2019identification avec les stars, de l&rsquo;obsession de certains fans qui en viennent \u00e0 perdre leur propre personnalit\u00e9 et \u00e0 vivre par procuration, de la d\u00e9votion et de la solitude, ainsi que les limites de la c\u00e9l\u00e9brit\u00e9. La star doit-elle \u00eatre \u00e0 la disposition de ses fans \u00e0 tout moment ou a-t-elle le droit de mener sa propre vie? Jusqu&rsquo;o\u00f9 les fans doivent-ils aller pour satisfaire leur besoin de proximit\u00e9 avec leur idole? O\u00f9 est la limite entre le fan et l&rsquo;obs\u00e9d\u00e9? Autant de questions soulev\u00e9es par le film, qui ne donne pas de r\u00e9ponses toutes faites, mais invite plut\u00f4t le spectateur \u00e0 r\u00e9fl\u00e9chir.<\/p>\n<p>Le film<em> Fan<\/em>\u00a0est \u00e9galement int\u00e9ressant et m\u00eame tr\u00e8s intrigant car Shah Rukh Khan y a donn\u00e9 de sa personne, s&rsquo;exposant et se mettant lui-m\u00eame et son image en danger, car il est facile de l&rsquo;assimiler\u00a0\u00e0 Aryan, qui lui est presque identique.<\/p>\n<p>A commencer par le nom de Aryan Khanna, en effet Aryan est le pr\u00e9nom du fils de Shah Rukh et il est \u00e9vident que Khanna est inspir\u00e9 de Khan. Par ailleurs, Aryan habite la vraie maison de Shah Rukh, et le grillage de 20 m de haut qui prot\u00e8ge la maison d\u2019Aryan est le vrai grillage qui prot\u00e8ge la maison de Shah Rukh, qui d\u2019ailleurs donne parfois l\u2019impression que l\u2019acteur habite une prison de haute s\u00e9curit\u00e9.<\/p>\n<p>Les deux stars m\u00e8nent la m\u00eame vie et ont les m\u00eames habitudes, par exemple Aryan, tout comme Shah Rukh, monte lors de son anniversaire et lors de certaines f\u00eates, sur le haut du grillage de sa maison pour saluer ses fans. Les deux stars ont exactement le m\u00eame comportement et les m\u00eames postures. Quelle est donc la part de la vie de Shah Rukh Khan dans la vie d\u2019Aryan et vice versa ?<\/p>\n<p>En fait, il y a une r\u00e9elle confusion entre la star Shah Rukh et la star Aryan. Ce n\u2019est pas un hasard, c\u2019est voulu par le r\u00e9alisateur.<\/p>\n<p>Surement pour donner plus de cr\u00e9dibilit\u00e9 et de r\u00e9alisme au film.<\/p>\n<p>Mais \u00e9tait-ce voulu aussi par Shah Rukh Khan ? On pourrait se poser la question parce qu\u2019en tant que fan, on est amen\u00e9 \u00e0 se demander si on veut vraiment \u00eatre un fan de cette star telle qu&rsquo;elle est montr\u00e9e dans le film!<\/p>\n<p>Il est \u00e9vident qu\u2019en jouant ce r\u00f4le, Shah Rukh Khan a pris le risque de voir sa propre image ternie, Aryan n\u2019\u00e9tant pas particuli\u00e8rement sympathique, ni m\u00eame sinc\u00e8re. Au d\u00e9but du film, dans une interview, Aryan d\u00e9clare qu&rsquo;il appartient \u00e0 ses fans, pourtant, il refuse de donner 5 minutes de son temps \u00e0 son fan. Quelle est donc la part de sinc\u00e9rit\u00e9 et la part de mensonge dans ce que disent les stars ? Par ailleurs peut-on leur reprocher de vouloir se consacrer \u00e0 leurs propres vies ?<\/p>\n<p>Mais d&rsquo;un autre cot\u00e9, le fait m\u00eame que Shah Rukh Khan ait pris ce risque ne montre-t-il pas son courage et sa volont\u00e9 de se remettre en question et de se poser des questions sur son statut de star et d\u2019idole ?<\/p>\n<p>Bien que le film soit tr\u00e8s r\u00e9ussi dans l&rsquo;exploration de la relation entre les stars et leurs fans, il y a tout de m\u00eame un d\u00e9faut : les longues courses-poursuites qui le d\u00e9naturent un peu. Cela donne l&rsquo;impression que <em>Fan<\/em>\u00a0devient un film d&rsquo;action, alors qu&rsquo;il aurait \u00e9t\u00e9 pr\u00e9f\u00e9rable que le film reste plus concentr\u00e9 sur la psychologie des personnages.<\/p>\n<p>\u00a0<\/p>\n<p><iframe allowfullscreen=\"\" frameborder=\"0\" height=\"315\" src=\"https:\/\/www.youtube.com\/embed\/nkS_Ar0Yad0\" title=\"YouTube video player\" width=\"560\"><\/iframe><\/p>\n<p>\u00a0<\/p>\n<p>Le film est disponible sur Amazone Prime et sur les sites de streaming.<\/p>\n<p><strong>Ne\u00efla Driss<\/strong><\/p>\n<\/p><\/div>\n<div class=\"coprs\" style=\"text-align: center\"><\/div><\/div>\n","protected":false},"excerpt":{"rendered":"<p> Fan  (2016) est une \u0153uvre fascinante qui explore la relation complexe entre une star et son fan. Le film est dirig\u00e9 par Maneesh Sharma et met en vedette Shah R&#8230;<\/p>\n","protected":false},"author":3164,"featured_media":251715,"comment_status":"open","ping_status":"closed","sticky":false,"template":"","format":"standard","meta":{"footnotes":""},"categories":[2594],"tags":[2626,6286,8670,2655,8544],"class_list":["post-204017","post","type-post","status-publish","format-standard","has-post-thumbnail","hentry","category-culture","tag-cinema","tag-cinema-indien","tag-critique-de-film","tag-film","tag-shah-rukh-khan"],"yoast_head":"<!-- This site is optimized with the Yoast SEO Premium plugin v27.5 (Yoast SEO v27.5) - https:\/\/yoast.com\/product\/yoast-seo-premium-wordpress\/ -->\n<title>Le film Fan , une \u0153uvre fascinante qui explore la relation complexe entre une star et son fan<\/title>\n<meta name=\"description\" content=\"Fan (2016) est une \u0153uvre fascinante qui explore la relation complexe entre une star et son fan. Le film est dirig\u00e9 par Maneesh Sharma et met en vedette Shah R...\" \/>\n<link rel=\"canonical\" href=\"https:\/\/www.webdo.tn\/fr\/actualite\/culture\/le-film-fan-est-une-oeuvre-fascinante-qui-explore-la-relation-complexe-entre-une-star-et-son-fan\/204017\/\" \/>\n<meta property=\"og:locale\" content=\"fr_FR\" \/>\n<meta property=\"og:type\" content=\"article\" \/>\n<meta property=\"og:title\" content=\"Le film &quot;Fan&quot;, une \u0153uvre fascinante qui explore la relation complexe entre une star et son fan\" \/>\n<meta property=\"og:description\" content=\"Fan (2016) est une \u0153uvre fascinante qui explore la relation complexe entre une star et son fan. Le film est dirig\u00e9 par Maneesh Sharma et met en vedette Shah R...\" \/>\n<meta property=\"og:url\" content=\"https:\/\/www.webdo.tn\/fr\/actualite\/culture\/le-film-fan-est-une-oeuvre-fascinante-qui-explore-la-relation-complexe-entre-une-star-et-son-fan\/204017\/\" \/>\n<meta property=\"og:site_name\" content=\"webdo\" \/>\n<meta property=\"article:publisher\" content=\"https:\/\/www.facebook.com\/webdotn\" \/>\n<meta property=\"article:author\" content=\"https:\/\/www.facebook.com\/massir.destiniii\/\" \/>\n<meta property=\"article:published_time\" content=\"2023-03-17T10:21:00+00:00\" \/>\n<meta property=\"article:modified_time\" content=\"2025-05-21T08:56:49+00:00\" \/>\n<meta property=\"og:image\" content=\"https:\/\/www.webdo.tn\/fr\/wp-content\/uploads\/2023\/03\/07a018ea88a053623d538e4ca519c4e6.jpg\" \/>\n\t<meta property=\"og:image:width\" content=\"750\" \/>\n\t<meta property=\"og:image:height\" content=\"400\" \/>\n\t<meta property=\"og:image:type\" content=\"image\/jpeg\" \/>\n<meta name=\"author\" content=\"Ne\u00efla DRISS\" \/>\n<meta name=\"twitter:card\" content=\"summary_large_image\" \/>\n<meta name=\"twitter:creator\" content=\"@https:\/\/x.com\/MassirDestin\" \/>\n<meta name=\"twitter:site\" content=\"@webdo_tn\" \/>\n<meta name=\"twitter:label1\" content=\"\u00c9crit par\" \/>\n\t<meta name=\"twitter:data1\" content=\"Ne\u00efla DRISS\" \/>\n\t<meta name=\"twitter:label2\" content=\"Dur\u00e9e de lecture estim\u00e9e\" \/>\n\t<meta name=\"twitter:data2\" content=\"5 minutes\" \/>\n<script type=\"application\/ld+json\" class=\"yoast-schema-graph\">{\"@context\":\"https:\\\/\\\/schema.org\",\"@graph\":[{\"@type\":\"NewsArticle\",\"@id\":\"https:\\\/\\\/www.webdo.tn\\\/fr\\\/actualite\\\/culture\\\/le-film-fan-est-une-oeuvre-fascinante-qui-explore-la-relation-complexe-entre-une-star-et-son-fan\\\/204017\\\/#article\",\"isPartOf\":{\"@id\":\"https:\\\/\\\/www.webdo.tn\\\/fr\\\/actualite\\\/culture\\\/le-film-fan-est-une-oeuvre-fascinante-qui-explore-la-relation-complexe-entre-une-star-et-son-fan\\\/204017\\\/\"},\"author\":{\"name\":\"Ne\u00efla DRISS\",\"@id\":\"https:\\\/\\\/www.webdo.tn\\\/fr\\\/#\\\/schema\\\/person\\\/60d5ba619ed3f58783b0dc82b7dada80\"},\"headline\":\"Le film \u00ab\u00a0Fan\u00a0\u00bb, une \u0153uvre fascinante qui explore la relation complexe entre une star et son fan\",\"datePublished\":\"2023-03-17T10:21:00+00:00\",\"dateModified\":\"2025-05-21T08:56:49+00:00\",\"mainEntityOfPage\":{\"@id\":\"https:\\\/\\\/www.webdo.tn\\\/fr\\\/actualite\\\/culture\\\/le-film-fan-est-une-oeuvre-fascinante-qui-explore-la-relation-complexe-entre-une-star-et-son-fan\\\/204017\\\/\"},\"wordCount\":954,\"commentCount\":0,\"publisher\":{\"@id\":\"https:\\\/\\\/www.webdo.tn\\\/fr\\\/#organization\"},\"image\":{\"@id\":\"https:\\\/\\\/www.webdo.tn\\\/fr\\\/actualite\\\/culture\\\/le-film-fan-est-une-oeuvre-fascinante-qui-explore-la-relation-complexe-entre-une-star-et-son-fan\\\/204017\\\/#primaryimage\"},\"thumbnailUrl\":\"https:\\\/\\\/www.webdo.tn\\\/fr\\\/wp-content\\\/uploads\\\/2023\\\/03\\\/07a018ea88a053623d538e4ca519c4e6.jpg\",\"keywords\":[\"Cin\u00e9ma\",\"Cin\u00e9ma Indien\",\"Critique de film\",\"Film\",\"Shah Rukh Khan\"],\"articleSection\":[\"Culture\"],\"inLanguage\":\"fr-FR\"},{\"@type\":\"WebPage\",\"@id\":\"https:\\\/\\\/www.webdo.tn\\\/fr\\\/actualite\\\/culture\\\/le-film-fan-est-une-oeuvre-fascinante-qui-explore-la-relation-complexe-entre-une-star-et-son-fan\\\/204017\\\/\",\"url\":\"https:\\\/\\\/www.webdo.tn\\\/fr\\\/actualite\\\/culture\\\/le-film-fan-est-une-oeuvre-fascinante-qui-explore-la-relation-complexe-entre-une-star-et-son-fan\\\/204017\\\/\",\"name\":\"Le film Fan , une \u0153uvre fascinante qui explore la relation complexe entre une star et son fan\",\"isPartOf\":{\"@id\":\"https:\\\/\\\/www.webdo.tn\\\/fr\\\/#website\"},\"primaryImageOfPage\":{\"@id\":\"https:\\\/\\\/www.webdo.tn\\\/fr\\\/actualite\\\/culture\\\/le-film-fan-est-une-oeuvre-fascinante-qui-explore-la-relation-complexe-entre-une-star-et-son-fan\\\/204017\\\/#primaryimage\"},\"image\":{\"@id\":\"https:\\\/\\\/www.webdo.tn\\\/fr\\\/actualite\\\/culture\\\/le-film-fan-est-une-oeuvre-fascinante-qui-explore-la-relation-complexe-entre-une-star-et-son-fan\\\/204017\\\/#primaryimage\"},\"thumbnailUrl\":\"https:\\\/\\\/www.webdo.tn\\\/fr\\\/wp-content\\\/uploads\\\/2023\\\/03\\\/07a018ea88a053623d538e4ca519c4e6.jpg\",\"datePublished\":\"2023-03-17T10:21:00+00:00\",\"dateModified\":\"2025-05-21T08:56:49+00:00\",\"description\":\"Fan (2016) est une \u0153uvre fascinante qui explore la relation complexe entre une star et son fan. Le film est dirig\u00e9 par Maneesh Sharma et met en vedette Shah R...\",\"breadcrumb\":{\"@id\":\"https:\\\/\\\/www.webdo.tn\\\/fr\\\/actualite\\\/culture\\\/le-film-fan-est-une-oeuvre-fascinante-qui-explore-la-relation-complexe-entre-une-star-et-son-fan\\\/204017\\\/#breadcrumb\"},\"inLanguage\":\"fr-FR\",\"potentialAction\":[{\"@type\":\"ReadAction\",\"target\":[\"https:\\\/\\\/www.webdo.tn\\\/fr\\\/actualite\\\/culture\\\/le-film-fan-est-une-oeuvre-fascinante-qui-explore-la-relation-complexe-entre-une-star-et-son-fan\\\/204017\\\/\"]}]},{\"@type\":\"ImageObject\",\"inLanguage\":\"fr-FR\",\"@id\":\"https:\\\/\\\/www.webdo.tn\\\/fr\\\/actualite\\\/culture\\\/le-film-fan-est-une-oeuvre-fascinante-qui-explore-la-relation-complexe-entre-une-star-et-son-fan\\\/204017\\\/#primaryimage\",\"url\":\"https:\\\/\\\/www.webdo.tn\\\/fr\\\/wp-content\\\/uploads\\\/2023\\\/03\\\/07a018ea88a053623d538e4ca519c4e6.jpg\",\"contentUrl\":\"https:\\\/\\\/www.webdo.tn\\\/fr\\\/wp-content\\\/uploads\\\/2023\\\/03\\\/07a018ea88a053623d538e4ca519c4e6.jpg\",\"width\":750,\"height\":400,\"caption\":\"Le film \\\"Fan\\\", une \u0153uvre fascinante qui explore la relation complexe entre une star et son fan\"},{\"@type\":\"BreadcrumbList\",\"@id\":\"https:\\\/\\\/www.webdo.tn\\\/fr\\\/actualite\\\/culture\\\/le-film-fan-est-une-oeuvre-fascinante-qui-explore-la-relation-complexe-entre-une-star-et-son-fan\\\/204017\\\/#breadcrumb\",\"itemListElement\":[{\"@type\":\"ListItem\",\"position\":1,\"name\":\"Accueil\",\"item\":\"https:\\\/\\\/www.webdo.tn\\\/fr\\\/\"},{\"@type\":\"ListItem\",\"position\":2,\"name\":\"Le film \u00ab\u00a0Fan\u00a0\u00bb, une \u0153uvre fascinante qui explore la relation complexe entre une star et son fan\"}]},{\"@type\":\"WebSite\",\"@id\":\"https:\\\/\\\/www.webdo.tn\\\/fr\\\/#website\",\"url\":\"https:\\\/\\\/www.webdo.tn\\\/fr\\\/\",\"name\":\"webdo\",\"description\":\"Tunisie - News en Tunisie et \u00e0 l&#039;international sur Webdo.tn\",\"publisher\":{\"@id\":\"https:\\\/\\\/www.webdo.tn\\\/fr\\\/#organization\"},\"potentialAction\":[{\"@type\":\"SearchAction\",\"target\":{\"@type\":\"EntryPoint\",\"urlTemplate\":\"https:\\\/\\\/www.webdo.tn\\\/fr\\\/?s={search_term_string}\"},\"query-input\":{\"@type\":\"PropertyValueSpecification\",\"valueRequired\":true,\"valueName\":\"search_term_string\"}}],\"inLanguage\":\"fr-FR\"},{\"@type\":\"Organization\",\"@id\":\"https:\\\/\\\/www.webdo.tn\\\/fr\\\/#organization\",\"name\":\"Webdo\",\"alternateName\":\"Webdo.tn\",\"url\":\"https:\\\/\\\/www.webdo.tn\\\/fr\\\/\",\"logo\":{\"@type\":\"ImageObject\",\"inLanguage\":\"fr-FR\",\"@id\":\"https:\\\/\\\/www.webdo.tn\\\/fr\\\/#\\\/schema\\\/logo\\\/image\\\/\",\"url\":\"https:\\\/\\\/www.webdo.tn\\\/fr\\\/wp-content\\\/uploads\\\/2025\\\/06\\\/Webdo-Tunisie_168377.jpg\",\"contentUrl\":\"https:\\\/\\\/www.webdo.tn\\\/fr\\\/wp-content\\\/uploads\\\/2025\\\/06\\\/Webdo-Tunisie_168377.jpg\",\"width\":301,\"height\":301,\"caption\":\"Webdo\"},\"image\":{\"@id\":\"https:\\\/\\\/www.webdo.tn\\\/fr\\\/#\\\/schema\\\/logo\\\/image\\\/\"},\"sameAs\":[\"https:\\\/\\\/www.facebook.com\\\/webdotn\",\"https:\\\/\\\/x.com\\\/webdo_tn\"],\"description\":\"Webdo est un m\u00e9dia num\u00e9rique tunisien fond\u00e9 en 2010, sp\u00e9cialis\u00e9 dans l\u2019actualit\u00e9 nationale et internationale, l\u2019\u00e9conomie, la soci\u00e9t\u00e9 et les analyses politiques. Le site s\u2019adresse \u00e0 un large public francophone et couvre l\u2019information tunisienne en temps r\u00e9el.\",\"email\":\"redac@webdo.tn\",\"legalName\":\"YNJ SARL\",\"foundingDate\":\"2010-09-06\",\"numberOfEmployees\":{\"@type\":\"QuantitativeValue\",\"minValue\":\"11\",\"maxValue\":\"50\"}},{\"@type\":\"Person\",\"@id\":\"https:\\\/\\\/www.webdo.tn\\\/fr\\\/#\\\/schema\\\/person\\\/60d5ba619ed3f58783b0dc82b7dada80\",\"name\":\"Ne\u00efla DRISS\",\"image\":{\"@type\":\"ImageObject\",\"inLanguage\":\"fr-FR\",\"@id\":\"https:\\\/\\\/www.webdo.tn\\\/fr\\\/wp-content\\\/uploads\\\/2026\\\/04\\\/neila-driss_avatar-96x96.jpg\",\"url\":\"https:\\\/\\\/www.webdo.tn\\\/fr\\\/wp-content\\\/uploads\\\/2026\\\/04\\\/neila-driss_avatar-96x96.jpg\",\"contentUrl\":\"https:\\\/\\\/www.webdo.tn\\\/fr\\\/wp-content\\\/uploads\\\/2026\\\/04\\\/neila-driss_avatar-96x96.jpg\",\"caption\":\"Ne\u00efla DRISS\"},\"description\":\"Ne\u00efla Driss est juriste, journaliste culturelle et critique de cin\u00e9ma tunisienne. Titulaire d\u2019un DEA en droit priv\u00e9 de l\u2019Universit\u00e9 Paris II et d\u2019un DESS de l\u2019IHEC Carthage, elle d\u00e9bute sa carri\u00e8re comme juriste sp\u00e9cialis\u00e9e en gestion de patrimoine immobilier. Elle s\u2019oriente ensuite vers l\u2019\u00e9criture en ligne, o\u00f9 elle se distingue d\u00e8s 2006 aux Tunisia Blog Awards, avant de se consacrer au journalisme culturel, avec une sp\u00e9cialisation dans la critique cin\u00e9matographique. Elle couvre r\u00e9guli\u00e8rement les grands festivals internationaux, notamment le Festival de Cannes, les Journ\u00e9es Cin\u00e9matographiques de Carthage et le Festival du film du Caire. Membre de l\u2019ATPCC et de la FIPRESCI, elle participe \u00e0 des jurys et initiatives internationales de critique. Depuis 2024, elle est \u00e9lectrice internationale aux Golden Globes. Facebook : https:\\\/\\\/www.facebook.com\\\/massir.destiniii\\\/ X : https:\\\/\\\/x.com\\\/MassirDestin\",\"sameAs\":[\"https:\\\/\\\/www.facebook.com\\\/massir.destiniii\\\/\",\"https:\\\/\\\/www.instagram.com\\\/neila.driss\\\/?hl=fr\",\"https:\\\/\\\/www.linkedin.com\\\/in\\\/neila-driss-22606a80\\\/\",\"https:\\\/\\\/x.com\\\/https:\\\/\\\/x.com\\\/MassirDestin\"],\"knowsAbout\":[\"Cin\u00e9ma international\",\"critique cin\u00e9matographique\",\"festivals de cin\u00e9ma\",\"journalisme culturel\"],\"knowsLanguage\":[\"Fran\u00e7ais\",\"Arabe\",\"Anglais\"],\"jobTitle\":\"Journaliste culturelle et critique de cin\u00e9ma\",\"worksFor\":\"Webdo\",\"url\":\"https:\\\/\\\/www.webdo.tn\\\/fr\\\/actualite\\\/author\\\/neila-driss\\\/\"}]}<\/script>\n<!-- \/ Yoast SEO Premium plugin. -->","yoast_head_json":{"title":"Le film Fan , une \u0153uvre fascinante qui explore la relation complexe entre une star et son fan","description":"Fan (2016) est une \u0153uvre fascinante qui explore la relation complexe entre une star et son fan. Le film est dirig\u00e9 par Maneesh Sharma et met en vedette Shah R...","canonical":"https:\/\/www.webdo.tn\/fr\/actualite\/culture\/le-film-fan-est-une-oeuvre-fascinante-qui-explore-la-relation-complexe-entre-une-star-et-son-fan\/204017\/","og_locale":"fr_FR","og_type":"article","og_title":"Le film \"Fan\", une \u0153uvre fascinante qui explore la relation complexe entre une star et son fan","og_description":"Fan (2016) est une \u0153uvre fascinante qui explore la relation complexe entre une star et son fan. Le film est dirig\u00e9 par Maneesh Sharma et met en vedette Shah R...","og_url":"https:\/\/www.webdo.tn\/fr\/actualite\/culture\/le-film-fan-est-une-oeuvre-fascinante-qui-explore-la-relation-complexe-entre-une-star-et-son-fan\/204017\/","og_site_name":"webdo","article_publisher":"https:\/\/www.facebook.com\/webdotn","article_author":"https:\/\/www.facebook.com\/massir.destiniii\/","article_published_time":"2023-03-17T10:21:00+00:00","article_modified_time":"2025-05-21T08:56:49+00:00","og_image":[{"width":750,"height":400,"url":"https:\/\/www.webdo.tn\/fr\/wp-content\/uploads\/2023\/03\/07a018ea88a053623d538e4ca519c4e6.jpg","type":"image\/jpeg"}],"author":"Ne\u00efla DRISS","twitter_card":"summary_large_image","twitter_creator":"@https:\/\/x.com\/MassirDestin","twitter_site":"@webdo_tn","twitter_misc":{"\u00c9crit par":"Ne\u00efla DRISS","Dur\u00e9e de lecture estim\u00e9e":"5 minutes"},"schema":{"@context":"https:\/\/schema.org","@graph":[{"@type":"NewsArticle","@id":"https:\/\/www.webdo.tn\/fr\/actualite\/culture\/le-film-fan-est-une-oeuvre-fascinante-qui-explore-la-relation-complexe-entre-une-star-et-son-fan\/204017\/#article","isPartOf":{"@id":"https:\/\/www.webdo.tn\/fr\/actualite\/culture\/le-film-fan-est-une-oeuvre-fascinante-qui-explore-la-relation-complexe-entre-une-star-et-son-fan\/204017\/"},"author":{"name":"Ne\u00efla DRISS","@id":"https:\/\/www.webdo.tn\/fr\/#\/schema\/person\/60d5ba619ed3f58783b0dc82b7dada80"},"headline":"Le film \u00ab\u00a0Fan\u00a0\u00bb, une \u0153uvre fascinante qui explore la relation complexe entre une star et son fan","datePublished":"2023-03-17T10:21:00+00:00","dateModified":"2025-05-21T08:56:49+00:00","mainEntityOfPage":{"@id":"https:\/\/www.webdo.tn\/fr\/actualite\/culture\/le-film-fan-est-une-oeuvre-fascinante-qui-explore-la-relation-complexe-entre-une-star-et-son-fan\/204017\/"},"wordCount":954,"commentCount":0,"publisher":{"@id":"https:\/\/www.webdo.tn\/fr\/#organization"},"image":{"@id":"https:\/\/www.webdo.tn\/fr\/actualite\/culture\/le-film-fan-est-une-oeuvre-fascinante-qui-explore-la-relation-complexe-entre-une-star-et-son-fan\/204017\/#primaryimage"},"thumbnailUrl":"https:\/\/www.webdo.tn\/fr\/wp-content\/uploads\/2023\/03\/07a018ea88a053623d538e4ca519c4e6.jpg","keywords":["Cin\u00e9ma","Cin\u00e9ma Indien","Critique de film","Film","Shah Rukh Khan"],"articleSection":["Culture"],"inLanguage":"fr-FR"},{"@type":"WebPage","@id":"https:\/\/www.webdo.tn\/fr\/actualite\/culture\/le-film-fan-est-une-oeuvre-fascinante-qui-explore-la-relation-complexe-entre-une-star-et-son-fan\/204017\/","url":"https:\/\/www.webdo.tn\/fr\/actualite\/culture\/le-film-fan-est-une-oeuvre-fascinante-qui-explore-la-relation-complexe-entre-une-star-et-son-fan\/204017\/","name":"Le film Fan , une \u0153uvre fascinante qui explore la relation complexe entre une star et son fan","isPartOf":{"@id":"https:\/\/www.webdo.tn\/fr\/#website"},"primaryImageOfPage":{"@id":"https:\/\/www.webdo.tn\/fr\/actualite\/culture\/le-film-fan-est-une-oeuvre-fascinante-qui-explore-la-relation-complexe-entre-une-star-et-son-fan\/204017\/#primaryimage"},"image":{"@id":"https:\/\/www.webdo.tn\/fr\/actualite\/culture\/le-film-fan-est-une-oeuvre-fascinante-qui-explore-la-relation-complexe-entre-une-star-et-son-fan\/204017\/#primaryimage"},"thumbnailUrl":"https:\/\/www.webdo.tn\/fr\/wp-content\/uploads\/2023\/03\/07a018ea88a053623d538e4ca519c4e6.jpg","datePublished":"2023-03-17T10:21:00+00:00","dateModified":"2025-05-21T08:56:49+00:00","description":"Fan (2016) est une \u0153uvre fascinante qui explore la relation complexe entre une star et son fan. Le film est dirig\u00e9 par Maneesh Sharma et met en vedette Shah R...","breadcrumb":{"@id":"https:\/\/www.webdo.tn\/fr\/actualite\/culture\/le-film-fan-est-une-oeuvre-fascinante-qui-explore-la-relation-complexe-entre-une-star-et-son-fan\/204017\/#breadcrumb"},"inLanguage":"fr-FR","potentialAction":[{"@type":"ReadAction","target":["https:\/\/www.webdo.tn\/fr\/actualite\/culture\/le-film-fan-est-une-oeuvre-fascinante-qui-explore-la-relation-complexe-entre-une-star-et-son-fan\/204017\/"]}]},{"@type":"ImageObject","inLanguage":"fr-FR","@id":"https:\/\/www.webdo.tn\/fr\/actualite\/culture\/le-film-fan-est-une-oeuvre-fascinante-qui-explore-la-relation-complexe-entre-une-star-et-son-fan\/204017\/#primaryimage","url":"https:\/\/www.webdo.tn\/fr\/wp-content\/uploads\/2023\/03\/07a018ea88a053623d538e4ca519c4e6.jpg","contentUrl":"https:\/\/www.webdo.tn\/fr\/wp-content\/uploads\/2023\/03\/07a018ea88a053623d538e4ca519c4e6.jpg","width":750,"height":400,"caption":"Le film \"Fan\", une \u0153uvre fascinante qui explore la relation complexe entre une star et son fan"},{"@type":"BreadcrumbList","@id":"https:\/\/www.webdo.tn\/fr\/actualite\/culture\/le-film-fan-est-une-oeuvre-fascinante-qui-explore-la-relation-complexe-entre-une-star-et-son-fan\/204017\/#breadcrumb","itemListElement":[{"@type":"ListItem","position":1,"name":"Accueil","item":"https:\/\/www.webdo.tn\/fr\/"},{"@type":"ListItem","position":2,"name":"Le film \u00ab\u00a0Fan\u00a0\u00bb, une \u0153uvre fascinante qui explore la relation complexe entre une star et son fan"}]},{"@type":"WebSite","@id":"https:\/\/www.webdo.tn\/fr\/#website","url":"https:\/\/www.webdo.tn\/fr\/","name":"webdo","description":"Tunisie - News en Tunisie et \u00e0 l&#039;international sur Webdo.tn","publisher":{"@id":"https:\/\/www.webdo.tn\/fr\/#organization"},"potentialAction":[{"@type":"SearchAction","target":{"@type":"EntryPoint","urlTemplate":"https:\/\/www.webdo.tn\/fr\/?s={search_term_string}"},"query-input":{"@type":"PropertyValueSpecification","valueRequired":true,"valueName":"search_term_string"}}],"inLanguage":"fr-FR"},{"@type":"Organization","@id":"https:\/\/www.webdo.tn\/fr\/#organization","name":"Webdo","alternateName":"Webdo.tn","url":"https:\/\/www.webdo.tn\/fr\/","logo":{"@type":"ImageObject","inLanguage":"fr-FR","@id":"https:\/\/www.webdo.tn\/fr\/#\/schema\/logo\/image\/","url":"https:\/\/www.webdo.tn\/fr\/wp-content\/uploads\/2025\/06\/Webdo-Tunisie_168377.jpg","contentUrl":"https:\/\/www.webdo.tn\/fr\/wp-content\/uploads\/2025\/06\/Webdo-Tunisie_168377.jpg","width":301,"height":301,"caption":"Webdo"},"image":{"@id":"https:\/\/www.webdo.tn\/fr\/#\/schema\/logo\/image\/"},"sameAs":["https:\/\/www.facebook.com\/webdotn","https:\/\/x.com\/webdo_tn"],"description":"Webdo est un m\u00e9dia num\u00e9rique tunisien fond\u00e9 en 2010, sp\u00e9cialis\u00e9 dans l\u2019actualit\u00e9 nationale et internationale, l\u2019\u00e9conomie, la soci\u00e9t\u00e9 et les analyses politiques. Le site s\u2019adresse \u00e0 un large public francophone et couvre l\u2019information tunisienne en temps r\u00e9el.","email":"redac@webdo.tn","legalName":"YNJ SARL","foundingDate":"2010-09-06","numberOfEmployees":{"@type":"QuantitativeValue","minValue":"11","maxValue":"50"}},{"@type":"Person","@id":"https:\/\/www.webdo.tn\/fr\/#\/schema\/person\/60d5ba619ed3f58783b0dc82b7dada80","name":"Ne\u00efla DRISS","image":{"@type":"ImageObject","inLanguage":"fr-FR","@id":"https:\/\/www.webdo.tn\/fr\/wp-content\/uploads\/2026\/04\/neila-driss_avatar-96x96.jpg","url":"https:\/\/www.webdo.tn\/fr\/wp-content\/uploads\/2026\/04\/neila-driss_avatar-96x96.jpg","contentUrl":"https:\/\/www.webdo.tn\/fr\/wp-content\/uploads\/2026\/04\/neila-driss_avatar-96x96.jpg","caption":"Ne\u00efla DRISS"},"description":"Ne\u00efla Driss est juriste, journaliste culturelle et critique de cin\u00e9ma tunisienne. Titulaire d\u2019un DEA en droit priv\u00e9 de l\u2019Universit\u00e9 Paris II et d\u2019un DESS de l\u2019IHEC Carthage, elle d\u00e9bute sa carri\u00e8re comme juriste sp\u00e9cialis\u00e9e en gestion de patrimoine immobilier. Elle s\u2019oriente ensuite vers l\u2019\u00e9criture en ligne, o\u00f9 elle se distingue d\u00e8s 2006 aux Tunisia Blog Awards, avant de se consacrer au journalisme culturel, avec une sp\u00e9cialisation dans la critique cin\u00e9matographique. Elle couvre r\u00e9guli\u00e8rement les grands festivals internationaux, notamment le Festival de Cannes, les Journ\u00e9es Cin\u00e9matographiques de Carthage et le Festival du film du Caire. Membre de l\u2019ATPCC et de la FIPRESCI, elle participe \u00e0 des jurys et initiatives internationales de critique. Depuis 2024, elle est \u00e9lectrice internationale aux Golden Globes. Facebook : https:\/\/www.facebook.com\/massir.destiniii\/ X : https:\/\/x.com\/MassirDestin","sameAs":["https:\/\/www.facebook.com\/massir.destiniii\/","https:\/\/www.instagram.com\/neila.driss\/?hl=fr","https:\/\/www.linkedin.com\/in\/neila-driss-22606a80\/","https:\/\/x.com\/https:\/\/x.com\/MassirDestin"],"knowsAbout":["Cin\u00e9ma international","critique cin\u00e9matographique","festivals de cin\u00e9ma","journalisme culturel"],"knowsLanguage":["Fran\u00e7ais","Arabe","Anglais"],"jobTitle":"Journaliste culturelle et critique de cin\u00e9ma","worksFor":"Webdo","url":"https:\/\/www.webdo.tn\/fr\/actualite\/author\/neila-driss\/"}]}},"_links":{"self":[{"href":"https:\/\/www.webdo.tn\/fr\/wp-json\/wp\/v2\/posts\/204017","targetHints":{"allow":["GET"]}}],"collection":[{"href":"https:\/\/www.webdo.tn\/fr\/wp-json\/wp\/v2\/posts"}],"about":[{"href":"https:\/\/www.webdo.tn\/fr\/wp-json\/wp\/v2\/types\/post"}],"author":[{"embeddable":true,"href":"https:\/\/www.webdo.tn\/fr\/wp-json\/wp\/v2\/users\/3164"}],"replies":[{"embeddable":true,"href":"https:\/\/www.webdo.tn\/fr\/wp-json\/wp\/v2\/comments?post=204017"}],"version-history":[{"count":0,"href":"https:\/\/www.webdo.tn\/fr\/wp-json\/wp\/v2\/posts\/204017\/revisions"}],"wp:featuredmedia":[{"embeddable":true,"href":"https:\/\/www.webdo.tn\/fr\/wp-json\/wp\/v2\/media\/251715"}],"wp:attachment":[{"href":"https:\/\/www.webdo.tn\/fr\/wp-json\/wp\/v2\/media?parent=204017"}],"wp:term":[{"taxonomy":"category","embeddable":true,"href":"https:\/\/www.webdo.tn\/fr\/wp-json\/wp\/v2\/categories?post=204017"},{"taxonomy":"post_tag","embeddable":true,"href":"https:\/\/www.webdo.tn\/fr\/wp-json\/wp\/v2\/tags?post=204017"}],"curies":[{"name":"wp","href":"https:\/\/api.w.org\/{rel}","templated":true}]}}