{"id":203995,"date":"2023-03-16T19:12:00","date_gmt":"2023-03-16T19:12:00","guid":{"rendered":"https:\/\/www.webdo.tn\/fr\/blog\/tunisie-ramadan-les-prix-de-ces-produits-agricoles-fixes\/203995\/"},"modified":"2025-05-20T22:49:30","modified_gmt":"2025-05-20T22:49:30","slug":"tunisie-ramadan-les-prix-de-ces-produits-agricoles-fixes","status":"publish","type":"post","link":"https:\/\/www.webdo.tn\/fr\/actualite\/national\/tunisie-ramadan-les-prix-de-ces-produits-agricoles-fixes\/203995\/","title":{"rendered":"Tunisie \u2013 Ramadan : Les prix de ces produits agricoles fix\u00e9s"},"content":{"rendered":"<p>Le Minist\u00e8re du Commerce et du D\u00e9veloppement des Exportations a annonc\u00e9, jeudi 16 mars 2023, qu&rsquo;il a fix\u00e9 des prix de vente et les marges b\u00e9n\u00e9ficiaires maximales pour certains produits frais, \u00e0 partir du 17 mars 2023 jusqu&rsquo;\u00e0 la fin du mois du Ramadan 2023.<\/p>\n<p>\tLe prix de poulet pr\u00eat \u00e0 cuire a \u00e9t\u00e9 fix\u00e9 \u00e0 8,7 dinars\/kg pour le grand public avec une marge b\u00e9n\u00e9ficiaire de 10% pour le d\u00e9taillant.<br \/>\n\tPour les \u0153ufs, le prix a \u00e9t\u00e9 fix\u00e9 \u00e0 1,480 dinar, pour les quatre \u0153ufs avec une marge b\u00e9n\u00e9ficiaire de 15 millimes\/\u0153uf pour le grossiste et 15 millimes\/\u0153uf pour le d\u00e9taillant.<br \/>\n\tPour ce qui est des fruits, la marge b\u00e9n\u00e9ficiaire maximale unifi\u00e9e serait de l&rsquo;ordre de 20%, \u00e0 condition qu&rsquo;elle soit plafonn\u00e9e \u00e0 1,500 dinar\/kg.<\/p>\n<p>Le minist\u00e8re du Commerce a appel\u00e9, \u00e0 cette occasion, toutes les parties concern\u00e9es \u00e0 respecter ces prix et ces marges b\u00e9n\u00e9ficiaires maximales, afin de pr\u00e9server le pouvoir d&rsquo;achat du citoyen et \u00e9viter tous les pratiques de sp\u00e9culation.<br \/>\nPar ailleurs, elle a invit\u00e9 tous les consommateurs \u00e0 rationaliser leurs achats, \u00e0 \u00e9viter le gaspillage, et \u00e0 signaler toutes les infractions en appelant le num\u00e9ro vert du Minist\u00e8re : 80100191.<\/p>\n","protected":false},"excerpt":{"rendered":"<p>Le Minist\u00e8re du Commerce et du D\u00e9veloppement des Exportations a annonc\u00e9, jeudi 16 mars 2023, qu&rsquo;il a fix\u00e9 des prix de vente et les marges b\u00e9n\u00e9ficiaires maximale&#8230;<\/p>\n","protected":false},"author":3175,"featured_media":277921,"comment_status":"open","ping_status":"closed","sticky":false,"template":"","format":"standard","meta":{"footnotes":""},"categories":[44],"tags":[2609,3945,2608],"class_list":["post-203995","post","type-post","status-publish","format-standard","has-post-thumbnail","hentry","category-national","tag-prix","tag-produits-agricoles","tag-tunisie"],"yoast_head":"<!-- This site is optimized with the Yoast SEO Premium plugin v27.4 (Yoast SEO v27.4) - https:\/\/yoast.com\/product\/yoast-seo-premium-wordpress\/ -->\n<title>Tunisie \u2013 Ramadan : Les prix de ces produits agricoles fix\u00e9s<\/title>\n<meta name=\"description\" content=\"Le Minist\u00e8re du Commerce et du D\u00e9veloppement des Exportations a annonc\u00e9, jeudi 16 mars 2023, qu&#039;il a fix\u00e9 des prix de vente et les marges b\u00e9n\u00e9ficiaires maximale...\" \/>\n<link rel=\"canonical\" href=\"https:\/\/www.webdo.tn\/fr\/actualite\/national\/tunisie-ramadan-les-prix-de-ces-produits-agricoles-fixes\/203995\/\" \/>\n<meta property=\"og:locale\" content=\"fr_FR\" \/>\n<meta property=\"og:type\" content=\"article\" \/>\n<meta property=\"og:title\" content=\"Tunisie \u2013 Ramadan : Les prix de ces produits agricoles fix\u00e9s\" \/>\n<meta property=\"og:description\" content=\"Le Minist\u00e8re du Commerce et du D\u00e9veloppement des Exportations a annonc\u00e9, jeudi 16 mars 2023, qu&#039;il a fix\u00e9 des prix de vente et les marges b\u00e9n\u00e9ficiaires maximale...\" \/>\n<meta property=\"og:url\" content=\"https:\/\/www.webdo.tn\/fr\/actualite\/national\/tunisie-ramadan-les-prix-de-ces-produits-agricoles-fixes\/203995\/\" \/>\n<meta property=\"og:site_name\" content=\"webdo\" \/>\n<meta property=\"article:publisher\" content=\"https:\/\/www.facebook.com\/webdotn\" \/>\n<meta property=\"article:published_time\" content=\"2023-03-16T19:12:00+00:00\" \/>\n<meta property=\"article:modified_time\" content=\"2025-05-20T22:49:30+00:00\" \/>\n<meta property=\"og:image\" content=\"https:\/\/www.webdo.tn\/fr\/wp-content\/uploads\/2023\/03\/9e6524c90321b9efff9e5131661e5eaa.jpg\" \/>\n\t<meta property=\"og:image:width\" content=\"579\" \/>\n\t<meta property=\"og:image:height\" content=\"309\" \/>\n\t<meta property=\"og:image:type\" content=\"image\/jpeg\" \/>\n<meta name=\"author\" content=\"CL\" \/>\n<meta name=\"twitter:card\" content=\"summary_large_image\" \/>\n<meta name=\"twitter:creator\" content=\"@webdo_tn\" \/>\n<meta name=\"twitter:site\" content=\"@webdo_tn\" \/>\n<meta name=\"twitter:label1\" content=\"\u00c9crit par\" \/>\n\t<meta name=\"twitter:data1\" content=\"CL\" \/>\n\t<meta name=\"twitter:label2\" content=\"Dur\u00e9e de lecture estim\u00e9e\" \/>\n\t<meta name=\"twitter:data2\" content=\"1 minute\" \/>\n<script type=\"application\/ld+json\" class=\"yoast-schema-graph\">{\"@context\":\"https:\\\/\\\/schema.org\",\"@graph\":[{\"@type\":\"NewsArticle\",\"@id\":\"https:\\\/\\\/www.webdo.tn\\\/fr\\\/actualite\\\/national\\\/tunisie-ramadan-les-prix-de-ces-produits-agricoles-fixes\\\/203995\\\/#article\",\"isPartOf\":{\"@id\":\"https:\\\/\\\/www.webdo.tn\\\/fr\\\/actualite\\\/national\\\/tunisie-ramadan-les-prix-de-ces-produits-agricoles-fixes\\\/203995\\\/\"},\"author\":{\"name\":\"CL\",\"@id\":\"https:\\\/\\\/www.webdo.tn\\\/fr\\\/#\\\/schema\\\/person\\\/f35b42a42c5e2511bbd282959d6385cc\"},\"headline\":\"Tunisie \u2013 Ramadan : Les prix de ces produits agricoles fix\u00e9s\",\"datePublished\":\"2023-03-16T19:12:00+00:00\",\"dateModified\":\"2025-05-20T22:49:30+00:00\",\"mainEntityOfPage\":{\"@id\":\"https:\\\/\\\/www.webdo.tn\\\/fr\\\/actualite\\\/national\\\/tunisie-ramadan-les-prix-de-ces-produits-agricoles-fixes\\\/203995\\\/\"},\"wordCount\":210,\"commentCount\":0,\"publisher\":{\"@id\":\"https:\\\/\\\/www.webdo.tn\\\/fr\\\/#organization\"},\"image\":{\"@id\":\"https:\\\/\\\/www.webdo.tn\\\/fr\\\/actualite\\\/national\\\/tunisie-ramadan-les-prix-de-ces-produits-agricoles-fixes\\\/203995\\\/#primaryimage\"},\"thumbnailUrl\":\"https:\\\/\\\/www.webdo.tn\\\/fr\\\/wp-content\\\/uploads\\\/2023\\\/03\\\/9e6524c90321b9efff9e5131661e5eaa.jpg\",\"keywords\":[\"prix\",\"Produits agricoles\",\"Tunisie\"],\"articleSection\":[\"National\"],\"inLanguage\":\"fr-FR\"},{\"@type\":\"WebPage\",\"@id\":\"https:\\\/\\\/www.webdo.tn\\\/fr\\\/actualite\\\/national\\\/tunisie-ramadan-les-prix-de-ces-produits-agricoles-fixes\\\/203995\\\/\",\"url\":\"https:\\\/\\\/www.webdo.tn\\\/fr\\\/actualite\\\/national\\\/tunisie-ramadan-les-prix-de-ces-produits-agricoles-fixes\\\/203995\\\/\",\"name\":\"Tunisie \u2013 Ramadan : Les prix de ces produits agricoles fix\u00e9s\",\"isPartOf\":{\"@id\":\"https:\\\/\\\/www.webdo.tn\\\/fr\\\/#website\"},\"primaryImageOfPage\":{\"@id\":\"https:\\\/\\\/www.webdo.tn\\\/fr\\\/actualite\\\/national\\\/tunisie-ramadan-les-prix-de-ces-produits-agricoles-fixes\\\/203995\\\/#primaryimage\"},\"image\":{\"@id\":\"https:\\\/\\\/www.webdo.tn\\\/fr\\\/actualite\\\/national\\\/tunisie-ramadan-les-prix-de-ces-produits-agricoles-fixes\\\/203995\\\/#primaryimage\"},\"thumbnailUrl\":\"https:\\\/\\\/www.webdo.tn\\\/fr\\\/wp-content\\\/uploads\\\/2023\\\/03\\\/9e6524c90321b9efff9e5131661e5eaa.jpg\",\"datePublished\":\"2023-03-16T19:12:00+00:00\",\"dateModified\":\"2025-05-20T22:49:30+00:00\",\"description\":\"Le Minist\u00e8re du Commerce et du D\u00e9veloppement des Exportations a annonc\u00e9, jeudi 16 mars 2023, qu'il a fix\u00e9 des prix de vente et les marges b\u00e9n\u00e9ficiaires maximale...\",\"breadcrumb\":{\"@id\":\"https:\\\/\\\/www.webdo.tn\\\/fr\\\/actualite\\\/national\\\/tunisie-ramadan-les-prix-de-ces-produits-agricoles-fixes\\\/203995\\\/#breadcrumb\"},\"inLanguage\":\"fr-FR\",\"potentialAction\":[{\"@type\":\"ReadAction\",\"target\":[\"https:\\\/\\\/www.webdo.tn\\\/fr\\\/actualite\\\/national\\\/tunisie-ramadan-les-prix-de-ces-produits-agricoles-fixes\\\/203995\\\/\"]}]},{\"@type\":\"ImageObject\",\"inLanguage\":\"fr-FR\",\"@id\":\"https:\\\/\\\/www.webdo.tn\\\/fr\\\/actualite\\\/national\\\/tunisie-ramadan-les-prix-de-ces-produits-agricoles-fixes\\\/203995\\\/#primaryimage\",\"url\":\"https:\\\/\\\/www.webdo.tn\\\/fr\\\/wp-content\\\/uploads\\\/2023\\\/03\\\/9e6524c90321b9efff9e5131661e5eaa.jpg\",\"contentUrl\":\"https:\\\/\\\/www.webdo.tn\\\/fr\\\/wp-content\\\/uploads\\\/2023\\\/03\\\/9e6524c90321b9efff9e5131661e5eaa.jpg\",\"width\":579,\"height\":309,\"caption\":\"Oeufs Poulet\"},{\"@type\":\"BreadcrumbList\",\"@id\":\"https:\\\/\\\/www.webdo.tn\\\/fr\\\/actualite\\\/national\\\/tunisie-ramadan-les-prix-de-ces-produits-agricoles-fixes\\\/203995\\\/#breadcrumb\",\"itemListElement\":[{\"@type\":\"ListItem\",\"position\":1,\"name\":\"Accueil\",\"item\":\"https:\\\/\\\/www.webdo.tn\\\/fr\\\/\"},{\"@type\":\"ListItem\",\"position\":2,\"name\":\"Tunisie \u2013 Ramadan : Les prix de ces produits agricoles fix\u00e9s\"}]},{\"@type\":\"WebSite\",\"@id\":\"https:\\\/\\\/www.webdo.tn\\\/fr\\\/#website\",\"url\":\"https:\\\/\\\/www.webdo.tn\\\/fr\\\/\",\"name\":\"webdo\",\"description\":\"Tunisie - News en Tunisie et \u00e0 l&#039;international sur Webdo.tn\",\"publisher\":{\"@id\":\"https:\\\/\\\/www.webdo.tn\\\/fr\\\/#organization\"},\"potentialAction\":[{\"@type\":\"SearchAction\",\"target\":{\"@type\":\"EntryPoint\",\"urlTemplate\":\"https:\\\/\\\/www.webdo.tn\\\/fr\\\/?s={search_term_string}\"},\"query-input\":{\"@type\":\"PropertyValueSpecification\",\"valueRequired\":true,\"valueName\":\"search_term_string\"}}],\"inLanguage\":\"fr-FR\"},{\"@type\":\"Organization\",\"@id\":\"https:\\\/\\\/www.webdo.tn\\\/fr\\\/#organization\",\"name\":\"Webdo\",\"alternateName\":\"Webdo.tn\",\"url\":\"https:\\\/\\\/www.webdo.tn\\\/fr\\\/\",\"logo\":{\"@type\":\"ImageObject\",\"inLanguage\":\"fr-FR\",\"@id\":\"https:\\\/\\\/www.webdo.tn\\\/fr\\\/#\\\/schema\\\/logo\\\/image\\\/\",\"url\":\"https:\\\/\\\/www.webdo.tn\\\/fr\\\/wp-content\\\/uploads\\\/2025\\\/06\\\/Webdo-Tunisie_168377.jpg\",\"contentUrl\":\"https:\\\/\\\/www.webdo.tn\\\/fr\\\/wp-content\\\/uploads\\\/2025\\\/06\\\/Webdo-Tunisie_168377.jpg\",\"width\":301,\"height\":301,\"caption\":\"Webdo\"},\"image\":{\"@id\":\"https:\\\/\\\/www.webdo.tn\\\/fr\\\/#\\\/schema\\\/logo\\\/image\\\/\"},\"sameAs\":[\"https:\\\/\\\/www.facebook.com\\\/webdotn\",\"https:\\\/\\\/x.com\\\/webdo_tn\"],\"description\":\"Webdo est un m\u00e9dia num\u00e9rique tunisien fond\u00e9 en 2010, sp\u00e9cialis\u00e9 dans l\u2019actualit\u00e9 nationale et internationale, l\u2019\u00e9conomie, la soci\u00e9t\u00e9 et les analyses politiques. Le site s\u2019adresse \u00e0 un large public francophone et couvre l\u2019information tunisienne en temps r\u00e9el.\",\"email\":\"redac@webdo.tn\",\"legalName\":\"YNJ SARL\",\"foundingDate\":\"2010-09-06\",\"numberOfEmployees\":{\"@type\":\"QuantitativeValue\",\"minValue\":\"11\",\"maxValue\":\"50\"}},{\"@type\":\"Person\",\"@id\":\"https:\\\/\\\/www.webdo.tn\\\/fr\\\/#\\\/schema\\\/person\\\/f35b42a42c5e2511bbd282959d6385cc\",\"name\":\"CL\",\"image\":{\"@type\":\"ImageObject\",\"inLanguage\":\"fr-FR\",\"@id\":\"https:\\\/\\\/secure.gravatar.com\\\/avatar\\\/1447a49909b67aa657c488aec6512e1dd6143a480c1ecfee9b5b5cd74eb3b59e?s=96&d=mm&r=g\",\"url\":\"https:\\\/\\\/secure.gravatar.com\\\/avatar\\\/1447a49909b67aa657c488aec6512e1dd6143a480c1ecfee9b5b5cd74eb3b59e?s=96&d=mm&r=g\",\"contentUrl\":\"https:\\\/\\\/secure.gravatar.com\\\/avatar\\\/1447a49909b67aa657c488aec6512e1dd6143a480c1ecfee9b5b5cd74eb3b59e?s=96&d=mm&r=g\",\"caption\":\"CL\"},\"url\":\"https:\\\/\\\/www.webdo.tn\\\/fr\\\/actualite\\\/author\\\/cl\\\/\"}]}<\/script>\n<!-- \/ Yoast SEO Premium plugin. -->","yoast_head_json":{"title":"Tunisie \u2013 Ramadan : Les prix de ces produits agricoles fix\u00e9s","description":"Le Minist\u00e8re du Commerce et du D\u00e9veloppement des Exportations a annonc\u00e9, jeudi 16 mars 2023, qu'il a fix\u00e9 des prix de vente et les marges b\u00e9n\u00e9ficiaires maximale...","canonical":"https:\/\/www.webdo.tn\/fr\/actualite\/national\/tunisie-ramadan-les-prix-de-ces-produits-agricoles-fixes\/203995\/","og_locale":"fr_FR","og_type":"article","og_title":"Tunisie \u2013 Ramadan : Les prix de ces produits agricoles fix\u00e9s","og_description":"Le Minist\u00e8re du Commerce et du D\u00e9veloppement des Exportations a annonc\u00e9, jeudi 16 mars 2023, qu'il a fix\u00e9 des prix de vente et les marges b\u00e9n\u00e9ficiaires maximale...","og_url":"https:\/\/www.webdo.tn\/fr\/actualite\/national\/tunisie-ramadan-les-prix-de-ces-produits-agricoles-fixes\/203995\/","og_site_name":"webdo","article_publisher":"https:\/\/www.facebook.com\/webdotn","article_published_time":"2023-03-16T19:12:00+00:00","article_modified_time":"2025-05-20T22:49:30+00:00","og_image":[{"width":579,"height":309,"url":"https:\/\/www.webdo.tn\/fr\/wp-content\/uploads\/2023\/03\/9e6524c90321b9efff9e5131661e5eaa.jpg","type":"image\/jpeg"}],"author":"CL","twitter_card":"summary_large_image","twitter_creator":"@webdo_tn","twitter_site":"@webdo_tn","twitter_misc":{"\u00c9crit par":"CL","Dur\u00e9e de lecture estim\u00e9e":"1 minute"},"schema":{"@context":"https:\/\/schema.org","@graph":[{"@type":"NewsArticle","@id":"https:\/\/www.webdo.tn\/fr\/actualite\/national\/tunisie-ramadan-les-prix-de-ces-produits-agricoles-fixes\/203995\/#article","isPartOf":{"@id":"https:\/\/www.webdo.tn\/fr\/actualite\/national\/tunisie-ramadan-les-prix-de-ces-produits-agricoles-fixes\/203995\/"},"author":{"name":"CL","@id":"https:\/\/www.webdo.tn\/fr\/#\/schema\/person\/f35b42a42c5e2511bbd282959d6385cc"},"headline":"Tunisie \u2013 Ramadan : Les prix de ces produits agricoles fix\u00e9s","datePublished":"2023-03-16T19:12:00+00:00","dateModified":"2025-05-20T22:49:30+00:00","mainEntityOfPage":{"@id":"https:\/\/www.webdo.tn\/fr\/actualite\/national\/tunisie-ramadan-les-prix-de-ces-produits-agricoles-fixes\/203995\/"},"wordCount":210,"commentCount":0,"publisher":{"@id":"https:\/\/www.webdo.tn\/fr\/#organization"},"image":{"@id":"https:\/\/www.webdo.tn\/fr\/actualite\/national\/tunisie-ramadan-les-prix-de-ces-produits-agricoles-fixes\/203995\/#primaryimage"},"thumbnailUrl":"https:\/\/www.webdo.tn\/fr\/wp-content\/uploads\/2023\/03\/9e6524c90321b9efff9e5131661e5eaa.jpg","keywords":["prix","Produits agricoles","Tunisie"],"articleSection":["National"],"inLanguage":"fr-FR"},{"@type":"WebPage","@id":"https:\/\/www.webdo.tn\/fr\/actualite\/national\/tunisie-ramadan-les-prix-de-ces-produits-agricoles-fixes\/203995\/","url":"https:\/\/www.webdo.tn\/fr\/actualite\/national\/tunisie-ramadan-les-prix-de-ces-produits-agricoles-fixes\/203995\/","name":"Tunisie \u2013 Ramadan : Les prix de ces produits agricoles fix\u00e9s","isPartOf":{"@id":"https:\/\/www.webdo.tn\/fr\/#website"},"primaryImageOfPage":{"@id":"https:\/\/www.webdo.tn\/fr\/actualite\/national\/tunisie-ramadan-les-prix-de-ces-produits-agricoles-fixes\/203995\/#primaryimage"},"image":{"@id":"https:\/\/www.webdo.tn\/fr\/actualite\/national\/tunisie-ramadan-les-prix-de-ces-produits-agricoles-fixes\/203995\/#primaryimage"},"thumbnailUrl":"https:\/\/www.webdo.tn\/fr\/wp-content\/uploads\/2023\/03\/9e6524c90321b9efff9e5131661e5eaa.jpg","datePublished":"2023-03-16T19:12:00+00:00","dateModified":"2025-05-20T22:49:30+00:00","description":"Le Minist\u00e8re du Commerce et du D\u00e9veloppement des Exportations a annonc\u00e9, jeudi 16 mars 2023, qu'il a fix\u00e9 des prix de vente et les marges b\u00e9n\u00e9ficiaires maximale...","breadcrumb":{"@id":"https:\/\/www.webdo.tn\/fr\/actualite\/national\/tunisie-ramadan-les-prix-de-ces-produits-agricoles-fixes\/203995\/#breadcrumb"},"inLanguage":"fr-FR","potentialAction":[{"@type":"ReadAction","target":["https:\/\/www.webdo.tn\/fr\/actualite\/national\/tunisie-ramadan-les-prix-de-ces-produits-agricoles-fixes\/203995\/"]}]},{"@type":"ImageObject","inLanguage":"fr-FR","@id":"https:\/\/www.webdo.tn\/fr\/actualite\/national\/tunisie-ramadan-les-prix-de-ces-produits-agricoles-fixes\/203995\/#primaryimage","url":"https:\/\/www.webdo.tn\/fr\/wp-content\/uploads\/2023\/03\/9e6524c90321b9efff9e5131661e5eaa.jpg","contentUrl":"https:\/\/www.webdo.tn\/fr\/wp-content\/uploads\/2023\/03\/9e6524c90321b9efff9e5131661e5eaa.jpg","width":579,"height":309,"caption":"Oeufs Poulet"},{"@type":"BreadcrumbList","@id":"https:\/\/www.webdo.tn\/fr\/actualite\/national\/tunisie-ramadan-les-prix-de-ces-produits-agricoles-fixes\/203995\/#breadcrumb","itemListElement":[{"@type":"ListItem","position":1,"name":"Accueil","item":"https:\/\/www.webdo.tn\/fr\/"},{"@type":"ListItem","position":2,"name":"Tunisie \u2013 Ramadan : Les prix de ces produits agricoles fix\u00e9s"}]},{"@type":"WebSite","@id":"https:\/\/www.webdo.tn\/fr\/#website","url":"https:\/\/www.webdo.tn\/fr\/","name":"webdo","description":"Tunisie - News en Tunisie et \u00e0 l&#039;international sur Webdo.tn","publisher":{"@id":"https:\/\/www.webdo.tn\/fr\/#organization"},"potentialAction":[{"@type":"SearchAction","target":{"@type":"EntryPoint","urlTemplate":"https:\/\/www.webdo.tn\/fr\/?s={search_term_string}"},"query-input":{"@type":"PropertyValueSpecification","valueRequired":true,"valueName":"search_term_string"}}],"inLanguage":"fr-FR"},{"@type":"Organization","@id":"https:\/\/www.webdo.tn\/fr\/#organization","name":"Webdo","alternateName":"Webdo.tn","url":"https:\/\/www.webdo.tn\/fr\/","logo":{"@type":"ImageObject","inLanguage":"fr-FR","@id":"https:\/\/www.webdo.tn\/fr\/#\/schema\/logo\/image\/","url":"https:\/\/www.webdo.tn\/fr\/wp-content\/uploads\/2025\/06\/Webdo-Tunisie_168377.jpg","contentUrl":"https:\/\/www.webdo.tn\/fr\/wp-content\/uploads\/2025\/06\/Webdo-Tunisie_168377.jpg","width":301,"height":301,"caption":"Webdo"},"image":{"@id":"https:\/\/www.webdo.tn\/fr\/#\/schema\/logo\/image\/"},"sameAs":["https:\/\/www.facebook.com\/webdotn","https:\/\/x.com\/webdo_tn"],"description":"Webdo est un m\u00e9dia num\u00e9rique tunisien fond\u00e9 en 2010, sp\u00e9cialis\u00e9 dans l\u2019actualit\u00e9 nationale et internationale, l\u2019\u00e9conomie, la soci\u00e9t\u00e9 et les analyses politiques. Le site s\u2019adresse \u00e0 un large public francophone et couvre l\u2019information tunisienne en temps r\u00e9el.","email":"redac@webdo.tn","legalName":"YNJ SARL","foundingDate":"2010-09-06","numberOfEmployees":{"@type":"QuantitativeValue","minValue":"11","maxValue":"50"}},{"@type":"Person","@id":"https:\/\/www.webdo.tn\/fr\/#\/schema\/person\/f35b42a42c5e2511bbd282959d6385cc","name":"CL","image":{"@type":"ImageObject","inLanguage":"fr-FR","@id":"https:\/\/secure.gravatar.com\/avatar\/1447a49909b67aa657c488aec6512e1dd6143a480c1ecfee9b5b5cd74eb3b59e?s=96&d=mm&r=g","url":"https:\/\/secure.gravatar.com\/avatar\/1447a49909b67aa657c488aec6512e1dd6143a480c1ecfee9b5b5cd74eb3b59e?s=96&d=mm&r=g","contentUrl":"https:\/\/secure.gravatar.com\/avatar\/1447a49909b67aa657c488aec6512e1dd6143a480c1ecfee9b5b5cd74eb3b59e?s=96&d=mm&r=g","caption":"CL"},"url":"https:\/\/www.webdo.tn\/fr\/actualite\/author\/cl\/"}]}},"_links":{"self":[{"href":"https:\/\/www.webdo.tn\/fr\/wp-json\/wp\/v2\/posts\/203995","targetHints":{"allow":["GET"]}}],"collection":[{"href":"https:\/\/www.webdo.tn\/fr\/wp-json\/wp\/v2\/posts"}],"about":[{"href":"https:\/\/www.webdo.tn\/fr\/wp-json\/wp\/v2\/types\/post"}],"author":[{"embeddable":true,"href":"https:\/\/www.webdo.tn\/fr\/wp-json\/wp\/v2\/users\/3175"}],"replies":[{"embeddable":true,"href":"https:\/\/www.webdo.tn\/fr\/wp-json\/wp\/v2\/comments?post=203995"}],"version-history":[{"count":0,"href":"https:\/\/www.webdo.tn\/fr\/wp-json\/wp\/v2\/posts\/203995\/revisions"}],"wp:featuredmedia":[{"embeddable":true,"href":"https:\/\/www.webdo.tn\/fr\/wp-json\/wp\/v2\/media\/277921"}],"wp:attachment":[{"href":"https:\/\/www.webdo.tn\/fr\/wp-json\/wp\/v2\/media?parent=203995"}],"wp:term":[{"taxonomy":"category","embeddable":true,"href":"https:\/\/www.webdo.tn\/fr\/wp-json\/wp\/v2\/categories?post=203995"},{"taxonomy":"post_tag","embeddable":true,"href":"https:\/\/www.webdo.tn\/fr\/wp-json\/wp\/v2\/tags?post=203995"}],"curies":[{"name":"wp","href":"https:\/\/api.w.org\/{rel}","templated":true}]}}