{"id":203994,"date":"2023-03-16T18:49:00","date_gmt":"2023-03-16T18:49:00","guid":{"rendered":"https:\/\/www.webdo.tn\/fr\/blog\/algerie-ramatane-lamamra-quitte-les-affaires-etrangeres\/203994\/"},"modified":"2025-05-20T22:49:29","modified_gmt":"2025-05-20T22:49:29","slug":"algerie-ramatane-lamamra-quitte-les-affaires-etrangeres","status":"publish","type":"post","link":"https:\/\/www.webdo.tn\/fr\/actualite\/international\/algerie-ramatane-lamamra-quitte-les-affaires-etrangeres\/203994\/","title":{"rendered":"Alg\u00e9rie : Ramatane Lamamra quitte les Affaires \u00e9trang\u00e8res"},"content":{"rendered":"<p>Le pr\u00e9sident alg\u00e9rien a proc\u00e9d\u00e9, ce jeudi 16 mars, \u00e0 un remaniement minist\u00e9riel. Le tr\u00e8s connu Ramatane Lamamra, a quitt\u00e9 le minist\u00e8re des Affaires \u00e9trang\u00e8res.<\/p>\n<p>\t\t\t\t\t\t\t\t\tLe Kabyle a \u00e9t\u00e9 remplac\u00e9 par le revenant Ahmed Attaf. Celui-ci avait dirig\u00e9 la diplomatie alg\u00e9rienne de 1996 \u00e0 1999, sous le mandat de l\u2019ancien pr\u00e9sident, le g\u00e9n\u00e9ral Liamine Z\u00e9roual (20 janvier 1994-27 avril 1999).\u00a0<\/p>\n<p>Lamamra, en poste depuis juin 2021 apr\u00e8s un premier passage \u00e0 la t\u00eate de la diplomatie alg\u00e9rienne entre 2013 et 2017, a \u00e9t\u00e9, en effet, remplac\u00e9 par Ahmed Attaf, qui retrouve un minist\u00e8re qu\u2019il avait dirig\u00e9 entre 1996 et 1999, selon la pr\u00e9sidence de la R\u00e9publique.<\/p>\n","protected":false},"excerpt":{"rendered":"<p>Le pr\u00e9sident alg\u00e9rien a proc\u00e9d\u00e9, ce jeudi 16 mars, \u00e0 un remaniement minist\u00e9riel. Le tr\u00e8s connu Ramatane Lamamra, a quitt\u00e9 le minist\u00e8re des Affaires \u00e9trang\u00e8res.<\/p>\n","protected":false},"author":3175,"featured_media":277918,"comment_status":"open","ping_status":"closed","sticky":false,"template":"","format":"standard","meta":{"footnotes":""},"categories":[2598],"tags":[2907,2990,3887],"class_list":["post-203994","post","type-post","status-publish","format-standard","has-post-thumbnail","hentry","category-international","tag-algerie","tag-diplomatie","tag-ministre"],"yoast_head":"<!-- This site is optimized with the Yoast SEO Premium plugin v27.4 (Yoast SEO v27.5) - https:\/\/yoast.com\/product\/yoast-seo-premium-wordpress\/ -->\n<title>Alg\u00e9rie : Ramatane Lamamra quitte les Affaires \u00e9trang\u00e8res<\/title>\n<meta name=\"description\" content=\"Le pr\u00e9sident alg\u00e9rien a proc\u00e9d\u00e9, ce jeudi 16 mars, \u00e0 un remaniement minist\u00e9riel. Le tr\u00e8s connu Ramatane Lamamra, a quitt\u00e9 le minist\u00e8re des Affaires \u00e9trang\u00e8res.\" \/>\n<link rel=\"canonical\" href=\"https:\/\/www.webdo.tn\/fr\/actualite\/international\/algerie-ramatane-lamamra-quitte-les-affaires-etrangeres\/203994\/\" \/>\n<meta property=\"og:locale\" content=\"fr_FR\" \/>\n<meta property=\"og:type\" content=\"article\" \/>\n<meta property=\"og:title\" content=\"Alg\u00e9rie : Ramatane Lamamra quitte les Affaires \u00e9trang\u00e8res\" \/>\n<meta property=\"og:description\" content=\"Le pr\u00e9sident alg\u00e9rien a proc\u00e9d\u00e9, ce jeudi 16 mars, \u00e0 un remaniement minist\u00e9riel. Le tr\u00e8s connu Ramatane Lamamra, a quitt\u00e9 le minist\u00e8re des Affaires \u00e9trang\u00e8res.\" \/>\n<meta property=\"og:url\" content=\"https:\/\/www.webdo.tn\/fr\/actualite\/international\/algerie-ramatane-lamamra-quitte-les-affaires-etrangeres\/203994\/\" \/>\n<meta property=\"og:site_name\" content=\"webdo\" \/>\n<meta property=\"article:publisher\" content=\"https:\/\/www.facebook.com\/webdotn\" \/>\n<meta property=\"article:published_time\" content=\"2023-03-16T18:49:00+00:00\" \/>\n<meta property=\"article:modified_time\" content=\"2025-05-20T22:49:29+00:00\" \/>\n<meta property=\"og:image\" content=\"https:\/\/www.webdo.tn\/fr\/wp-content\/uploads\/2023\/03\/fc8b2c93d8dd1875651d3f0429e04f60.jpg\" \/>\n\t<meta property=\"og:image:width\" content=\"650\" \/>\n\t<meta property=\"og:image:height\" content=\"347\" \/>\n\t<meta property=\"og:image:type\" content=\"image\/jpeg\" \/>\n<meta name=\"author\" content=\"CL\" \/>\n<meta name=\"twitter:card\" content=\"summary_large_image\" \/>\n<meta name=\"twitter:creator\" content=\"@webdo_tn\" \/>\n<meta name=\"twitter:site\" content=\"@webdo_tn\" \/>\n<meta name=\"twitter:label1\" content=\"\u00c9crit par\" \/>\n\t<meta name=\"twitter:data1\" content=\"CL\" \/>\n\t<meta name=\"twitter:label2\" content=\"Dur\u00e9e de lecture estim\u00e9e\" \/>\n\t<meta name=\"twitter:data2\" content=\"1 minute\" \/>\n<script type=\"application\/ld+json\" class=\"yoast-schema-graph\">{\"@context\":\"https:\\\/\\\/schema.org\",\"@graph\":[{\"@type\":\"NewsArticle\",\"@id\":\"https:\\\/\\\/www.webdo.tn\\\/fr\\\/actualite\\\/international\\\/algerie-ramatane-lamamra-quitte-les-affaires-etrangeres\\\/203994\\\/#article\",\"isPartOf\":{\"@id\":\"https:\\\/\\\/www.webdo.tn\\\/fr\\\/actualite\\\/international\\\/algerie-ramatane-lamamra-quitte-les-affaires-etrangeres\\\/203994\\\/\"},\"author\":{\"name\":\"CL\",\"@id\":\"https:\\\/\\\/www.webdo.tn\\\/fr\\\/#\\\/schema\\\/person\\\/f35b42a42c5e2511bbd282959d6385cc\"},\"headline\":\"Alg\u00e9rie : Ramatane Lamamra quitte les Affaires \u00e9trang\u00e8res\",\"datePublished\":\"2023-03-16T18:49:00+00:00\",\"dateModified\":\"2025-05-20T22:49:29+00:00\",\"mainEntityOfPage\":{\"@id\":\"https:\\\/\\\/www.webdo.tn\\\/fr\\\/actualite\\\/international\\\/algerie-ramatane-lamamra-quitte-les-affaires-etrangeres\\\/203994\\\/\"},\"wordCount\":122,\"commentCount\":0,\"publisher\":{\"@id\":\"https:\\\/\\\/www.webdo.tn\\\/fr\\\/#organization\"},\"image\":{\"@id\":\"https:\\\/\\\/www.webdo.tn\\\/fr\\\/actualite\\\/international\\\/algerie-ramatane-lamamra-quitte-les-affaires-etrangeres\\\/203994\\\/#primaryimage\"},\"thumbnailUrl\":\"https:\\\/\\\/www.webdo.tn\\\/fr\\\/wp-content\\\/uploads\\\/2023\\\/03\\\/fc8b2c93d8dd1875651d3f0429e04f60.jpg\",\"keywords\":[\"Alg\u00e9rie\",\"Diplomatie\",\"ministre\"],\"articleSection\":[\"International\"],\"inLanguage\":\"fr-FR\"},{\"@type\":\"WebPage\",\"@id\":\"https:\\\/\\\/www.webdo.tn\\\/fr\\\/actualite\\\/international\\\/algerie-ramatane-lamamra-quitte-les-affaires-etrangeres\\\/203994\\\/\",\"url\":\"https:\\\/\\\/www.webdo.tn\\\/fr\\\/actualite\\\/international\\\/algerie-ramatane-lamamra-quitte-les-affaires-etrangeres\\\/203994\\\/\",\"name\":\"Alg\u00e9rie : Ramatane Lamamra quitte les Affaires \u00e9trang\u00e8res\",\"isPartOf\":{\"@id\":\"https:\\\/\\\/www.webdo.tn\\\/fr\\\/#website\"},\"primaryImageOfPage\":{\"@id\":\"https:\\\/\\\/www.webdo.tn\\\/fr\\\/actualite\\\/international\\\/algerie-ramatane-lamamra-quitte-les-affaires-etrangeres\\\/203994\\\/#primaryimage\"},\"image\":{\"@id\":\"https:\\\/\\\/www.webdo.tn\\\/fr\\\/actualite\\\/international\\\/algerie-ramatane-lamamra-quitte-les-affaires-etrangeres\\\/203994\\\/#primaryimage\"},\"thumbnailUrl\":\"https:\\\/\\\/www.webdo.tn\\\/fr\\\/wp-content\\\/uploads\\\/2023\\\/03\\\/fc8b2c93d8dd1875651d3f0429e04f60.jpg\",\"datePublished\":\"2023-03-16T18:49:00+00:00\",\"dateModified\":\"2025-05-20T22:49:29+00:00\",\"description\":\"Le pr\u00e9sident alg\u00e9rien a proc\u00e9d\u00e9, ce jeudi 16 mars, \u00e0 un remaniement minist\u00e9riel. Le tr\u00e8s connu Ramatane Lamamra, a quitt\u00e9 le minist\u00e8re des Affaires \u00e9trang\u00e8res.\",\"breadcrumb\":{\"@id\":\"https:\\\/\\\/www.webdo.tn\\\/fr\\\/actualite\\\/international\\\/algerie-ramatane-lamamra-quitte-les-affaires-etrangeres\\\/203994\\\/#breadcrumb\"},\"inLanguage\":\"fr-FR\",\"potentialAction\":[{\"@type\":\"ReadAction\",\"target\":[\"https:\\\/\\\/www.webdo.tn\\\/fr\\\/actualite\\\/international\\\/algerie-ramatane-lamamra-quitte-les-affaires-etrangeres\\\/203994\\\/\"]}]},{\"@type\":\"ImageObject\",\"inLanguage\":\"fr-FR\",\"@id\":\"https:\\\/\\\/www.webdo.tn\\\/fr\\\/actualite\\\/international\\\/algerie-ramatane-lamamra-quitte-les-affaires-etrangeres\\\/203994\\\/#primaryimage\",\"url\":\"https:\\\/\\\/www.webdo.tn\\\/fr\\\/wp-content\\\/uploads\\\/2023\\\/03\\\/fc8b2c93d8dd1875651d3f0429e04f60.jpg\",\"contentUrl\":\"https:\\\/\\\/www.webdo.tn\\\/fr\\\/wp-content\\\/uploads\\\/2023\\\/03\\\/fc8b2c93d8dd1875651d3f0429e04f60.jpg\",\"width\":650,\"height\":347,\"caption\":\"Ramatane Lamamra\"},{\"@type\":\"BreadcrumbList\",\"@id\":\"https:\\\/\\\/www.webdo.tn\\\/fr\\\/actualite\\\/international\\\/algerie-ramatane-lamamra-quitte-les-affaires-etrangeres\\\/203994\\\/#breadcrumb\",\"itemListElement\":[{\"@type\":\"ListItem\",\"position\":1,\"name\":\"Accueil\",\"item\":\"https:\\\/\\\/www.webdo.tn\\\/fr\\\/\"},{\"@type\":\"ListItem\",\"position\":2,\"name\":\"Alg\u00e9rie : Ramatane Lamamra quitte les Affaires \u00e9trang\u00e8res\"}]},{\"@type\":\"WebSite\",\"@id\":\"https:\\\/\\\/www.webdo.tn\\\/fr\\\/#website\",\"url\":\"https:\\\/\\\/www.webdo.tn\\\/fr\\\/\",\"name\":\"webdo\",\"description\":\"Tunisie - News en Tunisie et \u00e0 l&#039;international sur Webdo.tn\",\"publisher\":{\"@id\":\"https:\\\/\\\/www.webdo.tn\\\/fr\\\/#organization\"},\"potentialAction\":[{\"@type\":\"SearchAction\",\"target\":{\"@type\":\"EntryPoint\",\"urlTemplate\":\"https:\\\/\\\/www.webdo.tn\\\/fr\\\/?s={search_term_string}\"},\"query-input\":{\"@type\":\"PropertyValueSpecification\",\"valueRequired\":true,\"valueName\":\"search_term_string\"}}],\"inLanguage\":\"fr-FR\"},{\"@type\":\"Organization\",\"@id\":\"https:\\\/\\\/www.webdo.tn\\\/fr\\\/#organization\",\"name\":\"Webdo\",\"alternateName\":\"Webdo.tn\",\"url\":\"https:\\\/\\\/www.webdo.tn\\\/fr\\\/\",\"logo\":{\"@type\":\"ImageObject\",\"inLanguage\":\"fr-FR\",\"@id\":\"https:\\\/\\\/www.webdo.tn\\\/fr\\\/#\\\/schema\\\/logo\\\/image\\\/\",\"url\":\"https:\\\/\\\/www.webdo.tn\\\/fr\\\/wp-content\\\/uploads\\\/2025\\\/06\\\/Webdo-Tunisie_168377.jpg\",\"contentUrl\":\"https:\\\/\\\/www.webdo.tn\\\/fr\\\/wp-content\\\/uploads\\\/2025\\\/06\\\/Webdo-Tunisie_168377.jpg\",\"width\":301,\"height\":301,\"caption\":\"Webdo\"},\"image\":{\"@id\":\"https:\\\/\\\/www.webdo.tn\\\/fr\\\/#\\\/schema\\\/logo\\\/image\\\/\"},\"sameAs\":[\"https:\\\/\\\/www.facebook.com\\\/webdotn\",\"https:\\\/\\\/x.com\\\/webdo_tn\"],\"description\":\"Webdo est un m\u00e9dia num\u00e9rique tunisien fond\u00e9 en 2010, sp\u00e9cialis\u00e9 dans l\u2019actualit\u00e9 nationale et internationale, l\u2019\u00e9conomie, la soci\u00e9t\u00e9 et les analyses politiques. Le site s\u2019adresse \u00e0 un large public francophone et couvre l\u2019information tunisienne en temps r\u00e9el.\",\"email\":\"redac@webdo.tn\",\"legalName\":\"YNJ SARL\",\"foundingDate\":\"2010-09-06\",\"numberOfEmployees\":{\"@type\":\"QuantitativeValue\",\"minValue\":\"11\",\"maxValue\":\"50\"}},{\"@type\":\"Person\",\"@id\":\"https:\\\/\\\/www.webdo.tn\\\/fr\\\/#\\\/schema\\\/person\\\/f35b42a42c5e2511bbd282959d6385cc\",\"name\":\"CL\",\"image\":{\"@type\":\"ImageObject\",\"inLanguage\":\"fr-FR\",\"@id\":\"https:\\\/\\\/secure.gravatar.com\\\/avatar\\\/1447a49909b67aa657c488aec6512e1dd6143a480c1ecfee9b5b5cd74eb3b59e?s=96&d=mm&r=g\",\"url\":\"https:\\\/\\\/secure.gravatar.com\\\/avatar\\\/1447a49909b67aa657c488aec6512e1dd6143a480c1ecfee9b5b5cd74eb3b59e?s=96&d=mm&r=g\",\"contentUrl\":\"https:\\\/\\\/secure.gravatar.com\\\/avatar\\\/1447a49909b67aa657c488aec6512e1dd6143a480c1ecfee9b5b5cd74eb3b59e?s=96&d=mm&r=g\",\"caption\":\"CL\"},\"url\":\"https:\\\/\\\/www.webdo.tn\\\/fr\\\/actualite\\\/author\\\/cl\\\/\"}]}<\/script>\n<!-- \/ Yoast SEO Premium plugin. -->","yoast_head_json":{"title":"Alg\u00e9rie : Ramatane Lamamra quitte les Affaires \u00e9trang\u00e8res","description":"Le pr\u00e9sident alg\u00e9rien a proc\u00e9d\u00e9, ce jeudi 16 mars, \u00e0 un remaniement minist\u00e9riel. Le tr\u00e8s connu Ramatane Lamamra, a quitt\u00e9 le minist\u00e8re des Affaires \u00e9trang\u00e8res.","canonical":"https:\/\/www.webdo.tn\/fr\/actualite\/international\/algerie-ramatane-lamamra-quitte-les-affaires-etrangeres\/203994\/","og_locale":"fr_FR","og_type":"article","og_title":"Alg\u00e9rie : Ramatane Lamamra quitte les Affaires \u00e9trang\u00e8res","og_description":"Le pr\u00e9sident alg\u00e9rien a proc\u00e9d\u00e9, ce jeudi 16 mars, \u00e0 un remaniement minist\u00e9riel. Le tr\u00e8s connu Ramatane Lamamra, a quitt\u00e9 le minist\u00e8re des Affaires \u00e9trang\u00e8res.","og_url":"https:\/\/www.webdo.tn\/fr\/actualite\/international\/algerie-ramatane-lamamra-quitte-les-affaires-etrangeres\/203994\/","og_site_name":"webdo","article_publisher":"https:\/\/www.facebook.com\/webdotn","article_published_time":"2023-03-16T18:49:00+00:00","article_modified_time":"2025-05-20T22:49:29+00:00","og_image":[{"width":650,"height":347,"url":"https:\/\/www.webdo.tn\/fr\/wp-content\/uploads\/2023\/03\/fc8b2c93d8dd1875651d3f0429e04f60.jpg","type":"image\/jpeg"}],"author":"CL","twitter_card":"summary_large_image","twitter_creator":"@webdo_tn","twitter_site":"@webdo_tn","twitter_misc":{"\u00c9crit par":"CL","Dur\u00e9e de lecture estim\u00e9e":"1 minute"},"schema":{"@context":"https:\/\/schema.org","@graph":[{"@type":"NewsArticle","@id":"https:\/\/www.webdo.tn\/fr\/actualite\/international\/algerie-ramatane-lamamra-quitte-les-affaires-etrangeres\/203994\/#article","isPartOf":{"@id":"https:\/\/www.webdo.tn\/fr\/actualite\/international\/algerie-ramatane-lamamra-quitte-les-affaires-etrangeres\/203994\/"},"author":{"name":"CL","@id":"https:\/\/www.webdo.tn\/fr\/#\/schema\/person\/f35b42a42c5e2511bbd282959d6385cc"},"headline":"Alg\u00e9rie : Ramatane Lamamra quitte les Affaires \u00e9trang\u00e8res","datePublished":"2023-03-16T18:49:00+00:00","dateModified":"2025-05-20T22:49:29+00:00","mainEntityOfPage":{"@id":"https:\/\/www.webdo.tn\/fr\/actualite\/international\/algerie-ramatane-lamamra-quitte-les-affaires-etrangeres\/203994\/"},"wordCount":122,"commentCount":0,"publisher":{"@id":"https:\/\/www.webdo.tn\/fr\/#organization"},"image":{"@id":"https:\/\/www.webdo.tn\/fr\/actualite\/international\/algerie-ramatane-lamamra-quitte-les-affaires-etrangeres\/203994\/#primaryimage"},"thumbnailUrl":"https:\/\/www.webdo.tn\/fr\/wp-content\/uploads\/2023\/03\/fc8b2c93d8dd1875651d3f0429e04f60.jpg","keywords":["Alg\u00e9rie","Diplomatie","ministre"],"articleSection":["International"],"inLanguage":"fr-FR"},{"@type":"WebPage","@id":"https:\/\/www.webdo.tn\/fr\/actualite\/international\/algerie-ramatane-lamamra-quitte-les-affaires-etrangeres\/203994\/","url":"https:\/\/www.webdo.tn\/fr\/actualite\/international\/algerie-ramatane-lamamra-quitte-les-affaires-etrangeres\/203994\/","name":"Alg\u00e9rie : Ramatane Lamamra quitte les Affaires \u00e9trang\u00e8res","isPartOf":{"@id":"https:\/\/www.webdo.tn\/fr\/#website"},"primaryImageOfPage":{"@id":"https:\/\/www.webdo.tn\/fr\/actualite\/international\/algerie-ramatane-lamamra-quitte-les-affaires-etrangeres\/203994\/#primaryimage"},"image":{"@id":"https:\/\/www.webdo.tn\/fr\/actualite\/international\/algerie-ramatane-lamamra-quitte-les-affaires-etrangeres\/203994\/#primaryimage"},"thumbnailUrl":"https:\/\/www.webdo.tn\/fr\/wp-content\/uploads\/2023\/03\/fc8b2c93d8dd1875651d3f0429e04f60.jpg","datePublished":"2023-03-16T18:49:00+00:00","dateModified":"2025-05-20T22:49:29+00:00","description":"Le pr\u00e9sident alg\u00e9rien a proc\u00e9d\u00e9, ce jeudi 16 mars, \u00e0 un remaniement minist\u00e9riel. Le tr\u00e8s connu Ramatane Lamamra, a quitt\u00e9 le minist\u00e8re des Affaires \u00e9trang\u00e8res.","breadcrumb":{"@id":"https:\/\/www.webdo.tn\/fr\/actualite\/international\/algerie-ramatane-lamamra-quitte-les-affaires-etrangeres\/203994\/#breadcrumb"},"inLanguage":"fr-FR","potentialAction":[{"@type":"ReadAction","target":["https:\/\/www.webdo.tn\/fr\/actualite\/international\/algerie-ramatane-lamamra-quitte-les-affaires-etrangeres\/203994\/"]}]},{"@type":"ImageObject","inLanguage":"fr-FR","@id":"https:\/\/www.webdo.tn\/fr\/actualite\/international\/algerie-ramatane-lamamra-quitte-les-affaires-etrangeres\/203994\/#primaryimage","url":"https:\/\/www.webdo.tn\/fr\/wp-content\/uploads\/2023\/03\/fc8b2c93d8dd1875651d3f0429e04f60.jpg","contentUrl":"https:\/\/www.webdo.tn\/fr\/wp-content\/uploads\/2023\/03\/fc8b2c93d8dd1875651d3f0429e04f60.jpg","width":650,"height":347,"caption":"Ramatane Lamamra"},{"@type":"BreadcrumbList","@id":"https:\/\/www.webdo.tn\/fr\/actualite\/international\/algerie-ramatane-lamamra-quitte-les-affaires-etrangeres\/203994\/#breadcrumb","itemListElement":[{"@type":"ListItem","position":1,"name":"Accueil","item":"https:\/\/www.webdo.tn\/fr\/"},{"@type":"ListItem","position":2,"name":"Alg\u00e9rie : Ramatane Lamamra quitte les Affaires \u00e9trang\u00e8res"}]},{"@type":"WebSite","@id":"https:\/\/www.webdo.tn\/fr\/#website","url":"https:\/\/www.webdo.tn\/fr\/","name":"webdo","description":"Tunisie - News en Tunisie et \u00e0 l&#039;international sur Webdo.tn","publisher":{"@id":"https:\/\/www.webdo.tn\/fr\/#organization"},"potentialAction":[{"@type":"SearchAction","target":{"@type":"EntryPoint","urlTemplate":"https:\/\/www.webdo.tn\/fr\/?s={search_term_string}"},"query-input":{"@type":"PropertyValueSpecification","valueRequired":true,"valueName":"search_term_string"}}],"inLanguage":"fr-FR"},{"@type":"Organization","@id":"https:\/\/www.webdo.tn\/fr\/#organization","name":"Webdo","alternateName":"Webdo.tn","url":"https:\/\/www.webdo.tn\/fr\/","logo":{"@type":"ImageObject","inLanguage":"fr-FR","@id":"https:\/\/www.webdo.tn\/fr\/#\/schema\/logo\/image\/","url":"https:\/\/www.webdo.tn\/fr\/wp-content\/uploads\/2025\/06\/Webdo-Tunisie_168377.jpg","contentUrl":"https:\/\/www.webdo.tn\/fr\/wp-content\/uploads\/2025\/06\/Webdo-Tunisie_168377.jpg","width":301,"height":301,"caption":"Webdo"},"image":{"@id":"https:\/\/www.webdo.tn\/fr\/#\/schema\/logo\/image\/"},"sameAs":["https:\/\/www.facebook.com\/webdotn","https:\/\/x.com\/webdo_tn"],"description":"Webdo est un m\u00e9dia num\u00e9rique tunisien fond\u00e9 en 2010, sp\u00e9cialis\u00e9 dans l\u2019actualit\u00e9 nationale et internationale, l\u2019\u00e9conomie, la soci\u00e9t\u00e9 et les analyses politiques. Le site s\u2019adresse \u00e0 un large public francophone et couvre l\u2019information tunisienne en temps r\u00e9el.","email":"redac@webdo.tn","legalName":"YNJ SARL","foundingDate":"2010-09-06","numberOfEmployees":{"@type":"QuantitativeValue","minValue":"11","maxValue":"50"}},{"@type":"Person","@id":"https:\/\/www.webdo.tn\/fr\/#\/schema\/person\/f35b42a42c5e2511bbd282959d6385cc","name":"CL","image":{"@type":"ImageObject","inLanguage":"fr-FR","@id":"https:\/\/secure.gravatar.com\/avatar\/1447a49909b67aa657c488aec6512e1dd6143a480c1ecfee9b5b5cd74eb3b59e?s=96&d=mm&r=g","url":"https:\/\/secure.gravatar.com\/avatar\/1447a49909b67aa657c488aec6512e1dd6143a480c1ecfee9b5b5cd74eb3b59e?s=96&d=mm&r=g","contentUrl":"https:\/\/secure.gravatar.com\/avatar\/1447a49909b67aa657c488aec6512e1dd6143a480c1ecfee9b5b5cd74eb3b59e?s=96&d=mm&r=g","caption":"CL"},"url":"https:\/\/www.webdo.tn\/fr\/actualite\/author\/cl\/"}]}},"_links":{"self":[{"href":"https:\/\/www.webdo.tn\/fr\/wp-json\/wp\/v2\/posts\/203994","targetHints":{"allow":["GET"]}}],"collection":[{"href":"https:\/\/www.webdo.tn\/fr\/wp-json\/wp\/v2\/posts"}],"about":[{"href":"https:\/\/www.webdo.tn\/fr\/wp-json\/wp\/v2\/types\/post"}],"author":[{"embeddable":true,"href":"https:\/\/www.webdo.tn\/fr\/wp-json\/wp\/v2\/users\/3175"}],"replies":[{"embeddable":true,"href":"https:\/\/www.webdo.tn\/fr\/wp-json\/wp\/v2\/comments?post=203994"}],"version-history":[{"count":0,"href":"https:\/\/www.webdo.tn\/fr\/wp-json\/wp\/v2\/posts\/203994\/revisions"}],"wp:featuredmedia":[{"embeddable":true,"href":"https:\/\/www.webdo.tn\/fr\/wp-json\/wp\/v2\/media\/277918"}],"wp:attachment":[{"href":"https:\/\/www.webdo.tn\/fr\/wp-json\/wp\/v2\/media?parent=203994"}],"wp:term":[{"taxonomy":"category","embeddable":true,"href":"https:\/\/www.webdo.tn\/fr\/wp-json\/wp\/v2\/categories?post=203994"},{"taxonomy":"post_tag","embeddable":true,"href":"https:\/\/www.webdo.tn\/fr\/wp-json\/wp\/v2\/tags?post=203994"}],"curies":[{"name":"wp","href":"https:\/\/api.w.org\/{rel}","templated":true}]}}