{"id":203989,"date":"2023-03-16T15:52:00","date_gmt":"2023-03-16T15:52:00","guid":{"rendered":"https:\/\/www.webdo.tn\/fr\/blog\/steg-installation-prochaine-de-pres-de-5-millions-de-compteurs-intelligents\/203989\/"},"modified":"2025-05-20T22:59:20","modified_gmt":"2025-05-20T22:59:20","slug":"steg-installation-prochaine-de-pres-de-5-millions-de-compteurs-intelligents","status":"publish","type":"post","link":"https:\/\/www.webdo.tn\/fr\/actualite\/national\/steg-installation-prochaine-de-pres-de-5-millions-de-compteurs-intelligents\/203989\/","title":{"rendered":"STEG : Installation prochaine de pr\u00e8s de 5 millions de compteurs intelligents !"},"content":{"rendered":"<p>Le projet d\u2019installation du compteur \u00e9lectrique intelligent \u00ab\u00a0Smart Grid\u00a0\u00bb sera g\u00e9n\u00e9ralis\u00e9 au cours de la p\u00e9riode entre 2025-2029 annonce le directeur de la coop\u00e9ration et de la communication \u00e0 la STEG, Mounir Ghabri.<\/p>\n<p>\t\t\t\t\t\t\t\t\tLa STEG est, d\u00e9sormais, \u00e0 l\u2019heure des nouveaux services num\u00e9riques. Le directeur de la coop\u00e9ration et de la communication \u00e0 la STEG, Mounir Ghabri, annonce, en effet, l\u2019installation de pr\u00e8s de 5 millions de compteurs intelligents de basse tension et 1 million de compteurs de gaz de basse tension, au cours de cette p\u00e9riode.<\/p>\n<p>Les op\u00e9rations exp\u00e9rimentales qui ont pr\u00e9c\u00e9d\u00e9 l\u2019\u00e9tape de g\u00e9n\u00e9ralisation du projet, ont d\u00e9marr\u00e9 l\u2019ann\u00e9e derni\u00e8re et se poursuivront jusqu\u2019\u00e0 2025.<\/p>\n<p>La phase exp\u00e9rimentale du projet couvrira 5 districts ; \u00e0 savoir Sfax-ville, une partie de la ville de B\u00e9j\u00e0, le Kram, Sousse et une partie de Sidi Bouzid.<\/p>\n<p>La STEG proc\u00e9dera \u00e0 l\u2019\u00e9tape d\u2019exp\u00e9rience aupr\u00e8s de 10% de l\u2019ensemble des clients (4,5 millions clients), soit pr\u00e8s de 450 mille clients de basse tension et 150 mille consommateurs de gaz naturel de basse tension.<\/p>\n<p>Parall\u00e8lement, la STEG \u0153uvrera \u00e0 installer pr\u00e8s de 20 mille compteurs \u00e9lectriques intelligents \u00e0 moyenne et haute tensions sur tout le territoire, en faveur des secteurs de l\u2019industrie, des services et de l\u2019agriculture, consid\u00e9r\u00e9s comme \u00e9tant des grands consommateurs de l\u2019\u00e9nergie \u00e9lectrique.<\/p>\n<p>Le directeur de la coop\u00e9ration et de la communication \u00e0 la STEG, Mounir Ghabri, a d\u00e9voil\u00e9 que les premi\u00e8res op\u00e9rations exp\u00e9rimentales du syst\u00e8me informatique de gestion de la client\u00e8le et des donn\u00e9es g\u00e9ographiques, seront lanc\u00e9es \u00e0 partir de janvier 2024.<\/p>\n<p>Le responsable a soulign\u00e9 que \u00ab\u00a0gr\u00e2ce \u00e0 ce projet, la STEG \u00e9liminera progressivement les factures interm\u00e9diaires et \u00e9ditera des factures de consommation r\u00e9elles \u00e0 travers l\u2019op\u00e9ration de pr\u00e9l\u00e8vement du compteur \u00e0 distance\u00a0\u00bb.<\/p>\n<p>Une fois achev\u00e9, le projet \u00ab\u00a0Smart Grid\u00a0\u00bb permettra \u00e0 la STEG de r\u00e9duire une importante partie de ses dettes. Les dettes non recouvr\u00e9es de la STEG ont atteint, \u00e0 la fin de l\u2019ann\u00e9e \u00e9coul\u00e9e, 2937 millions de dinars.<\/p>\n","protected":false},"excerpt":{"rendered":"<p>Le projet d\u2019installation du compteur \u00e9lectrique intelligent  Smart Grid  sera g\u00e9n\u00e9ralis\u00e9 au cours de la p\u00e9riode entre 2025-2029<\/p>\n","protected":false},"author":3188,"featured_media":277915,"comment_status":"open","ping_status":"closed","sticky":false,"template":"","format":"standard","meta":{"footnotes":""},"categories":[44],"tags":[9393,2742],"class_list":["post-203989","post","type-post","status-publish","format-standard","has-post-thumbnail","hentry","category-national","tag-compteur-intelligent","tag-steg"],"yoast_head":"<!-- This site is optimized with the Yoast SEO Premium plugin v27.4 (Yoast SEO v27.5) - https:\/\/yoast.com\/product\/yoast-seo-premium-wordpress\/ -->\n<title>STEG : Installation prochaine de pr\u00e8s de 5 millions de compteurs intelligents !<\/title>\n<meta name=\"description\" content=\"Le projet d\u2019installation du compteur \u00e9lectrique intelligent Smart Grid sera g\u00e9n\u00e9ralis\u00e9 au cours de la p\u00e9riode entre 2025-2029\" \/>\n<link rel=\"canonical\" href=\"https:\/\/www.webdo.tn\/fr\/actualite\/national\/steg-installation-prochaine-de-pres-de-5-millions-de-compteurs-intelligents\/203989\/\" \/>\n<meta property=\"og:locale\" content=\"fr_FR\" \/>\n<meta property=\"og:type\" content=\"article\" \/>\n<meta property=\"og:title\" content=\"STEG : Installation prochaine de pr\u00e8s de 5 millions de compteurs intelligents !\" \/>\n<meta property=\"og:description\" content=\"Le projet d\u2019installation du compteur \u00e9lectrique intelligent Smart Grid sera g\u00e9n\u00e9ralis\u00e9 au cours de la p\u00e9riode entre 2025-2029\" \/>\n<meta property=\"og:url\" content=\"https:\/\/www.webdo.tn\/fr\/actualite\/national\/steg-installation-prochaine-de-pres-de-5-millions-de-compteurs-intelligents\/203989\/\" \/>\n<meta property=\"og:site_name\" content=\"webdo\" \/>\n<meta property=\"article:publisher\" content=\"https:\/\/www.facebook.com\/webdotn\" \/>\n<meta property=\"article:published_time\" content=\"2023-03-16T15:52:00+00:00\" \/>\n<meta property=\"article:modified_time\" content=\"2025-05-20T22:59:20+00:00\" \/>\n<meta property=\"og:image\" content=\"https:\/\/www.webdo.tn\/fr\/wp-content\/uploads\/2023\/03\/072a60fcba3d06c1d2e2b1050ef6bf95.jpg\" \/>\n\t<meta property=\"og:image:width\" content=\"450\" \/>\n\t<meta property=\"og:image:height\" content=\"240\" \/>\n\t<meta property=\"og:image:type\" content=\"image\/jpeg\" \/>\n<meta name=\"author\" content=\"Ramzi\" \/>\n<meta name=\"twitter:card\" content=\"summary_large_image\" \/>\n<meta name=\"twitter:creator\" content=\"@webdo_tn\" \/>\n<meta name=\"twitter:site\" content=\"@webdo_tn\" \/>\n<meta name=\"twitter:label1\" content=\"\u00c9crit par\" \/>\n\t<meta name=\"twitter:data1\" content=\"Ramzi\" \/>\n\t<meta name=\"twitter:label2\" content=\"Dur\u00e9e de lecture estim\u00e9e\" \/>\n\t<meta name=\"twitter:data2\" content=\"2 minutes\" \/>\n<script type=\"application\/ld+json\" class=\"yoast-schema-graph\">{\"@context\":\"https:\\\/\\\/schema.org\",\"@graph\":[{\"@type\":\"NewsArticle\",\"@id\":\"https:\\\/\\\/www.webdo.tn\\\/fr\\\/actualite\\\/national\\\/steg-installation-prochaine-de-pres-de-5-millions-de-compteurs-intelligents\\\/203989\\\/#article\",\"isPartOf\":{\"@id\":\"https:\\\/\\\/www.webdo.tn\\\/fr\\\/actualite\\\/national\\\/steg-installation-prochaine-de-pres-de-5-millions-de-compteurs-intelligents\\\/203989\\\/\"},\"author\":{\"name\":\"Ramzi\",\"@id\":\"https:\\\/\\\/www.webdo.tn\\\/fr\\\/#\\\/schema\\\/person\\\/590cb5f81adcfde6385530fdbdf468e2\"},\"headline\":\"STEG : Installation prochaine de pr\u00e8s de 5 millions de compteurs intelligents !\",\"datePublished\":\"2023-03-16T15:52:00+00:00\",\"dateModified\":\"2025-05-20T22:59:20+00:00\",\"mainEntityOfPage\":{\"@id\":\"https:\\\/\\\/www.webdo.tn\\\/fr\\\/actualite\\\/national\\\/steg-installation-prochaine-de-pres-de-5-millions-de-compteurs-intelligents\\\/203989\\\/\"},\"wordCount\":368,\"commentCount\":0,\"publisher\":{\"@id\":\"https:\\\/\\\/www.webdo.tn\\\/fr\\\/#organization\"},\"image\":{\"@id\":\"https:\\\/\\\/www.webdo.tn\\\/fr\\\/actualite\\\/national\\\/steg-installation-prochaine-de-pres-de-5-millions-de-compteurs-intelligents\\\/203989\\\/#primaryimage\"},\"thumbnailUrl\":\"https:\\\/\\\/www.webdo.tn\\\/fr\\\/wp-content\\\/uploads\\\/2023\\\/03\\\/072a60fcba3d06c1d2e2b1050ef6bf95.jpg\",\"keywords\":[\"compteur intelligent\",\"steg\"],\"articleSection\":[\"National\"],\"inLanguage\":\"fr-FR\"},{\"@type\":\"WebPage\",\"@id\":\"https:\\\/\\\/www.webdo.tn\\\/fr\\\/actualite\\\/national\\\/steg-installation-prochaine-de-pres-de-5-millions-de-compteurs-intelligents\\\/203989\\\/\",\"url\":\"https:\\\/\\\/www.webdo.tn\\\/fr\\\/actualite\\\/national\\\/steg-installation-prochaine-de-pres-de-5-millions-de-compteurs-intelligents\\\/203989\\\/\",\"name\":\"STEG : Installation prochaine de pr\u00e8s de 5 millions de compteurs intelligents !\",\"isPartOf\":{\"@id\":\"https:\\\/\\\/www.webdo.tn\\\/fr\\\/#website\"},\"primaryImageOfPage\":{\"@id\":\"https:\\\/\\\/www.webdo.tn\\\/fr\\\/actualite\\\/national\\\/steg-installation-prochaine-de-pres-de-5-millions-de-compteurs-intelligents\\\/203989\\\/#primaryimage\"},\"image\":{\"@id\":\"https:\\\/\\\/www.webdo.tn\\\/fr\\\/actualite\\\/national\\\/steg-installation-prochaine-de-pres-de-5-millions-de-compteurs-intelligents\\\/203989\\\/#primaryimage\"},\"thumbnailUrl\":\"https:\\\/\\\/www.webdo.tn\\\/fr\\\/wp-content\\\/uploads\\\/2023\\\/03\\\/072a60fcba3d06c1d2e2b1050ef6bf95.jpg\",\"datePublished\":\"2023-03-16T15:52:00+00:00\",\"dateModified\":\"2025-05-20T22:59:20+00:00\",\"description\":\"Le projet d\u2019installation du compteur \u00e9lectrique intelligent Smart Grid sera g\u00e9n\u00e9ralis\u00e9 au cours de la p\u00e9riode entre 2025-2029\",\"breadcrumb\":{\"@id\":\"https:\\\/\\\/www.webdo.tn\\\/fr\\\/actualite\\\/national\\\/steg-installation-prochaine-de-pres-de-5-millions-de-compteurs-intelligents\\\/203989\\\/#breadcrumb\"},\"inLanguage\":\"fr-FR\",\"potentialAction\":[{\"@type\":\"ReadAction\",\"target\":[\"https:\\\/\\\/www.webdo.tn\\\/fr\\\/actualite\\\/national\\\/steg-installation-prochaine-de-pres-de-5-millions-de-compteurs-intelligents\\\/203989\\\/\"]}]},{\"@type\":\"ImageObject\",\"inLanguage\":\"fr-FR\",\"@id\":\"https:\\\/\\\/www.webdo.tn\\\/fr\\\/actualite\\\/national\\\/steg-installation-prochaine-de-pres-de-5-millions-de-compteurs-intelligents\\\/203989\\\/#primaryimage\",\"url\":\"https:\\\/\\\/www.webdo.tn\\\/fr\\\/wp-content\\\/uploads\\\/2023\\\/03\\\/072a60fcba3d06c1d2e2b1050ef6bf95.jpg\",\"contentUrl\":\"https:\\\/\\\/www.webdo.tn\\\/fr\\\/wp-content\\\/uploads\\\/2023\\\/03\\\/072a60fcba3d06c1d2e2b1050ef6bf95.jpg\",\"width\":450,\"height\":240,\"caption\":\"STEG : Installation prochaine de pr\u00e8s de 5 millions de compteurs intelligents !\"},{\"@type\":\"BreadcrumbList\",\"@id\":\"https:\\\/\\\/www.webdo.tn\\\/fr\\\/actualite\\\/national\\\/steg-installation-prochaine-de-pres-de-5-millions-de-compteurs-intelligents\\\/203989\\\/#breadcrumb\",\"itemListElement\":[{\"@type\":\"ListItem\",\"position\":1,\"name\":\"Accueil\",\"item\":\"https:\\\/\\\/www.webdo.tn\\\/fr\\\/\"},{\"@type\":\"ListItem\",\"position\":2,\"name\":\"STEG : Installation prochaine de pr\u00e8s de 5 millions de compteurs intelligents !\"}]},{\"@type\":\"WebSite\",\"@id\":\"https:\\\/\\\/www.webdo.tn\\\/fr\\\/#website\",\"url\":\"https:\\\/\\\/www.webdo.tn\\\/fr\\\/\",\"name\":\"webdo\",\"description\":\"Tunisie - News en Tunisie et \u00e0 l&#039;international sur Webdo.tn\",\"publisher\":{\"@id\":\"https:\\\/\\\/www.webdo.tn\\\/fr\\\/#organization\"},\"potentialAction\":[{\"@type\":\"SearchAction\",\"target\":{\"@type\":\"EntryPoint\",\"urlTemplate\":\"https:\\\/\\\/www.webdo.tn\\\/fr\\\/?s={search_term_string}\"},\"query-input\":{\"@type\":\"PropertyValueSpecification\",\"valueRequired\":true,\"valueName\":\"search_term_string\"}}],\"inLanguage\":\"fr-FR\"},{\"@type\":\"Organization\",\"@id\":\"https:\\\/\\\/www.webdo.tn\\\/fr\\\/#organization\",\"name\":\"Webdo\",\"alternateName\":\"Webdo.tn\",\"url\":\"https:\\\/\\\/www.webdo.tn\\\/fr\\\/\",\"logo\":{\"@type\":\"ImageObject\",\"inLanguage\":\"fr-FR\",\"@id\":\"https:\\\/\\\/www.webdo.tn\\\/fr\\\/#\\\/schema\\\/logo\\\/image\\\/\",\"url\":\"https:\\\/\\\/www.webdo.tn\\\/fr\\\/wp-content\\\/uploads\\\/2025\\\/06\\\/Webdo-Tunisie_168377.jpg\",\"contentUrl\":\"https:\\\/\\\/www.webdo.tn\\\/fr\\\/wp-content\\\/uploads\\\/2025\\\/06\\\/Webdo-Tunisie_168377.jpg\",\"width\":301,\"height\":301,\"caption\":\"Webdo\"},\"image\":{\"@id\":\"https:\\\/\\\/www.webdo.tn\\\/fr\\\/#\\\/schema\\\/logo\\\/image\\\/\"},\"sameAs\":[\"https:\\\/\\\/www.facebook.com\\\/webdotn\",\"https:\\\/\\\/x.com\\\/webdo_tn\"],\"description\":\"Webdo est un m\u00e9dia num\u00e9rique tunisien fond\u00e9 en 2010, sp\u00e9cialis\u00e9 dans l\u2019actualit\u00e9 nationale et internationale, l\u2019\u00e9conomie, la soci\u00e9t\u00e9 et les analyses politiques. Le site s\u2019adresse \u00e0 un large public francophone et couvre l\u2019information tunisienne en temps r\u00e9el.\",\"email\":\"redac@webdo.tn\",\"legalName\":\"YNJ SARL\",\"foundingDate\":\"2010-09-06\",\"numberOfEmployees\":{\"@type\":\"QuantitativeValue\",\"minValue\":\"11\",\"maxValue\":\"50\"}},{\"@type\":\"Person\",\"@id\":\"https:\\\/\\\/www.webdo.tn\\\/fr\\\/#\\\/schema\\\/person\\\/590cb5f81adcfde6385530fdbdf468e2\",\"name\":\"Ramzi\",\"image\":{\"@type\":\"ImageObject\",\"inLanguage\":\"fr-FR\",\"@id\":\"https:\\\/\\\/secure.gravatar.com\\\/avatar\\\/48df7d18915e10cf866ba8e27604c81ff9243fd52704a1d210c3e387e1cb8d87?s=96&d=mm&r=g\",\"url\":\"https:\\\/\\\/secure.gravatar.com\\\/avatar\\\/48df7d18915e10cf866ba8e27604c81ff9243fd52704a1d210c3e387e1cb8d87?s=96&d=mm&r=g\",\"contentUrl\":\"https:\\\/\\\/secure.gravatar.com\\\/avatar\\\/48df7d18915e10cf866ba8e27604c81ff9243fd52704a1d210c3e387e1cb8d87?s=96&d=mm&r=g\",\"caption\":\"Ramzi\"},\"url\":\"https:\\\/\\\/www.webdo.tn\\\/fr\\\/actualite\\\/author\\\/ramzi\\\/\"}]}<\/script>\n<!-- \/ Yoast SEO Premium plugin. -->","yoast_head_json":{"title":"STEG : Installation prochaine de pr\u00e8s de 5 millions de compteurs intelligents !","description":"Le projet d\u2019installation du compteur \u00e9lectrique intelligent Smart Grid sera g\u00e9n\u00e9ralis\u00e9 au cours de la p\u00e9riode entre 2025-2029","canonical":"https:\/\/www.webdo.tn\/fr\/actualite\/national\/steg-installation-prochaine-de-pres-de-5-millions-de-compteurs-intelligents\/203989\/","og_locale":"fr_FR","og_type":"article","og_title":"STEG : Installation prochaine de pr\u00e8s de 5 millions de compteurs intelligents !","og_description":"Le projet d\u2019installation du compteur \u00e9lectrique intelligent Smart Grid sera g\u00e9n\u00e9ralis\u00e9 au cours de la p\u00e9riode entre 2025-2029","og_url":"https:\/\/www.webdo.tn\/fr\/actualite\/national\/steg-installation-prochaine-de-pres-de-5-millions-de-compteurs-intelligents\/203989\/","og_site_name":"webdo","article_publisher":"https:\/\/www.facebook.com\/webdotn","article_published_time":"2023-03-16T15:52:00+00:00","article_modified_time":"2025-05-20T22:59:20+00:00","og_image":[{"width":450,"height":240,"url":"https:\/\/www.webdo.tn\/fr\/wp-content\/uploads\/2023\/03\/072a60fcba3d06c1d2e2b1050ef6bf95.jpg","type":"image\/jpeg"}],"author":"Ramzi","twitter_card":"summary_large_image","twitter_creator":"@webdo_tn","twitter_site":"@webdo_tn","twitter_misc":{"\u00c9crit par":"Ramzi","Dur\u00e9e de lecture estim\u00e9e":"2 minutes"},"schema":{"@context":"https:\/\/schema.org","@graph":[{"@type":"NewsArticle","@id":"https:\/\/www.webdo.tn\/fr\/actualite\/national\/steg-installation-prochaine-de-pres-de-5-millions-de-compteurs-intelligents\/203989\/#article","isPartOf":{"@id":"https:\/\/www.webdo.tn\/fr\/actualite\/national\/steg-installation-prochaine-de-pres-de-5-millions-de-compteurs-intelligents\/203989\/"},"author":{"name":"Ramzi","@id":"https:\/\/www.webdo.tn\/fr\/#\/schema\/person\/590cb5f81adcfde6385530fdbdf468e2"},"headline":"STEG : Installation prochaine de pr\u00e8s de 5 millions de compteurs intelligents !","datePublished":"2023-03-16T15:52:00+00:00","dateModified":"2025-05-20T22:59:20+00:00","mainEntityOfPage":{"@id":"https:\/\/www.webdo.tn\/fr\/actualite\/national\/steg-installation-prochaine-de-pres-de-5-millions-de-compteurs-intelligents\/203989\/"},"wordCount":368,"commentCount":0,"publisher":{"@id":"https:\/\/www.webdo.tn\/fr\/#organization"},"image":{"@id":"https:\/\/www.webdo.tn\/fr\/actualite\/national\/steg-installation-prochaine-de-pres-de-5-millions-de-compteurs-intelligents\/203989\/#primaryimage"},"thumbnailUrl":"https:\/\/www.webdo.tn\/fr\/wp-content\/uploads\/2023\/03\/072a60fcba3d06c1d2e2b1050ef6bf95.jpg","keywords":["compteur intelligent","steg"],"articleSection":["National"],"inLanguage":"fr-FR"},{"@type":"WebPage","@id":"https:\/\/www.webdo.tn\/fr\/actualite\/national\/steg-installation-prochaine-de-pres-de-5-millions-de-compteurs-intelligents\/203989\/","url":"https:\/\/www.webdo.tn\/fr\/actualite\/national\/steg-installation-prochaine-de-pres-de-5-millions-de-compteurs-intelligents\/203989\/","name":"STEG : Installation prochaine de pr\u00e8s de 5 millions de compteurs intelligents !","isPartOf":{"@id":"https:\/\/www.webdo.tn\/fr\/#website"},"primaryImageOfPage":{"@id":"https:\/\/www.webdo.tn\/fr\/actualite\/national\/steg-installation-prochaine-de-pres-de-5-millions-de-compteurs-intelligents\/203989\/#primaryimage"},"image":{"@id":"https:\/\/www.webdo.tn\/fr\/actualite\/national\/steg-installation-prochaine-de-pres-de-5-millions-de-compteurs-intelligents\/203989\/#primaryimage"},"thumbnailUrl":"https:\/\/www.webdo.tn\/fr\/wp-content\/uploads\/2023\/03\/072a60fcba3d06c1d2e2b1050ef6bf95.jpg","datePublished":"2023-03-16T15:52:00+00:00","dateModified":"2025-05-20T22:59:20+00:00","description":"Le projet d\u2019installation du compteur \u00e9lectrique intelligent Smart Grid sera g\u00e9n\u00e9ralis\u00e9 au cours de la p\u00e9riode entre 2025-2029","breadcrumb":{"@id":"https:\/\/www.webdo.tn\/fr\/actualite\/national\/steg-installation-prochaine-de-pres-de-5-millions-de-compteurs-intelligents\/203989\/#breadcrumb"},"inLanguage":"fr-FR","potentialAction":[{"@type":"ReadAction","target":["https:\/\/www.webdo.tn\/fr\/actualite\/national\/steg-installation-prochaine-de-pres-de-5-millions-de-compteurs-intelligents\/203989\/"]}]},{"@type":"ImageObject","inLanguage":"fr-FR","@id":"https:\/\/www.webdo.tn\/fr\/actualite\/national\/steg-installation-prochaine-de-pres-de-5-millions-de-compteurs-intelligents\/203989\/#primaryimage","url":"https:\/\/www.webdo.tn\/fr\/wp-content\/uploads\/2023\/03\/072a60fcba3d06c1d2e2b1050ef6bf95.jpg","contentUrl":"https:\/\/www.webdo.tn\/fr\/wp-content\/uploads\/2023\/03\/072a60fcba3d06c1d2e2b1050ef6bf95.jpg","width":450,"height":240,"caption":"STEG : Installation prochaine de pr\u00e8s de 5 millions de compteurs intelligents !"},{"@type":"BreadcrumbList","@id":"https:\/\/www.webdo.tn\/fr\/actualite\/national\/steg-installation-prochaine-de-pres-de-5-millions-de-compteurs-intelligents\/203989\/#breadcrumb","itemListElement":[{"@type":"ListItem","position":1,"name":"Accueil","item":"https:\/\/www.webdo.tn\/fr\/"},{"@type":"ListItem","position":2,"name":"STEG : Installation prochaine de pr\u00e8s de 5 millions de compteurs intelligents !"}]},{"@type":"WebSite","@id":"https:\/\/www.webdo.tn\/fr\/#website","url":"https:\/\/www.webdo.tn\/fr\/","name":"webdo","description":"Tunisie - News en Tunisie et \u00e0 l&#039;international sur Webdo.tn","publisher":{"@id":"https:\/\/www.webdo.tn\/fr\/#organization"},"potentialAction":[{"@type":"SearchAction","target":{"@type":"EntryPoint","urlTemplate":"https:\/\/www.webdo.tn\/fr\/?s={search_term_string}"},"query-input":{"@type":"PropertyValueSpecification","valueRequired":true,"valueName":"search_term_string"}}],"inLanguage":"fr-FR"},{"@type":"Organization","@id":"https:\/\/www.webdo.tn\/fr\/#organization","name":"Webdo","alternateName":"Webdo.tn","url":"https:\/\/www.webdo.tn\/fr\/","logo":{"@type":"ImageObject","inLanguage":"fr-FR","@id":"https:\/\/www.webdo.tn\/fr\/#\/schema\/logo\/image\/","url":"https:\/\/www.webdo.tn\/fr\/wp-content\/uploads\/2025\/06\/Webdo-Tunisie_168377.jpg","contentUrl":"https:\/\/www.webdo.tn\/fr\/wp-content\/uploads\/2025\/06\/Webdo-Tunisie_168377.jpg","width":301,"height":301,"caption":"Webdo"},"image":{"@id":"https:\/\/www.webdo.tn\/fr\/#\/schema\/logo\/image\/"},"sameAs":["https:\/\/www.facebook.com\/webdotn","https:\/\/x.com\/webdo_tn"],"description":"Webdo est un m\u00e9dia num\u00e9rique tunisien fond\u00e9 en 2010, sp\u00e9cialis\u00e9 dans l\u2019actualit\u00e9 nationale et internationale, l\u2019\u00e9conomie, la soci\u00e9t\u00e9 et les analyses politiques. Le site s\u2019adresse \u00e0 un large public francophone et couvre l\u2019information tunisienne en temps r\u00e9el.","email":"redac@webdo.tn","legalName":"YNJ SARL","foundingDate":"2010-09-06","numberOfEmployees":{"@type":"QuantitativeValue","minValue":"11","maxValue":"50"}},{"@type":"Person","@id":"https:\/\/www.webdo.tn\/fr\/#\/schema\/person\/590cb5f81adcfde6385530fdbdf468e2","name":"Ramzi","image":{"@type":"ImageObject","inLanguage":"fr-FR","@id":"https:\/\/secure.gravatar.com\/avatar\/48df7d18915e10cf866ba8e27604c81ff9243fd52704a1d210c3e387e1cb8d87?s=96&d=mm&r=g","url":"https:\/\/secure.gravatar.com\/avatar\/48df7d18915e10cf866ba8e27604c81ff9243fd52704a1d210c3e387e1cb8d87?s=96&d=mm&r=g","contentUrl":"https:\/\/secure.gravatar.com\/avatar\/48df7d18915e10cf866ba8e27604c81ff9243fd52704a1d210c3e387e1cb8d87?s=96&d=mm&r=g","caption":"Ramzi"},"url":"https:\/\/www.webdo.tn\/fr\/actualite\/author\/ramzi\/"}]}},"_links":{"self":[{"href":"https:\/\/www.webdo.tn\/fr\/wp-json\/wp\/v2\/posts\/203989","targetHints":{"allow":["GET"]}}],"collection":[{"href":"https:\/\/www.webdo.tn\/fr\/wp-json\/wp\/v2\/posts"}],"about":[{"href":"https:\/\/www.webdo.tn\/fr\/wp-json\/wp\/v2\/types\/post"}],"author":[{"embeddable":true,"href":"https:\/\/www.webdo.tn\/fr\/wp-json\/wp\/v2\/users\/3188"}],"replies":[{"embeddable":true,"href":"https:\/\/www.webdo.tn\/fr\/wp-json\/wp\/v2\/comments?post=203989"}],"version-history":[{"count":0,"href":"https:\/\/www.webdo.tn\/fr\/wp-json\/wp\/v2\/posts\/203989\/revisions"}],"wp:featuredmedia":[{"embeddable":true,"href":"https:\/\/www.webdo.tn\/fr\/wp-json\/wp\/v2\/media\/277915"}],"wp:attachment":[{"href":"https:\/\/www.webdo.tn\/fr\/wp-json\/wp\/v2\/media?parent=203989"}],"wp:term":[{"taxonomy":"category","embeddable":true,"href":"https:\/\/www.webdo.tn\/fr\/wp-json\/wp\/v2\/categories?post=203989"},{"taxonomy":"post_tag","embeddable":true,"href":"https:\/\/www.webdo.tn\/fr\/wp-json\/wp\/v2\/tags?post=203989"}],"curies":[{"name":"wp","href":"https:\/\/api.w.org\/{rel}","templated":true}]}}