{"id":203981,"date":"2023-03-16T13:12:00","date_gmt":"2023-03-16T13:12:00","guid":{"rendered":"https:\/\/www.webdo.tn\/fr\/blog\/barbara-leaf-sous-secretaire-d-etat-us-en-visite-en-tunisie\/203981\/"},"modified":"2025-05-20T22:01:36","modified_gmt":"2025-05-20T22:01:36","slug":"barbara-leaf-sous-secretaire-d-etat-us-en-visite-en-tunisie","status":"publish","type":"post","link":"https:\/\/www.webdo.tn\/fr\/actualite\/national\/barbara-leaf-sous-secretaire-d-etat-us-en-visite-en-tunisie\/203981\/","title":{"rendered":"Barbara Leaf, sous-secr\u00e9taire d&rsquo;\u00c9tat US en visite en Tunisie"},"content":{"rendered":"<p>Barbara Leaf, sous-secr\u00e9taire d&rsquo;\u00c9tat US pour les Affaires du Proche-Orient, est attendue en Tunisie, la semaine prochaine.<\/p>\n<p>\t\t\t\t\t\t\t\t\tSelon un communiqu\u00e9 du d\u00e9partement d&rsquo;\u00c9tat US en date du 15 mars 2023, Barbara Leaf va entamer une tourn\u00e9e dans plusieurs pays. Elle s\u2019est rendue en Jordanie (15 &#8211; 17 mars), et se rendra, samedi en Egypte (18 &#8211; 20 mars) avant de gagner la Tunisie pour une visite qui s\u2019\u00e9tendra du 20 au 23 mars 2023.<\/p>\n<p>Selon le communiqu\u00e9, Barbara Leaf sera en Tunisie pour r\u00e9affirmer le soutien des \u00c9tats-Unis au peuple tunisien et \u00e0 ses aspirations \u00e0 une gouvernance d\u00e9mocratique et responsable. Sa visite sera \u00e9galement ax\u00e9e sur les r\u00e9formes \u00e9conomiques jug\u00e9es \u00ab\u00a0cruciales\u00a0\u00bb, d\u2019apr\u00e8s le communiqu\u00e9.<\/p>\n<p>Elle aura aussi pour objectif de souligner le travail des repr\u00e9sentations diplomatiques dans les capitales des deux pays et d\u2019exprimer le soutien des \u00c9tats-Unis aux \u00e9lections libyennes.<\/p>\n<p>Apr\u00e8s la Tunisie, Barbara Leaf se rendra au Liban (23 &#8211; 25 mars), pour faire pression sur les responsables libanais sur le besoin urgent d&rsquo;\u00e9lire un pr\u00e9sident, de former un gouvernement et de mettre en \u0153uvre des r\u00e9formes \u00e9conomiques essentielles.<\/p>\n<p>Rappelons que Barbara Leaf a effectu\u00e9, le 30 ao\u00fbt 2022, une visite en Tunisie au cours de laquelle elle avait rencontr\u00e9 le pr\u00e9sident Kais Saied.<\/p>\n","protected":false},"excerpt":{"rendered":"<p>Barbara Leaf, sous-secr\u00e9taire d&rsquo;\u00c9tat US pour les Affaires du Proche-Orient, est attendue en Tunisie, la semaine prochaine.<\/p>\n","protected":false},"author":3162,"featured_media":251728,"comment_status":"open","ping_status":"closed","sticky":false,"template":"","format":"standard","meta":{"footnotes":""},"categories":[44],"tags":[8349,3035,2608],"class_list":["post-203981","post","type-post","status-publish","format-standard","has-post-thumbnail","hentry","category-national","tag-barbara-leaf","tag-etats-unis","tag-tunisie"],"yoast_head":"<!-- This site is optimized with the Yoast SEO Premium plugin v27.4 (Yoast SEO v27.5) - https:\/\/yoast.com\/product\/yoast-seo-premium-wordpress\/ -->\n<title>Barbara Leaf, sous-secr\u00e9taire d&#039;\u00c9tat US en visite en Tunisie<\/title>\n<meta name=\"description\" content=\"Barbara Leaf, sous-secr\u00e9taire d&#039;\u00c9tat US pour les Affaires du Proche-Orient, est attendue en Tunisie, la semaine prochaine.\" \/>\n<link rel=\"canonical\" href=\"https:\/\/www.webdo.tn\/fr\/actualite\/national\/barbara-leaf-sous-secretaire-d-etat-us-en-visite-en-tunisie\/203981\/\" \/>\n<meta property=\"og:locale\" content=\"fr_FR\" \/>\n<meta property=\"og:type\" content=\"article\" \/>\n<meta property=\"og:title\" content=\"Barbara Leaf, sous-secr\u00e9taire d&#039;\u00c9tat US en visite en Tunisie\" \/>\n<meta property=\"og:description\" content=\"Barbara Leaf, sous-secr\u00e9taire d&#039;\u00c9tat US pour les Affaires du Proche-Orient, est attendue en Tunisie, la semaine prochaine.\" \/>\n<meta property=\"og:url\" content=\"https:\/\/www.webdo.tn\/fr\/actualite\/national\/barbara-leaf-sous-secretaire-d-etat-us-en-visite-en-tunisie\/203981\/\" \/>\n<meta property=\"og:site_name\" content=\"webdo\" \/>\n<meta property=\"article:publisher\" content=\"https:\/\/www.facebook.com\/webdotn\" \/>\n<meta property=\"article:published_time\" content=\"2023-03-16T13:12:00+00:00\" \/>\n<meta property=\"article:modified_time\" content=\"2025-05-20T22:01:36+00:00\" \/>\n<meta property=\"og:image\" content=\"https:\/\/www.webdo.tn\/fr\/wp-content\/uploads\/2023\/03\/863238efbecb7057e54263ddcc672e88.jpg\" \/>\n\t<meta property=\"og:image:width\" content=\"750\" \/>\n\t<meta property=\"og:image:height\" content=\"400\" \/>\n\t<meta property=\"og:image:type\" content=\"image\/jpeg\" \/>\n<meta name=\"author\" content=\"MC\" \/>\n<meta name=\"twitter:card\" content=\"summary_large_image\" \/>\n<meta name=\"twitter:creator\" content=\"@webdo_tn\" \/>\n<meta name=\"twitter:site\" content=\"@webdo_tn\" \/>\n<meta name=\"twitter:label1\" content=\"\u00c9crit par\" \/>\n\t<meta name=\"twitter:data1\" content=\"MC\" \/>\n\t<meta name=\"twitter:label2\" content=\"Dur\u00e9e de lecture estim\u00e9e\" \/>\n\t<meta name=\"twitter:data2\" content=\"1 minute\" \/>\n<script type=\"application\/ld+json\" class=\"yoast-schema-graph\">{\"@context\":\"https:\\\/\\\/schema.org\",\"@graph\":[{\"@type\":\"NewsArticle\",\"@id\":\"https:\\\/\\\/www.webdo.tn\\\/fr\\\/actualite\\\/national\\\/barbara-leaf-sous-secretaire-d-etat-us-en-visite-en-tunisie\\\/203981\\\/#article\",\"isPartOf\":{\"@id\":\"https:\\\/\\\/www.webdo.tn\\\/fr\\\/actualite\\\/national\\\/barbara-leaf-sous-secretaire-d-etat-us-en-visite-en-tunisie\\\/203981\\\/\"},\"author\":{\"name\":\"MC\",\"@id\":\"https:\\\/\\\/www.webdo.tn\\\/fr\\\/#\\\/schema\\\/person\\\/2c4929cbf5a809e3bd38617c6ce150f6\"},\"headline\":\"Barbara Leaf, sous-secr\u00e9taire d&rsquo;\u00c9tat US en visite en Tunisie\",\"datePublished\":\"2023-03-16T13:12:00+00:00\",\"dateModified\":\"2025-05-20T22:01:36+00:00\",\"mainEntityOfPage\":{\"@id\":\"https:\\\/\\\/www.webdo.tn\\\/fr\\\/actualite\\\/national\\\/barbara-leaf-sous-secretaire-d-etat-us-en-visite-en-tunisie\\\/203981\\\/\"},\"wordCount\":225,\"commentCount\":0,\"publisher\":{\"@id\":\"https:\\\/\\\/www.webdo.tn\\\/fr\\\/#organization\"},\"image\":{\"@id\":\"https:\\\/\\\/www.webdo.tn\\\/fr\\\/actualite\\\/national\\\/barbara-leaf-sous-secretaire-d-etat-us-en-visite-en-tunisie\\\/203981\\\/#primaryimage\"},\"thumbnailUrl\":\"https:\\\/\\\/www.webdo.tn\\\/fr\\\/wp-content\\\/uploads\\\/2023\\\/03\\\/863238efbecb7057e54263ddcc672e88.jpg\",\"keywords\":[\"barbara leaf\",\"Etats-Unis\",\"Tunisie\"],\"articleSection\":[\"National\"],\"inLanguage\":\"fr-FR\"},{\"@type\":\"WebPage\",\"@id\":\"https:\\\/\\\/www.webdo.tn\\\/fr\\\/actualite\\\/national\\\/barbara-leaf-sous-secretaire-d-etat-us-en-visite-en-tunisie\\\/203981\\\/\",\"url\":\"https:\\\/\\\/www.webdo.tn\\\/fr\\\/actualite\\\/national\\\/barbara-leaf-sous-secretaire-d-etat-us-en-visite-en-tunisie\\\/203981\\\/\",\"name\":\"Barbara Leaf, sous-secr\u00e9taire d'\u00c9tat US en visite en Tunisie\",\"isPartOf\":{\"@id\":\"https:\\\/\\\/www.webdo.tn\\\/fr\\\/#website\"},\"primaryImageOfPage\":{\"@id\":\"https:\\\/\\\/www.webdo.tn\\\/fr\\\/actualite\\\/national\\\/barbara-leaf-sous-secretaire-d-etat-us-en-visite-en-tunisie\\\/203981\\\/#primaryimage\"},\"image\":{\"@id\":\"https:\\\/\\\/www.webdo.tn\\\/fr\\\/actualite\\\/national\\\/barbara-leaf-sous-secretaire-d-etat-us-en-visite-en-tunisie\\\/203981\\\/#primaryimage\"},\"thumbnailUrl\":\"https:\\\/\\\/www.webdo.tn\\\/fr\\\/wp-content\\\/uploads\\\/2023\\\/03\\\/863238efbecb7057e54263ddcc672e88.jpg\",\"datePublished\":\"2023-03-16T13:12:00+00:00\",\"dateModified\":\"2025-05-20T22:01:36+00:00\",\"description\":\"Barbara Leaf, sous-secr\u00e9taire d'\u00c9tat US pour les Affaires du Proche-Orient, est attendue en Tunisie, la semaine prochaine.\",\"breadcrumb\":{\"@id\":\"https:\\\/\\\/www.webdo.tn\\\/fr\\\/actualite\\\/national\\\/barbara-leaf-sous-secretaire-d-etat-us-en-visite-en-tunisie\\\/203981\\\/#breadcrumb\"},\"inLanguage\":\"fr-FR\",\"potentialAction\":[{\"@type\":\"ReadAction\",\"target\":[\"https:\\\/\\\/www.webdo.tn\\\/fr\\\/actualite\\\/national\\\/barbara-leaf-sous-secretaire-d-etat-us-en-visite-en-tunisie\\\/203981\\\/\"]}]},{\"@type\":\"ImageObject\",\"inLanguage\":\"fr-FR\",\"@id\":\"https:\\\/\\\/www.webdo.tn\\\/fr\\\/actualite\\\/national\\\/barbara-leaf-sous-secretaire-d-etat-us-en-visite-en-tunisie\\\/203981\\\/#primaryimage\",\"url\":\"https:\\\/\\\/www.webdo.tn\\\/fr\\\/wp-content\\\/uploads\\\/2023\\\/03\\\/863238efbecb7057e54263ddcc672e88.jpg\",\"contentUrl\":\"https:\\\/\\\/www.webdo.tn\\\/fr\\\/wp-content\\\/uploads\\\/2023\\\/03\\\/863238efbecb7057e54263ddcc672e88.jpg\",\"width\":750,\"height\":400,\"caption\":\"Barbara Leaf, sous-secr\u00e9taire d'\u00c9tat US en visite en Tunisie\"},{\"@type\":\"BreadcrumbList\",\"@id\":\"https:\\\/\\\/www.webdo.tn\\\/fr\\\/actualite\\\/national\\\/barbara-leaf-sous-secretaire-d-etat-us-en-visite-en-tunisie\\\/203981\\\/#breadcrumb\",\"itemListElement\":[{\"@type\":\"ListItem\",\"position\":1,\"name\":\"Accueil\",\"item\":\"https:\\\/\\\/www.webdo.tn\\\/fr\\\/\"},{\"@type\":\"ListItem\",\"position\":2,\"name\":\"Barbara Leaf, sous-secr\u00e9taire d&#8217;\u00c9tat US en visite en Tunisie\"}]},{\"@type\":\"WebSite\",\"@id\":\"https:\\\/\\\/www.webdo.tn\\\/fr\\\/#website\",\"url\":\"https:\\\/\\\/www.webdo.tn\\\/fr\\\/\",\"name\":\"webdo\",\"description\":\"Tunisie - News en Tunisie et \u00e0 l&#039;international sur Webdo.tn\",\"publisher\":{\"@id\":\"https:\\\/\\\/www.webdo.tn\\\/fr\\\/#organization\"},\"potentialAction\":[{\"@type\":\"SearchAction\",\"target\":{\"@type\":\"EntryPoint\",\"urlTemplate\":\"https:\\\/\\\/www.webdo.tn\\\/fr\\\/?s={search_term_string}\"},\"query-input\":{\"@type\":\"PropertyValueSpecification\",\"valueRequired\":true,\"valueName\":\"search_term_string\"}}],\"inLanguage\":\"fr-FR\"},{\"@type\":\"Organization\",\"@id\":\"https:\\\/\\\/www.webdo.tn\\\/fr\\\/#organization\",\"name\":\"Webdo\",\"alternateName\":\"Webdo.tn\",\"url\":\"https:\\\/\\\/www.webdo.tn\\\/fr\\\/\",\"logo\":{\"@type\":\"ImageObject\",\"inLanguage\":\"fr-FR\",\"@id\":\"https:\\\/\\\/www.webdo.tn\\\/fr\\\/#\\\/schema\\\/logo\\\/image\\\/\",\"url\":\"https:\\\/\\\/www.webdo.tn\\\/fr\\\/wp-content\\\/uploads\\\/2025\\\/06\\\/Webdo-Tunisie_168377.jpg\",\"contentUrl\":\"https:\\\/\\\/www.webdo.tn\\\/fr\\\/wp-content\\\/uploads\\\/2025\\\/06\\\/Webdo-Tunisie_168377.jpg\",\"width\":301,\"height\":301,\"caption\":\"Webdo\"},\"image\":{\"@id\":\"https:\\\/\\\/www.webdo.tn\\\/fr\\\/#\\\/schema\\\/logo\\\/image\\\/\"},\"sameAs\":[\"https:\\\/\\\/www.facebook.com\\\/webdotn\",\"https:\\\/\\\/x.com\\\/webdo_tn\"],\"description\":\"Webdo est un m\u00e9dia num\u00e9rique tunisien fond\u00e9 en 2010, sp\u00e9cialis\u00e9 dans l\u2019actualit\u00e9 nationale et internationale, l\u2019\u00e9conomie, la soci\u00e9t\u00e9 et les analyses politiques. Le site s\u2019adresse \u00e0 un large public francophone et couvre l\u2019information tunisienne en temps r\u00e9el.\",\"email\":\"redac@webdo.tn\",\"legalName\":\"YNJ SARL\",\"foundingDate\":\"2010-09-06\",\"numberOfEmployees\":{\"@type\":\"QuantitativeValue\",\"minValue\":\"11\",\"maxValue\":\"50\"}},{\"@type\":\"Person\",\"@id\":\"https:\\\/\\\/www.webdo.tn\\\/fr\\\/#\\\/schema\\\/person\\\/2c4929cbf5a809e3bd38617c6ce150f6\",\"name\":\"MC\",\"image\":{\"@type\":\"ImageObject\",\"inLanguage\":\"fr-FR\",\"@id\":\"https:\\\/\\\/secure.gravatar.com\\\/avatar\\\/a545bbb6f84efdd5553dbbc2895e3ca8f1d12c5215e00a041c9670b54aa9b18a?s=96&d=mm&r=g\",\"url\":\"https:\\\/\\\/secure.gravatar.com\\\/avatar\\\/a545bbb6f84efdd5553dbbc2895e3ca8f1d12c5215e00a041c9670b54aa9b18a?s=96&d=mm&r=g\",\"contentUrl\":\"https:\\\/\\\/secure.gravatar.com\\\/avatar\\\/a545bbb6f84efdd5553dbbc2895e3ca8f1d12c5215e00a041c9670b54aa9b18a?s=96&d=mm&r=g\",\"caption\":\"MC\"},\"url\":\"https:\\\/\\\/www.webdo.tn\\\/fr\\\/actualite\\\/author\\\/mc\\\/\"}]}<\/script>\n<!-- \/ Yoast SEO Premium plugin. -->","yoast_head_json":{"title":"Barbara Leaf, sous-secr\u00e9taire d'\u00c9tat US en visite en Tunisie","description":"Barbara Leaf, sous-secr\u00e9taire d'\u00c9tat US pour les Affaires du Proche-Orient, est attendue en Tunisie, la semaine prochaine.","canonical":"https:\/\/www.webdo.tn\/fr\/actualite\/national\/barbara-leaf-sous-secretaire-d-etat-us-en-visite-en-tunisie\/203981\/","og_locale":"fr_FR","og_type":"article","og_title":"Barbara Leaf, sous-secr\u00e9taire d'\u00c9tat US en visite en Tunisie","og_description":"Barbara Leaf, sous-secr\u00e9taire d'\u00c9tat US pour les Affaires du Proche-Orient, est attendue en Tunisie, la semaine prochaine.","og_url":"https:\/\/www.webdo.tn\/fr\/actualite\/national\/barbara-leaf-sous-secretaire-d-etat-us-en-visite-en-tunisie\/203981\/","og_site_name":"webdo","article_publisher":"https:\/\/www.facebook.com\/webdotn","article_published_time":"2023-03-16T13:12:00+00:00","article_modified_time":"2025-05-20T22:01:36+00:00","og_image":[{"width":750,"height":400,"url":"https:\/\/www.webdo.tn\/fr\/wp-content\/uploads\/2023\/03\/863238efbecb7057e54263ddcc672e88.jpg","type":"image\/jpeg"}],"author":"MC","twitter_card":"summary_large_image","twitter_creator":"@webdo_tn","twitter_site":"@webdo_tn","twitter_misc":{"\u00c9crit par":"MC","Dur\u00e9e de lecture estim\u00e9e":"1 minute"},"schema":{"@context":"https:\/\/schema.org","@graph":[{"@type":"NewsArticle","@id":"https:\/\/www.webdo.tn\/fr\/actualite\/national\/barbara-leaf-sous-secretaire-d-etat-us-en-visite-en-tunisie\/203981\/#article","isPartOf":{"@id":"https:\/\/www.webdo.tn\/fr\/actualite\/national\/barbara-leaf-sous-secretaire-d-etat-us-en-visite-en-tunisie\/203981\/"},"author":{"name":"MC","@id":"https:\/\/www.webdo.tn\/fr\/#\/schema\/person\/2c4929cbf5a809e3bd38617c6ce150f6"},"headline":"Barbara Leaf, sous-secr\u00e9taire d&rsquo;\u00c9tat US en visite en Tunisie","datePublished":"2023-03-16T13:12:00+00:00","dateModified":"2025-05-20T22:01:36+00:00","mainEntityOfPage":{"@id":"https:\/\/www.webdo.tn\/fr\/actualite\/national\/barbara-leaf-sous-secretaire-d-etat-us-en-visite-en-tunisie\/203981\/"},"wordCount":225,"commentCount":0,"publisher":{"@id":"https:\/\/www.webdo.tn\/fr\/#organization"},"image":{"@id":"https:\/\/www.webdo.tn\/fr\/actualite\/national\/barbara-leaf-sous-secretaire-d-etat-us-en-visite-en-tunisie\/203981\/#primaryimage"},"thumbnailUrl":"https:\/\/www.webdo.tn\/fr\/wp-content\/uploads\/2023\/03\/863238efbecb7057e54263ddcc672e88.jpg","keywords":["barbara leaf","Etats-Unis","Tunisie"],"articleSection":["National"],"inLanguage":"fr-FR"},{"@type":"WebPage","@id":"https:\/\/www.webdo.tn\/fr\/actualite\/national\/barbara-leaf-sous-secretaire-d-etat-us-en-visite-en-tunisie\/203981\/","url":"https:\/\/www.webdo.tn\/fr\/actualite\/national\/barbara-leaf-sous-secretaire-d-etat-us-en-visite-en-tunisie\/203981\/","name":"Barbara Leaf, sous-secr\u00e9taire d'\u00c9tat US en visite en Tunisie","isPartOf":{"@id":"https:\/\/www.webdo.tn\/fr\/#website"},"primaryImageOfPage":{"@id":"https:\/\/www.webdo.tn\/fr\/actualite\/national\/barbara-leaf-sous-secretaire-d-etat-us-en-visite-en-tunisie\/203981\/#primaryimage"},"image":{"@id":"https:\/\/www.webdo.tn\/fr\/actualite\/national\/barbara-leaf-sous-secretaire-d-etat-us-en-visite-en-tunisie\/203981\/#primaryimage"},"thumbnailUrl":"https:\/\/www.webdo.tn\/fr\/wp-content\/uploads\/2023\/03\/863238efbecb7057e54263ddcc672e88.jpg","datePublished":"2023-03-16T13:12:00+00:00","dateModified":"2025-05-20T22:01:36+00:00","description":"Barbara Leaf, sous-secr\u00e9taire d'\u00c9tat US pour les Affaires du Proche-Orient, est attendue en Tunisie, la semaine prochaine.","breadcrumb":{"@id":"https:\/\/www.webdo.tn\/fr\/actualite\/national\/barbara-leaf-sous-secretaire-d-etat-us-en-visite-en-tunisie\/203981\/#breadcrumb"},"inLanguage":"fr-FR","potentialAction":[{"@type":"ReadAction","target":["https:\/\/www.webdo.tn\/fr\/actualite\/national\/barbara-leaf-sous-secretaire-d-etat-us-en-visite-en-tunisie\/203981\/"]}]},{"@type":"ImageObject","inLanguage":"fr-FR","@id":"https:\/\/www.webdo.tn\/fr\/actualite\/national\/barbara-leaf-sous-secretaire-d-etat-us-en-visite-en-tunisie\/203981\/#primaryimage","url":"https:\/\/www.webdo.tn\/fr\/wp-content\/uploads\/2023\/03\/863238efbecb7057e54263ddcc672e88.jpg","contentUrl":"https:\/\/www.webdo.tn\/fr\/wp-content\/uploads\/2023\/03\/863238efbecb7057e54263ddcc672e88.jpg","width":750,"height":400,"caption":"Barbara Leaf, sous-secr\u00e9taire d'\u00c9tat US en visite en Tunisie"},{"@type":"BreadcrumbList","@id":"https:\/\/www.webdo.tn\/fr\/actualite\/national\/barbara-leaf-sous-secretaire-d-etat-us-en-visite-en-tunisie\/203981\/#breadcrumb","itemListElement":[{"@type":"ListItem","position":1,"name":"Accueil","item":"https:\/\/www.webdo.tn\/fr\/"},{"@type":"ListItem","position":2,"name":"Barbara Leaf, sous-secr\u00e9taire d&#8217;\u00c9tat US en visite en Tunisie"}]},{"@type":"WebSite","@id":"https:\/\/www.webdo.tn\/fr\/#website","url":"https:\/\/www.webdo.tn\/fr\/","name":"webdo","description":"Tunisie - News en Tunisie et \u00e0 l&#039;international sur Webdo.tn","publisher":{"@id":"https:\/\/www.webdo.tn\/fr\/#organization"},"potentialAction":[{"@type":"SearchAction","target":{"@type":"EntryPoint","urlTemplate":"https:\/\/www.webdo.tn\/fr\/?s={search_term_string}"},"query-input":{"@type":"PropertyValueSpecification","valueRequired":true,"valueName":"search_term_string"}}],"inLanguage":"fr-FR"},{"@type":"Organization","@id":"https:\/\/www.webdo.tn\/fr\/#organization","name":"Webdo","alternateName":"Webdo.tn","url":"https:\/\/www.webdo.tn\/fr\/","logo":{"@type":"ImageObject","inLanguage":"fr-FR","@id":"https:\/\/www.webdo.tn\/fr\/#\/schema\/logo\/image\/","url":"https:\/\/www.webdo.tn\/fr\/wp-content\/uploads\/2025\/06\/Webdo-Tunisie_168377.jpg","contentUrl":"https:\/\/www.webdo.tn\/fr\/wp-content\/uploads\/2025\/06\/Webdo-Tunisie_168377.jpg","width":301,"height":301,"caption":"Webdo"},"image":{"@id":"https:\/\/www.webdo.tn\/fr\/#\/schema\/logo\/image\/"},"sameAs":["https:\/\/www.facebook.com\/webdotn","https:\/\/x.com\/webdo_tn"],"description":"Webdo est un m\u00e9dia num\u00e9rique tunisien fond\u00e9 en 2010, sp\u00e9cialis\u00e9 dans l\u2019actualit\u00e9 nationale et internationale, l\u2019\u00e9conomie, la soci\u00e9t\u00e9 et les analyses politiques. Le site s\u2019adresse \u00e0 un large public francophone et couvre l\u2019information tunisienne en temps r\u00e9el.","email":"redac@webdo.tn","legalName":"YNJ SARL","foundingDate":"2010-09-06","numberOfEmployees":{"@type":"QuantitativeValue","minValue":"11","maxValue":"50"}},{"@type":"Person","@id":"https:\/\/www.webdo.tn\/fr\/#\/schema\/person\/2c4929cbf5a809e3bd38617c6ce150f6","name":"MC","image":{"@type":"ImageObject","inLanguage":"fr-FR","@id":"https:\/\/secure.gravatar.com\/avatar\/a545bbb6f84efdd5553dbbc2895e3ca8f1d12c5215e00a041c9670b54aa9b18a?s=96&d=mm&r=g","url":"https:\/\/secure.gravatar.com\/avatar\/a545bbb6f84efdd5553dbbc2895e3ca8f1d12c5215e00a041c9670b54aa9b18a?s=96&d=mm&r=g","contentUrl":"https:\/\/secure.gravatar.com\/avatar\/a545bbb6f84efdd5553dbbc2895e3ca8f1d12c5215e00a041c9670b54aa9b18a?s=96&d=mm&r=g","caption":"MC"},"url":"https:\/\/www.webdo.tn\/fr\/actualite\/author\/mc\/"}]}},"_links":{"self":[{"href":"https:\/\/www.webdo.tn\/fr\/wp-json\/wp\/v2\/posts\/203981","targetHints":{"allow":["GET"]}}],"collection":[{"href":"https:\/\/www.webdo.tn\/fr\/wp-json\/wp\/v2\/posts"}],"about":[{"href":"https:\/\/www.webdo.tn\/fr\/wp-json\/wp\/v2\/types\/post"}],"author":[{"embeddable":true,"href":"https:\/\/www.webdo.tn\/fr\/wp-json\/wp\/v2\/users\/3162"}],"replies":[{"embeddable":true,"href":"https:\/\/www.webdo.tn\/fr\/wp-json\/wp\/v2\/comments?post=203981"}],"version-history":[{"count":0,"href":"https:\/\/www.webdo.tn\/fr\/wp-json\/wp\/v2\/posts\/203981\/revisions"}],"wp:featuredmedia":[{"embeddable":true,"href":"https:\/\/www.webdo.tn\/fr\/wp-json\/wp\/v2\/media\/251728"}],"wp:attachment":[{"href":"https:\/\/www.webdo.tn\/fr\/wp-json\/wp\/v2\/media?parent=203981"}],"wp:term":[{"taxonomy":"category","embeddable":true,"href":"https:\/\/www.webdo.tn\/fr\/wp-json\/wp\/v2\/categories?post=203981"},{"taxonomy":"post_tag","embeddable":true,"href":"https:\/\/www.webdo.tn\/fr\/wp-json\/wp\/v2\/tags?post=203981"}],"curies":[{"name":"wp","href":"https:\/\/api.w.org\/{rel}","templated":true}]}}