{"id":203972,"date":"2023-03-16T10:07:00","date_gmt":"2023-03-16T10:07:00","guid":{"rendered":"https:\/\/www.webdo.tn\/fr\/blog\/immigration-irreguliere-giorgia-meloni-va-exhorter-l-europe-a-soutenir-la-tunisie\/203972\/"},"modified":"2025-05-20T22:01:36","modified_gmt":"2025-05-20T22:01:36","slug":"immigration-irreguliere-giorgia-meloni-va-exhorter-l-europe-a-soutenir-la-tunisie","status":"publish","type":"post","link":"https:\/\/www.webdo.tn\/fr\/actualite\/national\/immigration-irreguliere-giorgia-meloni-va-exhorter-l-europe-a-soutenir-la-tunisie\/203972\/","title":{"rendered":"Immigration irr\u00e9guli\u00e8re : Giorgia Meloni va exhorter l\u2019Europe \u00e0 soutenir la Tunisie"},"content":{"rendered":"<p>Apr\u00e8s l\u2019appel lanc\u00e9 par le ministre des Affaires \u00e9trang\u00e8res et de la Coop\u00e9ration italien, Antonio Tajani, au tour de la Cheffe du gouvernement italien, Giorgia Meloni de r\u00e9agir.<\/p>\n<p>\t\t\t\t\t\t\t\t\tL\u2019Italie de Giorgia Meloni s\u2019inqui\u00e8te du ph\u00e9nom\u00e8ne de l\u2019immigration irr\u00e9guli\u00e8re. La Cheffe du gouvernement a assur\u00e9, hier, mercredi 15 mars 2023, devant le S\u00e9nat, que durant les prochaines semaines elle demandera des r\u00e9ponses fortes au niveau europ\u00e9en pour soutenir les pays de l&rsquo;Afrique du Nord et surtout la Tunisie qui passe par une crise \u00e9conomique.<\/p>\n<p>Giorgia Meloni a abord\u00e9 le ph\u00e9nom\u00e8ne de \u00ab\u00a0l&rsquo;exode africain vers les c\u00f4tes siciliennes\u00a0\u00bb, soulignant que \u00ab\u00a0la Tunisie passe par une crique dont les cons\u00e9quences inqui\u00e8tent au-del\u00e0 de l&rsquo;Italie\u00a0\u00bb.<\/p>\n<p>Un appel qui rejoint celui de son ministre des Affaires \u00e9trang\u00e8res, ce dernier d\u00e9clarant, hier, mercredi 15 mars, \u00ab\u00a0qu\u2019il faut soutenir la Tunisie puisque c&rsquo;est l\u00e0 o\u00f9 le flux migratoire est de plus en plus important\u00a0\u00bb.<\/p>\n<p>Antonio Tajani a mis en exergue le soutien de l&rsquo;Italie \u00e0 la Tunisie, soulignant que son pays \u0153uvre \u00e0 envoyer des aides \u00e9conomiques \u00e0 la Tunisie afin de lui \u00e9viter la chute financi\u00e8re.<\/p>\n<p>Il a reconnu que le situation en Tunisie est tr\u00e8s compliqu\u00e9e et appel\u00e9, notamment les Emirats arabes unis \u00e0 accorder une aide d\u2019urgence de 500 millions de dollars \u00e0 la Tunisie pour lui permettre de d\u00e9passer la crise actuelle.<\/p>\n<p>A noter que le Conseil europ\u00e9en des affaires \u00e9trang\u00e8res doit examiner, lundi prochain,\u00a0 la situation en Tunisie, selon l&rsquo;appareil ex\u00e9cutif europ\u00e9en.<\/p>\n<p>Lundi 13 mars, un parlementaire du parti d\u2019extr\u00eame droite \u00ab\u00a0Fr\u00e8res d\u2019Italie\u00a0\u00bb de Giorgia Meloni, a tir\u00e9 la sonnette d\u2019alarme, \u00e9voquant des rapports de renseignement selon lesquels 685.000 migrants se trouvent en Libye dans l\u2019attente d\u2019une opportunit\u00e9 de partir par la mer vers l\u2019Italie.<\/p>\n<p>Sauf qu\u2019un responsable des migrations de l\u2019ONU, Flavio Di Giacomo a qualifi\u00e9 ce chiffre de non cr\u00e9dible et qualifi\u00e9 ces d\u00e9clarations d\u2019alarmistes.<\/p>\n<p>\u00ab\u00a0L\u2019estimation des services de renseignement italiens est la derni\u00e8re d\u2019une longue s\u00e9rie d\u2019alarmes que nous avons vues au cours des 10, 12 derni\u00e8res ann\u00e9es, qui se sont av\u00e9r\u00e9es erron\u00e9es\u00a0\u00bb, pr\u00e9cise M. Di Giacomo, ajoutant que \u00ab\u00a0ce chiffre ne semble pas absolument cr\u00e9dible\u00a0\u00bb.<\/p>\n<p>Depuis le d\u00e9but de cette ann\u00e9e, jusqu\u2019au 10 mars, quelque 17.600 personnes sont arriv\u00e9es, dont quelques milliers qui ont d\u00e9barqu\u00e9 dans les ports italiens ces derniers jours. C\u2019est environ le triple du nombre pour la m\u00eame p\u00e9riode au cours de chacune des deux ann\u00e9es pr\u00e9c\u00e9dentes, selon lui.<\/p>\n","protected":false},"excerpt":{"rendered":"<p>La Cheffe du gouvernement italien, Giorgia Meloni s\u2019inqui\u00e8te du ph\u00e9nom\u00e8ne de l\u2019immigration irr\u00e9guli\u00e8re.<\/p>\n","protected":false},"author":3162,"featured_media":251725,"comment_status":"open","ping_status":"closed","sticky":false,"template":"","format":"standard","meta":{"footnotes":""},"categories":[44],"tags":[8678,2660,2608],"class_list":["post-203972","post","type-post","status-publish","format-standard","has-post-thumbnail","hentry","category-national","tag-immigration-irreguliere","tag-italie","tag-tunisie"],"yoast_head":"<!-- This site is optimized with the Yoast SEO Premium plugin v27.5 (Yoast SEO v27.5) - https:\/\/yoast.com\/product\/yoast-seo-premium-wordpress\/ -->\n<title>Immigration irr\u00e9guli\u00e8re : Giorgia Meloni va exhorter l\u2019Europe \u00e0 soutenir la Tunisie<\/title>\n<meta name=\"description\" content=\"La Cheffe du gouvernement italien, Giorgia Meloni s\u2019inqui\u00e8te du ph\u00e9nom\u00e8ne de l\u2019immigration irr\u00e9guli\u00e8re.\" \/>\n<link rel=\"canonical\" href=\"https:\/\/www.webdo.tn\/fr\/actualite\/national\/immigration-irreguliere-giorgia-meloni-va-exhorter-l-europe-a-soutenir-la-tunisie\/203972\/\" \/>\n<meta property=\"og:locale\" content=\"fr_FR\" \/>\n<meta property=\"og:type\" content=\"article\" \/>\n<meta property=\"og:title\" content=\"Immigration irr\u00e9guli\u00e8re : Giorgia Meloni va exhorter l\u2019Europe \u00e0 soutenir la Tunisie\" \/>\n<meta property=\"og:description\" content=\"La Cheffe du gouvernement italien, Giorgia Meloni s\u2019inqui\u00e8te du ph\u00e9nom\u00e8ne de l\u2019immigration irr\u00e9guli\u00e8re.\" \/>\n<meta property=\"og:url\" content=\"https:\/\/www.webdo.tn\/fr\/actualite\/national\/immigration-irreguliere-giorgia-meloni-va-exhorter-l-europe-a-soutenir-la-tunisie\/203972\/\" \/>\n<meta property=\"og:site_name\" content=\"webdo\" \/>\n<meta property=\"article:publisher\" content=\"https:\/\/www.facebook.com\/webdotn\" \/>\n<meta property=\"article:published_time\" content=\"2023-03-16T10:07:00+00:00\" \/>\n<meta property=\"article:modified_time\" content=\"2025-05-20T22:01:36+00:00\" \/>\n<meta property=\"og:image\" content=\"https:\/\/www.webdo.tn\/fr\/wp-content\/uploads\/2023\/03\/811bbb6e50537a38cc10ebe8a2a0ae57.jpg\" \/>\n\t<meta property=\"og:image:width\" content=\"750\" \/>\n\t<meta property=\"og:image:height\" content=\"400\" \/>\n\t<meta property=\"og:image:type\" content=\"image\/jpeg\" \/>\n<meta name=\"author\" content=\"MC\" \/>\n<meta name=\"twitter:card\" content=\"summary_large_image\" \/>\n<meta name=\"twitter:creator\" content=\"@webdo_tn\" \/>\n<meta name=\"twitter:site\" content=\"@webdo_tn\" \/>\n<meta name=\"twitter:label1\" content=\"\u00c9crit par\" \/>\n\t<meta name=\"twitter:data1\" content=\"MC\" \/>\n\t<meta name=\"twitter:label2\" content=\"Dur\u00e9e de lecture estim\u00e9e\" \/>\n\t<meta name=\"twitter:data2\" content=\"2 minutes\" \/>\n<script type=\"application\/ld+json\" class=\"yoast-schema-graph\">{\"@context\":\"https:\\\/\\\/schema.org\",\"@graph\":[{\"@type\":\"NewsArticle\",\"@id\":\"https:\\\/\\\/www.webdo.tn\\\/fr\\\/actualite\\\/national\\\/immigration-irreguliere-giorgia-meloni-va-exhorter-l-europe-a-soutenir-la-tunisie\\\/203972\\\/#article\",\"isPartOf\":{\"@id\":\"https:\\\/\\\/www.webdo.tn\\\/fr\\\/actualite\\\/national\\\/immigration-irreguliere-giorgia-meloni-va-exhorter-l-europe-a-soutenir-la-tunisie\\\/203972\\\/\"},\"author\":{\"name\":\"MC\",\"@id\":\"https:\\\/\\\/www.webdo.tn\\\/fr\\\/#\\\/schema\\\/person\\\/2c4929cbf5a809e3bd38617c6ce150f6\"},\"headline\":\"Immigration irr\u00e9guli\u00e8re : Giorgia Meloni va exhorter l\u2019Europe \u00e0 soutenir la Tunisie\",\"datePublished\":\"2023-03-16T10:07:00+00:00\",\"dateModified\":\"2025-05-20T22:01:36+00:00\",\"mainEntityOfPage\":{\"@id\":\"https:\\\/\\\/www.webdo.tn\\\/fr\\\/actualite\\\/national\\\/immigration-irreguliere-giorgia-meloni-va-exhorter-l-europe-a-soutenir-la-tunisie\\\/203972\\\/\"},\"wordCount\":467,\"commentCount\":0,\"publisher\":{\"@id\":\"https:\\\/\\\/www.webdo.tn\\\/fr\\\/#organization\"},\"image\":{\"@id\":\"https:\\\/\\\/www.webdo.tn\\\/fr\\\/actualite\\\/national\\\/immigration-irreguliere-giorgia-meloni-va-exhorter-l-europe-a-soutenir-la-tunisie\\\/203972\\\/#primaryimage\"},\"thumbnailUrl\":\"https:\\\/\\\/www.webdo.tn\\\/fr\\\/wp-content\\\/uploads\\\/2023\\\/03\\\/811bbb6e50537a38cc10ebe8a2a0ae57.jpg\",\"keywords\":[\"immigration irr\u00e9guli\u00e8re\",\"Italie\",\"Tunisie\"],\"articleSection\":[\"National\"],\"inLanguage\":\"fr-FR\"},{\"@type\":\"WebPage\",\"@id\":\"https:\\\/\\\/www.webdo.tn\\\/fr\\\/actualite\\\/national\\\/immigration-irreguliere-giorgia-meloni-va-exhorter-l-europe-a-soutenir-la-tunisie\\\/203972\\\/\",\"url\":\"https:\\\/\\\/www.webdo.tn\\\/fr\\\/actualite\\\/national\\\/immigration-irreguliere-giorgia-meloni-va-exhorter-l-europe-a-soutenir-la-tunisie\\\/203972\\\/\",\"name\":\"Immigration irr\u00e9guli\u00e8re : Giorgia Meloni va exhorter l\u2019Europe \u00e0 soutenir la Tunisie\",\"isPartOf\":{\"@id\":\"https:\\\/\\\/www.webdo.tn\\\/fr\\\/#website\"},\"primaryImageOfPage\":{\"@id\":\"https:\\\/\\\/www.webdo.tn\\\/fr\\\/actualite\\\/national\\\/immigration-irreguliere-giorgia-meloni-va-exhorter-l-europe-a-soutenir-la-tunisie\\\/203972\\\/#primaryimage\"},\"image\":{\"@id\":\"https:\\\/\\\/www.webdo.tn\\\/fr\\\/actualite\\\/national\\\/immigration-irreguliere-giorgia-meloni-va-exhorter-l-europe-a-soutenir-la-tunisie\\\/203972\\\/#primaryimage\"},\"thumbnailUrl\":\"https:\\\/\\\/www.webdo.tn\\\/fr\\\/wp-content\\\/uploads\\\/2023\\\/03\\\/811bbb6e50537a38cc10ebe8a2a0ae57.jpg\",\"datePublished\":\"2023-03-16T10:07:00+00:00\",\"dateModified\":\"2025-05-20T22:01:36+00:00\",\"description\":\"La Cheffe du gouvernement italien, Giorgia Meloni s\u2019inqui\u00e8te du ph\u00e9nom\u00e8ne de l\u2019immigration irr\u00e9guli\u00e8re.\",\"breadcrumb\":{\"@id\":\"https:\\\/\\\/www.webdo.tn\\\/fr\\\/actualite\\\/national\\\/immigration-irreguliere-giorgia-meloni-va-exhorter-l-europe-a-soutenir-la-tunisie\\\/203972\\\/#breadcrumb\"},\"inLanguage\":\"fr-FR\",\"potentialAction\":[{\"@type\":\"ReadAction\",\"target\":[\"https:\\\/\\\/www.webdo.tn\\\/fr\\\/actualite\\\/national\\\/immigration-irreguliere-giorgia-meloni-va-exhorter-l-europe-a-soutenir-la-tunisie\\\/203972\\\/\"]}]},{\"@type\":\"ImageObject\",\"inLanguage\":\"fr-FR\",\"@id\":\"https:\\\/\\\/www.webdo.tn\\\/fr\\\/actualite\\\/national\\\/immigration-irreguliere-giorgia-meloni-va-exhorter-l-europe-a-soutenir-la-tunisie\\\/203972\\\/#primaryimage\",\"url\":\"https:\\\/\\\/www.webdo.tn\\\/fr\\\/wp-content\\\/uploads\\\/2023\\\/03\\\/811bbb6e50537a38cc10ebe8a2a0ae57.jpg\",\"contentUrl\":\"https:\\\/\\\/www.webdo.tn\\\/fr\\\/wp-content\\\/uploads\\\/2023\\\/03\\\/811bbb6e50537a38cc10ebe8a2a0ae57.jpg\",\"width\":750,\"height\":400,\"caption\":\"Immigration irr\u00e9guli\u00e8re : Giorgia Meloni va exhorter l\u2019Europe \u00e0 soutenir la Tunisie\"},{\"@type\":\"BreadcrumbList\",\"@id\":\"https:\\\/\\\/www.webdo.tn\\\/fr\\\/actualite\\\/national\\\/immigration-irreguliere-giorgia-meloni-va-exhorter-l-europe-a-soutenir-la-tunisie\\\/203972\\\/#breadcrumb\",\"itemListElement\":[{\"@type\":\"ListItem\",\"position\":1,\"name\":\"Accueil\",\"item\":\"https:\\\/\\\/www.webdo.tn\\\/fr\\\/\"},{\"@type\":\"ListItem\",\"position\":2,\"name\":\"Immigration irr\u00e9guli\u00e8re : Giorgia Meloni va exhorter l\u2019Europe \u00e0 soutenir la Tunisie\"}]},{\"@type\":\"WebSite\",\"@id\":\"https:\\\/\\\/www.webdo.tn\\\/fr\\\/#website\",\"url\":\"https:\\\/\\\/www.webdo.tn\\\/fr\\\/\",\"name\":\"webdo\",\"description\":\"Tunisie - News en Tunisie et \u00e0 l&#039;international sur Webdo.tn\",\"publisher\":{\"@id\":\"https:\\\/\\\/www.webdo.tn\\\/fr\\\/#organization\"},\"potentialAction\":[{\"@type\":\"SearchAction\",\"target\":{\"@type\":\"EntryPoint\",\"urlTemplate\":\"https:\\\/\\\/www.webdo.tn\\\/fr\\\/?s={search_term_string}\"},\"query-input\":{\"@type\":\"PropertyValueSpecification\",\"valueRequired\":true,\"valueName\":\"search_term_string\"}}],\"inLanguage\":\"fr-FR\"},{\"@type\":\"Organization\",\"@id\":\"https:\\\/\\\/www.webdo.tn\\\/fr\\\/#organization\",\"name\":\"Webdo\",\"alternateName\":\"Webdo.tn\",\"url\":\"https:\\\/\\\/www.webdo.tn\\\/fr\\\/\",\"logo\":{\"@type\":\"ImageObject\",\"inLanguage\":\"fr-FR\",\"@id\":\"https:\\\/\\\/www.webdo.tn\\\/fr\\\/#\\\/schema\\\/logo\\\/image\\\/\",\"url\":\"https:\\\/\\\/www.webdo.tn\\\/fr\\\/wp-content\\\/uploads\\\/2025\\\/06\\\/Webdo-Tunisie_168377.jpg\",\"contentUrl\":\"https:\\\/\\\/www.webdo.tn\\\/fr\\\/wp-content\\\/uploads\\\/2025\\\/06\\\/Webdo-Tunisie_168377.jpg\",\"width\":301,\"height\":301,\"caption\":\"Webdo\"},\"image\":{\"@id\":\"https:\\\/\\\/www.webdo.tn\\\/fr\\\/#\\\/schema\\\/logo\\\/image\\\/\"},\"sameAs\":[\"https:\\\/\\\/www.facebook.com\\\/webdotn\",\"https:\\\/\\\/x.com\\\/webdo_tn\"],\"description\":\"Webdo est un m\u00e9dia num\u00e9rique tunisien fond\u00e9 en 2010, sp\u00e9cialis\u00e9 dans l\u2019actualit\u00e9 nationale et internationale, l\u2019\u00e9conomie, la soci\u00e9t\u00e9 et les analyses politiques. Le site s\u2019adresse \u00e0 un large public francophone et couvre l\u2019information tunisienne en temps r\u00e9el.\",\"email\":\"redac@webdo.tn\",\"legalName\":\"YNJ SARL\",\"foundingDate\":\"2010-09-06\",\"numberOfEmployees\":{\"@type\":\"QuantitativeValue\",\"minValue\":\"11\",\"maxValue\":\"50\"}},{\"@type\":\"Person\",\"@id\":\"https:\\\/\\\/www.webdo.tn\\\/fr\\\/#\\\/schema\\\/person\\\/2c4929cbf5a809e3bd38617c6ce150f6\",\"name\":\"MC\",\"image\":{\"@type\":\"ImageObject\",\"inLanguage\":\"fr-FR\",\"@id\":\"https:\\\/\\\/secure.gravatar.com\\\/avatar\\\/a545bbb6f84efdd5553dbbc2895e3ca8f1d12c5215e00a041c9670b54aa9b18a?s=96&d=mm&r=g\",\"url\":\"https:\\\/\\\/secure.gravatar.com\\\/avatar\\\/a545bbb6f84efdd5553dbbc2895e3ca8f1d12c5215e00a041c9670b54aa9b18a?s=96&d=mm&r=g\",\"contentUrl\":\"https:\\\/\\\/secure.gravatar.com\\\/avatar\\\/a545bbb6f84efdd5553dbbc2895e3ca8f1d12c5215e00a041c9670b54aa9b18a?s=96&d=mm&r=g\",\"caption\":\"MC\"},\"url\":\"https:\\\/\\\/www.webdo.tn\\\/fr\\\/actualite\\\/author\\\/mc\\\/\"}]}<\/script>\n<!-- \/ Yoast SEO Premium plugin. -->","yoast_head_json":{"title":"Immigration irr\u00e9guli\u00e8re : Giorgia Meloni va exhorter l\u2019Europe \u00e0 soutenir la Tunisie","description":"La Cheffe du gouvernement italien, Giorgia Meloni s\u2019inqui\u00e8te du ph\u00e9nom\u00e8ne de l\u2019immigration irr\u00e9guli\u00e8re.","canonical":"https:\/\/www.webdo.tn\/fr\/actualite\/national\/immigration-irreguliere-giorgia-meloni-va-exhorter-l-europe-a-soutenir-la-tunisie\/203972\/","og_locale":"fr_FR","og_type":"article","og_title":"Immigration irr\u00e9guli\u00e8re : Giorgia Meloni va exhorter l\u2019Europe \u00e0 soutenir la Tunisie","og_description":"La Cheffe du gouvernement italien, Giorgia Meloni s\u2019inqui\u00e8te du ph\u00e9nom\u00e8ne de l\u2019immigration irr\u00e9guli\u00e8re.","og_url":"https:\/\/www.webdo.tn\/fr\/actualite\/national\/immigration-irreguliere-giorgia-meloni-va-exhorter-l-europe-a-soutenir-la-tunisie\/203972\/","og_site_name":"webdo","article_publisher":"https:\/\/www.facebook.com\/webdotn","article_published_time":"2023-03-16T10:07:00+00:00","article_modified_time":"2025-05-20T22:01:36+00:00","og_image":[{"width":750,"height":400,"url":"https:\/\/www.webdo.tn\/fr\/wp-content\/uploads\/2023\/03\/811bbb6e50537a38cc10ebe8a2a0ae57.jpg","type":"image\/jpeg"}],"author":"MC","twitter_card":"summary_large_image","twitter_creator":"@webdo_tn","twitter_site":"@webdo_tn","twitter_misc":{"\u00c9crit par":"MC","Dur\u00e9e de lecture estim\u00e9e":"2 minutes"},"schema":{"@context":"https:\/\/schema.org","@graph":[{"@type":"NewsArticle","@id":"https:\/\/www.webdo.tn\/fr\/actualite\/national\/immigration-irreguliere-giorgia-meloni-va-exhorter-l-europe-a-soutenir-la-tunisie\/203972\/#article","isPartOf":{"@id":"https:\/\/www.webdo.tn\/fr\/actualite\/national\/immigration-irreguliere-giorgia-meloni-va-exhorter-l-europe-a-soutenir-la-tunisie\/203972\/"},"author":{"name":"MC","@id":"https:\/\/www.webdo.tn\/fr\/#\/schema\/person\/2c4929cbf5a809e3bd38617c6ce150f6"},"headline":"Immigration irr\u00e9guli\u00e8re : Giorgia Meloni va exhorter l\u2019Europe \u00e0 soutenir la Tunisie","datePublished":"2023-03-16T10:07:00+00:00","dateModified":"2025-05-20T22:01:36+00:00","mainEntityOfPage":{"@id":"https:\/\/www.webdo.tn\/fr\/actualite\/national\/immigration-irreguliere-giorgia-meloni-va-exhorter-l-europe-a-soutenir-la-tunisie\/203972\/"},"wordCount":467,"commentCount":0,"publisher":{"@id":"https:\/\/www.webdo.tn\/fr\/#organization"},"image":{"@id":"https:\/\/www.webdo.tn\/fr\/actualite\/national\/immigration-irreguliere-giorgia-meloni-va-exhorter-l-europe-a-soutenir-la-tunisie\/203972\/#primaryimage"},"thumbnailUrl":"https:\/\/www.webdo.tn\/fr\/wp-content\/uploads\/2023\/03\/811bbb6e50537a38cc10ebe8a2a0ae57.jpg","keywords":["immigration irr\u00e9guli\u00e8re","Italie","Tunisie"],"articleSection":["National"],"inLanguage":"fr-FR"},{"@type":"WebPage","@id":"https:\/\/www.webdo.tn\/fr\/actualite\/national\/immigration-irreguliere-giorgia-meloni-va-exhorter-l-europe-a-soutenir-la-tunisie\/203972\/","url":"https:\/\/www.webdo.tn\/fr\/actualite\/national\/immigration-irreguliere-giorgia-meloni-va-exhorter-l-europe-a-soutenir-la-tunisie\/203972\/","name":"Immigration irr\u00e9guli\u00e8re : Giorgia Meloni va exhorter l\u2019Europe \u00e0 soutenir la Tunisie","isPartOf":{"@id":"https:\/\/www.webdo.tn\/fr\/#website"},"primaryImageOfPage":{"@id":"https:\/\/www.webdo.tn\/fr\/actualite\/national\/immigration-irreguliere-giorgia-meloni-va-exhorter-l-europe-a-soutenir-la-tunisie\/203972\/#primaryimage"},"image":{"@id":"https:\/\/www.webdo.tn\/fr\/actualite\/national\/immigration-irreguliere-giorgia-meloni-va-exhorter-l-europe-a-soutenir-la-tunisie\/203972\/#primaryimage"},"thumbnailUrl":"https:\/\/www.webdo.tn\/fr\/wp-content\/uploads\/2023\/03\/811bbb6e50537a38cc10ebe8a2a0ae57.jpg","datePublished":"2023-03-16T10:07:00+00:00","dateModified":"2025-05-20T22:01:36+00:00","description":"La Cheffe du gouvernement italien, Giorgia Meloni s\u2019inqui\u00e8te du ph\u00e9nom\u00e8ne de l\u2019immigration irr\u00e9guli\u00e8re.","breadcrumb":{"@id":"https:\/\/www.webdo.tn\/fr\/actualite\/national\/immigration-irreguliere-giorgia-meloni-va-exhorter-l-europe-a-soutenir-la-tunisie\/203972\/#breadcrumb"},"inLanguage":"fr-FR","potentialAction":[{"@type":"ReadAction","target":["https:\/\/www.webdo.tn\/fr\/actualite\/national\/immigration-irreguliere-giorgia-meloni-va-exhorter-l-europe-a-soutenir-la-tunisie\/203972\/"]}]},{"@type":"ImageObject","inLanguage":"fr-FR","@id":"https:\/\/www.webdo.tn\/fr\/actualite\/national\/immigration-irreguliere-giorgia-meloni-va-exhorter-l-europe-a-soutenir-la-tunisie\/203972\/#primaryimage","url":"https:\/\/www.webdo.tn\/fr\/wp-content\/uploads\/2023\/03\/811bbb6e50537a38cc10ebe8a2a0ae57.jpg","contentUrl":"https:\/\/www.webdo.tn\/fr\/wp-content\/uploads\/2023\/03\/811bbb6e50537a38cc10ebe8a2a0ae57.jpg","width":750,"height":400,"caption":"Immigration irr\u00e9guli\u00e8re : Giorgia Meloni va exhorter l\u2019Europe \u00e0 soutenir la Tunisie"},{"@type":"BreadcrumbList","@id":"https:\/\/www.webdo.tn\/fr\/actualite\/national\/immigration-irreguliere-giorgia-meloni-va-exhorter-l-europe-a-soutenir-la-tunisie\/203972\/#breadcrumb","itemListElement":[{"@type":"ListItem","position":1,"name":"Accueil","item":"https:\/\/www.webdo.tn\/fr\/"},{"@type":"ListItem","position":2,"name":"Immigration irr\u00e9guli\u00e8re : Giorgia Meloni va exhorter l\u2019Europe \u00e0 soutenir la Tunisie"}]},{"@type":"WebSite","@id":"https:\/\/www.webdo.tn\/fr\/#website","url":"https:\/\/www.webdo.tn\/fr\/","name":"webdo","description":"Tunisie - News en Tunisie et \u00e0 l&#039;international sur Webdo.tn","publisher":{"@id":"https:\/\/www.webdo.tn\/fr\/#organization"},"potentialAction":[{"@type":"SearchAction","target":{"@type":"EntryPoint","urlTemplate":"https:\/\/www.webdo.tn\/fr\/?s={search_term_string}"},"query-input":{"@type":"PropertyValueSpecification","valueRequired":true,"valueName":"search_term_string"}}],"inLanguage":"fr-FR"},{"@type":"Organization","@id":"https:\/\/www.webdo.tn\/fr\/#organization","name":"Webdo","alternateName":"Webdo.tn","url":"https:\/\/www.webdo.tn\/fr\/","logo":{"@type":"ImageObject","inLanguage":"fr-FR","@id":"https:\/\/www.webdo.tn\/fr\/#\/schema\/logo\/image\/","url":"https:\/\/www.webdo.tn\/fr\/wp-content\/uploads\/2025\/06\/Webdo-Tunisie_168377.jpg","contentUrl":"https:\/\/www.webdo.tn\/fr\/wp-content\/uploads\/2025\/06\/Webdo-Tunisie_168377.jpg","width":301,"height":301,"caption":"Webdo"},"image":{"@id":"https:\/\/www.webdo.tn\/fr\/#\/schema\/logo\/image\/"},"sameAs":["https:\/\/www.facebook.com\/webdotn","https:\/\/x.com\/webdo_tn"],"description":"Webdo est un m\u00e9dia num\u00e9rique tunisien fond\u00e9 en 2010, sp\u00e9cialis\u00e9 dans l\u2019actualit\u00e9 nationale et internationale, l\u2019\u00e9conomie, la soci\u00e9t\u00e9 et les analyses politiques. Le site s\u2019adresse \u00e0 un large public francophone et couvre l\u2019information tunisienne en temps r\u00e9el.","email":"redac@webdo.tn","legalName":"YNJ SARL","foundingDate":"2010-09-06","numberOfEmployees":{"@type":"QuantitativeValue","minValue":"11","maxValue":"50"}},{"@type":"Person","@id":"https:\/\/www.webdo.tn\/fr\/#\/schema\/person\/2c4929cbf5a809e3bd38617c6ce150f6","name":"MC","image":{"@type":"ImageObject","inLanguage":"fr-FR","@id":"https:\/\/secure.gravatar.com\/avatar\/a545bbb6f84efdd5553dbbc2895e3ca8f1d12c5215e00a041c9670b54aa9b18a?s=96&d=mm&r=g","url":"https:\/\/secure.gravatar.com\/avatar\/a545bbb6f84efdd5553dbbc2895e3ca8f1d12c5215e00a041c9670b54aa9b18a?s=96&d=mm&r=g","contentUrl":"https:\/\/secure.gravatar.com\/avatar\/a545bbb6f84efdd5553dbbc2895e3ca8f1d12c5215e00a041c9670b54aa9b18a?s=96&d=mm&r=g","caption":"MC"},"url":"https:\/\/www.webdo.tn\/fr\/actualite\/author\/mc\/"}]}},"_links":{"self":[{"href":"https:\/\/www.webdo.tn\/fr\/wp-json\/wp\/v2\/posts\/203972","targetHints":{"allow":["GET"]}}],"collection":[{"href":"https:\/\/www.webdo.tn\/fr\/wp-json\/wp\/v2\/posts"}],"about":[{"href":"https:\/\/www.webdo.tn\/fr\/wp-json\/wp\/v2\/types\/post"}],"author":[{"embeddable":true,"href":"https:\/\/www.webdo.tn\/fr\/wp-json\/wp\/v2\/users\/3162"}],"replies":[{"embeddable":true,"href":"https:\/\/www.webdo.tn\/fr\/wp-json\/wp\/v2\/comments?post=203972"}],"version-history":[{"count":0,"href":"https:\/\/www.webdo.tn\/fr\/wp-json\/wp\/v2\/posts\/203972\/revisions"}],"wp:featuredmedia":[{"embeddable":true,"href":"https:\/\/www.webdo.tn\/fr\/wp-json\/wp\/v2\/media\/251725"}],"wp:attachment":[{"href":"https:\/\/www.webdo.tn\/fr\/wp-json\/wp\/v2\/media?parent=203972"}],"wp:term":[{"taxonomy":"category","embeddable":true,"href":"https:\/\/www.webdo.tn\/fr\/wp-json\/wp\/v2\/categories?post=203972"},{"taxonomy":"post_tag","embeddable":true,"href":"https:\/\/www.webdo.tn\/fr\/wp-json\/wp\/v2\/tags?post=203972"}],"curies":[{"name":"wp","href":"https:\/\/api.w.org\/{rel}","templated":true}]}}