{"id":203968,"date":"2023-03-16T09:23:00","date_gmt":"2023-03-16T09:23:00","guid":{"rendered":"https:\/\/www.webdo.tn\/fr\/blog\/industrie-automobile-sousse-hub-le-dernier-ne-de-draexlmaier\/203968\/"},"modified":"2025-05-20T22:01:35","modified_gmt":"2025-05-20T22:01:35","slug":"industrie-automobile-sousse-hub-le-dernier-ne-de-draexlmaier","status":"publish","type":"post","link":"https:\/\/www.webdo.tn\/fr\/actualite\/national\/industrie-automobile-sousse-hub-le-dernier-ne-de-draexlmaier\/203968\/","title":{"rendered":"Industrie automobile : \u00ab\u00a0Sousse Hub\u00a0\u00bb, le dernier n\u00e9 de Dr\u00e4xlmaier"},"content":{"rendered":"<p>Dr\u00e4xlmaier, groupe allemand sp\u00e9cialis\u00e9 dans la fabrication des composants automobiles a pos\u00e9, mardi au p\u00f4le de comp\u00e9titivit\u00e9 de Sousse \u00ab\u00a0Novation City\u00a0\u00bb, la premi\u00e8re pierre d&rsquo;un centre de recherche, d&rsquo;innovation et de d\u00e9veloppement technologique. Il a \u00e9galement inaugur\u00e9 une nouvelle unit\u00e9 de production \u00e0 Jammel.<\/p>\n<p>\t\t\t\t\t\t\t\t\tInstall\u00e9 en Tunisie depuis 1974, le groupe allemand Dr\u00e4xlmaier ne cesse de se d\u00e9velopper. Du petit atelier d&rsquo;assemblage de composants \u00e9lectriques, le groupe a d\u00e9velopp\u00e9 sa pr\u00e9sence dans le pays \u00e0 travers cinq sites de production et une \u00e9quipe de quelques 10 mille employ\u00e9s.<\/p>\n<p>\u00ab\u00a0Sousse Hub\u00a0\u00bb est le dernier n\u00e9 de Dr\u00e4xlmaier. Ce centre de recherche sera r\u00e9alis\u00e9 moyennant un investissement d&rsquo;environ 45 millions d&rsquo;euros (environ 150 millions de dinars) et aura pour objectif de d\u00e9velopper le secteur de l&rsquo;industrie et des composants automobiles en Tunisie.<\/p>\n<p>Le centre entrera en exploitation \u00e0 l&rsquo;horizon de 2025 et favorisera l&#8217;emploi de 1000 ing\u00e9nieurs et cadres hautement qualifi\u00e9s, a indiqu\u00e9 la ministre de l&rsquo;Industrie, Neila Nouira Gounji, mercredi 15 mars 2023.<\/p>\n<p>Dr\u00e4xlmaier a inaugur\u00e9, \u00e0 Jammel, une nouvelle unit\u00e9 de production<\/p>\n<p>\u00a0<\/p>\n<p>Dr\u00e4xlmaier a \u00e9galement inaugur\u00e9, \u00e0 Jammel, une nouvelle unit\u00e9 de production qui fournira, au cours de la prochaine p\u00e9riode, 3000 emplois alors que le site offre actuellement 1000 emplois.<\/p>\n<p>D&rsquo;un investissement de 100 millions d&rsquo;euros (environ 333 millions de dinars), cette unit\u00e9 sp\u00e9cialis\u00e9e dans la fabrication d&rsquo;appareils \u00e9lectroniques pour les voitures \u00e9lectriques mise sur l&rsquo;\u00e9nergie solaire photovolta\u00efque pour l&rsquo;\u00e9clairage.<\/p>\n","protected":false},"excerpt":{"rendered":"<p>Dr\u00e4xlmaier a pos\u00e9 au p\u00f4le de comp\u00e9titivit\u00e9 de Sousse  Novation City , la premi\u00e8re pierre d&rsquo;un centre de recherche, d&rsquo;innovation et de d\u00e9veloppement technologiqu&#8230;<\/p>\n","protected":false},"author":3162,"featured_media":251722,"comment_status":"open","ping_status":"closed","sticky":false,"template":"","format":"standard","meta":{"footnotes":""},"categories":[44],"tags":[8674,8675,2699],"class_list":["post-203968","post","type-post","status-publish","format-standard","has-post-thumbnail","hentry","category-national","tag-draxlmaier","tag-jammel","tag-sousse"],"yoast_head":"<!-- This site is optimized with the Yoast SEO Premium plugin v27.5 (Yoast SEO v27.5) - https:\/\/yoast.com\/product\/yoast-seo-premium-wordpress\/ -->\n<title>Industrie automobile : Sousse Hub , le dernier n\u00e9 de Dr\u00e4xlmaier<\/title>\n<meta name=\"description\" content=\"Dr\u00e4xlmaier a pos\u00e9 au p\u00f4le de comp\u00e9titivit\u00e9 de Sousse Novation City , la premi\u00e8re pierre d&#039;un centre de recherche, d&#039;innovation et de d\u00e9veloppement technologiqu...\" \/>\n<link rel=\"canonical\" href=\"https:\/\/www.webdo.tn\/fr\/actualite\/national\/industrie-automobile-sousse-hub-le-dernier-ne-de-draexlmaier\/203968\/\" \/>\n<meta property=\"og:locale\" content=\"fr_FR\" \/>\n<meta property=\"og:type\" content=\"article\" \/>\n<meta property=\"og:title\" content=\"Industrie automobile : &quot;Sousse Hub&quot;, le dernier n\u00e9 de Dr\u00e4xlmaier\" \/>\n<meta property=\"og:description\" content=\"Dr\u00e4xlmaier a pos\u00e9 au p\u00f4le de comp\u00e9titivit\u00e9 de Sousse Novation City , la premi\u00e8re pierre d&#039;un centre de recherche, d&#039;innovation et de d\u00e9veloppement technologiqu...\" \/>\n<meta property=\"og:url\" content=\"https:\/\/www.webdo.tn\/fr\/actualite\/national\/industrie-automobile-sousse-hub-le-dernier-ne-de-draexlmaier\/203968\/\" \/>\n<meta property=\"og:site_name\" content=\"webdo\" \/>\n<meta property=\"article:publisher\" content=\"https:\/\/www.facebook.com\/webdotn\" \/>\n<meta property=\"article:published_time\" content=\"2023-03-16T09:23:00+00:00\" \/>\n<meta property=\"article:modified_time\" content=\"2025-05-20T22:01:35+00:00\" \/>\n<meta property=\"og:image\" content=\"https:\/\/www.webdo.tn\/fr\/wp-content\/uploads\/2023\/03\/fe8dc0d54885d9b3fa13af77f6f4c528.jpg\" \/>\n\t<meta property=\"og:image:width\" content=\"680\" \/>\n\t<meta property=\"og:image:height\" content=\"363\" \/>\n\t<meta property=\"og:image:type\" content=\"image\/jpeg\" \/>\n<meta name=\"author\" content=\"MC\" \/>\n<meta name=\"twitter:card\" content=\"summary_large_image\" \/>\n<meta name=\"twitter:creator\" content=\"@webdo_tn\" \/>\n<meta name=\"twitter:site\" content=\"@webdo_tn\" \/>\n<meta name=\"twitter:label1\" content=\"\u00c9crit par\" \/>\n\t<meta name=\"twitter:data1\" content=\"MC\" \/>\n\t<meta name=\"twitter:label2\" content=\"Dur\u00e9e de lecture estim\u00e9e\" \/>\n\t<meta name=\"twitter:data2\" content=\"1 minute\" \/>\n<script type=\"application\/ld+json\" class=\"yoast-schema-graph\">{\"@context\":\"https:\\\/\\\/schema.org\",\"@graph\":[{\"@type\":\"NewsArticle\",\"@id\":\"https:\\\/\\\/www.webdo.tn\\\/fr\\\/actualite\\\/national\\\/industrie-automobile-sousse-hub-le-dernier-ne-de-draexlmaier\\\/203968\\\/#article\",\"isPartOf\":{\"@id\":\"https:\\\/\\\/www.webdo.tn\\\/fr\\\/actualite\\\/national\\\/industrie-automobile-sousse-hub-le-dernier-ne-de-draexlmaier\\\/203968\\\/\"},\"author\":{\"name\":\"MC\",\"@id\":\"https:\\\/\\\/www.webdo.tn\\\/fr\\\/#\\\/schema\\\/person\\\/2c4929cbf5a809e3bd38617c6ce150f6\"},\"headline\":\"Industrie automobile : \u00ab\u00a0Sousse Hub\u00a0\u00bb, le dernier n\u00e9 de Dr\u00e4xlmaier\",\"datePublished\":\"2023-03-16T09:23:00+00:00\",\"dateModified\":\"2025-05-20T22:01:35+00:00\",\"mainEntityOfPage\":{\"@id\":\"https:\\\/\\\/www.webdo.tn\\\/fr\\\/actualite\\\/national\\\/industrie-automobile-sousse-hub-le-dernier-ne-de-draexlmaier\\\/203968\\\/\"},\"wordCount\":260,\"commentCount\":0,\"publisher\":{\"@id\":\"https:\\\/\\\/www.webdo.tn\\\/fr\\\/#organization\"},\"image\":{\"@id\":\"https:\\\/\\\/www.webdo.tn\\\/fr\\\/actualite\\\/national\\\/industrie-automobile-sousse-hub-le-dernier-ne-de-draexlmaier\\\/203968\\\/#primaryimage\"},\"thumbnailUrl\":\"https:\\\/\\\/www.webdo.tn\\\/fr\\\/wp-content\\\/uploads\\\/2023\\\/03\\\/fe8dc0d54885d9b3fa13af77f6f4c528.jpg\",\"keywords\":[\"Dr\u00e4xlmaier\",\"jammel\",\"Sousse\"],\"articleSection\":[\"National\"],\"inLanguage\":\"fr-FR\"},{\"@type\":\"WebPage\",\"@id\":\"https:\\\/\\\/www.webdo.tn\\\/fr\\\/actualite\\\/national\\\/industrie-automobile-sousse-hub-le-dernier-ne-de-draexlmaier\\\/203968\\\/\",\"url\":\"https:\\\/\\\/www.webdo.tn\\\/fr\\\/actualite\\\/national\\\/industrie-automobile-sousse-hub-le-dernier-ne-de-draexlmaier\\\/203968\\\/\",\"name\":\"Industrie automobile : Sousse Hub , le dernier n\u00e9 de Dr\u00e4xlmaier\",\"isPartOf\":{\"@id\":\"https:\\\/\\\/www.webdo.tn\\\/fr\\\/#website\"},\"primaryImageOfPage\":{\"@id\":\"https:\\\/\\\/www.webdo.tn\\\/fr\\\/actualite\\\/national\\\/industrie-automobile-sousse-hub-le-dernier-ne-de-draexlmaier\\\/203968\\\/#primaryimage\"},\"image\":{\"@id\":\"https:\\\/\\\/www.webdo.tn\\\/fr\\\/actualite\\\/national\\\/industrie-automobile-sousse-hub-le-dernier-ne-de-draexlmaier\\\/203968\\\/#primaryimage\"},\"thumbnailUrl\":\"https:\\\/\\\/www.webdo.tn\\\/fr\\\/wp-content\\\/uploads\\\/2023\\\/03\\\/fe8dc0d54885d9b3fa13af77f6f4c528.jpg\",\"datePublished\":\"2023-03-16T09:23:00+00:00\",\"dateModified\":\"2025-05-20T22:01:35+00:00\",\"description\":\"Dr\u00e4xlmaier a pos\u00e9 au p\u00f4le de comp\u00e9titivit\u00e9 de Sousse Novation City , la premi\u00e8re pierre d'un centre de recherche, d'innovation et de d\u00e9veloppement technologiqu...\",\"breadcrumb\":{\"@id\":\"https:\\\/\\\/www.webdo.tn\\\/fr\\\/actualite\\\/national\\\/industrie-automobile-sousse-hub-le-dernier-ne-de-draexlmaier\\\/203968\\\/#breadcrumb\"},\"inLanguage\":\"fr-FR\",\"potentialAction\":[{\"@type\":\"ReadAction\",\"target\":[\"https:\\\/\\\/www.webdo.tn\\\/fr\\\/actualite\\\/national\\\/industrie-automobile-sousse-hub-le-dernier-ne-de-draexlmaier\\\/203968\\\/\"]}]},{\"@type\":\"ImageObject\",\"inLanguage\":\"fr-FR\",\"@id\":\"https:\\\/\\\/www.webdo.tn\\\/fr\\\/actualite\\\/national\\\/industrie-automobile-sousse-hub-le-dernier-ne-de-draexlmaier\\\/203968\\\/#primaryimage\",\"url\":\"https:\\\/\\\/www.webdo.tn\\\/fr\\\/wp-content\\\/uploads\\\/2023\\\/03\\\/fe8dc0d54885d9b3fa13af77f6f4c528.jpg\",\"contentUrl\":\"https:\\\/\\\/www.webdo.tn\\\/fr\\\/wp-content\\\/uploads\\\/2023\\\/03\\\/fe8dc0d54885d9b3fa13af77f6f4c528.jpg\",\"width\":680,\"height\":363,\"caption\":\"Industrie automobile : \\\"Sousse Hub\\\", le dernier n\u00e9 de Dr\u00e4xlmaier\"},{\"@type\":\"BreadcrumbList\",\"@id\":\"https:\\\/\\\/www.webdo.tn\\\/fr\\\/actualite\\\/national\\\/industrie-automobile-sousse-hub-le-dernier-ne-de-draexlmaier\\\/203968\\\/#breadcrumb\",\"itemListElement\":[{\"@type\":\"ListItem\",\"position\":1,\"name\":\"Accueil\",\"item\":\"https:\\\/\\\/www.webdo.tn\\\/fr\\\/\"},{\"@type\":\"ListItem\",\"position\":2,\"name\":\"Industrie automobile : &#8220;Sousse Hub&#8221;, le dernier n\u00e9 de Dr\u00e4xlmaier\"}]},{\"@type\":\"WebSite\",\"@id\":\"https:\\\/\\\/www.webdo.tn\\\/fr\\\/#website\",\"url\":\"https:\\\/\\\/www.webdo.tn\\\/fr\\\/\",\"name\":\"webdo\",\"description\":\"Tunisie - News en Tunisie et \u00e0 l&#039;international sur Webdo.tn\",\"publisher\":{\"@id\":\"https:\\\/\\\/www.webdo.tn\\\/fr\\\/#organization\"},\"potentialAction\":[{\"@type\":\"SearchAction\",\"target\":{\"@type\":\"EntryPoint\",\"urlTemplate\":\"https:\\\/\\\/www.webdo.tn\\\/fr\\\/?s={search_term_string}\"},\"query-input\":{\"@type\":\"PropertyValueSpecification\",\"valueRequired\":true,\"valueName\":\"search_term_string\"}}],\"inLanguage\":\"fr-FR\"},{\"@type\":\"Organization\",\"@id\":\"https:\\\/\\\/www.webdo.tn\\\/fr\\\/#organization\",\"name\":\"Webdo\",\"alternateName\":\"Webdo.tn\",\"url\":\"https:\\\/\\\/www.webdo.tn\\\/fr\\\/\",\"logo\":{\"@type\":\"ImageObject\",\"inLanguage\":\"fr-FR\",\"@id\":\"https:\\\/\\\/www.webdo.tn\\\/fr\\\/#\\\/schema\\\/logo\\\/image\\\/\",\"url\":\"https:\\\/\\\/www.webdo.tn\\\/fr\\\/wp-content\\\/uploads\\\/2025\\\/06\\\/Webdo-Tunisie_168377.jpg\",\"contentUrl\":\"https:\\\/\\\/www.webdo.tn\\\/fr\\\/wp-content\\\/uploads\\\/2025\\\/06\\\/Webdo-Tunisie_168377.jpg\",\"width\":301,\"height\":301,\"caption\":\"Webdo\"},\"image\":{\"@id\":\"https:\\\/\\\/www.webdo.tn\\\/fr\\\/#\\\/schema\\\/logo\\\/image\\\/\"},\"sameAs\":[\"https:\\\/\\\/www.facebook.com\\\/webdotn\",\"https:\\\/\\\/x.com\\\/webdo_tn\"],\"description\":\"Webdo est un m\u00e9dia num\u00e9rique tunisien fond\u00e9 en 2010, sp\u00e9cialis\u00e9 dans l\u2019actualit\u00e9 nationale et internationale, l\u2019\u00e9conomie, la soci\u00e9t\u00e9 et les analyses politiques. Le site s\u2019adresse \u00e0 un large public francophone et couvre l\u2019information tunisienne en temps r\u00e9el.\",\"email\":\"redac@webdo.tn\",\"legalName\":\"YNJ SARL\",\"foundingDate\":\"2010-09-06\",\"numberOfEmployees\":{\"@type\":\"QuantitativeValue\",\"minValue\":\"11\",\"maxValue\":\"50\"}},{\"@type\":\"Person\",\"@id\":\"https:\\\/\\\/www.webdo.tn\\\/fr\\\/#\\\/schema\\\/person\\\/2c4929cbf5a809e3bd38617c6ce150f6\",\"name\":\"MC\",\"image\":{\"@type\":\"ImageObject\",\"inLanguage\":\"fr-FR\",\"@id\":\"https:\\\/\\\/secure.gravatar.com\\\/avatar\\\/a545bbb6f84efdd5553dbbc2895e3ca8f1d12c5215e00a041c9670b54aa9b18a?s=96&d=mm&r=g\",\"url\":\"https:\\\/\\\/secure.gravatar.com\\\/avatar\\\/a545bbb6f84efdd5553dbbc2895e3ca8f1d12c5215e00a041c9670b54aa9b18a?s=96&d=mm&r=g\",\"contentUrl\":\"https:\\\/\\\/secure.gravatar.com\\\/avatar\\\/a545bbb6f84efdd5553dbbc2895e3ca8f1d12c5215e00a041c9670b54aa9b18a?s=96&d=mm&r=g\",\"caption\":\"MC\"},\"url\":\"https:\\\/\\\/www.webdo.tn\\\/fr\\\/actualite\\\/author\\\/mc\\\/\"}]}<\/script>\n<!-- \/ Yoast SEO Premium plugin. -->","yoast_head_json":{"title":"Industrie automobile : Sousse Hub , le dernier n\u00e9 de Dr\u00e4xlmaier","description":"Dr\u00e4xlmaier a pos\u00e9 au p\u00f4le de comp\u00e9titivit\u00e9 de Sousse Novation City , la premi\u00e8re pierre d'un centre de recherche, d'innovation et de d\u00e9veloppement technologiqu...","canonical":"https:\/\/www.webdo.tn\/fr\/actualite\/national\/industrie-automobile-sousse-hub-le-dernier-ne-de-draexlmaier\/203968\/","og_locale":"fr_FR","og_type":"article","og_title":"Industrie automobile : \"Sousse Hub\", le dernier n\u00e9 de Dr\u00e4xlmaier","og_description":"Dr\u00e4xlmaier a pos\u00e9 au p\u00f4le de comp\u00e9titivit\u00e9 de Sousse Novation City , la premi\u00e8re pierre d'un centre de recherche, d'innovation et de d\u00e9veloppement technologiqu...","og_url":"https:\/\/www.webdo.tn\/fr\/actualite\/national\/industrie-automobile-sousse-hub-le-dernier-ne-de-draexlmaier\/203968\/","og_site_name":"webdo","article_publisher":"https:\/\/www.facebook.com\/webdotn","article_published_time":"2023-03-16T09:23:00+00:00","article_modified_time":"2025-05-20T22:01:35+00:00","og_image":[{"width":680,"height":363,"url":"https:\/\/www.webdo.tn\/fr\/wp-content\/uploads\/2023\/03\/fe8dc0d54885d9b3fa13af77f6f4c528.jpg","type":"image\/jpeg"}],"author":"MC","twitter_card":"summary_large_image","twitter_creator":"@webdo_tn","twitter_site":"@webdo_tn","twitter_misc":{"\u00c9crit par":"MC","Dur\u00e9e de lecture estim\u00e9e":"1 minute"},"schema":{"@context":"https:\/\/schema.org","@graph":[{"@type":"NewsArticle","@id":"https:\/\/www.webdo.tn\/fr\/actualite\/national\/industrie-automobile-sousse-hub-le-dernier-ne-de-draexlmaier\/203968\/#article","isPartOf":{"@id":"https:\/\/www.webdo.tn\/fr\/actualite\/national\/industrie-automobile-sousse-hub-le-dernier-ne-de-draexlmaier\/203968\/"},"author":{"name":"MC","@id":"https:\/\/www.webdo.tn\/fr\/#\/schema\/person\/2c4929cbf5a809e3bd38617c6ce150f6"},"headline":"Industrie automobile : \u00ab\u00a0Sousse Hub\u00a0\u00bb, le dernier n\u00e9 de Dr\u00e4xlmaier","datePublished":"2023-03-16T09:23:00+00:00","dateModified":"2025-05-20T22:01:35+00:00","mainEntityOfPage":{"@id":"https:\/\/www.webdo.tn\/fr\/actualite\/national\/industrie-automobile-sousse-hub-le-dernier-ne-de-draexlmaier\/203968\/"},"wordCount":260,"commentCount":0,"publisher":{"@id":"https:\/\/www.webdo.tn\/fr\/#organization"},"image":{"@id":"https:\/\/www.webdo.tn\/fr\/actualite\/national\/industrie-automobile-sousse-hub-le-dernier-ne-de-draexlmaier\/203968\/#primaryimage"},"thumbnailUrl":"https:\/\/www.webdo.tn\/fr\/wp-content\/uploads\/2023\/03\/fe8dc0d54885d9b3fa13af77f6f4c528.jpg","keywords":["Dr\u00e4xlmaier","jammel","Sousse"],"articleSection":["National"],"inLanguage":"fr-FR"},{"@type":"WebPage","@id":"https:\/\/www.webdo.tn\/fr\/actualite\/national\/industrie-automobile-sousse-hub-le-dernier-ne-de-draexlmaier\/203968\/","url":"https:\/\/www.webdo.tn\/fr\/actualite\/national\/industrie-automobile-sousse-hub-le-dernier-ne-de-draexlmaier\/203968\/","name":"Industrie automobile : Sousse Hub , le dernier n\u00e9 de Dr\u00e4xlmaier","isPartOf":{"@id":"https:\/\/www.webdo.tn\/fr\/#website"},"primaryImageOfPage":{"@id":"https:\/\/www.webdo.tn\/fr\/actualite\/national\/industrie-automobile-sousse-hub-le-dernier-ne-de-draexlmaier\/203968\/#primaryimage"},"image":{"@id":"https:\/\/www.webdo.tn\/fr\/actualite\/national\/industrie-automobile-sousse-hub-le-dernier-ne-de-draexlmaier\/203968\/#primaryimage"},"thumbnailUrl":"https:\/\/www.webdo.tn\/fr\/wp-content\/uploads\/2023\/03\/fe8dc0d54885d9b3fa13af77f6f4c528.jpg","datePublished":"2023-03-16T09:23:00+00:00","dateModified":"2025-05-20T22:01:35+00:00","description":"Dr\u00e4xlmaier a pos\u00e9 au p\u00f4le de comp\u00e9titivit\u00e9 de Sousse Novation City , la premi\u00e8re pierre d'un centre de recherche, d'innovation et de d\u00e9veloppement technologiqu...","breadcrumb":{"@id":"https:\/\/www.webdo.tn\/fr\/actualite\/national\/industrie-automobile-sousse-hub-le-dernier-ne-de-draexlmaier\/203968\/#breadcrumb"},"inLanguage":"fr-FR","potentialAction":[{"@type":"ReadAction","target":["https:\/\/www.webdo.tn\/fr\/actualite\/national\/industrie-automobile-sousse-hub-le-dernier-ne-de-draexlmaier\/203968\/"]}]},{"@type":"ImageObject","inLanguage":"fr-FR","@id":"https:\/\/www.webdo.tn\/fr\/actualite\/national\/industrie-automobile-sousse-hub-le-dernier-ne-de-draexlmaier\/203968\/#primaryimage","url":"https:\/\/www.webdo.tn\/fr\/wp-content\/uploads\/2023\/03\/fe8dc0d54885d9b3fa13af77f6f4c528.jpg","contentUrl":"https:\/\/www.webdo.tn\/fr\/wp-content\/uploads\/2023\/03\/fe8dc0d54885d9b3fa13af77f6f4c528.jpg","width":680,"height":363,"caption":"Industrie automobile : \"Sousse Hub\", le dernier n\u00e9 de Dr\u00e4xlmaier"},{"@type":"BreadcrumbList","@id":"https:\/\/www.webdo.tn\/fr\/actualite\/national\/industrie-automobile-sousse-hub-le-dernier-ne-de-draexlmaier\/203968\/#breadcrumb","itemListElement":[{"@type":"ListItem","position":1,"name":"Accueil","item":"https:\/\/www.webdo.tn\/fr\/"},{"@type":"ListItem","position":2,"name":"Industrie automobile : &#8220;Sousse Hub&#8221;, le dernier n\u00e9 de Dr\u00e4xlmaier"}]},{"@type":"WebSite","@id":"https:\/\/www.webdo.tn\/fr\/#website","url":"https:\/\/www.webdo.tn\/fr\/","name":"webdo","description":"Tunisie - News en Tunisie et \u00e0 l&#039;international sur Webdo.tn","publisher":{"@id":"https:\/\/www.webdo.tn\/fr\/#organization"},"potentialAction":[{"@type":"SearchAction","target":{"@type":"EntryPoint","urlTemplate":"https:\/\/www.webdo.tn\/fr\/?s={search_term_string}"},"query-input":{"@type":"PropertyValueSpecification","valueRequired":true,"valueName":"search_term_string"}}],"inLanguage":"fr-FR"},{"@type":"Organization","@id":"https:\/\/www.webdo.tn\/fr\/#organization","name":"Webdo","alternateName":"Webdo.tn","url":"https:\/\/www.webdo.tn\/fr\/","logo":{"@type":"ImageObject","inLanguage":"fr-FR","@id":"https:\/\/www.webdo.tn\/fr\/#\/schema\/logo\/image\/","url":"https:\/\/www.webdo.tn\/fr\/wp-content\/uploads\/2025\/06\/Webdo-Tunisie_168377.jpg","contentUrl":"https:\/\/www.webdo.tn\/fr\/wp-content\/uploads\/2025\/06\/Webdo-Tunisie_168377.jpg","width":301,"height":301,"caption":"Webdo"},"image":{"@id":"https:\/\/www.webdo.tn\/fr\/#\/schema\/logo\/image\/"},"sameAs":["https:\/\/www.facebook.com\/webdotn","https:\/\/x.com\/webdo_tn"],"description":"Webdo est un m\u00e9dia num\u00e9rique tunisien fond\u00e9 en 2010, sp\u00e9cialis\u00e9 dans l\u2019actualit\u00e9 nationale et internationale, l\u2019\u00e9conomie, la soci\u00e9t\u00e9 et les analyses politiques. Le site s\u2019adresse \u00e0 un large public francophone et couvre l\u2019information tunisienne en temps r\u00e9el.","email":"redac@webdo.tn","legalName":"YNJ SARL","foundingDate":"2010-09-06","numberOfEmployees":{"@type":"QuantitativeValue","minValue":"11","maxValue":"50"}},{"@type":"Person","@id":"https:\/\/www.webdo.tn\/fr\/#\/schema\/person\/2c4929cbf5a809e3bd38617c6ce150f6","name":"MC","image":{"@type":"ImageObject","inLanguage":"fr-FR","@id":"https:\/\/secure.gravatar.com\/avatar\/a545bbb6f84efdd5553dbbc2895e3ca8f1d12c5215e00a041c9670b54aa9b18a?s=96&d=mm&r=g","url":"https:\/\/secure.gravatar.com\/avatar\/a545bbb6f84efdd5553dbbc2895e3ca8f1d12c5215e00a041c9670b54aa9b18a?s=96&d=mm&r=g","contentUrl":"https:\/\/secure.gravatar.com\/avatar\/a545bbb6f84efdd5553dbbc2895e3ca8f1d12c5215e00a041c9670b54aa9b18a?s=96&d=mm&r=g","caption":"MC"},"url":"https:\/\/www.webdo.tn\/fr\/actualite\/author\/mc\/"}]}},"_links":{"self":[{"href":"https:\/\/www.webdo.tn\/fr\/wp-json\/wp\/v2\/posts\/203968","targetHints":{"allow":["GET"]}}],"collection":[{"href":"https:\/\/www.webdo.tn\/fr\/wp-json\/wp\/v2\/posts"}],"about":[{"href":"https:\/\/www.webdo.tn\/fr\/wp-json\/wp\/v2\/types\/post"}],"author":[{"embeddable":true,"href":"https:\/\/www.webdo.tn\/fr\/wp-json\/wp\/v2\/users\/3162"}],"replies":[{"embeddable":true,"href":"https:\/\/www.webdo.tn\/fr\/wp-json\/wp\/v2\/comments?post=203968"}],"version-history":[{"count":0,"href":"https:\/\/www.webdo.tn\/fr\/wp-json\/wp\/v2\/posts\/203968\/revisions"}],"wp:featuredmedia":[{"embeddable":true,"href":"https:\/\/www.webdo.tn\/fr\/wp-json\/wp\/v2\/media\/251722"}],"wp:attachment":[{"href":"https:\/\/www.webdo.tn\/fr\/wp-json\/wp\/v2\/media?parent=203968"}],"wp:term":[{"taxonomy":"category","embeddable":true,"href":"https:\/\/www.webdo.tn\/fr\/wp-json\/wp\/v2\/categories?post=203968"},{"taxonomy":"post_tag","embeddable":true,"href":"https:\/\/www.webdo.tn\/fr\/wp-json\/wp\/v2\/tags?post=203968"}],"curies":[{"name":"wp","href":"https:\/\/api.w.org\/{rel}","templated":true}]}}