{"id":203956,"date":"2023-03-15T18:40:00","date_gmt":"2023-03-15T18:40:00","guid":{"rendered":"https:\/\/www.webdo.tn\/fr\/blog\/tunisie-l-utap-appelle-a-decreter-l-etat-d-urgence-hydrique\/203956\/"},"modified":"2023-03-15T18:40:00","modified_gmt":"2023-03-15T18:40:00","slug":"tunisie-l-utap-appelle-a-decreter-l-etat-d-urgence-hydrique","status":"publish","type":"post","link":"https:\/\/www.webdo.tn\/fr\/actualite\/national\/tunisie-l-utap-appelle-a-decreter-l-etat-d-urgence-hydrique\/203956\/","title":{"rendered":"Tunisie : L&rsquo;UTAP appelle \u00e0 d\u00e9cr\u00e9ter l&rsquo;\u00e9tat d&rsquo;urgence hydrique"},"content":{"rendered":"<p>Le membre du bureau ex\u00e9cutif de l&rsquo;Union Tunisienne de l&rsquo;Agriculture et de la P\u00eache (UTAP) charg\u00e9 des ressources hydrauliques et du d\u00e9veloppement durable, Hamadi Boubakri, a appel\u00e9 le gouvernement \u00e0 d\u00e9cr\u00e9ter l&rsquo;\u00e9tat d&rsquo;urgence hydrique en Tunisie, \u00e0 l&rsquo;occasion  d&rsquo;une conf\u00e9rence nationale sur les changements climatiques, les ressources hydriques et la s\u00e9curit\u00e9 alimentaire tenue au si\u00e8ge de l&rsquo;organisation agricole.<\/p>\n<p>\t\t\t\t\t\t\t\t\tIl n&rsquo;\u00e9chappe \u00e0 personne que la Tunisie traverse depuis quelques ann\u00e9es maintenant une p\u00e9riode de s\u00e9cheresse inqui\u00e9tante. En effet, le taux de remplissage des barrages ne d\u00e9passe pas les 30% de leur capacit\u00e9. Ce stress hydrique a fortement impact\u00e9 les grandes cultures et les fourrages.\u00a0<\/p>\n<p>D&rsquo;apr\u00e8s Hamadi Boubakri, 50% des superficies emblav\u00e9es ont \u00e9t\u00e9 perdues en raison du manque de pr\u00e9cipitations. Le\u00a0gouvernement projette d&rsquo;ailleurs de proc\u00e9der au dessalement de 650 millions de m3 d&rsquo;eau de mer et de recycler plus de 350 millions de m3 d&rsquo;eaux us\u00e9es, afin les utiliser dans le secteur agricole.<\/p>\n<p>Pour le responsable de l&rsquo;UTAP, il est plus qu&rsquo;urgent\u00a0d&rsquo;acc\u00e9l\u00e9rer la cr\u00e9ation de stations de dessalement de l&rsquo;eau de mer, afin d&rsquo;all\u00e9ger la pression sur les ressources hydrauliques conventionnelles ainsi que sur les eaux souterraines et de r\u00e9orienter l&rsquo;eau potable vers l&rsquo;irrigation. L&rsquo;objectif \u00e9tant de garantir la s\u00e9curit\u00e9 alimentaire et la souverainet\u00e9 nationale.<\/p>\n","protected":false},"excerpt":{"rendered":"<p>Le membre du bureau ex\u00e9cutif de l&rsquo;Union Tunisienne de l&rsquo;Agriculture et de la P\u00eache (UTAP) charg\u00e9 des ressources hydrauliques et du d\u00e9veloppement durable, Hamadi&#8230;<\/p>\n","protected":false},"author":3169,"featured_media":251718,"comment_status":"open","ping_status":"closed","sticky":false,"template":"","format":"standard","meta":{"footnotes":""},"categories":[44],"tags":[3634,3318,2608,5235],"class_list":["post-203956","post","type-post","status-publish","format-standard","has-post-thumbnail","hentry","category-national","tag-secheresse","tag-stress-hydrique","tag-tunisie","tag-utap"],"yoast_head":"<!-- This site is optimized with the Yoast SEO Premium plugin v27.5 (Yoast SEO v27.5) - https:\/\/yoast.com\/product\/yoast-seo-premium-wordpress\/ -->\n<title>Tunisie : L&#039;UTAP appelle \u00e0 d\u00e9cr\u00e9ter l&#039;\u00e9tat d&#039;urgence hydrique<\/title>\n<meta name=\"description\" content=\"Le membre du bureau ex\u00e9cutif de l&#039;Union Tunisienne de l&#039;Agriculture et de la P\u00eache (UTAP) charg\u00e9 des ressources hydrauliques et du d\u00e9veloppement durable, Hamadi...\" \/>\n<link rel=\"canonical\" href=\"https:\/\/www.webdo.tn\/fr\/actualite\/national\/tunisie-l-utap-appelle-a-decreter-l-etat-d-urgence-hydrique\/203956\/\" \/>\n<meta property=\"og:locale\" content=\"fr_FR\" \/>\n<meta property=\"og:type\" content=\"article\" \/>\n<meta property=\"og:title\" content=\"Tunisie : L&#039;UTAP appelle \u00e0 d\u00e9cr\u00e9ter l&#039;\u00e9tat d&#039;urgence hydrique\" \/>\n<meta property=\"og:description\" content=\"Le membre du bureau ex\u00e9cutif de l&#039;Union Tunisienne de l&#039;Agriculture et de la P\u00eache (UTAP) charg\u00e9 des ressources hydrauliques et du d\u00e9veloppement durable, Hamadi...\" \/>\n<meta property=\"og:url\" content=\"https:\/\/www.webdo.tn\/fr\/actualite\/national\/tunisie-l-utap-appelle-a-decreter-l-etat-d-urgence-hydrique\/203956\/\" \/>\n<meta property=\"og:site_name\" content=\"webdo\" \/>\n<meta property=\"article:publisher\" content=\"https:\/\/www.facebook.com\/webdotn\" \/>\n<meta property=\"article:published_time\" content=\"2023-03-15T18:40:00+00:00\" \/>\n<meta property=\"og:image\" content=\"https:\/\/www.webdo.tn\/fr\/wp-content\/uploads\/2023\/03\/2e54187e1b2838bb6079cd7e2c6e3eb5.jpeg\" \/>\n\t<meta property=\"og:image:width\" content=\"750\" \/>\n\t<meta property=\"og:image:height\" content=\"400\" \/>\n\t<meta property=\"og:image:type\" content=\"image\/jpeg\" \/>\n<meta name=\"author\" content=\"Webdo\" \/>\n<meta name=\"twitter:card\" content=\"summary_large_image\" \/>\n<meta name=\"twitter:creator\" content=\"@webdo_tn\" \/>\n<meta name=\"twitter:site\" content=\"@webdo_tn\" \/>\n<meta name=\"twitter:label1\" content=\"\u00c9crit par\" \/>\n\t<meta name=\"twitter:data1\" content=\"Webdo\" \/>\n\t<meta name=\"twitter:label2\" content=\"Dur\u00e9e de lecture estim\u00e9e\" \/>\n\t<meta name=\"twitter:data2\" content=\"1 minute\" \/>\n<script type=\"application\/ld+json\" class=\"yoast-schema-graph\">{\"@context\":\"https:\\\/\\\/schema.org\",\"@graph\":[{\"@type\":\"NewsArticle\",\"@id\":\"https:\\\/\\\/www.webdo.tn\\\/fr\\\/actualite\\\/national\\\/tunisie-l-utap-appelle-a-decreter-l-etat-d-urgence-hydrique\\\/203956\\\/#article\",\"isPartOf\":{\"@id\":\"https:\\\/\\\/www.webdo.tn\\\/fr\\\/actualite\\\/national\\\/tunisie-l-utap-appelle-a-decreter-l-etat-d-urgence-hydrique\\\/203956\\\/\"},\"author\":{\"name\":\"Webdo\",\"@id\":\"https:\\\/\\\/www.webdo.tn\\\/fr\\\/#\\\/schema\\\/person\\\/1f4e491e0907b413d61089e8eb573acc\"},\"headline\":\"Tunisie : L&rsquo;UTAP appelle \u00e0 d\u00e9cr\u00e9ter l&rsquo;\u00e9tat d&rsquo;urgence hydrique\",\"datePublished\":\"2023-03-15T18:40:00+00:00\",\"mainEntityOfPage\":{\"@id\":\"https:\\\/\\\/www.webdo.tn\\\/fr\\\/actualite\\\/national\\\/tunisie-l-utap-appelle-a-decreter-l-etat-d-urgence-hydrique\\\/203956\\\/\"},\"wordCount\":255,\"commentCount\":0,\"publisher\":{\"@id\":\"https:\\\/\\\/www.webdo.tn\\\/fr\\\/#organization\"},\"image\":{\"@id\":\"https:\\\/\\\/www.webdo.tn\\\/fr\\\/actualite\\\/national\\\/tunisie-l-utap-appelle-a-decreter-l-etat-d-urgence-hydrique\\\/203956\\\/#primaryimage\"},\"thumbnailUrl\":\"https:\\\/\\\/www.webdo.tn\\\/fr\\\/wp-content\\\/uploads\\\/2023\\\/03\\\/2e54187e1b2838bb6079cd7e2c6e3eb5.jpeg\",\"keywords\":[\"s\u00e9cheresse\",\"Stress hydrique\",\"Tunisie\",\"UTAP\"],\"articleSection\":[\"National\"],\"inLanguage\":\"fr-FR\"},{\"@type\":\"WebPage\",\"@id\":\"https:\\\/\\\/www.webdo.tn\\\/fr\\\/actualite\\\/national\\\/tunisie-l-utap-appelle-a-decreter-l-etat-d-urgence-hydrique\\\/203956\\\/\",\"url\":\"https:\\\/\\\/www.webdo.tn\\\/fr\\\/actualite\\\/national\\\/tunisie-l-utap-appelle-a-decreter-l-etat-d-urgence-hydrique\\\/203956\\\/\",\"name\":\"Tunisie : L'UTAP appelle \u00e0 d\u00e9cr\u00e9ter l'\u00e9tat d'urgence hydrique\",\"isPartOf\":{\"@id\":\"https:\\\/\\\/www.webdo.tn\\\/fr\\\/#website\"},\"primaryImageOfPage\":{\"@id\":\"https:\\\/\\\/www.webdo.tn\\\/fr\\\/actualite\\\/national\\\/tunisie-l-utap-appelle-a-decreter-l-etat-d-urgence-hydrique\\\/203956\\\/#primaryimage\"},\"image\":{\"@id\":\"https:\\\/\\\/www.webdo.tn\\\/fr\\\/actualite\\\/national\\\/tunisie-l-utap-appelle-a-decreter-l-etat-d-urgence-hydrique\\\/203956\\\/#primaryimage\"},\"thumbnailUrl\":\"https:\\\/\\\/www.webdo.tn\\\/fr\\\/wp-content\\\/uploads\\\/2023\\\/03\\\/2e54187e1b2838bb6079cd7e2c6e3eb5.jpeg\",\"datePublished\":\"2023-03-15T18:40:00+00:00\",\"description\":\"Le membre du bureau ex\u00e9cutif de l'Union Tunisienne de l'Agriculture et de la P\u00eache (UTAP) charg\u00e9 des ressources hydrauliques et du d\u00e9veloppement durable, Hamadi...\",\"breadcrumb\":{\"@id\":\"https:\\\/\\\/www.webdo.tn\\\/fr\\\/actualite\\\/national\\\/tunisie-l-utap-appelle-a-decreter-l-etat-d-urgence-hydrique\\\/203956\\\/#breadcrumb\"},\"inLanguage\":\"fr-FR\",\"potentialAction\":[{\"@type\":\"ReadAction\",\"target\":[\"https:\\\/\\\/www.webdo.tn\\\/fr\\\/actualite\\\/national\\\/tunisie-l-utap-appelle-a-decreter-l-etat-d-urgence-hydrique\\\/203956\\\/\"]}]},{\"@type\":\"ImageObject\",\"inLanguage\":\"fr-FR\",\"@id\":\"https:\\\/\\\/www.webdo.tn\\\/fr\\\/actualite\\\/national\\\/tunisie-l-utap-appelle-a-decreter-l-etat-d-urgence-hydrique\\\/203956\\\/#primaryimage\",\"url\":\"https:\\\/\\\/www.webdo.tn\\\/fr\\\/wp-content\\\/uploads\\\/2023\\\/03\\\/2e54187e1b2838bb6079cd7e2c6e3eb5.jpeg\",\"contentUrl\":\"https:\\\/\\\/www.webdo.tn\\\/fr\\\/wp-content\\\/uploads\\\/2023\\\/03\\\/2e54187e1b2838bb6079cd7e2c6e3eb5.jpeg\",\"width\":750,\"height\":400,\"caption\":\"Tunisie : L'UTAP appelle \u00e0 d\u00e9cr\u00e9ter l'\u00e9tat d'urgence hydrique\"},{\"@type\":\"BreadcrumbList\",\"@id\":\"https:\\\/\\\/www.webdo.tn\\\/fr\\\/actualite\\\/national\\\/tunisie-l-utap-appelle-a-decreter-l-etat-d-urgence-hydrique\\\/203956\\\/#breadcrumb\",\"itemListElement\":[{\"@type\":\"ListItem\",\"position\":1,\"name\":\"Accueil\",\"item\":\"https:\\\/\\\/www.webdo.tn\\\/fr\\\/\"},{\"@type\":\"ListItem\",\"position\":2,\"name\":\"Tunisie : L&#8217;UTAP appelle \u00e0 d\u00e9cr\u00e9ter l&#8217;\u00e9tat d&#8217;urgence hydrique\"}]},{\"@type\":\"WebSite\",\"@id\":\"https:\\\/\\\/www.webdo.tn\\\/fr\\\/#website\",\"url\":\"https:\\\/\\\/www.webdo.tn\\\/fr\\\/\",\"name\":\"webdo\",\"description\":\"Tunisie - News en Tunisie et \u00e0 l&#039;international sur Webdo.tn\",\"publisher\":{\"@id\":\"https:\\\/\\\/www.webdo.tn\\\/fr\\\/#organization\"},\"potentialAction\":[{\"@type\":\"SearchAction\",\"target\":{\"@type\":\"EntryPoint\",\"urlTemplate\":\"https:\\\/\\\/www.webdo.tn\\\/fr\\\/?s={search_term_string}\"},\"query-input\":{\"@type\":\"PropertyValueSpecification\",\"valueRequired\":true,\"valueName\":\"search_term_string\"}}],\"inLanguage\":\"fr-FR\"},{\"@type\":\"Organization\",\"@id\":\"https:\\\/\\\/www.webdo.tn\\\/fr\\\/#organization\",\"name\":\"Webdo\",\"alternateName\":\"Webdo.tn\",\"url\":\"https:\\\/\\\/www.webdo.tn\\\/fr\\\/\",\"logo\":{\"@type\":\"ImageObject\",\"inLanguage\":\"fr-FR\",\"@id\":\"https:\\\/\\\/www.webdo.tn\\\/fr\\\/#\\\/schema\\\/logo\\\/image\\\/\",\"url\":\"https:\\\/\\\/www.webdo.tn\\\/fr\\\/wp-content\\\/uploads\\\/2025\\\/06\\\/Webdo-Tunisie_168377.jpg\",\"contentUrl\":\"https:\\\/\\\/www.webdo.tn\\\/fr\\\/wp-content\\\/uploads\\\/2025\\\/06\\\/Webdo-Tunisie_168377.jpg\",\"width\":301,\"height\":301,\"caption\":\"Webdo\"},\"image\":{\"@id\":\"https:\\\/\\\/www.webdo.tn\\\/fr\\\/#\\\/schema\\\/logo\\\/image\\\/\"},\"sameAs\":[\"https:\\\/\\\/www.facebook.com\\\/webdotn\",\"https:\\\/\\\/x.com\\\/webdo_tn\"],\"description\":\"Webdo est un m\u00e9dia num\u00e9rique tunisien fond\u00e9 en 2010, sp\u00e9cialis\u00e9 dans l\u2019actualit\u00e9 nationale et internationale, l\u2019\u00e9conomie, la soci\u00e9t\u00e9 et les analyses politiques. Le site s\u2019adresse \u00e0 un large public francophone et couvre l\u2019information tunisienne en temps r\u00e9el.\",\"email\":\"redac@webdo.tn\",\"legalName\":\"YNJ SARL\",\"foundingDate\":\"2010-09-06\",\"numberOfEmployees\":{\"@type\":\"QuantitativeValue\",\"minValue\":\"11\",\"maxValue\":\"50\"}},{\"@type\":\"Person\",\"@id\":\"https:\\\/\\\/www.webdo.tn\\\/fr\\\/#\\\/schema\\\/person\\\/1f4e491e0907b413d61089e8eb573acc\",\"name\":\"Webdo\",\"image\":{\"@type\":\"ImageObject\",\"inLanguage\":\"fr-FR\",\"@id\":\"https:\\\/\\\/secure.gravatar.com\\\/avatar\\\/de97aeec1bb80978a9dbb127e47dfc88aaacb2f3c29aac907d8d3222e3495d49?s=96&d=mm&r=g\",\"url\":\"https:\\\/\\\/secure.gravatar.com\\\/avatar\\\/de97aeec1bb80978a9dbb127e47dfc88aaacb2f3c29aac907d8d3222e3495d49?s=96&d=mm&r=g\",\"contentUrl\":\"https:\\\/\\\/secure.gravatar.com\\\/avatar\\\/de97aeec1bb80978a9dbb127e47dfc88aaacb2f3c29aac907d8d3222e3495d49?s=96&d=mm&r=g\",\"caption\":\"Webdo\"},\"url\":\"https:\\\/\\\/www.webdo.tn\\\/fr\\\/actualite\\\/author\\\/webdo\\\/\"}]}<\/script>\n<!-- \/ Yoast SEO Premium plugin. -->","yoast_head_json":{"title":"Tunisie : L'UTAP appelle \u00e0 d\u00e9cr\u00e9ter l'\u00e9tat d'urgence hydrique","description":"Le membre du bureau ex\u00e9cutif de l'Union Tunisienne de l'Agriculture et de la P\u00eache (UTAP) charg\u00e9 des ressources hydrauliques et du d\u00e9veloppement durable, Hamadi...","canonical":"https:\/\/www.webdo.tn\/fr\/actualite\/national\/tunisie-l-utap-appelle-a-decreter-l-etat-d-urgence-hydrique\/203956\/","og_locale":"fr_FR","og_type":"article","og_title":"Tunisie : L'UTAP appelle \u00e0 d\u00e9cr\u00e9ter l'\u00e9tat d'urgence hydrique","og_description":"Le membre du bureau ex\u00e9cutif de l'Union Tunisienne de l'Agriculture et de la P\u00eache (UTAP) charg\u00e9 des ressources hydrauliques et du d\u00e9veloppement durable, Hamadi...","og_url":"https:\/\/www.webdo.tn\/fr\/actualite\/national\/tunisie-l-utap-appelle-a-decreter-l-etat-d-urgence-hydrique\/203956\/","og_site_name":"webdo","article_publisher":"https:\/\/www.facebook.com\/webdotn","article_published_time":"2023-03-15T18:40:00+00:00","og_image":[{"width":750,"height":400,"url":"https:\/\/www.webdo.tn\/fr\/wp-content\/uploads\/2023\/03\/2e54187e1b2838bb6079cd7e2c6e3eb5.jpeg","type":"image\/jpeg"}],"author":"Webdo","twitter_card":"summary_large_image","twitter_creator":"@webdo_tn","twitter_site":"@webdo_tn","twitter_misc":{"\u00c9crit par":"Webdo","Dur\u00e9e de lecture estim\u00e9e":"1 minute"},"schema":{"@context":"https:\/\/schema.org","@graph":[{"@type":"NewsArticle","@id":"https:\/\/www.webdo.tn\/fr\/actualite\/national\/tunisie-l-utap-appelle-a-decreter-l-etat-d-urgence-hydrique\/203956\/#article","isPartOf":{"@id":"https:\/\/www.webdo.tn\/fr\/actualite\/national\/tunisie-l-utap-appelle-a-decreter-l-etat-d-urgence-hydrique\/203956\/"},"author":{"name":"Webdo","@id":"https:\/\/www.webdo.tn\/fr\/#\/schema\/person\/1f4e491e0907b413d61089e8eb573acc"},"headline":"Tunisie : L&rsquo;UTAP appelle \u00e0 d\u00e9cr\u00e9ter l&rsquo;\u00e9tat d&rsquo;urgence hydrique","datePublished":"2023-03-15T18:40:00+00:00","mainEntityOfPage":{"@id":"https:\/\/www.webdo.tn\/fr\/actualite\/national\/tunisie-l-utap-appelle-a-decreter-l-etat-d-urgence-hydrique\/203956\/"},"wordCount":255,"commentCount":0,"publisher":{"@id":"https:\/\/www.webdo.tn\/fr\/#organization"},"image":{"@id":"https:\/\/www.webdo.tn\/fr\/actualite\/national\/tunisie-l-utap-appelle-a-decreter-l-etat-d-urgence-hydrique\/203956\/#primaryimage"},"thumbnailUrl":"https:\/\/www.webdo.tn\/fr\/wp-content\/uploads\/2023\/03\/2e54187e1b2838bb6079cd7e2c6e3eb5.jpeg","keywords":["s\u00e9cheresse","Stress hydrique","Tunisie","UTAP"],"articleSection":["National"],"inLanguage":"fr-FR"},{"@type":"WebPage","@id":"https:\/\/www.webdo.tn\/fr\/actualite\/national\/tunisie-l-utap-appelle-a-decreter-l-etat-d-urgence-hydrique\/203956\/","url":"https:\/\/www.webdo.tn\/fr\/actualite\/national\/tunisie-l-utap-appelle-a-decreter-l-etat-d-urgence-hydrique\/203956\/","name":"Tunisie : L'UTAP appelle \u00e0 d\u00e9cr\u00e9ter l'\u00e9tat d'urgence hydrique","isPartOf":{"@id":"https:\/\/www.webdo.tn\/fr\/#website"},"primaryImageOfPage":{"@id":"https:\/\/www.webdo.tn\/fr\/actualite\/national\/tunisie-l-utap-appelle-a-decreter-l-etat-d-urgence-hydrique\/203956\/#primaryimage"},"image":{"@id":"https:\/\/www.webdo.tn\/fr\/actualite\/national\/tunisie-l-utap-appelle-a-decreter-l-etat-d-urgence-hydrique\/203956\/#primaryimage"},"thumbnailUrl":"https:\/\/www.webdo.tn\/fr\/wp-content\/uploads\/2023\/03\/2e54187e1b2838bb6079cd7e2c6e3eb5.jpeg","datePublished":"2023-03-15T18:40:00+00:00","description":"Le membre du bureau ex\u00e9cutif de l'Union Tunisienne de l'Agriculture et de la P\u00eache (UTAP) charg\u00e9 des ressources hydrauliques et du d\u00e9veloppement durable, Hamadi...","breadcrumb":{"@id":"https:\/\/www.webdo.tn\/fr\/actualite\/national\/tunisie-l-utap-appelle-a-decreter-l-etat-d-urgence-hydrique\/203956\/#breadcrumb"},"inLanguage":"fr-FR","potentialAction":[{"@type":"ReadAction","target":["https:\/\/www.webdo.tn\/fr\/actualite\/national\/tunisie-l-utap-appelle-a-decreter-l-etat-d-urgence-hydrique\/203956\/"]}]},{"@type":"ImageObject","inLanguage":"fr-FR","@id":"https:\/\/www.webdo.tn\/fr\/actualite\/national\/tunisie-l-utap-appelle-a-decreter-l-etat-d-urgence-hydrique\/203956\/#primaryimage","url":"https:\/\/www.webdo.tn\/fr\/wp-content\/uploads\/2023\/03\/2e54187e1b2838bb6079cd7e2c6e3eb5.jpeg","contentUrl":"https:\/\/www.webdo.tn\/fr\/wp-content\/uploads\/2023\/03\/2e54187e1b2838bb6079cd7e2c6e3eb5.jpeg","width":750,"height":400,"caption":"Tunisie : L'UTAP appelle \u00e0 d\u00e9cr\u00e9ter l'\u00e9tat d'urgence hydrique"},{"@type":"BreadcrumbList","@id":"https:\/\/www.webdo.tn\/fr\/actualite\/national\/tunisie-l-utap-appelle-a-decreter-l-etat-d-urgence-hydrique\/203956\/#breadcrumb","itemListElement":[{"@type":"ListItem","position":1,"name":"Accueil","item":"https:\/\/www.webdo.tn\/fr\/"},{"@type":"ListItem","position":2,"name":"Tunisie : L&#8217;UTAP appelle \u00e0 d\u00e9cr\u00e9ter l&#8217;\u00e9tat d&#8217;urgence hydrique"}]},{"@type":"WebSite","@id":"https:\/\/www.webdo.tn\/fr\/#website","url":"https:\/\/www.webdo.tn\/fr\/","name":"webdo","description":"Tunisie - News en Tunisie et \u00e0 l&#039;international sur Webdo.tn","publisher":{"@id":"https:\/\/www.webdo.tn\/fr\/#organization"},"potentialAction":[{"@type":"SearchAction","target":{"@type":"EntryPoint","urlTemplate":"https:\/\/www.webdo.tn\/fr\/?s={search_term_string}"},"query-input":{"@type":"PropertyValueSpecification","valueRequired":true,"valueName":"search_term_string"}}],"inLanguage":"fr-FR"},{"@type":"Organization","@id":"https:\/\/www.webdo.tn\/fr\/#organization","name":"Webdo","alternateName":"Webdo.tn","url":"https:\/\/www.webdo.tn\/fr\/","logo":{"@type":"ImageObject","inLanguage":"fr-FR","@id":"https:\/\/www.webdo.tn\/fr\/#\/schema\/logo\/image\/","url":"https:\/\/www.webdo.tn\/fr\/wp-content\/uploads\/2025\/06\/Webdo-Tunisie_168377.jpg","contentUrl":"https:\/\/www.webdo.tn\/fr\/wp-content\/uploads\/2025\/06\/Webdo-Tunisie_168377.jpg","width":301,"height":301,"caption":"Webdo"},"image":{"@id":"https:\/\/www.webdo.tn\/fr\/#\/schema\/logo\/image\/"},"sameAs":["https:\/\/www.facebook.com\/webdotn","https:\/\/x.com\/webdo_tn"],"description":"Webdo est un m\u00e9dia num\u00e9rique tunisien fond\u00e9 en 2010, sp\u00e9cialis\u00e9 dans l\u2019actualit\u00e9 nationale et internationale, l\u2019\u00e9conomie, la soci\u00e9t\u00e9 et les analyses politiques. Le site s\u2019adresse \u00e0 un large public francophone et couvre l\u2019information tunisienne en temps r\u00e9el.","email":"redac@webdo.tn","legalName":"YNJ SARL","foundingDate":"2010-09-06","numberOfEmployees":{"@type":"QuantitativeValue","minValue":"11","maxValue":"50"}},{"@type":"Person","@id":"https:\/\/www.webdo.tn\/fr\/#\/schema\/person\/1f4e491e0907b413d61089e8eb573acc","name":"Webdo","image":{"@type":"ImageObject","inLanguage":"fr-FR","@id":"https:\/\/secure.gravatar.com\/avatar\/de97aeec1bb80978a9dbb127e47dfc88aaacb2f3c29aac907d8d3222e3495d49?s=96&d=mm&r=g","url":"https:\/\/secure.gravatar.com\/avatar\/de97aeec1bb80978a9dbb127e47dfc88aaacb2f3c29aac907d8d3222e3495d49?s=96&d=mm&r=g","contentUrl":"https:\/\/secure.gravatar.com\/avatar\/de97aeec1bb80978a9dbb127e47dfc88aaacb2f3c29aac907d8d3222e3495d49?s=96&d=mm&r=g","caption":"Webdo"},"url":"https:\/\/www.webdo.tn\/fr\/actualite\/author\/webdo\/"}]}},"_links":{"self":[{"href":"https:\/\/www.webdo.tn\/fr\/wp-json\/wp\/v2\/posts\/203956","targetHints":{"allow":["GET"]}}],"collection":[{"href":"https:\/\/www.webdo.tn\/fr\/wp-json\/wp\/v2\/posts"}],"about":[{"href":"https:\/\/www.webdo.tn\/fr\/wp-json\/wp\/v2\/types\/post"}],"author":[{"embeddable":true,"href":"https:\/\/www.webdo.tn\/fr\/wp-json\/wp\/v2\/users\/3169"}],"replies":[{"embeddable":true,"href":"https:\/\/www.webdo.tn\/fr\/wp-json\/wp\/v2\/comments?post=203956"}],"version-history":[{"count":0,"href":"https:\/\/www.webdo.tn\/fr\/wp-json\/wp\/v2\/posts\/203956\/revisions"}],"wp:featuredmedia":[{"embeddable":true,"href":"https:\/\/www.webdo.tn\/fr\/wp-json\/wp\/v2\/media\/251718"}],"wp:attachment":[{"href":"https:\/\/www.webdo.tn\/fr\/wp-json\/wp\/v2\/media?parent=203956"}],"wp:term":[{"taxonomy":"category","embeddable":true,"href":"https:\/\/www.webdo.tn\/fr\/wp-json\/wp\/v2\/categories?post=203956"},{"taxonomy":"post_tag","embeddable":true,"href":"https:\/\/www.webdo.tn\/fr\/wp-json\/wp\/v2\/tags?post=203956"}],"curies":[{"name":"wp","href":"https:\/\/api.w.org\/{rel}","templated":true}]}}