{"id":203953,"date":"2023-03-15T16:30:00","date_gmt":"2023-03-15T16:30:00","guid":{"rendered":"https:\/\/www.webdo.tn\/fr\/blog\/conspiration-contre-la-securite-de-l-etat-a-hammami-accuse-le-pouvoir-de-saper-l-opposition\/203953\/"},"modified":"2025-05-20T22:08:06","modified_gmt":"2025-05-20T22:08:06","slug":"conspiration-contre-la-securite-de-l-etat-a-hammami-accuse-le-pouvoir-de-saper-l-opposition","status":"publish","type":"post","link":"https:\/\/www.webdo.tn\/fr\/actualite\/national\/conspiration-contre-la-securite-de-l-etat-a-hammami-accuse-le-pouvoir-de-saper-l-opposition\/203953\/","title":{"rendered":"\u00ab\u00a0Conspiration contre la s\u00e9curit\u00e9 de l&rsquo;Etat\u00a0\u00bb : A. Hammami accuse le pouvoir de \u00ab\u00a0saper l&rsquo;opposition\u00a0\u00bb"},"content":{"rendered":"<p>Retour sur l\u2019affaire de \u00ab\u00a0conspiration contre la s\u00e9curit\u00e9 int\u00e9rieure de l&rsquo;Etat\u00a0\u00bb avec une conf\u00e9rence de presse tenue ce mercredi 15 mars 2023 par le comit\u00e9 de d\u00e9fense des personnes accus\u00e9es et arr\u00eat\u00e9es.<\/p>\n<p>\t\t\t\t\t\t\t\t\tAyachi Hammami d\u00e9nonce<\/p>\n<p>Ayachi Hammami, un des membres du comit\u00e9 de d\u00e9fense a d\u2019abord d\u00e9clar\u00e9 que l&rsquo;affaire est politique par excellence. Rappelant en premier lieu que ce dossier ne comporte aucune pi\u00e8ce justifiant les accusations port\u00e9es contre les personnes arr\u00eat\u00e9es, il a d\u00e9clar\u00e9 que \u00ab\u00a0le pouvoir a foment\u00e9 ces accusations pour saper l&rsquo;opposition, n\u2019ayant pas r\u00e9ussi \u00e0 r\u00e9soudre la crise \u00e9conomique et sociale qui ne cesse de s&rsquo;aggraver\u00a0\u00bb.<\/p>\n<p>Ayachi Hammami a \u00e9galement tenu \u00e0 rappeler que \u00ab\u00a0ces personnes sont pour la plupart des activistes politiques mod\u00e9r\u00e9s dont le discours est principalement bas\u00e9 sur l&rsquo;\u00e9mulation d\u00e9mocratique\u00a0\u00bb, selon une d\u00e9claration rapport\u00e9e par l\u2019agence TAP.<\/p>\n<p>L\u2019avocat a tout \u00e0 tour, accus\u00e9 le pouvoir d&rsquo;\u00eatre derni\u00e8re ces arrestations et d\u00e9nonc\u00e9 \u00ab\u00a0une maltraitance\u00a0\u00bb des personnes plac\u00e9es en garde \u00e0 vue et particuli\u00e8rement Khayam Turki et Issam Chebbi, d\u00e9tenus \u00e0 la prison d&rsquo;El Mornaguia.<\/p>\n<p>Un dossier constitu\u00e9 de deux proc\u00e8s-verbaux ?<\/p>\n<p>Ayachi Hammami et Dalila Msaddek, \u00e9galement membre du comit\u00e9, ont soulign\u00e9 qu&rsquo;en l&rsquo;absence de preuves sur des crimes ou des faits commis, l&rsquo;instruction a eu recours \u00e0 des t\u00e9moins et des informateurs dont la cr\u00e9dibilit\u00e9 est discutable.<\/p>\n<p>Autre pr\u00e9cision de taille, l&rsquo;affaire est instruite sur la base de la loi antiterroriste afin de dissimuler l&rsquo;identit\u00e9 des t\u00e9moins qui ont fait leurs d\u00e9positions cinq jours apr\u00e8s le d\u00e9but des arrestations.<\/p>\n<p>Selon Ayachi Hammami, \u00ab\u00a0le dossier est constitu\u00e9 de deux proc\u00e8s-verbaux faisant \u00e9tat d&rsquo;un \u00e9change de messages entre ses deux clients avec des diplomates accr\u00e9dit\u00e9s en Tunisie, qui ne contiennent aucune preuve sur une affaire li\u00e9e \u00e0 la s\u00e9curit\u00e9 de l&rsquo;Etat\u00a0\u00bb, a-t-il expliqu\u00e9.<\/p>\n","protected":false},"excerpt":{"rendered":"<p>Retour sur l\u2019affaire de  conspiration contre la s\u00e9curit\u00e9 int\u00e9rieure de l&rsquo;Etat  avec une conf\u00e9rence de presse tenue ce mercredi 15 mars 2023 par le comit\u00e9 de d\u00e9f&#8230;<\/p>\n","protected":false},"author":3162,"featured_media":277913,"comment_status":"open","ping_status":"closed","sticky":false,"template":"","format":"standard","meta":{"footnotes":""},"categories":[44],"tags":[2681,7766,2840],"class_list":["post-203953","post","type-post","status-publish","format-standard","has-post-thumbnail","hentry","category-national","tag-accuses","tag-ayachi-hammami","tag-securite"],"yoast_head":"<!-- This site is optimized with the Yoast SEO Premium plugin v27.5 (Yoast SEO v27.5) - https:\/\/yoast.com\/product\/yoast-seo-premium-wordpress\/ -->\n<title>Conspiration contre la s\u00e9curit\u00e9 de l&#039;Etat : A. Hammami accuse le pouvoir de saper l&#039;opposition<\/title>\n<meta name=\"description\" content=\"Retour sur l\u2019affaire de conspiration contre la s\u00e9curit\u00e9 int\u00e9rieure de l&#039;Etat avec une conf\u00e9rence de presse tenue ce mercredi 15 mars 2023 par le comit\u00e9 de d\u00e9f...\" \/>\n<link rel=\"canonical\" href=\"https:\/\/www.webdo.tn\/fr\/actualite\/national\/conspiration-contre-la-securite-de-l-etat-a-hammami-accuse-le-pouvoir-de-saper-l-opposition\/203953\/\" \/>\n<meta property=\"og:locale\" content=\"fr_FR\" \/>\n<meta property=\"og:type\" content=\"article\" \/>\n<meta property=\"og:title\" content=\"&quot;Conspiration contre la s\u00e9curit\u00e9 de l&#039;Etat&quot; : A. Hammami accuse le pouvoir de &quot;saper l&#039;opposition&quot;\" \/>\n<meta property=\"og:description\" content=\"Retour sur l\u2019affaire de conspiration contre la s\u00e9curit\u00e9 int\u00e9rieure de l&#039;Etat avec une conf\u00e9rence de presse tenue ce mercredi 15 mars 2023 par le comit\u00e9 de d\u00e9f...\" \/>\n<meta property=\"og:url\" content=\"https:\/\/www.webdo.tn\/fr\/actualite\/national\/conspiration-contre-la-securite-de-l-etat-a-hammami-accuse-le-pouvoir-de-saper-l-opposition\/203953\/\" \/>\n<meta property=\"og:site_name\" content=\"webdo\" \/>\n<meta property=\"article:publisher\" content=\"https:\/\/www.facebook.com\/webdotn\" \/>\n<meta property=\"article:published_time\" content=\"2023-03-15T16:30:00+00:00\" \/>\n<meta property=\"article:modified_time\" content=\"2025-05-20T22:08:06+00:00\" \/>\n<meta property=\"og:image\" content=\"https:\/\/www.webdo.tn\/fr\/wp-content\/uploads\/2023\/03\/6407be6c0be613af1f5fdb03bd066f0d.jpg\" \/>\n\t<meta property=\"og:image:width\" content=\"562\" \/>\n\t<meta property=\"og:image:height\" content=\"300\" \/>\n\t<meta property=\"og:image:type\" content=\"image\/jpeg\" \/>\n<meta name=\"author\" content=\"MC\" \/>\n<meta name=\"twitter:card\" content=\"summary_large_image\" \/>\n<meta name=\"twitter:creator\" content=\"@webdo_tn\" \/>\n<meta name=\"twitter:site\" content=\"@webdo_tn\" \/>\n<meta name=\"twitter:label1\" content=\"\u00c9crit par\" \/>\n\t<meta name=\"twitter:data1\" content=\"MC\" \/>\n\t<meta name=\"twitter:label2\" content=\"Dur\u00e9e de lecture estim\u00e9e\" \/>\n\t<meta name=\"twitter:data2\" content=\"2 minutes\" \/>\n<script type=\"application\/ld+json\" class=\"yoast-schema-graph\">{\"@context\":\"https:\\\/\\\/schema.org\",\"@graph\":[{\"@type\":\"NewsArticle\",\"@id\":\"https:\\\/\\\/www.webdo.tn\\\/fr\\\/actualite\\\/national\\\/conspiration-contre-la-securite-de-l-etat-a-hammami-accuse-le-pouvoir-de-saper-l-opposition\\\/203953\\\/#article\",\"isPartOf\":{\"@id\":\"https:\\\/\\\/www.webdo.tn\\\/fr\\\/actualite\\\/national\\\/conspiration-contre-la-securite-de-l-etat-a-hammami-accuse-le-pouvoir-de-saper-l-opposition\\\/203953\\\/\"},\"author\":{\"name\":\"MC\",\"@id\":\"https:\\\/\\\/www.webdo.tn\\\/fr\\\/#\\\/schema\\\/person\\\/2c4929cbf5a809e3bd38617c6ce150f6\"},\"headline\":\"\u00ab\u00a0Conspiration contre la s\u00e9curit\u00e9 de l&rsquo;Etat\u00a0\u00bb : A. Hammami accuse le pouvoir de \u00ab\u00a0saper l&rsquo;opposition\u00a0\u00bb\",\"datePublished\":\"2023-03-15T16:30:00+00:00\",\"dateModified\":\"2025-05-20T22:08:06+00:00\",\"mainEntityOfPage\":{\"@id\":\"https:\\\/\\\/www.webdo.tn\\\/fr\\\/actualite\\\/national\\\/conspiration-contre-la-securite-de-l-etat-a-hammami-accuse-le-pouvoir-de-saper-l-opposition\\\/203953\\\/\"},\"wordCount\":354,\"commentCount\":0,\"publisher\":{\"@id\":\"https:\\\/\\\/www.webdo.tn\\\/fr\\\/#organization\"},\"image\":{\"@id\":\"https:\\\/\\\/www.webdo.tn\\\/fr\\\/actualite\\\/national\\\/conspiration-contre-la-securite-de-l-etat-a-hammami-accuse-le-pouvoir-de-saper-l-opposition\\\/203953\\\/#primaryimage\"},\"thumbnailUrl\":\"https:\\\/\\\/www.webdo.tn\\\/fr\\\/wp-content\\\/uploads\\\/2023\\\/03\\\/6407be6c0be613af1f5fdb03bd066f0d.jpg\",\"keywords\":[\"accus\u00e9s\",\"Ayachi Hammami\",\"s\u00e9curit\u00e9\"],\"articleSection\":[\"National\"],\"inLanguage\":\"fr-FR\"},{\"@type\":\"WebPage\",\"@id\":\"https:\\\/\\\/www.webdo.tn\\\/fr\\\/actualite\\\/national\\\/conspiration-contre-la-securite-de-l-etat-a-hammami-accuse-le-pouvoir-de-saper-l-opposition\\\/203953\\\/\",\"url\":\"https:\\\/\\\/www.webdo.tn\\\/fr\\\/actualite\\\/national\\\/conspiration-contre-la-securite-de-l-etat-a-hammami-accuse-le-pouvoir-de-saper-l-opposition\\\/203953\\\/\",\"name\":\"Conspiration contre la s\u00e9curit\u00e9 de l'Etat : A. Hammami accuse le pouvoir de saper l'opposition\",\"isPartOf\":{\"@id\":\"https:\\\/\\\/www.webdo.tn\\\/fr\\\/#website\"},\"primaryImageOfPage\":{\"@id\":\"https:\\\/\\\/www.webdo.tn\\\/fr\\\/actualite\\\/national\\\/conspiration-contre-la-securite-de-l-etat-a-hammami-accuse-le-pouvoir-de-saper-l-opposition\\\/203953\\\/#primaryimage\"},\"image\":{\"@id\":\"https:\\\/\\\/www.webdo.tn\\\/fr\\\/actualite\\\/national\\\/conspiration-contre-la-securite-de-l-etat-a-hammami-accuse-le-pouvoir-de-saper-l-opposition\\\/203953\\\/#primaryimage\"},\"thumbnailUrl\":\"https:\\\/\\\/www.webdo.tn\\\/fr\\\/wp-content\\\/uploads\\\/2023\\\/03\\\/6407be6c0be613af1f5fdb03bd066f0d.jpg\",\"datePublished\":\"2023-03-15T16:30:00+00:00\",\"dateModified\":\"2025-05-20T22:08:06+00:00\",\"description\":\"Retour sur l\u2019affaire de conspiration contre la s\u00e9curit\u00e9 int\u00e9rieure de l'Etat avec une conf\u00e9rence de presse tenue ce mercredi 15 mars 2023 par le comit\u00e9 de d\u00e9f...\",\"breadcrumb\":{\"@id\":\"https:\\\/\\\/www.webdo.tn\\\/fr\\\/actualite\\\/national\\\/conspiration-contre-la-securite-de-l-etat-a-hammami-accuse-le-pouvoir-de-saper-l-opposition\\\/203953\\\/#breadcrumb\"},\"inLanguage\":\"fr-FR\",\"potentialAction\":[{\"@type\":\"ReadAction\",\"target\":[\"https:\\\/\\\/www.webdo.tn\\\/fr\\\/actualite\\\/national\\\/conspiration-contre-la-securite-de-l-etat-a-hammami-accuse-le-pouvoir-de-saper-l-opposition\\\/203953\\\/\"]}]},{\"@type\":\"ImageObject\",\"inLanguage\":\"fr-FR\",\"@id\":\"https:\\\/\\\/www.webdo.tn\\\/fr\\\/actualite\\\/national\\\/conspiration-contre-la-securite-de-l-etat-a-hammami-accuse-le-pouvoir-de-saper-l-opposition\\\/203953\\\/#primaryimage\",\"url\":\"https:\\\/\\\/www.webdo.tn\\\/fr\\\/wp-content\\\/uploads\\\/2023\\\/03\\\/6407be6c0be613af1f5fdb03bd066f0d.jpg\",\"contentUrl\":\"https:\\\/\\\/www.webdo.tn\\\/fr\\\/wp-content\\\/uploads\\\/2023\\\/03\\\/6407be6c0be613af1f5fdb03bd066f0d.jpg\",\"width\":562,\"height\":300,\"caption\":\"\\\"Conspiration contre la s\u00e9curit\u00e9 de l'Etat\\\" : A. Hammami accuse le pouvoir de \\\"saper l'opposition\\\"\"},{\"@type\":\"BreadcrumbList\",\"@id\":\"https:\\\/\\\/www.webdo.tn\\\/fr\\\/actualite\\\/national\\\/conspiration-contre-la-securite-de-l-etat-a-hammami-accuse-le-pouvoir-de-saper-l-opposition\\\/203953\\\/#breadcrumb\",\"itemListElement\":[{\"@type\":\"ListItem\",\"position\":1,\"name\":\"Accueil\",\"item\":\"https:\\\/\\\/www.webdo.tn\\\/fr\\\/\"},{\"@type\":\"ListItem\",\"position\":2,\"name\":\"\u00ab\u00a0Conspiration contre la s\u00e9curit\u00e9 de l&rsquo;Etat\u00a0\u00bb : A. Hammami accuse le pouvoir de \u00ab\u00a0saper l&rsquo;opposition\u00a0\u00bb\"}]},{\"@type\":\"WebSite\",\"@id\":\"https:\\\/\\\/www.webdo.tn\\\/fr\\\/#website\",\"url\":\"https:\\\/\\\/www.webdo.tn\\\/fr\\\/\",\"name\":\"webdo\",\"description\":\"Tunisie - News en Tunisie et \u00e0 l&#039;international sur Webdo.tn\",\"publisher\":{\"@id\":\"https:\\\/\\\/www.webdo.tn\\\/fr\\\/#organization\"},\"potentialAction\":[{\"@type\":\"SearchAction\",\"target\":{\"@type\":\"EntryPoint\",\"urlTemplate\":\"https:\\\/\\\/www.webdo.tn\\\/fr\\\/?s={search_term_string}\"},\"query-input\":{\"@type\":\"PropertyValueSpecification\",\"valueRequired\":true,\"valueName\":\"search_term_string\"}}],\"inLanguage\":\"fr-FR\"},{\"@type\":\"Organization\",\"@id\":\"https:\\\/\\\/www.webdo.tn\\\/fr\\\/#organization\",\"name\":\"Webdo\",\"alternateName\":\"Webdo.tn\",\"url\":\"https:\\\/\\\/www.webdo.tn\\\/fr\\\/\",\"logo\":{\"@type\":\"ImageObject\",\"inLanguage\":\"fr-FR\",\"@id\":\"https:\\\/\\\/www.webdo.tn\\\/fr\\\/#\\\/schema\\\/logo\\\/image\\\/\",\"url\":\"https:\\\/\\\/www.webdo.tn\\\/fr\\\/wp-content\\\/uploads\\\/2025\\\/06\\\/Webdo-Tunisie_168377.jpg\",\"contentUrl\":\"https:\\\/\\\/www.webdo.tn\\\/fr\\\/wp-content\\\/uploads\\\/2025\\\/06\\\/Webdo-Tunisie_168377.jpg\",\"width\":301,\"height\":301,\"caption\":\"Webdo\"},\"image\":{\"@id\":\"https:\\\/\\\/www.webdo.tn\\\/fr\\\/#\\\/schema\\\/logo\\\/image\\\/\"},\"sameAs\":[\"https:\\\/\\\/www.facebook.com\\\/webdotn\",\"https:\\\/\\\/x.com\\\/webdo_tn\"],\"description\":\"Webdo est un m\u00e9dia num\u00e9rique tunisien fond\u00e9 en 2010, sp\u00e9cialis\u00e9 dans l\u2019actualit\u00e9 nationale et internationale, l\u2019\u00e9conomie, la soci\u00e9t\u00e9 et les analyses politiques. Le site s\u2019adresse \u00e0 un large public francophone et couvre l\u2019information tunisienne en temps r\u00e9el.\",\"email\":\"redac@webdo.tn\",\"legalName\":\"YNJ SARL\",\"foundingDate\":\"2010-09-06\",\"numberOfEmployees\":{\"@type\":\"QuantitativeValue\",\"minValue\":\"11\",\"maxValue\":\"50\"}},{\"@type\":\"Person\",\"@id\":\"https:\\\/\\\/www.webdo.tn\\\/fr\\\/#\\\/schema\\\/person\\\/2c4929cbf5a809e3bd38617c6ce150f6\",\"name\":\"MC\",\"image\":{\"@type\":\"ImageObject\",\"inLanguage\":\"fr-FR\",\"@id\":\"https:\\\/\\\/secure.gravatar.com\\\/avatar\\\/a545bbb6f84efdd5553dbbc2895e3ca8f1d12c5215e00a041c9670b54aa9b18a?s=96&d=mm&r=g\",\"url\":\"https:\\\/\\\/secure.gravatar.com\\\/avatar\\\/a545bbb6f84efdd5553dbbc2895e3ca8f1d12c5215e00a041c9670b54aa9b18a?s=96&d=mm&r=g\",\"contentUrl\":\"https:\\\/\\\/secure.gravatar.com\\\/avatar\\\/a545bbb6f84efdd5553dbbc2895e3ca8f1d12c5215e00a041c9670b54aa9b18a?s=96&d=mm&r=g\",\"caption\":\"MC\"},\"url\":\"https:\\\/\\\/www.webdo.tn\\\/fr\\\/actualite\\\/author\\\/mc\\\/\"}]}<\/script>\n<!-- \/ Yoast SEO Premium plugin. -->","yoast_head_json":{"title":"Conspiration contre la s\u00e9curit\u00e9 de l'Etat : A. Hammami accuse le pouvoir de saper l'opposition","description":"Retour sur l\u2019affaire de conspiration contre la s\u00e9curit\u00e9 int\u00e9rieure de l'Etat avec une conf\u00e9rence de presse tenue ce mercredi 15 mars 2023 par le comit\u00e9 de d\u00e9f...","canonical":"https:\/\/www.webdo.tn\/fr\/actualite\/national\/conspiration-contre-la-securite-de-l-etat-a-hammami-accuse-le-pouvoir-de-saper-l-opposition\/203953\/","og_locale":"fr_FR","og_type":"article","og_title":"\"Conspiration contre la s\u00e9curit\u00e9 de l'Etat\" : A. Hammami accuse le pouvoir de \"saper l'opposition\"","og_description":"Retour sur l\u2019affaire de conspiration contre la s\u00e9curit\u00e9 int\u00e9rieure de l'Etat avec une conf\u00e9rence de presse tenue ce mercredi 15 mars 2023 par le comit\u00e9 de d\u00e9f...","og_url":"https:\/\/www.webdo.tn\/fr\/actualite\/national\/conspiration-contre-la-securite-de-l-etat-a-hammami-accuse-le-pouvoir-de-saper-l-opposition\/203953\/","og_site_name":"webdo","article_publisher":"https:\/\/www.facebook.com\/webdotn","article_published_time":"2023-03-15T16:30:00+00:00","article_modified_time":"2025-05-20T22:08:06+00:00","og_image":[{"width":562,"height":300,"url":"https:\/\/www.webdo.tn\/fr\/wp-content\/uploads\/2023\/03\/6407be6c0be613af1f5fdb03bd066f0d.jpg","type":"image\/jpeg"}],"author":"MC","twitter_card":"summary_large_image","twitter_creator":"@webdo_tn","twitter_site":"@webdo_tn","twitter_misc":{"\u00c9crit par":"MC","Dur\u00e9e de lecture estim\u00e9e":"2 minutes"},"schema":{"@context":"https:\/\/schema.org","@graph":[{"@type":"NewsArticle","@id":"https:\/\/www.webdo.tn\/fr\/actualite\/national\/conspiration-contre-la-securite-de-l-etat-a-hammami-accuse-le-pouvoir-de-saper-l-opposition\/203953\/#article","isPartOf":{"@id":"https:\/\/www.webdo.tn\/fr\/actualite\/national\/conspiration-contre-la-securite-de-l-etat-a-hammami-accuse-le-pouvoir-de-saper-l-opposition\/203953\/"},"author":{"name":"MC","@id":"https:\/\/www.webdo.tn\/fr\/#\/schema\/person\/2c4929cbf5a809e3bd38617c6ce150f6"},"headline":"\u00ab\u00a0Conspiration contre la s\u00e9curit\u00e9 de l&rsquo;Etat\u00a0\u00bb : A. Hammami accuse le pouvoir de \u00ab\u00a0saper l&rsquo;opposition\u00a0\u00bb","datePublished":"2023-03-15T16:30:00+00:00","dateModified":"2025-05-20T22:08:06+00:00","mainEntityOfPage":{"@id":"https:\/\/www.webdo.tn\/fr\/actualite\/national\/conspiration-contre-la-securite-de-l-etat-a-hammami-accuse-le-pouvoir-de-saper-l-opposition\/203953\/"},"wordCount":354,"commentCount":0,"publisher":{"@id":"https:\/\/www.webdo.tn\/fr\/#organization"},"image":{"@id":"https:\/\/www.webdo.tn\/fr\/actualite\/national\/conspiration-contre-la-securite-de-l-etat-a-hammami-accuse-le-pouvoir-de-saper-l-opposition\/203953\/#primaryimage"},"thumbnailUrl":"https:\/\/www.webdo.tn\/fr\/wp-content\/uploads\/2023\/03\/6407be6c0be613af1f5fdb03bd066f0d.jpg","keywords":["accus\u00e9s","Ayachi Hammami","s\u00e9curit\u00e9"],"articleSection":["National"],"inLanguage":"fr-FR"},{"@type":"WebPage","@id":"https:\/\/www.webdo.tn\/fr\/actualite\/national\/conspiration-contre-la-securite-de-l-etat-a-hammami-accuse-le-pouvoir-de-saper-l-opposition\/203953\/","url":"https:\/\/www.webdo.tn\/fr\/actualite\/national\/conspiration-contre-la-securite-de-l-etat-a-hammami-accuse-le-pouvoir-de-saper-l-opposition\/203953\/","name":"Conspiration contre la s\u00e9curit\u00e9 de l'Etat : A. Hammami accuse le pouvoir de saper l'opposition","isPartOf":{"@id":"https:\/\/www.webdo.tn\/fr\/#website"},"primaryImageOfPage":{"@id":"https:\/\/www.webdo.tn\/fr\/actualite\/national\/conspiration-contre-la-securite-de-l-etat-a-hammami-accuse-le-pouvoir-de-saper-l-opposition\/203953\/#primaryimage"},"image":{"@id":"https:\/\/www.webdo.tn\/fr\/actualite\/national\/conspiration-contre-la-securite-de-l-etat-a-hammami-accuse-le-pouvoir-de-saper-l-opposition\/203953\/#primaryimage"},"thumbnailUrl":"https:\/\/www.webdo.tn\/fr\/wp-content\/uploads\/2023\/03\/6407be6c0be613af1f5fdb03bd066f0d.jpg","datePublished":"2023-03-15T16:30:00+00:00","dateModified":"2025-05-20T22:08:06+00:00","description":"Retour sur l\u2019affaire de conspiration contre la s\u00e9curit\u00e9 int\u00e9rieure de l'Etat avec une conf\u00e9rence de presse tenue ce mercredi 15 mars 2023 par le comit\u00e9 de d\u00e9f...","breadcrumb":{"@id":"https:\/\/www.webdo.tn\/fr\/actualite\/national\/conspiration-contre-la-securite-de-l-etat-a-hammami-accuse-le-pouvoir-de-saper-l-opposition\/203953\/#breadcrumb"},"inLanguage":"fr-FR","potentialAction":[{"@type":"ReadAction","target":["https:\/\/www.webdo.tn\/fr\/actualite\/national\/conspiration-contre-la-securite-de-l-etat-a-hammami-accuse-le-pouvoir-de-saper-l-opposition\/203953\/"]}]},{"@type":"ImageObject","inLanguage":"fr-FR","@id":"https:\/\/www.webdo.tn\/fr\/actualite\/national\/conspiration-contre-la-securite-de-l-etat-a-hammami-accuse-le-pouvoir-de-saper-l-opposition\/203953\/#primaryimage","url":"https:\/\/www.webdo.tn\/fr\/wp-content\/uploads\/2023\/03\/6407be6c0be613af1f5fdb03bd066f0d.jpg","contentUrl":"https:\/\/www.webdo.tn\/fr\/wp-content\/uploads\/2023\/03\/6407be6c0be613af1f5fdb03bd066f0d.jpg","width":562,"height":300,"caption":"\"Conspiration contre la s\u00e9curit\u00e9 de l'Etat\" : A. Hammami accuse le pouvoir de \"saper l'opposition\""},{"@type":"BreadcrumbList","@id":"https:\/\/www.webdo.tn\/fr\/actualite\/national\/conspiration-contre-la-securite-de-l-etat-a-hammami-accuse-le-pouvoir-de-saper-l-opposition\/203953\/#breadcrumb","itemListElement":[{"@type":"ListItem","position":1,"name":"Accueil","item":"https:\/\/www.webdo.tn\/fr\/"},{"@type":"ListItem","position":2,"name":"\u00ab\u00a0Conspiration contre la s\u00e9curit\u00e9 de l&rsquo;Etat\u00a0\u00bb : A. Hammami accuse le pouvoir de \u00ab\u00a0saper l&rsquo;opposition\u00a0\u00bb"}]},{"@type":"WebSite","@id":"https:\/\/www.webdo.tn\/fr\/#website","url":"https:\/\/www.webdo.tn\/fr\/","name":"webdo","description":"Tunisie - News en Tunisie et \u00e0 l&#039;international sur Webdo.tn","publisher":{"@id":"https:\/\/www.webdo.tn\/fr\/#organization"},"potentialAction":[{"@type":"SearchAction","target":{"@type":"EntryPoint","urlTemplate":"https:\/\/www.webdo.tn\/fr\/?s={search_term_string}"},"query-input":{"@type":"PropertyValueSpecification","valueRequired":true,"valueName":"search_term_string"}}],"inLanguage":"fr-FR"},{"@type":"Organization","@id":"https:\/\/www.webdo.tn\/fr\/#organization","name":"Webdo","alternateName":"Webdo.tn","url":"https:\/\/www.webdo.tn\/fr\/","logo":{"@type":"ImageObject","inLanguage":"fr-FR","@id":"https:\/\/www.webdo.tn\/fr\/#\/schema\/logo\/image\/","url":"https:\/\/www.webdo.tn\/fr\/wp-content\/uploads\/2025\/06\/Webdo-Tunisie_168377.jpg","contentUrl":"https:\/\/www.webdo.tn\/fr\/wp-content\/uploads\/2025\/06\/Webdo-Tunisie_168377.jpg","width":301,"height":301,"caption":"Webdo"},"image":{"@id":"https:\/\/www.webdo.tn\/fr\/#\/schema\/logo\/image\/"},"sameAs":["https:\/\/www.facebook.com\/webdotn","https:\/\/x.com\/webdo_tn"],"description":"Webdo est un m\u00e9dia num\u00e9rique tunisien fond\u00e9 en 2010, sp\u00e9cialis\u00e9 dans l\u2019actualit\u00e9 nationale et internationale, l\u2019\u00e9conomie, la soci\u00e9t\u00e9 et les analyses politiques. Le site s\u2019adresse \u00e0 un large public francophone et couvre l\u2019information tunisienne en temps r\u00e9el.","email":"redac@webdo.tn","legalName":"YNJ SARL","foundingDate":"2010-09-06","numberOfEmployees":{"@type":"QuantitativeValue","minValue":"11","maxValue":"50"}},{"@type":"Person","@id":"https:\/\/www.webdo.tn\/fr\/#\/schema\/person\/2c4929cbf5a809e3bd38617c6ce150f6","name":"MC","image":{"@type":"ImageObject","inLanguage":"fr-FR","@id":"https:\/\/secure.gravatar.com\/avatar\/a545bbb6f84efdd5553dbbc2895e3ca8f1d12c5215e00a041c9670b54aa9b18a?s=96&d=mm&r=g","url":"https:\/\/secure.gravatar.com\/avatar\/a545bbb6f84efdd5553dbbc2895e3ca8f1d12c5215e00a041c9670b54aa9b18a?s=96&d=mm&r=g","contentUrl":"https:\/\/secure.gravatar.com\/avatar\/a545bbb6f84efdd5553dbbc2895e3ca8f1d12c5215e00a041c9670b54aa9b18a?s=96&d=mm&r=g","caption":"MC"},"url":"https:\/\/www.webdo.tn\/fr\/actualite\/author\/mc\/"}]}},"_links":{"self":[{"href":"https:\/\/www.webdo.tn\/fr\/wp-json\/wp\/v2\/posts\/203953","targetHints":{"allow":["GET"]}}],"collection":[{"href":"https:\/\/www.webdo.tn\/fr\/wp-json\/wp\/v2\/posts"}],"about":[{"href":"https:\/\/www.webdo.tn\/fr\/wp-json\/wp\/v2\/types\/post"}],"author":[{"embeddable":true,"href":"https:\/\/www.webdo.tn\/fr\/wp-json\/wp\/v2\/users\/3162"}],"replies":[{"embeddable":true,"href":"https:\/\/www.webdo.tn\/fr\/wp-json\/wp\/v2\/comments?post=203953"}],"version-history":[{"count":0,"href":"https:\/\/www.webdo.tn\/fr\/wp-json\/wp\/v2\/posts\/203953\/revisions"}],"wp:featuredmedia":[{"embeddable":true,"href":"https:\/\/www.webdo.tn\/fr\/wp-json\/wp\/v2\/media\/277913"}],"wp:attachment":[{"href":"https:\/\/www.webdo.tn\/fr\/wp-json\/wp\/v2\/media?parent=203953"}],"wp:term":[{"taxonomy":"category","embeddable":true,"href":"https:\/\/www.webdo.tn\/fr\/wp-json\/wp\/v2\/categories?post=203953"},{"taxonomy":"post_tag","embeddable":true,"href":"https:\/\/www.webdo.tn\/fr\/wp-json\/wp\/v2\/tags?post=203953"}],"curies":[{"name":"wp","href":"https:\/\/api.w.org\/{rel}","templated":true}]}}